{"id":12610,"date":"2023-12-12T10:22:39","date_gmt":"2023-12-12T09:22:39","guid":{"rendered":"https:\/\/prod-migration-second.local\/?p=12610"},"modified":"2025-12-02T11:34:04","modified_gmt":"2025-12-02T10:34:04","slug":"frais-professionnels-fin-annee","status":"publish","type":"post","link":"https:\/\/www.accountable.eu\/fr-be\/blog\/frais-professionnels-fin-annee\/","title":{"rendered":"Optimisez vos imp\u00f4ts : 5 frais professionnels malins pour la fin de l&rsquo;ann\u00e9e"},"content":{"rendered":"\n<p><strong>Vous avez pass\u00e9 une bonne ann\u00e9e ? Alors que la fin de l&rsquo;ann\u00e9e approche, vous avez peut-\u00eatre envie de vous r\u00e9compenser pour tout votre dur travail. Ou peut-\u00eatre venez-vous de r\u00e9aliser combien vous devrez payer d&rsquo;imp\u00f4ts sur vos revenus de cette ann\u00e9e, et vous avez d\u00e9cid\u00e9 qu&rsquo;il est temps de faire rapidement quelques d\u00e9penses professionnelles.<\/strong><\/p>\n\n\n\n<p><strong>Mais pour \u00eatre clair : m\u00eame si, au final, vous paierez moins d&rsquo;imp\u00f4ts en d\u00e9clarant des frais professionnels, ces d\u00e9penses seront d\u00e9duites directement de vos revenus. Donc, faites-vous plaisir avec des achats qui apportent une r\u00e9elle valeur ajout\u00e9e \u00e0 votre entreprise, car c&rsquo;est seulement ainsi qu&rsquo;ils seront d\u00e9ductibles fiscalement et donc int\u00e9ressants.<\/strong><\/p>\n\n\n\n<h2 class=\"wp-block-heading\"><strong>Astuce 1 : Un nouveau smartphone ou ordinateur portable \ud83d\udcf1<\/strong><\/h2>\n\n\n\n<p>De nos jours, chaque ind\u00e9pendant a besoin d&rsquo;un smartphone et d&rsquo;un ordinateur portable pour mener ses affaires. Vous utilisez votre t\u00e9l\u00e9phone pour communiquer avec les clients et votre ordinateur pour \u00e9mettre des factures et concr\u00e9tiser des projets. <strong>Ces investissements am\u00e9liorent ind\u00e9niablement votre efficacit\u00e9<\/strong>. On n&rsquo;y pense pas forc\u00e9ment jusqu&rsquo;\u00e0 ce que l&rsquo;ordinateur ou le t\u00e9l\u00e9phone commence \u00e0 ralentir. Et si vous voulez r\u00e9duire un peu l&rsquo;impact fiscal sur vos revenus de cette ann\u00e9e, c&rsquo;est peut-\u00eatre le moment id\u00e9al pour effectuer cet achat.<\/p>\n\n\n\n<p>D&rsquo;ailleurs, de nos jours, vous n&rsquo;\u00eates plus oblig\u00e9 d&rsquo;attendre les soldes de janvier. Les magasins proposent \u00e9galement de belles promotions vers la fin de l&rsquo;ann\u00e9e. Aucun commer\u00e7ant ne veut rater vos achats de fin d&rsquo;ann\u00e9e, que ce soit pour vos cadeaux de No\u00ebl ou pour un nouveau t\u00e9l\u00e9phone pour vous-m\u00eame.<\/p>\n\n\n\n<p>\ud83d\udca1<strong>Conseil Accountable<\/strong> : V\u00e9rifiez tout de m\u00eame si votre appareil actuel est <a href=\"https:\/\/www.accountable.eu\/fr-be\/blog\/amortir-des-couts-quand-et-comment\/\">amorti<\/a>. En g\u00e9n\u00e9ral, vous amortissez un t\u00e9l\u00e9phone ou un ordinateur portable sur 3 ans. \u00c0 moins que vous n&rsquo;ayez bien s\u00fbr une bonne raison d&rsquo;acheter un deuxi\u00e8me t\u00e9l\u00e9phone ou ordinateur pour votre entreprise.<\/p>\n\n\n\n<h2 class=\"wp-block-heading\"><strong>Astuce 2 : Cette formation que vous attendiez depuis si longtemps \ud83e\uddd1\u200d\ud83c\udf93<\/strong><\/h2>\n\n\n\n<p><strong>Les formations et les congr\u00e8s <\/strong>sont souvent tr\u00e8s pr\u00e9cieux pour votre entreprise. Vous n&rsquo;apprenez pas seulement de nouvelles choses, mais vous rencontrez \u00e9galement des coll\u00e8gues, des personnes partageant les m\u00eames id\u00e9es, des partenaires potentiels et m\u00eame des clients potentiels.<\/p>\n\n\n\n<p>Pourtant, ce genre d&rsquo;\u00e9v\u00e9nements est souvent co\u00fbteux. Il y a non seulement les frais de participation, mais aussi les frais de d\u00e9placement et \u00e9ventuellement d&rsquo;h\u00e9bergement. En plus de cela, il y a le temps pendant lequel vous ne vous concentrez pas sur vos affaires quotidiennes et vos d\u00e9lais. Il est donc logique d&rsquo;avoir des doutes.<\/p>\n\n\n\n<p>Pensez \u00e0 la valeur ajout\u00e9e que ce congr\u00e8s vous apportera dans les ann\u00e9es \u00e0 venir, en tenant compte \u00e9galement de la r\u00e9duction d&rsquo;imp\u00f4t. Si vous \u00e9valuez ces deux facteurs par rapport au co\u00fbt, vous saurez si c&rsquo;est un <strong>investissement qui vaut la peine <\/strong>ou non.<\/p>\n\n\n\n<p>Il est d&rsquo;ailleurs fort probable que vous effectuiez la d\u00e9pense aujourd&rsquo;hui, &#8211; et donc b\u00e9n\u00e9ficiez de l&rsquo;avantage fiscal -, alors que vous ne devrez r\u00e9ellement lib\u00e9rer du temps pour cet \u00e9v\u00e9nement que l&rsquo;ann\u00e9e prochaine. Cela pourrait vous aider \u00e0 prendre votre d\u00e9cision.<\/p>\n\n\n\n<h2 class=\"wp-block-heading\"><strong>Astuce 3 : Un appareil photo ou une lentille optique \ud83d\udcf7<\/strong><\/h2>\n\n\n\n<p>Vous d\u00e9mangeait-il depuis un moment d&rsquo;acheter cet <strong>appareil photo professionnel, cette lentille sp\u00e9ciale ou ce logiciel graphique <\/strong>co\u00fbteux ? Alors c&rsquo;est peut-\u00eatre le bon moment, maintenant que cet argent irait de toute fa\u00e7on aux imp\u00f4ts.<\/p>\n\n\n\n<p>Si vous \u00eates dans le domaine graphique, vous pouvez d\u00e9duire \u00e0 100% cet achat d&rsquo;appareil photo. Si vous n&rsquo;\u00eates pas graphiste ou photographe, mais utilisez l&rsquo;appareil photo pour le <strong>marketing de votre entreprise<\/strong>, par exemple pour illustrer votre entreprise sur votre site web ou sur les r\u00e9seaux sociaux ? M\u00eame dans ce cas, cet achat est d\u00e9ductible fiscalement \u00e0 100%.<\/p>\n\n\n\n<p>Bien s\u00fbr, vous devez pouvoir prouver que vous utilisez cet \u00e9quipement de mani\u00e8re professionnelle, par exemple en publiant r\u00e9guli\u00e8rement des photos ou des vid\u00e9os en ligne. Si vous utilisez \u00e9galement l&rsquo;appareil photo \u00e0 des fins personnelles, vous ne pourrez d\u00e9duire ces achats que partiellement, en fonction de leur utilisation professionnelle.<\/p>\n\n\n\n<h2 class=\"wp-block-heading\"><strong>Astuce 4 : L&rsquo;am\u00e9nagement de votre bureau \ud83d\udecb<\/strong><\/h2>\n\n\n\n<p>Vous avez commenc\u00e9 en tant qu&rsquo;ind\u00e9pendant \u00e0 votre table de cuisine ou dans votre salon et vous pensez \u00e0 vous offrir votre propre <strong>bureau<\/strong>, peut-\u00eatre m\u00eame ergonomique ? Dans ce cas, vous pouvez d\u00e9duire les co\u00fbts li\u00e9s \u00e0 son am\u00e9nagement de vos imp\u00f4ts.<\/p>\n\n\n\n<p>L&rsquo;achat de votre mobilier de <strong>bureau, de votre chaise de bureau, de votre mat\u00e9riel de bureau, voire m\u00eame de la d\u00e9coration et des plantes<\/strong> pour votre espace de travail \u00e0 domicile sont d\u00e9ductibles fiscalement \u00e0 100%. Cela vous permettra de travailler de mani\u00e8re plus efficace tout en <strong>r\u00e9duisant vos imp\u00f4ts.<\/strong><\/p>\n\n\n\n<p>N&rsquo;oubliez pas non plus d&rsquo;inclure l&rsquo;assurance de votre domicile et une partie de votre \u00e9lectricit\u00e9 dans vos frais. Pour ces <a href=\"https:\/\/www.accountable.eu\/fr-be\/blog\/frais-mixtes-complementaire\/\">frais mixtes<\/a>, utilisez la surface que votre bureau occupe dans votre maison comme cl\u00e9 de r\u00e9partition.<\/p>\n\n\n\n<h2 class=\"wp-block-heading\"><strong>Astuce 5 : Soutenez une bonne cause<\/strong><\/h2>\n\n\n\n<p>La p\u00e9riode de No\u00ebl et la fin de l&rsquo;ann\u00e9e sont synonymes d&rsquo;amour et de chaleur. Et ceux qui ont moins de facilit\u00e9s m\u00e9ritent \u00e9galement une belle fin d&rsquo;ann\u00e9e. Pour all\u00e9ger la pression fiscale, vous pouvez envisager de faire un don \u00e0 une \u0153uvre caritative.<\/p>\n\n\n\n<p>Notez toutefois qu&rsquo;un don <strong>n&rsquo;est pas une d\u00e9pense professionnelle<\/strong>, mais une d\u00e9pense priv\u00e9e. En effet, les frais professionnels sont des frais qui vous aident \u00e0 d\u00e9velopper votre entreprise, ce qui n&rsquo;est pas le cas d&rsquo;un don. N\u00e9anmoins, vous pouvez b\u00e9n\u00e9ficier d&rsquo;une <strong>r\u00e9duction d&rsquo;imp\u00f4t sur votre imp\u00f4t personnel<\/strong>.<\/p>\n\n\n\n<p><strong>Les dons aux organismes de bienfaisance reconnus sont d\u00e9ductibles fiscalement. \u00c0 partir de 40 \u20ac, vous recevez un re\u00e7u fiscal, et votre don est alors d\u00e9ductible \u00e0 45%. <\/strong>Cependant, la d\u00e9ductibilit\u00e9 fiscale du don est limit\u00e9e \u00e0 10% de votre revenu imposable.<\/p>\n\n\n\n<p><em>Un don de 100,00 \u20ac \u00e0 une \u0153uvre caritative telle que le Fonds contre le Cancer infantile ne vous co\u00fbtera en r\u00e9alit\u00e9 que 55,00 \u20ac.<\/em><\/p>\n\n\n\n<p>En soutenant une \u0153uvre caritative, vous n&rsquo;optimisez pas seulement vos imp\u00f4ts, c&rsquo;est \u00e9galement l&rsquo;occasion de faire quelque chose de bien. Cr\u00e9er de la valeur, non seulement pour vous-m\u00eame mais aussi pour la soci\u00e9t\u00e9, est une motivation importante pour beaucoup d&rsquo;entrepreneurs.<\/p>\n\n\n\n<p>Choisissez donc une cause qui vous tient \u00e0 c\u0153ur. Une organisation qui d\u00e9fend des enjeux qui vous tiennent vraiment \u00e0 c\u0153ur et o\u00f9 vous pouvez clairement voir l&rsquo;impact positif. Dans ce cas, l&rsquo;avantage fiscal n&rsquo;est qu&rsquo;un bonus bienvenu. <em>Faites que \u00e7a compte.<\/em> \u2728<\/p>\n\n\n\n<p><strong>Vous vous demandez combien d&rsquo;avantages fiscaux vous apportera une d\u00e9pense professionnelle ? Dans l&rsquo;application Accountable, vous pouvez voir l&rsquo;impact sur vos imp\u00f4ts apr\u00e8s chaque d\u00e9pense comptabilis\u00e9e. Chaque achat devient ainsi une double r\u00e9compense : des imp\u00f4ts plus bas et des achats qui font progresser vous et votre entreprise.<\/strong><\/p>\n\n\n\n<p><em>Besoin d&rsquo;inspiration suppl\u00e9mentaire ? Sur <\/em><a href=\"https:\/\/www.fraispro.be\/\"><em>fraispro.be<\/em><\/a><em>, vous pouvez explorer plus de 115 frais professionnels int\u00e9ressants pour r\u00e9duire votre charge fiscale.<\/em><\/p>\n\n\n\n<p>Accountable vous souhaite de bonnes affaires et de joyeuses f\u00eates. \ud83e\udd42<\/p>\n","protected":false},"excerpt":{"rendered":"<p>Vous avez pass\u00e9 une bonne ann\u00e9e ? Alors que la fin de l&rsquo;ann\u00e9e approche, vous avez peut-\u00eatre envie de vous r\u00e9compenser pour tout votre dur travail. Ou peut-\u00eatre venez-vous de r\u00e9aliser combien vous devrez payer d&rsquo;imp\u00f4ts sur vos revenus de cette ann\u00e9e, et vous avez d\u00e9cid\u00e9 qu&rsquo;il est temps de faire rapidement quelques d\u00e9penses professionnelles. [&hellip;]<\/p>\n","protected":false},"author":24,"featured_media":8514,"comment_status":"closed","ping_status":"closed","sticky":false,"template":"","format":"standard","meta":{"inline_featured_image":false,"footnotes":""},"categories":[287,296],"tags":[298,307,310,312],"class_list":["post-12610","post","type-post","status-publish","format-standard","has-post-thumbnail","hentry","category-deduire-vos-frais-professionnels","category-tips-pour-votre-business","tag-activite-complementaire","tag-frais-professionnels","tag-impots","tag-independant"],"acf":[],"yoast_head":"<!-- This site is optimized with the Yoast SEO plugin v27.4 - https:\/\/yoast.com\/product\/yoast-seo-wordpress\/ -->\n<title>5 Frais professionnels malins pour la fin de l&#039;ann\u00e9e ! - Accountable<\/title>\n<meta name=\"description\" content=\"Vous avez pass\u00e9 une bonne ann\u00e9e ? Peut-\u00eatre est-il temps d&#039;envisager quelques d\u00e9penses professionnelles judicieuses. Accountable vous donne des conseils et vous montre l&#039;impact de chaque d\u00e9pense sur vos imp\u00f4ts.\" \/>\n<meta name=\"robots\" content=\"index, follow, max-snippet:-1, max-image-preview:large, max-video-preview:-1\" \/>\n<link rel=\"canonical\" href=\"https:\/\/www.accountable.eu\/fr-be\/blog\/frais-professionnels-fin-annee\/\" \/>\n<meta property=\"og:locale\" content=\"fr_FR\" \/>\n<meta property=\"og:type\" content=\"article\" \/>\n<meta property=\"og:title\" content=\"5 Frais professionnels malins pour la fin de l&#039;ann\u00e9e ! - Accountable\" \/>\n<meta property=\"og:description\" content=\"Vous avez pass\u00e9 une bonne ann\u00e9e ? Peut-\u00eatre est-il temps d&#039;envisager quelques d\u00e9penses professionnelles judicieuses. Accountable vous donne des conseils et vous montre l&#039;impact de chaque d\u00e9pense sur vos imp\u00f4ts.\" \/>\n<meta property=\"og:url\" content=\"https:\/\/www.accountable.eu\/fr-be\/blog\/frais-professionnels-fin-annee\/\" \/>\n<meta property=\"og:site_name\" content=\"Accountable\" \/>\n<meta property=\"article:published_time\" content=\"2023-12-12T09:22:39+00:00\" \/>\n<meta property=\"article:modified_time\" content=\"2025-12-02T10:34:04+00:00\" \/>\n<meta property=\"og:image\" content=\"https:\/\/www.accountable.eu\/wp-content\/uploads\/2023\/11\/beroepskosten-eindejaar.png\" \/>\n\t<meta property=\"og:image:width\" content=\"686\" \/>\n\t<meta property=\"og:image:height\" content=\"400\" \/>\n\t<meta property=\"og:image:type\" content=\"image\/png\" \/>\n<meta name=\"author\" content=\"Valesca\" \/>\n<meta name=\"twitter:card\" content=\"summary_large_image\" \/>\n<meta name=\"twitter:label1\" content=\"\u00c9crit par\" \/>\n\t<meta name=\"twitter:data1\" content=\"Valesca\" \/>\n\t<meta name=\"twitter:label2\" content=\"Dur\u00e9e de lecture est.\" \/>\n\t<meta name=\"twitter:data2\" content=\"5 minutes\" \/>\n<script type=\"application\/ld+json\" class=\"yoast-schema-graph\">{\"@context\":\"https:\\\/\\\/schema.org\",\"@graph\":[{\"@type\":\"Article\",\"@id\":\"https:\\\/\\\/www.accountable.eu\\\/fr-be\\\/blog\\\/frais-professionnels-fin-annee\\\/#article\",\"isPartOf\":{\"@id\":\"https:\\\/\\\/www.accountable.eu\\\/fr-be\\\/blog\\\/frais-professionnels-fin-annee\\\/\"},\"author\":{\"name\":\"Valesca\",\"@id\":\"https:\\\/\\\/www.accountable.eu\\\/fr-be\\\/#\\\/schema\\\/person\\\/e9b420257ec5e7ac236d337e8c3aa7ad\"},\"headline\":\"Optimisez vos imp\u00f4ts : 5 frais professionnels malins pour la fin de l&rsquo;ann\u00e9e\",\"datePublished\":\"2023-12-12T09:22:39+00:00\",\"dateModified\":\"2025-12-02T10:34:04+00:00\",\"mainEntityOfPage\":{\"@id\":\"https:\\\/\\\/www.accountable.eu\\\/fr-be\\\/blog\\\/frais-professionnels-fin-annee\\\/\"},\"wordCount\":1274,\"publisher\":{\"@id\":\"https:\\\/\\\/www.accountable.eu\\\/fr-be\\\/#organization\"},\"image\":{\"@id\":\"https:\\\/\\\/www.accountable.eu\\\/fr-be\\\/blog\\\/frais-professionnels-fin-annee\\\/#primaryimage\"},\"thumbnailUrl\":\"https:\\\/\\\/www.accountable.eu\\\/wp-content\\\/uploads\\\/2023\\\/11\\\/beroepskosten-eindejaar.png\",\"keywords\":[\"Activit\u00e9 compl\u00e9mentaire\",\"Frais pro\",\"Imp\u00f4ts\",\"Ind\u00e9pendant \u00e0 titre principal\"],\"articleSection\":[\"Frais professionnels\",\"Tips pour votre business\"],\"inLanguage\":\"fr-BE\"},{\"@type\":\"WebPage\",\"@id\":\"https:\\\/\\\/www.accountable.eu\\\/fr-be\\\/blog\\\/frais-professionnels-fin-annee\\\/\",\"url\":\"https:\\\/\\\/www.accountable.eu\\\/fr-be\\\/blog\\\/frais-professionnels-fin-annee\\\/\",\"name\":\"5 Frais professionnels malins pour la fin de l'ann\u00e9e ! - Accountable\",\"isPartOf\":{\"@id\":\"https:\\\/\\\/www.accountable.eu\\\/fr-be\\\/#website\"},\"primaryImageOfPage\":{\"@id\":\"https:\\\/\\\/www.accountable.eu\\\/fr-be\\\/blog\\\/frais-professionnels-fin-annee\\\/#primaryimage\"},\"image\":{\"@id\":\"https:\\\/\\\/www.accountable.eu\\\/fr-be\\\/blog\\\/frais-professionnels-fin-annee\\\/#primaryimage\"},\"thumbnailUrl\":\"https:\\\/\\\/www.accountable.eu\\\/wp-content\\\/uploads\\\/2023\\\/11\\\/beroepskosten-eindejaar.png\",\"datePublished\":\"2023-12-12T09:22:39+00:00\",\"dateModified\":\"2025-12-02T10:34:04+00:00\",\"description\":\"Vous avez pass\u00e9 une bonne ann\u00e9e ? Peut-\u00eatre est-il temps d'envisager quelques d\u00e9penses professionnelles judicieuses. Accountable vous donne des conseils et vous montre l'impact de chaque d\u00e9pense sur vos imp\u00f4ts.\",\"breadcrumb\":{\"@id\":\"https:\\\/\\\/www.accountable.eu\\\/fr-be\\\/blog\\\/frais-professionnels-fin-annee\\\/#breadcrumb\"},\"inLanguage\":\"fr-BE\",\"potentialAction\":[{\"@type\":\"ReadAction\",\"target\":[\"https:\\\/\\\/www.accountable.eu\\\/fr-be\\\/blog\\\/frais-professionnels-fin-annee\\\/\"]}]},{\"@type\":\"ImageObject\",\"inLanguage\":\"fr-BE\",\"@id\":\"https:\\\/\\\/www.accountable.eu\\\/fr-be\\\/blog\\\/frais-professionnels-fin-annee\\\/#primaryimage\",\"url\":\"https:\\\/\\\/www.accountable.eu\\\/wp-content\\\/uploads\\\/2023\\\/11\\\/beroepskosten-eindejaar.png\",\"contentUrl\":\"https:\\\/\\\/www.accountable.eu\\\/wp-content\\\/uploads\\\/2023\\\/11\\\/beroepskosten-eindejaar.png\",\"width\":686,\"height\":400,\"caption\":\"Beroepskosten eindejaar\"},{\"@type\":\"BreadcrumbList\",\"@id\":\"https:\\\/\\\/www.accountable.eu\\\/fr-be\\\/blog\\\/frais-professionnels-fin-annee\\\/#breadcrumb\",\"itemListElement\":[{\"@type\":\"ListItem\",\"position\":1,\"name\":\"Home\",\"item\":\"https:\\\/\\\/www.accountable.eu\\\/fr-be\\\/\"},{\"@type\":\"ListItem\",\"position\":2,\"name\":\"Optimisez vos imp\u00f4ts : 5 frais professionnels malins pour la fin de l&#8217;ann\u00e9e\"}]},{\"@type\":\"WebSite\",\"@id\":\"https:\\\/\\\/www.accountable.eu\\\/fr-be\\\/#website\",\"url\":\"https:\\\/\\\/www.accountable.eu\\\/fr-be\\\/\",\"name\":\"Accountable\",\"description\":\"Your accountant and tax advisor on your smartphone\",\"publisher\":{\"@id\":\"https:\\\/\\\/www.accountable.eu\\\/fr-be\\\/#organization\"},\"potentialAction\":[{\"@type\":\"SearchAction\",\"target\":{\"@type\":\"EntryPoint\",\"urlTemplate\":\"https:\\\/\\\/www.accountable.eu\\\/fr-be\\\/?s={search_term_string}\"},\"query-input\":{\"@type\":\"PropertyValueSpecification\",\"valueRequired\":true,\"valueName\":\"search_term_string\"}}],\"inLanguage\":\"fr-BE\"},{\"@type\":\"Organization\",\"@id\":\"https:\\\/\\\/www.accountable.eu\\\/fr-be\\\/#organization\",\"name\":\"Accountable\",\"url\":\"https:\\\/\\\/www.accountable.eu\\\/fr-be\\\/\",\"logo\":{\"@type\":\"ImageObject\",\"inLanguage\":\"fr-BE\",\"@id\":\"https:\\\/\\\/www.accountable.eu\\\/fr-be\\\/#\\\/schema\\\/logo\\\/image\\\/\",\"url\":\"https:\\\/\\\/www.accountable.eu\\\/wp-content\\\/uploads\\\/2026\\\/04\\\/logo-512.png\",\"contentUrl\":\"https:\\\/\\\/www.accountable.eu\\\/wp-content\\\/uploads\\\/2026\\\/04\\\/logo-512.png\",\"width\":512,\"height\":512,\"caption\":\"Accountable\"},\"image\":{\"@id\":\"https:\\\/\\\/www.accountable.eu\\\/fr-be\\\/#\\\/schema\\\/logo\\\/image\\\/\"}},{\"@type\":\"Person\",\"@id\":\"https:\\\/\\\/www.accountable.eu\\\/fr-be\\\/#\\\/schema\\\/person\\\/e9b420257ec5e7ac236d337e8c3aa7ad\",\"name\":\"Valesca\",\"image\":{\"@type\":\"ImageObject\",\"inLanguage\":\"fr-BE\",\"@id\":\"https:\\\/\\\/secure.gravatar.com\\\/avatar\\\/842a00073a87c3c1af38f724115771bae6278a353edd8ee1e85161e791790047?s=96&d=mm&r=g\",\"url\":\"https:\\\/\\\/secure.gravatar.com\\\/avatar\\\/842a00073a87c3c1af38f724115771bae6278a353edd8ee1e85161e791790047?s=96&d=mm&r=g\",\"contentUrl\":\"https:\\\/\\\/secure.gravatar.com\\\/avatar\\\/842a00073a87c3c1af38f724115771bae6278a353edd8ee1e85161e791790047?s=96&d=mm&r=g\",\"caption\":\"Valesca\"}}]}<\/script>\n<!-- \/ Yoast SEO plugin. -->","yoast_head_json":{"title":"5 Frais professionnels malins pour la fin de l'ann\u00e9e ! - Accountable","description":"Vous avez pass\u00e9 une bonne ann\u00e9e ? Peut-\u00eatre est-il temps d'envisager quelques d\u00e9penses professionnelles judicieuses. Accountable vous donne des conseils et vous montre l'impact de chaque d\u00e9pense sur vos imp\u00f4ts.","robots":{"index":"index","follow":"follow","max-snippet":"max-snippet:-1","max-image-preview":"max-image-preview:large","max-video-preview":"max-video-preview:-1"},"canonical":"https:\/\/www.accountable.eu\/fr-be\/blog\/frais-professionnels-fin-annee\/","og_locale":"fr_FR","og_type":"article","og_title":"5 Frais professionnels malins pour la fin de l'ann\u00e9e ! - Accountable","og_description":"Vous avez pass\u00e9 une bonne ann\u00e9e ? Peut-\u00eatre est-il temps d'envisager quelques d\u00e9penses professionnelles judicieuses. Accountable vous donne des conseils et vous montre l'impact de chaque d\u00e9pense sur vos imp\u00f4ts.","og_url":"https:\/\/www.accountable.eu\/fr-be\/blog\/frais-professionnels-fin-annee\/","og_site_name":"Accountable","article_published_time":"2023-12-12T09:22:39+00:00","article_modified_time":"2025-12-02T10:34:04+00:00","og_image":[{"width":686,"height":400,"url":"https:\/\/www.accountable.eu\/wp-content\/uploads\/2023\/11\/beroepskosten-eindejaar.png","type":"image\/png"}],"author":"Valesca","twitter_card":"summary_large_image","twitter_misc":{"\u00c9crit par":"Valesca","Dur\u00e9e de lecture est.":"5 minutes"},"schema":{"@context":"https:\/\/schema.org","@graph":[{"@type":"Article","@id":"https:\/\/www.accountable.eu\/fr-be\/blog\/frais-professionnels-fin-annee\/#article","isPartOf":{"@id":"https:\/\/www.accountable.eu\/fr-be\/blog\/frais-professionnels-fin-annee\/"},"author":{"name":"Valesca","@id":"https:\/\/www.accountable.eu\/fr-be\/#\/schema\/person\/e9b420257ec5e7ac236d337e8c3aa7ad"},"headline":"Optimisez vos imp\u00f4ts : 5 frais professionnels malins pour la fin de l&rsquo;ann\u00e9e","datePublished":"2023-12-12T09:22:39+00:00","dateModified":"2025-12-02T10:34:04+00:00","mainEntityOfPage":{"@id":"https:\/\/www.accountable.eu\/fr-be\/blog\/frais-professionnels-fin-annee\/"},"wordCount":1274,"publisher":{"@id":"https:\/\/www.accountable.eu\/fr-be\/#organization"},"image":{"@id":"https:\/\/www.accountable.eu\/fr-be\/blog\/frais-professionnels-fin-annee\/#primaryimage"},"thumbnailUrl":"https:\/\/www.accountable.eu\/wp-content\/uploads\/2023\/11\/beroepskosten-eindejaar.png","keywords":["Activit\u00e9 compl\u00e9mentaire","Frais pro","Imp\u00f4ts","Ind\u00e9pendant \u00e0 titre principal"],"articleSection":["Frais professionnels","Tips pour votre business"],"inLanguage":"fr-BE"},{"@type":"WebPage","@id":"https:\/\/www.accountable.eu\/fr-be\/blog\/frais-professionnels-fin-annee\/","url":"https:\/\/www.accountable.eu\/fr-be\/blog\/frais-professionnels-fin-annee\/","name":"5 Frais professionnels malins pour la fin de l'ann\u00e9e ! - Accountable","isPartOf":{"@id":"https:\/\/www.accountable.eu\/fr-be\/#website"},"primaryImageOfPage":{"@id":"https:\/\/www.accountable.eu\/fr-be\/blog\/frais-professionnels-fin-annee\/#primaryimage"},"image":{"@id":"https:\/\/www.accountable.eu\/fr-be\/blog\/frais-professionnels-fin-annee\/#primaryimage"},"thumbnailUrl":"https:\/\/www.accountable.eu\/wp-content\/uploads\/2023\/11\/beroepskosten-eindejaar.png","datePublished":"2023-12-12T09:22:39+00:00","dateModified":"2025-12-02T10:34:04+00:00","description":"Vous avez pass\u00e9 une bonne ann\u00e9e ? Peut-\u00eatre est-il temps d'envisager quelques d\u00e9penses professionnelles judicieuses. Accountable vous donne des conseils et vous montre l'impact de chaque d\u00e9pense sur vos imp\u00f4ts.","breadcrumb":{"@id":"https:\/\/www.accountable.eu\/fr-be\/blog\/frais-professionnels-fin-annee\/#breadcrumb"},"inLanguage":"fr-BE","potentialAction":[{"@type":"ReadAction","target":["https:\/\/www.accountable.eu\/fr-be\/blog\/frais-professionnels-fin-annee\/"]}]},{"@type":"ImageObject","inLanguage":"fr-BE","@id":"https:\/\/www.accountable.eu\/fr-be\/blog\/frais-professionnels-fin-annee\/#primaryimage","url":"https:\/\/www.accountable.eu\/wp-content\/uploads\/2023\/11\/beroepskosten-eindejaar.png","contentUrl":"https:\/\/www.accountable.eu\/wp-content\/uploads\/2023\/11\/beroepskosten-eindejaar.png","width":686,"height":400,"caption":"Beroepskosten eindejaar"},{"@type":"BreadcrumbList","@id":"https:\/\/www.accountable.eu\/fr-be\/blog\/frais-professionnels-fin-annee\/#breadcrumb","itemListElement":[{"@type":"ListItem","position":1,"name":"Home","item":"https:\/\/www.accountable.eu\/fr-be\/"},{"@type":"ListItem","position":2,"name":"Optimisez vos imp\u00f4ts : 5 frais professionnels malins pour la fin de l&#8217;ann\u00e9e"}]},{"@type":"WebSite","@id":"https:\/\/www.accountable.eu\/fr-be\/#website","url":"https:\/\/www.accountable.eu\/fr-be\/","name":"Accountable","description":"Your accountant and tax advisor on your smartphone","publisher":{"@id":"https:\/\/www.accountable.eu\/fr-be\/#organization"},"potentialAction":[{"@type":"SearchAction","target":{"@type":"EntryPoint","urlTemplate":"https:\/\/www.accountable.eu\/fr-be\/?s={search_term_string}"},"query-input":{"@type":"PropertyValueSpecification","valueRequired":true,"valueName":"search_term_string"}}],"inLanguage":"fr-BE"},{"@type":"Organization","@id":"https:\/\/www.accountable.eu\/fr-be\/#organization","name":"Accountable","url":"https:\/\/www.accountable.eu\/fr-be\/","logo":{"@type":"ImageObject","inLanguage":"fr-BE","@id":"https:\/\/www.accountable.eu\/fr-be\/#\/schema\/logo\/image\/","url":"https:\/\/www.accountable.eu\/wp-content\/uploads\/2026\/04\/logo-512.png","contentUrl":"https:\/\/www.accountable.eu\/wp-content\/uploads\/2026\/04\/logo-512.png","width":512,"height":512,"caption":"Accountable"},"image":{"@id":"https:\/\/www.accountable.eu\/fr-be\/#\/schema\/logo\/image\/"}},{"@type":"Person","@id":"https:\/\/www.accountable.eu\/fr-be\/#\/schema\/person\/e9b420257ec5e7ac236d337e8c3aa7ad","name":"Valesca","image":{"@type":"ImageObject","inLanguage":"fr-BE","@id":"https:\/\/secure.gravatar.com\/avatar\/842a00073a87c3c1af38f724115771bae6278a353edd8ee1e85161e791790047?s=96&d=mm&r=g","url":"https:\/\/secure.gravatar.com\/avatar\/842a00073a87c3c1af38f724115771bae6278a353edd8ee1e85161e791790047?s=96&d=mm&r=g","contentUrl":"https:\/\/secure.gravatar.com\/avatar\/842a00073a87c3c1af38f724115771bae6278a353edd8ee1e85161e791790047?s=96&d=mm&r=g","caption":"Valesca"}}]}},"_links":{"self":[{"href":"https:\/\/www.accountable.eu\/fr-be\/wp-json\/wp\/v2\/posts\/12610","targetHints":{"allow":["GET"]}}],"collection":[{"href":"https:\/\/www.accountable.eu\/fr-be\/wp-json\/wp\/v2\/posts"}],"about":[{"href":"https:\/\/www.accountable.eu\/fr-be\/wp-json\/wp\/v2\/types\/post"}],"author":[{"embeddable":true,"href":"https:\/\/www.accountable.eu\/fr-be\/wp-json\/wp\/v2\/users\/24"}],"replies":[{"embeddable":true,"href":"https:\/\/www.accountable.eu\/fr-be\/wp-json\/wp\/v2\/comments?post=12610"}],"version-history":[{"count":0,"href":"https:\/\/www.accountable.eu\/fr-be\/wp-json\/wp\/v2\/posts\/12610\/revisions"}],"wp:featuredmedia":[{"embeddable":true,"href":"https:\/\/www.accountable.eu\/fr-be\/wp-json\/wp\/v2\/media\/8514"}],"wp:attachment":[{"href":"https:\/\/www.accountable.eu\/fr-be\/wp-json\/wp\/v2\/media?parent=12610"}],"wp:term":[{"taxonomy":"category","embeddable":true,"href":"https:\/\/www.accountable.eu\/fr-be\/wp-json\/wp\/v2\/categories?post=12610"},{"taxonomy":"post_tag","embeddable":true,"href":"https:\/\/www.accountable.eu\/fr-be\/wp-json\/wp\/v2\/tags?post=12610"}],"curies":[{"name":"wp","href":"https:\/\/api.w.org\/{rel}","templated":true}]}}