{"id":12619,"date":"2023-11-21T17:29:07","date_gmt":"2023-11-21T16:29:07","guid":{"rendered":"https:\/\/prod-migration-second.local\/?p=12619"},"modified":"2024-07-11T10:55:42","modified_gmt":"2024-07-11T08:55:42","slug":"comptabilite-estheticienne","status":"publish","type":"post","link":"https:\/\/www.accountable.eu\/fr-be\/blog\/comptabilite-estheticienne\/","title":{"rendered":"Esth\u00e9ticienne ind\u00e9pendante ? Voici comment s&rsquo;organise ta comptabilit\u00e9 !"},"content":{"rendered":"\n<p><strong>Vous \u00eates esth\u00e9ticien(ne), styliste d&rsquo;ongles, maquilleur(se), sp\u00e9cialis\u00e9(e) dans l&rsquo;\u00e9pilation ou les soins du corps ? Ou envisagez-vous d&rsquo;ouvrir votre propre salon de beaut\u00e9 \u00e0 temps plein ou en compl\u00e9ment d&rsquo;activit\u00e9 ? M\u00eame en tant qu&rsquo;esth\u00e9ticien(ne) ind\u00e9pendant(e), vous pouvez g\u00e9rer votre comptabilit\u00e9 vous-m\u00eame. Avec les bonnes connaissances et les outils appropri\u00e9s, la gestion de vos d\u00e9marches administratives et le d\u00e9p\u00f4t de vos d\u00e9clarations deviennent m\u00eame tr\u00e8s simples. C&rsquo;est une \u00e9conomie int\u00e9ressante, et en maintenant tout bien organis\u00e9, cela ne vous prendra m\u00eame pas de temps suppl\u00e9mentaire.<\/strong><\/p>\n\n\n\n<p>\u2702\ufe0f <em>Vous \u00eates coiffeur(se) ind\u00e9pendant(e) ? <\/em><a href=\"https:\/\/www.accountable.eu\/fr-be\/blog\/comptabilite-coiffeur\/\"><em>Cliquez ici.<\/em><\/a><\/p>\n\n\n\n<h2 class=\"wp-block-heading\"><strong>Ouvrir votre propre salon de beaut\u00e9<\/strong><\/h2>\n\n\n\n<p>Envisagez-vous de vous lancer en tant qu&rsquo;ind\u00e9pendant&nbsp; et d&rsquo;ouvrir votre propre salon ? C&rsquo;est g\u00e9nial ! Avant de vous lancer, il est essentiel de r\u00e9pondre \u00e0 ces questions :<\/p>\n\n\n\n<ul class=\"wp-block-list\">\n<li>Allez-vous vous lancer en tant qu&rsquo;ind\u00e9pendant \u00e0 titre personnel ou opter pour une soci\u00e9t\u00e9 ?<\/li>\n\n\n\n<li>Opterez-vous pour une activit\u00e9 ind\u00e9pendante \u00e0 temps plein ou d\u00e9buterez-vous en tant qu&rsquo;activit\u00e9 compl\u00e9mentaire ?<\/li>\n\n\n\n<li>Disposez-vous d&rsquo;un capital de d\u00e9part suffisant ? Il n&rsquo;y a pas d&rsquo;exigences l\u00e9gales, mais pour commencer, vous aurez probablement besoin de mat\u00e9riel et de produits.<\/li>\n\n\n\n<li>Quel est votre objectif de revenu ? Si vous r\u00e9alisez moins de 25 000 \u20ac de chiffre d&rsquo;affaires par an, vous pouvez demander une exon\u00e9ration de TVA pour les petites entreprises.<\/li>\n\n\n\n<li>O\u00f9 allez-vous ouvrir votre salon ? Chez vous ou envisagez-vous de louer un local commercial ?<\/li>\n<\/ul>\n\n\n\n<p><a href=\"https:\/\/www.accountable.eu\/fr-be\/blog\/demarrer-independant\/\">Voici un guide<\/a> de d\u00e9marrage pour les ind\u00e9pendants en Belgique. Vous avez des questions sans r\u00e9ponse ? <a href=\"https:\/\/www.accountable.eu\/fr-be\/coach-fiscal\/\">Contactez nos coachs fiscaux<\/a>.<\/p>\n\n\n\n<h2 class=\"wp-block-heading\"><strong>Vos revenus en tant qu&rsquo;esth\u00e9ticienne<\/strong><\/h2>\n\n\n\n<p>En tant que styliste d&rsquo;ongles ind\u00e9pendante, esth\u00e9ticienne ou entrepreneure ind\u00e9pendante avec votre propre salon, vous recevez des paiements de vos clients pour vos services et parfois m\u00eame pour des produits. I<strong>l est important de bien suivre ces revenus, tout comme vos co\u00fbts et d\u00e9penses<\/strong>. Chaque ann\u00e9e, vous devez d\u00e9clarer les chiffres corrects dans votre d\u00e9claration d&rsquo;imp\u00f4ts, et avec une bonne pr\u00e9paration, cela se passe beaucoup plus facilement.<\/p>\n\n\n\n<h3 class=\"wp-block-heading\"><strong>La diff\u00e9rence entre les recettes quotidiennes et les factures<\/strong><\/h3>\n\n\n\n<p>Vous devez consigner quotidiennement <strong>vos revenus<\/strong> dans un <strong>journal financier<\/strong>. Si vous ne cr\u00e9ez pas de facture pour un traitement, cela rel\u00e8ve des <strong>recettes quotidiennes<\/strong>. Vous pouvez les consigner dans une liste num\u00e9rique, dans un cahier, ou choisir un syst\u00e8me de caisse.<\/p>\n\n\n\n<p>Fournissez-vous parfois des services \u00e0 des entreprises ? Dans ce cas, vous devez <strong>\u00e9mettre une facture <\/strong>pour ces revenus. Il est recommand\u00e9 de le faire \u00e9galement lorsque vous recevez des montants plus importants de particuliers. Pour chaque transaction \u00e0 partir de 250,00 \u20ac, nous vous conseillons d&rsquo;\u00e9tablir une facture.<\/p>\n\n\n\n<p>\ud83d\udca1 <strong>Conseil Accountable<\/strong> : gagnez du temps et \u00e9mettez en quelques clics une facture officielle avec Accountable. Ou <a href=\"https:\/\/www.accountable.eu\/fr-be\/blog\/guide-facturation-independants\/\">d\u00e9couvrez ici<\/a> comment le faire vous-m\u00eame.<\/p>\n\n\n\n<p>Bien s\u00fbr ! Voici la traduction en fran\u00e7ais tout en conservant ce ton jeune et astucieux, tout en restant pr\u00e9cise, informative et sympathique :<\/p>\n\n\n\n<h2 class=\"wp-block-heading\"><strong>Vos d\u00e9penses et investissements<\/strong><\/h2>\n\n\n\n<h3 class=\"wp-block-heading\"><strong>Votre salon : dans votre propre domicile ou dans un local commercial ?<\/strong><\/h3>\n\n\n\n<p>Lorsque vous ouvrez votre propre salon, cela engendre de nombreux <strong>co\u00fbts et investissements<\/strong>. Ce sont des d\u00e9penses professionnelles que vous pouvez d\u00e9duire fiscalement. Assurez-vous de rassembler les factures n\u00e9cessaires, car gr\u00e2ce \u00e0 la comptabilit\u00e9, vous pourrez les d\u00e9duire de votre revenu imposable et r\u00e9cup\u00e9rer la TVA.<\/p>\n\n\n\n<p>Pour un salon dans votre propre domicile, v\u00e9rifiez d&rsquo;abord aupr\u00e8s de la commune s&rsquo;il existe des r\u00e8gles ou des r\u00e9glementations sp\u00e9ciales. De plus, il est important que vous continuiez \u00e0 r\u00e9sider dans le logement. Le salon ne doit pas \u00eatre plus grand que la partie r\u00e9sidentielle et ne doit pas d\u00e9passer 100m2.<\/p>\n\n\n\n<p>Achetez-vous une maison ou un b\u00e2timent pour en faire un salon ? Ou effectuez-vous des r\u00e9novations pour l&rsquo;am\u00e9nagement de votre salon ? Ce sont <strong>des investissements que vous<\/strong> <a href=\"https:\/\/www.accountable.eu\/fr-be\/blog\/amortir-des-couts-quand-et-comment\/\"><strong>amortissez <\/strong><\/a><strong>sur plusieurs ann\u00e9es.<\/strong> Si vous louez un local commercial distinct, vous pouvez \u00e9galement d\u00e9duire le co\u00fbt du loyer. Pour ouvrir un salon de beaut\u00e9 dans une location, vous devez d&rsquo;abord obtenir l&rsquo;autorisation du propri\u00e9taire, car dans certains cas, cela entra\u00eene des co\u00fbts suppl\u00e9mentaires et des taxes pour le propri\u00e9taire.<\/p>\n\n\n\n<p>Pour votre salon, souscrivez toujours une <strong>assurance<\/strong> distincte, car vos assurances personnelles ne s&rsquo;appliquent pas aux activit\u00e9s professionnelles de votre salon. En effet, si un \u00e9quipement dans l&rsquo;espace professionnel cause un incendie, votre entreprise devra indemniser les dommages.<\/p>\n\n\n\n<h3 class=\"wp-block-heading\"><strong>Soins de beaut\u00e9 \u00e0 domicile<\/strong><\/h3>\n\n\n\n<p>Il est de plus en plus courant de se rendre chez les gens avec votre mat\u00e9riel. Ainsi, vous n&rsquo;avez pas besoin d&rsquo;investir dans un salon. Cependant, selon l&#8217;emplacement de vos clients, vous pourriez perdre du temps dans les d\u00e9placements, alors gardez \u00e0 l&rsquo;esprit que vous pourriez peut-\u00eatre aider moins de clients par jour.<\/p>\n\n\n\n<p>Notez quotidiennement le nombre de kilom\u00e8tres parcourus pour votre activit\u00e9 ind\u00e9pendante, car vos d\u00e9placements sont d\u00e9sormais un co\u00fbt professionnel important. Cependant, vous ne pouvez d\u00e9duire qu&rsquo;une partie de votre voiture de votre entreprise, car vous l&rsquo;utilisez probablement aussi \u00e0 des fins priv\u00e9es.<\/p>\n\n\n\n<p>\ud83d\ude98 <em>Vous pouvez en savoir plus sur la d\u00e9ductibilit\u00e9 fiscale de votre voiture en tant qu&rsquo;ind\u00e9pendant <\/em><a href=\"https:\/\/www.accountable.eu\/fr-be\/blog\/voiture-de-societe-independant\/\"><em>ici.<\/em><\/a><\/p>\n\n\n\n<h3 class=\"wp-block-heading\"><strong>Produits de beaut\u00e9, mat\u00e9riel et marchandises commerciales<\/strong><\/h3>\n\n\n\n<p>En plus, il y a l&rsquo;achat de votre mat\u00e9riel de travail et de produits tels que la cr\u00e8me pour le visage, les \u00e9ponges ou les pinceaux. Mais vous devrez \u00e9galement r\u00e9guli\u00e8rement reconstituer votre stock de vernis \u00e0 ongles, de maquillage et de produits de soin.<\/p>\n\n\n\n<p>Assurez-vous d&rsquo;avoir les factures n\u00e9cessaires pour tous ces achats, car vous pouvez les d\u00e9duire de vos b\u00e9n\u00e9fices. Si vous revendez une partie de ces produits \u00e0 vos clients, ce sont des marchandises que vous enregistrez s\u00e9par\u00e9ment dans votre comptabilit\u00e9. Attention, si vous avez une soci\u00e9t\u00e9, vous devez \u00e9galement inclure chaque ann\u00e9e votre stock dans votre bilan.<\/p>\n\n\n\n<h3 class=\"wp-block-heading\"><strong>D\u00e9penses mixtes<\/strong><\/h3>\n\n\n\n<p>Vous utilisez beaucoup de choses \u00e0 la fois pour votre <strong>usage personnel et pour votre salon de beaut\u00e9.<\/strong> Ce sont des <strong>d\u00e9penses mixtes<\/strong>, et vous ne pouvez d\u00e9duire que la partie professionnelle :<\/p>\n\n\n\n<p>Pensez \u00e0 votre t\u00e9l\u00e9phone portable, \u00e0 votre facture d&rsquo;internet, d&rsquo;eau et d&rsquo;\u00e9lectricit\u00e9 : essayez d&rsquo;estimer \u00e0 quelle fr\u00e9quence vous les utilisez pour votre entreprise. N&rsquo;oubliez pas non plus les int\u00e9r\u00eats ou l&rsquo;hypoth\u00e8que de votre maison ainsi que vos assurances.<\/p>\n\n\n\n<p><em>Il existe diff\u00e9rentes r\u00e8gles pour chaque d\u00e9pense mixte, vous trouverez tout <\/em><a href=\"https:\/\/www.accountable.eu\/fr-be\/blog\/frais-mixtes-complementaire\/\"><em>dans cet article.<\/em><\/a><\/p>\n\n\n\n<h2 class=\"wp-block-heading\"><strong>Commencer en tant qu&rsquo;esth\u00e9ticienne \u00e0 titre compl\u00e9mentaire ?<\/strong><\/h2>\n\n\n\n<p>Vous avez encore un peu de temps libre en plus de votre travail salari\u00e9 ? Vous pouvez bien s\u00fbr commencer en tant qu&rsquo;esth\u00e9ticienne \u00e0 titre compl\u00e9mentaire. Dans ce cas, <strong>vous ne payez qu&rsquo;une cotisation sociale limit\u00e9e<\/strong>. Cependant, vous devez avoir au moins un emploi \u00e0 temps partiel.<\/p>\n\n\n\n<p><em>Activit\u00e9 secondaire ou \u00e0 titre principal ? <\/em><a href=\"https:\/\/www.accountable.eu\/fr-be\/blog\/principal-ou-complementaire%e2%80%af-le-meilleur-choix%e2%80%89\/\"><em>Vous trouverez tout ici.<\/em><\/a><em> Ou regardez notre vid\u00e9o.<\/em> \u2935\ufe0f<\/p>\n\n\n\n<figure class=\"wp-block-embed is-type-video is-provider-youtube wp-block-embed-youtube wp-embed-aspect-16-9 wp-has-aspect-ratio\"><div class=\"wp-block-embed__wrapper\">\n<iframe loading=\"lazy\" title=\"STATUT D&#039;IND\u00c9PENDANT | \u00c0 temps plein ou compl\u00e9mentaire ?\" width=\"500\" height=\"281\" src=\"https:\/\/www.youtube.com\/embed\/6DONJtBOkk0?feature=oembed\" frameborder=\"0\" allow=\"accelerometer; autoplay; clipboard-write; encrypted-media; gyroscope; picture-in-picture; web-share\" referrerpolicy=\"strict-origin-when-cross-origin\" allowfullscreen><\/iframe>\n<\/div><\/figure>\n\n\n\n<h2 class=\"wp-block-heading\"><strong>Avec Accountable, g\u00e9rez votre comptabilit\u00e9 vous-m\u00eame<\/strong><\/h2>\n\n\n\n<p>Accountable rend simple la gestion de votre comptabilit\u00e9 en autonomie, m\u00eame pour les professionnels de la beaut\u00e9 ind\u00e9pendants. Assurez-vous \u00e9galement de connecter votre compte professionnel ; ainsi, vos revenus et d\u00e9penses seront automatiquement int\u00e9gr\u00e9s dans l&rsquo;application, et vous pourrez les traiter en quelques clics.<\/p>\n\n\n\n<p><em>Vous voulez g\u00e9rer vous-m\u00eame votre comptabilit\u00e9 ? Avec Accountable, c&rsquo;est d\u00e9sormais facile comme bonjour. D&rsquo;ailleurs, vous pouvez <\/em><a href=\"https:\/\/web.accountable.eu\/signup?_gl=1*2yjlpq*_gcl_au*NjE5NjU1NDAxLjE2OTc5MzY4NDQ.\"><em>tester l&rsquo;application gratuitement<\/em><\/a><em> pendant un mois. Vous saurez ainsi imm\u00e9diatement si cela vous convient. Et bien s\u00fbr, <\/em><a href=\"https:\/\/www.accountable.eu\/fr-be\/coach-fiscal\/\"><em>nos coachs fiscaux<\/em><\/a><em> sont toujours l\u00e0 pour vous aider en cas de question.<\/em><\/p>\n\n\n\n<p>Accountable vous souhaite de prosp\u00e9rer dans vos affaires.<\/p>\n","protected":false},"excerpt":{"rendered":"<p>Vous \u00eates esth\u00e9ticien(ne), styliste d&rsquo;ongles, maquilleur(se), sp\u00e9cialis\u00e9(e) dans l&rsquo;\u00e9pilation ou les soins du corps ? Ou envisagez-vous d&rsquo;ouvrir votre propre salon de beaut\u00e9 \u00e0 temps plein ou en compl\u00e9ment d&rsquo;activit\u00e9 ? M\u00eame en tant qu&rsquo;esth\u00e9ticien(ne) ind\u00e9pendant(e), vous pouvez g\u00e9rer votre comptabilit\u00e9 vous-m\u00eame. Avec les bonnes connaissances et les outils appropri\u00e9s, la gestion de vos d\u00e9marches [&hellip;]<\/p>\n","protected":false},"author":24,"featured_media":7958,"comment_status":"closed","ping_status":"closed","sticky":false,"template":"","format":"standard","meta":{"inline_featured_image":false,"footnotes":""},"categories":[288,240],"tags":[303,312,313],"class_list":["post-12619","post","type-post","status-publish","format-standard","has-post-thumbnail","hentry","category-humans-of-accountable-5","category-uncategorized-fr-be","tag-demarrer","tag-independant","tag-personne-physique"],"acf":[],"yoast_head":"<!-- This site is optimized with the Yoast SEO plugin v27.4 - https:\/\/yoast.com\/product\/yoast-seo-wordpress\/ -->\n<title>Votre comptabilit\u00e9 en tant qu&#039;esth\u00e9ticienne ind\u00e9pendante - Accountable<\/title>\n<meta name=\"description\" content=\"En tant qu&#039;esth\u00e9ticienne, il est tout \u00e0 fait possible de tenir votre comptabilit\u00e9 vous-m\u00eame. Accountable vous aide volontiers \u00e0 d\u00e9marrer.\" \/>\n<meta name=\"robots\" content=\"index, follow, max-snippet:-1, max-image-preview:large, max-video-preview:-1\" \/>\n<link rel=\"canonical\" href=\"https:\/\/www.accountable.eu\/fr-be\/blog\/comptabilite-estheticienne\/\" \/>\n<meta property=\"og:locale\" content=\"fr_FR\" \/>\n<meta property=\"og:type\" content=\"article\" \/>\n<meta property=\"og:title\" content=\"Votre comptabilit\u00e9 en tant qu&#039;esth\u00e9ticienne ind\u00e9pendante - Accountable\" \/>\n<meta property=\"og:description\" content=\"En tant qu&#039;esth\u00e9ticienne, il est tout \u00e0 fait possible de tenir votre comptabilit\u00e9 vous-m\u00eame. Accountable vous aide volontiers \u00e0 d\u00e9marrer.\" \/>\n<meta property=\"og:url\" content=\"https:\/\/www.accountable.eu\/fr-be\/blog\/comptabilite-estheticienne\/\" \/>\n<meta property=\"og:site_name\" content=\"Accountable\" \/>\n<meta property=\"article:published_time\" content=\"2023-11-21T16:29:07+00:00\" \/>\n<meta property=\"article:modified_time\" content=\"2024-07-11T08:55:42+00:00\" \/>\n<meta property=\"og:image\" content=\"https:\/\/www.accountable.eu\/wp-content\/uploads\/2023\/11\/boekhouding-eigen-salon.png\" \/>\n\t<meta property=\"og:image:width\" content=\"686\" \/>\n\t<meta property=\"og:image:height\" content=\"400\" \/>\n\t<meta property=\"og:image:type\" content=\"image\/png\" \/>\n<meta name=\"author\" content=\"Valesca\" \/>\n<meta name=\"twitter:card\" content=\"summary_large_image\" \/>\n<meta name=\"twitter:label1\" content=\"\u00c9crit par\" \/>\n\t<meta name=\"twitter:data1\" content=\"Valesca\" \/>\n\t<meta name=\"twitter:label2\" content=\"Dur\u00e9e de lecture est.\" \/>\n\t<meta name=\"twitter:data2\" content=\"6 minutes\" \/>\n<script type=\"application\/ld+json\" class=\"yoast-schema-graph\">{\"@context\":\"https:\\\/\\\/schema.org\",\"@graph\":[{\"@type\":\"Article\",\"@id\":\"https:\\\/\\\/www.accountable.eu\\\/fr-be\\\/blog\\\/comptabilite-estheticienne\\\/#article\",\"isPartOf\":{\"@id\":\"https:\\\/\\\/www.accountable.eu\\\/fr-be\\\/blog\\\/comptabilite-estheticienne\\\/\"},\"author\":{\"name\":\"Valesca\",\"@id\":\"https:\\\/\\\/www.accountable.eu\\\/fr-be\\\/#\\\/schema\\\/person\\\/e9b420257ec5e7ac236d337e8c3aa7ad\"},\"headline\":\"Esth\u00e9ticienne ind\u00e9pendante ? Voici comment s&rsquo;organise ta comptabilit\u00e9 !\",\"datePublished\":\"2023-11-21T16:29:07+00:00\",\"dateModified\":\"2024-07-11T08:55:42+00:00\",\"mainEntityOfPage\":{\"@id\":\"https:\\\/\\\/www.accountable.eu\\\/fr-be\\\/blog\\\/comptabilite-estheticienne\\\/\"},\"wordCount\":1349,\"publisher\":{\"@id\":\"https:\\\/\\\/www.accountable.eu\\\/fr-be\\\/#organization\"},\"image\":{\"@id\":\"https:\\\/\\\/www.accountable.eu\\\/fr-be\\\/blog\\\/comptabilite-estheticienne\\\/#primaryimage\"},\"thumbnailUrl\":\"https:\\\/\\\/www.accountable.eu\\\/wp-content\\\/uploads\\\/2023\\\/11\\\/boekhouding-eigen-salon.png\",\"keywords\":[\"D\u00e9marrer\",\"Ind\u00e9pendant \u00e0 titre principal\",\"Personne physique\"],\"articleSection\":[\"Humans of Accountable\",\"Uncategorized @fr-be\"],\"inLanguage\":\"fr-BE\"},{\"@type\":\"WebPage\",\"@id\":\"https:\\\/\\\/www.accountable.eu\\\/fr-be\\\/blog\\\/comptabilite-estheticienne\\\/\",\"url\":\"https:\\\/\\\/www.accountable.eu\\\/fr-be\\\/blog\\\/comptabilite-estheticienne\\\/\",\"name\":\"Votre comptabilit\u00e9 en tant qu'esth\u00e9ticienne ind\u00e9pendante - Accountable\",\"isPartOf\":{\"@id\":\"https:\\\/\\\/www.accountable.eu\\\/fr-be\\\/#website\"},\"primaryImageOfPage\":{\"@id\":\"https:\\\/\\\/www.accountable.eu\\\/fr-be\\\/blog\\\/comptabilite-estheticienne\\\/#primaryimage\"},\"image\":{\"@id\":\"https:\\\/\\\/www.accountable.eu\\\/fr-be\\\/blog\\\/comptabilite-estheticienne\\\/#primaryimage\"},\"thumbnailUrl\":\"https:\\\/\\\/www.accountable.eu\\\/wp-content\\\/uploads\\\/2023\\\/11\\\/boekhouding-eigen-salon.png\",\"datePublished\":\"2023-11-21T16:29:07+00:00\",\"dateModified\":\"2024-07-11T08:55:42+00:00\",\"description\":\"En tant qu'esth\u00e9ticienne, il est tout \u00e0 fait possible de tenir votre comptabilit\u00e9 vous-m\u00eame. Accountable vous aide volontiers \u00e0 d\u00e9marrer.\",\"breadcrumb\":{\"@id\":\"https:\\\/\\\/www.accountable.eu\\\/fr-be\\\/blog\\\/comptabilite-estheticienne\\\/#breadcrumb\"},\"inLanguage\":\"fr-BE\",\"potentialAction\":[{\"@type\":\"ReadAction\",\"target\":[\"https:\\\/\\\/www.accountable.eu\\\/fr-be\\\/blog\\\/comptabilite-estheticienne\\\/\"]}]},{\"@type\":\"ImageObject\",\"inLanguage\":\"fr-BE\",\"@id\":\"https:\\\/\\\/www.accountable.eu\\\/fr-be\\\/blog\\\/comptabilite-estheticienne\\\/#primaryimage\",\"url\":\"https:\\\/\\\/www.accountable.eu\\\/wp-content\\\/uploads\\\/2023\\\/11\\\/boekhouding-eigen-salon.png\",\"contentUrl\":\"https:\\\/\\\/www.accountable.eu\\\/wp-content\\\/uploads\\\/2023\\\/11\\\/boekhouding-eigen-salon.png\",\"width\":686,\"height\":400,\"caption\":\"boekhouding eigen salon\"},{\"@type\":\"BreadcrumbList\",\"@id\":\"https:\\\/\\\/www.accountable.eu\\\/fr-be\\\/blog\\\/comptabilite-estheticienne\\\/#breadcrumb\",\"itemListElement\":[{\"@type\":\"ListItem\",\"position\":1,\"name\":\"Home\",\"item\":\"https:\\\/\\\/www.accountable.eu\\\/fr-be\\\/\"},{\"@type\":\"ListItem\",\"position\":2,\"name\":\"Esth\u00e9ticienne ind\u00e9pendante ? Voici comment s&#8217;organise ta comptabilit\u00e9 !\"}]},{\"@type\":\"WebSite\",\"@id\":\"https:\\\/\\\/www.accountable.eu\\\/fr-be\\\/#website\",\"url\":\"https:\\\/\\\/www.accountable.eu\\\/fr-be\\\/\",\"name\":\"Accountable\",\"description\":\"Your accountant and tax advisor on your smartphone\",\"publisher\":{\"@id\":\"https:\\\/\\\/www.accountable.eu\\\/fr-be\\\/#organization\"},\"potentialAction\":[{\"@type\":\"SearchAction\",\"target\":{\"@type\":\"EntryPoint\",\"urlTemplate\":\"https:\\\/\\\/www.accountable.eu\\\/fr-be\\\/?s={search_term_string}\"},\"query-input\":{\"@type\":\"PropertyValueSpecification\",\"valueRequired\":true,\"valueName\":\"search_term_string\"}}],\"inLanguage\":\"fr-BE\"},{\"@type\":\"Organization\",\"@id\":\"https:\\\/\\\/www.accountable.eu\\\/fr-be\\\/#organization\",\"name\":\"Accountable\",\"url\":\"https:\\\/\\\/www.accountable.eu\\\/fr-be\\\/\",\"logo\":{\"@type\":\"ImageObject\",\"inLanguage\":\"fr-BE\",\"@id\":\"https:\\\/\\\/www.accountable.eu\\\/fr-be\\\/#\\\/schema\\\/logo\\\/image\\\/\",\"url\":\"https:\\\/\\\/www.accountable.eu\\\/wp-content\\\/uploads\\\/2026\\\/04\\\/logo-512.png\",\"contentUrl\":\"https:\\\/\\\/www.accountable.eu\\\/wp-content\\\/uploads\\\/2026\\\/04\\\/logo-512.png\",\"width\":512,\"height\":512,\"caption\":\"Accountable\"},\"image\":{\"@id\":\"https:\\\/\\\/www.accountable.eu\\\/fr-be\\\/#\\\/schema\\\/logo\\\/image\\\/\"}},{\"@type\":\"Person\",\"@id\":\"https:\\\/\\\/www.accountable.eu\\\/fr-be\\\/#\\\/schema\\\/person\\\/e9b420257ec5e7ac236d337e8c3aa7ad\",\"name\":\"Valesca\",\"image\":{\"@type\":\"ImageObject\",\"inLanguage\":\"fr-BE\",\"@id\":\"https:\\\/\\\/secure.gravatar.com\\\/avatar\\\/842a00073a87c3c1af38f724115771bae6278a353edd8ee1e85161e791790047?s=96&d=mm&r=g\",\"url\":\"https:\\\/\\\/secure.gravatar.com\\\/avatar\\\/842a00073a87c3c1af38f724115771bae6278a353edd8ee1e85161e791790047?s=96&d=mm&r=g\",\"contentUrl\":\"https:\\\/\\\/secure.gravatar.com\\\/avatar\\\/842a00073a87c3c1af38f724115771bae6278a353edd8ee1e85161e791790047?s=96&d=mm&r=g\",\"caption\":\"Valesca\"}}]}<\/script>\n<!-- \/ Yoast SEO plugin. -->","yoast_head_json":{"title":"Votre comptabilit\u00e9 en tant qu'esth\u00e9ticienne ind\u00e9pendante - Accountable","description":"En tant qu'esth\u00e9ticienne, il est tout \u00e0 fait possible de tenir votre comptabilit\u00e9 vous-m\u00eame. Accountable vous aide volontiers \u00e0 d\u00e9marrer.","robots":{"index":"index","follow":"follow","max-snippet":"max-snippet:-1","max-image-preview":"max-image-preview:large","max-video-preview":"max-video-preview:-1"},"canonical":"https:\/\/www.accountable.eu\/fr-be\/blog\/comptabilite-estheticienne\/","og_locale":"fr_FR","og_type":"article","og_title":"Votre comptabilit\u00e9 en tant qu'esth\u00e9ticienne ind\u00e9pendante - Accountable","og_description":"En tant qu'esth\u00e9ticienne, il est tout \u00e0 fait possible de tenir votre comptabilit\u00e9 vous-m\u00eame. Accountable vous aide volontiers \u00e0 d\u00e9marrer.","og_url":"https:\/\/www.accountable.eu\/fr-be\/blog\/comptabilite-estheticienne\/","og_site_name":"Accountable","article_published_time":"2023-11-21T16:29:07+00:00","article_modified_time":"2024-07-11T08:55:42+00:00","og_image":[{"width":686,"height":400,"url":"https:\/\/www.accountable.eu\/wp-content\/uploads\/2023\/11\/boekhouding-eigen-salon.png","type":"image\/png"}],"author":"Valesca","twitter_card":"summary_large_image","twitter_misc":{"\u00c9crit par":"Valesca","Dur\u00e9e de lecture est.":"6 minutes"},"schema":{"@context":"https:\/\/schema.org","@graph":[{"@type":"Article","@id":"https:\/\/www.accountable.eu\/fr-be\/blog\/comptabilite-estheticienne\/#article","isPartOf":{"@id":"https:\/\/www.accountable.eu\/fr-be\/blog\/comptabilite-estheticienne\/"},"author":{"name":"Valesca","@id":"https:\/\/www.accountable.eu\/fr-be\/#\/schema\/person\/e9b420257ec5e7ac236d337e8c3aa7ad"},"headline":"Esth\u00e9ticienne ind\u00e9pendante ? Voici comment s&rsquo;organise ta comptabilit\u00e9 !","datePublished":"2023-11-21T16:29:07+00:00","dateModified":"2024-07-11T08:55:42+00:00","mainEntityOfPage":{"@id":"https:\/\/www.accountable.eu\/fr-be\/blog\/comptabilite-estheticienne\/"},"wordCount":1349,"publisher":{"@id":"https:\/\/www.accountable.eu\/fr-be\/#organization"},"image":{"@id":"https:\/\/www.accountable.eu\/fr-be\/blog\/comptabilite-estheticienne\/#primaryimage"},"thumbnailUrl":"https:\/\/www.accountable.eu\/wp-content\/uploads\/2023\/11\/boekhouding-eigen-salon.png","keywords":["D\u00e9marrer","Ind\u00e9pendant \u00e0 titre principal","Personne physique"],"articleSection":["Humans of Accountable","Uncategorized @fr-be"],"inLanguage":"fr-BE"},{"@type":"WebPage","@id":"https:\/\/www.accountable.eu\/fr-be\/blog\/comptabilite-estheticienne\/","url":"https:\/\/www.accountable.eu\/fr-be\/blog\/comptabilite-estheticienne\/","name":"Votre comptabilit\u00e9 en tant qu'esth\u00e9ticienne ind\u00e9pendante - Accountable","isPartOf":{"@id":"https:\/\/www.accountable.eu\/fr-be\/#website"},"primaryImageOfPage":{"@id":"https:\/\/www.accountable.eu\/fr-be\/blog\/comptabilite-estheticienne\/#primaryimage"},"image":{"@id":"https:\/\/www.accountable.eu\/fr-be\/blog\/comptabilite-estheticienne\/#primaryimage"},"thumbnailUrl":"https:\/\/www.accountable.eu\/wp-content\/uploads\/2023\/11\/boekhouding-eigen-salon.png","datePublished":"2023-11-21T16:29:07+00:00","dateModified":"2024-07-11T08:55:42+00:00","description":"En tant qu'esth\u00e9ticienne, il est tout \u00e0 fait possible de tenir votre comptabilit\u00e9 vous-m\u00eame. Accountable vous aide volontiers \u00e0 d\u00e9marrer.","breadcrumb":{"@id":"https:\/\/www.accountable.eu\/fr-be\/blog\/comptabilite-estheticienne\/#breadcrumb"},"inLanguage":"fr-BE","potentialAction":[{"@type":"ReadAction","target":["https:\/\/www.accountable.eu\/fr-be\/blog\/comptabilite-estheticienne\/"]}]},{"@type":"ImageObject","inLanguage":"fr-BE","@id":"https:\/\/www.accountable.eu\/fr-be\/blog\/comptabilite-estheticienne\/#primaryimage","url":"https:\/\/www.accountable.eu\/wp-content\/uploads\/2023\/11\/boekhouding-eigen-salon.png","contentUrl":"https:\/\/www.accountable.eu\/wp-content\/uploads\/2023\/11\/boekhouding-eigen-salon.png","width":686,"height":400,"caption":"boekhouding eigen salon"},{"@type":"BreadcrumbList","@id":"https:\/\/www.accountable.eu\/fr-be\/blog\/comptabilite-estheticienne\/#breadcrumb","itemListElement":[{"@type":"ListItem","position":1,"name":"Home","item":"https:\/\/www.accountable.eu\/fr-be\/"},{"@type":"ListItem","position":2,"name":"Esth\u00e9ticienne ind\u00e9pendante ? Voici comment s&#8217;organise ta comptabilit\u00e9 !"}]},{"@type":"WebSite","@id":"https:\/\/www.accountable.eu\/fr-be\/#website","url":"https:\/\/www.accountable.eu\/fr-be\/","name":"Accountable","description":"Your accountant and tax advisor on your smartphone","publisher":{"@id":"https:\/\/www.accountable.eu\/fr-be\/#organization"},"potentialAction":[{"@type":"SearchAction","target":{"@type":"EntryPoint","urlTemplate":"https:\/\/www.accountable.eu\/fr-be\/?s={search_term_string}"},"query-input":{"@type":"PropertyValueSpecification","valueRequired":true,"valueName":"search_term_string"}}],"inLanguage":"fr-BE"},{"@type":"Organization","@id":"https:\/\/www.accountable.eu\/fr-be\/#organization","name":"Accountable","url":"https:\/\/www.accountable.eu\/fr-be\/","logo":{"@type":"ImageObject","inLanguage":"fr-BE","@id":"https:\/\/www.accountable.eu\/fr-be\/#\/schema\/logo\/image\/","url":"https:\/\/www.accountable.eu\/wp-content\/uploads\/2026\/04\/logo-512.png","contentUrl":"https:\/\/www.accountable.eu\/wp-content\/uploads\/2026\/04\/logo-512.png","width":512,"height":512,"caption":"Accountable"},"image":{"@id":"https:\/\/www.accountable.eu\/fr-be\/#\/schema\/logo\/image\/"}},{"@type":"Person","@id":"https:\/\/www.accountable.eu\/fr-be\/#\/schema\/person\/e9b420257ec5e7ac236d337e8c3aa7ad","name":"Valesca","image":{"@type":"ImageObject","inLanguage":"fr-BE","@id":"https:\/\/secure.gravatar.com\/avatar\/842a00073a87c3c1af38f724115771bae6278a353edd8ee1e85161e791790047?s=96&d=mm&r=g","url":"https:\/\/secure.gravatar.com\/avatar\/842a00073a87c3c1af38f724115771bae6278a353edd8ee1e85161e791790047?s=96&d=mm&r=g","contentUrl":"https:\/\/secure.gravatar.com\/avatar\/842a00073a87c3c1af38f724115771bae6278a353edd8ee1e85161e791790047?s=96&d=mm&r=g","caption":"Valesca"}}]}},"_links":{"self":[{"href":"https:\/\/www.accountable.eu\/fr-be\/wp-json\/wp\/v2\/posts\/12619","targetHints":{"allow":["GET"]}}],"collection":[{"href":"https:\/\/www.accountable.eu\/fr-be\/wp-json\/wp\/v2\/posts"}],"about":[{"href":"https:\/\/www.accountable.eu\/fr-be\/wp-json\/wp\/v2\/types\/post"}],"author":[{"embeddable":true,"href":"https:\/\/www.accountable.eu\/fr-be\/wp-json\/wp\/v2\/users\/24"}],"replies":[{"embeddable":true,"href":"https:\/\/www.accountable.eu\/fr-be\/wp-json\/wp\/v2\/comments?post=12619"}],"version-history":[{"count":0,"href":"https:\/\/www.accountable.eu\/fr-be\/wp-json\/wp\/v2\/posts\/12619\/revisions"}],"wp:featuredmedia":[{"embeddable":true,"href":"https:\/\/www.accountable.eu\/fr-be\/wp-json\/wp\/v2\/media\/7958"}],"wp:attachment":[{"href":"https:\/\/www.accountable.eu\/fr-be\/wp-json\/wp\/v2\/media?parent=12619"}],"wp:term":[{"taxonomy":"category","embeddable":true,"href":"https:\/\/www.accountable.eu\/fr-be\/wp-json\/wp\/v2\/categories?post=12619"},{"taxonomy":"post_tag","embeddable":true,"href":"https:\/\/www.accountable.eu\/fr-be\/wp-json\/wp\/v2\/tags?post=12619"}],"curies":[{"name":"wp","href":"https:\/\/api.w.org\/{rel}","templated":true}]}}