{"id":12625,"date":"2023-11-21T17:08:50","date_gmt":"2023-11-21T16:08:50","guid":{"rendered":"https:\/\/prod-migration-second.local\/?p=12625"},"modified":"2025-01-30T10:59:59","modified_gmt":"2025-01-30T09:59:59","slug":"passer-independant-complementaire-principal","status":"publish","type":"post","link":"https:\/\/www.accountable.eu\/fr-be\/blog\/passer-independant-complementaire-principal\/","title":{"rendered":"Du statut d&rsquo;ind\u00e9pendant \u00e0 titre compl\u00e9mentaire \u00e0 celui d&rsquo;ind\u00e9pendant \u00e0 titre principal : quand et comment ?"},"content":{"rendered":"\n<p><strong>Vous avez commenc\u00e9 en tant qu&rsquo;ind\u00e9pendant compl\u00e9mentaire pour explorer le march\u00e9 et vous pr\u00e9parer \u00e0 devenir ind\u00e9pendant \u00e0 temps plein ? Et vous sentez maintenant que c&rsquo;est le moment pour le prochain pas ? L&rsquo;art, c&rsquo;est de savoir quand franchir le pas pour devenir ind\u00e9pendant \u00e0 temps plein. Nous sommes l\u00e0 pour vous aider \u00e0 prendre cette d\u00e9cision.<\/strong><\/p>\n\n\n\n<h2 class=\"wp-block-heading\"><strong>Quand devriez-vous passer d&rsquo;un emploi compl\u00e9mentaire \u00e0 un emploi principal ?<\/strong><\/h2>\n\n\n\n<p>\u00c0 premi\u00e8re vue, une question complexe, mais vous connaissez probablement d\u00e9j\u00e0 la r\u00e9ponse, sinon vous ne seriez pas en train de lire cet article. Ne vous creusez pas trop la t\u00eate, <strong>mais regardez les faits.<\/strong><\/p>\n\n\n\n<h3 class=\"wp-block-heading\"><strong>Des revenus suffisants<\/strong><\/h3>\n\n\n\n<p>Pourriez-vous vivre du revenu de votre activit\u00e9 ind\u00e9pendante ? Ou peut-\u00eatre que c&rsquo;est juste \u00e0 la limite pour le moment, mais cela pourrait \u00eatre possible si vous aviez plus de temps pour votre activit\u00e9 ind\u00e9pendante ? Avez-vous suffisamment de clients pour que cela fonctionne ? Alors peut-\u00eatre est-il temps de sauter le pas.<\/p>\n\n\n\n<p>\ud83d\udca1 <strong>Conseil&nbsp; Accountable <\/strong>: Vous avez du mal \u00e0 estimer votre revenu brut et net en tant qu&rsquo;ind\u00e9pendant ? Notre <a href=\"https:\/\/www.accountable.eu\/fr-be\/resources\/simulateur-de-revenus-freelancing-vs-salariat\/\">simulateur brut-net<\/a> peut vous aider ! Vous nous dites simplement ce que vous gagnez net en tant que salari\u00e9, et nous vous disons ce que vous devriez gagner en tant qu&rsquo;ind\u00e9pendant \u00e0 temps plein.<\/p>\n\n\n\n<h3 class=\"wp-block-heading\"><strong>Vous avez un filet de s\u00e9curit\u00e9 si les choses tournent mal<\/strong><\/h3>\n\n\n\n<p>Vous disposez d&rsquo;<strong>une r\u00e9serve<\/strong> suffisamment importante <strong>pour tenir trois mois sans travailler,<\/strong> vous avez de la marge pour g\u00e9rer <strong>un client qui paie en retard<\/strong> et vous \u00eates <strong>pr\u00eat \u00e0 affronter d&rsquo;\u00e9ventuels revers.<\/strong><\/p>\n\n\n\n<p>En tant qu&rsquo;ind\u00e9pendant, vous \u00eates \u00e9galement<strong> responsable de votre s\u00e9curit\u00e9 sociale.<\/strong> Voici quelques points \u00e0 ne pas oublier avant de d\u00e9missionner de votre poste de salari\u00e9 :<\/p>\n\n\n\n<p>\ud83d\udc69\ud83c\udffb Vous \u00eates pleinement assur\u00e9(e) aupr\u00e8s de votre mutuelle et avez une <a href=\"https:\/\/www.accountable.eu\/fr-be\/blog\/assurance-hospitalisation-independants-belgique\/\">assurance hospitalisation<\/a> (ce dernier point est facultatif, mais fortement recommand\u00e9).<\/p>\n\n\n\n<p>\u231a\ufe0f Vous avez r\u00e9fl\u00e9chi \u00e0 la constitution d&rsquo;une pension et \u00e9ventuellement d\u00e9j\u00e0 souscrit \u00e0 un <a href=\"https:\/\/www.accountable.eu\/fr-be\/blog\/plci-independants\/\">VAPZ<\/a>.<\/p>\n\n\n\n<h3 class=\"wp-block-heading\"><strong>Vous avez plus d&rsquo;un client<\/strong><\/h3>\n\n\n\n<p>La plupart des ind\u00e9pendants ou des freelances tirent leurs revenus de <strong>plusieurs clients<\/strong>. Vous ne voulez pas \u00eatre consid\u00e9r\u00e9 comme un <a href=\"https:\/\/www.accountable.eu\/fr-be\/blog\/faux-independant\/\">faux ind\u00e9pendant.<\/a> Vous ne voulez pas non plus <strong>quitter la s\u00e9curit\u00e9 du statut de salari\u00e9 <\/strong>pour un seul client. Car que se passerait-il si ce client d\u00e9cidait un jour de ne plus travailler avec vous ? Le jour o\u00f9 vous avez plusieurs clients et surtout beaucoup d&rsquo;autres en perspective, vous \u00eates pr\u00eat \u00e0 devenir ind\u00e9pendant \u00e0 temps plein.<\/p>\n\n\n\n<h2 class=\"wp-block-heading\"><strong>Comment passer d&rsquo;ind\u00e9pendant \u00e0 titre compl\u00e9mentaire \u00e0 principal ?<\/strong><\/h2>\n\n\n\n<p>Cette simple liste de contr\u00f4le vous aidera dans la transition de travailleur ind\u00e9pendant \u00e0 titre compl\u00e9mentaire vers un statut ind\u00e9pendant \u00e0 titre principal.<\/p>\n\n\n\n<figure class=\"wp-block-embed is-type-video is-provider-youtube wp-block-embed-youtube wp-embed-aspect-16-9 wp-has-aspect-ratio\"><div class=\"wp-block-embed__wrapper\">\n<iframe loading=\"lazy\" title=\"Passer d\u2019ind\u00e9pendant compl\u00e9mentaire \u00e0 principal | Suivez cette checklist !\" width=\"500\" height=\"281\" src=\"https:\/\/www.youtube.com\/embed\/t1kDQWQGlIA?feature=oembed\" frameborder=\"0\" allow=\"accelerometer; autoplay; clipboard-write; encrypted-media; gyroscope; picture-in-picture; web-share\" referrerpolicy=\"strict-origin-when-cross-origin\" allowfullscreen><\/iframe>\n<\/div><\/figure>\n\n\n\n<h3 class=\"wp-block-heading\"><strong>1. Informez votre caisse d&rsquo;assurance sociale<\/strong><\/h3>\n\n\n\n<p>Que vous soyez affili\u00e9 \u00e0 <a href=\"https:\/\/www.liantis.be\/fr\">Liantis<\/a>, <a href=\"https:\/\/www.xerius.be\/fr-be\">Xerius<\/a> ou \u00e0 toute autre <a href=\"https:\/\/www.accountable.eu\/fr-be\/blog\/caisse-dassurances-sociales\/\">caisse d&rsquo;assurance sociale<\/a> : d\u00e8s que vous aurez d\u00e9cid\u00e9 de faire le grand saut, informez votre secr\u00e9tariat social. Ils se chargeront alors des formalit\u00e9s pour ajuster votre statut.<\/p>\n\n\n\n<h3 class=\"wp-block-heading\"><strong>2. Augmentez vos cotisations sociales<\/strong><\/h3>\n\n\n\n<p>En tant qu&rsquo;ind\u00e9pendant \u00e0 titre principal, vous gagnerez plus qu&rsquo;en tant qu&rsquo;ind\u00e9pendant \u00e0 titre compl\u00e9mentaire, tout simplement parce que vous consacrerez plus de temps \u00e0 votre activit\u00e9 professionnelle. C&rsquo;est pourquoi il est n\u00e9cessaire<strong> d&rsquo;ajuster vos <\/strong><a href=\"https:\/\/www.accountable.eu\/fr-be\/blog\/cotisations-sociales\/\"><strong>cotisations sociales<\/strong><\/a><strong>.<\/strong> Vous payiez peut-\u00eatre auparavant, en tant qu&rsquo;ind\u00e9pendant \u00e0 titre compl\u00e9mentaire, la cotisation minimale. Pour \u00e9viter les surprises plus tard, lorsque votre caisse d&rsquo;assurance sociale prendra connaissance de vos vrais revenus, il est donc pr\u00e9f\u00e9rable d&rsquo;adapter vos cotisations sociales.<\/p>\n\n\n\n<p>Faites une <strong>estimation r\u00e9aliste de votre revenu net imposable<\/strong>. Votre revenu net imposable correspond \u00e0 votre revenu brut (la somme de tout ce que vous facturez \u00e0 vos clients), moins toutes vos d\u00e9penses professionnelles ou <a href=\"https:\/\/www.fraispro.be\/\">frais professionnels<\/a>. Les cotisations sociales repr\u00e9sentent 20,5 % de ce montant.<\/p>\n\n\n\n<p><strong>\ud83d\udca1Conseil Accountable <\/strong>: Ne sous-estimez pas vos cotisations sociales. Ce que vous ne payez pas maintenant devra \u00eatre pay\u00e9 ult\u00e9rieurement. De plus, vos cotisations sociales sont enti\u00e8rement d\u00e9ductibles fiscalement. Cela r\u00e9duit votre revenu imposable et vous payez donc moins d&rsquo;imp\u00f4ts. De plus, les cotisations sociales dues pour l&rsquo;ann\u00e9e suivante seront \u00e9galement plus basses.<\/p>\n\n\n\n<h3 class=\"wp-block-heading\"><strong>3. V\u00e9rifiez vos obligations en mati\u00e8re de TVA<\/strong><\/h3>\n\n\n\n<p>En tant qu&rsquo;ind\u00e9pendant \u00e0 titre compl\u00e9mentaire, n&rsquo;\u00e9tiez-vous pas assujetti \u00e0 la TVA ? Il est donc fort probable qu&rsquo;en tant qu&rsquo;ind\u00e9pendant \u00e0 titre principal, vous d\u00e9passiez le seuil de 25 000 \u20ac par an. Vous serez donc <a href=\"https:\/\/www.accountable.eu\/fr-be\/blog\/franchise-tva-assujettissement\/\">assujetti \u00e0 la TVA<\/a>. Lorsque votre entreprise devient assujettie \u00e0 la TVA, vous devez en informer le SPF Finances. Cela peut se faire via votre comptable, le secr\u00e9tariat social (guichet d&rsquo;entreprises) ou vous-m\u00eame via MyMinfin \u00e0 l&rsquo;aide du formulaire 604B.<\/p>\n\n\n\n<p><strong>Vous devez garder un \u0153il l\u00e0-dessus<\/strong>. Dans le cas o\u00f9 vous travaillez avec un comptable, celui-ci surveillera \u00e9galement cette \u00e9volution. Cependant, il est bon d&rsquo;\u00eatre toujours conscient de votre situation financi\u00e8re.<\/p>\n\n\n\n<p><strong>Avec Accountable, vous pouvez consulter votre comptabilit\u00e9 en temps r\u00e9el \u00e0 tout moment, 24h\/24 et 7j\/7. Sachez toujours combien vous gagnez, combien est destin\u00e9 aux imp\u00f4ts et \u00e0 la TVA, et combien vous conservez nettement disponible.<\/strong><\/p>\n\n\n\n<h3 class=\"wp-block-heading\"><strong>4. Ouvrez un compte bancaire professionnel<\/strong><\/h3>\n\n\n\n<p>Certains ind\u00e9pendants \u00e0 titre compl\u00e9mentaire n&rsquo;ont pas de compte bancaire distinct pour leur activit\u00e9 ind\u00e9pendante. M\u00eame si ce n&rsquo;est pas une \u00e9tape obligatoire pour les entreprises individuelles, nous vous recommandons vivement d&rsquo;avoir un compte bancaire professionnel. Cela vous permet de s\u00e9parer les revenus et les d\u00e9penses professionnels de vos finances personnelles, ce qui simplifie la gestion de votre comptabilit\u00e9 et est utile en cas de contr\u00f4le fiscal.<\/p>\n\n\n\n<p>La transition de votre activit\u00e9 d&rsquo;ind\u00e9pendant \u00e0 titre compl\u00e9mentaire vers un statut principal est le moment id\u00e9al pour ouvrir un compte bancaire professionnel, si ce n&rsquo;est pas d\u00e9j\u00e0 fait.<\/p>\n\n\n\n<h3 class=\"wp-block-heading\"><strong>5. Envisagez des assurances professionnelles<\/strong><\/h3>\n\n\n\n<p>En tant qu&rsquo;ind\u00e9pendant \u00e0 titre compl\u00e9mentaire, vous \u00eates \u00e9galement employ\u00e9 \u00e0 temps partiel. La plupart des employeurs proposent \u00e0 leurs salari\u00e9s une assurance hospitalisation dans le cadre de leur package salarial. Si vous d\u00e9missionnez en tant que salari\u00e9, vous perdez donc aussi votre assurance hospitalisation. Dans la plupart des cas, vous pouvez reprendre cette assurance ou choisir d&rsquo;en souscrire une nouvelle aupr\u00e8s d&rsquo;un autre assureur. Peut-\u00eatre avez-vous de la chance et que votre partenaire est employ\u00e9, vous permettant de vous joindre \u00e0 l&rsquo;assurance hospitalisation de son employeur \u00e0 moindre co\u00fbt.<\/p>\n\n\n\n<p>Sachez que souscrire une<strong> assurance hospitalisation n&rsquo;est pas obligatoire et n&rsquo;est pas d\u00e9ductible fiscalement<\/strong>. Cela ne signifie cependant pas que ce n&rsquo;est pas une bonne id\u00e9e. Vous pouvez en savoir plus \u00e0 ce sujet <a href=\"https:\/\/www.accountable.eu\/fr-be\/blog\/assurance-hospitalisation-independants-belgique\/\">ici.<\/a><\/p>\n\n\n\n<p>Pensez \u00e9galement \u00e0 d&rsquo;autres assurances professionnelles telles qu&rsquo;<strong>une assurance revenu garant<\/strong>i ou une <strong>assurance responsabilit\u00e9 civile<\/strong>. Ces assurances sont d&rsquo;ailleurs d\u00e9ductibles fiscalement ! Pour en savoir plus sur les assurances professionnelles et leur utilit\u00e9, <a href=\"https:\/\/www.accountable.eu\/fr-be\/blog\/assurances-pour-independants\/\">consultez cet article<\/a>.<\/p>\n\n\n\n<h2 class=\"wp-block-heading\"><strong>Votre conseiller fiscal pour vous assister<\/strong><\/h2>\n\n\n\n<p><em>Si, apr\u00e8s la lecture de cet article, vous avez encore des questions, n&rsquo;h\u00e9sitez pas \u00e0 contacter gratuitement les <\/em><a href=\"https:\/\/www.accountable.eu\/fr-be\/coach-fiscal\/\"><em>coachs fiscaux<\/em><\/a><em> d&rsquo;Accountable. Ils r\u00e9pondront \u00e0 toutes vos interrogations, vous guideront et pourront, si n\u00e9cessaire, vous mettre en relation avec un expert.<\/em><\/p>\n","protected":false},"excerpt":{"rendered":"<p>Vous avez commenc\u00e9 en tant qu&rsquo;ind\u00e9pendant compl\u00e9mentaire pour explorer le march\u00e9 et vous pr\u00e9parer \u00e0 devenir ind\u00e9pendant \u00e0 temps plein ? Et vous sentez maintenant que c&rsquo;est le moment pour le prochain pas ? L&rsquo;art, c&rsquo;est de savoir quand franchir le pas pour devenir ind\u00e9pendant \u00e0 temps plein. Nous sommes l\u00e0 pour vous aider \u00e0 [&hellip;]<\/p>\n","protected":false},"author":24,"featured_media":3389,"comment_status":"open","ping_status":"open","sticky":false,"template":"","format":"standard","meta":{"inline_featured_image":false,"footnotes":""},"categories":[282,289,290],"tags":[298,308,312],"class_list":["post-12625","post","type-post","status-publish","format-standard","has-post-thumbnail","hentry","category-changement-de-statut","category-independant-a-titre-principal","category-independant-complementaire","tag-activite-complementaire","tag-franchise","tag-independant"],"acf":[],"yoast_head":"<!-- This site is optimized with the Yoast SEO plugin v27.4 - https:\/\/yoast.com\/product\/yoast-seo-wordpress\/ -->\n<title>Passer de l&#039;ind\u00e9pendant compl\u00e9mentaire \u00e0 l&#039;ind\u00e9pendant principal en Belgique - Accountable<\/title>\n<meta name=\"description\" content=\"Vous \u00eates ind\u00e9pendant \u00e0 titre compl\u00e9mentaire et vous souhaitez passer \u00e0 titre principal ? Cet article vous explique quand il est pr\u00e9f\u00e9rable de le faire et comment.\" \/>\n<meta name=\"robots\" content=\"index, follow, max-snippet:-1, max-image-preview:large, max-video-preview:-1\" \/>\n<link rel=\"canonical\" href=\"https:\/\/www.accountable.eu\/fr-be\/blog\/passer-independant-complementaire-principal\/\" \/>\n<meta property=\"og:locale\" content=\"fr_FR\" \/>\n<meta property=\"og:type\" content=\"article\" \/>\n<meta property=\"og:title\" content=\"Passer de l&#039;ind\u00e9pendant compl\u00e9mentaire \u00e0 l&#039;ind\u00e9pendant principal en Belgique - Accountable\" \/>\n<meta property=\"og:description\" content=\"Vous \u00eates ind\u00e9pendant \u00e0 titre compl\u00e9mentaire et vous souhaitez passer \u00e0 titre principal ? Cet article vous explique quand il est pr\u00e9f\u00e9rable de le faire et comment.\" \/>\n<meta property=\"og:url\" content=\"https:\/\/www.accountable.eu\/fr-be\/blog\/passer-independant-complementaire-principal\/\" \/>\n<meta property=\"og:site_name\" content=\"Accountable\" \/>\n<meta property=\"article:published_time\" content=\"2023-11-21T16:08:50+00:00\" \/>\n<meta property=\"article:modified_time\" content=\"2025-01-30T09:59:59+00:00\" \/>\n<meta property=\"og:image\" content=\"https:\/\/www.accountable.eu\/wp-content\/uploads\/2021\/08\/5-reasons.png\" \/>\n\t<meta property=\"og:image:width\" content=\"1029\" \/>\n\t<meta property=\"og:image:height\" content=\"600\" \/>\n\t<meta property=\"og:image:type\" content=\"image\/png\" \/>\n<meta name=\"author\" content=\"Valesca\" \/>\n<meta name=\"twitter:card\" content=\"summary_large_image\" \/>\n<meta name=\"twitter:label1\" content=\"\u00c9crit par\" \/>\n\t<meta name=\"twitter:data1\" content=\"Valesca\" \/>\n\t<meta name=\"twitter:label2\" content=\"Dur\u00e9e de lecture est.\" \/>\n\t<meta name=\"twitter:data2\" content=\"6 minutes\" \/>\n<script type=\"application\/ld+json\" class=\"yoast-schema-graph\">{\"@context\":\"https:\\\/\\\/schema.org\",\"@graph\":[{\"@type\":\"Article\",\"@id\":\"https:\\\/\\\/www.accountable.eu\\\/fr-be\\\/blog\\\/passer-independant-complementaire-principal\\\/#article\",\"isPartOf\":{\"@id\":\"https:\\\/\\\/www.accountable.eu\\\/fr-be\\\/blog\\\/passer-independant-complementaire-principal\\\/\"},\"author\":{\"name\":\"Valesca\",\"@id\":\"https:\\\/\\\/www.accountable.eu\\\/fr-be\\\/#\\\/schema\\\/person\\\/e9b420257ec5e7ac236d337e8c3aa7ad\"},\"headline\":\"Du statut d&rsquo;ind\u00e9pendant \u00e0 titre compl\u00e9mentaire \u00e0 celui d&rsquo;ind\u00e9pendant \u00e0 titre principal : quand et comment ?\",\"datePublished\":\"2023-11-21T16:08:50+00:00\",\"dateModified\":\"2025-01-30T09:59:59+00:00\",\"mainEntityOfPage\":{\"@id\":\"https:\\\/\\\/www.accountable.eu\\\/fr-be\\\/blog\\\/passer-independant-complementaire-principal\\\/\"},\"wordCount\":1237,\"commentCount\":0,\"publisher\":{\"@id\":\"https:\\\/\\\/www.accountable.eu\\\/fr-be\\\/#organization\"},\"image\":{\"@id\":\"https:\\\/\\\/www.accountable.eu\\\/fr-be\\\/blog\\\/passer-independant-complementaire-principal\\\/#primaryimage\"},\"thumbnailUrl\":\"https:\\\/\\\/www.accountable.eu\\\/wp-content\\\/uploads\\\/2021\\\/08\\\/5-reasons.png\",\"keywords\":[\"Activit\u00e9 compl\u00e9mentaire\",\"Franchis\u00e9\",\"Ind\u00e9pendant \u00e0 titre principal\"],\"articleSection\":[\"Changement de statut\",\"Ind\u00e9pendant \u00e0 titre principal\",\"Ind\u00e9pendant compl\u00e9mentaire\"],\"inLanguage\":\"fr-BE\",\"potentialAction\":[{\"@type\":\"CommentAction\",\"name\":\"Comment\",\"target\":[\"https:\\\/\\\/www.accountable.eu\\\/fr-be\\\/blog\\\/passer-independant-complementaire-principal\\\/#respond\"]}]},{\"@type\":\"WebPage\",\"@id\":\"https:\\\/\\\/www.accountable.eu\\\/fr-be\\\/blog\\\/passer-independant-complementaire-principal\\\/\",\"url\":\"https:\\\/\\\/www.accountable.eu\\\/fr-be\\\/blog\\\/passer-independant-complementaire-principal\\\/\",\"name\":\"Passer de l'ind\u00e9pendant compl\u00e9mentaire \u00e0 l'ind\u00e9pendant principal en Belgique - Accountable\",\"isPartOf\":{\"@id\":\"https:\\\/\\\/www.accountable.eu\\\/fr-be\\\/#website\"},\"primaryImageOfPage\":{\"@id\":\"https:\\\/\\\/www.accountable.eu\\\/fr-be\\\/blog\\\/passer-independant-complementaire-principal\\\/#primaryimage\"},\"image\":{\"@id\":\"https:\\\/\\\/www.accountable.eu\\\/fr-be\\\/blog\\\/passer-independant-complementaire-principal\\\/#primaryimage\"},\"thumbnailUrl\":\"https:\\\/\\\/www.accountable.eu\\\/wp-content\\\/uploads\\\/2021\\\/08\\\/5-reasons.png\",\"datePublished\":\"2023-11-21T16:08:50+00:00\",\"dateModified\":\"2025-01-30T09:59:59+00:00\",\"description\":\"Vous \u00eates ind\u00e9pendant \u00e0 titre compl\u00e9mentaire et vous souhaitez passer \u00e0 titre principal ? Cet article vous explique quand il est pr\u00e9f\u00e9rable de le faire et comment.\",\"breadcrumb\":{\"@id\":\"https:\\\/\\\/www.accountable.eu\\\/fr-be\\\/blog\\\/passer-independant-complementaire-principal\\\/#breadcrumb\"},\"inLanguage\":\"fr-BE\",\"potentialAction\":[{\"@type\":\"ReadAction\",\"target\":[\"https:\\\/\\\/www.accountable.eu\\\/fr-be\\\/blog\\\/passer-independant-complementaire-principal\\\/\"]}]},{\"@type\":\"ImageObject\",\"inLanguage\":\"fr-BE\",\"@id\":\"https:\\\/\\\/www.accountable.eu\\\/fr-be\\\/blog\\\/passer-independant-complementaire-principal\\\/#primaryimage\",\"url\":\"https:\\\/\\\/www.accountable.eu\\\/wp-content\\\/uploads\\\/2021\\\/08\\\/5-reasons.png\",\"contentUrl\":\"https:\\\/\\\/www.accountable.eu\\\/wp-content\\\/uploads\\\/2021\\\/08\\\/5-reasons.png\",\"width\":1029,\"height\":600},{\"@type\":\"BreadcrumbList\",\"@id\":\"https:\\\/\\\/www.accountable.eu\\\/fr-be\\\/blog\\\/passer-independant-complementaire-principal\\\/#breadcrumb\",\"itemListElement\":[{\"@type\":\"ListItem\",\"position\":1,\"name\":\"Home\",\"item\":\"https:\\\/\\\/www.accountable.eu\\\/fr-be\\\/\"},{\"@type\":\"ListItem\",\"position\":2,\"name\":\"Du statut d&#8217;ind\u00e9pendant \u00e0 titre compl\u00e9mentaire \u00e0 celui d&#8217;ind\u00e9pendant \u00e0 titre principal : quand et comment ?\"}]},{\"@type\":\"WebSite\",\"@id\":\"https:\\\/\\\/www.accountable.eu\\\/fr-be\\\/#website\",\"url\":\"https:\\\/\\\/www.accountable.eu\\\/fr-be\\\/\",\"name\":\"Accountable\",\"description\":\"Your accountant and tax advisor on your smartphone\",\"publisher\":{\"@id\":\"https:\\\/\\\/www.accountable.eu\\\/fr-be\\\/#organization\"},\"potentialAction\":[{\"@type\":\"SearchAction\",\"target\":{\"@type\":\"EntryPoint\",\"urlTemplate\":\"https:\\\/\\\/www.accountable.eu\\\/fr-be\\\/?s={search_term_string}\"},\"query-input\":{\"@type\":\"PropertyValueSpecification\",\"valueRequired\":true,\"valueName\":\"search_term_string\"}}],\"inLanguage\":\"fr-BE\"},{\"@type\":\"Organization\",\"@id\":\"https:\\\/\\\/www.accountable.eu\\\/fr-be\\\/#organization\",\"name\":\"Accountable\",\"url\":\"https:\\\/\\\/www.accountable.eu\\\/fr-be\\\/\",\"logo\":{\"@type\":\"ImageObject\",\"inLanguage\":\"fr-BE\",\"@id\":\"https:\\\/\\\/www.accountable.eu\\\/fr-be\\\/#\\\/schema\\\/logo\\\/image\\\/\",\"url\":\"https:\\\/\\\/www.accountable.eu\\\/wp-content\\\/uploads\\\/2026\\\/04\\\/logo-512.png\",\"contentUrl\":\"https:\\\/\\\/www.accountable.eu\\\/wp-content\\\/uploads\\\/2026\\\/04\\\/logo-512.png\",\"width\":512,\"height\":512,\"caption\":\"Accountable\"},\"image\":{\"@id\":\"https:\\\/\\\/www.accountable.eu\\\/fr-be\\\/#\\\/schema\\\/logo\\\/image\\\/\"}},{\"@type\":\"Person\",\"@id\":\"https:\\\/\\\/www.accountable.eu\\\/fr-be\\\/#\\\/schema\\\/person\\\/e9b420257ec5e7ac236d337e8c3aa7ad\",\"name\":\"Valesca\",\"image\":{\"@type\":\"ImageObject\",\"inLanguage\":\"fr-BE\",\"@id\":\"https:\\\/\\\/secure.gravatar.com\\\/avatar\\\/842a00073a87c3c1af38f724115771bae6278a353edd8ee1e85161e791790047?s=96&d=mm&r=g\",\"url\":\"https:\\\/\\\/secure.gravatar.com\\\/avatar\\\/842a00073a87c3c1af38f724115771bae6278a353edd8ee1e85161e791790047?s=96&d=mm&r=g\",\"contentUrl\":\"https:\\\/\\\/secure.gravatar.com\\\/avatar\\\/842a00073a87c3c1af38f724115771bae6278a353edd8ee1e85161e791790047?s=96&d=mm&r=g\",\"caption\":\"Valesca\"}}]}<\/script>\n<!-- \/ Yoast SEO plugin. -->","yoast_head_json":{"title":"Passer de l'ind\u00e9pendant compl\u00e9mentaire \u00e0 l'ind\u00e9pendant principal en Belgique - Accountable","description":"Vous \u00eates ind\u00e9pendant \u00e0 titre compl\u00e9mentaire et vous souhaitez passer \u00e0 titre principal ? Cet article vous explique quand il est pr\u00e9f\u00e9rable de le faire et comment.","robots":{"index":"index","follow":"follow","max-snippet":"max-snippet:-1","max-image-preview":"max-image-preview:large","max-video-preview":"max-video-preview:-1"},"canonical":"https:\/\/www.accountable.eu\/fr-be\/blog\/passer-independant-complementaire-principal\/","og_locale":"fr_FR","og_type":"article","og_title":"Passer de l'ind\u00e9pendant compl\u00e9mentaire \u00e0 l'ind\u00e9pendant principal en Belgique - Accountable","og_description":"Vous \u00eates ind\u00e9pendant \u00e0 titre compl\u00e9mentaire et vous souhaitez passer \u00e0 titre principal ? Cet article vous explique quand il est pr\u00e9f\u00e9rable de le faire et comment.","og_url":"https:\/\/www.accountable.eu\/fr-be\/blog\/passer-independant-complementaire-principal\/","og_site_name":"Accountable","article_published_time":"2023-11-21T16:08:50+00:00","article_modified_time":"2025-01-30T09:59:59+00:00","og_image":[{"width":1029,"height":600,"url":"https:\/\/www.accountable.eu\/wp-content\/uploads\/2021\/08\/5-reasons.png","type":"image\/png"}],"author":"Valesca","twitter_card":"summary_large_image","twitter_misc":{"\u00c9crit par":"Valesca","Dur\u00e9e de lecture est.":"6 minutes"},"schema":{"@context":"https:\/\/schema.org","@graph":[{"@type":"Article","@id":"https:\/\/www.accountable.eu\/fr-be\/blog\/passer-independant-complementaire-principal\/#article","isPartOf":{"@id":"https:\/\/www.accountable.eu\/fr-be\/blog\/passer-independant-complementaire-principal\/"},"author":{"name":"Valesca","@id":"https:\/\/www.accountable.eu\/fr-be\/#\/schema\/person\/e9b420257ec5e7ac236d337e8c3aa7ad"},"headline":"Du statut d&rsquo;ind\u00e9pendant \u00e0 titre compl\u00e9mentaire \u00e0 celui d&rsquo;ind\u00e9pendant \u00e0 titre principal : quand et comment ?","datePublished":"2023-11-21T16:08:50+00:00","dateModified":"2025-01-30T09:59:59+00:00","mainEntityOfPage":{"@id":"https:\/\/www.accountable.eu\/fr-be\/blog\/passer-independant-complementaire-principal\/"},"wordCount":1237,"commentCount":0,"publisher":{"@id":"https:\/\/www.accountable.eu\/fr-be\/#organization"},"image":{"@id":"https:\/\/www.accountable.eu\/fr-be\/blog\/passer-independant-complementaire-principal\/#primaryimage"},"thumbnailUrl":"https:\/\/www.accountable.eu\/wp-content\/uploads\/2021\/08\/5-reasons.png","keywords":["Activit\u00e9 compl\u00e9mentaire","Franchis\u00e9","Ind\u00e9pendant \u00e0 titre principal"],"articleSection":["Changement de statut","Ind\u00e9pendant \u00e0 titre principal","Ind\u00e9pendant compl\u00e9mentaire"],"inLanguage":"fr-BE","potentialAction":[{"@type":"CommentAction","name":"Comment","target":["https:\/\/www.accountable.eu\/fr-be\/blog\/passer-independant-complementaire-principal\/#respond"]}]},{"@type":"WebPage","@id":"https:\/\/www.accountable.eu\/fr-be\/blog\/passer-independant-complementaire-principal\/","url":"https:\/\/www.accountable.eu\/fr-be\/blog\/passer-independant-complementaire-principal\/","name":"Passer de l'ind\u00e9pendant compl\u00e9mentaire \u00e0 l'ind\u00e9pendant principal en Belgique - Accountable","isPartOf":{"@id":"https:\/\/www.accountable.eu\/fr-be\/#website"},"primaryImageOfPage":{"@id":"https:\/\/www.accountable.eu\/fr-be\/blog\/passer-independant-complementaire-principal\/#primaryimage"},"image":{"@id":"https:\/\/www.accountable.eu\/fr-be\/blog\/passer-independant-complementaire-principal\/#primaryimage"},"thumbnailUrl":"https:\/\/www.accountable.eu\/wp-content\/uploads\/2021\/08\/5-reasons.png","datePublished":"2023-11-21T16:08:50+00:00","dateModified":"2025-01-30T09:59:59+00:00","description":"Vous \u00eates ind\u00e9pendant \u00e0 titre compl\u00e9mentaire et vous souhaitez passer \u00e0 titre principal ? Cet article vous explique quand il est pr\u00e9f\u00e9rable de le faire et comment.","breadcrumb":{"@id":"https:\/\/www.accountable.eu\/fr-be\/blog\/passer-independant-complementaire-principal\/#breadcrumb"},"inLanguage":"fr-BE","potentialAction":[{"@type":"ReadAction","target":["https:\/\/www.accountable.eu\/fr-be\/blog\/passer-independant-complementaire-principal\/"]}]},{"@type":"ImageObject","inLanguage":"fr-BE","@id":"https:\/\/www.accountable.eu\/fr-be\/blog\/passer-independant-complementaire-principal\/#primaryimage","url":"https:\/\/www.accountable.eu\/wp-content\/uploads\/2021\/08\/5-reasons.png","contentUrl":"https:\/\/www.accountable.eu\/wp-content\/uploads\/2021\/08\/5-reasons.png","width":1029,"height":600},{"@type":"BreadcrumbList","@id":"https:\/\/www.accountable.eu\/fr-be\/blog\/passer-independant-complementaire-principal\/#breadcrumb","itemListElement":[{"@type":"ListItem","position":1,"name":"Home","item":"https:\/\/www.accountable.eu\/fr-be\/"},{"@type":"ListItem","position":2,"name":"Du statut d&#8217;ind\u00e9pendant \u00e0 titre compl\u00e9mentaire \u00e0 celui d&#8217;ind\u00e9pendant \u00e0 titre principal : quand et comment ?"}]},{"@type":"WebSite","@id":"https:\/\/www.accountable.eu\/fr-be\/#website","url":"https:\/\/www.accountable.eu\/fr-be\/","name":"Accountable","description":"Your accountant and tax advisor on your smartphone","publisher":{"@id":"https:\/\/www.accountable.eu\/fr-be\/#organization"},"potentialAction":[{"@type":"SearchAction","target":{"@type":"EntryPoint","urlTemplate":"https:\/\/www.accountable.eu\/fr-be\/?s={search_term_string}"},"query-input":{"@type":"PropertyValueSpecification","valueRequired":true,"valueName":"search_term_string"}}],"inLanguage":"fr-BE"},{"@type":"Organization","@id":"https:\/\/www.accountable.eu\/fr-be\/#organization","name":"Accountable","url":"https:\/\/www.accountable.eu\/fr-be\/","logo":{"@type":"ImageObject","inLanguage":"fr-BE","@id":"https:\/\/www.accountable.eu\/fr-be\/#\/schema\/logo\/image\/","url":"https:\/\/www.accountable.eu\/wp-content\/uploads\/2026\/04\/logo-512.png","contentUrl":"https:\/\/www.accountable.eu\/wp-content\/uploads\/2026\/04\/logo-512.png","width":512,"height":512,"caption":"Accountable"},"image":{"@id":"https:\/\/www.accountable.eu\/fr-be\/#\/schema\/logo\/image\/"}},{"@type":"Person","@id":"https:\/\/www.accountable.eu\/fr-be\/#\/schema\/person\/e9b420257ec5e7ac236d337e8c3aa7ad","name":"Valesca","image":{"@type":"ImageObject","inLanguage":"fr-BE","@id":"https:\/\/secure.gravatar.com\/avatar\/842a00073a87c3c1af38f724115771bae6278a353edd8ee1e85161e791790047?s=96&d=mm&r=g","url":"https:\/\/secure.gravatar.com\/avatar\/842a00073a87c3c1af38f724115771bae6278a353edd8ee1e85161e791790047?s=96&d=mm&r=g","contentUrl":"https:\/\/secure.gravatar.com\/avatar\/842a00073a87c3c1af38f724115771bae6278a353edd8ee1e85161e791790047?s=96&d=mm&r=g","caption":"Valesca"}}]}},"_links":{"self":[{"href":"https:\/\/www.accountable.eu\/fr-be\/wp-json\/wp\/v2\/posts\/12625","targetHints":{"allow":["GET"]}}],"collection":[{"href":"https:\/\/www.accountable.eu\/fr-be\/wp-json\/wp\/v2\/posts"}],"about":[{"href":"https:\/\/www.accountable.eu\/fr-be\/wp-json\/wp\/v2\/types\/post"}],"author":[{"embeddable":true,"href":"https:\/\/www.accountable.eu\/fr-be\/wp-json\/wp\/v2\/users\/24"}],"replies":[{"embeddable":true,"href":"https:\/\/www.accountable.eu\/fr-be\/wp-json\/wp\/v2\/comments?post=12625"}],"version-history":[{"count":0,"href":"https:\/\/www.accountable.eu\/fr-be\/wp-json\/wp\/v2\/posts\/12625\/revisions"}],"wp:featuredmedia":[{"embeddable":true,"href":"https:\/\/www.accountable.eu\/fr-be\/wp-json\/wp\/v2\/media\/3389"}],"wp:attachment":[{"href":"https:\/\/www.accountable.eu\/fr-be\/wp-json\/wp\/v2\/media?parent=12625"}],"wp:term":[{"taxonomy":"category","embeddable":true,"href":"https:\/\/www.accountable.eu\/fr-be\/wp-json\/wp\/v2\/categories?post=12625"},{"taxonomy":"post_tag","embeddable":true,"href":"https:\/\/www.accountable.eu\/fr-be\/wp-json\/wp\/v2\/tags?post=12625"}],"curies":[{"name":"wp","href":"https:\/\/api.w.org\/{rel}","templated":true}]}}