{"id":12868,"date":"2023-05-04T12:13:36","date_gmt":"2023-05-04T10:13:36","guid":{"rendered":"https:\/\/prod-migration-second.local\/?p=12868"},"modified":"2024-07-11T10:55:57","modified_gmt":"2024-07-11T08:55:57","slug":"projet-de-reforme-fiscale-2024","status":"publish","type":"post","link":"https:\/\/www.accountable.eu\/fr-be\/blog\/projet-de-reforme-fiscale-2024\/","title":{"rendered":"Projet de r\u00e9forme fiscale pour les ind\u00e9pendants&nbsp;"},"content":{"rendered":"\n<p><strong>D\u00e9but mars 2023, le ministre des Finances, Vincent Van Peteghem, a annonc\u00e9 son projet de r\u00e9forme fiscale. L\u2019objectif consiste \u00e0 rendre la fiscalit\u00e9 moderne, simple, neutre et \u00e9quitable. La premi\u00e8re phase est pr\u00e9vue pour 2024. Il est donc grand temps d\u2019analyser dans quelles mesures cette r\u00e9forme affectera les ind\u00e9pendants et les entrepreneurs.&nbsp;&nbsp;<\/strong><\/p>\n\n\n\n<h2 class=\"wp-block-heading\">Faire travailler plus de gens<\/h2>\n\n\n\n<p>Encourager le travail est l&rsquo;un des axes principaux de cette r\u00e9forme. C\u2019est une bonne id\u00e9e car les entreprises manquent cruellement de personnel.&nbsp;<\/p>\n\n\n\n<p>Aujourd\u2019hui, de nombreuses personnes estiment que travailler n\u2019en vaut pas toujours la peine. Les salaires les plus bas sont \u00e0 peine plus \u00e9lev\u00e9s que les allocations de ch\u00f4mage et les salari\u00e9s les mieux pay\u00e9s ont l&rsquo;impression de payer plus d&rsquo;imp\u00f4ts.&nbsp;<\/p>\n\n\n\n<p>Voici quelques-uns des projets de cette r\u00e9forme :<\/p>\n\n\n\n<h3 class=\"wp-block-heading\">\ud83d\udc49 Extension de la prime au travail<\/h3>\n\n\n\n<p>Aujourd&rsquo;hui, la prime au travail creuse d\u00e9j\u00e0 l&rsquo;\u00e9cart entre les allocations et les salaires les plus bas. Mais d\u00e8s qu\u2019un travailleur est promu ou gagne un peu plus, cette prime diminue assez brutalement. La r\u00e9forme pr\u00e9voit d\u00e8s lors une suppression plus lente de la prime de travail lorsque les salaires augmentent.<\/p>\n\n\n\n<h3 class=\"wp-block-heading\">\ud83d\udc49 Revenu net plus \u00e9lev\u00e9<\/h3>\n\n\n\n<p>La tranche d&rsquo;imposition la plus \u00e9lev\u00e9e (50 %) \u00e9tait \u00e0 l&rsquo;origine destin\u00e9e aux salaires les plus \u00e9lev\u00e9s, mais de nos jours, de plus en plus de travailleurs \u00e0 temps plein entrent dans cette tranche. Par cons\u00e9quent, les tranches d&rsquo;imposition sont ajust\u00e9es et seuls les revenus annuels sup\u00e9rieurs \u00e0 60 000 euros entreront dans la tranche la plus \u00e9lev\u00e9e. \u00c0 titre comparatif, aujourd&rsquo;hui, vous \u00eates d\u00e9j\u00e0 dans la tranche la plus \u00e9lev\u00e9e \u00e0 partir de 46 440 euros. C&rsquo;est donc une bonne nouvelle, entre autres pour les personnes exer\u00e7ant une <a href=\"https:\/\/www.accountable.eu\/fr-be\/blog\/independante-complementaire-calculer-impots\/\">activit\u00e9 compl\u00e9mentaire<\/a>.<\/p>\n\n\n\n<p>Par ailleurs, le montant exon\u00e9r\u00e9 d&rsquo;imp\u00f4t sera \u00e9galement augment\u00e9, passant de 10 160 euros \u00e0 13 500 euros, avec une majoration suppl\u00e9mentaire pour les personnes ayant des enfants. Cette mesure est surtout ressentie par les salari\u00e9s les plus modestes.<\/p>\n\n\n\n<h3 class=\"wp-block-heading\">\ud83d\udc49 Plus grande diminution des imp\u00f4ts pour la garde d\u2019enfants.<\/h3>\n\n\n\n<p>&nbsp;La r\u00e9forme pr\u00e9voit une diminution des imp\u00f4ts plus importante que celle qui existe d\u00e9j\u00e0 pour la garde d&rsquo;enfants. Cela dans le but de rendre ce m\u00e9tier attrayant mais aussi r\u00e9alisable. Un geste financier pr\u00e9cieux, m\u00eame si l&rsquo;impact r\u00e9el d\u00e9pendra davantage de la qualit\u00e9 des services de garde pour chaque enfant.&nbsp;<\/p>\n\n\n\n<h2 class=\"wp-block-heading\">Un climat favorable aux investissements durables<\/h2>\n\n\n\n<p>En termes de durabilit\u00e9, des mesures importantes doivent \u00eatre prises dans les ann\u00e9es \u00e0 venir.&nbsp;<\/p>\n\n\n\n<p>Le projet de r\u00e9forme contient des mesures visant \u00e0 stimuler les investissements dans le domaine des \u00e9nergies renouvelables. Gr\u00e2ce \u00e0 la s\u00e9curit\u00e9 juridique d&rsquo;une part, mais surtout gr\u00e2ce \u00e0 des mesures fiscales, telles que l&rsquo;augmentation de la <a href=\"https:\/\/www.accountable.eu\/fr-be\/blog\/avantages-deduction-pour-investissement\/\">d\u00e9duction pour investissement<\/a>, l&rsquo;acc\u00e9l\u00e9ration du double <a href=\"https:\/\/www.accountable.eu\/fr-be\/blog\/calcul-amortissement-belgique\/\">amortissement<\/a> et le cr\u00e9dit d&rsquo;imp\u00f4t pour la recherche et le d\u00e9veloppement. Ces mesures offrent des opportunit\u00e9s aux entrepreneurs actifs dans ces secteurs.&nbsp;<\/p>\n\n\n\n<h2 class=\"wp-block-heading\">Harmonisation de la TVA : taxe sur la consommation et gouvernance fiscale<\/h2>\n\n\n\n<p>D&rsquo;une taxe sur le travail \u00e0 une taxe sur la consommation. En principe, la r\u00e9forme fiscale doit rester neutre sur le plan budg\u00e9taire et la TVA doit donc compenser une partie des r\u00e9ductions d&rsquo;imp\u00f4ts. Cela s&rsquo;accompagne d&rsquo;une harmonisation des taux de TVA, m\u00eame si quatre taux subsistent.&nbsp;<\/p>\n\n\n\n<p><strong>\ud83d\udc49<\/strong> La TVA est totalement supprim\u00e9e sur les fruits et l\u00e9gumes, les transports publics, les m\u00e9dicaments et les produits d&rsquo;hygi\u00e8ne (couches et serviettes hygi\u00e9niques). La r\u00e9forme vise ainsi \u00e0 promouvoir des modes de vie sains et durables.&nbsp;<\/p>\n\n\n\n<p>\ud83d\udc49 Le taux de TVA de 6 % sera maintenu pour l&rsquo;\u00e9lectricit\u00e9 et d&rsquo;autres produits de premi\u00e8re n\u00e9cessit\u00e9. En p\u00e9riode de crise, il serait inou\u00ef d&rsquo;augmenter la TVA sur l&rsquo;\u00e9lectricit\u00e9.&nbsp;<\/p>\n\n\n\n<p>\ud83d\udc49 Le taux g\u00e9n\u00e9ral de 21 % sera maintenu, mais les taux actuels de 6 % et 12 % seront fusionn\u00e9s \u00e0 9 %. Cela r\u00e9sulte en une augmentation de la TVA pour certaines cat\u00e9gories et une diminution pour d&rsquo;autres.<\/p>\n\n\n\n<h3 class=\"wp-block-heading\">Vue d\u2019ensemble :<\/h3>\n\n\n\n<figure class=\"wp-block-table\"><table><tbody><tr><td>0%<\/td><td>Fruits et l\u00e9gumes, m\u00e9dicaments, hygi\u00e8ne, transports publics<\/td><\/tr><tr><td>6%<\/td><td>Electricit\u00e9, gaz, eau du robinet, chauffage&nbsp;<\/td><\/tr><tr><td>9%<\/td><td>Nouveau taux de TVA r\u00e9duit de TVA (remplace les 12 % actuels et l&rsquo;ancien taux de 6 %)<\/td><\/tr><tr><td>21%<\/td><td>Taux g\u00e9n\u00e9ral<\/td><\/tr><\/tbody><\/table><\/figure>\n\n\n\n<h2 class=\"wp-block-heading\">La TVA pour une soci\u00e9t\u00e9 durable et saine<\/h2>\n\n\n\n<p>Le gouvernement souhaite depuis longtemps utiliser la fiscalit\u00e9 pour promouvoir une alimentation saine et un mode de vie durable. \u00c0 premi\u00e8re vue, la r\u00e9forme fait des choix justifi\u00e9s, mais le risque d&rsquo;effets non d\u00e9sir\u00e9s est bien r\u00e9el.&nbsp;<\/p>\n\n\n\n<p>Chaque projet de r\u00e9forme a, par exemple, besoin d\u2019un certain temps afin d\u2019\u00e9claircir les zones grises et combler les lacunes, moment o\u00f9 les groupes de pression aiment s\u2019impliquer. Avant m\u00eame de s&rsquo;en rendre compte, on finit par se retrouver dans un enchev\u00eatrement confus de r\u00e8gles et d&rsquo;exceptions.&nbsp;<\/p>\n\n\n\n<p>O\u00f9 se situe la limite entre les m\u00e9dicaments et les compl\u00e9ments alimentaires ? Tous les m\u00e9dicaments sont-ils vraiment bons pour la sant\u00e9 ? Et que faire si la durabilit\u00e9 et la sant\u00e9 se contredisent, comme avec l&#8217;empreinte \u00e9cologique des fruits import\u00e9s de pays lointains ?&nbsp;<\/p>\n\n\n\n<p>Notre conclusion ? Avec la fiscalit\u00e9 comme instrument d\u2019orientation de notre soci\u00e9t\u00e9, on marche toujours un peu sur des \u0153ufs. N\u00e9anmoins, la r\u00e9forme semble se baser sur de principes int\u00e9ressants. Esp\u00e9rons que le bon sens pr\u00e9vaudra dans tout cela.&nbsp;<\/p>\n\n\n\n<h2 class=\"wp-block-heading\">Chaque r\u00e9forme apporte son lot de frictions et d&rsquo;opportunit\u00e9s<\/h2>\n\n\n\n<p>Qui profitera le plus de cette r\u00e9forme ? Les grandes multinationales ? Ou les consommateurs et les entrepreneurs locaux ?&nbsp;<\/p>\n\n\n\n<p>La r\u00e9forme de la TVA r\u00e9sulte aussi en des augmentations de prix. Il suffit de penser aux travaux de r\u00e9novation d&rsquo;une maison qui passent d&rsquo;une TVA de 6 % \u00e0 9 %. L&rsquo;impact d\u2019une r\u00e9forme est presque toujours le plus lourd pour ceux qui luttent d\u00e9j\u00e0 aujourd&rsquo;hui, malgr\u00e9 toutes les mesures correctives.&nbsp;<\/p>\n\n\n\n<p><strong>Bien qu\u2019elle ne soit qu\u2019au stade de projet<\/strong>, la r\u00e9forme propose des id\u00e9es int\u00e9ressantes, avec des opportunit\u00e9s pour les ind\u00e9pendants. Elle met l&rsquo;accent sur des points importants et des pr\u00e9occupations majeures dans notre soci\u00e9t\u00e9 et doit maintenant \u00eatre discut\u00e9 avec de nombreuses parties diff\u00e9rentes.&nbsp;<\/p>\n\n\n\n<p>C&rsquo;est pourquoi nous attendons avec impatience de savoir ce que l&rsquo;ann\u00e9e 2024 va nous apporter&nbsp;: quelles r\u00e8gles seront introduites et quels en seront les effets dans notre vie de tous les jours&nbsp;? Nous vous tiendrons, bien s\u00fbr, inform\u00e9s !<\/p>\n","protected":false},"excerpt":{"rendered":"<p>D\u00e9but mars 2023, le ministre des Finances, Vincent Van Peteghem, a annonc\u00e9 son projet de r\u00e9forme fiscale. L\u2019objectif consiste \u00e0 rendre la fiscalit\u00e9 moderne, simple, neutre et \u00e9quitable. La premi\u00e8re phase est pr\u00e9vue pour 2024. Il est donc grand temps d\u2019analyser dans quelles mesures cette r\u00e9forme affectera les ind\u00e9pendants et les entrepreneurs.&nbsp;&nbsp; Faire travailler plus [&hellip;]<\/p>\n","protected":false},"author":24,"featured_media":6595,"comment_status":"closed","ping_status":"closed","sticky":false,"template":"","format":"standard","meta":{"inline_featured_image":false,"footnotes":""},"categories":[288,240],"tags":[310,312,315],"class_list":["post-12868","post","type-post","status-publish","format-standard","has-post-thumbnail","hentry","category-humans-of-accountable-5","category-uncategorized-fr-be","tag-impots","tag-independant","tag-tva"],"acf":[],"yoast_head":"<!-- This site is optimized with the Yoast SEO plugin v27.4 - https:\/\/yoast.com\/product\/yoast-seo-wordpress\/ -->\n<title>Projet de r\u00e9forme fiscale pour les ind\u00e9pendants&nbsp; - Accountable<\/title>\n<meta name=\"description\" content=\"Dans quelles mesures la r\u00e9forme fiscale du ministre Van Peteghem affectera les ind\u00e9pendants et entrepreneurs ? Accountable vous en dit plus.\" \/>\n<meta name=\"robots\" content=\"index, follow, max-snippet:-1, max-image-preview:large, max-video-preview:-1\" \/>\n<link rel=\"canonical\" href=\"https:\/\/www.accountable.eu\/fr-be\/blog\/projet-de-reforme-fiscale-2024\/\" \/>\n<meta property=\"og:locale\" content=\"fr_FR\" \/>\n<meta property=\"og:type\" content=\"article\" \/>\n<meta property=\"og:title\" content=\"Projet de r\u00e9forme fiscale pour les ind\u00e9pendants&nbsp; - Accountable\" \/>\n<meta property=\"og:description\" content=\"Dans quelles mesures la r\u00e9forme fiscale du ministre Van Peteghem affectera les ind\u00e9pendants et entrepreneurs ? Accountable vous en dit plus.\" \/>\n<meta property=\"og:url\" content=\"https:\/\/www.accountable.eu\/fr-be\/blog\/projet-de-reforme-fiscale-2024\/\" \/>\n<meta property=\"og:site_name\" content=\"Accountable\" \/>\n<meta property=\"article:published_time\" content=\"2023-05-04T10:13:36+00:00\" \/>\n<meta property=\"article:modified_time\" content=\"2024-07-11T08:55:57+00:00\" \/>\n<meta property=\"og:image\" content=\"https:\/\/www.accountable.eu\/wp-content\/uploads\/2023\/05\/reforme-fiscale-independants.png\" \/>\n\t<meta property=\"og:image:width\" content=\"686\" \/>\n\t<meta property=\"og:image:height\" content=\"400\" \/>\n\t<meta property=\"og:image:type\" content=\"image\/png\" \/>\n<meta name=\"author\" content=\"Valesca\" \/>\n<meta name=\"twitter:card\" content=\"summary_large_image\" \/>\n<meta name=\"twitter:label1\" content=\"\u00c9crit par\" \/>\n\t<meta name=\"twitter:data1\" content=\"Valesca\" \/>\n\t<meta name=\"twitter:label2\" content=\"Dur\u00e9e de lecture est.\" \/>\n\t<meta name=\"twitter:data2\" content=\"6 minutes\" \/>\n<script type=\"application\/ld+json\" class=\"yoast-schema-graph\">{\"@context\":\"https:\\\/\\\/schema.org\",\"@graph\":[{\"@type\":\"Article\",\"@id\":\"https:\\\/\\\/www.accountable.eu\\\/fr-be\\\/blog\\\/projet-de-reforme-fiscale-2024\\\/#article\",\"isPartOf\":{\"@id\":\"https:\\\/\\\/www.accountable.eu\\\/fr-be\\\/blog\\\/projet-de-reforme-fiscale-2024\\\/\"},\"author\":{\"name\":\"Valesca\",\"@id\":\"https:\\\/\\\/www.accountable.eu\\\/fr-be\\\/#\\\/schema\\\/person\\\/e9b420257ec5e7ac236d337e8c3aa7ad\"},\"headline\":\"Projet de r\u00e9forme fiscale pour les ind\u00e9pendants&nbsp;\",\"datePublished\":\"2023-05-04T10:13:36+00:00\",\"dateModified\":\"2024-07-11T08:55:57+00:00\",\"mainEntityOfPage\":{\"@id\":\"https:\\\/\\\/www.accountable.eu\\\/fr-be\\\/blog\\\/projet-de-reforme-fiscale-2024\\\/\"},\"wordCount\":1152,\"publisher\":{\"@id\":\"https:\\\/\\\/www.accountable.eu\\\/fr-be\\\/#organization\"},\"image\":{\"@id\":\"https:\\\/\\\/www.accountable.eu\\\/fr-be\\\/blog\\\/projet-de-reforme-fiscale-2024\\\/#primaryimage\"},\"thumbnailUrl\":\"https:\\\/\\\/www.accountable.eu\\\/wp-content\\\/uploads\\\/2023\\\/05\\\/reforme-fiscale-independants.png\",\"keywords\":[\"Imp\u00f4ts\",\"Ind\u00e9pendant \u00e0 titre principal\",\"TVA\"],\"articleSection\":[\"Humans of Accountable\",\"Uncategorized @fr-be\"],\"inLanguage\":\"fr-BE\"},{\"@type\":\"WebPage\",\"@id\":\"https:\\\/\\\/www.accountable.eu\\\/fr-be\\\/blog\\\/projet-de-reforme-fiscale-2024\\\/\",\"url\":\"https:\\\/\\\/www.accountable.eu\\\/fr-be\\\/blog\\\/projet-de-reforme-fiscale-2024\\\/\",\"name\":\"Projet de r\u00e9forme fiscale pour les ind\u00e9pendants&nbsp; - Accountable\",\"isPartOf\":{\"@id\":\"https:\\\/\\\/www.accountable.eu\\\/fr-be\\\/#website\"},\"primaryImageOfPage\":{\"@id\":\"https:\\\/\\\/www.accountable.eu\\\/fr-be\\\/blog\\\/projet-de-reforme-fiscale-2024\\\/#primaryimage\"},\"image\":{\"@id\":\"https:\\\/\\\/www.accountable.eu\\\/fr-be\\\/blog\\\/projet-de-reforme-fiscale-2024\\\/#primaryimage\"},\"thumbnailUrl\":\"https:\\\/\\\/www.accountable.eu\\\/wp-content\\\/uploads\\\/2023\\\/05\\\/reforme-fiscale-independants.png\",\"datePublished\":\"2023-05-04T10:13:36+00:00\",\"dateModified\":\"2024-07-11T08:55:57+00:00\",\"description\":\"Dans quelles mesures la r\u00e9forme fiscale du ministre Van Peteghem affectera les ind\u00e9pendants et entrepreneurs ? Accountable vous en dit plus.\",\"breadcrumb\":{\"@id\":\"https:\\\/\\\/www.accountable.eu\\\/fr-be\\\/blog\\\/projet-de-reforme-fiscale-2024\\\/#breadcrumb\"},\"inLanguage\":\"fr-BE\",\"potentialAction\":[{\"@type\":\"ReadAction\",\"target\":[\"https:\\\/\\\/www.accountable.eu\\\/fr-be\\\/blog\\\/projet-de-reforme-fiscale-2024\\\/\"]}]},{\"@type\":\"ImageObject\",\"inLanguage\":\"fr-BE\",\"@id\":\"https:\\\/\\\/www.accountable.eu\\\/fr-be\\\/blog\\\/projet-de-reforme-fiscale-2024\\\/#primaryimage\",\"url\":\"https:\\\/\\\/www.accountable.eu\\\/wp-content\\\/uploads\\\/2023\\\/05\\\/reforme-fiscale-independants.png\",\"contentUrl\":\"https:\\\/\\\/www.accountable.eu\\\/wp-content\\\/uploads\\\/2023\\\/05\\\/reforme-fiscale-independants.png\",\"width\":686,\"height\":400,\"caption\":\"r\u00e9forme fiscale ind\u00e9pendants\"},{\"@type\":\"BreadcrumbList\",\"@id\":\"https:\\\/\\\/www.accountable.eu\\\/fr-be\\\/blog\\\/projet-de-reforme-fiscale-2024\\\/#breadcrumb\",\"itemListElement\":[{\"@type\":\"ListItem\",\"position\":1,\"name\":\"Home\",\"item\":\"https:\\\/\\\/www.accountable.eu\\\/fr-be\\\/\"},{\"@type\":\"ListItem\",\"position\":2,\"name\":\"Projet de r\u00e9forme fiscale pour les ind\u00e9pendants&nbsp;\"}]},{\"@type\":\"WebSite\",\"@id\":\"https:\\\/\\\/www.accountable.eu\\\/fr-be\\\/#website\",\"url\":\"https:\\\/\\\/www.accountable.eu\\\/fr-be\\\/\",\"name\":\"Accountable\",\"description\":\"Your accountant and tax advisor on your smartphone\",\"publisher\":{\"@id\":\"https:\\\/\\\/www.accountable.eu\\\/fr-be\\\/#organization\"},\"potentialAction\":[{\"@type\":\"SearchAction\",\"target\":{\"@type\":\"EntryPoint\",\"urlTemplate\":\"https:\\\/\\\/www.accountable.eu\\\/fr-be\\\/?s={search_term_string}\"},\"query-input\":{\"@type\":\"PropertyValueSpecification\",\"valueRequired\":true,\"valueName\":\"search_term_string\"}}],\"inLanguage\":\"fr-BE\"},{\"@type\":\"Organization\",\"@id\":\"https:\\\/\\\/www.accountable.eu\\\/fr-be\\\/#organization\",\"name\":\"Accountable\",\"url\":\"https:\\\/\\\/www.accountable.eu\\\/fr-be\\\/\",\"logo\":{\"@type\":\"ImageObject\",\"inLanguage\":\"fr-BE\",\"@id\":\"https:\\\/\\\/www.accountable.eu\\\/fr-be\\\/#\\\/schema\\\/logo\\\/image\\\/\",\"url\":\"https:\\\/\\\/www.accountable.eu\\\/wp-content\\\/uploads\\\/2026\\\/04\\\/logo-512.png\",\"contentUrl\":\"https:\\\/\\\/www.accountable.eu\\\/wp-content\\\/uploads\\\/2026\\\/04\\\/logo-512.png\",\"width\":512,\"height\":512,\"caption\":\"Accountable\"},\"image\":{\"@id\":\"https:\\\/\\\/www.accountable.eu\\\/fr-be\\\/#\\\/schema\\\/logo\\\/image\\\/\"}},{\"@type\":\"Person\",\"@id\":\"https:\\\/\\\/www.accountable.eu\\\/fr-be\\\/#\\\/schema\\\/person\\\/e9b420257ec5e7ac236d337e8c3aa7ad\",\"name\":\"Valesca\",\"image\":{\"@type\":\"ImageObject\",\"inLanguage\":\"fr-BE\",\"@id\":\"https:\\\/\\\/secure.gravatar.com\\\/avatar\\\/842a00073a87c3c1af38f724115771bae6278a353edd8ee1e85161e791790047?s=96&d=mm&r=g\",\"url\":\"https:\\\/\\\/secure.gravatar.com\\\/avatar\\\/842a00073a87c3c1af38f724115771bae6278a353edd8ee1e85161e791790047?s=96&d=mm&r=g\",\"contentUrl\":\"https:\\\/\\\/secure.gravatar.com\\\/avatar\\\/842a00073a87c3c1af38f724115771bae6278a353edd8ee1e85161e791790047?s=96&d=mm&r=g\",\"caption\":\"Valesca\"}}]}<\/script>\n<!-- \/ Yoast SEO plugin. -->","yoast_head_json":{"title":"Projet de r\u00e9forme fiscale pour les ind\u00e9pendants&nbsp; - Accountable","description":"Dans quelles mesures la r\u00e9forme fiscale du ministre Van Peteghem affectera les ind\u00e9pendants et entrepreneurs ? Accountable vous en dit plus.","robots":{"index":"index","follow":"follow","max-snippet":"max-snippet:-1","max-image-preview":"max-image-preview:large","max-video-preview":"max-video-preview:-1"},"canonical":"https:\/\/www.accountable.eu\/fr-be\/blog\/projet-de-reforme-fiscale-2024\/","og_locale":"fr_FR","og_type":"article","og_title":"Projet de r\u00e9forme fiscale pour les ind\u00e9pendants&nbsp; - Accountable","og_description":"Dans quelles mesures la r\u00e9forme fiscale du ministre Van Peteghem affectera les ind\u00e9pendants et entrepreneurs ? Accountable vous en dit plus.","og_url":"https:\/\/www.accountable.eu\/fr-be\/blog\/projet-de-reforme-fiscale-2024\/","og_site_name":"Accountable","article_published_time":"2023-05-04T10:13:36+00:00","article_modified_time":"2024-07-11T08:55:57+00:00","og_image":[{"width":686,"height":400,"url":"https:\/\/www.accountable.eu\/wp-content\/uploads\/2023\/05\/reforme-fiscale-independants.png","type":"image\/png"}],"author":"Valesca","twitter_card":"summary_large_image","twitter_misc":{"\u00c9crit par":"Valesca","Dur\u00e9e de lecture est.":"6 minutes"},"schema":{"@context":"https:\/\/schema.org","@graph":[{"@type":"Article","@id":"https:\/\/www.accountable.eu\/fr-be\/blog\/projet-de-reforme-fiscale-2024\/#article","isPartOf":{"@id":"https:\/\/www.accountable.eu\/fr-be\/blog\/projet-de-reforme-fiscale-2024\/"},"author":{"name":"Valesca","@id":"https:\/\/www.accountable.eu\/fr-be\/#\/schema\/person\/e9b420257ec5e7ac236d337e8c3aa7ad"},"headline":"Projet de r\u00e9forme fiscale pour les ind\u00e9pendants&nbsp;","datePublished":"2023-05-04T10:13:36+00:00","dateModified":"2024-07-11T08:55:57+00:00","mainEntityOfPage":{"@id":"https:\/\/www.accountable.eu\/fr-be\/blog\/projet-de-reforme-fiscale-2024\/"},"wordCount":1152,"publisher":{"@id":"https:\/\/www.accountable.eu\/fr-be\/#organization"},"image":{"@id":"https:\/\/www.accountable.eu\/fr-be\/blog\/projet-de-reforme-fiscale-2024\/#primaryimage"},"thumbnailUrl":"https:\/\/www.accountable.eu\/wp-content\/uploads\/2023\/05\/reforme-fiscale-independants.png","keywords":["Imp\u00f4ts","Ind\u00e9pendant \u00e0 titre principal","TVA"],"articleSection":["Humans of Accountable","Uncategorized @fr-be"],"inLanguage":"fr-BE"},{"@type":"WebPage","@id":"https:\/\/www.accountable.eu\/fr-be\/blog\/projet-de-reforme-fiscale-2024\/","url":"https:\/\/www.accountable.eu\/fr-be\/blog\/projet-de-reforme-fiscale-2024\/","name":"Projet de r\u00e9forme fiscale pour les ind\u00e9pendants&nbsp; - Accountable","isPartOf":{"@id":"https:\/\/www.accountable.eu\/fr-be\/#website"},"primaryImageOfPage":{"@id":"https:\/\/www.accountable.eu\/fr-be\/blog\/projet-de-reforme-fiscale-2024\/#primaryimage"},"image":{"@id":"https:\/\/www.accountable.eu\/fr-be\/blog\/projet-de-reforme-fiscale-2024\/#primaryimage"},"thumbnailUrl":"https:\/\/www.accountable.eu\/wp-content\/uploads\/2023\/05\/reforme-fiscale-independants.png","datePublished":"2023-05-04T10:13:36+00:00","dateModified":"2024-07-11T08:55:57+00:00","description":"Dans quelles mesures la r\u00e9forme fiscale du ministre Van Peteghem affectera les ind\u00e9pendants et entrepreneurs ? Accountable vous en dit plus.","breadcrumb":{"@id":"https:\/\/www.accountable.eu\/fr-be\/blog\/projet-de-reforme-fiscale-2024\/#breadcrumb"},"inLanguage":"fr-BE","potentialAction":[{"@type":"ReadAction","target":["https:\/\/www.accountable.eu\/fr-be\/blog\/projet-de-reforme-fiscale-2024\/"]}]},{"@type":"ImageObject","inLanguage":"fr-BE","@id":"https:\/\/www.accountable.eu\/fr-be\/blog\/projet-de-reforme-fiscale-2024\/#primaryimage","url":"https:\/\/www.accountable.eu\/wp-content\/uploads\/2023\/05\/reforme-fiscale-independants.png","contentUrl":"https:\/\/www.accountable.eu\/wp-content\/uploads\/2023\/05\/reforme-fiscale-independants.png","width":686,"height":400,"caption":"r\u00e9forme fiscale ind\u00e9pendants"},{"@type":"BreadcrumbList","@id":"https:\/\/www.accountable.eu\/fr-be\/blog\/projet-de-reforme-fiscale-2024\/#breadcrumb","itemListElement":[{"@type":"ListItem","position":1,"name":"Home","item":"https:\/\/www.accountable.eu\/fr-be\/"},{"@type":"ListItem","position":2,"name":"Projet de r\u00e9forme fiscale pour les ind\u00e9pendants&nbsp;"}]},{"@type":"WebSite","@id":"https:\/\/www.accountable.eu\/fr-be\/#website","url":"https:\/\/www.accountable.eu\/fr-be\/","name":"Accountable","description":"Your accountant and tax advisor on your smartphone","publisher":{"@id":"https:\/\/www.accountable.eu\/fr-be\/#organization"},"potentialAction":[{"@type":"SearchAction","target":{"@type":"EntryPoint","urlTemplate":"https:\/\/www.accountable.eu\/fr-be\/?s={search_term_string}"},"query-input":{"@type":"PropertyValueSpecification","valueRequired":true,"valueName":"search_term_string"}}],"inLanguage":"fr-BE"},{"@type":"Organization","@id":"https:\/\/www.accountable.eu\/fr-be\/#organization","name":"Accountable","url":"https:\/\/www.accountable.eu\/fr-be\/","logo":{"@type":"ImageObject","inLanguage":"fr-BE","@id":"https:\/\/www.accountable.eu\/fr-be\/#\/schema\/logo\/image\/","url":"https:\/\/www.accountable.eu\/wp-content\/uploads\/2026\/04\/logo-512.png","contentUrl":"https:\/\/www.accountable.eu\/wp-content\/uploads\/2026\/04\/logo-512.png","width":512,"height":512,"caption":"Accountable"},"image":{"@id":"https:\/\/www.accountable.eu\/fr-be\/#\/schema\/logo\/image\/"}},{"@type":"Person","@id":"https:\/\/www.accountable.eu\/fr-be\/#\/schema\/person\/e9b420257ec5e7ac236d337e8c3aa7ad","name":"Valesca","image":{"@type":"ImageObject","inLanguage":"fr-BE","@id":"https:\/\/secure.gravatar.com\/avatar\/842a00073a87c3c1af38f724115771bae6278a353edd8ee1e85161e791790047?s=96&d=mm&r=g","url":"https:\/\/secure.gravatar.com\/avatar\/842a00073a87c3c1af38f724115771bae6278a353edd8ee1e85161e791790047?s=96&d=mm&r=g","contentUrl":"https:\/\/secure.gravatar.com\/avatar\/842a00073a87c3c1af38f724115771bae6278a353edd8ee1e85161e791790047?s=96&d=mm&r=g","caption":"Valesca"}}]}},"_links":{"self":[{"href":"https:\/\/www.accountable.eu\/fr-be\/wp-json\/wp\/v2\/posts\/12868","targetHints":{"allow":["GET"]}}],"collection":[{"href":"https:\/\/www.accountable.eu\/fr-be\/wp-json\/wp\/v2\/posts"}],"about":[{"href":"https:\/\/www.accountable.eu\/fr-be\/wp-json\/wp\/v2\/types\/post"}],"author":[{"embeddable":true,"href":"https:\/\/www.accountable.eu\/fr-be\/wp-json\/wp\/v2\/users\/24"}],"replies":[{"embeddable":true,"href":"https:\/\/www.accountable.eu\/fr-be\/wp-json\/wp\/v2\/comments?post=12868"}],"version-history":[{"count":0,"href":"https:\/\/www.accountable.eu\/fr-be\/wp-json\/wp\/v2\/posts\/12868\/revisions"}],"wp:featuredmedia":[{"embeddable":true,"href":"https:\/\/www.accountable.eu\/fr-be\/wp-json\/wp\/v2\/media\/6595"}],"wp:attachment":[{"href":"https:\/\/www.accountable.eu\/fr-be\/wp-json\/wp\/v2\/media?parent=12868"}],"wp:term":[{"taxonomy":"category","embeddable":true,"href":"https:\/\/www.accountable.eu\/fr-be\/wp-json\/wp\/v2\/categories?post=12868"},{"taxonomy":"post_tag","embeddable":true,"href":"https:\/\/www.accountable.eu\/fr-be\/wp-json\/wp\/v2\/tags?post=12868"}],"curies":[{"name":"wp","href":"https:\/\/api.w.org\/{rel}","templated":true}]}}