{"id":12920,"date":"2023-03-21T16:21:05","date_gmt":"2023-03-21T15:21:05","guid":{"rendered":"https:\/\/prod-migration-second.local\/?p=12920"},"modified":"2025-06-05T14:51:50","modified_gmt":"2025-06-05T12:51:50","slug":"refacturer-des-frais-aux-clients","status":"publish","type":"post","link":"https:\/\/www.accountable.eu\/fr-be\/blog\/refacturer-des-frais-aux-clients\/","title":{"rendered":"Vous souhaitez refacturer des frais \u00e0 vos clients ? Voici les r\u00e8gles en mati\u00e8re de TVA!"},"content":{"rendered":"\n<p><strong>Si vous engagez des frais professionnels pour un client, il est logique de les refacturer. Mais en fonction du type de frais, les modalit\u00e9s varient, notamment en mati\u00e8re de TVA.&nbsp;<\/strong><\/p>\n\n\n\n<p><span style=\"font-weight: 400;\">Il existe 3 cas de figure possibles.<\/span><\/p>\n\n\n\n<h2 class=\"wp-block-heading\"><strong>Cas de figure 1 : les frais li\u00e9s \u00e0 l&rsquo;activit\u00e9 principale suivent le taux de TVA de l&rsquo;activit\u00e9 principale<\/strong><\/h2>\n\n\n\n<p><span style=\"font-weight: 400;\">Lorsque vous engagez des frais dans le cadre d&rsquo;un projet pour un client, vous les facturez au m\u00eame taux de TVA que l&rsquo;activit\u00e9 principale. Si celle-ci rel\u00e8ve du r\u00e9gime de 21%, vous les refacturez \u00e0 21%. Si votre activit\u00e9 est <strong><a href=\"https:\/\/www.accountable.eu\/fr-be\/blog\/franchise-tva-assujettissement\/\">exempt\u00e9e de TVA<\/a><\/strong>, cela vaut \u00e9galement pour les frais refactur\u00e9s.&nbsp;<\/span><\/p>\n\n\n\n<p><span style=\"font-weight: 400;\">Il importe peu que ces frais figurent sur la m\u00eame facture que l&rsquo;activit\u00e9 principale ou sur une facture distincte. Tant qu&rsquo;ils sont li\u00e9s \u00e0 l&rsquo;activit\u00e9 principale, ils sont soumis au m\u00eame taux de TVA.&nbsp;<\/span><\/p>\n\n\n\n<p><span style=\"font-weight: 400;\">Ce principe s&rsquo;applique aux biens que vous achetez pour votre client, comme des mati\u00e8res premi\u00e8res ou une machine, mais aussi \u00e0 d&rsquo;autres \u00e9l\u00e9ments, comme les frais de transport ou d&rsquo;h\u00f4tel.&nbsp;<\/span><\/p>\n\n\n\n<p><span style=\"font-weight: 400;\">Un exemple concret : vous vendez une machine, vous la livrez et l&rsquo;installez pour le client. Sur la facture, vous indiquez les diff\u00e9rents postes de d\u00e9penses : le bien vendu, l&rsquo;installation et les autres services, ainsi que les frais de d\u00e9placement et les \u00e9ventuels frais d&rsquo;h\u00e9bergement. Et vous appliquez le m\u00eame taux de TVA pour chaque \u00e9l\u00e9ment.<\/span><\/p>\n\n\n\n<h3 class=\"wp-block-heading\"><b>Qu&rsquo;en est-il de la TVA si je ne la r\u00e9cup\u00e8re pas moi-m\u00eame ?&nbsp;<\/b><\/h3>\n\n\n\n<p><span style=\"font-weight: 400;\">En principe, la TVA que vous ne r\u00e9cup\u00e9rez pas est ajout\u00e9e aux frais sur la facture.&nbsp;<\/span><\/p>\n\n\n\n<p><span style=\"font-weight: 400;\">Sur les frais de restaurant, par exemple, vous payez la TVA. Vous \u00eates sorti manger un bout pour un projet client sp\u00e9cifique et vous refacturez ce montant ? Vous indiquez alors le montant, TVA comprise, comme frais distincts sur la facture.&nbsp;<\/span><\/p>\n\n\n\n<p><span style=\"font-weight: 400;\">Votre client paie ici <strong>la TVA en plus d&rsquo;un montant incluant la TVA<\/strong>. Cependant, si votre client est une entreprise assujettie \u00e0 la TVA, il r\u00e9cup\u00e9rera la TVA sur la facture totale, y compris la TVA suppl\u00e9mentaire sur les frais de restaurant.&nbsp;<\/span><\/p>\n\n\n\n<h3 class=\"wp-block-heading\"><b>Que se passe-t-il si je suis moi-m\u00eame exempt\u00e9(e) de TVA, en tant que petite entreprise ?&nbsp;&nbsp;<\/b><\/h3>\n\n\n\n<p><span style=\"font-weight: 400;\">Si vous \u00eates exempt\u00e9(e) de TVA, <a href=\"https:\/\/www.accountable.eu\/fr-be\/blog\/deduire-la-tva\/\"><strong>la r\u00e9cup\u00e9ration de la TVA<\/strong><\/a> ne vous concerne de toute fa\u00e7on pas. La TVA que vous ne r\u00e9cup\u00e9rez pas doit \u00eatre ajout\u00e9e aux frais figurant sur la facture, et dans votre cas, cela s&rsquo;applique \u00e0 tous les frais encourus.&nbsp;<\/span><\/p>\n\n\n\n<p><span style=\"font-weight: 400;\">En revanche, vous ne devez pas facturer vous-m\u00eame la TVA \u00e0 votre client, vous ne devez donc pas facturer une seconde fois la TVA sur les frais encourus. Par cons\u00e9quent, pour un particulier, vous n&rsquo;\u00eates pas n\u00e9cessairement plus cher que quelqu\u2019un assujetti \u00e0 la TVA.<\/span><\/p>\n\n\n\n<h2 class=\"wp-block-heading\"><strong>Cas de figure 2 : refacturation des avances, frais engag\u00e9s au nom de votre client<\/strong><\/h2>\n\n\n\n<p><span style=\"font-weight: 400;\">Un webdesigner qui souscrit un nom de domaine, ou un garagiste qui se rend au contr\u00f4le technique pour son client. Ce sont tous des services \u00ab\u00a0au nom et pour le compte du client final\u00a0\u00bb.&nbsp;<\/span><\/p>\n\n\n\n<p><span style=\"font-weight: 400;\">Le service proprement dit fait donc r\u00e9f\u00e9rence au client final. Vous facilitez ce service, en tant qu&rsquo;interm\u00e9diaire, et vous ne devez pas facturer la TVA en plus de ce service. Bien entendu, le client final doit payer la TVA (le cas \u00e9ch\u00e9ant) sur la facture originale. Si vous l&rsquo;avez avanc\u00e9e, vous devez inclure ce montant total sur votre facture, sans facturer de TVA suppl\u00e9mentaire.&nbsp;<\/span><\/p>\n\n\n\n<h2 class=\"wp-block-heading\"><strong>Cas de figure 3 : les frais non li\u00e9s \u00e0 un projet client suivent leur propre r\u00e9gime de TVA<\/strong><\/h2>\n\n\n\n<p><span style=\"font-weight: 400;\">Les frais qui ne sont pas li\u00e9s \u00e0 un projet client ne sont normalement pas non plus factur\u00e9s \u00e0 votre client. Ce type de frais n&rsquo;est donc pas tr\u00e8s courant.&nbsp;<\/span><\/p>\n\n\n\n<p><span style=\"font-weight: 400;\">Mais le sc\u00e9nario suivant est possible : vous louez un immeuble de bureaux en tant que soci\u00e9t\u00e9 et vous en relouez une partie ? Dans ce cas, ces frais ne peuvent pas \u00eatre li\u00e9s \u00e0 un projet sp\u00e9cifique du client et suivent leur propre r\u00e9gime de TVA. Vous ne payez pas de TVA sur les loyers, vous ne devez donc pas facturer de TVA lors de la refacturation de votre bureau.&nbsp;<\/span><\/p>\n\n\n\n<p><span style=\"font-weight: 400;\">Cependant, vous louez vous-m\u00eame temporairement un bureau \u00e0 proximit\u00e9 d&rsquo;un client, enti\u00e8rement dans le cadre d&rsquo;un projet pour ce client ? Si vous le facturez comme un \u00e9l\u00e9ment des frais distincts, il devient partie int\u00e9grante de l&rsquo;activit\u00e9 principale et vous retombez dans le premier cas de figure. Vous devez alors refacturer les frais de location que vous payez vous-m\u00eame selon le r\u00e9gime de TVA de l&rsquo;activit\u00e9 principale.&nbsp;<\/span><\/p>\n\n\n\n<p><strong>Vous disposez donc de suffisamment d&rsquo;informations pour refacturer correctement les frais encourus. Selon votre propre r\u00e9gime de TVA, ou celui de l&rsquo;activit\u00e9 principale. Dans Accountable, vous adaptez la TVA en fonction du cas de figure et cr\u00e9ez des factures claires et correctes en un rien de temps.&nbsp;<\/strong><\/p>\n\n\n\n<p><a href=\"https:\/\/web.accountable.eu\/signup\"><strong>Cela vous intrigue ? Essayez Accountable d\u00e8s maintenant pendant 1 mois gratuitement.<\/strong><\/a><\/p>\n","protected":false},"excerpt":{"rendered":"<p>Si vous engagez des frais professionnels pour un client, il est logique de les refacturer. Mais en fonction du type de frais, les modalit\u00e9s varient, notamment en mati\u00e8re de TVA.&nbsp; Il existe 3 cas de figure possibles. Cas de figure 1 : les frais li\u00e9s \u00e0 l&rsquo;activit\u00e9 principale suivent le taux de TVA de l&rsquo;activit\u00e9 [&hellip;]<\/p>\n","protected":false},"author":24,"featured_media":5384,"comment_status":"closed","ping_status":"closed","sticky":false,"template":"","format":"standard","meta":{"inline_featured_image":false,"footnotes":""},"categories":[284,240],"tags":[307,312,315],"class_list":["post-12920","post","type-post","status-publish","format-standard","has-post-thumbnail","hentry","category-payer-et-declarer-la-tva","category-uncategorized-fr-be","tag-frais-professionnels","tag-independant","tag-tva"],"acf":[],"yoast_head":"<!-- This site is optimized with the Yoast SEO plugin v27.4 - https:\/\/yoast.com\/product\/yoast-seo-wordpress\/ -->\n<title>Vous souhaitez refacturer des frais \u00e0 vos clients ? Voici les r\u00e8gles en mati\u00e8re de TVA! - Accountable<\/title>\n<meta name=\"description\" content=\"Quelles sont les r\u00e8gles de TVA applicables \u00e0 la refacturation des co\u00fbts aux clients ? Pour savoir comment refacturer correctement la TVA, cliquez ici.\" \/>\n<meta name=\"robots\" content=\"index, follow, max-snippet:-1, max-image-preview:large, max-video-preview:-1\" \/>\n<link rel=\"canonical\" href=\"https:\/\/www.accountable.eu\/fr-be\/blog\/refacturer-des-frais-aux-clients\/\" \/>\n<meta property=\"og:locale\" content=\"fr_FR\" \/>\n<meta property=\"og:type\" content=\"article\" \/>\n<meta property=\"og:title\" content=\"Vous souhaitez refacturer des frais \u00e0 vos clients ? Voici les r\u00e8gles en mati\u00e8re de TVA! - Accountable\" \/>\n<meta property=\"og:description\" content=\"Quelles sont les r\u00e8gles de TVA applicables \u00e0 la refacturation des co\u00fbts aux clients ? Pour savoir comment refacturer correctement la TVA, cliquez ici.\" \/>\n<meta property=\"og:url\" content=\"https:\/\/www.accountable.eu\/fr-be\/blog\/refacturer-des-frais-aux-clients\/\" \/>\n<meta property=\"og:site_name\" content=\"Accountable\" \/>\n<meta property=\"article:published_time\" content=\"2023-03-21T15:21:05+00:00\" \/>\n<meta property=\"article:modified_time\" content=\"2025-06-05T12:51:50+00:00\" \/>\n<meta property=\"og:image\" content=\"https:\/\/www.accountable.eu\/wp-content\/uploads\/2022\/08\/Export-me-pleeeeaaase_11.png\" \/>\n\t<meta property=\"og:image:width\" content=\"343\" \/>\n\t<meta property=\"og:image:height\" content=\"200\" \/>\n\t<meta property=\"og:image:type\" content=\"image\/png\" \/>\n<meta name=\"author\" content=\"Valesca\" \/>\n<meta name=\"twitter:card\" content=\"summary_large_image\" \/>\n<meta name=\"twitter:label1\" content=\"\u00c9crit par\" \/>\n\t<meta name=\"twitter:data1\" content=\"Valesca\" \/>\n\t<meta name=\"twitter:label2\" content=\"Dur\u00e9e de lecture est.\" \/>\n\t<meta name=\"twitter:data2\" content=\"4 minutes\" \/>\n<script type=\"application\/ld+json\" class=\"yoast-schema-graph\">{\"@context\":\"https:\\\/\\\/schema.org\",\"@graph\":[{\"@type\":\"Article\",\"@id\":\"https:\\\/\\\/www.accountable.eu\\\/fr-be\\\/blog\\\/refacturer-des-frais-aux-clients\\\/#article\",\"isPartOf\":{\"@id\":\"https:\\\/\\\/www.accountable.eu\\\/fr-be\\\/blog\\\/refacturer-des-frais-aux-clients\\\/\"},\"author\":{\"name\":\"Valesca\",\"@id\":\"https:\\\/\\\/www.accountable.eu\\\/fr-be\\\/#\\\/schema\\\/person\\\/e9b420257ec5e7ac236d337e8c3aa7ad\"},\"headline\":\"Vous souhaitez refacturer des frais \u00e0 vos clients ? Voici les r\u00e8gles en mati\u00e8re de TVA!\",\"datePublished\":\"2023-03-21T15:21:05+00:00\",\"dateModified\":\"2025-06-05T12:51:50+00:00\",\"mainEntityOfPage\":{\"@id\":\"https:\\\/\\\/www.accountable.eu\\\/fr-be\\\/blog\\\/refacturer-des-frais-aux-clients\\\/\"},\"wordCount\":902,\"publisher\":{\"@id\":\"https:\\\/\\\/www.accountable.eu\\\/fr-be\\\/#organization\"},\"image\":{\"@id\":\"https:\\\/\\\/www.accountable.eu\\\/fr-be\\\/blog\\\/refacturer-des-frais-aux-clients\\\/#primaryimage\"},\"thumbnailUrl\":\"https:\\\/\\\/www.accountable.eu\\\/wp-content\\\/uploads\\\/2022\\\/08\\\/Export-me-pleeeeaaase_11.png\",\"keywords\":[\"Frais pro\",\"Ind\u00e9pendant \u00e0 titre principal\",\"TVA\"],\"articleSection\":[\"D\u00e9clarer et payer la TVA\",\"Uncategorized @fr-be\"],\"inLanguage\":\"fr-BE\"},{\"@type\":\"WebPage\",\"@id\":\"https:\\\/\\\/www.accountable.eu\\\/fr-be\\\/blog\\\/refacturer-des-frais-aux-clients\\\/\",\"url\":\"https:\\\/\\\/www.accountable.eu\\\/fr-be\\\/blog\\\/refacturer-des-frais-aux-clients\\\/\",\"name\":\"Vous souhaitez refacturer des frais \u00e0 vos clients ? Voici les r\u00e8gles en mati\u00e8re de TVA! - Accountable\",\"isPartOf\":{\"@id\":\"https:\\\/\\\/www.accountable.eu\\\/fr-be\\\/#website\"},\"primaryImageOfPage\":{\"@id\":\"https:\\\/\\\/www.accountable.eu\\\/fr-be\\\/blog\\\/refacturer-des-frais-aux-clients\\\/#primaryimage\"},\"image\":{\"@id\":\"https:\\\/\\\/www.accountable.eu\\\/fr-be\\\/blog\\\/refacturer-des-frais-aux-clients\\\/#primaryimage\"},\"thumbnailUrl\":\"https:\\\/\\\/www.accountable.eu\\\/wp-content\\\/uploads\\\/2022\\\/08\\\/Export-me-pleeeeaaase_11.png\",\"datePublished\":\"2023-03-21T15:21:05+00:00\",\"dateModified\":\"2025-06-05T12:51:50+00:00\",\"description\":\"Quelles sont les r\u00e8gles de TVA applicables \u00e0 la refacturation des co\u00fbts aux clients ? Pour savoir comment refacturer correctement la TVA, cliquez ici.\",\"breadcrumb\":{\"@id\":\"https:\\\/\\\/www.accountable.eu\\\/fr-be\\\/blog\\\/refacturer-des-frais-aux-clients\\\/#breadcrumb\"},\"inLanguage\":\"fr-BE\",\"potentialAction\":[{\"@type\":\"ReadAction\",\"target\":[\"https:\\\/\\\/www.accountable.eu\\\/fr-be\\\/blog\\\/refacturer-des-frais-aux-clients\\\/\"]}]},{\"@type\":\"ImageObject\",\"inLanguage\":\"fr-BE\",\"@id\":\"https:\\\/\\\/www.accountable.eu\\\/fr-be\\\/blog\\\/refacturer-des-frais-aux-clients\\\/#primaryimage\",\"url\":\"https:\\\/\\\/www.accountable.eu\\\/wp-content\\\/uploads\\\/2022\\\/08\\\/Export-me-pleeeeaaase_11.png\",\"contentUrl\":\"https:\\\/\\\/www.accountable.eu\\\/wp-content\\\/uploads\\\/2022\\\/08\\\/Export-me-pleeeeaaase_11.png\",\"width\":343,\"height\":200},{\"@type\":\"BreadcrumbList\",\"@id\":\"https:\\\/\\\/www.accountable.eu\\\/fr-be\\\/blog\\\/refacturer-des-frais-aux-clients\\\/#breadcrumb\",\"itemListElement\":[{\"@type\":\"ListItem\",\"position\":1,\"name\":\"Home\",\"item\":\"https:\\\/\\\/www.accountable.eu\\\/fr-be\\\/\"},{\"@type\":\"ListItem\",\"position\":2,\"name\":\"Vous souhaitez refacturer des frais \u00e0 vos clients ? Voici les r\u00e8gles en mati\u00e8re de TVA!\"}]},{\"@type\":\"WebSite\",\"@id\":\"https:\\\/\\\/www.accountable.eu\\\/fr-be\\\/#website\",\"url\":\"https:\\\/\\\/www.accountable.eu\\\/fr-be\\\/\",\"name\":\"Accountable\",\"description\":\"Your accountant and tax advisor on your smartphone\",\"publisher\":{\"@id\":\"https:\\\/\\\/www.accountable.eu\\\/fr-be\\\/#organization\"},\"potentialAction\":[{\"@type\":\"SearchAction\",\"target\":{\"@type\":\"EntryPoint\",\"urlTemplate\":\"https:\\\/\\\/www.accountable.eu\\\/fr-be\\\/?s={search_term_string}\"},\"query-input\":{\"@type\":\"PropertyValueSpecification\",\"valueRequired\":true,\"valueName\":\"search_term_string\"}}],\"inLanguage\":\"fr-BE\"},{\"@type\":\"Organization\",\"@id\":\"https:\\\/\\\/www.accountable.eu\\\/fr-be\\\/#organization\",\"name\":\"Accountable\",\"url\":\"https:\\\/\\\/www.accountable.eu\\\/fr-be\\\/\",\"logo\":{\"@type\":\"ImageObject\",\"inLanguage\":\"fr-BE\",\"@id\":\"https:\\\/\\\/www.accountable.eu\\\/fr-be\\\/#\\\/schema\\\/logo\\\/image\\\/\",\"url\":\"https:\\\/\\\/www.accountable.eu\\\/wp-content\\\/uploads\\\/2026\\\/04\\\/logo-512.png\",\"contentUrl\":\"https:\\\/\\\/www.accountable.eu\\\/wp-content\\\/uploads\\\/2026\\\/04\\\/logo-512.png\",\"width\":512,\"height\":512,\"caption\":\"Accountable\"},\"image\":{\"@id\":\"https:\\\/\\\/www.accountable.eu\\\/fr-be\\\/#\\\/schema\\\/logo\\\/image\\\/\"}},{\"@type\":\"Person\",\"@id\":\"https:\\\/\\\/www.accountable.eu\\\/fr-be\\\/#\\\/schema\\\/person\\\/e9b420257ec5e7ac236d337e8c3aa7ad\",\"name\":\"Valesca\",\"image\":{\"@type\":\"ImageObject\",\"inLanguage\":\"fr-BE\",\"@id\":\"https:\\\/\\\/secure.gravatar.com\\\/avatar\\\/842a00073a87c3c1af38f724115771bae6278a353edd8ee1e85161e791790047?s=96&d=mm&r=g\",\"url\":\"https:\\\/\\\/secure.gravatar.com\\\/avatar\\\/842a00073a87c3c1af38f724115771bae6278a353edd8ee1e85161e791790047?s=96&d=mm&r=g\",\"contentUrl\":\"https:\\\/\\\/secure.gravatar.com\\\/avatar\\\/842a00073a87c3c1af38f724115771bae6278a353edd8ee1e85161e791790047?s=96&d=mm&r=g\",\"caption\":\"Valesca\"}}]}<\/script>\n<!-- \/ Yoast SEO plugin. -->","yoast_head_json":{"title":"Vous souhaitez refacturer des frais \u00e0 vos clients ? Voici les r\u00e8gles en mati\u00e8re de TVA! - Accountable","description":"Quelles sont les r\u00e8gles de TVA applicables \u00e0 la refacturation des co\u00fbts aux clients ? Pour savoir comment refacturer correctement la TVA, cliquez ici.","robots":{"index":"index","follow":"follow","max-snippet":"max-snippet:-1","max-image-preview":"max-image-preview:large","max-video-preview":"max-video-preview:-1"},"canonical":"https:\/\/www.accountable.eu\/fr-be\/blog\/refacturer-des-frais-aux-clients\/","og_locale":"fr_FR","og_type":"article","og_title":"Vous souhaitez refacturer des frais \u00e0 vos clients ? Voici les r\u00e8gles en mati\u00e8re de TVA! - Accountable","og_description":"Quelles sont les r\u00e8gles de TVA applicables \u00e0 la refacturation des co\u00fbts aux clients ? Pour savoir comment refacturer correctement la TVA, cliquez ici.","og_url":"https:\/\/www.accountable.eu\/fr-be\/blog\/refacturer-des-frais-aux-clients\/","og_site_name":"Accountable","article_published_time":"2023-03-21T15:21:05+00:00","article_modified_time":"2025-06-05T12:51:50+00:00","og_image":[{"width":343,"height":200,"url":"https:\/\/www.accountable.eu\/wp-content\/uploads\/2022\/08\/Export-me-pleeeeaaase_11.png","type":"image\/png"}],"author":"Valesca","twitter_card":"summary_large_image","twitter_misc":{"\u00c9crit par":"Valesca","Dur\u00e9e de lecture est.":"4 minutes"},"schema":{"@context":"https:\/\/schema.org","@graph":[{"@type":"Article","@id":"https:\/\/www.accountable.eu\/fr-be\/blog\/refacturer-des-frais-aux-clients\/#article","isPartOf":{"@id":"https:\/\/www.accountable.eu\/fr-be\/blog\/refacturer-des-frais-aux-clients\/"},"author":{"name":"Valesca","@id":"https:\/\/www.accountable.eu\/fr-be\/#\/schema\/person\/e9b420257ec5e7ac236d337e8c3aa7ad"},"headline":"Vous souhaitez refacturer des frais \u00e0 vos clients ? Voici les r\u00e8gles en mati\u00e8re de TVA!","datePublished":"2023-03-21T15:21:05+00:00","dateModified":"2025-06-05T12:51:50+00:00","mainEntityOfPage":{"@id":"https:\/\/www.accountable.eu\/fr-be\/blog\/refacturer-des-frais-aux-clients\/"},"wordCount":902,"publisher":{"@id":"https:\/\/www.accountable.eu\/fr-be\/#organization"},"image":{"@id":"https:\/\/www.accountable.eu\/fr-be\/blog\/refacturer-des-frais-aux-clients\/#primaryimage"},"thumbnailUrl":"https:\/\/www.accountable.eu\/wp-content\/uploads\/2022\/08\/Export-me-pleeeeaaase_11.png","keywords":["Frais pro","Ind\u00e9pendant \u00e0 titre principal","TVA"],"articleSection":["D\u00e9clarer et payer la TVA","Uncategorized @fr-be"],"inLanguage":"fr-BE"},{"@type":"WebPage","@id":"https:\/\/www.accountable.eu\/fr-be\/blog\/refacturer-des-frais-aux-clients\/","url":"https:\/\/www.accountable.eu\/fr-be\/blog\/refacturer-des-frais-aux-clients\/","name":"Vous souhaitez refacturer des frais \u00e0 vos clients ? Voici les r\u00e8gles en mati\u00e8re de TVA! - Accountable","isPartOf":{"@id":"https:\/\/www.accountable.eu\/fr-be\/#website"},"primaryImageOfPage":{"@id":"https:\/\/www.accountable.eu\/fr-be\/blog\/refacturer-des-frais-aux-clients\/#primaryimage"},"image":{"@id":"https:\/\/www.accountable.eu\/fr-be\/blog\/refacturer-des-frais-aux-clients\/#primaryimage"},"thumbnailUrl":"https:\/\/www.accountable.eu\/wp-content\/uploads\/2022\/08\/Export-me-pleeeeaaase_11.png","datePublished":"2023-03-21T15:21:05+00:00","dateModified":"2025-06-05T12:51:50+00:00","description":"Quelles sont les r\u00e8gles de TVA applicables \u00e0 la refacturation des co\u00fbts aux clients ? Pour savoir comment refacturer correctement la TVA, cliquez ici.","breadcrumb":{"@id":"https:\/\/www.accountable.eu\/fr-be\/blog\/refacturer-des-frais-aux-clients\/#breadcrumb"},"inLanguage":"fr-BE","potentialAction":[{"@type":"ReadAction","target":["https:\/\/www.accountable.eu\/fr-be\/blog\/refacturer-des-frais-aux-clients\/"]}]},{"@type":"ImageObject","inLanguage":"fr-BE","@id":"https:\/\/www.accountable.eu\/fr-be\/blog\/refacturer-des-frais-aux-clients\/#primaryimage","url":"https:\/\/www.accountable.eu\/wp-content\/uploads\/2022\/08\/Export-me-pleeeeaaase_11.png","contentUrl":"https:\/\/www.accountable.eu\/wp-content\/uploads\/2022\/08\/Export-me-pleeeeaaase_11.png","width":343,"height":200},{"@type":"BreadcrumbList","@id":"https:\/\/www.accountable.eu\/fr-be\/blog\/refacturer-des-frais-aux-clients\/#breadcrumb","itemListElement":[{"@type":"ListItem","position":1,"name":"Home","item":"https:\/\/www.accountable.eu\/fr-be\/"},{"@type":"ListItem","position":2,"name":"Vous souhaitez refacturer des frais \u00e0 vos clients ? Voici les r\u00e8gles en mati\u00e8re de TVA!"}]},{"@type":"WebSite","@id":"https:\/\/www.accountable.eu\/fr-be\/#website","url":"https:\/\/www.accountable.eu\/fr-be\/","name":"Accountable","description":"Your accountant and tax advisor on your smartphone","publisher":{"@id":"https:\/\/www.accountable.eu\/fr-be\/#organization"},"potentialAction":[{"@type":"SearchAction","target":{"@type":"EntryPoint","urlTemplate":"https:\/\/www.accountable.eu\/fr-be\/?s={search_term_string}"},"query-input":{"@type":"PropertyValueSpecification","valueRequired":true,"valueName":"search_term_string"}}],"inLanguage":"fr-BE"},{"@type":"Organization","@id":"https:\/\/www.accountable.eu\/fr-be\/#organization","name":"Accountable","url":"https:\/\/www.accountable.eu\/fr-be\/","logo":{"@type":"ImageObject","inLanguage":"fr-BE","@id":"https:\/\/www.accountable.eu\/fr-be\/#\/schema\/logo\/image\/","url":"https:\/\/www.accountable.eu\/wp-content\/uploads\/2026\/04\/logo-512.png","contentUrl":"https:\/\/www.accountable.eu\/wp-content\/uploads\/2026\/04\/logo-512.png","width":512,"height":512,"caption":"Accountable"},"image":{"@id":"https:\/\/www.accountable.eu\/fr-be\/#\/schema\/logo\/image\/"}},{"@type":"Person","@id":"https:\/\/www.accountable.eu\/fr-be\/#\/schema\/person\/e9b420257ec5e7ac236d337e8c3aa7ad","name":"Valesca","image":{"@type":"ImageObject","inLanguage":"fr-BE","@id":"https:\/\/secure.gravatar.com\/avatar\/842a00073a87c3c1af38f724115771bae6278a353edd8ee1e85161e791790047?s=96&d=mm&r=g","url":"https:\/\/secure.gravatar.com\/avatar\/842a00073a87c3c1af38f724115771bae6278a353edd8ee1e85161e791790047?s=96&d=mm&r=g","contentUrl":"https:\/\/secure.gravatar.com\/avatar\/842a00073a87c3c1af38f724115771bae6278a353edd8ee1e85161e791790047?s=96&d=mm&r=g","caption":"Valesca"}}]}},"_links":{"self":[{"href":"https:\/\/www.accountable.eu\/fr-be\/wp-json\/wp\/v2\/posts\/12920","targetHints":{"allow":["GET"]}}],"collection":[{"href":"https:\/\/www.accountable.eu\/fr-be\/wp-json\/wp\/v2\/posts"}],"about":[{"href":"https:\/\/www.accountable.eu\/fr-be\/wp-json\/wp\/v2\/types\/post"}],"author":[{"embeddable":true,"href":"https:\/\/www.accountable.eu\/fr-be\/wp-json\/wp\/v2\/users\/24"}],"replies":[{"embeddable":true,"href":"https:\/\/www.accountable.eu\/fr-be\/wp-json\/wp\/v2\/comments?post=12920"}],"version-history":[{"count":0,"href":"https:\/\/www.accountable.eu\/fr-be\/wp-json\/wp\/v2\/posts\/12920\/revisions"}],"wp:featuredmedia":[{"embeddable":true,"href":"https:\/\/www.accountable.eu\/fr-be\/wp-json\/wp\/v2\/media\/5384"}],"wp:attachment":[{"href":"https:\/\/www.accountable.eu\/fr-be\/wp-json\/wp\/v2\/media?parent=12920"}],"wp:term":[{"taxonomy":"category","embeddable":true,"href":"https:\/\/www.accountable.eu\/fr-be\/wp-json\/wp\/v2\/categories?post=12920"},{"taxonomy":"post_tag","embeddable":true,"href":"https:\/\/www.accountable.eu\/fr-be\/wp-json\/wp\/v2\/tags?post=12920"}],"curies":[{"name":"wp","href":"https:\/\/api.w.org\/{rel}","templated":true}]}}