{"id":12953,"date":"2022-12-27T11:41:01","date_gmt":"2022-12-27T10:41:01","guid":{"rendered":"https:\/\/prod-migration-second.local\/?p=12953"},"modified":"2024-12-31T11:47:25","modified_gmt":"2024-12-31T10:47:25","slug":"frais-mixtes-complementaire","status":"publish","type":"post","link":"https:\/\/www.accountable.eu\/fr-be\/blog\/frais-mixtes-complementaire\/","title":{"rendered":"Quels frais professionnels mixtes pouvez-vous d\u00e9clarer en tant qu&rsquo;ind\u00e9pendant(e) \u00e0 titre compl\u00e9mentaire ?"},"content":{"rendered":"\n<p class=\"p1\"><strong>En tant qu&rsquo;ind\u00e9pendant(e) exer\u00e7ant une activit\u00e9 compl\u00e9mentaire, les \u00ab\u00a0frais professionnels mixtes\u00a0\u00bb, c&rsquo;est-\u00e0-dire les biens que vous utilisez \u00e0 la fois \u00e0 titre priv\u00e9 et pour votre activit\u00e9 compl\u00e9mentaire, constituent une part importante de vos d\u00e9penses. De fait, dans le cadre de votre activit\u00e9 compl\u00e9mentaire, vous travaillez g\u00e9n\u00e9ralement \u00e0 domicile, vous utilisez votre voiture priv\u00e9e et vous utilisez votre abonnement internet et t\u00e9l\u00e9phonique priv\u00e9.<span class=\"Apple-converted-space\">&nbsp;<\/span><\/strong><\/p>\n\n\n\n<p class=\"p1\"><strong>En raison de l&rsquo;utilisation mixte, vous ne pouvez que partiellement d\u00e9duire ces d\u00e9penses de votre revenu net imposable, et vous ne r\u00e9cup\u00e9rez \u00e9galement qu&rsquo;une partie de la TVA.<\/strong><\/p>\n\n\n\n<h2 class=\"wp-block-heading p1\"><strong><span class=\"s1\">D\u00e9clarer mon GSM et internet en tant qu&rsquo;ind\u00e9pendant \u00e0 titre compl\u00e9mentaire : le temps d\u2019utilisation comme cl\u00e9 de r\u00e9partition<\/span><\/strong><\/h2>\n\n\n\n<p class=\"p1\">D\u00e8s que vous avez un num\u00e9ro de TVA, il est pr\u00e9f\u00e9rable de \u00ab\u00a0transf\u00e9rer\u00a0\u00bb votre <b>abonnement de GSM<\/b> et <b>d&rsquo;internet<\/b> \u00e0 votre entreprise. En tant que personne priv\u00e9e, vous recevrez une facture ordinaire incluant la TVA. En revanche, en tant qu\u2019ind\u00e9pendant, vous recevrez une facture qui indique s\u00e9par\u00e9ment le co\u00fbt et la TVA.<span class=\"Apple-converted-space\">&nbsp;<\/span><\/p>\n\n\n\n<p class=\"p1\">La part des frais que vous pouvez introduire comme d\u00e9pense d\u00e9pend du temps que vous consacrez en moyenne \u00e0 votre activit\u00e9 ind\u00e9pendante. Vous consacrez en moyenne 2 jours sur 7 par semaine \u00e0 votre activit\u00e9 compl\u00e9mentaire ? D\u00e8s lors une l\u2019introduction de 2\/7 ou environ 30% de votre abonnement internet et GSM en tant que frais semble cr\u00e9dible. Si vous pouvez justifier davantage, vous le pouvez, mais restez raisonnable afin que les autorit\u00e9s fiscales ne tirent pas la sonnette d&rsquo;alarme.<span class=\"Apple-converted-space\">&nbsp;<\/span><\/p>\n\n\n\n<p class=\"p1\">La d\u00e9duction de la TVA pour l&rsquo;internet et l\u2019abonnement GSM est, quant \u00e0 elle, limit\u00e9e \u00e0 75%. Donc si vous les utilisez seulement 30 % du temps pour votre activit\u00e9 compl\u00e9mentaire, la TVA n&rsquo;est \u00e9galement d\u00e9ductible qu&rsquo;\u00e0 hauteur de 30 %.<span class=\"Apple-converted-space\">&nbsp;<\/span><\/p>\n\n\n\n<p class=\"p1\">Ce n&rsquo;est que si vous souscrivez un abonnement s\u00e9par\u00e9 que vous n&rsquo;utilisez que pour l&rsquo;entreprise que vous pourrez r\u00e9cup\u00e9rer la totalit\u00e9 des frais. Dans un bureau s\u00e9par\u00e9, cela a bien s\u00fbr du sens, mais pour la maison, cela engendre surtout des co\u00fbts suppl\u00e9mentaires. Vous payez alors deux fois, et perdez tout avantage fiscal pour votre abonnement priv\u00e9.<\/p>\n\n\n\n<h2 class=\"wp-block-heading p1\"><span class=\"s1\">Faire de ma maison un lieu de travail : la superficie de travail comme cl\u00e9 de r\u00e9partition<span class=\"Apple-converted-space\">&nbsp;<\/span><\/span><\/h2>\n\n\n\n<p class=\"p1\">Les frais professionnels mixtes pour votre maison sont g\u00e9n\u00e9ralement <b>l&rsquo;\u00e9lectricit\u00e9<\/b> et le <b>chauffage<\/b>. Mais certaines assurances, comme votre <b>assurance<\/b> <b>incendie<\/b>, sont \u00e9galement \u00e9ligibles.<span class=\"Apple-converted-space\">&nbsp;<\/span><\/p>\n\n\n\n<p class=\"p1\">Dans ce cas, la superficie de votre lieu de travail est la cl\u00e9 de r\u00e9partition, \u00e0 savoir le pourcentage que votre lieu de travail occupe par rapport \u00e0 la superficie habitable totale. Les autorit\u00e9s fiscales supposent un maximum de 15%.<\/p>\n\n\n\n<p class=\"p1\">Si vous disposez d&rsquo;un bureau s\u00e9par\u00e9, le nombre de m\u00b2 est facile \u00e0 estimer. Si vous travaillez depuis le salon, calculez la surface de votre lieu de travail le plus correctement possible.<span class=\"Apple-converted-space\">&nbsp;<\/span><\/p>\n\n\n\n<p class=\"p1\">Vous recevez une facture officielle de votre fournisseur d&rsquo;\u00e9lectricit\u00e9 ? R\u00e9cup\u00e9rez \u00e9galement une partie de la TVA selon le m\u00eame pourcentage.<\/p>\n\n\n\n<h2 class=\"wp-block-heading p1\"><span class=\"s1\">La d\u00e9ductibilit\u00e9 fiscale de ma voiture est limit\u00e9e<\/span><\/h2>\n\n\n\n<p class=\"p1\">Pour les ind\u00e9pendants exer\u00e7ant une activit\u00e9 compl\u00e9mentaire, on regarde d&rsquo;abord <b>l&rsquo;usage professionnel<\/b>, on lui applique la <b>formule<\/b> <b>CO2<\/b> et on r\u00e9partit le montant restant en fonction du nombre d\u2019ann\u00e9e d\u2019<b>amortissement<\/b>. Vous pouvez r\u00e9cup\u00e9rer jusqu&rsquo;\u00e0 35 % de la TVA.<span class=\"Apple-converted-space\">&nbsp;<\/span><\/p>\n\n\n\n<p class=\"p1\"><b>L&rsquo;usage<\/b> <b>professionnel<\/b> est calcul\u00e9 sur la base du nombre de kilom\u00e8tres que vous parcourez pour votre activit\u00e9 compl\u00e9mentaire, \u00e0 l&rsquo;exclusion des trajets domicile-travail. Nous calculons cela en pourcentage par rapport au nombre total de kilom\u00e8tres par an. Vous r\u00e9pertoriez l&rsquo;utilisation professionnelle de votre voiture dans un calendrier de rendez-vous accompagn\u00e9 d&rsquo;un document Excel, indiquant le nombre de kilom\u00e8tres par rendez-vous.<span class=\"Apple-converted-space\">&nbsp;<\/span><\/p>\n\n\n\n<p class=\"p1\">La <b>formule du CO2<\/b>, <b>-120% &#8211; (0,5% X coefficient X CO2\/km)<\/b> tient compte des \u00e9missions de CO2 et du type de carburant. Cela vous donne \u00e0 nouveau un pourcentage. Pour plus d&rsquo;informations sur cette formule, veuillez vous reporter aux articles ci-dessous.<span class=\"Apple-converted-space\">&nbsp;<\/span><\/p>\n\n\n\n<p class=\"p1\">En ce qui concerne l\u2019<b>amortissement<\/b>, vous prenez le nombre d&rsquo;ann\u00e9es pendant lesquelles vous pensez utiliser la voiture, et vous en d\u00e9duisez un pourcentage. Pour les voitures neuves, nous prenons 5 ans comme norme, donc vous amortissez 20% par an.<span class=\"Apple-converted-space\">&nbsp;<\/span><\/p>\n\n\n\n<p class=\"p1\">Multipliez maintenant le prix d&rsquo;achat de votre nouvelle voiture par ces 3 pourcentages. Voici un exemple fictif :<\/p>\n\n\n\n<ul class=\"wp-block-list ul1\">\n<li>Prix de la voiture : 30.000 \u20ac<\/li>\n\n\n\n<li>Usage professionnel : 30%<\/li>\n\n\n\n<li>Formule CO2 : 60%<span class=\"Apple-converted-space\">\u00a0<\/span><\/li>\n\n\n\n<li>Amortissement sur 5 ans : 20% par an<\/li>\n<\/ul>\n\n\n\n<p class=\"p1\"><b>Calcul : 30.000 <b>\u20ac<\/b><\/b> <b>x 30% x 60% x 20%<span class=\"Apple-converted-space\">\u00a0 <\/span>= 1 080 <b>\u20ac<\/b> par an<\/b><\/p>\n\n\n\n<p class=\"p1\">Notez que ce calcul s&rsquo;applique \u00e0 l&rsquo;achat, mais aussi \u00e0 la consommation et aux frais d&rsquo;entretien. M\u00eame votre assurance automobile peut \u00eatre d\u00e9duite selon ces cl\u00e9s de r\u00e9partition. Laissez Accountable vous aider \u00e0 documenter correctement tous ces co\u00fbts, tant pour les imp\u00f4ts que pour la TVA.<\/p>\n\n\n\n<p class=\"p4\"><\/p>\n\n\n\n<p class=\"p1\"><strong>Le revenu d&rsquo;une activit\u00e9 compl\u00e9mentaire est simplement ajout\u00e9 au salaire, et donc l&rsquo;imp\u00f4t sur le revenu des personnes physiques s&rsquo;accumule rapidement. Il est donc important de saisir correctement tous les frais et de ne surtout pas passer \u00e0 c\u00f4t\u00e9 des avantages fiscaux. Les frais professionnels mixtes jouent ici non n\u00e9gligeables.<span class=\"Apple-converted-space\">&nbsp;<\/span><\/strong><\/p>\n\n\n\n<p class=\"p1\"><strong><i>Saviez-vous que Accountable vous aide \u00e0 introduire correctement ces frais mixtes et vous donne des conseils suppl\u00e9mentaires ? De cette fa\u00e7on vous g\u00e9rez de mains de ma\u00eetre votre propre comptabilit\u00e9 et de vos imp\u00f4ts, et obtenez un revenu net plus int\u00e9ressant.<\/i><\/strong><\/p>\n","protected":false},"excerpt":{"rendered":"<p>En tant qu&rsquo;ind\u00e9pendant(e) exer\u00e7ant une activit\u00e9 compl\u00e9mentaire, les \u00ab\u00a0frais professionnels mixtes\u00a0\u00bb, c&rsquo;est-\u00e0-dire les biens que vous utilisez \u00e0 la fois \u00e0 titre priv\u00e9 et pour votre activit\u00e9 compl\u00e9mentaire, constituent une part importante de vos d\u00e9penses. De fait, dans le cadre de votre activit\u00e9 compl\u00e9mentaire, vous travaillez g\u00e9n\u00e9ralement \u00e0 domicile, vous utilisez votre voiture priv\u00e9e et [&hellip;]<\/p>\n","protected":false},"author":11,"featured_media":5851,"comment_status":"closed","ping_status":"closed","sticky":false,"template":"","format":"standard","meta":{"inline_featured_image":false,"footnotes":""},"categories":[287,240],"tags":[],"class_list":["post-12953","post","type-post","status-publish","format-standard","has-post-thumbnail","hentry","category-deduire-vos-frais-professionnels","category-uncategorized-fr-be"],"acf":[],"yoast_head":"<!-- This site is optimized with the Yoast SEO plugin v27.4 - https:\/\/yoast.com\/product\/yoast-seo-wordpress\/ -->\n<title>Quels frais professionnels mixtes pouvez-vous d\u00e9clarer en tant qu&#039;ind\u00e9pendant(e) \u00e0 titre compl\u00e9mentaire ? - Accountable<\/title>\n<meta name=\"description\" content=\"Ind\u00e9pendant dans une activit\u00e9 secondaire ? Ensuite, toutes vos d\u00e9penses ne sont pas d\u00e9ductibles \u00e0 100%. Cet article vous explique comment calculer la d\u00e9ductibilit\u00e9 de vos d\u00e9penses mixtes.\" \/>\n<meta name=\"robots\" content=\"index, follow, max-snippet:-1, max-image-preview:large, max-video-preview:-1\" \/>\n<link rel=\"canonical\" href=\"https:\/\/www.accountable.eu\/fr-be\/blog\/frais-mixtes-complementaire\/\" \/>\n<meta property=\"og:locale\" content=\"fr_FR\" \/>\n<meta property=\"og:type\" content=\"article\" \/>\n<meta property=\"og:title\" content=\"Quels frais professionnels mixtes pouvez-vous d\u00e9clarer en tant qu&#039;ind\u00e9pendant(e) \u00e0 titre compl\u00e9mentaire ? - Accountable\" \/>\n<meta property=\"og:description\" content=\"Ind\u00e9pendant dans une activit\u00e9 secondaire ? Ensuite, toutes vos d\u00e9penses ne sont pas d\u00e9ductibles \u00e0 100%. Cet article vous explique comment calculer la d\u00e9ductibilit\u00e9 de vos d\u00e9penses mixtes.\" \/>\n<meta property=\"og:url\" content=\"https:\/\/www.accountable.eu\/fr-be\/blog\/frais-mixtes-complementaire\/\" \/>\n<meta property=\"og:site_name\" content=\"Accountable\" \/>\n<meta property=\"article:published_time\" content=\"2022-12-27T10:41:01+00:00\" \/>\n<meta property=\"article:modified_time\" content=\"2024-12-31T10:47:25+00:00\" \/>\n<meta property=\"og:image\" content=\"https:\/\/www.accountable.eu\/wp-content\/uploads\/2022\/12\/Export-me-pleeeeaaase_3.png\" \/>\n\t<meta property=\"og:image:width\" content=\"343\" \/>\n\t<meta property=\"og:image:height\" content=\"200\" \/>\n\t<meta property=\"og:image:type\" content=\"image\/png\" \/>\n<meta name=\"author\" content=\"Isabel Senden\" \/>\n<meta name=\"twitter:card\" content=\"summary_large_image\" \/>\n<meta name=\"twitter:label1\" content=\"\u00c9crit par\" \/>\n\t<meta name=\"twitter:data1\" content=\"Isabel Senden\" \/>\n\t<meta name=\"twitter:label2\" content=\"Dur\u00e9e de lecture est.\" \/>\n\t<meta name=\"twitter:data2\" content=\"4 minutes\" \/>\n<script type=\"application\/ld+json\" class=\"yoast-schema-graph\">{\"@context\":\"https:\\\/\\\/schema.org\",\"@graph\":[{\"@type\":\"Article\",\"@id\":\"https:\\\/\\\/www.accountable.eu\\\/fr-be\\\/blog\\\/frais-mixtes-complementaire\\\/#article\",\"isPartOf\":{\"@id\":\"https:\\\/\\\/www.accountable.eu\\\/fr-be\\\/blog\\\/frais-mixtes-complementaire\\\/\"},\"author\":{\"name\":\"Isabel Senden\",\"@id\":\"https:\\\/\\\/www.accountable.eu\\\/fr-be\\\/#\\\/schema\\\/person\\\/de2a66f2f69b8ede00c1247f105e6137\"},\"headline\":\"Quels frais professionnels mixtes pouvez-vous d\u00e9clarer en tant qu&rsquo;ind\u00e9pendant(e) \u00e0 titre compl\u00e9mentaire ?\",\"datePublished\":\"2022-12-27T10:41:01+00:00\",\"dateModified\":\"2024-12-31T10:47:25+00:00\",\"mainEntityOfPage\":{\"@id\":\"https:\\\/\\\/www.accountable.eu\\\/fr-be\\\/blog\\\/frais-mixtes-complementaire\\\/\"},\"wordCount\":949,\"publisher\":{\"@id\":\"https:\\\/\\\/www.accountable.eu\\\/fr-be\\\/#organization\"},\"image\":{\"@id\":\"https:\\\/\\\/www.accountable.eu\\\/fr-be\\\/blog\\\/frais-mixtes-complementaire\\\/#primaryimage\"},\"thumbnailUrl\":\"https:\\\/\\\/www.accountable.eu\\\/wp-content\\\/uploads\\\/2022\\\/12\\\/Export-me-pleeeeaaase_3.png\",\"articleSection\":[\"Frais professionnels\",\"Uncategorized @fr-be\"],\"inLanguage\":\"fr-BE\"},{\"@type\":\"WebPage\",\"@id\":\"https:\\\/\\\/www.accountable.eu\\\/fr-be\\\/blog\\\/frais-mixtes-complementaire\\\/\",\"url\":\"https:\\\/\\\/www.accountable.eu\\\/fr-be\\\/blog\\\/frais-mixtes-complementaire\\\/\",\"name\":\"Quels frais professionnels mixtes pouvez-vous d\u00e9clarer en tant qu'ind\u00e9pendant(e) \u00e0 titre compl\u00e9mentaire ? - Accountable\",\"isPartOf\":{\"@id\":\"https:\\\/\\\/www.accountable.eu\\\/fr-be\\\/#website\"},\"primaryImageOfPage\":{\"@id\":\"https:\\\/\\\/www.accountable.eu\\\/fr-be\\\/blog\\\/frais-mixtes-complementaire\\\/#primaryimage\"},\"image\":{\"@id\":\"https:\\\/\\\/www.accountable.eu\\\/fr-be\\\/blog\\\/frais-mixtes-complementaire\\\/#primaryimage\"},\"thumbnailUrl\":\"https:\\\/\\\/www.accountable.eu\\\/wp-content\\\/uploads\\\/2022\\\/12\\\/Export-me-pleeeeaaase_3.png\",\"datePublished\":\"2022-12-27T10:41:01+00:00\",\"dateModified\":\"2024-12-31T10:47:25+00:00\",\"description\":\"Ind\u00e9pendant dans une activit\u00e9 secondaire ? Ensuite, toutes vos d\u00e9penses ne sont pas d\u00e9ductibles \u00e0 100%. Cet article vous explique comment calculer la d\u00e9ductibilit\u00e9 de vos d\u00e9penses mixtes.\",\"breadcrumb\":{\"@id\":\"https:\\\/\\\/www.accountable.eu\\\/fr-be\\\/blog\\\/frais-mixtes-complementaire\\\/#breadcrumb\"},\"inLanguage\":\"fr-BE\",\"potentialAction\":[{\"@type\":\"ReadAction\",\"target\":[\"https:\\\/\\\/www.accountable.eu\\\/fr-be\\\/blog\\\/frais-mixtes-complementaire\\\/\"]}]},{\"@type\":\"ImageObject\",\"inLanguage\":\"fr-BE\",\"@id\":\"https:\\\/\\\/www.accountable.eu\\\/fr-be\\\/blog\\\/frais-mixtes-complementaire\\\/#primaryimage\",\"url\":\"https:\\\/\\\/www.accountable.eu\\\/wp-content\\\/uploads\\\/2022\\\/12\\\/Export-me-pleeeeaaase_3.png\",\"contentUrl\":\"https:\\\/\\\/www.accountable.eu\\\/wp-content\\\/uploads\\\/2022\\\/12\\\/Export-me-pleeeeaaase_3.png\",\"width\":343,\"height\":200},{\"@type\":\"BreadcrumbList\",\"@id\":\"https:\\\/\\\/www.accountable.eu\\\/fr-be\\\/blog\\\/frais-mixtes-complementaire\\\/#breadcrumb\",\"itemListElement\":[{\"@type\":\"ListItem\",\"position\":1,\"name\":\"Home\",\"item\":\"https:\\\/\\\/www.accountable.eu\\\/fr-be\\\/\"},{\"@type\":\"ListItem\",\"position\":2,\"name\":\"Quels frais professionnels mixtes pouvez-vous d\u00e9clarer en tant qu&#8217;ind\u00e9pendant(e) \u00e0 titre compl\u00e9mentaire ?\"}]},{\"@type\":\"WebSite\",\"@id\":\"https:\\\/\\\/www.accountable.eu\\\/fr-be\\\/#website\",\"url\":\"https:\\\/\\\/www.accountable.eu\\\/fr-be\\\/\",\"name\":\"Accountable\",\"description\":\"Your accountant and tax advisor on your smartphone\",\"publisher\":{\"@id\":\"https:\\\/\\\/www.accountable.eu\\\/fr-be\\\/#organization\"},\"potentialAction\":[{\"@type\":\"SearchAction\",\"target\":{\"@type\":\"EntryPoint\",\"urlTemplate\":\"https:\\\/\\\/www.accountable.eu\\\/fr-be\\\/?s={search_term_string}\"},\"query-input\":{\"@type\":\"PropertyValueSpecification\",\"valueRequired\":true,\"valueName\":\"search_term_string\"}}],\"inLanguage\":\"fr-BE\"},{\"@type\":\"Organization\",\"@id\":\"https:\\\/\\\/www.accountable.eu\\\/fr-be\\\/#organization\",\"name\":\"Accountable\",\"url\":\"https:\\\/\\\/www.accountable.eu\\\/fr-be\\\/\",\"logo\":{\"@type\":\"ImageObject\",\"inLanguage\":\"fr-BE\",\"@id\":\"https:\\\/\\\/www.accountable.eu\\\/fr-be\\\/#\\\/schema\\\/logo\\\/image\\\/\",\"url\":\"https:\\\/\\\/www.accountable.eu\\\/wp-content\\\/uploads\\\/2026\\\/04\\\/logo-512.png\",\"contentUrl\":\"https:\\\/\\\/www.accountable.eu\\\/wp-content\\\/uploads\\\/2026\\\/04\\\/logo-512.png\",\"width\":512,\"height\":512,\"caption\":\"Accountable\"},\"image\":{\"@id\":\"https:\\\/\\\/www.accountable.eu\\\/fr-be\\\/#\\\/schema\\\/logo\\\/image\\\/\"}},{\"@type\":\"Person\",\"@id\":\"https:\\\/\\\/www.accountable.eu\\\/fr-be\\\/#\\\/schema\\\/person\\\/de2a66f2f69b8ede00c1247f105e6137\",\"name\":\"Isabel Senden\",\"image\":{\"@type\":\"ImageObject\",\"inLanguage\":\"fr-BE\",\"@id\":\"https:\\\/\\\/secure.gravatar.com\\\/avatar\\\/7f67e7d6d9abcd35af99e6a1b0aee8905804adfbca8ba4a95810051d1d6f9425?s=96&d=mm&r=g\",\"url\":\"https:\\\/\\\/secure.gravatar.com\\\/avatar\\\/7f67e7d6d9abcd35af99e6a1b0aee8905804adfbca8ba4a95810051d1d6f9425?s=96&d=mm&r=g\",\"contentUrl\":\"https:\\\/\\\/secure.gravatar.com\\\/avatar\\\/7f67e7d6d9abcd35af99e6a1b0aee8905804adfbca8ba4a95810051d1d6f9425?s=96&d=mm&r=g\",\"caption\":\"Isabel Senden\"}}]}<\/script>\n<!-- \/ Yoast SEO plugin. -->","yoast_head_json":{"title":"Quels frais professionnels mixtes pouvez-vous d\u00e9clarer en tant qu'ind\u00e9pendant(e) \u00e0 titre compl\u00e9mentaire ? - Accountable","description":"Ind\u00e9pendant dans une activit\u00e9 secondaire ? Ensuite, toutes vos d\u00e9penses ne sont pas d\u00e9ductibles \u00e0 100%. Cet article vous explique comment calculer la d\u00e9ductibilit\u00e9 de vos d\u00e9penses mixtes.","robots":{"index":"index","follow":"follow","max-snippet":"max-snippet:-1","max-image-preview":"max-image-preview:large","max-video-preview":"max-video-preview:-1"},"canonical":"https:\/\/www.accountable.eu\/fr-be\/blog\/frais-mixtes-complementaire\/","og_locale":"fr_FR","og_type":"article","og_title":"Quels frais professionnels mixtes pouvez-vous d\u00e9clarer en tant qu'ind\u00e9pendant(e) \u00e0 titre compl\u00e9mentaire ? - Accountable","og_description":"Ind\u00e9pendant dans une activit\u00e9 secondaire ? Ensuite, toutes vos d\u00e9penses ne sont pas d\u00e9ductibles \u00e0 100%. Cet article vous explique comment calculer la d\u00e9ductibilit\u00e9 de vos d\u00e9penses mixtes.","og_url":"https:\/\/www.accountable.eu\/fr-be\/blog\/frais-mixtes-complementaire\/","og_site_name":"Accountable","article_published_time":"2022-12-27T10:41:01+00:00","article_modified_time":"2024-12-31T10:47:25+00:00","og_image":[{"width":343,"height":200,"url":"https:\/\/www.accountable.eu\/wp-content\/uploads\/2022\/12\/Export-me-pleeeeaaase_3.png","type":"image\/png"}],"author":"Isabel Senden","twitter_card":"summary_large_image","twitter_misc":{"\u00c9crit par":"Isabel Senden","Dur\u00e9e de lecture est.":"4 minutes"},"schema":{"@context":"https:\/\/schema.org","@graph":[{"@type":"Article","@id":"https:\/\/www.accountable.eu\/fr-be\/blog\/frais-mixtes-complementaire\/#article","isPartOf":{"@id":"https:\/\/www.accountable.eu\/fr-be\/blog\/frais-mixtes-complementaire\/"},"author":{"name":"Isabel Senden","@id":"https:\/\/www.accountable.eu\/fr-be\/#\/schema\/person\/de2a66f2f69b8ede00c1247f105e6137"},"headline":"Quels frais professionnels mixtes pouvez-vous d\u00e9clarer en tant qu&rsquo;ind\u00e9pendant(e) \u00e0 titre compl\u00e9mentaire ?","datePublished":"2022-12-27T10:41:01+00:00","dateModified":"2024-12-31T10:47:25+00:00","mainEntityOfPage":{"@id":"https:\/\/www.accountable.eu\/fr-be\/blog\/frais-mixtes-complementaire\/"},"wordCount":949,"publisher":{"@id":"https:\/\/www.accountable.eu\/fr-be\/#organization"},"image":{"@id":"https:\/\/www.accountable.eu\/fr-be\/blog\/frais-mixtes-complementaire\/#primaryimage"},"thumbnailUrl":"https:\/\/www.accountable.eu\/wp-content\/uploads\/2022\/12\/Export-me-pleeeeaaase_3.png","articleSection":["Frais professionnels","Uncategorized @fr-be"],"inLanguage":"fr-BE"},{"@type":"WebPage","@id":"https:\/\/www.accountable.eu\/fr-be\/blog\/frais-mixtes-complementaire\/","url":"https:\/\/www.accountable.eu\/fr-be\/blog\/frais-mixtes-complementaire\/","name":"Quels frais professionnels mixtes pouvez-vous d\u00e9clarer en tant qu'ind\u00e9pendant(e) \u00e0 titre compl\u00e9mentaire ? - Accountable","isPartOf":{"@id":"https:\/\/www.accountable.eu\/fr-be\/#website"},"primaryImageOfPage":{"@id":"https:\/\/www.accountable.eu\/fr-be\/blog\/frais-mixtes-complementaire\/#primaryimage"},"image":{"@id":"https:\/\/www.accountable.eu\/fr-be\/blog\/frais-mixtes-complementaire\/#primaryimage"},"thumbnailUrl":"https:\/\/www.accountable.eu\/wp-content\/uploads\/2022\/12\/Export-me-pleeeeaaase_3.png","datePublished":"2022-12-27T10:41:01+00:00","dateModified":"2024-12-31T10:47:25+00:00","description":"Ind\u00e9pendant dans une activit\u00e9 secondaire ? Ensuite, toutes vos d\u00e9penses ne sont pas d\u00e9ductibles \u00e0 100%. Cet article vous explique comment calculer la d\u00e9ductibilit\u00e9 de vos d\u00e9penses mixtes.","breadcrumb":{"@id":"https:\/\/www.accountable.eu\/fr-be\/blog\/frais-mixtes-complementaire\/#breadcrumb"},"inLanguage":"fr-BE","potentialAction":[{"@type":"ReadAction","target":["https:\/\/www.accountable.eu\/fr-be\/blog\/frais-mixtes-complementaire\/"]}]},{"@type":"ImageObject","inLanguage":"fr-BE","@id":"https:\/\/www.accountable.eu\/fr-be\/blog\/frais-mixtes-complementaire\/#primaryimage","url":"https:\/\/www.accountable.eu\/wp-content\/uploads\/2022\/12\/Export-me-pleeeeaaase_3.png","contentUrl":"https:\/\/www.accountable.eu\/wp-content\/uploads\/2022\/12\/Export-me-pleeeeaaase_3.png","width":343,"height":200},{"@type":"BreadcrumbList","@id":"https:\/\/www.accountable.eu\/fr-be\/blog\/frais-mixtes-complementaire\/#breadcrumb","itemListElement":[{"@type":"ListItem","position":1,"name":"Home","item":"https:\/\/www.accountable.eu\/fr-be\/"},{"@type":"ListItem","position":2,"name":"Quels frais professionnels mixtes pouvez-vous d\u00e9clarer en tant qu&#8217;ind\u00e9pendant(e) \u00e0 titre compl\u00e9mentaire ?"}]},{"@type":"WebSite","@id":"https:\/\/www.accountable.eu\/fr-be\/#website","url":"https:\/\/www.accountable.eu\/fr-be\/","name":"Accountable","description":"Your accountant and tax advisor on your smartphone","publisher":{"@id":"https:\/\/www.accountable.eu\/fr-be\/#organization"},"potentialAction":[{"@type":"SearchAction","target":{"@type":"EntryPoint","urlTemplate":"https:\/\/www.accountable.eu\/fr-be\/?s={search_term_string}"},"query-input":{"@type":"PropertyValueSpecification","valueRequired":true,"valueName":"search_term_string"}}],"inLanguage":"fr-BE"},{"@type":"Organization","@id":"https:\/\/www.accountable.eu\/fr-be\/#organization","name":"Accountable","url":"https:\/\/www.accountable.eu\/fr-be\/","logo":{"@type":"ImageObject","inLanguage":"fr-BE","@id":"https:\/\/www.accountable.eu\/fr-be\/#\/schema\/logo\/image\/","url":"https:\/\/www.accountable.eu\/wp-content\/uploads\/2026\/04\/logo-512.png","contentUrl":"https:\/\/www.accountable.eu\/wp-content\/uploads\/2026\/04\/logo-512.png","width":512,"height":512,"caption":"Accountable"},"image":{"@id":"https:\/\/www.accountable.eu\/fr-be\/#\/schema\/logo\/image\/"}},{"@type":"Person","@id":"https:\/\/www.accountable.eu\/fr-be\/#\/schema\/person\/de2a66f2f69b8ede00c1247f105e6137","name":"Isabel Senden","image":{"@type":"ImageObject","inLanguage":"fr-BE","@id":"https:\/\/secure.gravatar.com\/avatar\/7f67e7d6d9abcd35af99e6a1b0aee8905804adfbca8ba4a95810051d1d6f9425?s=96&d=mm&r=g","url":"https:\/\/secure.gravatar.com\/avatar\/7f67e7d6d9abcd35af99e6a1b0aee8905804adfbca8ba4a95810051d1d6f9425?s=96&d=mm&r=g","contentUrl":"https:\/\/secure.gravatar.com\/avatar\/7f67e7d6d9abcd35af99e6a1b0aee8905804adfbca8ba4a95810051d1d6f9425?s=96&d=mm&r=g","caption":"Isabel Senden"}}]}},"_links":{"self":[{"href":"https:\/\/www.accountable.eu\/fr-be\/wp-json\/wp\/v2\/posts\/12953","targetHints":{"allow":["GET"]}}],"collection":[{"href":"https:\/\/www.accountable.eu\/fr-be\/wp-json\/wp\/v2\/posts"}],"about":[{"href":"https:\/\/www.accountable.eu\/fr-be\/wp-json\/wp\/v2\/types\/post"}],"author":[{"embeddable":true,"href":"https:\/\/www.accountable.eu\/fr-be\/wp-json\/wp\/v2\/users\/11"}],"replies":[{"embeddable":true,"href":"https:\/\/www.accountable.eu\/fr-be\/wp-json\/wp\/v2\/comments?post=12953"}],"version-history":[{"count":0,"href":"https:\/\/www.accountable.eu\/fr-be\/wp-json\/wp\/v2\/posts\/12953\/revisions"}],"wp:featuredmedia":[{"embeddable":true,"href":"https:\/\/www.accountable.eu\/fr-be\/wp-json\/wp\/v2\/media\/5851"}],"wp:attachment":[{"href":"https:\/\/www.accountable.eu\/fr-be\/wp-json\/wp\/v2\/media?parent=12953"}],"wp:term":[{"taxonomy":"category","embeddable":true,"href":"https:\/\/www.accountable.eu\/fr-be\/wp-json\/wp\/v2\/categories?post=12953"},{"taxonomy":"post_tag","embeddable":true,"href":"https:\/\/www.accountable.eu\/fr-be\/wp-json\/wp\/v2\/tags?post=12953"}],"curies":[{"name":"wp","href":"https:\/\/api.w.org\/{rel}","templated":true}]}}