{"id":12967,"date":"2022-12-05T14:09:37","date_gmt":"2022-12-05T13:09:37","guid":{"rendered":"https:\/\/prod-migration-second.local\/?p=12967"},"modified":"2024-07-11T10:56:01","modified_gmt":"2024-07-11T08:56:01","slug":"deduire-borne-voiture-electrique-2023","status":"publish","type":"post","link":"https:\/\/www.accountable.eu\/fr-be\/blog\/deduire-borne-voiture-electrique-2023\/","title":{"rendered":"Comment d\u00e9duire les bornes de recharge pour votre voiture \u00e9lectrique ?"},"content":{"rendered":"<p><b>Vous souhaitez installer une borne de recharge \u00e9lectrique en tant que travailleur ind\u00e9pendant ? D\u00e9couvrez comment l\u2019introduire comme une d\u00e9pense professionnelle !<\/b><\/p>\n<p><span style=\"font-weight: 400;\">Sans infrastructure de recharge, la voiture \u00e9lectrique n\u2019ira pas bien loin. Car qui roule en voiture \u00e9lectrique, a \u00e9videmment besoin de la recharger.\u00a0<\/span><\/p>\n<p><span style=\"font-weight: 400;\">Pour l&rsquo;installation d&rsquo;une borne de recharge \u00e9lectrique, les ind\u00e9pendants et les entreprises b\u00e9n\u00e9ficient d&rsquo;un avantage fiscal compris entre 100% et 200%. Le gouvernement esp\u00e8re ainsi encourager l&rsquo;installation de bornes de recharge dans tout le pays. Toutefois, cette d\u00e9duction fiscale est limit\u00e9e dans le temps. Il ne faut donc pas tarder\u00a0!\u00a0<\/span><\/p>\n<h2><span style=\"font-weight: 400;\">La d\u00e9duction fiscale d&rsquo;une borne de recharge \u00e9lectrique : 100%, 150% ou 200% ?\u00a0<\/span><\/h2>\n<p><span style=\"font-weight: 400;\">Un(e) ind\u00e9pendant(e) ou une entreprise peut introduire comme d\u00e9pense au moins 100% de l&rsquo;investissement pour une borne de recharge.\u00a0<\/span><\/p>\n<p><span style=\"font-weight: 400;\">Si vous remplissez certaines conditions, vous avez droit \u00e0 un avantage fiscal suppl\u00e9mentaire qui s&rsquo;\u00e9l\u00e8ve \u00e0 200% pour les commandes avant le 1<\/span><span style=\"font-weight: 400;\">er<\/span><span style=\"font-weight: 400;\"> avril 2023, et \u00e0 150% si l&rsquo;investissement est r\u00e9alis\u00e9 entre le 1<\/span><span style=\"font-weight: 400;\">er<\/span><span style=\"font-weight: 400;\"> avril 2023 et le 31 ao\u00fbt 2024.\u00a0<\/span><\/p>\n<p><span style=\"font-weight: 400;\">Cette d\u00e9duction fiscale suppl\u00e9mentaire est soumise \u00e0 quelques conditions, sans lesquelles vous retombez \u00e0 un avantage fiscal de 100%.<\/span><\/p>\n<h2><span style=\"font-weight: 400;\">Les conditions d&rsquo;augmentation de l&rsquo;avantage fiscal pour une borne de recharge \u00e9lectrique\u00a0<\/span><\/h2>\n<ul>\n<li style=\"font-weight: 400;\" aria-level=\"1\"><span style=\"font-weight: 400;\">La borne de recharge doit \u00eatre <\/span><b>accessible au public<\/b><span style=\"font-weight: 400;\">. Vous cr\u00e9ez ainsi l\u2019infrastructure de recharge dont vous et vos \u00e9ventuels employ\u00e9s avez besoin, tout en contribuant \u00e0 la cr\u00e9ation d\u2019un vaste r\u00e9seau de points de recharge publics.<\/span><\/li>\n<li style=\"font-weight: 400;\" aria-level=\"1\"><span style=\"font-weight: 400;\">La borne de recharge doit \u00eatre <\/span><b>neuve<\/b><span style=\"font-weight: 400;\"> et install\u00e9e par une <\/span><b>entreprise professionnelle<\/b><span style=\"font-weight: 400;\">.\u00a0<\/span><\/li>\n<li style=\"font-weight: 400;\" aria-level=\"1\"><span style=\"font-weight: 400;\">La station de recharge doit \u00eatre \u00ab\u00a0<\/span><b>intelligente<\/b><span style=\"font-weight: 400;\">\u00ab\u00a0, afin de facturer correctement l&rsquo;\u00e9nergie \u00ab\u00a0recharg\u00e9e\u00a0\u00bb.\u00a0<\/span><\/li>\n<li style=\"font-weight: 400;\" aria-level=\"1\"><span style=\"font-weight: 400;\">La borne de recharge doit fonctionner \u00e0 l&rsquo;<\/span><b>\u00e9lectricit\u00e9<\/b> <b>verte<\/b><span style=\"font-weight: 400;\">. Id\u00e9alement, vous la produisez vous-m\u00eame, par exemple au moyen de panneaux solaires. Mais ne vous inqui\u00e9tez pas si vous n&rsquo;avez pas encore de panneaux solaires. Si vous souscrivez un contrat d&rsquo;\u00e9lectricit\u00e9 100% verte aupr\u00e8s d&rsquo;un fournisseur d&rsquo;\u00e9lectricit\u00e9, cela fonctionne aussi.<\/span><\/li>\n<\/ul>\n<h2><span style=\"font-weight: 400;\">D\u00e9duction fiscale pour les particuliers\u00a0<\/span><\/h2>\n<p><span style=\"font-weight: 400;\">Les particuliers peuvent \u00e9galement d\u00e9duire de leur montant imposable le co\u00fbt d&rsquo;une borne de recharge \u00e9lectrique. La d\u00e9duction fiscale est de 45% jusqu&rsquo;\u00e0 fin 2022, avec un maximum de 1500 \u20ac par borne de recharge, par contribuable. Les ann\u00e9es suivantes, l\u2019avantage fiscal diminue de mani\u00e8re syst\u00e9matique.\u00a0<\/span><\/p>\n<p><span style=\"font-weight: 400;\">La d\u00e9duction fiscale priv\u00e9e n&rsquo;est pas cumulable avec l&rsquo;avantage fiscal pour les entreprises. Ceux qui ont leur propre entreprise ont donc int\u00e9r\u00eat \u00e0 opter pour le cadre fiscal sur les soci\u00e9t\u00e9s. Vous avez l&rsquo;intention de rendre la borne de recharge accessible au public ? Alors vous pourrez d\u00e9duire 200 % du co\u00fbt, si vous r\u00e9alisez l&rsquo;investissement avant le 1<\/span><span style=\"font-weight: 400;\">er<\/span><span style=\"font-weight: 400;\"> avril 2023.\u00a0<\/span><\/p>\n<h2><span style=\"font-weight: 400;\">C\u2019est le moment d\u2019investir<\/span><\/h2>\n<p><span style=\"font-weight: 400;\">Il est essentiel de cr\u00e9er un r\u00e9seau solide de bornes de recharge pour encourager la conduite \u00e0 l\u2019\u00e9lectricit\u00e9. Par ailleurs, ces investissements doivent \u00eatre r\u00e9alis\u00e9s le plus t\u00f4t possible car les avantages fiscaux diminuent avec le temps. Celles et ceux qui envisagent d&rsquo;installer une borne de recharge ne doivent donc pas tarder pour pouvoir en tirer des b\u00e9n\u00e9fices.\u00a0<\/span><\/p>\n<p><span style=\"font-weight: 400;\">Parall\u00e8lement \u00e0 cette borne de recharge, vous envisagez \u00e9galement l&rsquo;achat d&rsquo;une voiture \u00e9lectrique\u00a0? D\u00e9couvrez alors tous les avantages fiscaux de l\u2019achat d\u2019une voiture \u00e9lectrique ici :\u00a0<\/span><\/p>\n<p><span style=\"font-weight: 400;\">\u00c0 partir de 2023, la d\u00e9duction fiscale de votre voiture \u00e9lectrique va changer<\/span><\/p>\n","protected":false},"excerpt":{"rendered":"<p>Vous souhaitez installer une borne de recharge \u00e9lectrique en tant que travailleur ind\u00e9pendant ? D\u00e9couvrez comment l\u2019introduire comme une d\u00e9pense professionnelle ! Sans infrastructure de recharge, la voiture \u00e9lectrique n\u2019ira pas bien loin. Car qui roule en voiture \u00e9lectrique, a \u00e9videmment besoin de la recharger.\u00a0 Pour l&rsquo;installation d&rsquo;une borne de recharge \u00e9lectrique, les ind\u00e9pendants et [&hellip;]<\/p>\n","protected":false},"author":5,"featured_media":5687,"comment_status":"closed","ping_status":"closed","sticky":false,"template":"","format":"standard","meta":{"inline_featured_image":false,"footnotes":""},"categories":[287,240],"tags":[],"class_list":["post-12967","post","type-post","status-publish","format-standard","has-post-thumbnail","hentry","category-deduire-vos-frais-professionnels","category-uncategorized-fr-be"],"acf":[],"yoast_head":"<!-- This site is optimized with the Yoast SEO plugin v27.4 - https:\/\/yoast.com\/product\/yoast-seo-wordpress\/ -->\n<title>Comment d\u00e9duire les bornes de recharge pour votre voiture \u00e9lectrique ? - Accountable<\/title>\n<meta name=\"description\" content=\"Un(e) ind\u00e9pendant(e) peut introduire comme d\u00e9pense au moins 100% de l&#039;investissement pour une borne de recharge.\u00a0Sous conditions, il y a un avantage fiscal suppl\u00e9mentaire qui s&#039;\u00e9l\u00e8ve \u00e0 200% pour les commandes avant le 1er avril 2023, et \u00e0 150% si l&#039;investissement est r\u00e9alis\u00e9 entre le 1er avril 2023 et le 31 ao\u00fbt 2024.\u00a0\" \/>\n<meta name=\"robots\" content=\"index, follow, max-snippet:-1, max-image-preview:large, max-video-preview:-1\" \/>\n<link rel=\"canonical\" href=\"https:\/\/www.accountable.eu\/fr-be\/blog\/deduire-borne-voiture-electrique-2023\/\" \/>\n<meta property=\"og:locale\" content=\"fr_FR\" \/>\n<meta property=\"og:type\" content=\"article\" \/>\n<meta property=\"og:title\" content=\"Comment d\u00e9duire les bornes de recharge pour votre voiture \u00e9lectrique ? - Accountable\" \/>\n<meta property=\"og:description\" content=\"Un(e) ind\u00e9pendant(e) peut introduire comme d\u00e9pense au moins 100% de l&#039;investissement pour une borne de recharge.\u00a0Sous conditions, il y a un avantage fiscal suppl\u00e9mentaire qui s&#039;\u00e9l\u00e8ve \u00e0 200% pour les commandes avant le 1er avril 2023, et \u00e0 150% si l&#039;investissement est r\u00e9alis\u00e9 entre le 1er avril 2023 et le 31 ao\u00fbt 2024.\u00a0\" \/>\n<meta property=\"og:url\" content=\"https:\/\/www.accountable.eu\/fr-be\/blog\/deduire-borne-voiture-electrique-2023\/\" \/>\n<meta property=\"og:site_name\" content=\"Accountable\" \/>\n<meta property=\"article:published_time\" content=\"2022-12-05T13:09:37+00:00\" \/>\n<meta property=\"article:modified_time\" content=\"2024-07-11T08:56:01+00:00\" \/>\n<meta property=\"og:image\" content=\"https:\/\/www.accountable.eu\/wp-content\/uploads\/2022\/11\/Export-me-pleeeeaaase_11_5.png\" \/>\n\t<meta property=\"og:image:width\" content=\"343\" \/>\n\t<meta property=\"og:image:height\" content=\"200\" \/>\n\t<meta property=\"og:image:type\" content=\"image\/png\" \/>\n<meta name=\"twitter:card\" content=\"summary_large_image\" \/>\n<meta name=\"twitter:label1\" content=\"\u00c9crit par\" \/>\n\t<meta name=\"twitter:data1\" content=\"\" \/>\n\t<meta name=\"twitter:label2\" content=\"Dur\u00e9e de lecture est.\" \/>\n\t<meta name=\"twitter:data2\" content=\"3 minutes\" \/>\n<script type=\"application\/ld+json\" class=\"yoast-schema-graph\">{\"@context\":\"https:\\\/\\\/schema.org\",\"@graph\":[{\"@type\":\"Article\",\"@id\":\"https:\\\/\\\/www.accountable.eu\\\/fr-be\\\/blog\\\/deduire-borne-voiture-electrique-2023\\\/#article\",\"isPartOf\":{\"@id\":\"https:\\\/\\\/www.accountable.eu\\\/fr-be\\\/blog\\\/deduire-borne-voiture-electrique-2023\\\/\"},\"author\":{\"name\":\"\",\"@id\":\"\"},\"headline\":\"Comment d\u00e9duire les bornes de recharge pour votre voiture \u00e9lectrique ?\",\"datePublished\":\"2022-12-05T13:09:37+00:00\",\"dateModified\":\"2024-07-11T08:56:01+00:00\",\"mainEntityOfPage\":{\"@id\":\"https:\\\/\\\/www.accountable.eu\\\/fr-be\\\/blog\\\/deduire-borne-voiture-electrique-2023\\\/\"},\"wordCount\":588,\"publisher\":{\"@id\":\"https:\\\/\\\/www.accountable.eu\\\/fr-be\\\/#organization\"},\"image\":{\"@id\":\"https:\\\/\\\/www.accountable.eu\\\/fr-be\\\/blog\\\/deduire-borne-voiture-electrique-2023\\\/#primaryimage\"},\"thumbnailUrl\":\"https:\\\/\\\/www.accountable.eu\\\/wp-content\\\/uploads\\\/2022\\\/11\\\/Export-me-pleeeeaaase_11_5.png\",\"articleSection\":[\"Frais professionnels\",\"Uncategorized @fr-be\"],\"inLanguage\":\"fr-BE\"},{\"@type\":\"WebPage\",\"@id\":\"https:\\\/\\\/www.accountable.eu\\\/fr-be\\\/blog\\\/deduire-borne-voiture-electrique-2023\\\/\",\"url\":\"https:\\\/\\\/www.accountable.eu\\\/fr-be\\\/blog\\\/deduire-borne-voiture-electrique-2023\\\/\",\"name\":\"Comment d\u00e9duire les bornes de recharge pour votre voiture \u00e9lectrique ? - Accountable\",\"isPartOf\":{\"@id\":\"https:\\\/\\\/www.accountable.eu\\\/fr-be\\\/#website\"},\"primaryImageOfPage\":{\"@id\":\"https:\\\/\\\/www.accountable.eu\\\/fr-be\\\/blog\\\/deduire-borne-voiture-electrique-2023\\\/#primaryimage\"},\"image\":{\"@id\":\"https:\\\/\\\/www.accountable.eu\\\/fr-be\\\/blog\\\/deduire-borne-voiture-electrique-2023\\\/#primaryimage\"},\"thumbnailUrl\":\"https:\\\/\\\/www.accountable.eu\\\/wp-content\\\/uploads\\\/2022\\\/11\\\/Export-me-pleeeeaaase_11_5.png\",\"datePublished\":\"2022-12-05T13:09:37+00:00\",\"dateModified\":\"2024-07-11T08:56:01+00:00\",\"description\":\"Un(e) ind\u00e9pendant(e) peut introduire comme d\u00e9pense au moins 100% de l'investissement pour une borne de recharge.\u00a0Sous conditions, il y a un avantage fiscal suppl\u00e9mentaire qui s'\u00e9l\u00e8ve \u00e0 200% pour les commandes avant le 1er avril 2023, et \u00e0 150% si l'investissement est r\u00e9alis\u00e9 entre le 1er avril 2023 et le 31 ao\u00fbt 2024.\u00a0\",\"breadcrumb\":{\"@id\":\"https:\\\/\\\/www.accountable.eu\\\/fr-be\\\/blog\\\/deduire-borne-voiture-electrique-2023\\\/#breadcrumb\"},\"inLanguage\":\"fr-BE\",\"potentialAction\":[{\"@type\":\"ReadAction\",\"target\":[\"https:\\\/\\\/www.accountable.eu\\\/fr-be\\\/blog\\\/deduire-borne-voiture-electrique-2023\\\/\"]}]},{\"@type\":\"ImageObject\",\"inLanguage\":\"fr-BE\",\"@id\":\"https:\\\/\\\/www.accountable.eu\\\/fr-be\\\/blog\\\/deduire-borne-voiture-electrique-2023\\\/#primaryimage\",\"url\":\"https:\\\/\\\/www.accountable.eu\\\/wp-content\\\/uploads\\\/2022\\\/11\\\/Export-me-pleeeeaaase_11_5.png\",\"contentUrl\":\"https:\\\/\\\/www.accountable.eu\\\/wp-content\\\/uploads\\\/2022\\\/11\\\/Export-me-pleeeeaaase_11_5.png\",\"width\":343,\"height\":200,\"caption\":\"BTW betalen op goederen buiten de EU - Accountable\"},{\"@type\":\"BreadcrumbList\",\"@id\":\"https:\\\/\\\/www.accountable.eu\\\/fr-be\\\/blog\\\/deduire-borne-voiture-electrique-2023\\\/#breadcrumb\",\"itemListElement\":[{\"@type\":\"ListItem\",\"position\":1,\"name\":\"Home\",\"item\":\"https:\\\/\\\/www.accountable.eu\\\/fr-be\\\/\"},{\"@type\":\"ListItem\",\"position\":2,\"name\":\"Comment d\u00e9duire les bornes de recharge pour votre voiture \u00e9lectrique ?\"}]},{\"@type\":\"WebSite\",\"@id\":\"https:\\\/\\\/www.accountable.eu\\\/fr-be\\\/#website\",\"url\":\"https:\\\/\\\/www.accountable.eu\\\/fr-be\\\/\",\"name\":\"Accountable\",\"description\":\"Your accountant and tax advisor on your smartphone\",\"publisher\":{\"@id\":\"https:\\\/\\\/www.accountable.eu\\\/fr-be\\\/#organization\"},\"potentialAction\":[{\"@type\":\"SearchAction\",\"target\":{\"@type\":\"EntryPoint\",\"urlTemplate\":\"https:\\\/\\\/www.accountable.eu\\\/fr-be\\\/?s={search_term_string}\"},\"query-input\":{\"@type\":\"PropertyValueSpecification\",\"valueRequired\":true,\"valueName\":\"search_term_string\"}}],\"inLanguage\":\"fr-BE\"},{\"@type\":\"Organization\",\"@id\":\"https:\\\/\\\/www.accountable.eu\\\/fr-be\\\/#organization\",\"name\":\"Accountable\",\"url\":\"https:\\\/\\\/www.accountable.eu\\\/fr-be\\\/\",\"logo\":{\"@type\":\"ImageObject\",\"inLanguage\":\"fr-BE\",\"@id\":\"https:\\\/\\\/www.accountable.eu\\\/fr-be\\\/#\\\/schema\\\/logo\\\/image\\\/\",\"url\":\"https:\\\/\\\/www.accountable.eu\\\/wp-content\\\/uploads\\\/2026\\\/04\\\/logo-512.png\",\"contentUrl\":\"https:\\\/\\\/www.accountable.eu\\\/wp-content\\\/uploads\\\/2026\\\/04\\\/logo-512.png\",\"width\":512,\"height\":512,\"caption\":\"Accountable\"},\"image\":{\"@id\":\"https:\\\/\\\/www.accountable.eu\\\/fr-be\\\/#\\\/schema\\\/logo\\\/image\\\/\"}},{\"@type\":\"Person\",\"@id\":\"\"}]}<\/script>\n<!-- \/ Yoast SEO plugin. -->","yoast_head_json":{"title":"Comment d\u00e9duire les bornes de recharge pour votre voiture \u00e9lectrique ? - Accountable","description":"Un(e) ind\u00e9pendant(e) peut introduire comme d\u00e9pense au moins 100% de l'investissement pour une borne de recharge.\u00a0Sous conditions, il y a un avantage fiscal suppl\u00e9mentaire qui s'\u00e9l\u00e8ve \u00e0 200% pour les commandes avant le 1er avril 2023, et \u00e0 150% si l'investissement est r\u00e9alis\u00e9 entre le 1er avril 2023 et le 31 ao\u00fbt 2024.\u00a0","robots":{"index":"index","follow":"follow","max-snippet":"max-snippet:-1","max-image-preview":"max-image-preview:large","max-video-preview":"max-video-preview:-1"},"canonical":"https:\/\/www.accountable.eu\/fr-be\/blog\/deduire-borne-voiture-electrique-2023\/","og_locale":"fr_FR","og_type":"article","og_title":"Comment d\u00e9duire les bornes de recharge pour votre voiture \u00e9lectrique ? - Accountable","og_description":"Un(e) ind\u00e9pendant(e) peut introduire comme d\u00e9pense au moins 100% de l'investissement pour une borne de recharge.\u00a0Sous conditions, il y a un avantage fiscal suppl\u00e9mentaire qui s'\u00e9l\u00e8ve \u00e0 200% pour les commandes avant le 1er avril 2023, et \u00e0 150% si l'investissement est r\u00e9alis\u00e9 entre le 1er avril 2023 et le 31 ao\u00fbt 2024.\u00a0","og_url":"https:\/\/www.accountable.eu\/fr-be\/blog\/deduire-borne-voiture-electrique-2023\/","og_site_name":"Accountable","article_published_time":"2022-12-05T13:09:37+00:00","article_modified_time":"2024-07-11T08:56:01+00:00","og_image":[{"width":343,"height":200,"url":"https:\/\/www.accountable.eu\/wp-content\/uploads\/2022\/11\/Export-me-pleeeeaaase_11_5.png","type":"image\/png"}],"twitter_card":"summary_large_image","twitter_misc":{"\u00c9crit par":"","Dur\u00e9e de lecture est.":"3 minutes"},"schema":{"@context":"https:\/\/schema.org","@graph":[{"@type":"Article","@id":"https:\/\/www.accountable.eu\/fr-be\/blog\/deduire-borne-voiture-electrique-2023\/#article","isPartOf":{"@id":"https:\/\/www.accountable.eu\/fr-be\/blog\/deduire-borne-voiture-electrique-2023\/"},"author":{"name":"","@id":""},"headline":"Comment d\u00e9duire les bornes de recharge pour votre voiture \u00e9lectrique ?","datePublished":"2022-12-05T13:09:37+00:00","dateModified":"2024-07-11T08:56:01+00:00","mainEntityOfPage":{"@id":"https:\/\/www.accountable.eu\/fr-be\/blog\/deduire-borne-voiture-electrique-2023\/"},"wordCount":588,"publisher":{"@id":"https:\/\/www.accountable.eu\/fr-be\/#organization"},"image":{"@id":"https:\/\/www.accountable.eu\/fr-be\/blog\/deduire-borne-voiture-electrique-2023\/#primaryimage"},"thumbnailUrl":"https:\/\/www.accountable.eu\/wp-content\/uploads\/2022\/11\/Export-me-pleeeeaaase_11_5.png","articleSection":["Frais professionnels","Uncategorized @fr-be"],"inLanguage":"fr-BE"},{"@type":"WebPage","@id":"https:\/\/www.accountable.eu\/fr-be\/blog\/deduire-borne-voiture-electrique-2023\/","url":"https:\/\/www.accountable.eu\/fr-be\/blog\/deduire-borne-voiture-electrique-2023\/","name":"Comment d\u00e9duire les bornes de recharge pour votre voiture \u00e9lectrique ? - Accountable","isPartOf":{"@id":"https:\/\/www.accountable.eu\/fr-be\/#website"},"primaryImageOfPage":{"@id":"https:\/\/www.accountable.eu\/fr-be\/blog\/deduire-borne-voiture-electrique-2023\/#primaryimage"},"image":{"@id":"https:\/\/www.accountable.eu\/fr-be\/blog\/deduire-borne-voiture-electrique-2023\/#primaryimage"},"thumbnailUrl":"https:\/\/www.accountable.eu\/wp-content\/uploads\/2022\/11\/Export-me-pleeeeaaase_11_5.png","datePublished":"2022-12-05T13:09:37+00:00","dateModified":"2024-07-11T08:56:01+00:00","description":"Un(e) ind\u00e9pendant(e) peut introduire comme d\u00e9pense au moins 100% de l'investissement pour une borne de recharge.\u00a0Sous conditions, il y a un avantage fiscal suppl\u00e9mentaire qui s'\u00e9l\u00e8ve \u00e0 200% pour les commandes avant le 1er avril 2023, et \u00e0 150% si l'investissement est r\u00e9alis\u00e9 entre le 1er avril 2023 et le 31 ao\u00fbt 2024.\u00a0","breadcrumb":{"@id":"https:\/\/www.accountable.eu\/fr-be\/blog\/deduire-borne-voiture-electrique-2023\/#breadcrumb"},"inLanguage":"fr-BE","potentialAction":[{"@type":"ReadAction","target":["https:\/\/www.accountable.eu\/fr-be\/blog\/deduire-borne-voiture-electrique-2023\/"]}]},{"@type":"ImageObject","inLanguage":"fr-BE","@id":"https:\/\/www.accountable.eu\/fr-be\/blog\/deduire-borne-voiture-electrique-2023\/#primaryimage","url":"https:\/\/www.accountable.eu\/wp-content\/uploads\/2022\/11\/Export-me-pleeeeaaase_11_5.png","contentUrl":"https:\/\/www.accountable.eu\/wp-content\/uploads\/2022\/11\/Export-me-pleeeeaaase_11_5.png","width":343,"height":200,"caption":"BTW betalen op goederen buiten de EU - Accountable"},{"@type":"BreadcrumbList","@id":"https:\/\/www.accountable.eu\/fr-be\/blog\/deduire-borne-voiture-electrique-2023\/#breadcrumb","itemListElement":[{"@type":"ListItem","position":1,"name":"Home","item":"https:\/\/www.accountable.eu\/fr-be\/"},{"@type":"ListItem","position":2,"name":"Comment d\u00e9duire les bornes de recharge pour votre voiture \u00e9lectrique ?"}]},{"@type":"WebSite","@id":"https:\/\/www.accountable.eu\/fr-be\/#website","url":"https:\/\/www.accountable.eu\/fr-be\/","name":"Accountable","description":"Your accountant and tax advisor on your smartphone","publisher":{"@id":"https:\/\/www.accountable.eu\/fr-be\/#organization"},"potentialAction":[{"@type":"SearchAction","target":{"@type":"EntryPoint","urlTemplate":"https:\/\/www.accountable.eu\/fr-be\/?s={search_term_string}"},"query-input":{"@type":"PropertyValueSpecification","valueRequired":true,"valueName":"search_term_string"}}],"inLanguage":"fr-BE"},{"@type":"Organization","@id":"https:\/\/www.accountable.eu\/fr-be\/#organization","name":"Accountable","url":"https:\/\/www.accountable.eu\/fr-be\/","logo":{"@type":"ImageObject","inLanguage":"fr-BE","@id":"https:\/\/www.accountable.eu\/fr-be\/#\/schema\/logo\/image\/","url":"https:\/\/www.accountable.eu\/wp-content\/uploads\/2026\/04\/logo-512.png","contentUrl":"https:\/\/www.accountable.eu\/wp-content\/uploads\/2026\/04\/logo-512.png","width":512,"height":512,"caption":"Accountable"},"image":{"@id":"https:\/\/www.accountable.eu\/fr-be\/#\/schema\/logo\/image\/"}},{"@type":"Person","@id":""}]}},"_links":{"self":[{"href":"https:\/\/www.accountable.eu\/fr-be\/wp-json\/wp\/v2\/posts\/12967","targetHints":{"allow":["GET"]}}],"collection":[{"href":"https:\/\/www.accountable.eu\/fr-be\/wp-json\/wp\/v2\/posts"}],"about":[{"href":"https:\/\/www.accountable.eu\/fr-be\/wp-json\/wp\/v2\/types\/post"}],"author":[{"embeddable":true,"href":"https:\/\/www.accountable.eu\/fr-be\/wp-json\/wp\/v2\/users\/5"}],"replies":[{"embeddable":true,"href":"https:\/\/www.accountable.eu\/fr-be\/wp-json\/wp\/v2\/comments?post=12967"}],"version-history":[{"count":0,"href":"https:\/\/www.accountable.eu\/fr-be\/wp-json\/wp\/v2\/posts\/12967\/revisions"}],"wp:featuredmedia":[{"embeddable":true,"href":"https:\/\/www.accountable.eu\/fr-be\/wp-json\/wp\/v2\/media\/5687"}],"wp:attachment":[{"href":"https:\/\/www.accountable.eu\/fr-be\/wp-json\/wp\/v2\/media?parent=12967"}],"wp:term":[{"taxonomy":"category","embeddable":true,"href":"https:\/\/www.accountable.eu\/fr-be\/wp-json\/wp\/v2\/categories?post=12967"},{"taxonomy":"post_tag","embeddable":true,"href":"https:\/\/www.accountable.eu\/fr-be\/wp-json\/wp\/v2\/tags?post=12967"}],"curies":[{"name":"wp","href":"https:\/\/api.w.org\/{rel}","templated":true}]}}