{"id":12977,"date":"2022-09-15T14:57:36","date_gmt":"2022-09-15T12:57:36","guid":{"rendered":"https:\/\/prod-migration-second.local\/?p=12977"},"modified":"2024-07-11T10:56:02","modified_gmt":"2024-07-11T08:56:02","slug":"franchise-tva-assujettissement","status":"publish","type":"post","link":"https:\/\/www.accountable.eu\/fr-be\/blog\/franchise-tva-assujettissement\/","title":{"rendered":"Assujetti(e) \u00e0 la TVA ou non : quand opter pour la franchise TVA\u2009?"},"content":{"rendered":"<p class=\"p1\"><b>Lorsque vous vous inscrivez aupr\u00e8s du guichet d\u2019entreprises et que vous demandez votre num\u00e9ro de TVA, vous choisissez le statut d\u2019entreprise assujettie \u00e0 la TVA ou de petite entreprise exon\u00e9r\u00e9e de TVA. Quand opter pour l\u2019exon\u00e9ration de TVA<\/b><span class=\"s1\"><b>\u2009<\/b><\/span><b>? Et \u00e0 quel moment \u00eates-vous assujetti(e) \u00e0 la TVA<\/b><span class=\"s1\"><b>\u2009<\/b><\/span><b>?<\/b><\/p>\n<h2 class=\"p1\"><b>Qu\u2019est-ce qu\u2019une petite entreprise<\/b><span class=\"s1\"><b>\u2009<\/b><\/span><b>?<\/b><\/h2>\n<p class=\"p1\">Une petite entreprise a un <b>chiffre d\u2019affaires<\/b> <b>annuel inf\u00e9rieur \u00e0 25<\/b><span class=\"s1\"><b>\u2009<\/b><\/span><b>000\u00a0\u20ac<\/b>. Dans ce cas, vous pouvez opter pour l\u2019exon\u00e9ration de TVA. Vous ne facturez donc pas la TVA \u00e0 vos clients et ne la reversez pas \u00e0 l\u2019\u00c9tat belge.<\/p>\n<p class=\"p1\">L\u2019exon\u00e9ration de TVA est possible pour les ind\u00e9pendants \u00e0 titre principal et compl\u00e9mentaire.<\/p>\n<p class=\"p1\">Vous <b>n\u2019\u00eates pas oblig\u00e9(e) <\/b>de demander une exon\u00e9ration de TVA si votre chiffre d\u2019affaires est faible. Des avantages et des inconv\u00e9nients sont li\u00e9s au statut de petite entreprise.<\/p>\n<h3 class=\"p1\"><b>Quels sont les avantages de la franchise de TVA<\/b><span class=\"s1\"><b>\u2009<\/b><\/span><b>?<\/b><\/h3>\n<p class=\"p1\">L\u2019un des principaux avantages de l\u2019exon\u00e9ration de TVA est l\u2019<b>administration r\u00e9duite<\/b>. Il n\u2019est pas n\u00e9cessaire de soumettre une d\u00e9claration TVA chaque trimestre et vous ne devez pas reverser la TVA per\u00e7ue au fisc. Cela dit, avec Accountable, cette administration est sous contr\u00f4le avant que vous ayez eu le temps d&rsquo;y penser !<\/p>\n<h3 class=\"p1\"><b>Quel est l\u2019inconv\u00e9nient de la franchise TVA<\/b><span class=\"s1\"><b>\u2009<\/b><\/span><b>?<\/b><\/h3>\n<p class=\"p1\">Si vous ne facturez pas de TVA \u00e0 vos clients, vous <b>ne pouvez pas non plus r\u00e9cup\u00e9rer<\/b> la TVA pay\u00e9e sur vos propres achats professionnels. L\u2019achat d\u2019un nouvel ordinateur portable est plus co\u00fbteux pour une petite entreprise que pour celles qui sont assujetties \u00e0 la TVA.<\/p>\n<h2 class=\"p1\"><b>Quand opter pour le statut d\u2019assujetti(e) \u00e0 la TVA<\/b><span class=\"s1\"><b>\u2009<\/b><\/span><b>?<\/b><\/h2>\n<p class=\"p1\">Si votre chiffre d\u2019affaires annuel <b>d\u00e9passe 25<\/b><span class=\"s1\"><b>\u2009<\/b><\/span><b>000\u00a0euros<\/b>, vous \u00eates d\u00e8s cet instant officiellement assujetti(e) \u00e0 la TVA. Pour chaque euro d\u00e9passant le plafond de 25<span class=\"s1\">\u2009<\/span>000 \u20ac, vous devez facturer la TVA, la d\u00e9clarer et la reverser \u00e0 l\u2019\u00c9tat.<\/p>\n<p class=\"p1\">Si votre entreprise se d\u00e9veloppe rapidement et que votre chiffre d\u2019affaires augmente au fil des mois, il peut \u00eatre int\u00e9ressant de <b>changer de statut<\/b>. En particulier si vos clients sont assujettis \u00e0 la TVA, car ils peuvent en effet pr\u00e9f\u00e9rer travailler avec vous si vous \u00eates assujetti(e) \u00e0 la TVA vu qu\u2019ils peuvent r\u00e9cup\u00e9rer la TVA pay\u00e9e.<\/p>\n<h2 class=\"p1\"><b>Assujetti(e) \u00e0 la TVA ou non<\/b><span class=\"s1\"><b>\u2009<\/b><\/span><b>? Ces entreprises ne sont jamais exon\u00e9r\u00e9es<\/b><\/h2>\n<p class=\"p1\">Toutes les entreprises ne peuvent pas demander l\u2019exon\u00e9ration de TVA, m\u00eame si leur chiffre d\u2019affaires annuel est inf\u00e9rieur \u00e0 25<span class=\"s1\">\u2009<\/span>000\u00a0euros. Les entreprises suivantes ne sont jamais exon\u00e9r\u00e9es\u00a0:<\/p>\n<ul class=\"ul1\">\n<li class=\"li1\">Les <b>\u00e9tablissements Horeca<\/b> avec un syst\u00e8me de caisses agr\u00e9\u00e9\u00a0;<\/li>\n<li class=\"li1\">Les ind\u00e9pendants qui effectuent des <b>travaux dans l\u2019immobilier<\/b>. Il s\u2019agit notamment de la construction et de la r\u00e9novation de biens immobiliers, ainsi que de services d\u2019entretien, comme le nettoyage des vitres et les services de nettoyage\u00a0;<\/li>\n<li class=\"li1\">Des activit\u00e9s ind\u00e9pendantes li\u00e9es \u00e0 la <b>vente d\u2019anciens mat\u00e9riaux<\/b>. Un ferrailleur, par exemple.<\/li>\n<\/ul>\n<h2 class=\"p1\"><b>Comment passer du statut de franchise TVA \u00e0 un statut d\u2019assujettissement \u00e0 la TVA<\/b><span class=\"s1\"><b>\u2009<\/b><\/span><b>?<\/b><\/h2>\n<p class=\"p1\">Si vous voulez mettre fin \u00e0 votre statut de petite entreprise et <b>assujettir votre activit\u00e9 \u00e0 la TVA<\/b>, vous devez le signaler au SPF Finances. Votre comptable ou votre caisse d\u2019assurances sociales peut s\u2019en charger. Ou vous pouvez le faire vous-m\u00eame sur MyMinfin via le formulaire 604B.<\/p>\n<p class=\"p1\">Attention\u00a0: si vous voulez finalement revenir au statut de petite entreprise, ce n\u2019est possible qu\u2019\u00e0 partir du 1<sup>er<\/sup> janvier <b>de la troisi\u00e8me ann\u00e9e suivant<\/b> le changement de r\u00e9gime.<\/p>\n<h2 class=\"p1\"><b>Besoin d\u2019aide pour votre administration<\/b><span class=\"s1\"><b>\u2009<\/b><\/span><b>?<\/b><\/h2>\n<p class=\"p1\">L\u2019assujettissement \u00e0 la TVA ne doit pas constituer un obstacle. Chez Accountable, nous faisons tout notre possible pour r\u00e9duire au maximum vos t\u00e2ches administratives. Gr\u00e2ce \u00e0 notre app<span class=\"s2\">,<\/span> vous pouvez cr\u00e9er des factures correctes, avec ou sans TVA, en quelques clics seulement. Si vous \u00eates assujetti(e) \u00e0 la TVA, votre d\u00e9claration TVA est alors automatiquement pr\u00eate \u00e0 \u00eatre introduite dans Intervat. Vous voulez essayer<span class=\"s1\">\u2009<\/span>?<\/p>\n","protected":false},"excerpt":{"rendered":"<p>Lorsque vous vous inscrivez aupr\u00e8s du guichet d\u2019entreprises et que vous demandez votre num\u00e9ro de TVA, vous choisissez le statut d\u2019entreprise assujettie \u00e0 la TVA ou de petite entreprise exon\u00e9r\u00e9e de TVA. Quand opter pour l\u2019exon\u00e9ration de TVA\u2009? Et \u00e0 quel moment \u00eates-vous assujetti(e) \u00e0 la TVA\u2009? Qu\u2019est-ce qu\u2019une petite entreprise\u2009? Une petite entreprise a [&hellip;]<\/p>\n","protected":false},"author":5,"featured_media":5408,"comment_status":"open","ping_status":"open","sticky":false,"template":"","format":"standard","meta":{"inline_featured_image":false,"footnotes":""},"categories":[282,240],"tags":[308,313,315],"class_list":["post-12977","post","type-post","status-publish","format-standard","has-post-thumbnail","hentry","category-changement-de-statut","category-uncategorized-fr-be","tag-franchise","tag-personne-physique","tag-tva"],"acf":[],"yoast_head":"<!-- This site is optimized with the Yoast SEO plugin v27.4 - https:\/\/yoast.com\/product\/yoast-seo-wordpress\/ -->\n<title>Assujetti(e) \u00e0 la TVA ou non : quand opter pour la franchise TVA\u2009? - Accountable<\/title>\n<meta name=\"description\" content=\"Votre entreprise est-elle assujetti(e) \u00e0 la TVA ou non\u2009? Et quand est-il pr\u00e9f\u00e9rable d\u2019opter pour une exon\u00e9ration TVA en tant qu\u2019ind\u00e9pendant(e)\u2009? Nous r\u00e9pondons \u00e0 vos questions.\" \/>\n<meta name=\"robots\" content=\"index, follow, max-snippet:-1, max-image-preview:large, max-video-preview:-1\" \/>\n<link rel=\"canonical\" href=\"https:\/\/www.accountable.eu\/fr-be\/blog\/franchise-tva-assujettissement\/\" \/>\n<meta property=\"og:locale\" content=\"fr_FR\" \/>\n<meta property=\"og:type\" content=\"article\" \/>\n<meta property=\"og:title\" content=\"Assujetti(e) \u00e0 la TVA ou non : quand opter pour la franchise TVA\u2009? - Accountable\" \/>\n<meta property=\"og:description\" content=\"Votre entreprise est-elle assujetti(e) \u00e0 la TVA ou non\u2009? Et quand est-il pr\u00e9f\u00e9rable d\u2019opter pour une exon\u00e9ration TVA en tant qu\u2019ind\u00e9pendant(e)\u2009? Nous r\u00e9pondons \u00e0 vos questions.\" \/>\n<meta property=\"og:url\" content=\"https:\/\/www.accountable.eu\/fr-be\/blog\/franchise-tva-assujettissement\/\" \/>\n<meta property=\"og:site_name\" content=\"Accountable\" \/>\n<meta property=\"article:published_time\" content=\"2022-09-15T12:57:36+00:00\" \/>\n<meta property=\"article:modified_time\" content=\"2024-07-11T08:56:02+00:00\" \/>\n<meta property=\"og:image\" content=\"https:\/\/www.accountable.eu\/wp-content\/uploads\/2022\/09\/Export-me-pleeeeaaase_22.png\" \/>\n\t<meta property=\"og:image:width\" content=\"343\" \/>\n\t<meta property=\"og:image:height\" content=\"200\" \/>\n\t<meta property=\"og:image:type\" content=\"image\/png\" \/>\n<meta name=\"twitter:card\" content=\"summary_large_image\" \/>\n<meta name=\"twitter:label1\" content=\"\u00c9crit par\" \/>\n\t<meta name=\"twitter:data1\" content=\"\" \/>\n\t<meta name=\"twitter:label2\" content=\"Dur\u00e9e de lecture est.\" \/>\n\t<meta name=\"twitter:data2\" content=\"3 minutes\" \/>\n<script type=\"application\/ld+json\" class=\"yoast-schema-graph\">{\"@context\":\"https:\\\/\\\/schema.org\",\"@graph\":[{\"@type\":\"Article\",\"@id\":\"https:\\\/\\\/www.accountable.eu\\\/fr-be\\\/blog\\\/franchise-tva-assujettissement\\\/#article\",\"isPartOf\":{\"@id\":\"https:\\\/\\\/www.accountable.eu\\\/fr-be\\\/blog\\\/franchise-tva-assujettissement\\\/\"},\"author\":{\"name\":\"\",\"@id\":\"\"},\"headline\":\"Assujetti(e) \u00e0 la TVA ou non : quand opter pour la franchise TVA\u2009?\",\"datePublished\":\"2022-09-15T12:57:36+00:00\",\"dateModified\":\"2024-07-11T08:56:02+00:00\",\"mainEntityOfPage\":{\"@id\":\"https:\\\/\\\/www.accountable.eu\\\/fr-be\\\/blog\\\/franchise-tva-assujettissement\\\/\"},\"wordCount\":689,\"commentCount\":0,\"publisher\":{\"@id\":\"https:\\\/\\\/www.accountable.eu\\\/fr-be\\\/#organization\"},\"image\":{\"@id\":\"https:\\\/\\\/www.accountable.eu\\\/fr-be\\\/blog\\\/franchise-tva-assujettissement\\\/#primaryimage\"},\"thumbnailUrl\":\"https:\\\/\\\/www.accountable.eu\\\/wp-content\\\/uploads\\\/2022\\\/09\\\/Export-me-pleeeeaaase_22.png\",\"keywords\":[\"Franchis\u00e9\",\"Personne physique\",\"TVA\"],\"articleSection\":[\"Changement de statut\",\"Uncategorized @fr-be\"],\"inLanguage\":\"fr-BE\",\"potentialAction\":[{\"@type\":\"CommentAction\",\"name\":\"Comment\",\"target\":[\"https:\\\/\\\/www.accountable.eu\\\/fr-be\\\/blog\\\/franchise-tva-assujettissement\\\/#respond\"]}]},{\"@type\":\"WebPage\",\"@id\":\"https:\\\/\\\/www.accountable.eu\\\/fr-be\\\/blog\\\/franchise-tva-assujettissement\\\/\",\"url\":\"https:\\\/\\\/www.accountable.eu\\\/fr-be\\\/blog\\\/franchise-tva-assujettissement\\\/\",\"name\":\"Assujetti(e) \u00e0 la TVA ou non : quand opter pour la franchise TVA\u2009? - Accountable\",\"isPartOf\":{\"@id\":\"https:\\\/\\\/www.accountable.eu\\\/fr-be\\\/#website\"},\"primaryImageOfPage\":{\"@id\":\"https:\\\/\\\/www.accountable.eu\\\/fr-be\\\/blog\\\/franchise-tva-assujettissement\\\/#primaryimage\"},\"image\":{\"@id\":\"https:\\\/\\\/www.accountable.eu\\\/fr-be\\\/blog\\\/franchise-tva-assujettissement\\\/#primaryimage\"},\"thumbnailUrl\":\"https:\\\/\\\/www.accountable.eu\\\/wp-content\\\/uploads\\\/2022\\\/09\\\/Export-me-pleeeeaaase_22.png\",\"datePublished\":\"2022-09-15T12:57:36+00:00\",\"dateModified\":\"2024-07-11T08:56:02+00:00\",\"description\":\"Votre entreprise est-elle assujetti(e) \u00e0 la TVA ou non\u2009? Et quand est-il pr\u00e9f\u00e9rable d\u2019opter pour une exon\u00e9ration TVA en tant qu\u2019ind\u00e9pendant(e)\u2009? Nous r\u00e9pondons \u00e0 vos questions.\",\"breadcrumb\":{\"@id\":\"https:\\\/\\\/www.accountable.eu\\\/fr-be\\\/blog\\\/franchise-tva-assujettissement\\\/#breadcrumb\"},\"inLanguage\":\"fr-BE\",\"potentialAction\":[{\"@type\":\"ReadAction\",\"target\":[\"https:\\\/\\\/www.accountable.eu\\\/fr-be\\\/blog\\\/franchise-tva-assujettissement\\\/\"]}]},{\"@type\":\"ImageObject\",\"inLanguage\":\"fr-BE\",\"@id\":\"https:\\\/\\\/www.accountable.eu\\\/fr-be\\\/blog\\\/franchise-tva-assujettissement\\\/#primaryimage\",\"url\":\"https:\\\/\\\/www.accountable.eu\\\/wp-content\\\/uploads\\\/2022\\\/09\\\/Export-me-pleeeeaaase_22.png\",\"contentUrl\":\"https:\\\/\\\/www.accountable.eu\\\/wp-content\\\/uploads\\\/2022\\\/09\\\/Export-me-pleeeeaaase_22.png\",\"width\":343,\"height\":200},{\"@type\":\"BreadcrumbList\",\"@id\":\"https:\\\/\\\/www.accountable.eu\\\/fr-be\\\/blog\\\/franchise-tva-assujettissement\\\/#breadcrumb\",\"itemListElement\":[{\"@type\":\"ListItem\",\"position\":1,\"name\":\"Home\",\"item\":\"https:\\\/\\\/www.accountable.eu\\\/fr-be\\\/\"},{\"@type\":\"ListItem\",\"position\":2,\"name\":\"Assujetti(e) \u00e0 la TVA ou non : quand opter pour la franchise TVA\u2009?\"}]},{\"@type\":\"WebSite\",\"@id\":\"https:\\\/\\\/www.accountable.eu\\\/fr-be\\\/#website\",\"url\":\"https:\\\/\\\/www.accountable.eu\\\/fr-be\\\/\",\"name\":\"Accountable\",\"description\":\"Your accountant and tax advisor on your smartphone\",\"publisher\":{\"@id\":\"https:\\\/\\\/www.accountable.eu\\\/fr-be\\\/#organization\"},\"potentialAction\":[{\"@type\":\"SearchAction\",\"target\":{\"@type\":\"EntryPoint\",\"urlTemplate\":\"https:\\\/\\\/www.accountable.eu\\\/fr-be\\\/?s={search_term_string}\"},\"query-input\":{\"@type\":\"PropertyValueSpecification\",\"valueRequired\":true,\"valueName\":\"search_term_string\"}}],\"inLanguage\":\"fr-BE\"},{\"@type\":\"Organization\",\"@id\":\"https:\\\/\\\/www.accountable.eu\\\/fr-be\\\/#organization\",\"name\":\"Accountable\",\"url\":\"https:\\\/\\\/www.accountable.eu\\\/fr-be\\\/\",\"logo\":{\"@type\":\"ImageObject\",\"inLanguage\":\"fr-BE\",\"@id\":\"https:\\\/\\\/www.accountable.eu\\\/fr-be\\\/#\\\/schema\\\/logo\\\/image\\\/\",\"url\":\"https:\\\/\\\/www.accountable.eu\\\/wp-content\\\/uploads\\\/2026\\\/04\\\/logo-512.png\",\"contentUrl\":\"https:\\\/\\\/www.accountable.eu\\\/wp-content\\\/uploads\\\/2026\\\/04\\\/logo-512.png\",\"width\":512,\"height\":512,\"caption\":\"Accountable\"},\"image\":{\"@id\":\"https:\\\/\\\/www.accountable.eu\\\/fr-be\\\/#\\\/schema\\\/logo\\\/image\\\/\"}},{\"@type\":\"Person\",\"@id\":\"\"}]}<\/script>\n<!-- \/ Yoast SEO plugin. -->","yoast_head_json":{"title":"Assujetti(e) \u00e0 la TVA ou non : quand opter pour la franchise TVA\u2009? - Accountable","description":"Votre entreprise est-elle assujetti(e) \u00e0 la TVA ou non\u2009? Et quand est-il pr\u00e9f\u00e9rable d\u2019opter pour une exon\u00e9ration TVA en tant qu\u2019ind\u00e9pendant(e)\u2009? Nous r\u00e9pondons \u00e0 vos questions.","robots":{"index":"index","follow":"follow","max-snippet":"max-snippet:-1","max-image-preview":"max-image-preview:large","max-video-preview":"max-video-preview:-1"},"canonical":"https:\/\/www.accountable.eu\/fr-be\/blog\/franchise-tva-assujettissement\/","og_locale":"fr_FR","og_type":"article","og_title":"Assujetti(e) \u00e0 la TVA ou non : quand opter pour la franchise TVA\u2009? - Accountable","og_description":"Votre entreprise est-elle assujetti(e) \u00e0 la TVA ou non\u2009? Et quand est-il pr\u00e9f\u00e9rable d\u2019opter pour une exon\u00e9ration TVA en tant qu\u2019ind\u00e9pendant(e)\u2009? Nous r\u00e9pondons \u00e0 vos questions.","og_url":"https:\/\/www.accountable.eu\/fr-be\/blog\/franchise-tva-assujettissement\/","og_site_name":"Accountable","article_published_time":"2022-09-15T12:57:36+00:00","article_modified_time":"2024-07-11T08:56:02+00:00","og_image":[{"width":343,"height":200,"url":"https:\/\/www.accountable.eu\/wp-content\/uploads\/2022\/09\/Export-me-pleeeeaaase_22.png","type":"image\/png"}],"twitter_card":"summary_large_image","twitter_misc":{"\u00c9crit par":"","Dur\u00e9e de lecture est.":"3 minutes"},"schema":{"@context":"https:\/\/schema.org","@graph":[{"@type":"Article","@id":"https:\/\/www.accountable.eu\/fr-be\/blog\/franchise-tva-assujettissement\/#article","isPartOf":{"@id":"https:\/\/www.accountable.eu\/fr-be\/blog\/franchise-tva-assujettissement\/"},"author":{"name":"","@id":""},"headline":"Assujetti(e) \u00e0 la TVA ou non : quand opter pour la franchise TVA\u2009?","datePublished":"2022-09-15T12:57:36+00:00","dateModified":"2024-07-11T08:56:02+00:00","mainEntityOfPage":{"@id":"https:\/\/www.accountable.eu\/fr-be\/blog\/franchise-tva-assujettissement\/"},"wordCount":689,"commentCount":0,"publisher":{"@id":"https:\/\/www.accountable.eu\/fr-be\/#organization"},"image":{"@id":"https:\/\/www.accountable.eu\/fr-be\/blog\/franchise-tva-assujettissement\/#primaryimage"},"thumbnailUrl":"https:\/\/www.accountable.eu\/wp-content\/uploads\/2022\/09\/Export-me-pleeeeaaase_22.png","keywords":["Franchis\u00e9","Personne physique","TVA"],"articleSection":["Changement de statut","Uncategorized @fr-be"],"inLanguage":"fr-BE","potentialAction":[{"@type":"CommentAction","name":"Comment","target":["https:\/\/www.accountable.eu\/fr-be\/blog\/franchise-tva-assujettissement\/#respond"]}]},{"@type":"WebPage","@id":"https:\/\/www.accountable.eu\/fr-be\/blog\/franchise-tva-assujettissement\/","url":"https:\/\/www.accountable.eu\/fr-be\/blog\/franchise-tva-assujettissement\/","name":"Assujetti(e) \u00e0 la TVA ou non : quand opter pour la franchise TVA\u2009? - Accountable","isPartOf":{"@id":"https:\/\/www.accountable.eu\/fr-be\/#website"},"primaryImageOfPage":{"@id":"https:\/\/www.accountable.eu\/fr-be\/blog\/franchise-tva-assujettissement\/#primaryimage"},"image":{"@id":"https:\/\/www.accountable.eu\/fr-be\/blog\/franchise-tva-assujettissement\/#primaryimage"},"thumbnailUrl":"https:\/\/www.accountable.eu\/wp-content\/uploads\/2022\/09\/Export-me-pleeeeaaase_22.png","datePublished":"2022-09-15T12:57:36+00:00","dateModified":"2024-07-11T08:56:02+00:00","description":"Votre entreprise est-elle assujetti(e) \u00e0 la TVA ou non\u2009? Et quand est-il pr\u00e9f\u00e9rable d\u2019opter pour une exon\u00e9ration TVA en tant qu\u2019ind\u00e9pendant(e)\u2009? Nous r\u00e9pondons \u00e0 vos questions.","breadcrumb":{"@id":"https:\/\/www.accountable.eu\/fr-be\/blog\/franchise-tva-assujettissement\/#breadcrumb"},"inLanguage":"fr-BE","potentialAction":[{"@type":"ReadAction","target":["https:\/\/www.accountable.eu\/fr-be\/blog\/franchise-tva-assujettissement\/"]}]},{"@type":"ImageObject","inLanguage":"fr-BE","@id":"https:\/\/www.accountable.eu\/fr-be\/blog\/franchise-tva-assujettissement\/#primaryimage","url":"https:\/\/www.accountable.eu\/wp-content\/uploads\/2022\/09\/Export-me-pleeeeaaase_22.png","contentUrl":"https:\/\/www.accountable.eu\/wp-content\/uploads\/2022\/09\/Export-me-pleeeeaaase_22.png","width":343,"height":200},{"@type":"BreadcrumbList","@id":"https:\/\/www.accountable.eu\/fr-be\/blog\/franchise-tva-assujettissement\/#breadcrumb","itemListElement":[{"@type":"ListItem","position":1,"name":"Home","item":"https:\/\/www.accountable.eu\/fr-be\/"},{"@type":"ListItem","position":2,"name":"Assujetti(e) \u00e0 la TVA ou non : quand opter pour la franchise TVA\u2009?"}]},{"@type":"WebSite","@id":"https:\/\/www.accountable.eu\/fr-be\/#website","url":"https:\/\/www.accountable.eu\/fr-be\/","name":"Accountable","description":"Your accountant and tax advisor on your smartphone","publisher":{"@id":"https:\/\/www.accountable.eu\/fr-be\/#organization"},"potentialAction":[{"@type":"SearchAction","target":{"@type":"EntryPoint","urlTemplate":"https:\/\/www.accountable.eu\/fr-be\/?s={search_term_string}"},"query-input":{"@type":"PropertyValueSpecification","valueRequired":true,"valueName":"search_term_string"}}],"inLanguage":"fr-BE"},{"@type":"Organization","@id":"https:\/\/www.accountable.eu\/fr-be\/#organization","name":"Accountable","url":"https:\/\/www.accountable.eu\/fr-be\/","logo":{"@type":"ImageObject","inLanguage":"fr-BE","@id":"https:\/\/www.accountable.eu\/fr-be\/#\/schema\/logo\/image\/","url":"https:\/\/www.accountable.eu\/wp-content\/uploads\/2026\/04\/logo-512.png","contentUrl":"https:\/\/www.accountable.eu\/wp-content\/uploads\/2026\/04\/logo-512.png","width":512,"height":512,"caption":"Accountable"},"image":{"@id":"https:\/\/www.accountable.eu\/fr-be\/#\/schema\/logo\/image\/"}},{"@type":"Person","@id":""}]}},"_links":{"self":[{"href":"https:\/\/www.accountable.eu\/fr-be\/wp-json\/wp\/v2\/posts\/12977","targetHints":{"allow":["GET"]}}],"collection":[{"href":"https:\/\/www.accountable.eu\/fr-be\/wp-json\/wp\/v2\/posts"}],"about":[{"href":"https:\/\/www.accountable.eu\/fr-be\/wp-json\/wp\/v2\/types\/post"}],"author":[{"embeddable":true,"href":"https:\/\/www.accountable.eu\/fr-be\/wp-json\/wp\/v2\/users\/5"}],"replies":[{"embeddable":true,"href":"https:\/\/www.accountable.eu\/fr-be\/wp-json\/wp\/v2\/comments?post=12977"}],"version-history":[{"count":0,"href":"https:\/\/www.accountable.eu\/fr-be\/wp-json\/wp\/v2\/posts\/12977\/revisions"}],"wp:featuredmedia":[{"embeddable":true,"href":"https:\/\/www.accountable.eu\/fr-be\/wp-json\/wp\/v2\/media\/5408"}],"wp:attachment":[{"href":"https:\/\/www.accountable.eu\/fr-be\/wp-json\/wp\/v2\/media?parent=12977"}],"wp:term":[{"taxonomy":"category","embeddable":true,"href":"https:\/\/www.accountable.eu\/fr-be\/wp-json\/wp\/v2\/categories?post=12977"},{"taxonomy":"post_tag","embeddable":true,"href":"https:\/\/www.accountable.eu\/fr-be\/wp-json\/wp\/v2\/tags?post=12977"}],"curies":[{"name":"wp","href":"https:\/\/api.w.org\/{rel}","templated":true}]}}