{"id":13018,"date":"2022-06-27T15:28:43","date_gmt":"2022-06-27T13:28:43","guid":{"rendered":"https:\/\/prod-migration-second.local\/?p=13018"},"modified":"2025-03-31T09:30:17","modified_gmt":"2025-03-31T07:30:17","slug":"facture-intracommunautaire-ou-non","status":"publish","type":"post","link":"https:\/\/www.accountable.eu\/fr-be\/blog\/facture-intracommunautaire-ou-non\/","title":{"rendered":"Facturation aux clients \u00e9trangers\u202f: facture intracommunautaire ou non\u2009?"},"content":{"rendered":"\n<p><b><span data-contrast=\"auto\">Vous avez des clients \u00e9trangers, par exemple aux Pays-Bas, en France ou en Allemagne\u2009? Si vous \u00eates assujetti(e) \u00e0 la TVA, il s\u2019agit dans ces cas de <\/span><\/b><b><span data-contrast=\"auto\">livraisons<\/span><\/b><b><span data-contrast=\"auto\"> et de prestations de service <\/span><\/b><b><span data-contrast=\"auto\">intracommunautaires<\/span><\/b><b><span data-contrast=\"auto\">. D\u2019autres obligations en mati\u00e8re de TVA s\u2019appliquent alors. Si vous r\u00e9alisez une vente avec un client situ\u00e9 en dehors de l\u2019UE, des r\u00e8gles sp\u00e9cifiques s\u2019appliquent pour votre facture. Lisez ci-dessous comment <\/span><\/b><b><span data-contrast=\"auto\">\u00e9tablir une facture<\/span><\/b><b><span data-contrast=\"auto\"> pour les clients au sein et en dehors de l\u2019UE.<\/span><\/b><span data-ccp-props=\"{&quot;201341983&quot;:0,&quot;335559739&quot;:240,&quot;335559740&quot;:360}\">&nbsp;<\/span><\/p>\n\n\n\n<h2 class=\"wp-block-heading\"><b><span data-contrast=\"auto\">Facturation \u00e0 un client \u00e9tabli en Europe<\/span><\/b><span data-ccp-props=\"{&quot;201341983&quot;:0,&quot;335559739&quot;:240,&quot;335559740&quot;:360}\">&nbsp;<\/span><\/h2>\n\n\n\n<h3 class=\"wp-block-heading\"><b><span data-contrast=\"auto\">Conditions pour une <\/span><\/b><b><span data-contrast=\"auto\">livraison intracommunautaire<\/span><\/b><span data-ccp-props=\"{&quot;201341983&quot;:0,&quot;335559739&quot;:240,&quot;335559740&quot;:360}\">&nbsp;<\/span><\/h3>\n\n\n\n<p><span data-contrast=\"auto\">Une <\/span><span data-contrast=\"auto\">livraison intracommunautaire<\/span><span data-contrast=\"auto\"> signifie qu\u2019un vendeur assujetti \u00e0 la TVA dans un \u00c9tat membre de l\u2019UE vend des biens ou services \u00e0 un acheteur <\/span><b><span data-contrast=\"auto\">assujetti \u00e0 la TVA<\/span><\/b><span data-contrast=\"auto\"> dans un autre \u00c9tat membre de l\u2019UE. Les d\u00e9tails suivants doivent figurer sur votre <\/span><span data-contrast=\"auto\">facture intracommunautaire\u202f<\/span><span data-contrast=\"auto\">:&nbsp;<\/span><span data-ccp-props=\"{&quot;201341983&quot;:0,&quot;335559739&quot;:240,&quot;335559740&quot;:360}\">&nbsp;<\/span><\/p>\n\n\n\n<ol class=\"wp-block-list\">\n<li><b><span data-contrast=\"auto\">Votre num\u00e9ro de TVA<\/span><\/b><span data-contrast=\"auto\"> en tant qu\u2019entrepreneur belge. M\u00eame si vous b\u00e9n\u00e9ficiez de la <\/span><a href=\"https:\/\/www.accountable.eu\/fr-be\/blog\/franchise-tva\/\"><span data-contrast=\"none\">franchise TVA pour les petites entreprises<\/span><\/a><span data-contrast=\"auto\">, vous devez disposer d\u2019un num\u00e9ro de TVA valide et l\u2019indiquer sur la facture.<\/span><span data-ccp-props=\"{&quot;201341983&quot;:0,&quot;335559685&quot;:0,&quot;335559731&quot;:0,&quot;335559739&quot;:240,&quot;335559740&quot;:360}\">\u00a0<\/span><\/li>\n\n\n\n<li><span data-contrast=\"auto\">Le num\u00e9ro de TVA <\/span><b><span data-contrast=\"auto\">du client \u00e9tranger<\/span><\/b><span data-contrast=\"auto\">. Vous pouvez v\u00e9rifier la validit\u00e9 du num\u00e9ro de TVA \u00e9tranger dans l\u2019<\/span><a href=\"https:\/\/ec.europa.eu\/taxation_customs\/vies\/?locale=fr\"><span data-contrast=\"none\">application VIES<\/span><\/a><span data-contrast=\"auto\"> de la Commission europ\u00e9enne. Une vente \u00e0 un particulier \u00e0 l\u2019\u00e9tranger n\u2019est pas une <\/span><span data-contrast=\"auto\">livraison intracommunautaire<\/span><span data-contrast=\"auto\">, car il ne dispose pas d\u2019un num\u00e9ro de TVA.<\/span><span data-ccp-props=\"{&quot;201341983&quot;:0,&quot;335559685&quot;:0,&quot;335559731&quot;:0,&quot;335559739&quot;:240,&quot;335559740&quot;:360}\">\u00a0<\/span><\/li>\n<\/ol>\n\n\n\n<p><span data-contrast=\"auto\">La <\/span><span data-contrast=\"auto\">facture intracommunautaire<\/span><span data-contrast=\"auto\"> doit par ailleurs comporter <a href=\"https:\/\/www.accountable.eu\/fr-be\/blog\/premiere-facture-conseils\/\">les m\u00eames d\u00e9tails sur la livraison qu\u2019une facture nationale.<\/a><\/span><span data-ccp-props=\"{&quot;201341983&quot;:0,&quot;335559739&quot;:240,&quot;335559740&quot;:360}\">&nbsp;<\/span><\/p>\n\n\n\n<h3 class=\"wp-block-heading\"><b><span data-contrast=\"auto\">Autoliquidation<\/span><\/b><b><span data-contrast=\"auto\"> sur une <\/span><\/b><b><span data-contrast=\"auto\">facture intracommunautaire<\/span><\/b><\/h3>\n\n\n\n<p><span data-contrast=\"auto\">Lorsqu\u2019une vente est conclue avec un client situ\u00e9 dans un autre pays de l\u2019UE, la <\/span><a href=\"https:\/\/www.accountable.eu\/fr-be\/blog\/autoliquidation\/#betekenis-btw-verlegd\"><span data-contrast=\"none\">TVA est autoliquid\u00e9e<\/span><\/a><span data-contrast=\"auto\">. Cela signifie que vous ne facturez pas la TVA sur votre facture et que vous ne payez pas la TVA aux autorit\u00e9s fiscales belges. Votre client <\/span><b><span data-contrast=\"auto\">calcule lui-m\u00eame la TVA et la paie dans son propre pays<\/span><\/b><span data-contrast=\"auto\">. Vous devez indiquer la mention <\/span><span data-contrast=\"auto\">\u00ab\u2009Autoliquidation de la TVA\u2009\u00bb<\/span><span data-contrast=\"auto\"> sur votre facture.<\/span><span data-ccp-props=\"{&quot;201341983&quot;:0,&quot;335559739&quot;:240,&quot;335559740&quot;:360}\">&nbsp;<\/span><\/p>\n\n\n\n<p><span data-contrast=\"auto\">Attention\u2009! Ne pas facturer la TVA ne signifie donc pas que vous ne mentionnez pas du tout la TVA sur la facture. Vous indiquez un <\/span><b><span data-contrast=\"auto\">pourcentage de TVA de 0\u202f%<\/span><\/b><span data-contrast=\"auto\">.<\/span><span data-ccp-props=\"{&quot;201341983&quot;:0,&quot;335559739&quot;:240,&quot;335559740&quot;:360}\">&nbsp;<\/span><\/p>\n\n\n\n<p><i><span data-contrast=\"auto\">Mais qu\u2019en est-il de la TVA lorsque vous achetez et vendez \u00e0 l\u2019\u00e9tranger\u2009? Consultez le <\/span><\/i><a href=\"https:\/\/www.accountable.eu\/fr-be\/blog\/tva-a-linternational%e2%80%af\/\"><i><span data-contrast=\"none\">guide complet sur les r\u00e8gles en mati\u00e8re de TVA \u00e0 l\u2019international.<\/span><\/i><\/a><span data-ccp-props=\"{&quot;201341983&quot;:0,&quot;335559739&quot;:240,&quot;335559740&quot;:360}\">&nbsp;<\/span><\/p>\n\n\n\n<h3 class=\"wp-block-heading\"><b><span data-contrast=\"auto\">Comptabilit\u00e9\u202f: relev\u00e9 des op\u00e9rations intracommunautaires<\/span><\/b><span data-ccp-props=\"{&quot;201341983&quot;:0,&quot;335559739&quot;:240,&quot;335559740&quot;:360}\">&nbsp;<\/span><\/h3>\n\n\n\n<p><span data-contrast=\"auto\">Des ventes \u00e0 des clients \u00e9trangers ont \u00e9galement des cons\u00e9quences sur votre comptabilit\u00e9. Vous devez soumettre un <\/span><b><span data-contrast=\"auto\">relev\u00e9 des op\u00e9rations intracommunautaires<\/span><\/b> <span data-contrast=\"auto\">en m\u00eame temps que votre d\u00e9claration TVA (mensuelle ou trimestrielle). Il s\u2019agit d\u2019une liste de toutes les actions que votre entreprise a r\u00e9alis\u00e9es dans un autre pays de l\u2019UE. Vous mentionnez dans le relev\u00e9\u202f:<\/span><span data-ccp-props=\"{&quot;201341983&quot;:0,&quot;335559739&quot;:240,&quot;335559740&quot;:360}\">&nbsp;<\/span><\/p>\n\n\n\n<ul class=\"wp-block-list\">\n<li><span data-contrast=\"auto\">le num\u00e9ro de TVA du client \u00e9tranger,<\/span><span data-ccp-props=\"{&quot;201341983&quot;:0,&quot;335559685&quot;:0,&quot;335559731&quot;:0,&quot;335559739&quot;:240,&quot;335559740&quot;:360}\">\u00a0<\/span><\/li>\n<\/ul>\n\n\n\n<ul class=\"wp-block-list\">\n<li><span data-contrast=\"auto\">le montant de la vente,<\/span><span data-ccp-props=\"{&quot;201341983&quot;:0,&quot;335559685&quot;:0,&quot;335559731&quot;:0,&quot;335559739&quot;:240,&quot;335559740&quot;:360}\">\u00a0<\/span><\/li>\n\n\n\n<li><span data-contrast=\"auto\">le code de la cat\u00e9gorie de l\u2019op\u00e9ration.<\/span><span data-ccp-props=\"{&quot;201341983&quot;:0,&quot;335559685&quot;:0,&quot;335559731&quot;:0,&quot;335559739&quot;:240,&quot;335559740&quot;:360}\">\u00a0<\/span><\/li>\n<\/ul>\n\n\n\n<p><span data-contrast=\"auto\">Vous trouverez <\/span><span data-contrast=\"auto\">des informations sp\u00e9cifiques sur le <\/span><span data-contrast=\"auto\">relev\u00e9 des op\u00e9rations intracommunautaires<\/span><span data-contrast=\"auto\"> sur le site Internet du <\/span><a href=\"https:\/\/financien.belgium.be\/fr\/node\/3406\"><span data-contrast=\"none\">SPF Finances<\/span><span data-contrast=\"auto\">.<\/span><\/a><span data-ccp-props=\"{&quot;201341983&quot;:0,&quot;335559739&quot;:240,&quot;335559740&quot;:360}\">&nbsp;<\/span><\/p>\n\n\n\n<h2 class=\"wp-block-heading\"><b><span data-contrast=\"auto\">Facturation \u00e0 un client \u00e9tabli hors Europe<\/span><\/b><\/h2>\n\n\n\n<p><span data-contrast=\"auto\">Si vous faites affaire avec un client qui est \u00e9tabli dans un pays hors UE, vous devez \u00e9tablir une <\/span><b><span data-contrast=\"auto\">facture sans TVA<\/span><\/b><span data-contrast=\"auto\">. En tant que vendeur, vous ne devez pas non plus payer de TVA \u00e0 l\u2019administration belge de la TVA.<\/span><span data-ccp-props=\"{&quot;201341983&quot;:0,&quot;335559739&quot;:240,&quot;335559740&quot;:360}\">&nbsp;<\/span><\/p>\n\n\n\n<p><span data-contrast=\"auto\">Dans ce cas, vous indiquez sur votre facture \u00ab\u2009Exon\u00e9ration \u2013 art. 146 de la directive TVA\u202f2006\/112\/CE\u2009\u00bb.<\/span><span data-ccp-props=\"{&quot;201341983&quot;:0,&quot;335559739&quot;:240,&quot;335559740&quot;:360}\">&nbsp;<\/span><\/p>\n\n\n\n<p><span data-contrast=\"auto\">Vous devez en outre \u00eatre en mesure de <\/span><b><span data-contrast=\"auto\">prouver<\/span><\/b><span data-contrast=\"auto\"> que vos marchandises ont bien quitt\u00e9 l\u2019UE ou que vous avez effectivement fourni un service en dehors de l\u2019UE. Vous pouvez le prouver par le biais<\/span><span data-ccp-props=\"{&quot;201341983&quot;:0,&quot;335559739&quot;:240,&quot;335559740&quot;:360}\">&nbsp;<\/span><\/p>\n\n\n\n<ul class=\"wp-block-list\">\n<li><span data-contrast=\"auto\">d\u2019une copie de la facture,<\/span><span data-ccp-props=\"{&quot;201341983&quot;:0,&quot;335559685&quot;:0,&quot;335559731&quot;:0,&quot;335559739&quot;:240,&quot;335559740&quot;:360}\">\u00a0<\/span><\/li>\n\n\n\n<li><span data-contrast=\"auto\">d\u2019un document de transport,<\/span><span data-ccp-props=\"{&quot;201341983&quot;:0,&quot;335559685&quot;:0,&quot;335559731&quot;:0,&quot;335559739&quot;:240,&quot;335559740&quot;:360}\">\u00a0<\/span><\/li>\n\n\n\n<li><span data-contrast=\"auto\">de documents de douane.<\/span><span data-ccp-props=\"{&quot;201341983&quot;:0,&quot;335559685&quot;:0,&quot;335559731&quot;:0,&quot;335559739&quot;:240,&quot;335559740&quot;:360}\">\u00a0<\/span><\/li>\n<\/ul>\n\n\n\n<h2 class=\"wp-block-heading\"><b><span data-contrast=\"auto\">Vous avez besoin de plus d\u2019aide\u2009?<\/span><\/b><\/h2>\n\n\n\n<p><span data-contrast=\"auto\">Vous avez peur de faire des erreurs sur vos factures destin\u00e9es \u00e0 des clients \u00e9trangers\u2009? Notre app vous aide \u00e0 cr\u00e9er facilement des factures avec les mentions correctes.<\/span><span data-ccp-props=\"{&quot;201341983&quot;:0,&quot;335559739&quot;:240,&quot;335559740&quot;:360}\">&nbsp;<\/span><\/p>\n","protected":false},"excerpt":{"rendered":"<p>Vous avez des clients \u00e9trangers, par exemple aux Pays-Bas, en France ou en Allemagne\u2009? Si vous \u00eates assujetti(e) \u00e0 la TVA, il s\u2019agit dans ces cas de livraisons et de prestations de service intracommunautaires. D\u2019autres obligations en mati\u00e8re de TVA s\u2019appliquent alors. Si vous r\u00e9alisez une vente avec un client situ\u00e9 en dehors de l\u2019UE, [&hellip;]<\/p>\n","protected":false},"author":11,"featured_media":4475,"comment_status":"open","ping_status":"open","sticky":false,"template":"","format":"standard","meta":{"inline_featured_image":false,"footnotes":""},"categories":[286,240],"tags":[],"class_list":["post-13018","post","type-post","status-publish","format-standard","has-post-thumbnail","hentry","category-facturer-a-vos-clients","category-uncategorized-fr-be"],"acf":[],"yoast_head":"<!-- This site is optimized with the Yoast SEO plugin v27.4 - https:\/\/yoast.com\/product\/yoast-seo-wordpress\/ -->\n<title>Facturation aux clients \u00e9trangers\u202f: facture intracommunautaire ou non\u2009? - Accountable<\/title>\n<meta name=\"description\" content=\"Facturation \u00e0 un client \u00e9tranger\u2009? Au sein de l\u2019UE, vous \u00e9tablissez une facture intracommunautaire. Lisez toutes les r\u00e8gles ci-dessous.\" \/>\n<meta name=\"robots\" content=\"index, follow, max-snippet:-1, max-image-preview:large, max-video-preview:-1\" \/>\n<link rel=\"canonical\" href=\"https:\/\/www.accountable.eu\/fr-be\/blog\/facture-intracommunautaire-ou-non\/\" \/>\n<meta property=\"og:locale\" content=\"fr_FR\" \/>\n<meta property=\"og:type\" content=\"article\" \/>\n<meta property=\"og:title\" content=\"Facturation aux clients \u00e9trangers\u202f: facture intracommunautaire ou non\u2009? - Accountable\" \/>\n<meta property=\"og:description\" content=\"Facturation \u00e0 un client \u00e9tranger\u2009? Au sein de l\u2019UE, vous \u00e9tablissez une facture intracommunautaire. Lisez toutes les r\u00e8gles ci-dessous.\" \/>\n<meta property=\"og:url\" content=\"https:\/\/www.accountable.eu\/fr-be\/blog\/facture-intracommunautaire-ou-non\/\" \/>\n<meta property=\"og:site_name\" content=\"Accountable\" \/>\n<meta property=\"article:published_time\" content=\"2022-06-27T13:28:43+00:00\" \/>\n<meta property=\"article:modified_time\" content=\"2025-03-31T07:30:17+00:00\" \/>\n<meta property=\"og:image\" content=\"https:\/\/www.accountable.eu\/wp-content\/uploads\/2022\/06\/Export-me-pleeeeaaase_3.png\" \/>\n\t<meta property=\"og:image:width\" content=\"343\" \/>\n\t<meta property=\"og:image:height\" content=\"200\" \/>\n\t<meta property=\"og:image:type\" content=\"image\/png\" \/>\n<meta name=\"author\" content=\"Isabel Senden\" \/>\n<meta name=\"twitter:card\" content=\"summary_large_image\" \/>\n<meta name=\"twitter:label1\" content=\"\u00c9crit par\" \/>\n\t<meta name=\"twitter:data1\" content=\"Isabel Senden\" \/>\n\t<meta name=\"twitter:label2\" content=\"Dur\u00e9e de lecture est.\" \/>\n\t<meta name=\"twitter:data2\" content=\"3 minutes\" \/>\n<script type=\"application\/ld+json\" class=\"yoast-schema-graph\">{\"@context\":\"https:\\\/\\\/schema.org\",\"@graph\":[{\"@type\":\"Article\",\"@id\":\"https:\\\/\\\/www.accountable.eu\\\/fr-be\\\/blog\\\/facture-intracommunautaire-ou-non\\\/#article\",\"isPartOf\":{\"@id\":\"https:\\\/\\\/www.accountable.eu\\\/fr-be\\\/blog\\\/facture-intracommunautaire-ou-non\\\/\"},\"author\":{\"name\":\"Isabel Senden\",\"@id\":\"https:\\\/\\\/www.accountable.eu\\\/fr-be\\\/#\\\/schema\\\/person\\\/de2a66f2f69b8ede00c1247f105e6137\"},\"headline\":\"Facturation aux clients \u00e9trangers\u202f: facture intracommunautaire ou non\u2009?\",\"datePublished\":\"2022-06-27T13:28:43+00:00\",\"dateModified\":\"2025-03-31T07:30:17+00:00\",\"mainEntityOfPage\":{\"@id\":\"https:\\\/\\\/www.accountable.eu\\\/fr-be\\\/blog\\\/facture-intracommunautaire-ou-non\\\/\"},\"wordCount\":677,\"commentCount\":0,\"publisher\":{\"@id\":\"https:\\\/\\\/www.accountable.eu\\\/fr-be\\\/#organization\"},\"image\":{\"@id\":\"https:\\\/\\\/www.accountable.eu\\\/fr-be\\\/blog\\\/facture-intracommunautaire-ou-non\\\/#primaryimage\"},\"thumbnailUrl\":\"https:\\\/\\\/www.accountable.eu\\\/wp-content\\\/uploads\\\/2022\\\/06\\\/Export-me-pleeeeaaase_3.png\",\"articleSection\":[\"Facturer vos clients\",\"Uncategorized @fr-be\"],\"inLanguage\":\"fr-BE\",\"potentialAction\":[{\"@type\":\"CommentAction\",\"name\":\"Comment\",\"target\":[\"https:\\\/\\\/www.accountable.eu\\\/fr-be\\\/blog\\\/facture-intracommunautaire-ou-non\\\/#respond\"]}]},{\"@type\":\"WebPage\",\"@id\":\"https:\\\/\\\/www.accountable.eu\\\/fr-be\\\/blog\\\/facture-intracommunautaire-ou-non\\\/\",\"url\":\"https:\\\/\\\/www.accountable.eu\\\/fr-be\\\/blog\\\/facture-intracommunautaire-ou-non\\\/\",\"name\":\"Facturation aux clients \u00e9trangers\u202f: facture intracommunautaire ou non\u2009? - Accountable\",\"isPartOf\":{\"@id\":\"https:\\\/\\\/www.accountable.eu\\\/fr-be\\\/#website\"},\"primaryImageOfPage\":{\"@id\":\"https:\\\/\\\/www.accountable.eu\\\/fr-be\\\/blog\\\/facture-intracommunautaire-ou-non\\\/#primaryimage\"},\"image\":{\"@id\":\"https:\\\/\\\/www.accountable.eu\\\/fr-be\\\/blog\\\/facture-intracommunautaire-ou-non\\\/#primaryimage\"},\"thumbnailUrl\":\"https:\\\/\\\/www.accountable.eu\\\/wp-content\\\/uploads\\\/2022\\\/06\\\/Export-me-pleeeeaaase_3.png\",\"datePublished\":\"2022-06-27T13:28:43+00:00\",\"dateModified\":\"2025-03-31T07:30:17+00:00\",\"description\":\"Facturation \u00e0 un client \u00e9tranger\u2009? Au sein de l\u2019UE, vous \u00e9tablissez une facture intracommunautaire. Lisez toutes les r\u00e8gles ci-dessous.\",\"breadcrumb\":{\"@id\":\"https:\\\/\\\/www.accountable.eu\\\/fr-be\\\/blog\\\/facture-intracommunautaire-ou-non\\\/#breadcrumb\"},\"inLanguage\":\"fr-BE\",\"potentialAction\":[{\"@type\":\"ReadAction\",\"target\":[\"https:\\\/\\\/www.accountable.eu\\\/fr-be\\\/blog\\\/facture-intracommunautaire-ou-non\\\/\"]}]},{\"@type\":\"ImageObject\",\"inLanguage\":\"fr-BE\",\"@id\":\"https:\\\/\\\/www.accountable.eu\\\/fr-be\\\/blog\\\/facture-intracommunautaire-ou-non\\\/#primaryimage\",\"url\":\"https:\\\/\\\/www.accountable.eu\\\/wp-content\\\/uploads\\\/2022\\\/06\\\/Export-me-pleeeeaaase_3.png\",\"contentUrl\":\"https:\\\/\\\/www.accountable.eu\\\/wp-content\\\/uploads\\\/2022\\\/06\\\/Export-me-pleeeeaaase_3.png\",\"width\":343,\"height\":200},{\"@type\":\"BreadcrumbList\",\"@id\":\"https:\\\/\\\/www.accountable.eu\\\/fr-be\\\/blog\\\/facture-intracommunautaire-ou-non\\\/#breadcrumb\",\"itemListElement\":[{\"@type\":\"ListItem\",\"position\":1,\"name\":\"Home\",\"item\":\"https:\\\/\\\/www.accountable.eu\\\/fr-be\\\/\"},{\"@type\":\"ListItem\",\"position\":2,\"name\":\"Facturation aux clients \u00e9trangers\u202f: facture intracommunautaire ou non\u2009?\"}]},{\"@type\":\"WebSite\",\"@id\":\"https:\\\/\\\/www.accountable.eu\\\/fr-be\\\/#website\",\"url\":\"https:\\\/\\\/www.accountable.eu\\\/fr-be\\\/\",\"name\":\"Accountable\",\"description\":\"Your accountant and tax advisor on your smartphone\",\"publisher\":{\"@id\":\"https:\\\/\\\/www.accountable.eu\\\/fr-be\\\/#organization\"},\"potentialAction\":[{\"@type\":\"SearchAction\",\"target\":{\"@type\":\"EntryPoint\",\"urlTemplate\":\"https:\\\/\\\/www.accountable.eu\\\/fr-be\\\/?s={search_term_string}\"},\"query-input\":{\"@type\":\"PropertyValueSpecification\",\"valueRequired\":true,\"valueName\":\"search_term_string\"}}],\"inLanguage\":\"fr-BE\"},{\"@type\":\"Organization\",\"@id\":\"https:\\\/\\\/www.accountable.eu\\\/fr-be\\\/#organization\",\"name\":\"Accountable\",\"url\":\"https:\\\/\\\/www.accountable.eu\\\/fr-be\\\/\",\"logo\":{\"@type\":\"ImageObject\",\"inLanguage\":\"fr-BE\",\"@id\":\"https:\\\/\\\/www.accountable.eu\\\/fr-be\\\/#\\\/schema\\\/logo\\\/image\\\/\",\"url\":\"https:\\\/\\\/www.accountable.eu\\\/wp-content\\\/uploads\\\/2026\\\/04\\\/logo-512.png\",\"contentUrl\":\"https:\\\/\\\/www.accountable.eu\\\/wp-content\\\/uploads\\\/2026\\\/04\\\/logo-512.png\",\"width\":512,\"height\":512,\"caption\":\"Accountable\"},\"image\":{\"@id\":\"https:\\\/\\\/www.accountable.eu\\\/fr-be\\\/#\\\/schema\\\/logo\\\/image\\\/\"}},{\"@type\":\"Person\",\"@id\":\"https:\\\/\\\/www.accountable.eu\\\/fr-be\\\/#\\\/schema\\\/person\\\/de2a66f2f69b8ede00c1247f105e6137\",\"name\":\"Isabel Senden\",\"image\":{\"@type\":\"ImageObject\",\"inLanguage\":\"fr-BE\",\"@id\":\"https:\\\/\\\/secure.gravatar.com\\\/avatar\\\/7f67e7d6d9abcd35af99e6a1b0aee8905804adfbca8ba4a95810051d1d6f9425?s=96&d=mm&r=g\",\"url\":\"https:\\\/\\\/secure.gravatar.com\\\/avatar\\\/7f67e7d6d9abcd35af99e6a1b0aee8905804adfbca8ba4a95810051d1d6f9425?s=96&d=mm&r=g\",\"contentUrl\":\"https:\\\/\\\/secure.gravatar.com\\\/avatar\\\/7f67e7d6d9abcd35af99e6a1b0aee8905804adfbca8ba4a95810051d1d6f9425?s=96&d=mm&r=g\",\"caption\":\"Isabel Senden\"}}]}<\/script>\n<!-- \/ Yoast SEO plugin. -->","yoast_head_json":{"title":"Facturation aux clients \u00e9trangers\u202f: facture intracommunautaire ou non\u2009? - Accountable","description":"Facturation \u00e0 un client \u00e9tranger\u2009? Au sein de l\u2019UE, vous \u00e9tablissez une facture intracommunautaire. Lisez toutes les r\u00e8gles ci-dessous.","robots":{"index":"index","follow":"follow","max-snippet":"max-snippet:-1","max-image-preview":"max-image-preview:large","max-video-preview":"max-video-preview:-1"},"canonical":"https:\/\/www.accountable.eu\/fr-be\/blog\/facture-intracommunautaire-ou-non\/","og_locale":"fr_FR","og_type":"article","og_title":"Facturation aux clients \u00e9trangers\u202f: facture intracommunautaire ou non\u2009? - Accountable","og_description":"Facturation \u00e0 un client \u00e9tranger\u2009? Au sein de l\u2019UE, vous \u00e9tablissez une facture intracommunautaire. Lisez toutes les r\u00e8gles ci-dessous.","og_url":"https:\/\/www.accountable.eu\/fr-be\/blog\/facture-intracommunautaire-ou-non\/","og_site_name":"Accountable","article_published_time":"2022-06-27T13:28:43+00:00","article_modified_time":"2025-03-31T07:30:17+00:00","og_image":[{"width":343,"height":200,"url":"https:\/\/www.accountable.eu\/wp-content\/uploads\/2022\/06\/Export-me-pleeeeaaase_3.png","type":"image\/png"}],"author":"Isabel Senden","twitter_card":"summary_large_image","twitter_misc":{"\u00c9crit par":"Isabel Senden","Dur\u00e9e de lecture est.":"3 minutes"},"schema":{"@context":"https:\/\/schema.org","@graph":[{"@type":"Article","@id":"https:\/\/www.accountable.eu\/fr-be\/blog\/facture-intracommunautaire-ou-non\/#article","isPartOf":{"@id":"https:\/\/www.accountable.eu\/fr-be\/blog\/facture-intracommunautaire-ou-non\/"},"author":{"name":"Isabel Senden","@id":"https:\/\/www.accountable.eu\/fr-be\/#\/schema\/person\/de2a66f2f69b8ede00c1247f105e6137"},"headline":"Facturation aux clients \u00e9trangers\u202f: facture intracommunautaire ou non\u2009?","datePublished":"2022-06-27T13:28:43+00:00","dateModified":"2025-03-31T07:30:17+00:00","mainEntityOfPage":{"@id":"https:\/\/www.accountable.eu\/fr-be\/blog\/facture-intracommunautaire-ou-non\/"},"wordCount":677,"commentCount":0,"publisher":{"@id":"https:\/\/www.accountable.eu\/fr-be\/#organization"},"image":{"@id":"https:\/\/www.accountable.eu\/fr-be\/blog\/facture-intracommunautaire-ou-non\/#primaryimage"},"thumbnailUrl":"https:\/\/www.accountable.eu\/wp-content\/uploads\/2022\/06\/Export-me-pleeeeaaase_3.png","articleSection":["Facturer vos clients","Uncategorized @fr-be"],"inLanguage":"fr-BE","potentialAction":[{"@type":"CommentAction","name":"Comment","target":["https:\/\/www.accountable.eu\/fr-be\/blog\/facture-intracommunautaire-ou-non\/#respond"]}]},{"@type":"WebPage","@id":"https:\/\/www.accountable.eu\/fr-be\/blog\/facture-intracommunautaire-ou-non\/","url":"https:\/\/www.accountable.eu\/fr-be\/blog\/facture-intracommunautaire-ou-non\/","name":"Facturation aux clients \u00e9trangers\u202f: facture intracommunautaire ou non\u2009? - Accountable","isPartOf":{"@id":"https:\/\/www.accountable.eu\/fr-be\/#website"},"primaryImageOfPage":{"@id":"https:\/\/www.accountable.eu\/fr-be\/blog\/facture-intracommunautaire-ou-non\/#primaryimage"},"image":{"@id":"https:\/\/www.accountable.eu\/fr-be\/blog\/facture-intracommunautaire-ou-non\/#primaryimage"},"thumbnailUrl":"https:\/\/www.accountable.eu\/wp-content\/uploads\/2022\/06\/Export-me-pleeeeaaase_3.png","datePublished":"2022-06-27T13:28:43+00:00","dateModified":"2025-03-31T07:30:17+00:00","description":"Facturation \u00e0 un client \u00e9tranger\u2009? Au sein de l\u2019UE, vous \u00e9tablissez une facture intracommunautaire. Lisez toutes les r\u00e8gles ci-dessous.","breadcrumb":{"@id":"https:\/\/www.accountable.eu\/fr-be\/blog\/facture-intracommunautaire-ou-non\/#breadcrumb"},"inLanguage":"fr-BE","potentialAction":[{"@type":"ReadAction","target":["https:\/\/www.accountable.eu\/fr-be\/blog\/facture-intracommunautaire-ou-non\/"]}]},{"@type":"ImageObject","inLanguage":"fr-BE","@id":"https:\/\/www.accountable.eu\/fr-be\/blog\/facture-intracommunautaire-ou-non\/#primaryimage","url":"https:\/\/www.accountable.eu\/wp-content\/uploads\/2022\/06\/Export-me-pleeeeaaase_3.png","contentUrl":"https:\/\/www.accountable.eu\/wp-content\/uploads\/2022\/06\/Export-me-pleeeeaaase_3.png","width":343,"height":200},{"@type":"BreadcrumbList","@id":"https:\/\/www.accountable.eu\/fr-be\/blog\/facture-intracommunautaire-ou-non\/#breadcrumb","itemListElement":[{"@type":"ListItem","position":1,"name":"Home","item":"https:\/\/www.accountable.eu\/fr-be\/"},{"@type":"ListItem","position":2,"name":"Facturation aux clients \u00e9trangers\u202f: facture intracommunautaire ou non\u2009?"}]},{"@type":"WebSite","@id":"https:\/\/www.accountable.eu\/fr-be\/#website","url":"https:\/\/www.accountable.eu\/fr-be\/","name":"Accountable","description":"Your accountant and tax advisor on your smartphone","publisher":{"@id":"https:\/\/www.accountable.eu\/fr-be\/#organization"},"potentialAction":[{"@type":"SearchAction","target":{"@type":"EntryPoint","urlTemplate":"https:\/\/www.accountable.eu\/fr-be\/?s={search_term_string}"},"query-input":{"@type":"PropertyValueSpecification","valueRequired":true,"valueName":"search_term_string"}}],"inLanguage":"fr-BE"},{"@type":"Organization","@id":"https:\/\/www.accountable.eu\/fr-be\/#organization","name":"Accountable","url":"https:\/\/www.accountable.eu\/fr-be\/","logo":{"@type":"ImageObject","inLanguage":"fr-BE","@id":"https:\/\/www.accountable.eu\/fr-be\/#\/schema\/logo\/image\/","url":"https:\/\/www.accountable.eu\/wp-content\/uploads\/2026\/04\/logo-512.png","contentUrl":"https:\/\/www.accountable.eu\/wp-content\/uploads\/2026\/04\/logo-512.png","width":512,"height":512,"caption":"Accountable"},"image":{"@id":"https:\/\/www.accountable.eu\/fr-be\/#\/schema\/logo\/image\/"}},{"@type":"Person","@id":"https:\/\/www.accountable.eu\/fr-be\/#\/schema\/person\/de2a66f2f69b8ede00c1247f105e6137","name":"Isabel Senden","image":{"@type":"ImageObject","inLanguage":"fr-BE","@id":"https:\/\/secure.gravatar.com\/avatar\/7f67e7d6d9abcd35af99e6a1b0aee8905804adfbca8ba4a95810051d1d6f9425?s=96&d=mm&r=g","url":"https:\/\/secure.gravatar.com\/avatar\/7f67e7d6d9abcd35af99e6a1b0aee8905804adfbca8ba4a95810051d1d6f9425?s=96&d=mm&r=g","contentUrl":"https:\/\/secure.gravatar.com\/avatar\/7f67e7d6d9abcd35af99e6a1b0aee8905804adfbca8ba4a95810051d1d6f9425?s=96&d=mm&r=g","caption":"Isabel Senden"}}]}},"_links":{"self":[{"href":"https:\/\/www.accountable.eu\/fr-be\/wp-json\/wp\/v2\/posts\/13018","targetHints":{"allow":["GET"]}}],"collection":[{"href":"https:\/\/www.accountable.eu\/fr-be\/wp-json\/wp\/v2\/posts"}],"about":[{"href":"https:\/\/www.accountable.eu\/fr-be\/wp-json\/wp\/v2\/types\/post"}],"author":[{"embeddable":true,"href":"https:\/\/www.accountable.eu\/fr-be\/wp-json\/wp\/v2\/users\/11"}],"replies":[{"embeddable":true,"href":"https:\/\/www.accountable.eu\/fr-be\/wp-json\/wp\/v2\/comments?post=13018"}],"version-history":[{"count":0,"href":"https:\/\/www.accountable.eu\/fr-be\/wp-json\/wp\/v2\/posts\/13018\/revisions"}],"wp:featuredmedia":[{"embeddable":true,"href":"https:\/\/www.accountable.eu\/fr-be\/wp-json\/wp\/v2\/media\/4475"}],"wp:attachment":[{"href":"https:\/\/www.accountable.eu\/fr-be\/wp-json\/wp\/v2\/media?parent=13018"}],"wp:term":[{"taxonomy":"category","embeddable":true,"href":"https:\/\/www.accountable.eu\/fr-be\/wp-json\/wp\/v2\/categories?post=13018"},{"taxonomy":"post_tag","embeddable":true,"href":"https:\/\/www.accountable.eu\/fr-be\/wp-json\/wp\/v2\/tags?post=13018"}],"curies":[{"name":"wp","href":"https:\/\/api.w.org\/{rel}","templated":true}]}}