{"id":13036,"date":"2022-06-27T15:28:20","date_gmt":"2022-06-27T13:28:20","guid":{"rendered":"https:\/\/prod-migration-second.local\/?p=13036"},"modified":"2024-07-11T10:56:05","modified_gmt":"2024-07-11T08:56:05","slug":"premiere-facture-conseils","status":"publish","type":"post","link":"https:\/\/www.accountable.eu\/fr-be\/blog\/premiere-facture-conseils\/","title":{"rendered":"Faire votre premi\u00e8re facture\u202f: voici ce dont il faut tenir compte"},"content":{"rendered":"<p><b><span data-contrast=\"auto\">Votre premi\u00e8re mission en tant qu\u2019ind\u00e9pendant est un fait\u202f: il est temps de <\/span><\/b><b><span data-contrast=\"auto\">faire votre facture<\/span><\/b><b><span data-contrast=\"auto\">\u2009! <\/span><\/b><b><span data-contrast=\"auto\">Les mentions sur votre facture<\/span><\/b><b><span data-contrast=\"auto\"> sont soumises \u00e0 une r\u00e9glementation l\u00e9gale. Il s\u2019agit en effet d\u2019un document de preuve important. Pas uniquement pour l\u2019administration TVA, mais aussi pour vous, si vous \u00e9tiez confront\u00e9(e) \u00e0 de mauvais payeurs. Nous vous expliquons ici \u00e0 quelles <\/span><\/b><b><span data-contrast=\"auto\">exigences<\/span><\/b><b><span data-contrast=\"auto\"> une <\/span><\/b><b><span data-contrast=\"auto\">facture<\/span><\/b><b><span data-contrast=\"auto\"> doit satisfaire.<\/span><\/b><span data-ccp-props=\"{&quot;201341983&quot;:0,&quot;335559739&quot;:240,&quot;335559740&quot;:360}\">\u00a0<\/span><\/p>\n<h2><b><span data-contrast=\"auto\">Pour qui et quand faut-il faire une facture\u2009?<\/span><\/b><\/h2>\n<p><span data-contrast=\"auto\">R\u00e9diger une facture est toujours obligatoire lors de<\/span><b><span data-contrast=\"auto\"> ventes \u00e0 d\u2019autres entrepreneurs<\/span><\/b><span data-contrast=\"auto\">. Pour une vente \u00e0 des <\/span><span data-contrast=\"auto\">particuliers<\/span><span data-contrast=\"auto\"> qui utilisent l\u2019achat \u00e0 des fins priv\u00e9es, il n\u2019est pas n\u00e9cessaire de faire une <\/span><span data-contrast=\"auto\">facture<\/span><span data-contrast=\"auto\">, sauf\u202f:<\/span><span data-ccp-props=\"{&quot;201341983&quot;:0,&quot;335559739&quot;:240,&quot;335559740&quot;:360}\">\u00a0<\/span><\/p>\n<ul>\n<li data-leveltext=\"\uf0b7\" data-font=\"Symbol\" data-listid=\"5\" data-list-defn-props=\"{&quot;335552541&quot;:1,&quot;335559684&quot;:-2,&quot;335559685&quot;:360,&quot;335559991&quot;:360,&quot;469769226&quot;:&quot;Symbol&quot;,&quot;469769242&quot;:[8226],&quot;469777803&quot;:&quot;left&quot;,&quot;469777804&quot;:&quot;\uf0b7&quot;,&quot;469777815&quot;:&quot;hybridMultilevel&quot;}\" aria-setsize=\"-1\" data-aria-posinset=\"1\" data-aria-level=\"1\"><span data-contrast=\"auto\">dans le cas d\u2019une vente \u00e0 distance (p. ex. via une boutique en ligne)\u2009;<\/span><span data-ccp-props=\"{&quot;201341983&quot;:0,&quot;335559685&quot;:0,&quot;335559731&quot;:0,&quot;335559739&quot;:240,&quot;335559740&quot;:360}\">\u00a0<\/span><\/li>\n<li data-leveltext=\"\uf0b7\" data-font=\"Symbol\" data-listid=\"5\" data-list-defn-props=\"{&quot;335552541&quot;:1,&quot;335559684&quot;:-2,&quot;335559685&quot;:360,&quot;335559991&quot;:360,&quot;469769226&quot;:&quot;Symbol&quot;,&quot;469769242&quot;:[8226],&quot;469777803&quot;:&quot;left&quot;,&quot;469777804&quot;:&quot;\uf0b7&quot;,&quot;469777815&quot;:&quot;hybridMultilevel&quot;}\" aria-setsize=\"-1\" data-aria-posinset=\"1\" data-aria-level=\"1\"><span data-contrast=\"auto\">dans le cas d\u2019une vente \u00e0 temp\u00e9rament\u2009;<\/span><span data-ccp-props=\"{&quot;201341983&quot;:0,&quot;335559685&quot;:0,&quot;335559731&quot;:0,&quot;335559739&quot;:240,&quot;335559740&quot;:360}\">\u00a0<\/span><\/li>\n<li data-leveltext=\"\uf0b7\" data-font=\"Symbol\" data-listid=\"5\" data-list-defn-props=\"{&quot;335552541&quot;:1,&quot;335559684&quot;:-2,&quot;335559685&quot;:360,&quot;335559991&quot;:360,&quot;469769226&quot;:&quot;Symbol&quot;,&quot;469769242&quot;:[8226],&quot;469777803&quot;:&quot;left&quot;,&quot;469777804&quot;:&quot;\uf0b7&quot;,&quot;469777815&quot;:&quot;hybridMultilevel&quot;}\" aria-setsize=\"-1\" data-aria-posinset=\"1\" data-aria-level=\"1\"><span data-contrast=\"auto\">pour des travaux dans une maison ou un appartement (bien immobilier)\u2009;<\/span><span data-ccp-props=\"{&quot;201341983&quot;:0,&quot;335559685&quot;:0,&quot;335559731&quot;:0,&quot;335559739&quot;:240,&quot;335559740&quot;:360}\">\u00a0<\/span><\/li>\n<li data-leveltext=\"\uf0b7\" data-font=\"Symbol\" data-listid=\"5\" data-list-defn-props=\"{&quot;335552541&quot;:1,&quot;335559684&quot;:-2,&quot;335559685&quot;:360,&quot;335559991&quot;:360,&quot;469769226&quot;:&quot;Symbol&quot;,&quot;469769242&quot;:[8226],&quot;469777803&quot;:&quot;left&quot;,&quot;469777804&quot;:&quot;\uf0b7&quot;,&quot;469777815&quot;:&quot;hybridMultilevel&quot;}\" aria-setsize=\"-1\" data-aria-posinset=\"1\" data-aria-level=\"1\"><span data-contrast=\"auto\">pour la livraison de mat\u00e9riaux de construction\u2009;<\/span><span data-ccp-props=\"{&quot;201341983&quot;:0,&quot;335559685&quot;:0,&quot;335559731&quot;:0,&quot;335559739&quot;:240,&quot;335559740&quot;:360}\">\u00a0<\/span><\/li>\n<li data-leveltext=\"\uf0b7\" data-font=\"Symbol\" data-listid=\"5\" data-list-defn-props=\"{&quot;335552541&quot;:1,&quot;335559684&quot;:-2,&quot;335559685&quot;:360,&quot;335559991&quot;:360,&quot;469769226&quot;:&quot;Symbol&quot;,&quot;469769242&quot;:[8226],&quot;469777803&quot;:&quot;left&quot;,&quot;469777804&quot;:&quot;\uf0b7&quot;,&quot;469777815&quot;:&quot;hybridMultilevel&quot;}\" aria-setsize=\"-1\" data-aria-posinset=\"1\" data-aria-level=\"1\"><span data-contrast=\"auto\">pour la vente de voitures dont la cylindr\u00e9e est sup\u00e9rieure \u00e0 48\u202fcm\u00b3 (aussi en cas de paiement comptant)\u2009;<\/span><span data-ccp-props=\"{&quot;201341983&quot;:0,&quot;335559685&quot;:0,&quot;335559731&quot;:0,&quot;335559739&quot;:240,&quot;335559740&quot;:360}\">\u00a0<\/span><\/li>\n<li data-leveltext=\"\uf0b7\" data-font=\"Symbol\" data-listid=\"5\" data-list-defn-props=\"{&quot;335552541&quot;:1,&quot;335559684&quot;:-2,&quot;335559685&quot;:360,&quot;335559991&quot;:360,&quot;469769226&quot;:&quot;Symbol&quot;,&quot;469769242&quot;:[8226],&quot;469777803&quot;:&quot;left&quot;,&quot;469777804&quot;:&quot;\uf0b7&quot;,&quot;469777815&quot;:&quot;hybridMultilevel&quot;}\" aria-setsize=\"-1\" data-aria-posinset=\"1\" data-aria-level=\"1\"><span data-contrast=\"auto\">pour la vente de remorques, avions, yachts et bateaux de plaisance\u2009;<\/span><span data-ccp-props=\"{&quot;201341983&quot;:0,&quot;335559685&quot;:0,&quot;335559731&quot;:0,&quot;335559739&quot;:240,&quot;335559740&quot;:360}\">\u00a0<\/span><\/li>\n<li data-leveltext=\"\uf0b7\" data-font=\"Symbol\" data-listid=\"5\" data-list-defn-props=\"{&quot;335552541&quot;:1,&quot;335559684&quot;:-2,&quot;335559685&quot;:360,&quot;335559991&quot;:360,&quot;469769226&quot;:&quot;Symbol&quot;,&quot;469769242&quot;:[8226],&quot;469777803&quot;:&quot;left&quot;,&quot;469777804&quot;:&quot;\uf0b7&quot;,&quot;469777815&quot;:&quot;hybridMultilevel&quot;}\" aria-setsize=\"-1\" data-aria-posinset=\"1\" data-aria-level=\"1\"><span data-contrast=\"auto\">pour des services de d\u00e9m\u00e9nagement.<\/span><span data-ccp-props=\"{&quot;201341983&quot;:0,&quot;335559685&quot;:0,&quot;335559731&quot;:0,&quot;335559739&quot;:240,&quot;335559740&quot;:360}\">\u00a0<\/span><\/li>\n<\/ul>\n<h2><b><span data-contrast=\"auto\">Dans quel <\/span><\/b><b><span data-contrast=\"auto\">d\u00e9lai l\u00e9gal<\/span><\/b><b><span data-contrast=\"auto\"> devez-vous <\/span><\/b><b><span data-contrast=\"auto\">faire<\/span><\/b><b><span data-contrast=\"auto\"> votre <\/span><\/b><b><span data-contrast=\"auto\">facture<\/span><\/b><b><span data-contrast=\"auto\">\u2009?<\/span><\/b><\/h2>\n<p><span data-contrast=\"auto\">Aucun d\u00e9lai l\u00e9gal n\u2019est \u00e9tabli pour l\u2019\u00e9mission de votre facture. La l\u00e9gislation stipule uniquement qu\u2019\u00ab\u2009une facture doit \u00eatre envoy\u00e9e <\/span><b><span data-contrast=\"auto\">dans un d\u00e9lai raisonnable<\/span><\/b><span data-contrast=\"auto\"> apr\u00e8s la livraison du produit ou service.\u2009\u00bb Il existe toutefois un d\u00e9lai de prescription de 10 ans en mati\u00e8re de dettes. Une facture \u00e9tablie apr\u00e8s 10 ans n\u2019est donc plus valable.<\/span><span data-ccp-props=\"{&quot;201341983&quot;:0,&quot;335559739&quot;:240,&quot;335559740&quot;:360}\">\u00a0<\/span><\/p>\n<h2><b><span data-contrast=\"auto\">Quelles mentions doivent figurer sur la facture\u2009?<\/span><\/b><\/h2>\n<p><span data-contrast=\"auto\">Ces mentions doivent se trouver sur toutes vos factures\u202f:<\/span><span data-ccp-props=\"{&quot;201341983&quot;:0,&quot;335559739&quot;:240,&quot;335559740&quot;:360}\">\u00a0<\/span><\/p>\n<ol>\n<li data-leveltext=\"%1.\" data-font=\"Cambria\" data-listid=\"6\" data-list-defn-props=\"{&quot;335552541&quot;:0,&quot;335559684&quot;:-1,&quot;335559685&quot;:360,&quot;335559991&quot;:360,&quot;469769242&quot;:[65533,0],&quot;469777803&quot;:&quot;left&quot;,&quot;469777804&quot;:&quot;%1.&quot;,&quot;469777815&quot;:&quot;hybridMultilevel&quot;}\" aria-setsize=\"-1\" data-aria-posinset=\"1\" data-aria-level=\"1\"><span data-contrast=\"auto\">Le terme \u00ab\u2009facture\u2009\u00bb.<\/span><span data-ccp-props=\"{&quot;201341983&quot;:0,&quot;335559685&quot;:0,&quot;335559731&quot;:0,&quot;335559739&quot;:240,&quot;335559740&quot;:360}\">\u00a0<\/span><\/li>\n<li data-leveltext=\"%1.\" data-font=\"Cambria\" data-listid=\"6\" data-list-defn-props=\"{&quot;335552541&quot;:0,&quot;335559684&quot;:-1,&quot;335559685&quot;:360,&quot;335559991&quot;:360,&quot;469769242&quot;:[65533,0],&quot;469777803&quot;:&quot;left&quot;,&quot;469777804&quot;:&quot;%1.&quot;,&quot;469777815&quot;:&quot;hybridMultilevel&quot;}\" aria-setsize=\"-1\" data-aria-posinset=\"1\" data-aria-level=\"1\"><span data-contrast=\"auto\">Le <\/span><b><span data-contrast=\"auto\">num\u00e9ro de suite<\/span><\/b><span data-contrast=\"auto\"> de votre facture. Les num\u00e9ros se suivent et la num\u00e9rotation est remise \u00e0 z\u00e9ro au d\u00e9but de chaque exercice. Une m\u00e9thode courante consiste \u00e0 commencer par l\u2019ann\u00e9e, par exemple 220001.<\/span><span data-ccp-props=\"{&quot;201341983&quot;:0,&quot;335559685&quot;:0,&quot;335559731&quot;:0,&quot;335559739&quot;:240,&quot;335559740&quot;:360}\">\u00a0<\/span><\/li>\n<li data-leveltext=\"%1.\" data-font=\"Cambria\" data-listid=\"6\" data-list-defn-props=\"{&quot;335552541&quot;:0,&quot;335559684&quot;:-1,&quot;335559685&quot;:360,&quot;335559991&quot;:360,&quot;469769242&quot;:[65533,0],&quot;469777803&quot;:&quot;left&quot;,&quot;469777804&quot;:&quot;%1.&quot;,&quot;469777815&quot;:&quot;hybridMultilevel&quot;}\" aria-setsize=\"-1\" data-aria-posinset=\"1\" data-aria-level=\"1\"><span data-contrast=\"auto\">Le nom de votre <\/span><b><span data-contrast=\"auto\">entreprise<\/span><\/b><span data-contrast=\"auto\"> (tel qu\u2019il appara\u00eet \u00e0 la <\/span><a href=\"https:\/\/kbopub.economie.fgov.be\/kbopub\/zoeknummerform.html?lang=fr\"><span data-contrast=\"none\">BCE<\/span><\/a><span data-contrast=\"auto\">), \u00e9ventuellement votre d\u00e9nomination commerciale, l\u2019adresse, le num\u00e9ro d\u2019entreprise et le num\u00e9ro de TVA.<\/span><span data-ccp-props=\"{&quot;201341983&quot;:0,&quot;335559685&quot;:0,&quot;335559731&quot;:0,&quot;335559739&quot;:240,&quot;335559740&quot;:360}\">\u00a0<\/span><\/li>\n<li data-leveltext=\"%1.\" data-font=\"Cambria\" data-listid=\"6\" data-list-defn-props=\"{&quot;335552541&quot;:0,&quot;335559684&quot;:-1,&quot;335559685&quot;:360,&quot;335559991&quot;:360,&quot;469769242&quot;:[65533,0],&quot;469777803&quot;:&quot;left&quot;,&quot;469777804&quot;:&quot;%1.&quot;,&quot;469777815&quot;:&quot;hybridMultilevel&quot;}\" aria-setsize=\"-1\" data-aria-posinset=\"1\" data-aria-level=\"1\"><span data-contrast=\"auto\">Les nom, adresse et num\u00e9ro de TVA de votre <\/span><b><span data-contrast=\"auto\">client<\/span><\/b><span data-contrast=\"auto\">.<\/span><span data-ccp-props=\"{&quot;201341983&quot;:0,&quot;335559685&quot;:0,&quot;335559731&quot;:0,&quot;335559739&quot;:240,&quot;335559740&quot;:360}\">\u00a0<\/span><\/li>\n<li data-leveltext=\"%1.\" data-font=\"Cambria\" data-listid=\"6\" data-list-defn-props=\"{&quot;335552541&quot;:0,&quot;335559684&quot;:-1,&quot;335559685&quot;:360,&quot;335559991&quot;:360,&quot;469769242&quot;:[65533,0],&quot;469777803&quot;:&quot;left&quot;,&quot;469777804&quot;:&quot;%1.&quot;,&quot;469777815&quot;:&quot;hybridMultilevel&quot;}\" aria-setsize=\"-1\" data-aria-posinset=\"1\" data-aria-level=\"1\"><span data-contrast=\"auto\">La date \u00e0 laquelle vous \u00e9tablissez la facture <\/span><b><span data-contrast=\"auto\">(date de la facture)<\/span><\/b><span data-contrast=\"auto\"> et la date de livraison des biens ou services.<\/span><span data-ccp-props=\"{&quot;201341983&quot;:0,&quot;335559685&quot;:0,&quot;335559731&quot;:0,&quot;335559739&quot;:240,&quot;335559740&quot;:360}\">\u00a0<\/span><\/li>\n<li data-leveltext=\"%1.\" data-font=\"Cambria\" data-listid=\"6\" data-list-defn-props=\"{&quot;335552541&quot;:0,&quot;335559684&quot;:-1,&quot;335559685&quot;:360,&quot;335559991&quot;:360,&quot;469769242&quot;:[65533,0],&quot;469777803&quot;:&quot;left&quot;,&quot;469777804&quot;:&quot;%1.&quot;,&quot;469777815&quot;:&quot;hybridMultilevel&quot;}\" aria-setsize=\"-1\" data-aria-posinset=\"1\" data-aria-level=\"1\"><span data-contrast=\"auto\">La date d\u2019\u00e9ch\u00e9ance de la facture ou votre <\/span><b><span data-contrast=\"auto\">d\u00e9lai de paiement<\/span><\/b><span data-contrast=\"auto\">. Faites toujours r\u00e9f\u00e9rence \u00e0 vos conditions g\u00e9n\u00e9rales. C\u2019est important si vous devez faire face \u00e0 des <\/span><a href=\"https:\/\/www.accountable.eu\/fr-be\/blog\/facture-impayee\/\"><span data-contrast=\"none\">mauvais payeurs<\/span><\/a><span data-contrast=\"auto\">.<\/span><span data-ccp-props=\"{&quot;201341983&quot;:0,&quot;335559685&quot;:0,&quot;335559731&quot;:0,&quot;335559739&quot;:240,&quot;335559740&quot;:360}\">\u00a0<\/span><\/li>\n<li data-leveltext=\"%1.\" data-font=\"Cambria\" data-listid=\"6\" data-list-defn-props=\"{&quot;335552541&quot;:0,&quot;335559684&quot;:-1,&quot;335559685&quot;:360,&quot;335559991&quot;:360,&quot;469769242&quot;:[65533,0],&quot;469777803&quot;:&quot;left&quot;,&quot;469777804&quot;:&quot;%1.&quot;,&quot;469777815&quot;:&quot;hybridMultilevel&quot;}\" aria-setsize=\"-1\" data-aria-posinset=\"1\" data-aria-level=\"1\"><span data-contrast=\"auto\">Une <\/span><b><span data-contrast=\"auto\">description<\/span><\/b><span data-contrast=\"auto\"> de la livraison.<\/span><span data-ccp-props=\"{&quot;201341983&quot;:0,&quot;335559685&quot;:0,&quot;335559731&quot;:0,&quot;335559739&quot;:240,&quot;335559740&quot;:360}\">\u00a0<\/span><\/li>\n<li data-leveltext=\"%1.\" data-font=\"Cambria\" data-listid=\"6\" data-list-defn-props=\"{&quot;335552541&quot;:0,&quot;335559684&quot;:-1,&quot;335559685&quot;:360,&quot;335559991&quot;:360,&quot;469769242&quot;:[65533,0],&quot;469777803&quot;:&quot;left&quot;,&quot;469777804&quot;:&quot;%1.&quot;,&quot;469777815&quot;:&quot;hybridMultilevel&quot;}\" aria-setsize=\"-1\" data-aria-posinset=\"1\" data-aria-level=\"1\"><span data-contrast=\"auto\">Le <\/span><b><span data-contrast=\"auto\">prix<\/span><\/b><span data-contrast=\"auto\"> unitaire et le nombre d\u2019unit\u00e9s livr\u00e9es.<\/span><span data-ccp-props=\"{&quot;201341983&quot;:0,&quot;335559685&quot;:0,&quot;335559731&quot;:0,&quot;335559739&quot;:240,&quot;335559740&quot;:360}\">\u00a0<\/span><\/li>\n<li data-leveltext=\"%1.\" data-font=\"Cambria\" data-listid=\"6\" data-list-defn-props=\"{&quot;335552541&quot;:0,&quot;335559684&quot;:-1,&quot;335559685&quot;:360,&quot;335559991&quot;:360,&quot;469769242&quot;:[65533,0],&quot;469777803&quot;:&quot;left&quot;,&quot;469777804&quot;:&quot;%1.&quot;,&quot;469777815&quot;:&quot;hybridMultilevel&quot;}\" aria-setsize=\"-1\" data-aria-posinset=\"1\" data-aria-level=\"1\"><span data-contrast=\"auto\">Le montant hors TVA.<\/span><span data-ccp-props=\"{&quot;201341983&quot;:0,&quot;335559685&quot;:0,&quot;335559731&quot;:0,&quot;335559739&quot;:240,&quot;335559740&quot;:360}\">\u00a0<\/span><\/li>\n<li data-leveltext=\"%1.\" data-font=\"Cambria\" data-listid=\"6\" data-list-defn-props=\"{&quot;335552541&quot;:0,&quot;335559684&quot;:-1,&quot;335559685&quot;:360,&quot;335559991&quot;:360,&quot;469769242&quot;:[65533,0],&quot;469777803&quot;:&quot;left&quot;,&quot;469777804&quot;:&quot;%1.&quot;,&quot;469777815&quot;:&quot;hybridMultilevel&quot;}\" aria-setsize=\"-1\" data-aria-posinset=\"1\" data-aria-level=\"1\"><span data-contrast=\"auto\">Le <\/span><b><span data-contrast=\"auto\">taux de TVA<\/span><\/b><span data-contrast=\"auto\"> (0, 6, 12 ou 21\u202f%). 0\u202f% est aussi un taux de TVA\u2009!<\/span><span data-ccp-props=\"{&quot;201341983&quot;:0,&quot;335559685&quot;:0,&quot;335559731&quot;:0,&quot;335559739&quot;:240,&quot;335559740&quot;:360}\">\u00a0<\/span><\/li>\n<li data-leveltext=\"%1.\" data-font=\"Cambria\" data-listid=\"6\" data-list-defn-props=\"{&quot;335552541&quot;:0,&quot;335559684&quot;:-1,&quot;335559685&quot;:360,&quot;335559991&quot;:360,&quot;469769242&quot;:[65533,0],&quot;469777803&quot;:&quot;left&quot;,&quot;469777804&quot;:&quot;%1.&quot;,&quot;469777815&quot;:&quot;hybridMultilevel&quot;}\" aria-setsize=\"-1\" data-aria-posinset=\"1\" data-aria-level=\"1\"><span data-contrast=\"auto\">Le montant total TVA comprise.<\/span><span data-ccp-props=\"{&quot;201341983&quot;:0,&quot;335559685&quot;:0,&quot;335559731&quot;:0,&quot;335559739&quot;:240,&quot;335559740&quot;:360}\">\u00a0<\/span><\/li>\n<li data-leveltext=\"%1.\" data-font=\"Cambria\" data-listid=\"6\" data-list-defn-props=\"{&quot;335552541&quot;:0,&quot;335559684&quot;:-1,&quot;335559685&quot;:360,&quot;335559991&quot;:360,&quot;469769242&quot;:[65533,0],&quot;469777803&quot;:&quot;left&quot;,&quot;469777804&quot;:&quot;%1.&quot;,&quot;469777815&quot;:&quot;hybridMultilevel&quot;}\" aria-setsize=\"-1\" data-aria-posinset=\"1\" data-aria-level=\"1\"><span data-contrast=\"auto\">\u00c9ventuellement, la description l\u00e9gale en cas d\u2019exon\u00e9ration de TVA (taux de 0\u202f%).<\/span><span data-ccp-props=\"{&quot;201341983&quot;:0,&quot;335559685&quot;:0,&quot;335559731&quot;:0,&quot;335559739&quot;:240,&quot;335559740&quot;:360}\">\u00a0<\/span><\/li>\n<\/ol>\n<h3><b><span data-contrast=\"auto\">La langue de la facture<\/span><\/b><\/h3>\n<p><span data-contrast=\"auto\">Vous \u00e9tablissez votre facture dans la langue <\/span><b><span data-contrast=\"auto\">de la r\u00e9gion dans laquelle votre entreprise est \u00e9tablie<\/span><\/b><span data-contrast=\"auto\">. M\u00eame si votre client parle une autre langue.<\/span><span data-ccp-props=\"{&quot;201341983&quot;:0,&quot;335559739&quot;:240,&quot;335559740&quot;:360}\">\u00a0<\/span><\/p>\n<p><span data-contrast=\"auto\">Un exemple\u202f: vous \u00eates un traducteur ind\u00e9pendant \u00e9tabli \u00e0 Hasselt. Vous traduisez des sites Internet pour un client situ\u00e9 \u00e0 Li\u00e8ge. Bien que votre client parle uniquement le fran\u00e7ais, vous devez r\u00e9diger votre facture en n\u00e9erlandais.<\/span><span data-ccp-props=\"{&quot;201341983&quot;:0,&quot;335559739&quot;:240,&quot;335559740&quot;:360}\">\u00a0<\/span><\/p>\n<h2><b><span data-contrast=\"auto\">Combien de temps devez-vous conserver des factures<\/span><\/b><b><span data-contrast=\"auto\">\u2009?<\/span><\/b><\/h2>\n<p><span data-contrast=\"auto\">Vous conservez les factures pendant <\/span><b><span data-contrast=\"auto\">7 ans<\/span><\/b><span data-contrast=\"auto\"> \u00e0 des fins fiscales. Une version \u00e9lectronique suffit, mais assurez-vous d\u2019avoir une sauvegarde\u2009!<\/span><span data-ccp-props=\"{&quot;201341983&quot;:0,&quot;335559739&quot;:240,&quot;335559740&quot;:360}\">\u00a0<\/span><\/p>\n<h2><b><span data-contrast=\"auto\">Quel outil utilisez-vous pour cr\u00e9er une facture\u2009?<\/span><\/b><\/h2>\n<p><span data-contrast=\"auto\">De nombreux ind\u00e9pendants <\/span><span data-contrast=\"auto\">font leurs factures <\/span><span data-contrast=\"auto\">dans Excel<\/span><span data-contrast=\"auto\">. En utilisant une macro, une base de donn\u00e9es et des formules, il est m\u00eame possible d\u2019effectuer des calculs automatiques. Sur le site de Microsoft Office, vous trouverez diff\u00e9rents <\/span><a href=\"https:\/\/templates.office.com\/fr-be\/Factures\"><span data-contrast=\"none\">mod\u00e8les<\/span><\/a><span data-contrast=\"auto\">.<\/span><span data-ccp-props=\"{&quot;201341983&quot;:0,&quot;335559739&quot;:240,&quot;335559740&quot;:360}\">\u00a0<\/span><\/p>\n<p><span data-contrast=\"auto\">Si vous n\u2019\u00eates pas tr\u00e8s \u00e0 l\u2019aise avec Excel, vous pouvez acqu\u00e9rir un <\/span><span data-contrast=\"auto\">logiciel de facturation<\/span><span data-contrast=\"auto\">. Comme Billit, Facturalia ou Teamleader. Exact, Yuki et Cashaca sont des logiciels qui permettent de faire des factures et de tenir sa comptabilit\u00e9. Tout comme Accountable, bien entendu. <\/span><span data-contrast=\"auto\">\ud83d\ude09<\/span><span data-ccp-props=\"{&quot;201341983&quot;:0,&quot;335559739&quot;:240,&quot;335559740&quot;:360}\">\u00a0<\/span><\/p>\n<h3><b><span data-contrast=\"auto\">Faire des factures<\/span><\/b><b><span data-contrast=\"auto\"> gratuitement et facilement<\/span><\/b><\/h3>\n<p><span data-contrast=\"auto\">Vous n\u2019\u00eates pas fan d\u2019Excel et pr\u00e9f\u00e9rez ne pas d\u00e9penser d\u2019argent pour un logiciel ou une app de comptabilit\u00e9\u2009? <\/span><a href=\"https:\/\/www.accountable.eu\/fr-be\/creez-vos-factures\/\"><span data-contrast=\"none\">Notre site Internet vous permet de cr\u00e9er facilement des factures<\/span><\/a><span data-contrast=\"auto\">. Gratuitement, et sans devoir vous enregistrer. Dans la <\/span><a href=\"https:\/\/www.accountable.eu\/fr-be\/\"><span data-contrast=\"none\">version gratuite de notre app<\/span><\/a><span data-contrast=\"auto\">, vous pouvez \u00e9galement cr\u00e9er des factures\u202f: la <\/span><b><span data-contrast=\"auto\">reconnaissance automatique du client et les mentions l\u00e9gales<\/span><\/b><span data-contrast=\"auto\"> sont comprises.<\/span><span data-ccp-props=\"{&quot;201341983&quot;:0,&quot;335559739&quot;:240,&quot;335559740&quot;:360}\">\u00a0<\/span><\/p>\n<h2><b><span data-contrast=\"auto\">En savoir plus sur la facturation\u2009?<\/span><\/b><\/h2>\n<p><span data-contrast=\"auto\">Lisez cet <\/span><a href=\"https:\/\/www.accountable.eu\/fr-be\/blog\/belgique-faire-facture\/\"><span data-contrast=\"none\">article sur les r\u00e8gles de facturation pour les ind\u00e9pendants<\/span><\/a><span data-contrast=\"auto\">.<\/span><span data-ccp-props=\"{&quot;201341983&quot;:0,&quot;335559739&quot;:240,&quot;335559740&quot;:360}\">\u00a0<\/span><\/p>\n","protected":false},"excerpt":{"rendered":"<p>Votre premi\u00e8re mission en tant qu\u2019ind\u00e9pendant est un fait\u202f: il est temps de faire votre facture\u2009! Les mentions sur votre facture sont soumises \u00e0 une r\u00e9glementation l\u00e9gale. Il s\u2019agit en effet d\u2019un document de preuve important. Pas uniquement pour l\u2019administration TVA, mais aussi pour vous, si vous \u00e9tiez confront\u00e9(e) \u00e0 de mauvais payeurs. Nous vous [&hellip;]<\/p>\n","protected":false},"author":11,"featured_media":3944,"comment_status":"open","ping_status":"open","sticky":false,"template":"","format":"standard","meta":{"inline_featured_image":false,"footnotes":""},"categories":[286,240],"tags":[300,306],"class_list":["post-13036","post","type-post","status-publish","format-standard","has-post-thumbnail","hentry","category-facturer-a-vos-clients","category-uncategorized-fr-be","tag-comptabilite","tag-facture"],"acf":[],"yoast_head":"<!-- This site is optimized with the Yoast SEO plugin v27.4 - https:\/\/yoast.com\/product\/yoast-seo-wordpress\/ -->\n<title>Faire votre premi\u00e8re facture\u202f: voici ce dont il faut tenir compte - Accountable<\/title>\n<meta name=\"description\" content=\"\u00c0 quoi devez-vous faire attention lorsque vous faites vous-m\u00eame une facture\u2009? Lisez ici quelles sont les mentions obligatoires sur une facture.\" \/>\n<meta name=\"robots\" content=\"index, follow, max-snippet:-1, max-image-preview:large, max-video-preview:-1\" \/>\n<link rel=\"canonical\" href=\"https:\/\/www.accountable.eu\/fr-be\/blog\/premiere-facture-conseils\/\" \/>\n<meta property=\"og:locale\" content=\"fr_FR\" \/>\n<meta property=\"og:type\" content=\"article\" \/>\n<meta property=\"og:title\" content=\"Faire votre premi\u00e8re facture\u202f: voici ce dont il faut tenir compte - Accountable\" \/>\n<meta property=\"og:description\" content=\"\u00c0 quoi devez-vous faire attention lorsque vous faites vous-m\u00eame une facture\u2009? Lisez ici quelles sont les mentions obligatoires sur une facture.\" \/>\n<meta property=\"og:url\" content=\"https:\/\/www.accountable.eu\/fr-be\/blog\/premiere-facture-conseils\/\" \/>\n<meta property=\"og:site_name\" content=\"Accountable\" \/>\n<meta property=\"article:published_time\" content=\"2022-06-27T13:28:20+00:00\" \/>\n<meta property=\"article:modified_time\" content=\"2024-07-11T08:56:05+00:00\" \/>\n<meta property=\"og:image\" content=\"https:\/\/www.accountable.eu\/wp-content\/uploads\/2022\/03\/Export-me-pleeeeaaase_7.png\" \/>\n\t<meta property=\"og:image:width\" content=\"1029\" \/>\n\t<meta property=\"og:image:height\" content=\"600\" \/>\n\t<meta property=\"og:image:type\" content=\"image\/png\" \/>\n<meta name=\"author\" content=\"Isabel Senden\" \/>\n<meta name=\"twitter:card\" content=\"summary_large_image\" \/>\n<meta name=\"twitter:label1\" content=\"\u00c9crit par\" \/>\n\t<meta name=\"twitter:data1\" content=\"Isabel Senden\" \/>\n\t<meta name=\"twitter:label2\" content=\"Dur\u00e9e de lecture est.\" \/>\n\t<meta name=\"twitter:data2\" content=\"4 minutes\" \/>\n<script type=\"application\/ld+json\" class=\"yoast-schema-graph\">{\"@context\":\"https:\\\/\\\/schema.org\",\"@graph\":[{\"@type\":\"Article\",\"@id\":\"https:\\\/\\\/www.accountable.eu\\\/fr-be\\\/blog\\\/premiere-facture-conseils\\\/#article\",\"isPartOf\":{\"@id\":\"https:\\\/\\\/www.accountable.eu\\\/fr-be\\\/blog\\\/premiere-facture-conseils\\\/\"},\"author\":{\"name\":\"Isabel Senden\",\"@id\":\"https:\\\/\\\/www.accountable.eu\\\/fr-be\\\/#\\\/schema\\\/person\\\/de2a66f2f69b8ede00c1247f105e6137\"},\"headline\":\"Faire votre premi\u00e8re facture\u202f: voici ce dont il faut tenir compte\",\"datePublished\":\"2022-06-27T13:28:20+00:00\",\"dateModified\":\"2024-07-11T08:56:05+00:00\",\"mainEntityOfPage\":{\"@id\":\"https:\\\/\\\/www.accountable.eu\\\/fr-be\\\/blog\\\/premiere-facture-conseils\\\/\"},\"wordCount\":771,\"commentCount\":0,\"publisher\":{\"@id\":\"https:\\\/\\\/www.accountable.eu\\\/fr-be\\\/#organization\"},\"image\":{\"@id\":\"https:\\\/\\\/www.accountable.eu\\\/fr-be\\\/blog\\\/premiere-facture-conseils\\\/#primaryimage\"},\"thumbnailUrl\":\"https:\\\/\\\/www.accountable.eu\\\/wp-content\\\/uploads\\\/2022\\\/03\\\/Export-me-pleeeeaaase_7.png\",\"keywords\":[\"Comptabilit\u00e9\",\"Factures\"],\"articleSection\":[\"Facturer vos clients\",\"Uncategorized @fr-be\"],\"inLanguage\":\"fr-BE\",\"potentialAction\":[{\"@type\":\"CommentAction\",\"name\":\"Comment\",\"target\":[\"https:\\\/\\\/www.accountable.eu\\\/fr-be\\\/blog\\\/premiere-facture-conseils\\\/#respond\"]}]},{\"@type\":\"WebPage\",\"@id\":\"https:\\\/\\\/www.accountable.eu\\\/fr-be\\\/blog\\\/premiere-facture-conseils\\\/\",\"url\":\"https:\\\/\\\/www.accountable.eu\\\/fr-be\\\/blog\\\/premiere-facture-conseils\\\/\",\"name\":\"Faire votre premi\u00e8re facture\u202f: voici ce dont il faut tenir compte - Accountable\",\"isPartOf\":{\"@id\":\"https:\\\/\\\/www.accountable.eu\\\/fr-be\\\/#website\"},\"primaryImageOfPage\":{\"@id\":\"https:\\\/\\\/www.accountable.eu\\\/fr-be\\\/blog\\\/premiere-facture-conseils\\\/#primaryimage\"},\"image\":{\"@id\":\"https:\\\/\\\/www.accountable.eu\\\/fr-be\\\/blog\\\/premiere-facture-conseils\\\/#primaryimage\"},\"thumbnailUrl\":\"https:\\\/\\\/www.accountable.eu\\\/wp-content\\\/uploads\\\/2022\\\/03\\\/Export-me-pleeeeaaase_7.png\",\"datePublished\":\"2022-06-27T13:28:20+00:00\",\"dateModified\":\"2024-07-11T08:56:05+00:00\",\"description\":\"\u00c0 quoi devez-vous faire attention lorsque vous faites vous-m\u00eame une facture\u2009? Lisez ici quelles sont les mentions obligatoires sur une facture.\",\"breadcrumb\":{\"@id\":\"https:\\\/\\\/www.accountable.eu\\\/fr-be\\\/blog\\\/premiere-facture-conseils\\\/#breadcrumb\"},\"inLanguage\":\"fr-BE\",\"potentialAction\":[{\"@type\":\"ReadAction\",\"target\":[\"https:\\\/\\\/www.accountable.eu\\\/fr-be\\\/blog\\\/premiere-facture-conseils\\\/\"]}]},{\"@type\":\"ImageObject\",\"inLanguage\":\"fr-BE\",\"@id\":\"https:\\\/\\\/www.accountable.eu\\\/fr-be\\\/blog\\\/premiere-facture-conseils\\\/#primaryimage\",\"url\":\"https:\\\/\\\/www.accountable.eu\\\/wp-content\\\/uploads\\\/2022\\\/03\\\/Export-me-pleeeeaaase_7.png\",\"contentUrl\":\"https:\\\/\\\/www.accountable.eu\\\/wp-content\\\/uploads\\\/2022\\\/03\\\/Export-me-pleeeeaaase_7.png\",\"width\":1029,\"height\":600},{\"@type\":\"BreadcrumbList\",\"@id\":\"https:\\\/\\\/www.accountable.eu\\\/fr-be\\\/blog\\\/premiere-facture-conseils\\\/#breadcrumb\",\"itemListElement\":[{\"@type\":\"ListItem\",\"position\":1,\"name\":\"Home\",\"item\":\"https:\\\/\\\/www.accountable.eu\\\/fr-be\\\/\"},{\"@type\":\"ListItem\",\"position\":2,\"name\":\"Faire votre premi\u00e8re facture\u202f: voici ce dont il faut tenir compte\"}]},{\"@type\":\"WebSite\",\"@id\":\"https:\\\/\\\/www.accountable.eu\\\/fr-be\\\/#website\",\"url\":\"https:\\\/\\\/www.accountable.eu\\\/fr-be\\\/\",\"name\":\"Accountable\",\"description\":\"Your accountant and tax advisor on your smartphone\",\"publisher\":{\"@id\":\"https:\\\/\\\/www.accountable.eu\\\/fr-be\\\/#organization\"},\"potentialAction\":[{\"@type\":\"SearchAction\",\"target\":{\"@type\":\"EntryPoint\",\"urlTemplate\":\"https:\\\/\\\/www.accountable.eu\\\/fr-be\\\/?s={search_term_string}\"},\"query-input\":{\"@type\":\"PropertyValueSpecification\",\"valueRequired\":true,\"valueName\":\"search_term_string\"}}],\"inLanguage\":\"fr-BE\"},{\"@type\":\"Organization\",\"@id\":\"https:\\\/\\\/www.accountable.eu\\\/fr-be\\\/#organization\",\"name\":\"Accountable\",\"url\":\"https:\\\/\\\/www.accountable.eu\\\/fr-be\\\/\",\"logo\":{\"@type\":\"ImageObject\",\"inLanguage\":\"fr-BE\",\"@id\":\"https:\\\/\\\/www.accountable.eu\\\/fr-be\\\/#\\\/schema\\\/logo\\\/image\\\/\",\"url\":\"https:\\\/\\\/www.accountable.eu\\\/wp-content\\\/uploads\\\/2026\\\/04\\\/logo-512.png\",\"contentUrl\":\"https:\\\/\\\/www.accountable.eu\\\/wp-content\\\/uploads\\\/2026\\\/04\\\/logo-512.png\",\"width\":512,\"height\":512,\"caption\":\"Accountable\"},\"image\":{\"@id\":\"https:\\\/\\\/www.accountable.eu\\\/fr-be\\\/#\\\/schema\\\/logo\\\/image\\\/\"}},{\"@type\":\"Person\",\"@id\":\"https:\\\/\\\/www.accountable.eu\\\/fr-be\\\/#\\\/schema\\\/person\\\/de2a66f2f69b8ede00c1247f105e6137\",\"name\":\"Isabel Senden\",\"image\":{\"@type\":\"ImageObject\",\"inLanguage\":\"fr-BE\",\"@id\":\"https:\\\/\\\/secure.gravatar.com\\\/avatar\\\/7f67e7d6d9abcd35af99e6a1b0aee8905804adfbca8ba4a95810051d1d6f9425?s=96&d=mm&r=g\",\"url\":\"https:\\\/\\\/secure.gravatar.com\\\/avatar\\\/7f67e7d6d9abcd35af99e6a1b0aee8905804adfbca8ba4a95810051d1d6f9425?s=96&d=mm&r=g\",\"contentUrl\":\"https:\\\/\\\/secure.gravatar.com\\\/avatar\\\/7f67e7d6d9abcd35af99e6a1b0aee8905804adfbca8ba4a95810051d1d6f9425?s=96&d=mm&r=g\",\"caption\":\"Isabel Senden\"}}]}<\/script>\n<!-- \/ Yoast SEO plugin. -->","yoast_head_json":{"title":"Faire votre premi\u00e8re facture\u202f: voici ce dont il faut tenir compte - Accountable","description":"\u00c0 quoi devez-vous faire attention lorsque vous faites vous-m\u00eame une facture\u2009? Lisez ici quelles sont les mentions obligatoires sur une facture.","robots":{"index":"index","follow":"follow","max-snippet":"max-snippet:-1","max-image-preview":"max-image-preview:large","max-video-preview":"max-video-preview:-1"},"canonical":"https:\/\/www.accountable.eu\/fr-be\/blog\/premiere-facture-conseils\/","og_locale":"fr_FR","og_type":"article","og_title":"Faire votre premi\u00e8re facture\u202f: voici ce dont il faut tenir compte - Accountable","og_description":"\u00c0 quoi devez-vous faire attention lorsque vous faites vous-m\u00eame une facture\u2009? Lisez ici quelles sont les mentions obligatoires sur une facture.","og_url":"https:\/\/www.accountable.eu\/fr-be\/blog\/premiere-facture-conseils\/","og_site_name":"Accountable","article_published_time":"2022-06-27T13:28:20+00:00","article_modified_time":"2024-07-11T08:56:05+00:00","og_image":[{"width":1029,"height":600,"url":"https:\/\/www.accountable.eu\/wp-content\/uploads\/2022\/03\/Export-me-pleeeeaaase_7.png","type":"image\/png"}],"author":"Isabel Senden","twitter_card":"summary_large_image","twitter_misc":{"\u00c9crit par":"Isabel Senden","Dur\u00e9e de lecture est.":"4 minutes"},"schema":{"@context":"https:\/\/schema.org","@graph":[{"@type":"Article","@id":"https:\/\/www.accountable.eu\/fr-be\/blog\/premiere-facture-conseils\/#article","isPartOf":{"@id":"https:\/\/www.accountable.eu\/fr-be\/blog\/premiere-facture-conseils\/"},"author":{"name":"Isabel Senden","@id":"https:\/\/www.accountable.eu\/fr-be\/#\/schema\/person\/de2a66f2f69b8ede00c1247f105e6137"},"headline":"Faire votre premi\u00e8re facture\u202f: voici ce dont il faut tenir compte","datePublished":"2022-06-27T13:28:20+00:00","dateModified":"2024-07-11T08:56:05+00:00","mainEntityOfPage":{"@id":"https:\/\/www.accountable.eu\/fr-be\/blog\/premiere-facture-conseils\/"},"wordCount":771,"commentCount":0,"publisher":{"@id":"https:\/\/www.accountable.eu\/fr-be\/#organization"},"image":{"@id":"https:\/\/www.accountable.eu\/fr-be\/blog\/premiere-facture-conseils\/#primaryimage"},"thumbnailUrl":"https:\/\/www.accountable.eu\/wp-content\/uploads\/2022\/03\/Export-me-pleeeeaaase_7.png","keywords":["Comptabilit\u00e9","Factures"],"articleSection":["Facturer vos clients","Uncategorized @fr-be"],"inLanguage":"fr-BE","potentialAction":[{"@type":"CommentAction","name":"Comment","target":["https:\/\/www.accountable.eu\/fr-be\/blog\/premiere-facture-conseils\/#respond"]}]},{"@type":"WebPage","@id":"https:\/\/www.accountable.eu\/fr-be\/blog\/premiere-facture-conseils\/","url":"https:\/\/www.accountable.eu\/fr-be\/blog\/premiere-facture-conseils\/","name":"Faire votre premi\u00e8re facture\u202f: voici ce dont il faut tenir compte - Accountable","isPartOf":{"@id":"https:\/\/www.accountable.eu\/fr-be\/#website"},"primaryImageOfPage":{"@id":"https:\/\/www.accountable.eu\/fr-be\/blog\/premiere-facture-conseils\/#primaryimage"},"image":{"@id":"https:\/\/www.accountable.eu\/fr-be\/blog\/premiere-facture-conseils\/#primaryimage"},"thumbnailUrl":"https:\/\/www.accountable.eu\/wp-content\/uploads\/2022\/03\/Export-me-pleeeeaaase_7.png","datePublished":"2022-06-27T13:28:20+00:00","dateModified":"2024-07-11T08:56:05+00:00","description":"\u00c0 quoi devez-vous faire attention lorsque vous faites vous-m\u00eame une facture\u2009? Lisez ici quelles sont les mentions obligatoires sur une facture.","breadcrumb":{"@id":"https:\/\/www.accountable.eu\/fr-be\/blog\/premiere-facture-conseils\/#breadcrumb"},"inLanguage":"fr-BE","potentialAction":[{"@type":"ReadAction","target":["https:\/\/www.accountable.eu\/fr-be\/blog\/premiere-facture-conseils\/"]}]},{"@type":"ImageObject","inLanguage":"fr-BE","@id":"https:\/\/www.accountable.eu\/fr-be\/blog\/premiere-facture-conseils\/#primaryimage","url":"https:\/\/www.accountable.eu\/wp-content\/uploads\/2022\/03\/Export-me-pleeeeaaase_7.png","contentUrl":"https:\/\/www.accountable.eu\/wp-content\/uploads\/2022\/03\/Export-me-pleeeeaaase_7.png","width":1029,"height":600},{"@type":"BreadcrumbList","@id":"https:\/\/www.accountable.eu\/fr-be\/blog\/premiere-facture-conseils\/#breadcrumb","itemListElement":[{"@type":"ListItem","position":1,"name":"Home","item":"https:\/\/www.accountable.eu\/fr-be\/"},{"@type":"ListItem","position":2,"name":"Faire votre premi\u00e8re facture\u202f: voici ce dont il faut tenir compte"}]},{"@type":"WebSite","@id":"https:\/\/www.accountable.eu\/fr-be\/#website","url":"https:\/\/www.accountable.eu\/fr-be\/","name":"Accountable","description":"Your accountant and tax advisor on your smartphone","publisher":{"@id":"https:\/\/www.accountable.eu\/fr-be\/#organization"},"potentialAction":[{"@type":"SearchAction","target":{"@type":"EntryPoint","urlTemplate":"https:\/\/www.accountable.eu\/fr-be\/?s={search_term_string}"},"query-input":{"@type":"PropertyValueSpecification","valueRequired":true,"valueName":"search_term_string"}}],"inLanguage":"fr-BE"},{"@type":"Organization","@id":"https:\/\/www.accountable.eu\/fr-be\/#organization","name":"Accountable","url":"https:\/\/www.accountable.eu\/fr-be\/","logo":{"@type":"ImageObject","inLanguage":"fr-BE","@id":"https:\/\/www.accountable.eu\/fr-be\/#\/schema\/logo\/image\/","url":"https:\/\/www.accountable.eu\/wp-content\/uploads\/2026\/04\/logo-512.png","contentUrl":"https:\/\/www.accountable.eu\/wp-content\/uploads\/2026\/04\/logo-512.png","width":512,"height":512,"caption":"Accountable"},"image":{"@id":"https:\/\/www.accountable.eu\/fr-be\/#\/schema\/logo\/image\/"}},{"@type":"Person","@id":"https:\/\/www.accountable.eu\/fr-be\/#\/schema\/person\/de2a66f2f69b8ede00c1247f105e6137","name":"Isabel Senden","image":{"@type":"ImageObject","inLanguage":"fr-BE","@id":"https:\/\/secure.gravatar.com\/avatar\/7f67e7d6d9abcd35af99e6a1b0aee8905804adfbca8ba4a95810051d1d6f9425?s=96&d=mm&r=g","url":"https:\/\/secure.gravatar.com\/avatar\/7f67e7d6d9abcd35af99e6a1b0aee8905804adfbca8ba4a95810051d1d6f9425?s=96&d=mm&r=g","contentUrl":"https:\/\/secure.gravatar.com\/avatar\/7f67e7d6d9abcd35af99e6a1b0aee8905804adfbca8ba4a95810051d1d6f9425?s=96&d=mm&r=g","caption":"Isabel Senden"}}]}},"_links":{"self":[{"href":"https:\/\/www.accountable.eu\/fr-be\/wp-json\/wp\/v2\/posts\/13036","targetHints":{"allow":["GET"]}}],"collection":[{"href":"https:\/\/www.accountable.eu\/fr-be\/wp-json\/wp\/v2\/posts"}],"about":[{"href":"https:\/\/www.accountable.eu\/fr-be\/wp-json\/wp\/v2\/types\/post"}],"author":[{"embeddable":true,"href":"https:\/\/www.accountable.eu\/fr-be\/wp-json\/wp\/v2\/users\/11"}],"replies":[{"embeddable":true,"href":"https:\/\/www.accountable.eu\/fr-be\/wp-json\/wp\/v2\/comments?post=13036"}],"version-history":[{"count":0,"href":"https:\/\/www.accountable.eu\/fr-be\/wp-json\/wp\/v2\/posts\/13036\/revisions"}],"wp:featuredmedia":[{"embeddable":true,"href":"https:\/\/www.accountable.eu\/fr-be\/wp-json\/wp\/v2\/media\/3944"}],"wp:attachment":[{"href":"https:\/\/www.accountable.eu\/fr-be\/wp-json\/wp\/v2\/media?parent=13036"}],"wp:term":[{"taxonomy":"category","embeddable":true,"href":"https:\/\/www.accountable.eu\/fr-be\/wp-json\/wp\/v2\/categories?post=13036"},{"taxonomy":"post_tag","embeddable":true,"href":"https:\/\/www.accountable.eu\/fr-be\/wp-json\/wp\/v2\/tags?post=13036"}],"curies":[{"name":"wp","href":"https:\/\/api.w.org\/{rel}","templated":true}]}}