{"id":13038,"date":"2022-06-15T11:37:18","date_gmt":"2022-06-15T09:37:18","guid":{"rendered":"https:\/\/prod-migration-second.local\/?p=13038"},"modified":"2024-07-11T10:56:05","modified_gmt":"2024-07-11T08:56:05","slug":"independant-complementaire-declaration-fiscale","status":"publish","type":"post","link":"https:\/\/www.accountable.eu\/fr-be\/blog\/independant-complementaire-declaration-fiscale\/","title":{"rendered":"Ind\u00e9pendant compl\u00e9mentaire\u202f: voici comment compl\u00e9ter votre d\u00e9claration fiscale\u00a0"},"content":{"rendered":"<p><b><span data-contrast=\"auto\">Trop complexe, la d\u00e9claration fiscale\u2009? Mais non, avec un minimum d&rsquo;attention et nos conseils, vous pouvez m\u00eame la remplir vous-m\u00eame. Vous \u00eates ind\u00e9pendant compl\u00e9mentaire\u2009? Dans ce cas, vous d\u00e9clarez le salaire de votre activit\u00e9 principale ET les revenus de votre activit\u00e9 compl\u00e9mentaire. <\/span><\/b><span data-ccp-props=\"{&quot;201341983&quot;:0,&quot;335559739&quot;:160,&quot;335559740&quot;:259}\">\u00a0<\/span><\/p>\n<p><b><span data-contrast=\"auto\">Lisez ci-dessous ce qu\u2019il faut faire et comment. <\/span><\/b><span data-ccp-props=\"{&quot;201341983&quot;:0,&quot;335559739&quot;:160,&quot;335559740&quot;:259}\">\u00a0<\/span><\/p>\n<h2><span data-contrast=\"none\">Quels revenus d\u00e9clarer dans votre d\u00e9claration fiscale\u2009?<\/span><span data-ccp-props=\"{&quot;201341983&quot;:0,&quot;335559738&quot;:40,&quot;335559739&quot;:0,&quot;335559740&quot;:259}\">\u00a0<\/span><\/h2>\n<p><span data-contrast=\"auto\">Vous avez un emploi fixe et des revenus d\u00e9coulant d\u2019une activit\u00e9 ind\u00e9pendante \u00e0 titre compl\u00e9mentaire\u2009? D\u00e9clarez les deux revenus via l\u2019imp\u00f4t des personnes physiques. <\/span><span data-ccp-props=\"{&quot;201341983&quot;:0,&quot;335559739&quot;:160,&quot;335559740&quot;:259}\">\u00a0<\/span><\/p>\n<p><span data-contrast=\"auto\">Vous avez normalement re\u00e7u une fiche fiscale pour le salaire de votre activit\u00e9 principale. Il s\u2019agit d\u2019un d\u00e9compte individuel de l\u2019ann\u00e9e \u00e9coul\u00e9e, avec toutes les informations pour votre d\u00e9claration d\u2019imp\u00f4t.\u00a0<\/span><span data-ccp-props=\"{&quot;201341983&quot;:0,&quot;335559739&quot;:160,&quot;335559740&quot;:259}\">\u00a0<\/span><\/p>\n<p><span data-contrast=\"auto\">Pour les revenus issus de votre activit\u00e9 compl\u00e9mentaire, fiez-vous \u00e0 <\/span><b><span data-contrast=\"auto\">Accountable<\/span><\/b><span data-contrast=\"auto\">. Si vous avez introduit toutes les factures de vente et les d\u00e9penses dans l&rsquo;app Accountable, nous g\u00e9n\u00e9rons toutes les infos pour votre d\u00e9claration fiscale. <\/span><span data-ccp-props=\"{&quot;201341983&quot;:0,&quot;335559739&quot;:160,&quot;335559740&quot;:259}\">\u00a0<\/span><\/p>\n<h2><span data-contrast=\"none\">Comment d\u00e9clarer votre salaire et les revenus de votre activit\u00e9 compl\u00e9mentaire dans votre d\u00e9claration fiscale\u2009?<\/span><span data-ccp-props=\"{&quot;201341983&quot;:0,&quot;335559738&quot;:40,&quot;335559739&quot;:0,&quot;335559740&quot;:259}\">\u00a0<\/span><\/h2>\n<p><span data-contrast=\"auto\">Pour le salaire de votre activit\u00e9 principale, vous disposez de la fiche fiscale. Les cases et les codes avec les montants correspondants y sont clairement mentionn\u00e9s. En g\u00e9n\u00e9ral, ces informations sont d\u00e9j\u00e0 pr\u00e9remplies sur Tax-on-web. Il vous suffit de les contr\u00f4ler. <\/span><span data-ccp-props=\"{&quot;201341983&quot;:0,&quot;335559739&quot;:160,&quot;335559740&quot;:259}\">\u00a0<\/span><\/p>\n<p><span data-contrast=\"auto\">Les donn\u00e9es relatives \u00e0 votre activit\u00e9 compl\u00e9mentaire se trouvent dans Accountable. Cliquez sur les ic\u00f4nes pour arriver \u00e0 \u00ab\u202fImp\u00f4ts\u202f\u00bb et ensuite sur \u00ab\u202fD\u00e9claration d\u2019imp\u00f4t des personnes physiques &#8211; revenus de l\u2019ann\u00e9e\u202f202x\u202f\u00bb. Cet aper\u00e7u vous indique les cases et les codes avec les montants correspondants pour Tax-on-web. <\/span><span data-ccp-props=\"{&quot;201341983&quot;:0,&quot;335559739&quot;:160,&quot;335559740&quot;:259}\">\u00a0<\/span><\/p>\n<p><span data-contrast=\"auto\">Pour que l&rsquo;aper\u00e7u soit correct, il faut \u00e9videmment que toutes les informations aient \u00e9t\u00e9 correctement trait\u00e9es dans Accountable.\u00a0<\/span><\/p>\n<p><strong>Revenus\u202f: factures de vente\u00a0\u00a0<\/strong><\/p>\n<p><span data-contrast=\"auto\">Les factures de vente constituent la base de vos revenus. Vous pouvez les cr\u00e9er directement dans Accountable et les envoyer ensuite \u00e0 vos clients. Vous avez d\u00e9j\u00e0 fait des factures\u2009? Vous pouvez les ajouter facilement dans Accountable, afin d\u2019avoir une vue d\u2019ensemble compl\u00e8te de votre revenu imposable. <\/span><span data-ccp-props=\"{&quot;201341983&quot;:0,&quot;335559739&quot;:160,&quot;335559740&quot;:259}\">\u00a0<\/span><\/p>\n<p><strong>D\u00e9penses\u202f: factures et tickets d\u2019achat\u00a0<\/strong><\/p>\n<p><span data-contrast=\"auto\">Chaque d\u00e9pense li\u00e9e \u00e0 votre activit\u00e9 d&rsquo;ind\u00e9pendant est d\u00e9duite de votre revenu imposable, ce qui se traduit donc en avantage fiscal pour vous. T\u00e9l\u00e9chargez toutes vos factures d\u2019achat dans Accountable et scannez les tickets directement via l\u2019app. Jetez un \u0153il \u00e0 notre <a href=\"http:\/\/fraispro.be\">liste de frais d\u00e9ductibles<\/a> pour n\u2019oublier aucune d\u00e9pense professionnelle. <\/span><span data-ccp-props=\"{&quot;201341983&quot;:0,&quot;335559739&quot;:160,&quot;335559740&quot;:259}\">\u00a0<\/span><\/p>\n<p><strong>Versements anticip\u00e9s \u00e0 l\u2019imp\u00f4t des personnes physiques\u00a0<\/strong><\/p>\n<p><span data-contrast=\"auto\">Vous effectuez des versements anticip\u00e9s de vos imp\u00f4ts ? N&rsquo;oubliez pas de les indiquer dans Accountable. Ces montants apparaissent alors aussi dans votre aper\u00e7u fiscal. <\/span><span data-ccp-props=\"{&quot;201341983&quot;:0,&quot;335559739&quot;:160,&quot;335559740&quot;:259}\">\u00a0<\/span><\/p>\n<h2><span data-contrast=\"none\">Salaire et revenus de votre activit\u00e9 compl\u00e9mentaire dans Tax-on-web<\/span><span data-ccp-props=\"{&quot;201341983&quot;:0,&quot;335559738&quot;:40,&quot;335559739&quot;:0,&quot;335559740&quot;:259}\">\u00a0<\/span><\/h2>\n<h3>Pour vos revenus principaux : cadre IV<\/h3>\n<p><span data-contrast=\"auto\">Vous allez rentrer votre d\u00e9claration d\u2019imp\u00f4t via <\/span><a href=\"https:\/\/www.accountable.eu\/fr-be\/blog\/comment-se-connecter-a-tax-on-web\/\"><span data-contrast=\"none\">Tax-on-web<\/span><\/a><span data-contrast=\"auto\"> (regardez ici notre guide complet). <\/span><span data-ccp-props=\"{&quot;201341983&quot;:0,&quot;335559739&quot;:160,&quot;335559740&quot;:259}\">\u00a0<\/span><\/p>\n<p><span data-contrast=\"auto\">Lorsque vous ouvrez votre d\u00e9claration, vous obtenez d\u2019abord un aper\u00e7u des donn\u00e9es pr\u00e9remplies. Il s\u2019agit de vos donn\u00e9es personnelles, mais aussi des revenus et d\u00e9penses d\u00e9j\u00e0 connus de Tax-on-web. <\/span><\/p>\n<p><span data-ccp-props=\"{&quot;201341983&quot;:0,&quot;335559739&quot;:160,&quot;335559740&quot;:259}\"> Le cadre IV de votre d\u00e9claration fiscale est la partie qui compte le plus grand nombre de codes. <strong>C\u2019est dans ce cadre que les salari\u00e9s et les fonctionnaires d\u00e9clarent l\u2019essentiel de leurs revenus. <\/strong><\/span><span data-contrast=\"auto\">Il est probable que le salaire de votre activit\u00e9 principale y soit d\u00e9j\u00e0 indiqu\u00e9. V\u00e9rifiez les montants \u00e0 l\u2019aide de votre fiche fiscale de salari\u00e9 et adaptez-les si n\u00e9cessaire. Les fiches fiscales ne doivent pas \u00eatre jointes \u00e0 la d\u00e9claration, mais vous devez les conserver. <\/span><span data-ccp-props=\"{&quot;201341983&quot;:0,&quot;335559739&quot;:160,&quot;335559740&quot;:259}\">\u00a0<\/span><\/p>\n<p><span data-contrast=\"auto\">Les montants ne sont pas encore compl\u00e9t\u00e9s ? Remplissez<\/span><span data-contrast=\"auto\">\u00a0alors manuellement dans le cadre IV les montants qui figurent sur votre fiche fiscale. <\/span><span data-ccp-props=\"{&quot;201341983&quot;:0,&quot;335559739&quot;:160,&quot;335559740&quot;:259}\">\u00a0<\/span><\/p>\n<h3>Revenus d&rsquo;ind\u00e9pendant<\/h3>\n<p><span data-contrast=\"auto\">Pour la d\u00e9claration de votre activit\u00e9 compl\u00e9mentaire, utilisez l\u2019aper\u00e7u fiscal d\u2019Accountable.\u00a0<\/span><span data-ccp-props=\"{&quot;201341983&quot;:0,&quot;335559739&quot;:160,&quot;335559740&quot;:259}\">\u00a0<\/span><\/p>\n<ul>\n<li><span data-contrast=\"auto\">Vous avez r\u00e9alis\u00e9 des<strong> versements anticip\u00e9s<\/strong> \u00e0 l\u2019imp\u00f4t des personnes physiques au cours de l\u2019ann\u00e9e \u00e9coul\u00e9e\u2009? Mentionnez-les au \u00ab\u202f<strong>CADRE\u202fXII<\/strong> &#8211; Versements anticip\u00e9s pour l\u2019ann\u00e9e d\u2019imposition\u202f202x\u202f\u00bb.<\/span><\/li>\n<li>Dans le <strong>Cadre\u202fXIV<\/strong>, notez le <strong>num\u00e9ro d\u2019entreprise ou de TVA<\/strong> de votre entreprise.<\/li>\n<li>Pour les revenus, allez au <b style=\"font-size: revert;color: initial\"><span data-contrast=\"auto\">Cadre\u202fXVII<\/span><\/b><span style=\"font-size: revert;color: initial\" data-contrast=\"auto\"> si vous \u00eates commer\u00e7ant ou au <\/span><b style=\"font-size: revert;color: initial\"><span data-contrast=\"auto\">Cadre\u202fXVIII<\/span><\/b><span style=\"font-size: revert;color: initial\" data-contrast=\"auto\"> si vous exercez une profession lib\u00e9rale.<\/span><\/li>\n<\/ul>\n<p><span data-contrast=\"auto\">Copiez les montants de l\u2019aper\u00e7u d\u2019Accountable dans Tax-on-web. Ensuite,<\/span><span data-contrast=\"auto\"> rev\u00e9rifiez tous les cadres. Vous avez peut-\u00eatre effectu\u00e9 <a href=\"https:\/\/www.fraispro.be\/\">d\u2019autres d\u00e9penses qui donnent droit \u00e0 une r\u00e9duction d\u2019imp\u00f4t<\/a>\u2009?<\/span><span data-ccp-props=\"{&quot;201341983&quot;:0,&quot;335559739&quot;:160,&quot;335559740&quot;:259}\">\u00a0<\/span><\/p>\n<p><span data-contrast=\"auto\">Consultez les autres articles du blog consacr\u00e9s aux diff\u00e9rentes cat\u00e9gories de la d\u00e9claration fiscale\u202f:<\/span><span data-ccp-props=\"{&quot;201341983&quot;:0,&quot;335559739&quot;:160,&quot;335559740&quot;:259}\">\u00a0<\/span><\/p>\n<ol>\n<li data-leveltext=\"%1.\" data-font=\"Times New Roman\" data-listid=\"1\" data-list-defn-props=\"{&quot;335552541&quot;:0,&quot;335559684&quot;:-1,&quot;335559685&quot;:720,&quot;335559991&quot;:360,&quot;469769242&quot;:[65533,0],&quot;469777803&quot;:&quot;left&quot;,&quot;469777804&quot;:&quot;%1.&quot;,&quot;469777815&quot;:&quot;hybridMultilevel&quot;}\" data-aria-posinset=\"1\" data-aria-level=\"1\"><a href=\"https:\/\/www.accountable.eu\/fr-be\/blog\/frais-garde-enfant-declaration-fiscale\/\"><span data-contrast=\"none\">Garde d\u2019enfants et d\u00e9claration fiscale<\/span><span data-ccp-props=\"{&quot;201341983&quot;:0,&quot;335559739&quot;:160,&quot;335559740&quot;:259}\">\u00a0<\/span><\/a><\/li>\n<li data-leveltext=\"%1.\" data-font=\"Times New Roman\" data-listid=\"1\" data-list-defn-props=\"{&quot;335552541&quot;:0,&quot;335559684&quot;:-1,&quot;335559685&quot;:720,&quot;335559991&quot;:360,&quot;469769242&quot;:[65533,0],&quot;469777803&quot;:&quot;left&quot;,&quot;469777804&quot;:&quot;%1.&quot;,&quot;469777815&quot;:&quot;hybridMultilevel&quot;}\" data-aria-posinset=\"1\" data-aria-level=\"1\"><a href=\"https:\/\/www.accountable.eu\/fr-be\/blog\/titres-services-declaration-fiscale\/\"><span data-contrast=\"none\">Titres-services et d\u00e9claration fiscale<\/span><\/a><\/li>\n<li data-leveltext=\"%1.\" data-font=\"Times New Roman\" data-listid=\"1\" data-list-defn-props=\"{&quot;335552541&quot;:0,&quot;335559684&quot;:-1,&quot;335559685&quot;:720,&quot;335559991&quot;:360,&quot;469769242&quot;:[65533,0],&quot;469777803&quot;:&quot;left&quot;,&quot;469777804&quot;:&quot;%1.&quot;,&quot;469777815&quot;:&quot;hybridMultilevel&quot;}\" data-aria-posinset=\"1\" data-aria-level=\"1\"><a href=\"https:\/\/www.accountable.eu\/fr-be\/blog\/dons-declaration-fiscale\/\"><span data-contrast=\"none\">Dons et d\u00e9claration fiscale<\/span><span data-ccp-props=\"{&quot;201341983&quot;:0,&quot;335559739&quot;:160,&quot;335559740&quot;:259}\">\u00a0<\/span><\/a><\/li>\n<\/ol>\n<p><b><span data-contrast=\"auto\">Saviez-vous qu\u2019Accountable aide les entrepreneurs et les entreprises \u00e0 remplir leurs obligations en mati\u00e8re de comptabilit\u00e9, de fiscalit\u00e9 et de TVA\u2009? Vous g\u00e9rez ainsi vous-m\u00eame toute votre administration, sans avoir recours \u00e0 un comptable. <\/span><\/b><span data-ccp-props=\"{&quot;201341983&quot;:0,&quot;335559739&quot;:160,&quot;335559740&quot;:259}\">\u00a0<\/span><\/p>\n<p><b><span data-contrast=\"auto\">Rendez-vous sur notre <\/span><\/b><a href=\"https:\/\/www.accountable.eu\/fr-be\/\"><b><span data-contrast=\"none\">site Internet<\/span><\/b><\/a><b><span data-contrast=\"auto\"> ou <\/span><\/b><a href=\"https:\/\/www.accountable.eu\/fr-be\/download\"><b><span data-contrast=\"none\">t\u00e9l\u00e9chargez notre app<\/span><\/b><\/a><b><span data-contrast=\"auto\">.<\/span><\/b><span data-ccp-props=\"{&quot;201341983&quot;:0,&quot;335559739&quot;:160,&quot;335559740&quot;:259}\">\u00a0<\/span><\/p>\n","protected":false},"excerpt":{"rendered":"<p>Trop complexe, la d\u00e9claration fiscale\u2009? Mais non, avec un minimum d&rsquo;attention et nos conseils, vous pouvez m\u00eame la remplir vous-m\u00eame. Vous \u00eates ind\u00e9pendant compl\u00e9mentaire\u2009? Dans ce cas, vous d\u00e9clarez le salaire de votre activit\u00e9 principale ET les revenus de votre activit\u00e9 compl\u00e9mentaire. \u00a0 Lisez ci-dessous ce qu\u2019il faut faire et comment. \u00a0 Quels revenus d\u00e9clarer [&hellip;]<\/p>\n","protected":false},"author":11,"featured_media":4242,"comment_status":"open","ping_status":"open","sticky":false,"template":"","format":"standard","meta":{"inline_featured_image":false,"footnotes":""},"categories":[294,240],"tags":[298,310,312],"class_list":["post-13038","post","type-post","status-publish","format-standard","has-post-thumbnail","hentry","category-maitriser-vos-impots","category-uncategorized-fr-be","tag-activite-complementaire","tag-impots","tag-independant"],"acf":[],"yoast_head":"<!-- This site is optimized with the Yoast SEO plugin v27.4 - https:\/\/yoast.com\/product\/yoast-seo-wordpress\/ -->\n<title>Ind\u00e9pendant compl\u00e9mentaire : comment remplir sa d\u00e9claration fiscale ? - Accountable<\/title>\n<meta name=\"description\" content=\"Vous \u00eates ind\u00e9pendant compl\u00e9mentaire et vous voulez un guide clair pour remplir votre d\u00e9claration fiscale sans comptable ? Par ici !\" \/>\n<meta name=\"robots\" content=\"index, follow, max-snippet:-1, max-image-preview:large, max-video-preview:-1\" \/>\n<link rel=\"canonical\" href=\"https:\/\/www.accountable.eu\/fr-be\/blog\/independant-complementaire-declaration-fiscale\/\" \/>\n<meta property=\"og:locale\" content=\"fr_FR\" \/>\n<meta property=\"og:type\" content=\"article\" \/>\n<meta property=\"og:title\" content=\"Ind\u00e9pendant compl\u00e9mentaire : comment remplir sa d\u00e9claration fiscale ? - Accountable\" \/>\n<meta property=\"og:description\" content=\"Vous \u00eates ind\u00e9pendant compl\u00e9mentaire et vous voulez un guide clair pour remplir votre d\u00e9claration fiscale sans comptable ? Par ici !\" \/>\n<meta property=\"og:url\" content=\"https:\/\/www.accountable.eu\/fr-be\/blog\/independant-complementaire-declaration-fiscale\/\" \/>\n<meta property=\"og:site_name\" content=\"Accountable\" \/>\n<meta property=\"article:published_time\" content=\"2022-06-15T09:37:18+00:00\" \/>\n<meta property=\"article:modified_time\" content=\"2024-07-11T08:56:05+00:00\" \/>\n<meta property=\"og:image\" content=\"https:\/\/www.accountable.eu\/wp-content\/uploads\/2022\/05\/Export-me-pleeeeaaase.png\" \/>\n\t<meta property=\"og:image:width\" content=\"686\" \/>\n\t<meta property=\"og:image:height\" content=\"400\" \/>\n\t<meta property=\"og:image:type\" content=\"image\/png\" \/>\n<meta name=\"author\" content=\"Isabel Senden\" \/>\n<meta name=\"twitter:card\" content=\"summary_large_image\" \/>\n<meta name=\"twitter:label1\" content=\"\u00c9crit par\" \/>\n\t<meta name=\"twitter:data1\" content=\"Isabel Senden\" \/>\n\t<meta name=\"twitter:label2\" content=\"Dur\u00e9e de lecture est.\" \/>\n\t<meta name=\"twitter:data2\" content=\"4 minutes\" \/>\n<script type=\"application\/ld+json\" class=\"yoast-schema-graph\">{\"@context\":\"https:\\\/\\\/schema.org\",\"@graph\":[{\"@type\":\"Article\",\"@id\":\"https:\\\/\\\/www.accountable.eu\\\/fr-be\\\/blog\\\/independant-complementaire-declaration-fiscale\\\/#article\",\"isPartOf\":{\"@id\":\"https:\\\/\\\/www.accountable.eu\\\/fr-be\\\/blog\\\/independant-complementaire-declaration-fiscale\\\/\"},\"author\":{\"name\":\"Isabel Senden\",\"@id\":\"https:\\\/\\\/www.accountable.eu\\\/fr-be\\\/#\\\/schema\\\/person\\\/de2a66f2f69b8ede00c1247f105e6137\"},\"headline\":\"Ind\u00e9pendant compl\u00e9mentaire\u202f: voici comment compl\u00e9ter votre d\u00e9claration fiscale\u00a0\",\"datePublished\":\"2022-06-15T09:37:18+00:00\",\"dateModified\":\"2024-07-11T08:56:05+00:00\",\"mainEntityOfPage\":{\"@id\":\"https:\\\/\\\/www.accountable.eu\\\/fr-be\\\/blog\\\/independant-complementaire-declaration-fiscale\\\/\"},\"wordCount\":884,\"commentCount\":0,\"publisher\":{\"@id\":\"https:\\\/\\\/www.accountable.eu\\\/fr-be\\\/#organization\"},\"image\":{\"@id\":\"https:\\\/\\\/www.accountable.eu\\\/fr-be\\\/blog\\\/independant-complementaire-declaration-fiscale\\\/#primaryimage\"},\"thumbnailUrl\":\"https:\\\/\\\/www.accountable.eu\\\/wp-content\\\/uploads\\\/2022\\\/05\\\/Export-me-pleeeeaaase.png\",\"keywords\":[\"Activit\u00e9 compl\u00e9mentaire\",\"Imp\u00f4ts\",\"Ind\u00e9pendant \u00e0 titre principal\"],\"articleSection\":[\"Prenez le contr\u00f4le de vos imp\u00f4ts\",\"Uncategorized @fr-be\"],\"inLanguage\":\"fr-BE\",\"potentialAction\":[{\"@type\":\"CommentAction\",\"name\":\"Comment\",\"target\":[\"https:\\\/\\\/www.accountable.eu\\\/fr-be\\\/blog\\\/independant-complementaire-declaration-fiscale\\\/#respond\"]}]},{\"@type\":\"WebPage\",\"@id\":\"https:\\\/\\\/www.accountable.eu\\\/fr-be\\\/blog\\\/independant-complementaire-declaration-fiscale\\\/\",\"url\":\"https:\\\/\\\/www.accountable.eu\\\/fr-be\\\/blog\\\/independant-complementaire-declaration-fiscale\\\/\",\"name\":\"Ind\u00e9pendant compl\u00e9mentaire : comment remplir sa d\u00e9claration fiscale ? - Accountable\",\"isPartOf\":{\"@id\":\"https:\\\/\\\/www.accountable.eu\\\/fr-be\\\/#website\"},\"primaryImageOfPage\":{\"@id\":\"https:\\\/\\\/www.accountable.eu\\\/fr-be\\\/blog\\\/independant-complementaire-declaration-fiscale\\\/#primaryimage\"},\"image\":{\"@id\":\"https:\\\/\\\/www.accountable.eu\\\/fr-be\\\/blog\\\/independant-complementaire-declaration-fiscale\\\/#primaryimage\"},\"thumbnailUrl\":\"https:\\\/\\\/www.accountable.eu\\\/wp-content\\\/uploads\\\/2022\\\/05\\\/Export-me-pleeeeaaase.png\",\"datePublished\":\"2022-06-15T09:37:18+00:00\",\"dateModified\":\"2024-07-11T08:56:05+00:00\",\"description\":\"Vous \u00eates ind\u00e9pendant compl\u00e9mentaire et vous voulez un guide clair pour remplir votre d\u00e9claration fiscale sans comptable ? Par ici !\",\"breadcrumb\":{\"@id\":\"https:\\\/\\\/www.accountable.eu\\\/fr-be\\\/blog\\\/independant-complementaire-declaration-fiscale\\\/#breadcrumb\"},\"inLanguage\":\"fr-BE\",\"potentialAction\":[{\"@type\":\"ReadAction\",\"target\":[\"https:\\\/\\\/www.accountable.eu\\\/fr-be\\\/blog\\\/independant-complementaire-declaration-fiscale\\\/\"]}]},{\"@type\":\"ImageObject\",\"inLanguage\":\"fr-BE\",\"@id\":\"https:\\\/\\\/www.accountable.eu\\\/fr-be\\\/blog\\\/independant-complementaire-declaration-fiscale\\\/#primaryimage\",\"url\":\"https:\\\/\\\/www.accountable.eu\\\/wp-content\\\/uploads\\\/2022\\\/05\\\/Export-me-pleeeeaaase.png\",\"contentUrl\":\"https:\\\/\\\/www.accountable.eu\\\/wp-content\\\/uploads\\\/2022\\\/05\\\/Export-me-pleeeeaaase.png\",\"width\":686,\"height\":400},{\"@type\":\"BreadcrumbList\",\"@id\":\"https:\\\/\\\/www.accountable.eu\\\/fr-be\\\/blog\\\/independant-complementaire-declaration-fiscale\\\/#breadcrumb\",\"itemListElement\":[{\"@type\":\"ListItem\",\"position\":1,\"name\":\"Home\",\"item\":\"https:\\\/\\\/www.accountable.eu\\\/fr-be\\\/\"},{\"@type\":\"ListItem\",\"position\":2,\"name\":\"Ind\u00e9pendant compl\u00e9mentaire\u202f: voici comment compl\u00e9ter votre d\u00e9claration fiscale\u00a0\"}]},{\"@type\":\"WebSite\",\"@id\":\"https:\\\/\\\/www.accountable.eu\\\/fr-be\\\/#website\",\"url\":\"https:\\\/\\\/www.accountable.eu\\\/fr-be\\\/\",\"name\":\"Accountable\",\"description\":\"Your accountant and tax advisor on your smartphone\",\"publisher\":{\"@id\":\"https:\\\/\\\/www.accountable.eu\\\/fr-be\\\/#organization\"},\"potentialAction\":[{\"@type\":\"SearchAction\",\"target\":{\"@type\":\"EntryPoint\",\"urlTemplate\":\"https:\\\/\\\/www.accountable.eu\\\/fr-be\\\/?s={search_term_string}\"},\"query-input\":{\"@type\":\"PropertyValueSpecification\",\"valueRequired\":true,\"valueName\":\"search_term_string\"}}],\"inLanguage\":\"fr-BE\"},{\"@type\":\"Organization\",\"@id\":\"https:\\\/\\\/www.accountable.eu\\\/fr-be\\\/#organization\",\"name\":\"Accountable\",\"url\":\"https:\\\/\\\/www.accountable.eu\\\/fr-be\\\/\",\"logo\":{\"@type\":\"ImageObject\",\"inLanguage\":\"fr-BE\",\"@id\":\"https:\\\/\\\/www.accountable.eu\\\/fr-be\\\/#\\\/schema\\\/logo\\\/image\\\/\",\"url\":\"https:\\\/\\\/www.accountable.eu\\\/wp-content\\\/uploads\\\/2026\\\/04\\\/logo-512.png\",\"contentUrl\":\"https:\\\/\\\/www.accountable.eu\\\/wp-content\\\/uploads\\\/2026\\\/04\\\/logo-512.png\",\"width\":512,\"height\":512,\"caption\":\"Accountable\"},\"image\":{\"@id\":\"https:\\\/\\\/www.accountable.eu\\\/fr-be\\\/#\\\/schema\\\/logo\\\/image\\\/\"}},{\"@type\":\"Person\",\"@id\":\"https:\\\/\\\/www.accountable.eu\\\/fr-be\\\/#\\\/schema\\\/person\\\/de2a66f2f69b8ede00c1247f105e6137\",\"name\":\"Isabel Senden\",\"image\":{\"@type\":\"ImageObject\",\"inLanguage\":\"fr-BE\",\"@id\":\"https:\\\/\\\/secure.gravatar.com\\\/avatar\\\/7f67e7d6d9abcd35af99e6a1b0aee8905804adfbca8ba4a95810051d1d6f9425?s=96&d=mm&r=g\",\"url\":\"https:\\\/\\\/secure.gravatar.com\\\/avatar\\\/7f67e7d6d9abcd35af99e6a1b0aee8905804adfbca8ba4a95810051d1d6f9425?s=96&d=mm&r=g\",\"contentUrl\":\"https:\\\/\\\/secure.gravatar.com\\\/avatar\\\/7f67e7d6d9abcd35af99e6a1b0aee8905804adfbca8ba4a95810051d1d6f9425?s=96&d=mm&r=g\",\"caption\":\"Isabel Senden\"}}]}<\/script>\n<!-- \/ Yoast SEO plugin. -->","yoast_head_json":{"title":"Ind\u00e9pendant compl\u00e9mentaire : comment remplir sa d\u00e9claration fiscale ? - Accountable","description":"Vous \u00eates ind\u00e9pendant compl\u00e9mentaire et vous voulez un guide clair pour remplir votre d\u00e9claration fiscale sans comptable ? Par ici !","robots":{"index":"index","follow":"follow","max-snippet":"max-snippet:-1","max-image-preview":"max-image-preview:large","max-video-preview":"max-video-preview:-1"},"canonical":"https:\/\/www.accountable.eu\/fr-be\/blog\/independant-complementaire-declaration-fiscale\/","og_locale":"fr_FR","og_type":"article","og_title":"Ind\u00e9pendant compl\u00e9mentaire : comment remplir sa d\u00e9claration fiscale ? - Accountable","og_description":"Vous \u00eates ind\u00e9pendant compl\u00e9mentaire et vous voulez un guide clair pour remplir votre d\u00e9claration fiscale sans comptable ? Par ici !","og_url":"https:\/\/www.accountable.eu\/fr-be\/blog\/independant-complementaire-declaration-fiscale\/","og_site_name":"Accountable","article_published_time":"2022-06-15T09:37:18+00:00","article_modified_time":"2024-07-11T08:56:05+00:00","og_image":[{"width":686,"height":400,"url":"https:\/\/www.accountable.eu\/wp-content\/uploads\/2022\/05\/Export-me-pleeeeaaase.png","type":"image\/png"}],"author":"Isabel Senden","twitter_card":"summary_large_image","twitter_misc":{"\u00c9crit par":"Isabel Senden","Dur\u00e9e de lecture est.":"4 minutes"},"schema":{"@context":"https:\/\/schema.org","@graph":[{"@type":"Article","@id":"https:\/\/www.accountable.eu\/fr-be\/blog\/independant-complementaire-declaration-fiscale\/#article","isPartOf":{"@id":"https:\/\/www.accountable.eu\/fr-be\/blog\/independant-complementaire-declaration-fiscale\/"},"author":{"name":"Isabel Senden","@id":"https:\/\/www.accountable.eu\/fr-be\/#\/schema\/person\/de2a66f2f69b8ede00c1247f105e6137"},"headline":"Ind\u00e9pendant compl\u00e9mentaire\u202f: voici comment compl\u00e9ter votre d\u00e9claration fiscale\u00a0","datePublished":"2022-06-15T09:37:18+00:00","dateModified":"2024-07-11T08:56:05+00:00","mainEntityOfPage":{"@id":"https:\/\/www.accountable.eu\/fr-be\/blog\/independant-complementaire-declaration-fiscale\/"},"wordCount":884,"commentCount":0,"publisher":{"@id":"https:\/\/www.accountable.eu\/fr-be\/#organization"},"image":{"@id":"https:\/\/www.accountable.eu\/fr-be\/blog\/independant-complementaire-declaration-fiscale\/#primaryimage"},"thumbnailUrl":"https:\/\/www.accountable.eu\/wp-content\/uploads\/2022\/05\/Export-me-pleeeeaaase.png","keywords":["Activit\u00e9 compl\u00e9mentaire","Imp\u00f4ts","Ind\u00e9pendant \u00e0 titre principal"],"articleSection":["Prenez le contr\u00f4le de vos imp\u00f4ts","Uncategorized @fr-be"],"inLanguage":"fr-BE","potentialAction":[{"@type":"CommentAction","name":"Comment","target":["https:\/\/www.accountable.eu\/fr-be\/blog\/independant-complementaire-declaration-fiscale\/#respond"]}]},{"@type":"WebPage","@id":"https:\/\/www.accountable.eu\/fr-be\/blog\/independant-complementaire-declaration-fiscale\/","url":"https:\/\/www.accountable.eu\/fr-be\/blog\/independant-complementaire-declaration-fiscale\/","name":"Ind\u00e9pendant compl\u00e9mentaire : comment remplir sa d\u00e9claration fiscale ? - Accountable","isPartOf":{"@id":"https:\/\/www.accountable.eu\/fr-be\/#website"},"primaryImageOfPage":{"@id":"https:\/\/www.accountable.eu\/fr-be\/blog\/independant-complementaire-declaration-fiscale\/#primaryimage"},"image":{"@id":"https:\/\/www.accountable.eu\/fr-be\/blog\/independant-complementaire-declaration-fiscale\/#primaryimage"},"thumbnailUrl":"https:\/\/www.accountable.eu\/wp-content\/uploads\/2022\/05\/Export-me-pleeeeaaase.png","datePublished":"2022-06-15T09:37:18+00:00","dateModified":"2024-07-11T08:56:05+00:00","description":"Vous \u00eates ind\u00e9pendant compl\u00e9mentaire et vous voulez un guide clair pour remplir votre d\u00e9claration fiscale sans comptable ? Par ici !","breadcrumb":{"@id":"https:\/\/www.accountable.eu\/fr-be\/blog\/independant-complementaire-declaration-fiscale\/#breadcrumb"},"inLanguage":"fr-BE","potentialAction":[{"@type":"ReadAction","target":["https:\/\/www.accountable.eu\/fr-be\/blog\/independant-complementaire-declaration-fiscale\/"]}]},{"@type":"ImageObject","inLanguage":"fr-BE","@id":"https:\/\/www.accountable.eu\/fr-be\/blog\/independant-complementaire-declaration-fiscale\/#primaryimage","url":"https:\/\/www.accountable.eu\/wp-content\/uploads\/2022\/05\/Export-me-pleeeeaaase.png","contentUrl":"https:\/\/www.accountable.eu\/wp-content\/uploads\/2022\/05\/Export-me-pleeeeaaase.png","width":686,"height":400},{"@type":"BreadcrumbList","@id":"https:\/\/www.accountable.eu\/fr-be\/blog\/independant-complementaire-declaration-fiscale\/#breadcrumb","itemListElement":[{"@type":"ListItem","position":1,"name":"Home","item":"https:\/\/www.accountable.eu\/fr-be\/"},{"@type":"ListItem","position":2,"name":"Ind\u00e9pendant compl\u00e9mentaire\u202f: voici comment compl\u00e9ter votre d\u00e9claration fiscale\u00a0"}]},{"@type":"WebSite","@id":"https:\/\/www.accountable.eu\/fr-be\/#website","url":"https:\/\/www.accountable.eu\/fr-be\/","name":"Accountable","description":"Your accountant and tax advisor on your smartphone","publisher":{"@id":"https:\/\/www.accountable.eu\/fr-be\/#organization"},"potentialAction":[{"@type":"SearchAction","target":{"@type":"EntryPoint","urlTemplate":"https:\/\/www.accountable.eu\/fr-be\/?s={search_term_string}"},"query-input":{"@type":"PropertyValueSpecification","valueRequired":true,"valueName":"search_term_string"}}],"inLanguage":"fr-BE"},{"@type":"Organization","@id":"https:\/\/www.accountable.eu\/fr-be\/#organization","name":"Accountable","url":"https:\/\/www.accountable.eu\/fr-be\/","logo":{"@type":"ImageObject","inLanguage":"fr-BE","@id":"https:\/\/www.accountable.eu\/fr-be\/#\/schema\/logo\/image\/","url":"https:\/\/www.accountable.eu\/wp-content\/uploads\/2026\/04\/logo-512.png","contentUrl":"https:\/\/www.accountable.eu\/wp-content\/uploads\/2026\/04\/logo-512.png","width":512,"height":512,"caption":"Accountable"},"image":{"@id":"https:\/\/www.accountable.eu\/fr-be\/#\/schema\/logo\/image\/"}},{"@type":"Person","@id":"https:\/\/www.accountable.eu\/fr-be\/#\/schema\/person\/de2a66f2f69b8ede00c1247f105e6137","name":"Isabel Senden","image":{"@type":"ImageObject","inLanguage":"fr-BE","@id":"https:\/\/secure.gravatar.com\/avatar\/7f67e7d6d9abcd35af99e6a1b0aee8905804adfbca8ba4a95810051d1d6f9425?s=96&d=mm&r=g","url":"https:\/\/secure.gravatar.com\/avatar\/7f67e7d6d9abcd35af99e6a1b0aee8905804adfbca8ba4a95810051d1d6f9425?s=96&d=mm&r=g","contentUrl":"https:\/\/secure.gravatar.com\/avatar\/7f67e7d6d9abcd35af99e6a1b0aee8905804adfbca8ba4a95810051d1d6f9425?s=96&d=mm&r=g","caption":"Isabel Senden"}}]}},"_links":{"self":[{"href":"https:\/\/www.accountable.eu\/fr-be\/wp-json\/wp\/v2\/posts\/13038","targetHints":{"allow":["GET"]}}],"collection":[{"href":"https:\/\/www.accountable.eu\/fr-be\/wp-json\/wp\/v2\/posts"}],"about":[{"href":"https:\/\/www.accountable.eu\/fr-be\/wp-json\/wp\/v2\/types\/post"}],"author":[{"embeddable":true,"href":"https:\/\/www.accountable.eu\/fr-be\/wp-json\/wp\/v2\/users\/11"}],"replies":[{"embeddable":true,"href":"https:\/\/www.accountable.eu\/fr-be\/wp-json\/wp\/v2\/comments?post=13038"}],"version-history":[{"count":0,"href":"https:\/\/www.accountable.eu\/fr-be\/wp-json\/wp\/v2\/posts\/13038\/revisions"}],"wp:featuredmedia":[{"embeddable":true,"href":"https:\/\/www.accountable.eu\/fr-be\/wp-json\/wp\/v2\/media\/4242"}],"wp:attachment":[{"href":"https:\/\/www.accountable.eu\/fr-be\/wp-json\/wp\/v2\/media?parent=13038"}],"wp:term":[{"taxonomy":"category","embeddable":true,"href":"https:\/\/www.accountable.eu\/fr-be\/wp-json\/wp\/v2\/categories?post=13038"},{"taxonomy":"post_tag","embeddable":true,"href":"https:\/\/www.accountable.eu\/fr-be\/wp-json\/wp\/v2\/tags?post=13038"}],"curies":[{"name":"wp","href":"https:\/\/api.w.org\/{rel}","templated":true}]}}