{"id":13109,"date":"2022-05-11T15:56:49","date_gmt":"2022-05-11T13:56:49","guid":{"rendered":"https:\/\/prod-migration-second.local\/?p=13109"},"modified":"2024-10-29T10:10:59","modified_gmt":"2024-10-29T09:10:59","slug":"frais-professionnels-deductibles-independants","status":"publish","type":"post","link":"https:\/\/www.accountable.eu\/fr-be\/blog\/frais-professionnels-deductibles-independants\/","title":{"rendered":"Frais professionnels pour les ind\u00e9pendants \u202f: quels frais sont d\u00e9ductibles\u2009?"},"content":{"rendered":"\n<p><b><span data-contrast=\"none\">Conservez tous vos re\u00e7us\u2009! C\u2019est le premier conseil que re\u00e7oivent tous les ind\u00e9pendants. En effet, tout ind\u00e9pendant &#8211; \u00e0 titre principal ou compl\u00e9mentaire &#8211; peut d\u00e9duire des frais professionnels de son revenu imposable, ce qui r\u00e9duit le montant de ses imp\u00f4ts. Mais pouvez-vous d\u00e9duire tous les frais\u2009? Et comment prouver qu&rsquo;il s&rsquo;agit de frais professionnels\u2009? Nous faisons le point pour vous.<\/span><\/b><span data-ccp-props=\"{&quot;201341983&quot;:0,&quot;335559739&quot;:240,&quot;335559740&quot;:360}\">&nbsp;<\/span><\/p>\n\n\n\n<h2 class=\"wp-block-heading\"><b><span data-contrast=\"none\">Les frais professionnels, c\u2019est quoi\u2009?<\/span><\/b><\/h2>\n\n\n\n<p><span data-contrast=\"none\">Pour faire simple\u202f: <\/span><b><span data-contrast=\"none\">toutes les d\u00e9penses<\/span><\/b><span data-contrast=\"none\"> r\u00e9alis\u00e9es dans le cadre de votre activit\u00e9 ind\u00e9pendante sont des frais professionnels. Vous avez besoin d\u2019un bureau, de fournitures et d\u2019un ordinateur pour travailler, <a href=\"https:\/\/www.accountable.eu\/fr-be\/blog\/frais-travail-a-domicile\/\">ainsi que d\u2019\u00e9lectricit\u00e9 et de chauffage pour votre bureau.<\/a> Vous assistez \u00e0 des \u00e9v\u00e9nements de networking, suivez des formations et bien entendu, vous buvez et vous mangez. <\/span><\/p>\n\n\n\n<p><span data-contrast=\"none\">Toutefois, tout ne peut pas \u00eatre qualifi\u00e9 de frais professionnels. Votre achat doit satisfaire aux <\/span><b><span data-contrast=\"none\">conditions<\/span><\/b><span data-contrast=\"none\"> suivantes\u202f:&nbsp;<\/span><\/p>\n\n\n\n<ul class=\"wp-block-list\">\n<li><span data-contrast=\"none\">les d\u00e9penses sont <\/span><b><span data-contrast=\"none\">li\u00e9es \u00e0 votre travail<\/span><\/b><span data-contrast=\"none\"> et n\u00e9cessaires pour r\u00e9aliser du chiffre d\u2019affaires\u2009;&nbsp;<\/span><\/li>\n\n\n\n<li><span data-contrast=\"none\">vous d\u00e9clarez les frais <\/span><b><span data-contrast=\"none\">l\u2019ann\u00e9e o\u00f9<\/span><\/b><span data-contrast=\"none\"> vous les avez faits\u2009;<\/span><span data-ccp-props=\"{&quot;201341983&quot;:0,&quot;335559685&quot;:0,&quot;335559731&quot;:0,&quot;335559739&quot;:240,&quot;335559740&quot;:360}\">&nbsp;<\/span><\/li>\n\n\n\n<li><span data-contrast=\"none\">vous avez une <\/span><b><span data-contrast=\"none\">preuve<\/span><\/b><span data-contrast=\"none\"> (facture, ticket de caisse) de votre d\u00e9pense.<\/span><span data-ccp-props=\"{&quot;201341983&quot;:0,&quot;335559685&quot;:0,&quot;335559731&quot;:0,&quot;335559739&quot;:240,&quot;335559740&quot;:360}\">&nbsp;<\/span><\/li>\n<\/ul>\n\n\n\n<p>\ud83d\udca1<b>Astuce Accountable<span data-contrast=\"none\">\u202f: <\/span><\/b><span data-contrast=\"none\">vous pouvez d\u00e9clarer des frais professionnels effectu\u00e9s jusqu\u2019\u00e0 3 mois avant le d\u00e9but de votre activit\u00e9. Vous vous lancez bient\u00f4t en tant qu\u2019ind\u00e9pendant \u00e0 titre principal ou compl\u00e9mentaire\u2009? Conservez d\u00e9j\u00e0 toutes les preuves de vos achats et de vos investissements.&nbsp;<\/span><\/p>\n\n\n\n<h2 class=\"wp-block-heading\"><b><span data-contrast=\"none\">Comment d\u00e9duire les <\/span><\/b><b><span data-contrast=\"none\">frais professionnels<\/span><\/b><b><span data-contrast=\"none\"> des <\/span><\/b><b><span data-contrast=\"none\">imp\u00f4ts\u2009?<\/span><\/b><\/h2>\n\n\n\n<p><span data-contrast=\"none\">Si vous avez un statut de personne physique (entreprise individuelle), vous payez des imp\u00f4ts sur les revenus que vous gagnez par le biais de l\u2019imp\u00f4t sur le revenu des personnes physiques. Ce revenu, c\u2019est votre chiffre d\u2019affaires annuel d&rsquo;ind\u00e9pendant. De ce chiffre d&rsquo;affaire, vous d\u00e9duisez vos frais professionnels afin de r\u00e9duire vos revenus imposables et de payer moins d\u2019imp\u00f4ts. <\/span><\/p>\n\n\n\n<p><span data-contrast=\"none\">Donc, plus <\/span><b><span data-contrast=\"none\">les frais d\u00e9clar\u00e9s sont \u00e9lev\u00e9s, <\/span><\/b><b><span data-contrast=\"none\">moins<\/span><\/b> <b><span data-contrast=\"none\">vous devez payer d\u2019imp\u00f4ts<\/span><\/b><span data-contrast=\"none\">.<\/span><span data-ccp-props=\"{&quot;201341983&quot;:0,&quot;335559739&quot;:240,&quot;335559740&quot;:360}\">&nbsp;<\/span><\/p>\n\n\n\n<h2 class=\"wp-block-heading\"><b><span data-contrast=\"none\">Quels frais professionnels pouvez-vous d\u00e9clarer\u2009?<\/span><\/b><span data-ccp-props=\"{&quot;201341983&quot;:0,&quot;335559739&quot;:240,&quot;335559740&quot;:360}\">&nbsp;<\/span><\/h2>\n\n\n\n<p><span data-contrast=\"none\">Certains frais professionnels, comme les factures de votre comptable et les cotisations de s\u00e9curit\u00e9 sociale, peuvent \u00eatre <\/span><b><span data-contrast=\"none\">d\u00e9duits \u00e0 100\u202f%<\/span><\/b><span data-contrast=\"none\">. <\/span><\/p>\n\n\n\n<p><span data-contrast=\"none\">D\u2019autres frais professionnels et mixtes ne peuvent \u00eatre d\u00e9duits que partiellement. Quelques exemples de frais partiellement d\u00e9ductibles\u202f:&nbsp;&nbsp;<\/span><\/p>\n\n\n\n<ul class=\"wp-block-list\">\n<li><span data-contrast=\"none\">frais de restaurant,<\/span><span data-ccp-props=\"{&quot;201341983&quot;:0,&quot;335559739&quot;:240,&quot;335559740&quot;:360}\">&nbsp;<\/span><\/li>\n\n\n\n<li><span data-contrast=\"none\">cadeaux clients,&nbsp;<\/span><\/li>\n\n\n\n<li><span data-contrast=\"none\">gaz et \u00e9lectricit\u00e9<\/span><\/li>\n\n\n\n<li>frais de voiture<\/li>\n\n\n\n<li>internet et t\u00e9l\u00e9phonie<\/li>\n\n\n\n<li>&#8230;<\/li>\n<\/ul>\n\n\n\n<p>Et puis il y a des frais qu&rsquo;on ne peut jamais d\u00e9duire comme frais professionnels, comme l<span data-contrast=\"none\">es amendes de circulation ou les v\u00eatements du quotidie.&nbsp;<\/span><\/p>\n\n\n\n<p><span data-contrast=\"none\">\ud83d\udca1<strong>Astuce Accountable<\/strong>\u202f:  Accountable a d\u00e9velopp\u00e9 un outil pratique pour vous. <\/span><a href=\"https:\/\/www.fraispro.be\"><span data-contrast=\"none\">Vous pouvez y consulter le pourcentage que vous pouvez d\u00e9duire pour tous les types de d\u00e9penses professionnelles<\/span><\/a><span data-contrast=\"none\">. N\u2019h\u00e9sitez pas \u00e0 l\u2019essayer\u2009!&nbsp;<\/span><\/p>\n\n\n\n<h2 class=\"wp-block-heading\"><b><span data-contrast=\"none\">Quels frais pouvez-vous d\u00e9duire si vous <\/span><\/b><b><span data-contrast=\"none\">travaillez depuis votre domicile<\/span><\/b><b><span data-contrast=\"none\">\u2009?<\/span><\/b><span data-ccp-props=\"{&quot;201341983&quot;:0,&quot;335559739&quot;:240,&quot;335559740&quot;:360}\">&nbsp;<\/span><\/h2>\n\n\n\n<p><span data-contrast=\"none\">Vous \u00eates ind\u00e9pendant(e) en personne physique\u2009? Alors vous travaillez probablement (en partie) de votre domicile. Dans ce cas, vous pouvez d\u00e9duire les frais li\u00e9s \u00e0 ce <\/span><b><span data-contrast=\"none\">bureau \u00e0 domicile<\/span><\/b><span data-contrast=\"none\"> en tant que frais professionnels. Pensez aux co\u00fbts fixes pour l\u2019\u00e9lectricit\u00e9, le gaz et l\u2019eau, mais aussi au mat\u00e9riel de bureau et vos diff\u00e9rentes assurances.&nbsp;<\/span><\/p>\n\n\n\n<p><a href=\"https:\/\/www.accountable.eu\/fr-be\/blog\/frais-travail-a-domicile\/\"><span data-contrast=\"none\">En savoir plus sur les frais professionnels li\u00e9s au t\u00e9l\u00e9travail en tant qu&rsquo;ind\u00e9pendant.<\/span><\/a><\/p>\n\n\n\n<h2 class=\"wp-block-heading\"><b><span data-contrast=\"none\">Quelle est la diff\u00e9rence entre frais et <\/span><\/b><b><span data-contrast=\"none\">amortissements<\/span><\/b><b><span data-contrast=\"none\">\u2009?<\/span><\/b><span data-ccp-props=\"{&quot;201341983&quot;:0,&quot;335559739&quot;:240,&quot;335559740&quot;:360}\">&nbsp;<\/span><\/h2>\n\n\n\n<p><span data-contrast=\"none\">Vous pouvez d\u00e9duire le montant total d\u2019une d\u00e9pense professionnelle en une seule fois ou <\/span><b><span data-contrast=\"none\">r\u00e9partir <\/span><\/b><span data-contrast=\"none\">le co\u00fbt d\u2019achat <\/span><b><span data-contrast=\"none\">sur plusieurs ann\u00e9es<\/span><\/b><span data-contrast=\"none\">. Dans ce dernier cas, on parle d\u2019un amortissement. Le choix d\u2019amortir un investissement est r\u00e9glement\u00e9.<\/span><span data-ccp-props=\"{&quot;201341983&quot;:0,&quot;335559739&quot;:240,&quot;335559740&quot;:360}\">&nbsp;<\/span><\/p>\n\n\n\n<p><a href=\"https:\/\/www.accountable.eu\/fr-be\/blog\/amortir-des-couts-quand-et-comment\/\"><span data-contrast=\"none\">En savoir plus sur l\u2019amortissement des frais.<\/span><\/a><\/p>\n\n\n\n<h2 class=\"wp-block-heading\"><b><span data-contrast=\"none\">D\u00e9clarer les frais professionnels r\u00e9els ou forfaitaires\u2009?<\/span><\/b><\/h2>\n\n\n\n<p><span data-contrast=\"none\">Vous pouvez aussi d\u00e9clarer des frais professionnels forfaitaires au lieu de d\u00e9clarer &#8211; preuve \u00e0 l&rsquo;appui &#8211; vos frais r\u00e9els. Vous n\u2019aurez alors plus besoin de conserver tous les re\u00e7us et factures et vous vous \u00e9pargnerez beaucoup d\u2019administration. <\/span><b><span data-contrast=\"none\">Toutefois, le forfait est limit\u00e9<\/span><\/b><span data-contrast=\"none\">. Et en g\u00e9n\u00e9ral, vos frais en tant qu\u2019ind\u00e9pendant \u00e0 titre principal sont sup\u00e9rieurs au montant forfaitaire.&nbsp;<\/span><\/p>\n\n\n\n<p>\ud83d\udca1 <a href=\"https:\/\/www.accountable.eu\/fr-be\/?p=4161&amp;preview=true\"><span data-contrast=\"none\">En savoir plus sur les frais professionnels r\u00e9els et forfaitaires<\/span><\/a><\/p>\n\n\n\n<h2 class=\"wp-block-heading\"><b><span data-contrast=\"none\">Pouvez-vous toujours <\/span><\/b><b><span data-contrast=\"none\">d\u00e9duire la TVA<\/span><\/b><b><span data-contrast=\"none\">\u2009?<\/span><\/b><span data-ccp-props=\"{&quot;201341983&quot;:0,&quot;335559739&quot;:240,&quot;335559740&quot;:360}\">&nbsp;<\/span><\/h2>\n\n\n\n<p><span data-contrast=\"none\">La TVA que vous facturez \u00e0 vos clients et que vous reversez \u00e0 l\u2019administration de la TVA ne fait pas partie de vos frais professionnels. Tout comme la TVA que vous payez sur vos <\/span><b><span data-contrast=\"none\">achats<\/span><\/b><span data-contrast=\"none\">, d&rsquo;ailleurs.<\/span><\/p>\n\n\n\n<p><span data-contrast=\"none\">Cependant, le fait de facturer et de payer la TVA vous donne certains avantages. Vous pouvez r\u00e9cup\u00e9rer la TVA que vous payez sur un achat, ce qui r\u00e9duit le prix de cet ordinateur ou de ce smartphone. Lisez-en plus <a href=\"https:\/\/www.accountable.eu\/fr-be\/blog\/deduire-la-tva\/\">ici<\/a> sur la <\/span><a href=\"https:\/\/www.accountable.eu\/fr-be\/blog\/deduire-la-tva\/\"><b><span data-contrast=\"none\">d\u00e9ductibilit\u00e9 de la TVA<\/span><\/b><span data-contrast=\"none\">.&nbsp;<\/span><\/a><\/p>\n\n\n\n<h2 class=\"wp-block-heading\"><b><span data-contrast=\"none\">Vous ne vous y retrouvez pas\u2009?<\/span><\/b><\/h2>\n\n\n\n<p><span data-contrast=\"none\">Vous trouvez que la r\u00e9glementation autour des frais professionnels est compliqu\u00e9e\u2009? Accountable automatise votre comptabilit\u00e9 et la gestion de vos d\u00e9penses. Si vous avez une question sp\u00e9cifique, <\/span><a href=\"https:\/\/www.accountable.eu\/fr-be\/expert-comptable\/#:~:text=Accountable%2Dgebruikers%20kunnen%20hun%20documenten,geen%20documenten%20op%20te%20sturen\"><span data-contrast=\"none\">vous pouvez aussi vous adresser \u00e0 nos coachs fiscaux.<\/span><\/a><span data-ccp-props=\"{&quot;201341983&quot;:0,&quot;335559739&quot;:240,&quot;335559740&quot;:360}\">\u00a0<\/span><\/p>\n\n\n\n<p><a href=\"https:\/\/www.accountable.eu\/fr-be\/download\/\"><b><span data-contrast=\"none\">Essayez Accountable gratuitement pendant 14 jours.<\/span><\/b><span data-ccp-props=\"{&quot;134233117&quot;:true,&quot;134233118&quot;:true,&quot;201341983&quot;:0,&quot;335559739&quot;:240,&quot;335559740&quot;:360}\">&nbsp;<\/span><\/a><\/p>\n","protected":false},"excerpt":{"rendered":"<p>Conservez tous vos re\u00e7us\u2009! C\u2019est le premier conseil que re\u00e7oivent tous les ind\u00e9pendants. En effet, tout ind\u00e9pendant &#8211; \u00e0 titre principal ou compl\u00e9mentaire &#8211; peut d\u00e9duire des frais professionnels de son revenu imposable, ce qui r\u00e9duit le montant de ses imp\u00f4ts. Mais pouvez-vous d\u00e9duire tous les frais\u2009? Et comment prouver qu&rsquo;il s&rsquo;agit de frais professionnels\u2009? [&hellip;]<\/p>\n","protected":false},"author":11,"featured_media":4060,"comment_status":"open","ping_status":"open","sticky":false,"template":"","format":"standard","meta":{"inline_featured_image":false,"footnotes":""},"categories":[287,293,240],"tags":[307],"class_list":["post-13109","post","type-post","status-publish","format-standard","has-post-thumbnail","hentry","category-deduire-vos-frais-professionnels","category-optimisation-fiscale","category-uncategorized-fr-be","tag-frais-professionnels"],"acf":[],"yoast_head":"<!-- This site is optimized with the Yoast SEO plugin v27.4 - https:\/\/yoast.com\/product\/yoast-seo-wordpress\/ -->\n<title>Frais professionnels pour les ind\u00e9pendants \u202f: quels frais sont d\u00e9ductibles\u2009? - Accountable<\/title>\n<meta name=\"description\" content=\"Quels frais professionnels pouvez-vous d\u00e9clarer et qu\u2019en est-il de la TVA\u2009? Nous vous expliquons tout sur la d\u00e9ductibilit\u00e9 fiscale.\" \/>\n<meta name=\"robots\" content=\"index, follow, max-snippet:-1, max-image-preview:large, max-video-preview:-1\" \/>\n<link rel=\"canonical\" href=\"https:\/\/www.accountable.eu\/fr-be\/blog\/frais-professionnels-deductibles-independants\/\" \/>\n<meta property=\"og:locale\" content=\"fr_FR\" \/>\n<meta property=\"og:type\" content=\"article\" \/>\n<meta property=\"og:title\" content=\"Frais professionnels pour les ind\u00e9pendants \u202f: quels frais sont d\u00e9ductibles\u2009? - Accountable\" \/>\n<meta property=\"og:description\" content=\"Quels frais professionnels pouvez-vous d\u00e9clarer et qu\u2019en est-il de la TVA\u2009? Nous vous expliquons tout sur la d\u00e9ductibilit\u00e9 fiscale.\" \/>\n<meta property=\"og:url\" content=\"https:\/\/www.accountable.eu\/fr-be\/blog\/frais-professionnels-deductibles-independants\/\" \/>\n<meta property=\"og:site_name\" content=\"Accountable\" \/>\n<meta property=\"article:published_time\" content=\"2022-05-11T13:56:49+00:00\" \/>\n<meta property=\"article:modified_time\" content=\"2024-10-29T09:10:59+00:00\" \/>\n<meta property=\"og:image\" content=\"https:\/\/www.accountable.eu\/wp-content\/uploads\/2022\/04\/5.png\" \/>\n\t<meta property=\"og:image:width\" content=\"343\" \/>\n\t<meta property=\"og:image:height\" content=\"200\" \/>\n\t<meta property=\"og:image:type\" content=\"image\/png\" \/>\n<meta name=\"author\" content=\"Isabel Senden\" \/>\n<meta name=\"twitter:card\" content=\"summary_large_image\" \/>\n<meta name=\"twitter:label1\" content=\"\u00c9crit par\" \/>\n\t<meta name=\"twitter:data1\" content=\"Isabel Senden\" \/>\n\t<meta name=\"twitter:label2\" content=\"Dur\u00e9e de lecture est.\" \/>\n\t<meta name=\"twitter:data2\" content=\"4 minutes\" \/>\n<script type=\"application\/ld+json\" class=\"yoast-schema-graph\">{\"@context\":\"https:\\\/\\\/schema.org\",\"@graph\":[{\"@type\":\"Article\",\"@id\":\"https:\\\/\\\/www.accountable.eu\\\/fr-be\\\/blog\\\/frais-professionnels-deductibles-independants\\\/#article\",\"isPartOf\":{\"@id\":\"https:\\\/\\\/www.accountable.eu\\\/fr-be\\\/blog\\\/frais-professionnels-deductibles-independants\\\/\"},\"author\":{\"name\":\"Isabel Senden\",\"@id\":\"https:\\\/\\\/www.accountable.eu\\\/fr-be\\\/#\\\/schema\\\/person\\\/de2a66f2f69b8ede00c1247f105e6137\"},\"headline\":\"Frais professionnels pour les ind\u00e9pendants \u202f: quels frais sont d\u00e9ductibles\u2009?\",\"datePublished\":\"2022-05-11T13:56:49+00:00\",\"dateModified\":\"2024-10-29T09:10:59+00:00\",\"mainEntityOfPage\":{\"@id\":\"https:\\\/\\\/www.accountable.eu\\\/fr-be\\\/blog\\\/frais-professionnels-deductibles-independants\\\/\"},\"wordCount\":890,\"commentCount\":0,\"publisher\":{\"@id\":\"https:\\\/\\\/www.accountable.eu\\\/fr-be\\\/#organization\"},\"image\":{\"@id\":\"https:\\\/\\\/www.accountable.eu\\\/fr-be\\\/blog\\\/frais-professionnels-deductibles-independants\\\/#primaryimage\"},\"thumbnailUrl\":\"https:\\\/\\\/www.accountable.eu\\\/wp-content\\\/uploads\\\/2022\\\/04\\\/5.png\",\"keywords\":[\"Frais pro\"],\"articleSection\":[\"Frais professionnels\",\"Optimisation fiscale\",\"Uncategorized @fr-be\"],\"inLanguage\":\"fr-BE\",\"potentialAction\":[{\"@type\":\"CommentAction\",\"name\":\"Comment\",\"target\":[\"https:\\\/\\\/www.accountable.eu\\\/fr-be\\\/blog\\\/frais-professionnels-deductibles-independants\\\/#respond\"]}]},{\"@type\":\"WebPage\",\"@id\":\"https:\\\/\\\/www.accountable.eu\\\/fr-be\\\/blog\\\/frais-professionnels-deductibles-independants\\\/\",\"url\":\"https:\\\/\\\/www.accountable.eu\\\/fr-be\\\/blog\\\/frais-professionnels-deductibles-independants\\\/\",\"name\":\"Frais professionnels pour les ind\u00e9pendants \u202f: quels frais sont d\u00e9ductibles\u2009? - Accountable\",\"isPartOf\":{\"@id\":\"https:\\\/\\\/www.accountable.eu\\\/fr-be\\\/#website\"},\"primaryImageOfPage\":{\"@id\":\"https:\\\/\\\/www.accountable.eu\\\/fr-be\\\/blog\\\/frais-professionnels-deductibles-independants\\\/#primaryimage\"},\"image\":{\"@id\":\"https:\\\/\\\/www.accountable.eu\\\/fr-be\\\/blog\\\/frais-professionnels-deductibles-independants\\\/#primaryimage\"},\"thumbnailUrl\":\"https:\\\/\\\/www.accountable.eu\\\/wp-content\\\/uploads\\\/2022\\\/04\\\/5.png\",\"datePublished\":\"2022-05-11T13:56:49+00:00\",\"dateModified\":\"2024-10-29T09:10:59+00:00\",\"description\":\"Quels frais professionnels pouvez-vous d\u00e9clarer et qu\u2019en est-il de la TVA\u2009? Nous vous expliquons tout sur la d\u00e9ductibilit\u00e9 fiscale.\",\"breadcrumb\":{\"@id\":\"https:\\\/\\\/www.accountable.eu\\\/fr-be\\\/blog\\\/frais-professionnels-deductibles-independants\\\/#breadcrumb\"},\"inLanguage\":\"fr-BE\",\"potentialAction\":[{\"@type\":\"ReadAction\",\"target\":[\"https:\\\/\\\/www.accountable.eu\\\/fr-be\\\/blog\\\/frais-professionnels-deductibles-independants\\\/\"]}]},{\"@type\":\"ImageObject\",\"inLanguage\":\"fr-BE\",\"@id\":\"https:\\\/\\\/www.accountable.eu\\\/fr-be\\\/blog\\\/frais-professionnels-deductibles-independants\\\/#primaryimage\",\"url\":\"https:\\\/\\\/www.accountable.eu\\\/wp-content\\\/uploads\\\/2022\\\/04\\\/5.png\",\"contentUrl\":\"https:\\\/\\\/www.accountable.eu\\\/wp-content\\\/uploads\\\/2022\\\/04\\\/5.png\",\"width\":343,\"height\":200},{\"@type\":\"BreadcrumbList\",\"@id\":\"https:\\\/\\\/www.accountable.eu\\\/fr-be\\\/blog\\\/frais-professionnels-deductibles-independants\\\/#breadcrumb\",\"itemListElement\":[{\"@type\":\"ListItem\",\"position\":1,\"name\":\"Home\",\"item\":\"https:\\\/\\\/www.accountable.eu\\\/fr-be\\\/\"},{\"@type\":\"ListItem\",\"position\":2,\"name\":\"Frais professionnels pour les ind\u00e9pendants \u202f: quels frais sont d\u00e9ductibles\u2009?\"}]},{\"@type\":\"WebSite\",\"@id\":\"https:\\\/\\\/www.accountable.eu\\\/fr-be\\\/#website\",\"url\":\"https:\\\/\\\/www.accountable.eu\\\/fr-be\\\/\",\"name\":\"Accountable\",\"description\":\"Your accountant and tax advisor on your smartphone\",\"publisher\":{\"@id\":\"https:\\\/\\\/www.accountable.eu\\\/fr-be\\\/#organization\"},\"potentialAction\":[{\"@type\":\"SearchAction\",\"target\":{\"@type\":\"EntryPoint\",\"urlTemplate\":\"https:\\\/\\\/www.accountable.eu\\\/fr-be\\\/?s={search_term_string}\"},\"query-input\":{\"@type\":\"PropertyValueSpecification\",\"valueRequired\":true,\"valueName\":\"search_term_string\"}}],\"inLanguage\":\"fr-BE\"},{\"@type\":\"Organization\",\"@id\":\"https:\\\/\\\/www.accountable.eu\\\/fr-be\\\/#organization\",\"name\":\"Accountable\",\"url\":\"https:\\\/\\\/www.accountable.eu\\\/fr-be\\\/\",\"logo\":{\"@type\":\"ImageObject\",\"inLanguage\":\"fr-BE\",\"@id\":\"https:\\\/\\\/www.accountable.eu\\\/fr-be\\\/#\\\/schema\\\/logo\\\/image\\\/\",\"url\":\"https:\\\/\\\/www.accountable.eu\\\/wp-content\\\/uploads\\\/2026\\\/04\\\/logo-512.png\",\"contentUrl\":\"https:\\\/\\\/www.accountable.eu\\\/wp-content\\\/uploads\\\/2026\\\/04\\\/logo-512.png\",\"width\":512,\"height\":512,\"caption\":\"Accountable\"},\"image\":{\"@id\":\"https:\\\/\\\/www.accountable.eu\\\/fr-be\\\/#\\\/schema\\\/logo\\\/image\\\/\"}},{\"@type\":\"Person\",\"@id\":\"https:\\\/\\\/www.accountable.eu\\\/fr-be\\\/#\\\/schema\\\/person\\\/de2a66f2f69b8ede00c1247f105e6137\",\"name\":\"Isabel Senden\",\"image\":{\"@type\":\"ImageObject\",\"inLanguage\":\"fr-BE\",\"@id\":\"https:\\\/\\\/secure.gravatar.com\\\/avatar\\\/7f67e7d6d9abcd35af99e6a1b0aee8905804adfbca8ba4a95810051d1d6f9425?s=96&d=mm&r=g\",\"url\":\"https:\\\/\\\/secure.gravatar.com\\\/avatar\\\/7f67e7d6d9abcd35af99e6a1b0aee8905804adfbca8ba4a95810051d1d6f9425?s=96&d=mm&r=g\",\"contentUrl\":\"https:\\\/\\\/secure.gravatar.com\\\/avatar\\\/7f67e7d6d9abcd35af99e6a1b0aee8905804adfbca8ba4a95810051d1d6f9425?s=96&d=mm&r=g\",\"caption\":\"Isabel Senden\"}}]}<\/script>\n<!-- \/ Yoast SEO plugin. -->","yoast_head_json":{"title":"Frais professionnels pour les ind\u00e9pendants \u202f: quels frais sont d\u00e9ductibles\u2009? - Accountable","description":"Quels frais professionnels pouvez-vous d\u00e9clarer et qu\u2019en est-il de la TVA\u2009? Nous vous expliquons tout sur la d\u00e9ductibilit\u00e9 fiscale.","robots":{"index":"index","follow":"follow","max-snippet":"max-snippet:-1","max-image-preview":"max-image-preview:large","max-video-preview":"max-video-preview:-1"},"canonical":"https:\/\/www.accountable.eu\/fr-be\/blog\/frais-professionnels-deductibles-independants\/","og_locale":"fr_FR","og_type":"article","og_title":"Frais professionnels pour les ind\u00e9pendants \u202f: quels frais sont d\u00e9ductibles\u2009? - Accountable","og_description":"Quels frais professionnels pouvez-vous d\u00e9clarer et qu\u2019en est-il de la TVA\u2009? Nous vous expliquons tout sur la d\u00e9ductibilit\u00e9 fiscale.","og_url":"https:\/\/www.accountable.eu\/fr-be\/blog\/frais-professionnels-deductibles-independants\/","og_site_name":"Accountable","article_published_time":"2022-05-11T13:56:49+00:00","article_modified_time":"2024-10-29T09:10:59+00:00","og_image":[{"width":343,"height":200,"url":"https:\/\/www.accountable.eu\/wp-content\/uploads\/2022\/04\/5.png","type":"image\/png"}],"author":"Isabel Senden","twitter_card":"summary_large_image","twitter_misc":{"\u00c9crit par":"Isabel Senden","Dur\u00e9e de lecture est.":"4 minutes"},"schema":{"@context":"https:\/\/schema.org","@graph":[{"@type":"Article","@id":"https:\/\/www.accountable.eu\/fr-be\/blog\/frais-professionnels-deductibles-independants\/#article","isPartOf":{"@id":"https:\/\/www.accountable.eu\/fr-be\/blog\/frais-professionnels-deductibles-independants\/"},"author":{"name":"Isabel Senden","@id":"https:\/\/www.accountable.eu\/fr-be\/#\/schema\/person\/de2a66f2f69b8ede00c1247f105e6137"},"headline":"Frais professionnels pour les ind\u00e9pendants \u202f: quels frais sont d\u00e9ductibles\u2009?","datePublished":"2022-05-11T13:56:49+00:00","dateModified":"2024-10-29T09:10:59+00:00","mainEntityOfPage":{"@id":"https:\/\/www.accountable.eu\/fr-be\/blog\/frais-professionnels-deductibles-independants\/"},"wordCount":890,"commentCount":0,"publisher":{"@id":"https:\/\/www.accountable.eu\/fr-be\/#organization"},"image":{"@id":"https:\/\/www.accountable.eu\/fr-be\/blog\/frais-professionnels-deductibles-independants\/#primaryimage"},"thumbnailUrl":"https:\/\/www.accountable.eu\/wp-content\/uploads\/2022\/04\/5.png","keywords":["Frais pro"],"articleSection":["Frais professionnels","Optimisation fiscale","Uncategorized @fr-be"],"inLanguage":"fr-BE","potentialAction":[{"@type":"CommentAction","name":"Comment","target":["https:\/\/www.accountable.eu\/fr-be\/blog\/frais-professionnels-deductibles-independants\/#respond"]}]},{"@type":"WebPage","@id":"https:\/\/www.accountable.eu\/fr-be\/blog\/frais-professionnels-deductibles-independants\/","url":"https:\/\/www.accountable.eu\/fr-be\/blog\/frais-professionnels-deductibles-independants\/","name":"Frais professionnels pour les ind\u00e9pendants \u202f: quels frais sont d\u00e9ductibles\u2009? - Accountable","isPartOf":{"@id":"https:\/\/www.accountable.eu\/fr-be\/#website"},"primaryImageOfPage":{"@id":"https:\/\/www.accountable.eu\/fr-be\/blog\/frais-professionnels-deductibles-independants\/#primaryimage"},"image":{"@id":"https:\/\/www.accountable.eu\/fr-be\/blog\/frais-professionnels-deductibles-independants\/#primaryimage"},"thumbnailUrl":"https:\/\/www.accountable.eu\/wp-content\/uploads\/2022\/04\/5.png","datePublished":"2022-05-11T13:56:49+00:00","dateModified":"2024-10-29T09:10:59+00:00","description":"Quels frais professionnels pouvez-vous d\u00e9clarer et qu\u2019en est-il de la TVA\u2009? Nous vous expliquons tout sur la d\u00e9ductibilit\u00e9 fiscale.","breadcrumb":{"@id":"https:\/\/www.accountable.eu\/fr-be\/blog\/frais-professionnels-deductibles-independants\/#breadcrumb"},"inLanguage":"fr-BE","potentialAction":[{"@type":"ReadAction","target":["https:\/\/www.accountable.eu\/fr-be\/blog\/frais-professionnels-deductibles-independants\/"]}]},{"@type":"ImageObject","inLanguage":"fr-BE","@id":"https:\/\/www.accountable.eu\/fr-be\/blog\/frais-professionnels-deductibles-independants\/#primaryimage","url":"https:\/\/www.accountable.eu\/wp-content\/uploads\/2022\/04\/5.png","contentUrl":"https:\/\/www.accountable.eu\/wp-content\/uploads\/2022\/04\/5.png","width":343,"height":200},{"@type":"BreadcrumbList","@id":"https:\/\/www.accountable.eu\/fr-be\/blog\/frais-professionnels-deductibles-independants\/#breadcrumb","itemListElement":[{"@type":"ListItem","position":1,"name":"Home","item":"https:\/\/www.accountable.eu\/fr-be\/"},{"@type":"ListItem","position":2,"name":"Frais professionnels pour les ind\u00e9pendants \u202f: quels frais sont d\u00e9ductibles\u2009?"}]},{"@type":"WebSite","@id":"https:\/\/www.accountable.eu\/fr-be\/#website","url":"https:\/\/www.accountable.eu\/fr-be\/","name":"Accountable","description":"Your accountant and tax advisor on your smartphone","publisher":{"@id":"https:\/\/www.accountable.eu\/fr-be\/#organization"},"potentialAction":[{"@type":"SearchAction","target":{"@type":"EntryPoint","urlTemplate":"https:\/\/www.accountable.eu\/fr-be\/?s={search_term_string}"},"query-input":{"@type":"PropertyValueSpecification","valueRequired":true,"valueName":"search_term_string"}}],"inLanguage":"fr-BE"},{"@type":"Organization","@id":"https:\/\/www.accountable.eu\/fr-be\/#organization","name":"Accountable","url":"https:\/\/www.accountable.eu\/fr-be\/","logo":{"@type":"ImageObject","inLanguage":"fr-BE","@id":"https:\/\/www.accountable.eu\/fr-be\/#\/schema\/logo\/image\/","url":"https:\/\/www.accountable.eu\/wp-content\/uploads\/2026\/04\/logo-512.png","contentUrl":"https:\/\/www.accountable.eu\/wp-content\/uploads\/2026\/04\/logo-512.png","width":512,"height":512,"caption":"Accountable"},"image":{"@id":"https:\/\/www.accountable.eu\/fr-be\/#\/schema\/logo\/image\/"}},{"@type":"Person","@id":"https:\/\/www.accountable.eu\/fr-be\/#\/schema\/person\/de2a66f2f69b8ede00c1247f105e6137","name":"Isabel Senden","image":{"@type":"ImageObject","inLanguage":"fr-BE","@id":"https:\/\/secure.gravatar.com\/avatar\/7f67e7d6d9abcd35af99e6a1b0aee8905804adfbca8ba4a95810051d1d6f9425?s=96&d=mm&r=g","url":"https:\/\/secure.gravatar.com\/avatar\/7f67e7d6d9abcd35af99e6a1b0aee8905804adfbca8ba4a95810051d1d6f9425?s=96&d=mm&r=g","contentUrl":"https:\/\/secure.gravatar.com\/avatar\/7f67e7d6d9abcd35af99e6a1b0aee8905804adfbca8ba4a95810051d1d6f9425?s=96&d=mm&r=g","caption":"Isabel Senden"}}]}},"_links":{"self":[{"href":"https:\/\/www.accountable.eu\/fr-be\/wp-json\/wp\/v2\/posts\/13109","targetHints":{"allow":["GET"]}}],"collection":[{"href":"https:\/\/www.accountable.eu\/fr-be\/wp-json\/wp\/v2\/posts"}],"about":[{"href":"https:\/\/www.accountable.eu\/fr-be\/wp-json\/wp\/v2\/types\/post"}],"author":[{"embeddable":true,"href":"https:\/\/www.accountable.eu\/fr-be\/wp-json\/wp\/v2\/users\/11"}],"replies":[{"embeddable":true,"href":"https:\/\/www.accountable.eu\/fr-be\/wp-json\/wp\/v2\/comments?post=13109"}],"version-history":[{"count":0,"href":"https:\/\/www.accountable.eu\/fr-be\/wp-json\/wp\/v2\/posts\/13109\/revisions"}],"wp:featuredmedia":[{"embeddable":true,"href":"https:\/\/www.accountable.eu\/fr-be\/wp-json\/wp\/v2\/media\/4060"}],"wp:attachment":[{"href":"https:\/\/www.accountable.eu\/fr-be\/wp-json\/wp\/v2\/media?parent=13109"}],"wp:term":[{"taxonomy":"category","embeddable":true,"href":"https:\/\/www.accountable.eu\/fr-be\/wp-json\/wp\/v2\/categories?post=13109"},{"taxonomy":"post_tag","embeddable":true,"href":"https:\/\/www.accountable.eu\/fr-be\/wp-json\/wp\/v2\/tags?post=13109"}],"curies":[{"name":"wp","href":"https:\/\/api.w.org\/{rel}","templated":true}]}}