{"id":13112,"date":"2022-05-11T15:56:46","date_gmt":"2022-05-11T13:56:46","guid":{"rendered":"https:\/\/prod-migration-second.local\/?p=13112"},"modified":"2025-02-13T11:00:15","modified_gmt":"2025-02-13T10:00:15","slug":"amortir-des-couts-quand-et-comment","status":"publish","type":"post","link":"https:\/\/www.accountable.eu\/fr-be\/blog\/amortir-des-couts-quand-et-comment\/","title":{"rendered":"Amortir des frais \u202f: quand est-ce possible et comment\u2009?"},"content":{"rendered":"\n<p><b><span data-contrast=\"auto\">En tant qu\u2019entrepreneur, vous d\u00e9duisez vos frais professionnels de votre chiffre d\u2019affaires. Et parfois, vous avez deux possibilit\u00e9s. Soit vous d\u00e9clarez la totalit\u00e9 du montant de votre investissement en une fois. Soit vous r\u00e9partissez les co\u00fbts sur plusieurs ann\u00e9es et d\u00e9duisez une partie du montant plusieurs ann\u00e9es de suite. Dans ce dernier cas, on parle d\u2019amortissements. Lisez ci-dessous comment fonctionne ce principe.<\/span><\/b><span data-ccp-props=\"{&quot;201341983&quot;:0,&quot;335559739&quot;:240,&quot;335559740&quot;:360}\">&nbsp;<\/span><\/p>\n\n\n\n<h2 class=\"wp-block-heading\"><b><span data-contrast=\"auto\">Quels frais peut-on amortir\u2009?<\/span><\/b><\/h2>\n\n\n\n<p><span data-contrast=\"auto\">Ce n&rsquo;est pas vous, mais la l\u00e9gislation fiscale qui choisit quels achats d\u00e9clarer en une fois et lesquels amortir. Du moins, dans une certaine mesure. Parce que les r\u00e8gles ne sont pas si claires que \u00e7a. En g\u00e9n\u00e9ral, amortissement rime avec <\/span><b><span data-contrast=\"auto\">investissement<\/span><\/b><span data-contrast=\"auto\">, ou pour le dire plus simplement\u202f: on va amortir un achat co\u00fbteux.&nbsp;<\/span><\/p>\n\n\n\n<figure class=\"wp-block-embed is-type-video is-provider-youtube wp-block-embed-youtube wp-embed-aspect-16-9 wp-has-aspect-ratio\"><div class=\"wp-block-embed__wrapper\">\n<iframe loading=\"lazy\" title=\"AMORTISSEMENTS | Comment amortir les investissements ?\" width=\"500\" height=\"281\" src=\"https:\/\/www.youtube.com\/embed\/xHYqIpJsA-M?feature=oembed&#038;enablejsapi=1&#038;origin=https:\/\/www.accountable.eu\" frameborder=\"0\" allow=\"accelerometer; autoplay; clipboard-write; encrypted-media; gyroscope; picture-in-picture; web-share\" referrerpolicy=\"strict-origin-when-cross-origin\" allowfullscreen><\/iframe>\n<\/div><\/figure>\n\n\n\n<h3 class=\"wp-block-heading\"><b><span data-contrast=\"auto\">Qu\u2019est-ce qu\u2019un investissement\u2009?<\/span><\/b><\/h3>\n\n\n\n<p><span data-contrast=\"auto\">Quand vous <\/span><b><span data-contrast=\"auto\">utilisez du mat\u00e9riel achet\u00e9 \u00e0 titre professionnel pendant plusieurs ann\u00e9es<\/span><\/b><span data-contrast=\"auto\">, il s&rsquo;agit d&rsquo;un investissement : un ordinateur, une chaise de bureau, une voiture de soci\u00e9t\u00e9&#8230;&nbsp;Les <\/span><b><span data-contrast=\"auto\">achats professionnels non tangibles<\/span><\/b><span data-contrast=\"auto\">, comme une licence ou un logiciel co\u00fbteux, sont \u00e9galement des investissements. <\/span><\/p>\n\n\n\n<p>M\u00eame si l<span data-contrast=\"auto\">a l\u00e9gislation ne d\u00e9finit pas clairement les investissements, voici quelques r\u00e8gles d\u2019amortissement :&nbsp;&nbsp;<\/span><\/p>\n\n\n\n<ul class=\"wp-block-list\">\n<li><span data-contrast=\"auto\">Le <\/span><b><span data-contrast=\"auto\">montant de l\u2019achat<\/span><\/b><span data-contrast=\"auto\"> est sup\u00e9rieur \u00e0 250\u202feuros (ex. TVA).\u00a0<\/span><\/li>\n\n\n\n<li><span data-contrast=\"auto\">Vous utilisez cet <\/span><b><span data-contrast=\"auto\">achat pendant plusieurs ann\u00e9es<\/span><\/b><span data-contrast=\"auto\"> pour votre activit\u00e9.\u00a0<\/span><\/li>\n<\/ul>\n\n\n\n<h2 class=\"wp-block-heading\"><b><span data-contrast=\"auto\">Comment calculer l\u2019amortissement<\/span><\/b><b><span data-contrast=\"auto\">\u2009?<\/span><\/b><\/h2>\n\n\n\n<p><a href=\"https:\/\/www.accountable.eu\/fr-be\/blog\/calcul-amortissement-belgique\/\"><span data-contrast=\"none\">Comment amortir un investissement\u2009?<\/span><\/a><span data-contrast=\"auto\"> Et sur combien d\u2019ann\u00e9es pouvez-vous \u00e9taler le co\u00fbt de votre achat\u2009? Ici aussi, la loi entretient le myst\u00e8re. La seule r\u00e8gle appliqu\u00e9e par le fisc est la suivante\u202f:&nbsp;<\/span><\/p>\n\n\n\n<p><b><i><span data-contrast=\"auto\">\u00ab\u2009La dur\u00e9e d\u2019amortissement doit correspondre \u00e0 la dur\u00e9e de vie r\u00e9elle de l\u2019achat.\u2009\u00bb<\/span><\/i><\/b><span data-ccp-props=\"{&quot;201341983&quot;:0,&quot;335559739&quot;:240,&quot;335559740&quot;:360}\">&nbsp;<\/span><\/p>\n\n\n\n<p><span data-contrast=\"auto\">Concr\u00e8tement, cela signifie que vous devez faire une <\/span><b><span data-contrast=\"auto\">\u00e9valuation r\u00e9aliste<\/span><\/b><span data-contrast=\"auto\"> de la dur\u00e9e de vie de votre achat. Un ordinateur durera plus longtemps qu\u2019un smartphone, par exemple. Et du mobilier de bureau sera utilis\u00e9 plus longtemps qu\u2019un ordinateur portable.&nbsp;&nbsp;<\/span><\/p>\n\n\n\n<h2 class=\"wp-block-heading\"><b><span data-contrast=\"auto\">Dur\u00e9es d\u2019amortissement<\/span><\/b><b><span data-contrast=\"auto\"> courantes<\/span><\/b><\/h2>\n\n\n\n<p><span data-contrast=\"auto\">Pour faciliter les choses, le l\u00e9gislateur propose lui-m\u00eame diff\u00e9rentes dur\u00e9es d\u2019amortissement\u202f:&nbsp;&nbsp;<\/span><\/p>\n\n\n\n<ul class=\"wp-block-list\">\n<li><span data-contrast=\"auto\">bureaux et b\u00e2timents \u202f: 33 ans \u00e0 3 % par an\u2009;&nbsp;<\/span><\/li>\n\n\n\n<li><span data-contrast=\"auto\">b\u00e2timents industriels\u202f : 20 ans \u00e0 5 % par an\u2009;&nbsp;<\/span><\/li>\n\n\n\n<li><span data-contrast=\"auto\">mobilier et machines \u202f: 10 ans \u00e0 10 % par an\u2009;&nbsp;<\/span><\/li>\n\n\n\n<li><span data-contrast=\"auto\">mat\u00e9riel roulant\u202f : 5 ans \u00e0 20 % par an\u2009;&nbsp;<\/span><\/li>\n\n\n\n<li><span data-contrast=\"auto\">petit mat\u00e9riel\u202f : 3 ans \u00e0 33 % par an.&nbsp;<\/span><\/li>\n<\/ul>\n\n\n\n<h2 class=\"wp-block-heading\">Est-ce qu&rsquo;on amortit la TVA ?<\/h2>\n\n\n\n<p><strong>Vous \u00eates assujetti \u00e0 la TVA ?<\/strong> Dans ce cas, vous amortissez l&rsquo;investissement hors TVA. Supposons que vous achetiez un ordinateur  d&rsquo;une valeur de 499 \u20ac (TVA comprise). Vous r\u00e9cup\u00e9rez alors 86,60 \u20ac dans votre prochaine d\u00e9claration \u00e0 la TVA et vous amortissez le montant hors TVA (412,40 \u20ac) au cours des trois ann\u00e9es suivantes.<\/p>\n\n\n\n<p><strong>Vous n&rsquo;\u00eates pas assujetti \u00e0 la TVA ou \u00eates exon\u00e9r\u00e9 de la TVA ?<\/strong> Dans ce cas, vous amortissez le montant TVA comprise.<\/p>\n\n\n\n<h3 class=\"wp-block-heading\"><b><span data-contrast=\"auto\">Exemple d\u2019amortissement<\/span><\/b><\/h3>\n\n\n\n<p><span data-contrast=\"auto\">Vous avez achet\u00e9 en f\u00e9vrier 2024 un bureau \u00e0 1.200\u202feuros.&nbsp;<\/span><\/p>\n\n\n\n<p><span data-contrast=\"auto\">Cet achat rel\u00e8ve du &lsquo;mobilier&rsquo; et peut donc \u00eatre amorti sur 10 ans, \u00e0 raison de 10\u202f% par an.&nbsp;<\/span><\/p>\n\n\n\n<p><span data-contrast=\"auto\">10\u202f% de 1.200\u202feuros, c\u2019est 120\u202feuros.&nbsp;<\/span><\/p>\n\n\n\n<p><span data-contrast=\"auto\">De 2024 \u00e0 2033, vous allez donc d\u00e9duire chaque ann\u00e9e un montant de 120 euros de votre chiffre d\u2019affaires.&nbsp;<\/span><\/p>\n\n\n\n<p>\ud83d\udca1<b>Astuce<span data-contrast=\"auto\"> Accountable : <\/span><\/b><span data-contrast=\"auto\">Pour vous faciliter la vie, notre app propose automatiquement une p\u00e9riode d\u2019amortissement pour votre investissement. Simple, non ?<\/span><\/p>\n\n\n\n<h3 class=\"wp-block-heading\"><b><span data-contrast=\"auto\">Amortissement lin\u00e9aire<\/span><\/b><b><span data-contrast=\"auto\"> ou <\/span><\/b><b><span data-contrast=\"auto\">d\u00e9gressif<\/span><\/b><b><span data-contrast=\"auto\">\u2009?<\/span><\/b><\/h3>\n\n\n\n<p><span data-contrast=\"auto\">Si vous \u00eates <\/span><b><span data-contrast=\"auto\">ind\u00e9pendant(e) en personne physique,<\/span><\/b><span data-contrast=\"auto\"> vous pouvez <strong>choisir entre un amortissement lin\u00e9aire ou d\u00e9gressif<\/strong>.&nbsp;<\/span><\/p>\n\n\n\n<ul class=\"wp-block-list\">\n<li><span data-contrast=\"auto\">Amortissement lin\u00e9aire<\/span><span data-contrast=\"auto\">\u202f: vous d\u00e9duisez <\/span><b><span data-contrast=\"auto\">le m\u00eame montant<\/span><\/b><span data-contrast=\"auto\"> chaque ann\u00e9e.<\/span><span data-ccp-props=\"{&quot;201341983&quot;:0,&quot;335559685&quot;:0,&quot;335559731&quot;:0,&quot;335559739&quot;:240,&quot;335559740&quot;:360}\">&nbsp;<\/span><\/li>\n\n\n\n<li><span data-contrast=\"auto\">Amortissement d\u00e9gressif\u202f: vous d\u00e9duisez un <\/span><b><span data-contrast=\"auto\">montant plus \u00e9lev\u00e9<\/span><\/b><span data-contrast=\"auto\"> en d\u00e9but qu\u2019en fin de vie de l&rsquo;achat.&nbsp;<\/span><\/li>\n<\/ul>\n\n\n\n<p><span data-contrast=\"auto\">Dans l\u2019exemple du bureau, l\u2019amortissement d\u00e9gressif signifie que vous d\u00e9duisez, par exemple, un montant de 240\u202feuros en 2024, de 200\u202feuros en 2025 et ainsi de suite, en diminuant le montant chaque ann\u00e9e.&nbsp;<\/span><\/p>\n\n\n\n<h3 class=\"wp-block-heading\"><b><span data-contrast=\"auto\">Quel est le meilleur choix\u2009?<\/span><\/b><\/h3>\n\n\n\n<p><span data-contrast=\"auto\">Calculer la formule d&rsquo;amortissement la plus avantageuse pour vous n&rsquo;est pas \u00e9vident. N\u2019h\u00e9sitez pas \u00e0 demander l\u2019aide de votre comptable ou <\/span><a href=\"https:\/\/www.accountable.eu\/fr-be\/expert-comptable\/\"><span data-contrast=\"none\">faites appel \u00e0 un de nos comptables partenaires<\/span><\/a><span data-contrast=\"auto\">.&nbsp;<\/span><\/p>\n\n\n\n<p><span data-contrast=\"auto\">Vous \u00eates en soci\u00e9t\u00e9 ? C&rsquo;est beaucoup plus simple : vous n&rsquo;avez plus le choix. Depuis le 1er janvier 2020<\/span><b><span data-contrast=\"auto\">, les soci\u00e9t\u00e9s ne peuvent plus appliquer l\u2019<\/span><\/b><a href=\"https:\/\/www.accountable.eu\/fr-be\/blog\/calcul-amortissement-belgique\/\"><b><span data-contrast=\"none\">amortissement d\u00e9gressif<\/span><\/b><\/a><span data-contrast=\"auto\">.&nbsp;<\/span><\/p>\n\n\n\n<h2 class=\"wp-block-heading\"><b><span data-contrast=\"auto\">Amortissement<\/span><\/b> <b><span data-contrast=\"auto\">ou d\u00e9duction des co\u00fbts<\/span><\/b><b><span data-contrast=\"auto\"> en une seule fois\u202f: qu\u2019est-ce qui est le plus avantageux\u2009?<\/span><\/b><span data-ccp-props=\"{&quot;201341983&quot;:0,&quot;335559739&quot;:240,&quot;335559740&quot;:360}\">&nbsp;<\/span><\/h2>\n\n\n\n<p><span data-contrast=\"auto\">Est-il toujours <\/span><b><span data-contrast=\"auto\">avantageux d\u2019amortir les co\u00fbts<\/span><\/b><span data-contrast=\"auto\"> s\u2019il est possible de tout d\u00e9duire en une seule fois\u2009? En optant pour l\u2019amortissement, vous d\u00e9duisez moins de frais de votre chiffre d\u2019affaires l\u2019ann\u00e9e de l\u2019achat et devez donc potentiellement payer plus d\u2019imp\u00f4ts. D&rsquo;un autre c\u00f4t\u00e9, vous allez pouvoir d\u00e9duire un pourcentage de frais les ann\u00e9es suivantes, ce qui r\u00e9partit donc l&rsquo;avantage fiscale sur plusieurs ann\u00e9es.&nbsp;<\/span><\/p>\n\n\n\n<p><span data-contrast=\"auto\">Cela vous semble trop compliqu\u00e9\u2009? <\/span><a href=\"https:\/\/www.accountable.eu\/fr-be\/download\/\"><span data-contrast=\"none\">Notre app<\/span><\/a><span data-contrast=\"auto\"> vous aide en sugg\u00e9rant automatiquement <\/span><b><span data-contrast=\"auto\">la bonne p\u00e9riode d\u2019amortissement<\/span><\/b><span data-contrast=\"auto\"> pour chaque investissement. Si vous souhaitez obtenir plus de conseils en mati\u00e8re d\u2019optimisation fiscale de votre entreprise, vous pouvez toujours consulter <\/span><a href=\"https:\/\/www.accountable.eu\/fr-be\/expert-comptable\/\"><span data-contrast=\"none\">l\u2019un de nos comptables partenaires<\/span><\/a><span data-contrast=\"auto\">.&nbsp;<\/span><\/p>\n\n\n\n<h2 class=\"wp-block-heading\">FAQ: Questions fr\u00e9quents sur l&rsquo;amortissement des frais <\/h2>\n\n\n\n<div class=\"schema-faq wp-block-yoast-faq-block\"><div class=\"schema-faq-section\" id=\"faq-question-1724771673620\"><strong class=\"schema-faq-question\">Qu&rsquo;est-ce qu&rsquo;un amortissement ?<\/strong> <p class=\"schema-faq-answer\"><br \/>Lorsque vous effectuez, en tant qu&rsquo;ind\u00e9pendant, un achat co\u00fbteux (un investissement), comme une voiture, un ordinateur ou du mobilier, vous n&rsquo;avez pas le droit de comptabiliser ce co\u00fbt en une seule fois. Vous devez r\u00e9partir ce co\u00fbt sur plusieurs ann\u00e9es, souvent sur la dur\u00e9e de vie estim\u00e9e de l&rsquo;objet. C&rsquo;est ce qu&rsquo;on appelle l&rsquo;amortissement d&rsquo;une d\u00e9pense.<\/p> <\/div> <div class=\"schema-faq-section\" id=\"faq-question-1724771738415\"><strong class=\"schema-faq-question\">Comment amortir une d\u00e9pense ?<\/strong> <p class=\"schema-faq-answer\"><br \/>On amortit une d\u00e9pense en r\u00e9partissant le prix d&rsquo;achat sur plusieurs exercices comptables et en d\u00e9duisant chaque fois une partie du co\u00fbt. La l\u00e9gislation propose des p\u00e9riodes d&rsquo;amortissement pour chaque type d&rsquo;achat. Ainsi, mieux vaut amortir le mobilier de votre bureau sur 10 ans, \u00e0 raison de 10 % par an. Votre comptable ou les coachs fiscaux d&rsquo;Accountable peuvent vous renseigner \u00e0 ce sujet.<\/p> <\/div> <div class=\"schema-faq-section\" id=\"faq-question-1724771801530\"><strong class=\"schema-faq-question\">Quelles sont les d\u00e9penses \u00e0 amortir ?<\/strong> <p class=\"schema-faq-answer\"><br \/>La r\u00e8gle veut que l&rsquo;on amortisse les gros investissements ou les achats co\u00fbteux qui dureront longtemps, comme un ordinateur, un t\u00e9l\u00e9phone portable, du mobilier de bureau, des b\u00e2timents, une voiture\u2026 La p\u00e9riode d&rsquo;amortissement est d\u00e9termin\u00e9e en fonction de la dur\u00e9e de vie pr\u00e9vue de l&rsquo;achat.<\/p> <\/div> <div class=\"schema-faq-section\" id=\"faq-question-1724771848691\"><strong class=\"schema-faq-question\">Faut-il amortir un ordinateur ?<\/strong> <p class=\"schema-faq-answer\"><br \/>L&rsquo;administration fiscale belge vous demande d&rsquo;amortir votre nouveau portable ou ordinateur sur 3 ans. Vous allez donc d\u00e9duire chaque ann\u00e9e 1\/3 du co\u00fbt achat \u00e0 titre de frais professionnels.<\/p> <\/div> <div class=\"schema-faq-section\" id=\"faq-question-1724771902268\"><strong class=\"schema-faq-question\">Que se passe-t-il avec la TVA dans un amortissement ?<\/strong> <p class=\"schema-faq-answer\"><br \/>Si vous \u00eates assujetti \u00e0 la TVA, vous amortissez le montant hors TVA et vous r\u00e9cup\u00e9rez toute la TVA li\u00e9e \u00e0 l&rsquo;achat dans votre prochaine d\u00e9claration \u00e0 la TVA. Vous n&rsquo;\u00eates pas assujetti \u00e0 la TVA ou \u00eates exon\u00e9r\u00e9 de la TVA ? Dans ce cas, vous amortissez le montant TVA comprise.<\/p> <\/div> <\/div>\n","protected":false},"excerpt":{"rendered":"<p>En tant qu\u2019entrepreneur, vous d\u00e9duisez vos frais professionnels de votre chiffre d\u2019affaires. Et parfois, vous avez deux possibilit\u00e9s. Soit vous d\u00e9clarez la totalit\u00e9 du montant de votre investissement en une fois. Soit vous r\u00e9partissez les co\u00fbts sur plusieurs ann\u00e9es et d\u00e9duisez une partie du montant plusieurs ann\u00e9es de suite. Dans ce dernier cas, on parle [&hellip;]<\/p>\n","protected":false},"author":11,"featured_media":8793,"comment_status":"open","ping_status":"open","sticky":false,"template":"","format":"standard","meta":{"inline_featured_image":false,"footnotes":""},"categories":[287,291,293,240],"tags":[300,307,310],"class_list":["post-13112","post","type-post","status-publish","format-standard","has-post-thumbnail","hentry","category-deduire-vos-frais-professionnels","category-informations-pratiques","category-optimisation-fiscale","category-uncategorized-fr-be","tag-comptabilite","tag-frais-professionnels","tag-impots"],"acf":[],"yoast_head":"<!-- This site is optimized with the Yoast SEO plugin v27.4 - https:\/\/yoast.com\/product\/yoast-seo-wordpress\/ -->\n<title>Amortir des frais \u202f: quand est-ce possible et comment\u2009? - Accountable<\/title>\n<meta name=\"description\" content=\"En quoi consiste un amortissement, quand faut-il amortir des frais et comment calculer l&#039;amortissement\u2009? Nous vous expliquons tout\u2009!\" \/>\n<meta name=\"robots\" content=\"index, follow, max-snippet:-1, max-image-preview:large, max-video-preview:-1\" \/>\n<link rel=\"canonical\" href=\"https:\/\/www.accountable.eu\/fr-be\/blog\/amortir-des-couts-quand-et-comment\/\" \/>\n<meta property=\"og:locale\" content=\"fr_FR\" \/>\n<meta property=\"og:type\" content=\"article\" \/>\n<meta property=\"og:title\" content=\"Amortir des frais \u202f: quand est-ce possible et comment\u2009? - Accountable\" \/>\n<meta property=\"og:description\" content=\"En quoi consiste un amortissement, quand faut-il amortir des frais et comment calculer l&#039;amortissement\u2009? Nous vous expliquons tout\u2009!\" \/>\n<meta property=\"og:url\" content=\"https:\/\/www.accountable.eu\/fr-be\/blog\/amortir-des-couts-quand-et-comment\/\" \/>\n<meta property=\"og:site_name\" content=\"Accountable\" \/>\n<meta property=\"article:published_time\" content=\"2022-05-11T13:56:46+00:00\" \/>\n<meta property=\"article:modified_time\" content=\"2025-02-13T10:00:15+00:00\" \/>\n<meta property=\"og:image\" content=\"https:\/\/www.accountable.eu\/wp-content\/uploads\/2022\/04\/kosten-afschrijven.png\" \/>\n\t<meta property=\"og:image:width\" content=\"686\" \/>\n\t<meta property=\"og:image:height\" content=\"400\" \/>\n\t<meta property=\"og:image:type\" content=\"image\/png\" \/>\n<meta name=\"author\" content=\"Isabel Senden\" \/>\n<meta name=\"twitter:card\" content=\"summary_large_image\" \/>\n<meta name=\"twitter:label1\" content=\"\u00c9crit par\" \/>\n\t<meta name=\"twitter:data1\" content=\"Isabel Senden\" \/>\n\t<meta name=\"twitter:label2\" content=\"Dur\u00e9e de lecture est.\" \/>\n\t<meta name=\"twitter:data2\" content=\"5 minutes\" \/>\n<script type=\"application\/ld+json\" class=\"yoast-schema-graph\">{\"@context\":\"https:\\\/\\\/schema.org\",\"@graph\":[{\"@type\":\"Article\",\"@id\":\"https:\\\/\\\/www.accountable.eu\\\/fr-be\\\/blog\\\/amortir-des-couts-quand-et-comment\\\/#article\",\"isPartOf\":{\"@id\":\"https:\\\/\\\/www.accountable.eu\\\/fr-be\\\/blog\\\/amortir-des-couts-quand-et-comment\\\/\"},\"author\":{\"name\":\"Isabel Senden\",\"@id\":\"https:\\\/\\\/www.accountable.eu\\\/fr-be\\\/#\\\/schema\\\/person\\\/de2a66f2f69b8ede00c1247f105e6137\"},\"headline\":\"Amortir des frais \u202f: quand est-ce possible et comment\u2009?\",\"datePublished\":\"2022-05-11T13:56:46+00:00\",\"dateModified\":\"2025-02-13T10:00:15+00:00\",\"mainEntityOfPage\":{\"@id\":\"https:\\\/\\\/www.accountable.eu\\\/fr-be\\\/blog\\\/amortir-des-couts-quand-et-comment\\\/\"},\"wordCount\":1217,\"commentCount\":0,\"publisher\":{\"@id\":\"https:\\\/\\\/www.accountable.eu\\\/fr-be\\\/#organization\"},\"image\":{\"@id\":\"https:\\\/\\\/www.accountable.eu\\\/fr-be\\\/blog\\\/amortir-des-couts-quand-et-comment\\\/#primaryimage\"},\"thumbnailUrl\":\"https:\\\/\\\/www.accountable.eu\\\/wp-content\\\/uploads\\\/2022\\\/04\\\/kosten-afschrijven.png\",\"keywords\":[\"Comptabilit\u00e9\",\"Frais pro\",\"Imp\u00f4ts\"],\"articleSection\":[\"Frais professionnels\",\"Informations pratiques\",\"Optimisation fiscale\",\"Uncategorized @fr-be\"],\"inLanguage\":\"fr-BE\",\"potentialAction\":[{\"@type\":\"CommentAction\",\"name\":\"Comment\",\"target\":[\"https:\\\/\\\/www.accountable.eu\\\/fr-be\\\/blog\\\/amortir-des-couts-quand-et-comment\\\/#respond\"]}]},{\"@type\":[\"WebPage\",\"FAQPage\"],\"@id\":\"https:\\\/\\\/www.accountable.eu\\\/fr-be\\\/blog\\\/amortir-des-couts-quand-et-comment\\\/\",\"url\":\"https:\\\/\\\/www.accountable.eu\\\/fr-be\\\/blog\\\/amortir-des-couts-quand-et-comment\\\/\",\"name\":\"Amortir des frais \u202f: quand est-ce possible et comment\u2009? - Accountable\",\"isPartOf\":{\"@id\":\"https:\\\/\\\/www.accountable.eu\\\/fr-be\\\/#website\"},\"primaryImageOfPage\":{\"@id\":\"https:\\\/\\\/www.accountable.eu\\\/fr-be\\\/blog\\\/amortir-des-couts-quand-et-comment\\\/#primaryimage\"},\"image\":{\"@id\":\"https:\\\/\\\/www.accountable.eu\\\/fr-be\\\/blog\\\/amortir-des-couts-quand-et-comment\\\/#primaryimage\"},\"thumbnailUrl\":\"https:\\\/\\\/www.accountable.eu\\\/wp-content\\\/uploads\\\/2022\\\/04\\\/kosten-afschrijven.png\",\"datePublished\":\"2022-05-11T13:56:46+00:00\",\"dateModified\":\"2025-02-13T10:00:15+00:00\",\"description\":\"En quoi consiste un amortissement, quand faut-il amortir des frais et comment calculer l'amortissement\u2009? Nous vous expliquons tout\u2009!\",\"breadcrumb\":{\"@id\":\"https:\\\/\\\/www.accountable.eu\\\/fr-be\\\/blog\\\/amortir-des-couts-quand-et-comment\\\/#breadcrumb\"},\"mainEntity\":[{\"@id\":\"https:\\\/\\\/www.accountable.eu\\\/fr-be\\\/blog\\\/amortir-des-couts-quand-et-comment\\\/#faq-question-1724771673620\"},{\"@id\":\"https:\\\/\\\/www.accountable.eu\\\/fr-be\\\/blog\\\/amortir-des-couts-quand-et-comment\\\/#faq-question-1724771738415\"},{\"@id\":\"https:\\\/\\\/www.accountable.eu\\\/fr-be\\\/blog\\\/amortir-des-couts-quand-et-comment\\\/#faq-question-1724771801530\"},{\"@id\":\"https:\\\/\\\/www.accountable.eu\\\/fr-be\\\/blog\\\/amortir-des-couts-quand-et-comment\\\/#faq-question-1724771848691\"},{\"@id\":\"https:\\\/\\\/www.accountable.eu\\\/fr-be\\\/blog\\\/amortir-des-couts-quand-et-comment\\\/#faq-question-1724771902268\"}],\"inLanguage\":\"fr-BE\",\"potentialAction\":[{\"@type\":\"ReadAction\",\"target\":[\"https:\\\/\\\/www.accountable.eu\\\/fr-be\\\/blog\\\/amortir-des-couts-quand-et-comment\\\/\"]}]},{\"@type\":\"ImageObject\",\"inLanguage\":\"fr-BE\",\"@id\":\"https:\\\/\\\/www.accountable.eu\\\/fr-be\\\/blog\\\/amortir-des-couts-quand-et-comment\\\/#primaryimage\",\"url\":\"https:\\\/\\\/www.accountable.eu\\\/wp-content\\\/uploads\\\/2022\\\/04\\\/kosten-afschrijven.png\",\"contentUrl\":\"https:\\\/\\\/www.accountable.eu\\\/wp-content\\\/uploads\\\/2022\\\/04\\\/kosten-afschrijven.png\",\"width\":686,\"height\":400,\"caption\":\"kosten afschrijven\"},{\"@type\":\"BreadcrumbList\",\"@id\":\"https:\\\/\\\/www.accountable.eu\\\/fr-be\\\/blog\\\/amortir-des-couts-quand-et-comment\\\/#breadcrumb\",\"itemListElement\":[{\"@type\":\"ListItem\",\"position\":1,\"name\":\"Home\",\"item\":\"https:\\\/\\\/www.accountable.eu\\\/fr-be\\\/\"},{\"@type\":\"ListItem\",\"position\":2,\"name\":\"Amortir des frais \u202f: quand est-ce possible et comment\u2009?\"}]},{\"@type\":\"WebSite\",\"@id\":\"https:\\\/\\\/www.accountable.eu\\\/fr-be\\\/#website\",\"url\":\"https:\\\/\\\/www.accountable.eu\\\/fr-be\\\/\",\"name\":\"Accountable\",\"description\":\"Your accountant and tax advisor on your smartphone\",\"publisher\":{\"@id\":\"https:\\\/\\\/www.accountable.eu\\\/fr-be\\\/#organization\"},\"potentialAction\":[{\"@type\":\"SearchAction\",\"target\":{\"@type\":\"EntryPoint\",\"urlTemplate\":\"https:\\\/\\\/www.accountable.eu\\\/fr-be\\\/?s={search_term_string}\"},\"query-input\":{\"@type\":\"PropertyValueSpecification\",\"valueRequired\":true,\"valueName\":\"search_term_string\"}}],\"inLanguage\":\"fr-BE\"},{\"@type\":\"Organization\",\"@id\":\"https:\\\/\\\/www.accountable.eu\\\/fr-be\\\/#organization\",\"name\":\"Accountable\",\"url\":\"https:\\\/\\\/www.accountable.eu\\\/fr-be\\\/\",\"logo\":{\"@type\":\"ImageObject\",\"inLanguage\":\"fr-BE\",\"@id\":\"https:\\\/\\\/www.accountable.eu\\\/fr-be\\\/#\\\/schema\\\/logo\\\/image\\\/\",\"url\":\"https:\\\/\\\/www.accountable.eu\\\/wp-content\\\/uploads\\\/2026\\\/04\\\/logo-512.png\",\"contentUrl\":\"https:\\\/\\\/www.accountable.eu\\\/wp-content\\\/uploads\\\/2026\\\/04\\\/logo-512.png\",\"width\":512,\"height\":512,\"caption\":\"Accountable\"},\"image\":{\"@id\":\"https:\\\/\\\/www.accountable.eu\\\/fr-be\\\/#\\\/schema\\\/logo\\\/image\\\/\"}},{\"@type\":\"Person\",\"@id\":\"https:\\\/\\\/www.accountable.eu\\\/fr-be\\\/#\\\/schema\\\/person\\\/de2a66f2f69b8ede00c1247f105e6137\",\"name\":\"Isabel Senden\",\"image\":{\"@type\":\"ImageObject\",\"inLanguage\":\"fr-BE\",\"@id\":\"https:\\\/\\\/secure.gravatar.com\\\/avatar\\\/7f67e7d6d9abcd35af99e6a1b0aee8905804adfbca8ba4a95810051d1d6f9425?s=96&d=mm&r=g\",\"url\":\"https:\\\/\\\/secure.gravatar.com\\\/avatar\\\/7f67e7d6d9abcd35af99e6a1b0aee8905804adfbca8ba4a95810051d1d6f9425?s=96&d=mm&r=g\",\"contentUrl\":\"https:\\\/\\\/secure.gravatar.com\\\/avatar\\\/7f67e7d6d9abcd35af99e6a1b0aee8905804adfbca8ba4a95810051d1d6f9425?s=96&d=mm&r=g\",\"caption\":\"Isabel Senden\"}},{\"@type\":\"Question\",\"@id\":\"https:\\\/\\\/www.accountable.eu\\\/fr-be\\\/blog\\\/amortir-des-couts-quand-et-comment\\\/#faq-question-1724771673620\",\"position\":1,\"url\":\"https:\\\/\\\/www.accountable.eu\\\/fr-be\\\/blog\\\/amortir-des-couts-quand-et-comment\\\/#faq-question-1724771673620\",\"name\":\"Qu'est-ce qu'un amortissement ?\",\"answerCount\":1,\"acceptedAnswer\":{\"@type\":\"Answer\",\"text\":\"<br \\\/>Lorsque vous effectuez, en tant qu'ind\u00e9pendant, un achat co\u00fbteux (un investissement), comme une voiture, un ordinateur ou du mobilier, vous n'avez pas le droit de comptabiliser ce co\u00fbt en une seule fois. Vous devez r\u00e9partir ce co\u00fbt sur plusieurs ann\u00e9es, souvent sur la dur\u00e9e de vie estim\u00e9e de l'objet. C'est ce qu'on appelle l'amortissement d'une d\u00e9pense.\",\"inLanguage\":\"fr-BE\"},\"inLanguage\":\"fr-BE\"},{\"@type\":\"Question\",\"@id\":\"https:\\\/\\\/www.accountable.eu\\\/fr-be\\\/blog\\\/amortir-des-couts-quand-et-comment\\\/#faq-question-1724771738415\",\"position\":2,\"url\":\"https:\\\/\\\/www.accountable.eu\\\/fr-be\\\/blog\\\/amortir-des-couts-quand-et-comment\\\/#faq-question-1724771738415\",\"name\":\"Comment amortir une d\u00e9pense ?\",\"answerCount\":1,\"acceptedAnswer\":{\"@type\":\"Answer\",\"text\":\"<br \\\/>On amortit une d\u00e9pense en r\u00e9partissant le prix d'achat sur plusieurs exercices comptables et en d\u00e9duisant chaque fois une partie du co\u00fbt. La l\u00e9gislation propose des p\u00e9riodes d'amortissement pour chaque type d'achat. Ainsi, mieux vaut amortir le mobilier de votre bureau sur 10 ans, \u00e0 raison de 10 % par an. Votre comptable ou les coachs fiscaux d'Accountable peuvent vous renseigner \u00e0 ce sujet.\",\"inLanguage\":\"fr-BE\"},\"inLanguage\":\"fr-BE\"},{\"@type\":\"Question\",\"@id\":\"https:\\\/\\\/www.accountable.eu\\\/fr-be\\\/blog\\\/amortir-des-couts-quand-et-comment\\\/#faq-question-1724771801530\",\"position\":3,\"url\":\"https:\\\/\\\/www.accountable.eu\\\/fr-be\\\/blog\\\/amortir-des-couts-quand-et-comment\\\/#faq-question-1724771801530\",\"name\":\"Quelles sont les d\u00e9penses \u00e0 amortir ?\",\"answerCount\":1,\"acceptedAnswer\":{\"@type\":\"Answer\",\"text\":\"<br \\\/>La r\u00e8gle veut que l'on amortisse les gros investissements ou les achats co\u00fbteux qui dureront longtemps, comme un ordinateur, un t\u00e9l\u00e9phone portable, du mobilier de bureau, des b\u00e2timents, une voiture\u2026 La p\u00e9riode d'amortissement est d\u00e9termin\u00e9e en fonction de la dur\u00e9e de vie pr\u00e9vue de l'achat.\",\"inLanguage\":\"fr-BE\"},\"inLanguage\":\"fr-BE\"},{\"@type\":\"Question\",\"@id\":\"https:\\\/\\\/www.accountable.eu\\\/fr-be\\\/blog\\\/amortir-des-couts-quand-et-comment\\\/#faq-question-1724771848691\",\"position\":4,\"url\":\"https:\\\/\\\/www.accountable.eu\\\/fr-be\\\/blog\\\/amortir-des-couts-quand-et-comment\\\/#faq-question-1724771848691\",\"name\":\"Faut-il amortir un ordinateur ?\",\"answerCount\":1,\"acceptedAnswer\":{\"@type\":\"Answer\",\"text\":\"<br \\\/>L'administration fiscale belge vous demande d'amortir votre nouveau portable ou ordinateur sur 3 ans. Vous allez donc d\u00e9duire chaque ann\u00e9e 1\\\/3 du co\u00fbt achat \u00e0 titre de frais professionnels.\",\"inLanguage\":\"fr-BE\"},\"inLanguage\":\"fr-BE\"},{\"@type\":\"Question\",\"@id\":\"https:\\\/\\\/www.accountable.eu\\\/fr-be\\\/blog\\\/amortir-des-couts-quand-et-comment\\\/#faq-question-1724771902268\",\"position\":5,\"url\":\"https:\\\/\\\/www.accountable.eu\\\/fr-be\\\/blog\\\/amortir-des-couts-quand-et-comment\\\/#faq-question-1724771902268\",\"name\":\"Que se passe-t-il avec la TVA dans un amortissement ?\",\"answerCount\":1,\"acceptedAnswer\":{\"@type\":\"Answer\",\"text\":\"<br \\\/>Si vous \u00eates assujetti \u00e0 la TVA, vous amortissez le montant hors TVA et vous r\u00e9cup\u00e9rez toute la TVA li\u00e9e \u00e0 l'achat dans votre prochaine d\u00e9claration \u00e0 la TVA. Vous n'\u00eates pas assujetti \u00e0 la TVA ou \u00eates exon\u00e9r\u00e9 de la TVA ? Dans ce cas, vous amortissez le montant TVA comprise.\",\"inLanguage\":\"fr-BE\"},\"inLanguage\":\"fr-BE\"}]}<\/script>\n<!-- \/ Yoast SEO plugin. -->","yoast_head_json":{"title":"Amortir des frais \u202f: quand est-ce possible et comment\u2009? - Accountable","description":"En quoi consiste un amortissement, quand faut-il amortir des frais et comment calculer l'amortissement\u2009? Nous vous expliquons tout\u2009!","robots":{"index":"index","follow":"follow","max-snippet":"max-snippet:-1","max-image-preview":"max-image-preview:large","max-video-preview":"max-video-preview:-1"},"canonical":"https:\/\/www.accountable.eu\/fr-be\/blog\/amortir-des-couts-quand-et-comment\/","og_locale":"fr_FR","og_type":"article","og_title":"Amortir des frais \u202f: quand est-ce possible et comment\u2009? - Accountable","og_description":"En quoi consiste un amortissement, quand faut-il amortir des frais et comment calculer l'amortissement\u2009? Nous vous expliquons tout\u2009!","og_url":"https:\/\/www.accountable.eu\/fr-be\/blog\/amortir-des-couts-quand-et-comment\/","og_site_name":"Accountable","article_published_time":"2022-05-11T13:56:46+00:00","article_modified_time":"2025-02-13T10:00:15+00:00","og_image":[{"width":686,"height":400,"url":"https:\/\/www.accountable.eu\/wp-content\/uploads\/2022\/04\/kosten-afschrijven.png","type":"image\/png"}],"author":"Isabel Senden","twitter_card":"summary_large_image","twitter_misc":{"\u00c9crit par":"Isabel Senden","Dur\u00e9e de lecture est.":"5 minutes"},"schema":{"@context":"https:\/\/schema.org","@graph":[{"@type":"Article","@id":"https:\/\/www.accountable.eu\/fr-be\/blog\/amortir-des-couts-quand-et-comment\/#article","isPartOf":{"@id":"https:\/\/www.accountable.eu\/fr-be\/blog\/amortir-des-couts-quand-et-comment\/"},"author":{"name":"Isabel Senden","@id":"https:\/\/www.accountable.eu\/fr-be\/#\/schema\/person\/de2a66f2f69b8ede00c1247f105e6137"},"headline":"Amortir des frais \u202f: quand est-ce possible et comment\u2009?","datePublished":"2022-05-11T13:56:46+00:00","dateModified":"2025-02-13T10:00:15+00:00","mainEntityOfPage":{"@id":"https:\/\/www.accountable.eu\/fr-be\/blog\/amortir-des-couts-quand-et-comment\/"},"wordCount":1217,"commentCount":0,"publisher":{"@id":"https:\/\/www.accountable.eu\/fr-be\/#organization"},"image":{"@id":"https:\/\/www.accountable.eu\/fr-be\/blog\/amortir-des-couts-quand-et-comment\/#primaryimage"},"thumbnailUrl":"https:\/\/www.accountable.eu\/wp-content\/uploads\/2022\/04\/kosten-afschrijven.png","keywords":["Comptabilit\u00e9","Frais pro","Imp\u00f4ts"],"articleSection":["Frais professionnels","Informations pratiques","Optimisation fiscale","Uncategorized @fr-be"],"inLanguage":"fr-BE","potentialAction":[{"@type":"CommentAction","name":"Comment","target":["https:\/\/www.accountable.eu\/fr-be\/blog\/amortir-des-couts-quand-et-comment\/#respond"]}]},{"@type":["WebPage","FAQPage"],"@id":"https:\/\/www.accountable.eu\/fr-be\/blog\/amortir-des-couts-quand-et-comment\/","url":"https:\/\/www.accountable.eu\/fr-be\/blog\/amortir-des-couts-quand-et-comment\/","name":"Amortir des frais \u202f: quand est-ce possible et comment\u2009? - Accountable","isPartOf":{"@id":"https:\/\/www.accountable.eu\/fr-be\/#website"},"primaryImageOfPage":{"@id":"https:\/\/www.accountable.eu\/fr-be\/blog\/amortir-des-couts-quand-et-comment\/#primaryimage"},"image":{"@id":"https:\/\/www.accountable.eu\/fr-be\/blog\/amortir-des-couts-quand-et-comment\/#primaryimage"},"thumbnailUrl":"https:\/\/www.accountable.eu\/wp-content\/uploads\/2022\/04\/kosten-afschrijven.png","datePublished":"2022-05-11T13:56:46+00:00","dateModified":"2025-02-13T10:00:15+00:00","description":"En quoi consiste un amortissement, quand faut-il amortir des frais et comment calculer l'amortissement\u2009? Nous vous expliquons tout\u2009!","breadcrumb":{"@id":"https:\/\/www.accountable.eu\/fr-be\/blog\/amortir-des-couts-quand-et-comment\/#breadcrumb"},"mainEntity":[{"@id":"https:\/\/www.accountable.eu\/fr-be\/blog\/amortir-des-couts-quand-et-comment\/#faq-question-1724771673620"},{"@id":"https:\/\/www.accountable.eu\/fr-be\/blog\/amortir-des-couts-quand-et-comment\/#faq-question-1724771738415"},{"@id":"https:\/\/www.accountable.eu\/fr-be\/blog\/amortir-des-couts-quand-et-comment\/#faq-question-1724771801530"},{"@id":"https:\/\/www.accountable.eu\/fr-be\/blog\/amortir-des-couts-quand-et-comment\/#faq-question-1724771848691"},{"@id":"https:\/\/www.accountable.eu\/fr-be\/blog\/amortir-des-couts-quand-et-comment\/#faq-question-1724771902268"}],"inLanguage":"fr-BE","potentialAction":[{"@type":"ReadAction","target":["https:\/\/www.accountable.eu\/fr-be\/blog\/amortir-des-couts-quand-et-comment\/"]}]},{"@type":"ImageObject","inLanguage":"fr-BE","@id":"https:\/\/www.accountable.eu\/fr-be\/blog\/amortir-des-couts-quand-et-comment\/#primaryimage","url":"https:\/\/www.accountable.eu\/wp-content\/uploads\/2022\/04\/kosten-afschrijven.png","contentUrl":"https:\/\/www.accountable.eu\/wp-content\/uploads\/2022\/04\/kosten-afschrijven.png","width":686,"height":400,"caption":"kosten afschrijven"},{"@type":"BreadcrumbList","@id":"https:\/\/www.accountable.eu\/fr-be\/blog\/amortir-des-couts-quand-et-comment\/#breadcrumb","itemListElement":[{"@type":"ListItem","position":1,"name":"Home","item":"https:\/\/www.accountable.eu\/fr-be\/"},{"@type":"ListItem","position":2,"name":"Amortir des frais \u202f: quand est-ce possible et comment\u2009?"}]},{"@type":"WebSite","@id":"https:\/\/www.accountable.eu\/fr-be\/#website","url":"https:\/\/www.accountable.eu\/fr-be\/","name":"Accountable","description":"Your accountant and tax advisor on your smartphone","publisher":{"@id":"https:\/\/www.accountable.eu\/fr-be\/#organization"},"potentialAction":[{"@type":"SearchAction","target":{"@type":"EntryPoint","urlTemplate":"https:\/\/www.accountable.eu\/fr-be\/?s={search_term_string}"},"query-input":{"@type":"PropertyValueSpecification","valueRequired":true,"valueName":"search_term_string"}}],"inLanguage":"fr-BE"},{"@type":"Organization","@id":"https:\/\/www.accountable.eu\/fr-be\/#organization","name":"Accountable","url":"https:\/\/www.accountable.eu\/fr-be\/","logo":{"@type":"ImageObject","inLanguage":"fr-BE","@id":"https:\/\/www.accountable.eu\/fr-be\/#\/schema\/logo\/image\/","url":"https:\/\/www.accountable.eu\/wp-content\/uploads\/2026\/04\/logo-512.png","contentUrl":"https:\/\/www.accountable.eu\/wp-content\/uploads\/2026\/04\/logo-512.png","width":512,"height":512,"caption":"Accountable"},"image":{"@id":"https:\/\/www.accountable.eu\/fr-be\/#\/schema\/logo\/image\/"}},{"@type":"Person","@id":"https:\/\/www.accountable.eu\/fr-be\/#\/schema\/person\/de2a66f2f69b8ede00c1247f105e6137","name":"Isabel Senden","image":{"@type":"ImageObject","inLanguage":"fr-BE","@id":"https:\/\/secure.gravatar.com\/avatar\/7f67e7d6d9abcd35af99e6a1b0aee8905804adfbca8ba4a95810051d1d6f9425?s=96&d=mm&r=g","url":"https:\/\/secure.gravatar.com\/avatar\/7f67e7d6d9abcd35af99e6a1b0aee8905804adfbca8ba4a95810051d1d6f9425?s=96&d=mm&r=g","contentUrl":"https:\/\/secure.gravatar.com\/avatar\/7f67e7d6d9abcd35af99e6a1b0aee8905804adfbca8ba4a95810051d1d6f9425?s=96&d=mm&r=g","caption":"Isabel Senden"}},{"@type":"Question","@id":"https:\/\/www.accountable.eu\/fr-be\/blog\/amortir-des-couts-quand-et-comment\/#faq-question-1724771673620","position":1,"url":"https:\/\/www.accountable.eu\/fr-be\/blog\/amortir-des-couts-quand-et-comment\/#faq-question-1724771673620","name":"Qu'est-ce qu'un amortissement ?","answerCount":1,"acceptedAnswer":{"@type":"Answer","text":"<br \/>Lorsque vous effectuez, en tant qu'ind\u00e9pendant, un achat co\u00fbteux (un investissement), comme une voiture, un ordinateur ou du mobilier, vous n'avez pas le droit de comptabiliser ce co\u00fbt en une seule fois. Vous devez r\u00e9partir ce co\u00fbt sur plusieurs ann\u00e9es, souvent sur la dur\u00e9e de vie estim\u00e9e de l'objet. C'est ce qu'on appelle l'amortissement d'une d\u00e9pense.","inLanguage":"fr-BE"},"inLanguage":"fr-BE"},{"@type":"Question","@id":"https:\/\/www.accountable.eu\/fr-be\/blog\/amortir-des-couts-quand-et-comment\/#faq-question-1724771738415","position":2,"url":"https:\/\/www.accountable.eu\/fr-be\/blog\/amortir-des-couts-quand-et-comment\/#faq-question-1724771738415","name":"Comment amortir une d\u00e9pense ?","answerCount":1,"acceptedAnswer":{"@type":"Answer","text":"<br \/>On amortit une d\u00e9pense en r\u00e9partissant le prix d'achat sur plusieurs exercices comptables et en d\u00e9duisant chaque fois une partie du co\u00fbt. La l\u00e9gislation propose des p\u00e9riodes d'amortissement pour chaque type d'achat. Ainsi, mieux vaut amortir le mobilier de votre bureau sur 10 ans, \u00e0 raison de 10 % par an. Votre comptable ou les coachs fiscaux d'Accountable peuvent vous renseigner \u00e0 ce sujet.","inLanguage":"fr-BE"},"inLanguage":"fr-BE"},{"@type":"Question","@id":"https:\/\/www.accountable.eu\/fr-be\/blog\/amortir-des-couts-quand-et-comment\/#faq-question-1724771801530","position":3,"url":"https:\/\/www.accountable.eu\/fr-be\/blog\/amortir-des-couts-quand-et-comment\/#faq-question-1724771801530","name":"Quelles sont les d\u00e9penses \u00e0 amortir ?","answerCount":1,"acceptedAnswer":{"@type":"Answer","text":"<br \/>La r\u00e8gle veut que l'on amortisse les gros investissements ou les achats co\u00fbteux qui dureront longtemps, comme un ordinateur, un t\u00e9l\u00e9phone portable, du mobilier de bureau, des b\u00e2timents, une voiture\u2026 La p\u00e9riode d'amortissement est d\u00e9termin\u00e9e en fonction de la dur\u00e9e de vie pr\u00e9vue de l'achat.","inLanguage":"fr-BE"},"inLanguage":"fr-BE"},{"@type":"Question","@id":"https:\/\/www.accountable.eu\/fr-be\/blog\/amortir-des-couts-quand-et-comment\/#faq-question-1724771848691","position":4,"url":"https:\/\/www.accountable.eu\/fr-be\/blog\/amortir-des-couts-quand-et-comment\/#faq-question-1724771848691","name":"Faut-il amortir un ordinateur ?","answerCount":1,"acceptedAnswer":{"@type":"Answer","text":"<br \/>L'administration fiscale belge vous demande d'amortir votre nouveau portable ou ordinateur sur 3 ans. Vous allez donc d\u00e9duire chaque ann\u00e9e 1\/3 du co\u00fbt achat \u00e0 titre de frais professionnels.","inLanguage":"fr-BE"},"inLanguage":"fr-BE"},{"@type":"Question","@id":"https:\/\/www.accountable.eu\/fr-be\/blog\/amortir-des-couts-quand-et-comment\/#faq-question-1724771902268","position":5,"url":"https:\/\/www.accountable.eu\/fr-be\/blog\/amortir-des-couts-quand-et-comment\/#faq-question-1724771902268","name":"Que se passe-t-il avec la TVA dans un amortissement ?","answerCount":1,"acceptedAnswer":{"@type":"Answer","text":"<br \/>Si vous \u00eates assujetti \u00e0 la TVA, vous amortissez le montant hors TVA et vous r\u00e9cup\u00e9rez toute la TVA li\u00e9e \u00e0 l'achat dans votre prochaine d\u00e9claration \u00e0 la TVA. Vous n'\u00eates pas assujetti \u00e0 la TVA ou \u00eates exon\u00e9r\u00e9 de la TVA ? Dans ce cas, vous amortissez le montant TVA comprise.","inLanguage":"fr-BE"},"inLanguage":"fr-BE"}]}},"_links":{"self":[{"href":"https:\/\/www.accountable.eu\/fr-be\/wp-json\/wp\/v2\/posts\/13112","targetHints":{"allow":["GET"]}}],"collection":[{"href":"https:\/\/www.accountable.eu\/fr-be\/wp-json\/wp\/v2\/posts"}],"about":[{"href":"https:\/\/www.accountable.eu\/fr-be\/wp-json\/wp\/v2\/types\/post"}],"author":[{"embeddable":true,"href":"https:\/\/www.accountable.eu\/fr-be\/wp-json\/wp\/v2\/users\/11"}],"replies":[{"embeddable":true,"href":"https:\/\/www.accountable.eu\/fr-be\/wp-json\/wp\/v2\/comments?post=13112"}],"version-history":[{"count":0,"href":"https:\/\/www.accountable.eu\/fr-be\/wp-json\/wp\/v2\/posts\/13112\/revisions"}],"wp:featuredmedia":[{"embeddable":true,"href":"https:\/\/www.accountable.eu\/fr-be\/wp-json\/wp\/v2\/media\/8793"}],"wp:attachment":[{"href":"https:\/\/www.accountable.eu\/fr-be\/wp-json\/wp\/v2\/media?parent=13112"}],"wp:term":[{"taxonomy":"category","embeddable":true,"href":"https:\/\/www.accountable.eu\/fr-be\/wp-json\/wp\/v2\/categories?post=13112"},{"taxonomy":"post_tag","embeddable":true,"href":"https:\/\/www.accountable.eu\/fr-be\/wp-json\/wp\/v2\/tags?post=13112"}],"curies":[{"name":"wp","href":"https:\/\/api.w.org\/{rel}","templated":true}]}}