{"id":13116,"date":"2022-05-11T15:56:43","date_gmt":"2022-05-11T13:56:43","guid":{"rendered":"https:\/\/prod-migration-second.local\/?p=13116"},"modified":"2026-04-06T11:34:50","modified_gmt":"2026-04-06T09:34:50","slug":"les-frais-professionnels-forfaitaires","status":"publish","type":"post","link":"https:\/\/www.accountable.eu\/fr-be\/blog\/les-frais-professionnels-forfaitaires\/","title":{"rendered":"Frais professionnels forfaitaires : quand sont-ils plus avantageux pour les ind\u00e9pendants\u2009?"},"content":{"rendered":"\n<p><span data-contrast=\"auto\"><strong>Depuis quelques ann\u00e9es, les ind\u00e9pendantspeuvent d\u00e9clarer des frais professionnels forfaitairesau lieu de frais r\u00e9els. Cela vous \u00e9vite bien des tracas avec les re\u00e7us et les factures qu\u2019il faut conserver. Mais mis \u00e0 part cet avantage, les frais forfaitairessont-ils le choix le plus avantageux pour votre entreprise\u2009? Nous faisons le point pour vous.\u00a0<\/strong><\/span><\/p>\n\n\n\n<h2 class=\"wp-block-heading\"><strong>Frais forfaitaires : de quoi s&rsquo;agit-il ?<\/strong><\/h2>\n\n\n\n<p>Les frais professionnels forfaitaires consistent en un <b><strong>pourcentage fixe de vos revenus d&rsquo;ind\u00e9pendant que vous pouvez d\u00e9duire en tant que frais<\/strong><\/b>.<\/p>\n\n\n\n<p>Si vous optez pour ce forfait, vous ne devez <b><strong>pas prouver<\/strong><\/b><strong> vos<\/strong> <a href=\"https:\/\/www.accountable.eu\/fr-be\/blog\/frais-deductibles-independant\/\"><b><u>frais professionnels<\/u><\/b><\/a> <strong>r\u00e9els en conservant vos<\/strong><b><strong> re\u00e7us et factures.<\/strong><\/b> Au lieu de cela, vous optez pour une d\u00e9duction standard bas\u00e9e sur votre revenu brut.<\/p>\n\n\n\n<p>Tant les <a href=\"https:\/\/www.accountable.eu\/fr-be\/blog\/independant-complementaire\/\"><b><u>ind\u00e9pendants \u00e0 titre compl\u00e9mentaire<\/u><\/b><\/a> que ceux \u00e0 titre principal peuvent utiliser la formule des frais professionnels forfaitaires. Le montant exact de la d\u00e9duction forfaitaire d\u00e9pend de vos revenus. Dans tous les cas, il y a un plafond : le <b><strong>montant maximum<\/strong><\/b> pour les revenus de 2025 (ann\u00e9e d&rsquo;imposition 2026) est de <b><strong>30 % maximum de votre b\u00e9n\u00e9fice brut<\/strong><\/b>, avec une <b><strong>limite de 5.930 euros.<\/strong><\/b><\/p>\n\n\n\n<p>\u26a0\ufe0f Pour calculer votre b\u00e9n\u00e9fice brut, vous devez d\u00e9duire de votre b\u00e9n\u00e9fice vos achats directs et vos <a href=\"https:\/\/www.accountable.eu\/fr-be\/blog\/cotisations-sociales-en-tant-quindependante\/\"><b><u>cotisations sociales<\/u><\/b><\/a>. Alors n&rsquo;oubliez pas d&rsquo;inclure vos cotisations trimestrielles dans votre calcul.<\/p>\n\n\n\n<h2 class=\"wp-block-heading\"><strong>Pour quels ind\u00e9pendants est-ce int\u00e9ressant d&rsquo;opter pour les frais forfaitaires ?<\/strong><\/h2>\n\n\n\n<h3 class=\"wp-block-heading\"><strong>1) Les frais forfaitaires pour les ind\u00e9pendants qui ont peu de frais<\/strong><\/h3>\n\n\n\n<p>Beaucoup d&rsquo;entrepreneurs ont des<b><strong> d\u00e9penses professionnelles peu \u00e9lev\u00e9es<\/strong><\/b>. C&rsquo;est le cas, par exemple, des freelances et des consultants qui n&rsquo;ont <strong>pas besoin d&rsquo;engager des&nbsp;frais mat\u00e9riels importants<\/strong> pour exercer leur activit\u00e9 ind\u00e9pendante.<\/p>\n\n\n\n<p>En tant qu&rsquo;enseignant, copywriter ou consultant ind\u00e9pendant, par exemple, il suffit souvent de disposer d&rsquo;un bon ordinateur, d&rsquo;un smartphone, de l&rsquo;un ou l&rsquo;autre logiciel sp\u00e9cifique et de mat\u00e9riel de bureau. Vous avez donc peu de co\u00fbts variables en plus de vos co\u00fbts fixes.<\/p>\n\n\n\n<p>Si vos <b><strong>frais professionnels r\u00e9els sont inf\u00e9rieurs au forfait<\/strong><\/b> ci-dessus, il vaut mieux opter pour des frais professionnels forfaitaires. <b><strong>Vous paierez moins d&rsquo;imp\u00f4ts.<\/strong><\/b> Sachez d&rsquo;ailleurs, la d\u00e9duction forfaitaire des frais professionnels est un droit absolu : le fisc ne peut en aucun cas r\u00e9duire le montant du forfait. M\u00eame si vos frais professionnels r\u00e9els s&rsquo;av\u00e8rent inf\u00e9rieurs.<\/p>\n\n\n\n<h3 class=\"wp-block-heading\"><strong>2) Les frais forfaitaires pour les ind\u00e9pendants compl\u00e9mentaires<\/strong><\/h3>\n\n\n\n<p>En r\u00e8gle g\u00e9n\u00e9rale, un <b><strong>ind\u00e9pendant compl\u00e9mentaire fait<\/strong><\/b>&nbsp;<b><strong>moins de frais<\/strong><\/b>, car il consacre moins de temps \u00e0 son activit\u00e9. L\u00e0, c&rsquo;est donc un r\u00e9flexe logique d&rsquo;additionner vos d\u00e9penses d\u00e9ductibles et de les comparer au forfait. Notez que <a href=\"https:\/\/www.fraispro.be\/\"><b><u>certains frais professionnels peuvent \u00eatre d\u00e9duits \u00e0 100 %, d&rsquo;autres seulement en partie<\/u><\/b>.<\/a><\/p>\n\n\n\n<p><b><strong>\ud83d\udca1Astuce Accountable <\/strong><\/b>: pour un ind\u00e9pendant \u00e0 titre principal, les frais r\u00e9ellement engag\u00e9s sont g\u00e9n\u00e9ralement plus \u00e9lev\u00e9s que les frais professionnels forfaitaires. Dans ce cas, il est g\u00e9n\u00e9ralement plus avantageux de d\u00e9clarer ses frais professionnels r\u00e9els.<\/p>\n\n\n\n<h2 class=\"wp-block-heading\"><strong>Quel est l&rsquo;avantage des frais professionnels forfaitaires pour les ind\u00e9pendants ?<\/strong><\/h2>\n\n\n\n<p>Comme on l&rsquo;a vu, d\u00e9duire un forfait pour vos frais professionnels n&rsquo;est pas avantageux pour tous les ind\u00e9pendants. Vous choisissez cette option ? Voici les avantages :<\/p>\n\n\n\n<ul class=\"wp-block-list\">\n<li>Vous ne devez pas conserver de <strong>re\u00e7us ou justificatifs d&rsquo;achat<\/strong> pour vos d\u00e9penses professionnelles. Cela vous fait gagner beaucoup de temps, \u00e0 vous et \u00e0 votre comptable (si vous en avez un).<\/li>\n\n\n\n<li>Votre <strong>d\u00e9claration fiscale est plus simple <\/strong>et rapide \u00e0 pr\u00e9parer.<\/li>\n\n\n\n<li>Et dans le meilleur des cas, le montant de frais forfaitaires est (nettement) sup\u00e9rieur \u00e0 vos frais professionnels r\u00e9els et vous payez donc <strong>moins d&rsquo;imp\u00f4ts<\/strong>.<\/li>\n<\/ul>\n\n\n\n<h2 class=\"wp-block-heading\"><strong>Exception : les frais forfaitaires pour les professions lib\u00e9rales<\/strong><\/h2>\n\n\n\n<p>Vous exercez une profession lib\u00e9rale en tant qu&rsquo;ind\u00e9pendant (compl\u00e9mentaire) ? Dans ce cas, les frais professionnels forfaitaires sont calcul\u00e9s avec des pourcentages diff\u00e9rents, <strong>en fonction de votre tranche de revenus<\/strong>. Et le plafond s&rsquo;\u00e9l\u00e8ve \u00e0<strong>\u00a05.210 \u20ac<\/strong>\u00a0(pour l&rsquo;ann\u00e9e d&rsquo;imposition 2026).<\/p>\n\n\n\n<p>\u2139\ufe0f <strong>Exemples de professions lib\u00e9rales<\/strong> souvent exerc\u00e9es \u00e0 titre ind\u00e9pendant en Belgique : les comptables, les journalistes, les psychologues, les ergoth\u00e9rapeutes, les m\u00e9decins, les dentistes, les architectes, les <a href=\"https:\/\/www.accountable.eu\/fr-be\/blog\/artiste-independant-belgique\/\">artistes<\/a> et les nutritionnistes.<\/p>\n\n\n\n<h2 class=\"wp-block-heading\"><b><span data-contrast=\"none\">Accountable vous aide \u00e0 choisir entre les <\/span><\/b><b><span data-contrast=\"none\">frais professionnels r\u00e9els<\/span><\/b><b><span data-contrast=\"none\"> et le forfait<\/span><\/b><span data-ccp-props=\"{&quot;201341983&quot;:0,&quot;335559739&quot;:240,&quot;335559740&quot;:360}\">&nbsp;<\/span><\/h2>\n\n\n\n<p><span data-contrast=\"auto\">Ne vous laissez pas d\u00e9courager par les calculs compliqu\u00e9s ou la quantit\u00e9 de re\u00e7us \u00e0 conserver. Accountable vous <\/span><a href=\"https:\/\/www.accountable.eu\/fr-be\/blog\/frais-professionnels-deductibles-pour-les-independants-quels-frais-pouvez-vous-deduire\/\"><b><span data-contrast=\"auto\">guide dans le labyrinthe des frais professionnels<\/span><\/b><\/a><span data-contrast=\"auto\"> et vous aide \u00e0 d\u00e9terminer si un forfait est le meilleur choix pour votre activit\u00e9 \u202f:<\/span><span data-ccp-props=\"{&quot;201341983&quot;:0,&quot;335559739&quot;:240,&quot;335559740&quot;:360}\">&nbsp;<\/span><\/p>\n\n\n\n<ul class=\"wp-block-list\">\n<li><span data-contrast=\"auto\">Dans notre <\/span><a href=\"https:\/\/www.fraispro.be\/\"><b><span data-contrast=\"none\">guide des frais professionnels<\/span><\/b><\/a><span data-contrast=\"auto\">, vous trouverez le pourcentage que vous pouvez d\u00e9clarer pour chaque achat.<\/span><span data-ccp-props=\"{&quot;201341983&quot;:0,&quot;335559685&quot;:0,&quot;335559731&quot;:0,&quot;335559739&quot;:240,&quot;335559740&quot;:360}\">&nbsp;<\/span><\/li>\n\n\n\n<li><span data-contrast=\"auto\">Si vous exercez une activit\u00e9 ind\u00e9pendante \u00e0 titre compl\u00e9mentaire, il n\u2019est pas facile de calculer combien celle-ci vous rapporte. Gr\u00e2ce \u00e0 notre <\/span><a href=\"https:\/\/www.accountable.eu\/fr-be\/impots-independant-complementaire\/\"><span data-contrast=\"none\">calculateur brut-net<\/span><\/a><span data-contrast=\"auto\">,<\/span><span data-contrast=\"auto\"> vous pouvez calculer votre <\/span><b><span data-contrast=\"auto\">revenu net<\/span><\/b><span data-contrast=\"auto\"> et savoir comment l\u2019optimiser.<\/span><span data-ccp-props=\"{&quot;201341983&quot;:0,&quot;335559685&quot;:0,&quot;335559731&quot;:0,&quot;335559739&quot;:240,&quot;335559740&quot;:360}\">&nbsp;<\/span><\/li>\n\n\n\n<li><a href=\"https:\/\/www.accountable.eu\/fr-be\/download\/\"><span data-contrast=\"none\">L\u2019application Accountable<\/span><\/a><span data-contrast=\"auto\"> vous aide \u00e0 d\u00e9clarer vos d\u00e9penses professionnelles de la mani\u00e8re la plus avantageuse. Scannez tous vos tickets et Accountable cat\u00e9gorise automatiquement toutes vos d\u00e9penses. C\u2019est le moment de faire votre d\u00e9claration fiscale ? L\u2019app calcule la meilleure option pour vous \u202f: d\u00e9clarer les <\/span><b><span data-contrast=\"auto\">frais professionnels r\u00e9els ou opter pour le forfait<\/span><\/b><span data-contrast=\"auto\">.&nbsp;<\/span><\/li>\n<\/ul>\n\n\n\n<p><span data-contrast=\"auto\">Vous doutez encore sur le meilleur choix pour votre entreprise ? Posez la question \u00e0 votre comptable ou \u00e0 nos <\/span><a href=\"https:\/\/www.accountable.eu\/fr-be\/coach-fiscal\/\"><span data-contrast=\"none\">Coachs fiscaux<\/span><\/a><span data-contrast=\"auto\">. Ils vous aideront \u00e0 prendre la bonne d\u00e9cision.<\/span><\/p>\n","protected":false},"excerpt":{"rendered":"<p>Depuis quelques ann\u00e9es, les ind\u00e9pendantspeuvent d\u00e9clarer des frais professionnels forfaitairesau lieu de frais r\u00e9els. Cela vous \u00e9vite bien des tracas avec les re\u00e7us et les factures qu\u2019il faut conserver. Mais mis \u00e0 part cet avantage, les frais forfaitairessont-ils le choix le plus avantageux pour votre entreprise\u2009? Nous faisons le point pour vous.\u00a0 Frais forfaitaires : [&hellip;]<\/p>\n","protected":false},"author":11,"featured_media":4051,"comment_status":"open","ping_status":"open","sticky":false,"template":"","format":"standard","meta":{"inline_featured_image":false,"footnotes":""},"categories":[287,293,240],"tags":[307,310],"class_list":["post-13116","post","type-post","status-publish","format-standard","has-post-thumbnail","hentry","category-deduire-vos-frais-professionnels","category-optimisation-fiscale","category-uncategorized-fr-be","tag-frais-professionnels","tag-impots"],"acf":[],"yoast_head":"<!-- This site is optimized with the Yoast SEO plugin v27.4 - https:\/\/yoast.com\/product\/yoast-seo-wordpress\/ -->\n<title>Frais professionnels forfaitaires : quand sont-ils plus avantageux pour les ind\u00e9pendants\u2009? - Accountable<\/title>\n<meta name=\"description\" content=\"En tant qu\u2019ind\u00e9pendant(e), vous pouvez d\u00e9clarer des frais professionnels forfaitaires au lieu des frais r\u00e9els. Que vaut-il mieux choisir\u2009?\" \/>\n<meta name=\"robots\" content=\"index, follow, max-snippet:-1, max-image-preview:large, max-video-preview:-1\" \/>\n<link rel=\"canonical\" href=\"https:\/\/www.accountable.eu\/fr-be\/blog\/les-frais-professionnels-forfaitaires\/\" \/>\n<meta property=\"og:locale\" content=\"fr_FR\" \/>\n<meta property=\"og:type\" content=\"article\" \/>\n<meta property=\"og:title\" content=\"Frais professionnels forfaitaires : quand sont-ils plus avantageux pour les ind\u00e9pendants\u2009? - Accountable\" \/>\n<meta property=\"og:description\" content=\"En tant qu\u2019ind\u00e9pendant(e), vous pouvez d\u00e9clarer des frais professionnels forfaitaires au lieu des frais r\u00e9els. Que vaut-il mieux choisir\u2009?\" \/>\n<meta property=\"og:url\" content=\"https:\/\/www.accountable.eu\/fr-be\/blog\/les-frais-professionnels-forfaitaires\/\" \/>\n<meta property=\"og:site_name\" content=\"Accountable\" \/>\n<meta property=\"article:published_time\" content=\"2022-05-11T13:56:43+00:00\" \/>\n<meta property=\"article:modified_time\" content=\"2026-04-06T09:34:50+00:00\" \/>\n<meta property=\"og:image\" content=\"https:\/\/www.accountable.eu\/wp-content\/uploads\/2022\/04\/2.png\" \/>\n\t<meta property=\"og:image:width\" content=\"343\" \/>\n\t<meta property=\"og:image:height\" content=\"200\" \/>\n\t<meta property=\"og:image:type\" content=\"image\/png\" \/>\n<meta name=\"author\" content=\"Isabel Senden\" \/>\n<meta name=\"twitter:card\" content=\"summary_large_image\" \/>\n<meta name=\"twitter:label1\" content=\"\u00c9crit par\" \/>\n\t<meta name=\"twitter:data1\" content=\"Isabel Senden\" \/>\n\t<meta name=\"twitter:label2\" content=\"Dur\u00e9e de lecture est.\" \/>\n\t<meta name=\"twitter:data2\" content=\"4 minutes\" \/>\n<script type=\"application\/ld+json\" class=\"yoast-schema-graph\">{\"@context\":\"https:\\\/\\\/schema.org\",\"@graph\":[{\"@type\":\"Article\",\"@id\":\"https:\\\/\\\/www.accountable.eu\\\/fr-be\\\/blog\\\/les-frais-professionnels-forfaitaires\\\/#article\",\"isPartOf\":{\"@id\":\"https:\\\/\\\/www.accountable.eu\\\/fr-be\\\/blog\\\/les-frais-professionnels-forfaitaires\\\/\"},\"author\":{\"name\":\"Isabel Senden\",\"@id\":\"https:\\\/\\\/www.accountable.eu\\\/fr-be\\\/#\\\/schema\\\/person\\\/de2a66f2f69b8ede00c1247f105e6137\"},\"headline\":\"Frais professionnels forfaitaires : quand sont-ils plus avantageux pour les ind\u00e9pendants\u2009?\",\"datePublished\":\"2022-05-11T13:56:43+00:00\",\"dateModified\":\"2026-04-06T09:34:50+00:00\",\"mainEntityOfPage\":{\"@id\":\"https:\\\/\\\/www.accountable.eu\\\/fr-be\\\/blog\\\/les-frais-professionnels-forfaitaires\\\/\"},\"wordCount\":943,\"commentCount\":0,\"publisher\":{\"@id\":\"https:\\\/\\\/www.accountable.eu\\\/fr-be\\\/#organization\"},\"image\":{\"@id\":\"https:\\\/\\\/www.accountable.eu\\\/fr-be\\\/blog\\\/les-frais-professionnels-forfaitaires\\\/#primaryimage\"},\"thumbnailUrl\":\"https:\\\/\\\/www.accountable.eu\\\/wp-content\\\/uploads\\\/2022\\\/04\\\/2.png\",\"keywords\":[\"Frais pro\",\"Imp\u00f4ts\"],\"articleSection\":[\"Frais professionnels\",\"Optimisation fiscale\",\"Uncategorized @fr-be\"],\"inLanguage\":\"fr-BE\",\"potentialAction\":[{\"@type\":\"CommentAction\",\"name\":\"Comment\",\"target\":[\"https:\\\/\\\/www.accountable.eu\\\/fr-be\\\/blog\\\/les-frais-professionnels-forfaitaires\\\/#respond\"]}]},{\"@type\":\"WebPage\",\"@id\":\"https:\\\/\\\/www.accountable.eu\\\/fr-be\\\/blog\\\/les-frais-professionnels-forfaitaires\\\/\",\"url\":\"https:\\\/\\\/www.accountable.eu\\\/fr-be\\\/blog\\\/les-frais-professionnels-forfaitaires\\\/\",\"name\":\"Frais professionnels forfaitaires : quand sont-ils plus avantageux pour les ind\u00e9pendants\u2009? - Accountable\",\"isPartOf\":{\"@id\":\"https:\\\/\\\/www.accountable.eu\\\/fr-be\\\/#website\"},\"primaryImageOfPage\":{\"@id\":\"https:\\\/\\\/www.accountable.eu\\\/fr-be\\\/blog\\\/les-frais-professionnels-forfaitaires\\\/#primaryimage\"},\"image\":{\"@id\":\"https:\\\/\\\/www.accountable.eu\\\/fr-be\\\/blog\\\/les-frais-professionnels-forfaitaires\\\/#primaryimage\"},\"thumbnailUrl\":\"https:\\\/\\\/www.accountable.eu\\\/wp-content\\\/uploads\\\/2022\\\/04\\\/2.png\",\"datePublished\":\"2022-05-11T13:56:43+00:00\",\"dateModified\":\"2026-04-06T09:34:50+00:00\",\"description\":\"En tant qu\u2019ind\u00e9pendant(e), vous pouvez d\u00e9clarer des frais professionnels forfaitaires au lieu des frais r\u00e9els. Que vaut-il mieux choisir\u2009?\",\"breadcrumb\":{\"@id\":\"https:\\\/\\\/www.accountable.eu\\\/fr-be\\\/blog\\\/les-frais-professionnels-forfaitaires\\\/#breadcrumb\"},\"inLanguage\":\"fr-BE\",\"potentialAction\":[{\"@type\":\"ReadAction\",\"target\":[\"https:\\\/\\\/www.accountable.eu\\\/fr-be\\\/blog\\\/les-frais-professionnels-forfaitaires\\\/\"]}]},{\"@type\":\"ImageObject\",\"inLanguage\":\"fr-BE\",\"@id\":\"https:\\\/\\\/www.accountable.eu\\\/fr-be\\\/blog\\\/les-frais-professionnels-forfaitaires\\\/#primaryimage\",\"url\":\"https:\\\/\\\/www.accountable.eu\\\/wp-content\\\/uploads\\\/2022\\\/04\\\/2.png\",\"contentUrl\":\"https:\\\/\\\/www.accountable.eu\\\/wp-content\\\/uploads\\\/2022\\\/04\\\/2.png\",\"width\":343,\"height\":200},{\"@type\":\"BreadcrumbList\",\"@id\":\"https:\\\/\\\/www.accountable.eu\\\/fr-be\\\/blog\\\/les-frais-professionnels-forfaitaires\\\/#breadcrumb\",\"itemListElement\":[{\"@type\":\"ListItem\",\"position\":1,\"name\":\"Home\",\"item\":\"https:\\\/\\\/www.accountable.eu\\\/fr-be\\\/\"},{\"@type\":\"ListItem\",\"position\":2,\"name\":\"Frais professionnels forfaitaires : quand sont-ils plus avantageux pour les ind\u00e9pendants\u2009?\"}]},{\"@type\":\"WebSite\",\"@id\":\"https:\\\/\\\/www.accountable.eu\\\/fr-be\\\/#website\",\"url\":\"https:\\\/\\\/www.accountable.eu\\\/fr-be\\\/\",\"name\":\"Accountable\",\"description\":\"Your accountant and tax advisor on your smartphone\",\"publisher\":{\"@id\":\"https:\\\/\\\/www.accountable.eu\\\/fr-be\\\/#organization\"},\"potentialAction\":[{\"@type\":\"SearchAction\",\"target\":{\"@type\":\"EntryPoint\",\"urlTemplate\":\"https:\\\/\\\/www.accountable.eu\\\/fr-be\\\/?s={search_term_string}\"},\"query-input\":{\"@type\":\"PropertyValueSpecification\",\"valueRequired\":true,\"valueName\":\"search_term_string\"}}],\"inLanguage\":\"fr-BE\"},{\"@type\":\"Organization\",\"@id\":\"https:\\\/\\\/www.accountable.eu\\\/fr-be\\\/#organization\",\"name\":\"Accountable\",\"url\":\"https:\\\/\\\/www.accountable.eu\\\/fr-be\\\/\",\"logo\":{\"@type\":\"ImageObject\",\"inLanguage\":\"fr-BE\",\"@id\":\"https:\\\/\\\/www.accountable.eu\\\/fr-be\\\/#\\\/schema\\\/logo\\\/image\\\/\",\"url\":\"https:\\\/\\\/www.accountable.eu\\\/wp-content\\\/uploads\\\/2026\\\/04\\\/logo-512.png\",\"contentUrl\":\"https:\\\/\\\/www.accountable.eu\\\/wp-content\\\/uploads\\\/2026\\\/04\\\/logo-512.png\",\"width\":512,\"height\":512,\"caption\":\"Accountable\"},\"image\":{\"@id\":\"https:\\\/\\\/www.accountable.eu\\\/fr-be\\\/#\\\/schema\\\/logo\\\/image\\\/\"}},{\"@type\":\"Person\",\"@id\":\"https:\\\/\\\/www.accountable.eu\\\/fr-be\\\/#\\\/schema\\\/person\\\/de2a66f2f69b8ede00c1247f105e6137\",\"name\":\"Isabel Senden\",\"image\":{\"@type\":\"ImageObject\",\"inLanguage\":\"fr-BE\",\"@id\":\"https:\\\/\\\/secure.gravatar.com\\\/avatar\\\/7f67e7d6d9abcd35af99e6a1b0aee8905804adfbca8ba4a95810051d1d6f9425?s=96&d=mm&r=g\",\"url\":\"https:\\\/\\\/secure.gravatar.com\\\/avatar\\\/7f67e7d6d9abcd35af99e6a1b0aee8905804adfbca8ba4a95810051d1d6f9425?s=96&d=mm&r=g\",\"contentUrl\":\"https:\\\/\\\/secure.gravatar.com\\\/avatar\\\/7f67e7d6d9abcd35af99e6a1b0aee8905804adfbca8ba4a95810051d1d6f9425?s=96&d=mm&r=g\",\"caption\":\"Isabel Senden\"}}]}<\/script>\n<!-- \/ Yoast SEO plugin. -->","yoast_head_json":{"title":"Frais professionnels forfaitaires : quand sont-ils plus avantageux pour les ind\u00e9pendants\u2009? - Accountable","description":"En tant qu\u2019ind\u00e9pendant(e), vous pouvez d\u00e9clarer des frais professionnels forfaitaires au lieu des frais r\u00e9els. Que vaut-il mieux choisir\u2009?","robots":{"index":"index","follow":"follow","max-snippet":"max-snippet:-1","max-image-preview":"max-image-preview:large","max-video-preview":"max-video-preview:-1"},"canonical":"https:\/\/www.accountable.eu\/fr-be\/blog\/les-frais-professionnels-forfaitaires\/","og_locale":"fr_FR","og_type":"article","og_title":"Frais professionnels forfaitaires : quand sont-ils plus avantageux pour les ind\u00e9pendants\u2009? - Accountable","og_description":"En tant qu\u2019ind\u00e9pendant(e), vous pouvez d\u00e9clarer des frais professionnels forfaitaires au lieu des frais r\u00e9els. Que vaut-il mieux choisir\u2009?","og_url":"https:\/\/www.accountable.eu\/fr-be\/blog\/les-frais-professionnels-forfaitaires\/","og_site_name":"Accountable","article_published_time":"2022-05-11T13:56:43+00:00","article_modified_time":"2026-04-06T09:34:50+00:00","og_image":[{"width":343,"height":200,"url":"https:\/\/www.accountable.eu\/wp-content\/uploads\/2022\/04\/2.png","type":"image\/png"}],"author":"Isabel Senden","twitter_card":"summary_large_image","twitter_misc":{"\u00c9crit par":"Isabel Senden","Dur\u00e9e de lecture est.":"4 minutes"},"schema":{"@context":"https:\/\/schema.org","@graph":[{"@type":"Article","@id":"https:\/\/www.accountable.eu\/fr-be\/blog\/les-frais-professionnels-forfaitaires\/#article","isPartOf":{"@id":"https:\/\/www.accountable.eu\/fr-be\/blog\/les-frais-professionnels-forfaitaires\/"},"author":{"name":"Isabel Senden","@id":"https:\/\/www.accountable.eu\/fr-be\/#\/schema\/person\/de2a66f2f69b8ede00c1247f105e6137"},"headline":"Frais professionnels forfaitaires : quand sont-ils plus avantageux pour les ind\u00e9pendants\u2009?","datePublished":"2022-05-11T13:56:43+00:00","dateModified":"2026-04-06T09:34:50+00:00","mainEntityOfPage":{"@id":"https:\/\/www.accountable.eu\/fr-be\/blog\/les-frais-professionnels-forfaitaires\/"},"wordCount":943,"commentCount":0,"publisher":{"@id":"https:\/\/www.accountable.eu\/fr-be\/#organization"},"image":{"@id":"https:\/\/www.accountable.eu\/fr-be\/blog\/les-frais-professionnels-forfaitaires\/#primaryimage"},"thumbnailUrl":"https:\/\/www.accountable.eu\/wp-content\/uploads\/2022\/04\/2.png","keywords":["Frais pro","Imp\u00f4ts"],"articleSection":["Frais professionnels","Optimisation fiscale","Uncategorized @fr-be"],"inLanguage":"fr-BE","potentialAction":[{"@type":"CommentAction","name":"Comment","target":["https:\/\/www.accountable.eu\/fr-be\/blog\/les-frais-professionnels-forfaitaires\/#respond"]}]},{"@type":"WebPage","@id":"https:\/\/www.accountable.eu\/fr-be\/blog\/les-frais-professionnels-forfaitaires\/","url":"https:\/\/www.accountable.eu\/fr-be\/blog\/les-frais-professionnels-forfaitaires\/","name":"Frais professionnels forfaitaires : quand sont-ils plus avantageux pour les ind\u00e9pendants\u2009? - Accountable","isPartOf":{"@id":"https:\/\/www.accountable.eu\/fr-be\/#website"},"primaryImageOfPage":{"@id":"https:\/\/www.accountable.eu\/fr-be\/blog\/les-frais-professionnels-forfaitaires\/#primaryimage"},"image":{"@id":"https:\/\/www.accountable.eu\/fr-be\/blog\/les-frais-professionnels-forfaitaires\/#primaryimage"},"thumbnailUrl":"https:\/\/www.accountable.eu\/wp-content\/uploads\/2022\/04\/2.png","datePublished":"2022-05-11T13:56:43+00:00","dateModified":"2026-04-06T09:34:50+00:00","description":"En tant qu\u2019ind\u00e9pendant(e), vous pouvez d\u00e9clarer des frais professionnels forfaitaires au lieu des frais r\u00e9els. Que vaut-il mieux choisir\u2009?","breadcrumb":{"@id":"https:\/\/www.accountable.eu\/fr-be\/blog\/les-frais-professionnels-forfaitaires\/#breadcrumb"},"inLanguage":"fr-BE","potentialAction":[{"@type":"ReadAction","target":["https:\/\/www.accountable.eu\/fr-be\/blog\/les-frais-professionnels-forfaitaires\/"]}]},{"@type":"ImageObject","inLanguage":"fr-BE","@id":"https:\/\/www.accountable.eu\/fr-be\/blog\/les-frais-professionnels-forfaitaires\/#primaryimage","url":"https:\/\/www.accountable.eu\/wp-content\/uploads\/2022\/04\/2.png","contentUrl":"https:\/\/www.accountable.eu\/wp-content\/uploads\/2022\/04\/2.png","width":343,"height":200},{"@type":"BreadcrumbList","@id":"https:\/\/www.accountable.eu\/fr-be\/blog\/les-frais-professionnels-forfaitaires\/#breadcrumb","itemListElement":[{"@type":"ListItem","position":1,"name":"Home","item":"https:\/\/www.accountable.eu\/fr-be\/"},{"@type":"ListItem","position":2,"name":"Frais professionnels forfaitaires : quand sont-ils plus avantageux pour les ind\u00e9pendants\u2009?"}]},{"@type":"WebSite","@id":"https:\/\/www.accountable.eu\/fr-be\/#website","url":"https:\/\/www.accountable.eu\/fr-be\/","name":"Accountable","description":"Your accountant and tax advisor on your smartphone","publisher":{"@id":"https:\/\/www.accountable.eu\/fr-be\/#organization"},"potentialAction":[{"@type":"SearchAction","target":{"@type":"EntryPoint","urlTemplate":"https:\/\/www.accountable.eu\/fr-be\/?s={search_term_string}"},"query-input":{"@type":"PropertyValueSpecification","valueRequired":true,"valueName":"search_term_string"}}],"inLanguage":"fr-BE"},{"@type":"Organization","@id":"https:\/\/www.accountable.eu\/fr-be\/#organization","name":"Accountable","url":"https:\/\/www.accountable.eu\/fr-be\/","logo":{"@type":"ImageObject","inLanguage":"fr-BE","@id":"https:\/\/www.accountable.eu\/fr-be\/#\/schema\/logo\/image\/","url":"https:\/\/www.accountable.eu\/wp-content\/uploads\/2026\/04\/logo-512.png","contentUrl":"https:\/\/www.accountable.eu\/wp-content\/uploads\/2026\/04\/logo-512.png","width":512,"height":512,"caption":"Accountable"},"image":{"@id":"https:\/\/www.accountable.eu\/fr-be\/#\/schema\/logo\/image\/"}},{"@type":"Person","@id":"https:\/\/www.accountable.eu\/fr-be\/#\/schema\/person\/de2a66f2f69b8ede00c1247f105e6137","name":"Isabel Senden","image":{"@type":"ImageObject","inLanguage":"fr-BE","@id":"https:\/\/secure.gravatar.com\/avatar\/7f67e7d6d9abcd35af99e6a1b0aee8905804adfbca8ba4a95810051d1d6f9425?s=96&d=mm&r=g","url":"https:\/\/secure.gravatar.com\/avatar\/7f67e7d6d9abcd35af99e6a1b0aee8905804adfbca8ba4a95810051d1d6f9425?s=96&d=mm&r=g","contentUrl":"https:\/\/secure.gravatar.com\/avatar\/7f67e7d6d9abcd35af99e6a1b0aee8905804adfbca8ba4a95810051d1d6f9425?s=96&d=mm&r=g","caption":"Isabel Senden"}}]}},"_links":{"self":[{"href":"https:\/\/www.accountable.eu\/fr-be\/wp-json\/wp\/v2\/posts\/13116","targetHints":{"allow":["GET"]}}],"collection":[{"href":"https:\/\/www.accountable.eu\/fr-be\/wp-json\/wp\/v2\/posts"}],"about":[{"href":"https:\/\/www.accountable.eu\/fr-be\/wp-json\/wp\/v2\/types\/post"}],"author":[{"embeddable":true,"href":"https:\/\/www.accountable.eu\/fr-be\/wp-json\/wp\/v2\/users\/11"}],"replies":[{"embeddable":true,"href":"https:\/\/www.accountable.eu\/fr-be\/wp-json\/wp\/v2\/comments?post=13116"}],"version-history":[{"count":1,"href":"https:\/\/www.accountable.eu\/fr-be\/wp-json\/wp\/v2\/posts\/13116\/revisions"}],"predecessor-version":[{"id":22943,"href":"https:\/\/www.accountable.eu\/fr-be\/wp-json\/wp\/v2\/posts\/13116\/revisions\/22943"}],"wp:featuredmedia":[{"embeddable":true,"href":"https:\/\/www.accountable.eu\/fr-be\/wp-json\/wp\/v2\/media\/4051"}],"wp:attachment":[{"href":"https:\/\/www.accountable.eu\/fr-be\/wp-json\/wp\/v2\/media?parent=13116"}],"wp:term":[{"taxonomy":"category","embeddable":true,"href":"https:\/\/www.accountable.eu\/fr-be\/wp-json\/wp\/v2\/categories?post=13116"},{"taxonomy":"post_tag","embeddable":true,"href":"https:\/\/www.accountable.eu\/fr-be\/wp-json\/wp\/v2\/tags?post=13116"}],"curies":[{"name":"wp","href":"https:\/\/api.w.org\/{rel}","templated":true}]}}