{"id":13119,"date":"2022-05-11T15:56:41","date_gmt":"2022-05-11T13:56:41","guid":{"rendered":"https:\/\/prod-migration-second.local\/?p=13119"},"modified":"2025-10-30T17:45:56","modified_gmt":"2025-10-30T16:45:56","slug":"deduire-la-tva","status":"publish","type":"post","link":"https:\/\/www.accountable.eu\/fr-be\/blog\/deduire-la-tva\/","title":{"rendered":"D\u00e9duire la TVA\u202f: comment proc\u00e9der\u2009?"},"content":{"rendered":"\n<p><b><span data-contrast=\"auto\">Si vous \u00eates assujetti(e) \u00e0 la TVA en tant qu\u2019entrepreneur, vous devez facturer la TVA sur les factures de vos clients. Vous recevez alors le montant de la TVA, mais ne pouvez pas le conserver. Vous devez reverser les montants de la TVA \u00e0 l\u2019administration TVA \u00e0 des moments fixes. Par contre, vous pouvez d\u00e9duire la TVA que vous payez sur vos achats du montant \u00e0 reverser.<\/span><\/b><\/p>\n\n\n\n<p><b><span data-contrast=\"auto\">Vous lirez ci-dessous quand et comment r\u00e9cup\u00e9rer la TVA.<\/span><\/b><span data-ccp-props=\"{&quot;201341983&quot;:0,&quot;335559739&quot;:240,&quot;335559740&quot;:360}\">\u00a0<\/span><\/p>\n\n\n\n<h2 class=\"wp-block-heading\"><span data-contrast=\"none\">R\u00e9cup\u00e9rer la TVA<\/span><\/h2>\n\n\n\n<p><span data-contrast=\"auto\">La facturation, la r\u00e9ception et le versement de la TVA demandent pas mal d\u2019administration. Mais tout ce travail pr\u00e9sente aussi un c\u00f4t\u00e9 positif. Vous \u00eates un entrepreneur assujetti \u00e0 la TVA\u2009? Vous pouvez alors <\/span><b><span data-contrast=\"auto\">r\u00e9cup\u00e9rer<\/span><\/b><span data-contrast=\"auto\"> la TVA que vous payez sur vos achats professionnels.&nbsp;<\/span><span data-ccp-props=\"{&quot;201341983&quot;:0,&quot;335559739&quot;:240,&quot;335559740&quot;:360}\">&nbsp;<\/span><\/p>\n\n\n\n<p><span data-contrast=\"auto\">En d\u2019autres termes\u202f: vous pouvez <\/span><b><span data-contrast=\"auto\">d\u00e9duire le montant de TVA<\/span><\/b><span data-contrast=\"auto\"> que vous payez du montant de TVA <\/span><b><span data-contrast=\"auto\">que vous devez reverser<\/span><\/b><span data-contrast=\"auto\"> \u00e0 l\u2019administration TVA. L\u2019ordinateur que vous achetez ou la formation que vous suivez sera ainsi un peu moins cher.<\/span><span data-ccp-props=\"{&quot;201341983&quot;:0,&quot;335559739&quot;:240,&quot;335559740&quot;:360}\">&nbsp;<\/span><\/p>\n\n\n\n<h3 class=\"wp-block-heading\"><span data-contrast=\"none\">Assujetti \u00e0 la TVA ou non\u2009?\u00a0<\/span><\/h3>\n\n\n\n<p><span data-contrast=\"auto\">Votre chiffre d\u2019affaires annuel est <\/span><b><span data-contrast=\"auto\">inf\u00e9rieur \u00e0 25\u2009000\u202feuros\u2009? <\/span><\/b><span data-contrast=\"auto\">Vous pouvez alors <\/span><a href=\"https:\/\/www.accountable.eu\/fr-be\/blog\/franchise-tva\/\"><span data-contrast=\"none\">demander \u00e0 b\u00e9n\u00e9ficier de la franchise TVA<\/span><\/a><span data-contrast=\"auto\">. Dans ce cas, vous ne facturez pas de TVA et ne devez pas la reverser. Point n\u00e9gatif\u202f: dans ce cas, vous ne pouvez pas r\u00e9cup\u00e9rer la TVA sur vos achats. La franchise est soumise \u00e0 plusieurs conditions.&nbsp;<\/span><\/p>\n\n\n\n<h2 class=\"wp-block-heading\"><span data-contrast=\"none\">Puis-je d\u00e9duire la totalit\u00e9 de la TVA\u2009?<\/span><\/h2>\n\n\n\n<p><span data-contrast=\"auto\">Une condition importante pour <\/span><span data-contrast=\"auto\">d\u00e9duire la TVA<\/span><span data-contrast=\"auto\"> est que votre achat rel\u00e8ve de la cat\u00e9gorie des <\/span><b><span data-contrast=\"auto\">frais professionnels<\/span><\/b><span data-contrast=\"auto\">. Cela signifie que vous avez besoin du produit ou du service pour mener \u00e0 bien votre activit\u00e9 professionnelle. Des<\/span><span data-contrast=\"auto\"> exemples<\/span><span data-contrast=\"auto\"> de telles <\/span><span data-contrast=\"auto\">d\u00e9penses professionnelles<\/span><span data-contrast=\"auto\"> sont\u202f:<\/span><span data-ccp-props=\"{&quot;201341983&quot;:0,&quot;335559739&quot;:240,&quot;335559740&quot;:360}\">&nbsp;<\/span><\/p>\n\n\n\n<ul class=\"wp-block-list\">\n<li><span data-contrast=\"auto\">un ordinateur portable\u2009;<\/span><span data-ccp-props=\"{&quot;201341983&quot;:0,&quot;335559739&quot;:240,&quot;335559740&quot;:360}\">\u00a0<\/span><\/li>\n\n\n\n<li><span data-contrast=\"auto\">des fournitures de bureau comme des cartouches d\u2019encre, du papier et des stylos \u00e0 bille\u2009;<\/span><span data-ccp-props=\"{&quot;201341983&quot;:0,&quot;335559739&quot;:240,&quot;335559740&quot;:360}\">\u00a0<\/span><\/li>\n\n\n\n<li><span data-contrast=\"auto\">des livres et des magazines dans votre domaine\u2009;<\/span><span data-ccp-props=\"{&quot;201341983&quot;:0,&quot;335559739&quot;:240,&quot;335559740&quot;:360}\">\u00a0<\/span><\/li>\n\n\n\n<li><span data-contrast=\"auto\">une formation pour am\u00e9liorer votre productivit\u00e9.<\/span><span data-ccp-props=\"{&quot;201341983&quot;:0,&quot;335559739&quot;:240,&quot;335559740&quot;:360}\">\u00a0<\/span><\/li>\n<\/ul>\n\n\n\n<p><span data-contrast=\"auto\">Le livre de contes de f\u00e9es que vous achetez pour faire la lecture \u00e0 vos enfants n\u2019est pas une d\u00e9pense professionnelle.<\/span><span data-ccp-props=\"{&quot;201341983&quot;:0,&quot;335559739&quot;:240,&quot;335559740&quot;:360}\">&nbsp;<\/span><\/p>\n\n\n\n<h3 class=\"wp-block-heading\"><span data-contrast=\"none\">Une facture d\u2019achat correcte<\/span><\/h3>\n\n\n\n<p><span data-contrast=\"auto\">Une autre condition importante pour pouvoir d\u00e9duire la TVA est de disposer d\u2019une facture d\u2019achat correcte. Les m\u00eames obligations s\u2019appliquent aux factures d\u2019achat et aux <\/span><a href=\"https:\/\/www.accountable.eu\/fr-be\/blog\/belgique-faire-facture\/\"><span data-contrast=\"none\">factures de vente<\/span><\/a><span data-contrast=\"auto\">\u202f: la facture d\u2019achat doit mentionner <\/span><b><span data-contrast=\"auto\">votre num\u00e9ro de TVA<\/span><\/b><span data-contrast=\"auto\"> et le pourcentage de TVA applicable. Si ce n\u2019est pas le cas, la facture n\u2019est pas juridiquement valable et vous ne pouvez pas d\u00e9duire la TVA.<\/span><span data-ccp-props=\"{&quot;201341983&quot;:0,&quot;335559739&quot;:240,&quot;335559740&quot;:360}\">&nbsp;<\/span><\/p>\n\n\n\n<h3 class=\"wp-block-heading\"><span data-contrast=\"none\">Limitations de la d\u00e9ductibilit\u00e9 fiscale\u00a0<\/span><\/h3>\n\n\n\n<p><span data-contrast=\"auto\">Vous devez \u00e9galement tenir compte des restrictions l\u00e9gales. Parfois, la <\/span><span data-contrast=\"auto\">TVA<\/span> <span data-contrast=\"auto\">n\u2019<\/span><span data-contrast=\"auto\">est <\/span><span data-contrast=\"auto\">pas<\/span> <span data-contrast=\"auto\">d\u00e9ductible<\/span><span data-contrast=\"auto\"> ou ne l\u2019est que pour un pourcentage limit\u00e9 &#8211; m\u00eame s\u2019il s\u2019agit de <\/span><span data-contrast=\"auto\">frais professionnels<\/span><span data-contrast=\"auto\">. Quelques exemples de <\/span><b><span data-contrast=\"auto\">d\u00e9ductibilit\u00e9 limit\u00e9e de la TVA\u202f<\/span><\/b><span data-contrast=\"auto\">:<\/span><span data-ccp-props=\"{&quot;201341983&quot;:0,&quot;335559739&quot;:240,&quot;335559740&quot;:360}\">&nbsp;<\/span><\/p>\n\n\n\n<ul class=\"wp-block-list\">\n<li><span data-contrast=\"auto\">La TVA sur les <\/span><b><span data-contrast=\"auto\">voitures particuli\u00e8res<\/span><\/b><span data-contrast=\"auto\"> est d\u00e9ductible \u00e0 hauteur de <\/span><b><span data-contrast=\"auto\">50\u202f%<\/span><\/b><span data-contrast=\"auto\">. Si vous utilisez la voiture \u00e0 titre professionnel et priv\u00e9, il faut d\u2019abord d\u00e9terminer la part professionnelle de l\u2019utilisation. Vous pouvez alors r\u00e9cup\u00e9rer 50\u202f% de la TVA sur cette part professionnelle.<\/span><span data-ccp-props=\"{&quot;201341983&quot;:0,&quot;335559685&quot;:0,&quot;335559731&quot;:0,&quot;335559739&quot;:240,&quot;335559740&quot;:360}\">\u00a0<\/span><\/li>\n\n\n\n<li><span data-contrast=\"auto\">La <\/span><span data-contrast=\"auto\">TVA sur les <\/span><b><span data-contrast=\"auto\">frais de restaurant<\/span><\/b> <b><span data-contrast=\"auto\">n\u2019est pas d\u00e9ductible<\/span><\/b><span data-contrast=\"auto\">.<\/span><span data-ccp-props=\"{&quot;201341983&quot;:0,&quot;335559685&quot;:0,&quot;335559731&quot;:0,&quot;335559739&quot;:240,&quot;335559740&quot;:360}\">\u00a0<\/span><\/li>\n<\/ul>\n\n\n\n<h2 class=\"wp-block-heading\"><span data-contrast=\"none\">Qu\u2019en est-il de la TVA sur des achats \u00e0 l\u2019\u00e9tranger\u2009?\u00a0<\/span><\/h2>\n\n\n\n<h3 class=\"wp-block-heading\"><span data-contrast=\"none\">Achats dans un pays de l\u2019UE\u00a0<\/span><\/h3>\n\n\n\n<p><a href=\"https:\/\/www.accountable.eu\/fr-be\/blog\/autoliquidation\/\"><span data-contrast=\"none\">Si vous faites des achats dans un autre pays de l\u2019UE<\/span><\/a><span data-contrast=\"auto\">, la TVA est g\u00e9n\u00e9ralement <\/span><a href=\"https:\/\/www.accountable.eu\/fr-be\/blog\/autoliquidation\/\"><span data-contrast=\"none\">autoliquid\u00e9e<\/span><\/a><span data-contrast=\"auto\">. Cela signifie que le vendeur ne vous facture pas la TVA. Mais vous \u00eates oblig\u00e9(e) de <\/span><b><span data-contrast=\"auto\">d\u00e9clarer et de payer<\/span><\/b><span data-contrast=\"auto\"> le montant de la TVA. Vous pouvez ensuite d\u00e9duire cette TVA de votre propre d\u00e9claration TVA, de sorte que la transaction est presque toujours nulle.&nbsp;<\/span><span data-ccp-props=\"{&quot;201341983&quot;:0,&quot;335559739&quot;:240,&quot;335559740&quot;:360}\">&nbsp;<\/span><\/p>\n\n\n\n<h3 class=\"wp-block-heading\"><span data-contrast=\"none\">Achats en dehors de l\u2019UE<\/span><\/h3>\n\n\n\n<p><span data-contrast=\"auto\">M\u00eame si vous faites un <\/span><a href=\"https:\/\/www.accountable.eu\/fr-be\/blog\/achats-dehors-de-lue\/\"><span data-contrast=\"none\">achat en dehors de l\u2019UE<\/span><\/a><span data-contrast=\"auto\"> vous pouvez g\u00e9n\u00e9ralement r\u00e9cup\u00e9rer la TVA. Vous devez le faire directement aupr\u00e8s du pays o\u00f9 vous avez achet\u00e9 le produit ou le service.<\/span><span data-ccp-props=\"{&quot;201341983&quot;:0,&quot;335559739&quot;:240,&quot;335559740&quot;:360}\">&nbsp;<\/span><\/p>\n\n\n\n<h2 class=\"wp-block-heading\"><span data-contrast=\"none\">Comment r\u00e9cup\u00e9rer la TVA\u2009?<\/span><\/h2>\n\n\n\n<p><span data-contrast=\"auto\">Pour r\u00e9cup\u00e9rer la TVA, il faut introduire une demande aupr\u00e8s d\u2019<\/span><a href=\"https:\/\/finances.belgium.be\/fr\/E-services\/Intervat\"><span data-contrast=\"none\">Intervat<\/span><\/a><span data-contrast=\"auto\"> en m\u00eame temps que votre d\u00e9claration p\u00e9riodique. Cette d\u00e9claration indique le montant de TVA sur les ventes que vous versez et le montant de TVA sur les achats que vous r\u00e9cup\u00e9rez. La <\/span><b><span data-contrast=\"auto\">balance TVA<\/span><\/b><span data-contrast=\"auto\"> est <\/span><b><span data-contrast=\"auto\">en votre faveur\u2009<\/span><\/b><span data-contrast=\"auto\">? Le montant de la TVA \u00e0 r\u00e9cup\u00e9rer est dans ce cas sup\u00e9rieur au montant de TVA \u00e0 payer, et l\u2019administration de la TVA vous verse le montant en votre faveur.&nbsp;<\/span><span data-ccp-props=\"{&quot;201341983&quot;:0,&quot;335559739&quot;:240,&quot;335559740&quot;:360}\">&nbsp;<\/span><\/p>\n\n\n\n<h3 class=\"wp-block-heading\"><span data-contrast=\"auto\">Remboursement de la TVA \u00e0 partir de 50 \u202feuros<\/span><\/h3>\n\n\n\n<p><span data-contrast=\"auto\">Un remboursement de la TVA est uniquement effectu\u00e9 si le montant \u00e0 r\u00e9cup\u00e9rer d\u00e9passe le seuil<\/span><b><span data-contrast=\"auto\"> minimal de 50\u202feuros<\/span><\/b><span data-contrast=\"auto\">. <\/span><\/p>\n\n\n\n<h2 class=\"wp-block-heading\"><span data-contrast=\"auto\">Gardez un aper\u00e7u correct avec Accountable<\/span><\/h2>\n\n\n\n<p><span data-contrast=\"auto\">Dans Accountable, vous pouvez facilement enregistrer des factures et des re\u00e7us et ainsi suivre vos d\u00e9penses. De plus, notre app veille \u00e0 ce que vos factures soient conformes aux exigences l\u00e9gales et<\/span><b><span data-contrast=\"auto\"> pr\u00e9pare automatiquement votre d\u00e9claration TVA<\/span><\/b><span data-contrast=\"auto\">. Il ne vous reste donc plus qu\u2019\u00e0 la soumettre\u2009!<\/span><\/p>\n\n\n\n<p><a href=\"https:\/\/www.accountable.eu\/fr-be\/download\/\"><span data-contrast=\"none\">Essayez Accountable maintenant<\/span><\/a><\/p>\n","protected":false},"excerpt":{"rendered":"<p>Si vous \u00eates assujetti(e) \u00e0 la TVA en tant qu\u2019entrepreneur, vous devez facturer la TVA sur les factures de vos clients. Vous recevez alors le montant de la TVA, mais ne pouvez pas le conserver. Vous devez reverser les montants de la TVA \u00e0 l\u2019administration TVA \u00e0 des moments fixes. Par contre, vous pouvez d\u00e9duire [&hellip;]<\/p>\n","protected":false},"author":11,"featured_media":4048,"comment_status":"open","ping_status":"open","sticky":false,"template":"","format":"standard","meta":{"inline_featured_image":false,"footnotes":""},"categories":[284,293],"tags":[312,313,315],"class_list":["post-13119","post","type-post","status-publish","format-standard","has-post-thumbnail","hentry","category-payer-et-declarer-la-tva","category-optimisation-fiscale","tag-independant","tag-personne-physique","tag-tva"],"acf":[],"yoast_head":"<!-- This site is optimized with the Yoast SEO plugin v27.4 - https:\/\/yoast.com\/product\/yoast-seo-wordpress\/ -->\n<title>D\u00e9duire la TVA\u202f: comment proc\u00e9der\u2009? - Accountable<\/title>\n<meta name=\"description\" content=\"Quand la TVA est-elle ou non d\u00e9ductible et que faut-il faire pour r\u00e9cup\u00e9rer la TVA\u2009? Un aper\u00e7u.\" \/>\n<meta name=\"robots\" content=\"index, follow, max-snippet:-1, max-image-preview:large, max-video-preview:-1\" \/>\n<link rel=\"canonical\" href=\"https:\/\/www.accountable.eu\/fr-be\/blog\/deduire-la-tva\/\" \/>\n<meta property=\"og:locale\" content=\"fr_FR\" \/>\n<meta property=\"og:type\" content=\"article\" \/>\n<meta property=\"og:title\" content=\"D\u00e9duire la TVA\u202f: comment proc\u00e9der\u2009? - Accountable\" \/>\n<meta property=\"og:description\" content=\"Quand la TVA est-elle ou non d\u00e9ductible et que faut-il faire pour r\u00e9cup\u00e9rer la TVA\u2009? Un aper\u00e7u.\" \/>\n<meta property=\"og:url\" content=\"https:\/\/www.accountable.eu\/fr-be\/blog\/deduire-la-tva\/\" \/>\n<meta property=\"og:site_name\" content=\"Accountable\" \/>\n<meta property=\"article:published_time\" content=\"2022-05-11T13:56:41+00:00\" \/>\n<meta property=\"article:modified_time\" content=\"2025-10-30T16:45:56+00:00\" \/>\n<meta property=\"og:image\" content=\"https:\/\/www.accountable.eu\/wp-content\/uploads\/2022\/04\/1.png\" \/>\n\t<meta property=\"og:image:width\" content=\"686\" \/>\n\t<meta property=\"og:image:height\" content=\"400\" \/>\n\t<meta property=\"og:image:type\" content=\"image\/png\" \/>\n<meta name=\"author\" content=\"Isabel Senden\" \/>\n<meta name=\"twitter:card\" content=\"summary_large_image\" \/>\n<meta name=\"twitter:label1\" content=\"\u00c9crit par\" \/>\n\t<meta name=\"twitter:data1\" content=\"Isabel Senden\" \/>\n\t<meta name=\"twitter:label2\" content=\"Dur\u00e9e de lecture est.\" \/>\n\t<meta name=\"twitter:data2\" content=\"1 minute\" \/>\n<script type=\"application\/ld+json\" class=\"yoast-schema-graph\">{\"@context\":\"https:\\\/\\\/schema.org\",\"@graph\":[{\"@type\":\"Article\",\"@id\":\"https:\\\/\\\/www.accountable.eu\\\/fr-be\\\/blog\\\/deduire-la-tva\\\/#article\",\"isPartOf\":{\"@id\":\"https:\\\/\\\/www.accountable.eu\\\/fr-be\\\/blog\\\/deduire-la-tva\\\/\"},\"author\":{\"name\":\"Isabel Senden\",\"@id\":\"https:\\\/\\\/www.accountable.eu\\\/fr-be\\\/#\\\/schema\\\/person\\\/de2a66f2f69b8ede00c1247f105e6137\"},\"headline\":\"D\u00e9duire la TVA\u202f: comment proc\u00e9der\u2009?\",\"datePublished\":\"2022-05-11T13:56:41+00:00\",\"dateModified\":\"2025-10-30T16:45:56+00:00\",\"mainEntityOfPage\":{\"@id\":\"https:\\\/\\\/www.accountable.eu\\\/fr-be\\\/blog\\\/deduire-la-tva\\\/\"},\"wordCount\":876,\"commentCount\":0,\"publisher\":{\"@id\":\"https:\\\/\\\/www.accountable.eu\\\/fr-be\\\/#organization\"},\"image\":{\"@id\":\"https:\\\/\\\/www.accountable.eu\\\/fr-be\\\/blog\\\/deduire-la-tva\\\/#primaryimage\"},\"thumbnailUrl\":\"https:\\\/\\\/www.accountable.eu\\\/wp-content\\\/uploads\\\/2022\\\/04\\\/1.png\",\"keywords\":[\"Ind\u00e9pendant \u00e0 titre principal\",\"Personne physique\",\"TVA\"],\"articleSection\":[\"D\u00e9clarer et payer la TVA\",\"Optimisation fiscale\"],\"inLanguage\":\"fr-BE\",\"potentialAction\":[{\"@type\":\"CommentAction\",\"name\":\"Comment\",\"target\":[\"https:\\\/\\\/www.accountable.eu\\\/fr-be\\\/blog\\\/deduire-la-tva\\\/#respond\"]}]},{\"@type\":\"WebPage\",\"@id\":\"https:\\\/\\\/www.accountable.eu\\\/fr-be\\\/blog\\\/deduire-la-tva\\\/\",\"url\":\"https:\\\/\\\/www.accountable.eu\\\/fr-be\\\/blog\\\/deduire-la-tva\\\/\",\"name\":\"D\u00e9duire la TVA\u202f: comment proc\u00e9der\u2009? - Accountable\",\"isPartOf\":{\"@id\":\"https:\\\/\\\/www.accountable.eu\\\/fr-be\\\/#website\"},\"primaryImageOfPage\":{\"@id\":\"https:\\\/\\\/www.accountable.eu\\\/fr-be\\\/blog\\\/deduire-la-tva\\\/#primaryimage\"},\"image\":{\"@id\":\"https:\\\/\\\/www.accountable.eu\\\/fr-be\\\/blog\\\/deduire-la-tva\\\/#primaryimage\"},\"thumbnailUrl\":\"https:\\\/\\\/www.accountable.eu\\\/wp-content\\\/uploads\\\/2022\\\/04\\\/1.png\",\"datePublished\":\"2022-05-11T13:56:41+00:00\",\"dateModified\":\"2025-10-30T16:45:56+00:00\",\"description\":\"Quand la TVA est-elle ou non d\u00e9ductible et que faut-il faire pour r\u00e9cup\u00e9rer la TVA\u2009? Un aper\u00e7u.\",\"breadcrumb\":{\"@id\":\"https:\\\/\\\/www.accountable.eu\\\/fr-be\\\/blog\\\/deduire-la-tva\\\/#breadcrumb\"},\"inLanguage\":\"fr-BE\",\"potentialAction\":[{\"@type\":\"ReadAction\",\"target\":[\"https:\\\/\\\/www.accountable.eu\\\/fr-be\\\/blog\\\/deduire-la-tva\\\/\"]}]},{\"@type\":\"ImageObject\",\"inLanguage\":\"fr-BE\",\"@id\":\"https:\\\/\\\/www.accountable.eu\\\/fr-be\\\/blog\\\/deduire-la-tva\\\/#primaryimage\",\"url\":\"https:\\\/\\\/www.accountable.eu\\\/wp-content\\\/uploads\\\/2022\\\/04\\\/1.png\",\"contentUrl\":\"https:\\\/\\\/www.accountable.eu\\\/wp-content\\\/uploads\\\/2022\\\/04\\\/1.png\",\"width\":686,\"height\":400},{\"@type\":\"BreadcrumbList\",\"@id\":\"https:\\\/\\\/www.accountable.eu\\\/fr-be\\\/blog\\\/deduire-la-tva\\\/#breadcrumb\",\"itemListElement\":[{\"@type\":\"ListItem\",\"position\":1,\"name\":\"Home\",\"item\":\"https:\\\/\\\/www.accountable.eu\\\/fr-be\\\/\"},{\"@type\":\"ListItem\",\"position\":2,\"name\":\"D\u00e9duire la TVA\u202f: comment proc\u00e9der\u2009?\"}]},{\"@type\":\"WebSite\",\"@id\":\"https:\\\/\\\/www.accountable.eu\\\/fr-be\\\/#website\",\"url\":\"https:\\\/\\\/www.accountable.eu\\\/fr-be\\\/\",\"name\":\"Accountable\",\"description\":\"Your accountant and tax advisor on your smartphone\",\"publisher\":{\"@id\":\"https:\\\/\\\/www.accountable.eu\\\/fr-be\\\/#organization\"},\"potentialAction\":[{\"@type\":\"SearchAction\",\"target\":{\"@type\":\"EntryPoint\",\"urlTemplate\":\"https:\\\/\\\/www.accountable.eu\\\/fr-be\\\/?s={search_term_string}\"},\"query-input\":{\"@type\":\"PropertyValueSpecification\",\"valueRequired\":true,\"valueName\":\"search_term_string\"}}],\"inLanguage\":\"fr-BE\"},{\"@type\":\"Organization\",\"@id\":\"https:\\\/\\\/www.accountable.eu\\\/fr-be\\\/#organization\",\"name\":\"Accountable\",\"url\":\"https:\\\/\\\/www.accountable.eu\\\/fr-be\\\/\",\"logo\":{\"@type\":\"ImageObject\",\"inLanguage\":\"fr-BE\",\"@id\":\"https:\\\/\\\/www.accountable.eu\\\/fr-be\\\/#\\\/schema\\\/logo\\\/image\\\/\",\"url\":\"https:\\\/\\\/www.accountable.eu\\\/wp-content\\\/uploads\\\/2026\\\/04\\\/logo-512.png\",\"contentUrl\":\"https:\\\/\\\/www.accountable.eu\\\/wp-content\\\/uploads\\\/2026\\\/04\\\/logo-512.png\",\"width\":512,\"height\":512,\"caption\":\"Accountable\"},\"image\":{\"@id\":\"https:\\\/\\\/www.accountable.eu\\\/fr-be\\\/#\\\/schema\\\/logo\\\/image\\\/\"}},{\"@type\":\"Person\",\"@id\":\"https:\\\/\\\/www.accountable.eu\\\/fr-be\\\/#\\\/schema\\\/person\\\/de2a66f2f69b8ede00c1247f105e6137\",\"name\":\"Isabel Senden\",\"image\":{\"@type\":\"ImageObject\",\"inLanguage\":\"fr-BE\",\"@id\":\"https:\\\/\\\/secure.gravatar.com\\\/avatar\\\/7f67e7d6d9abcd35af99e6a1b0aee8905804adfbca8ba4a95810051d1d6f9425?s=96&d=mm&r=g\",\"url\":\"https:\\\/\\\/secure.gravatar.com\\\/avatar\\\/7f67e7d6d9abcd35af99e6a1b0aee8905804adfbca8ba4a95810051d1d6f9425?s=96&d=mm&r=g\",\"contentUrl\":\"https:\\\/\\\/secure.gravatar.com\\\/avatar\\\/7f67e7d6d9abcd35af99e6a1b0aee8905804adfbca8ba4a95810051d1d6f9425?s=96&d=mm&r=g\",\"caption\":\"Isabel Senden\"}}]}<\/script>\n<!-- \/ Yoast SEO plugin. -->","yoast_head_json":{"title":"D\u00e9duire la TVA\u202f: comment proc\u00e9der\u2009? - Accountable","description":"Quand la TVA est-elle ou non d\u00e9ductible et que faut-il faire pour r\u00e9cup\u00e9rer la TVA\u2009? Un aper\u00e7u.","robots":{"index":"index","follow":"follow","max-snippet":"max-snippet:-1","max-image-preview":"max-image-preview:large","max-video-preview":"max-video-preview:-1"},"canonical":"https:\/\/www.accountable.eu\/fr-be\/blog\/deduire-la-tva\/","og_locale":"fr_FR","og_type":"article","og_title":"D\u00e9duire la TVA\u202f: comment proc\u00e9der\u2009? - Accountable","og_description":"Quand la TVA est-elle ou non d\u00e9ductible et que faut-il faire pour r\u00e9cup\u00e9rer la TVA\u2009? Un aper\u00e7u.","og_url":"https:\/\/www.accountable.eu\/fr-be\/blog\/deduire-la-tva\/","og_site_name":"Accountable","article_published_time":"2022-05-11T13:56:41+00:00","article_modified_time":"2025-10-30T16:45:56+00:00","og_image":[{"width":686,"height":400,"url":"https:\/\/www.accountable.eu\/wp-content\/uploads\/2022\/04\/1.png","type":"image\/png"}],"author":"Isabel Senden","twitter_card":"summary_large_image","twitter_misc":{"\u00c9crit par":"Isabel Senden","Dur\u00e9e de lecture est.":"1 minute"},"schema":{"@context":"https:\/\/schema.org","@graph":[{"@type":"Article","@id":"https:\/\/www.accountable.eu\/fr-be\/blog\/deduire-la-tva\/#article","isPartOf":{"@id":"https:\/\/www.accountable.eu\/fr-be\/blog\/deduire-la-tva\/"},"author":{"name":"Isabel Senden","@id":"https:\/\/www.accountable.eu\/fr-be\/#\/schema\/person\/de2a66f2f69b8ede00c1247f105e6137"},"headline":"D\u00e9duire la TVA\u202f: comment proc\u00e9der\u2009?","datePublished":"2022-05-11T13:56:41+00:00","dateModified":"2025-10-30T16:45:56+00:00","mainEntityOfPage":{"@id":"https:\/\/www.accountable.eu\/fr-be\/blog\/deduire-la-tva\/"},"wordCount":876,"commentCount":0,"publisher":{"@id":"https:\/\/www.accountable.eu\/fr-be\/#organization"},"image":{"@id":"https:\/\/www.accountable.eu\/fr-be\/blog\/deduire-la-tva\/#primaryimage"},"thumbnailUrl":"https:\/\/www.accountable.eu\/wp-content\/uploads\/2022\/04\/1.png","keywords":["Ind\u00e9pendant \u00e0 titre principal","Personne physique","TVA"],"articleSection":["D\u00e9clarer et payer la TVA","Optimisation fiscale"],"inLanguage":"fr-BE","potentialAction":[{"@type":"CommentAction","name":"Comment","target":["https:\/\/www.accountable.eu\/fr-be\/blog\/deduire-la-tva\/#respond"]}]},{"@type":"WebPage","@id":"https:\/\/www.accountable.eu\/fr-be\/blog\/deduire-la-tva\/","url":"https:\/\/www.accountable.eu\/fr-be\/blog\/deduire-la-tva\/","name":"D\u00e9duire la TVA\u202f: comment proc\u00e9der\u2009? - Accountable","isPartOf":{"@id":"https:\/\/www.accountable.eu\/fr-be\/#website"},"primaryImageOfPage":{"@id":"https:\/\/www.accountable.eu\/fr-be\/blog\/deduire-la-tva\/#primaryimage"},"image":{"@id":"https:\/\/www.accountable.eu\/fr-be\/blog\/deduire-la-tva\/#primaryimage"},"thumbnailUrl":"https:\/\/www.accountable.eu\/wp-content\/uploads\/2022\/04\/1.png","datePublished":"2022-05-11T13:56:41+00:00","dateModified":"2025-10-30T16:45:56+00:00","description":"Quand la TVA est-elle ou non d\u00e9ductible et que faut-il faire pour r\u00e9cup\u00e9rer la TVA\u2009? Un aper\u00e7u.","breadcrumb":{"@id":"https:\/\/www.accountable.eu\/fr-be\/blog\/deduire-la-tva\/#breadcrumb"},"inLanguage":"fr-BE","potentialAction":[{"@type":"ReadAction","target":["https:\/\/www.accountable.eu\/fr-be\/blog\/deduire-la-tva\/"]}]},{"@type":"ImageObject","inLanguage":"fr-BE","@id":"https:\/\/www.accountable.eu\/fr-be\/blog\/deduire-la-tva\/#primaryimage","url":"https:\/\/www.accountable.eu\/wp-content\/uploads\/2022\/04\/1.png","contentUrl":"https:\/\/www.accountable.eu\/wp-content\/uploads\/2022\/04\/1.png","width":686,"height":400},{"@type":"BreadcrumbList","@id":"https:\/\/www.accountable.eu\/fr-be\/blog\/deduire-la-tva\/#breadcrumb","itemListElement":[{"@type":"ListItem","position":1,"name":"Home","item":"https:\/\/www.accountable.eu\/fr-be\/"},{"@type":"ListItem","position":2,"name":"D\u00e9duire la TVA\u202f: comment proc\u00e9der\u2009?"}]},{"@type":"WebSite","@id":"https:\/\/www.accountable.eu\/fr-be\/#website","url":"https:\/\/www.accountable.eu\/fr-be\/","name":"Accountable","description":"Your accountant and tax advisor on your smartphone","publisher":{"@id":"https:\/\/www.accountable.eu\/fr-be\/#organization"},"potentialAction":[{"@type":"SearchAction","target":{"@type":"EntryPoint","urlTemplate":"https:\/\/www.accountable.eu\/fr-be\/?s={search_term_string}"},"query-input":{"@type":"PropertyValueSpecification","valueRequired":true,"valueName":"search_term_string"}}],"inLanguage":"fr-BE"},{"@type":"Organization","@id":"https:\/\/www.accountable.eu\/fr-be\/#organization","name":"Accountable","url":"https:\/\/www.accountable.eu\/fr-be\/","logo":{"@type":"ImageObject","inLanguage":"fr-BE","@id":"https:\/\/www.accountable.eu\/fr-be\/#\/schema\/logo\/image\/","url":"https:\/\/www.accountable.eu\/wp-content\/uploads\/2026\/04\/logo-512.png","contentUrl":"https:\/\/www.accountable.eu\/wp-content\/uploads\/2026\/04\/logo-512.png","width":512,"height":512,"caption":"Accountable"},"image":{"@id":"https:\/\/www.accountable.eu\/fr-be\/#\/schema\/logo\/image\/"}},{"@type":"Person","@id":"https:\/\/www.accountable.eu\/fr-be\/#\/schema\/person\/de2a66f2f69b8ede00c1247f105e6137","name":"Isabel Senden","image":{"@type":"ImageObject","inLanguage":"fr-BE","@id":"https:\/\/secure.gravatar.com\/avatar\/7f67e7d6d9abcd35af99e6a1b0aee8905804adfbca8ba4a95810051d1d6f9425?s=96&d=mm&r=g","url":"https:\/\/secure.gravatar.com\/avatar\/7f67e7d6d9abcd35af99e6a1b0aee8905804adfbca8ba4a95810051d1d6f9425?s=96&d=mm&r=g","contentUrl":"https:\/\/secure.gravatar.com\/avatar\/7f67e7d6d9abcd35af99e6a1b0aee8905804adfbca8ba4a95810051d1d6f9425?s=96&d=mm&r=g","caption":"Isabel Senden"}}]}},"_links":{"self":[{"href":"https:\/\/www.accountable.eu\/fr-be\/wp-json\/wp\/v2\/posts\/13119","targetHints":{"allow":["GET"]}}],"collection":[{"href":"https:\/\/www.accountable.eu\/fr-be\/wp-json\/wp\/v2\/posts"}],"about":[{"href":"https:\/\/www.accountable.eu\/fr-be\/wp-json\/wp\/v2\/types\/post"}],"author":[{"embeddable":true,"href":"https:\/\/www.accountable.eu\/fr-be\/wp-json\/wp\/v2\/users\/11"}],"replies":[{"embeddable":true,"href":"https:\/\/www.accountable.eu\/fr-be\/wp-json\/wp\/v2\/comments?post=13119"}],"version-history":[{"count":0,"href":"https:\/\/www.accountable.eu\/fr-be\/wp-json\/wp\/v2\/posts\/13119\/revisions"}],"wp:featuredmedia":[{"embeddable":true,"href":"https:\/\/www.accountable.eu\/fr-be\/wp-json\/wp\/v2\/media\/4048"}],"wp:attachment":[{"href":"https:\/\/www.accountable.eu\/fr-be\/wp-json\/wp\/v2\/media?parent=13119"}],"wp:term":[{"taxonomy":"category","embeddable":true,"href":"https:\/\/www.accountable.eu\/fr-be\/wp-json\/wp\/v2\/categories?post=13119"},{"taxonomy":"post_tag","embeddable":true,"href":"https:\/\/www.accountable.eu\/fr-be\/wp-json\/wp\/v2\/tags?post=13119"}],"curies":[{"name":"wp","href":"https:\/\/api.w.org\/{rel}","templated":true}]}}