{"id":13148,"date":"2022-03-04T15:45:51","date_gmt":"2022-03-04T14:45:51","guid":{"rendered":"https:\/\/prod-migration-second.local\/?p=13148"},"modified":"2024-07-11T10:56:11","modified_gmt":"2024-07-11T08:56:11","slug":"tva-a-linternational","status":"publish","type":"post","link":"https:\/\/www.accountable.eu\/fr-be\/blog\/tva-a-linternational\/","title":{"rendered":"Les r\u00e8gles en mati\u00e8re de TVA \u00e0 l\u2019international\u202f: ventes et achats au sein et en dehors de l\u2019UE"},"content":{"rendered":"<p><b><span data-contrast=\"none\">Vous savez peut-\u00eatre tout sur <\/span><\/b><a href=\"https:\/\/www.accountable.eu\/nl-be\/blog\/btw-zelfstandige-tips\/\"><b><span data-contrast=\"none\">la TVA et ce que cela implique pour vous, en tant qu\u2019ind\u00e9pendant<\/span><\/b><\/a><b><span data-contrast=\"none\">. Mais qu\u2019en est-il de la <\/span><\/b><b><span data-contrast=\"none\">TVA<\/span><\/b><b><span data-contrast=\"none\"> lorsque vous r\u00e9alisez des ventes <\/span><\/b><b><span data-contrast=\"none\">\u00e0 l\u2019\u00e9tranger<\/span><\/b><b><span data-contrast=\"none\">\u2009? Les r\u00e8gles diff\u00e8rent selon qu\u2019il s\u2019agit <\/span><\/b><b><span data-contrast=\"none\">de biens ou de services<\/span><\/b><b><span data-contrast=\"none\">, que votre client a un num\u00e9ro de TVA ou non et qu\u2019il est \u00e9tabli au sein ou en dehors de l\u2019UE. Lorsque vous faites des achats \u00e0 l\u2019\u00e9tranger, vous devez \u00e9galement respecter certaines r\u00e8gles. Voici un aper\u00e7u.<\/span><\/b><span data-ccp-props=\"{&quot;134233117&quot;:true,&quot;134233118&quot;:true,&quot;201341983&quot;:0,&quot;335559739&quot;:240,&quot;335559740&quot;:360}\">&nbsp;<\/span><\/p>\n<h2><b><span data-contrast=\"none\">R\u00e8gles TVA au sein de l\u2019Union europ\u00e9enne<\/span><\/b><\/h2>\n<h3><b><span data-contrast=\"none\">Ventes aux entreprises \u00e9tablies au sein de l\u2019UE<\/span><\/b><span data-ccp-props=\"{&quot;134233117&quot;:true,&quot;134233118&quot;:true,&quot;201341983&quot;:0,&quot;335559739&quot;:240,&quot;335559740&quot;:360}\">&nbsp;<\/span><\/h3>\n<p><span data-contrast=\"none\">Devez-vous <\/span><span data-contrast=\"none\">facturer la<\/span> <span data-contrast=\"none\">TVA <\/span><span data-contrast=\"none\">lorsque vous r\u00e9alisez des ventes avec des <\/span><span data-contrast=\"none\">entreprises<\/span> <span data-contrast=\"none\">\u00e9trang\u00e8res\u2009<\/span><span data-contrast=\"none\">? Si votre client est une entreprise situ\u00e9e dans l\u2019UE, ce n\u2019est normalement pas n\u00e9cessaire. La <\/span><a href=\"https:\/\/www.accountable.eu\/nl-be\/blog\/btw-verleggen-hoe\/#betekenis-btw-verlegd\"><span data-contrast=\"none\">TVA est autoliquid\u00e9e<\/span><\/a><span data-contrast=\"none\"> parce qu\u2019il s\u2019agit de <\/span><span data-contrast=\"none\">biens<\/span><span data-contrast=\"none\"> ou de services <\/span><span data-contrast=\"none\">intracommunautaires<\/span><\/p>\n<p><span data-contrast=\"auto\">Attention\u202f: v\u00e9rifiez toujours si votre <\/span><span data-contrast=\"none\">client \u00e9tranger<\/span><span data-contrast=\"auto\"> dispose d\u2019un <\/span><a href=\"https:\/\/ec.europa.eu\/taxation_customs\/vies\/?locale=fr\"><span data-contrast=\"none\">num\u00e9ro de TVA valable<\/span><span data-contrast=\"none\"> via la base de donn\u00e9es <\/span><span data-contrast=\"none\">VIES<\/span><span data-contrast=\"none\">.<\/span><\/a><span data-contrast=\"none\"> Notez que le m\u00e9canisme d\u2019autoliquidation ne s\u2019applique pas \u00e0 certains services.<\/span><span data-ccp-props=\"{&quot;134233117&quot;:true,&quot;134233118&quot;:true,&quot;201341983&quot;:0,&quot;335559739&quot;:240,&quot;335559740&quot;:360}\">&nbsp;<\/span><\/p>\n<p><span data-contrast=\"none\">Dans les cas susmentionn\u00e9s, vous ne devez donc pas facturer la TVA. Si vous achetez des biens ou des services qui sont directement li\u00e9s \u00e0 vos ventes, vous pouvez alors <\/span><b><span data-contrast=\"none\">r\u00e9cup\u00e9rer (partiellement) <\/span><\/b><span data-contrast=\"none\">cette TVA<\/span><b><span data-contrast=\"none\">. <\/span><\/b><\/p>\n<p><a href=\"https:\/\/www.accountable.eu\/fr-be\/blog\/regles-en-matiere-de-tva-au-sein-de-lue%E2%80%AF-comment-facturer-la-tva-en-cas-de-ventes-a-un-client-professionnel%E2%80%89\/\"><span data-contrast=\"none\">En savoir plus sur les ventes \u00e0 des clients professionnels \u00e9tablis dans l\u2019UE<\/span><\/a><\/p>\n<h3><b><span data-contrast=\"none\">Ventes aux particuliers \u00e9tablis au sein de l\u2019UE<\/span><\/b><span data-ccp-props=\"{&quot;134233117&quot;:true,&quot;134233118&quot;:true,&quot;201341983&quot;:0,&quot;335559739&quot;:240,&quot;335559740&quot;:360}\">&nbsp;<\/span><\/h3>\n<p><span data-contrast=\"none\">Les <\/span><span data-contrast=\"none\">r\u00e8gles en mati\u00e8re de TVA<\/span><span data-contrast=\"none\"> pour les professionnels qui vendent<\/span><b><span data-contrast=\"none\"> \u00e0 des particuliers \u00e9tablis dans l\u2019UE<\/span><\/b><span data-contrast=\"none\"> ont chang\u00e9 en 2021. Les modifications sont particuli\u00e8rement importantes pour ceux qui r\u00e9alisent des <\/span><span data-contrast=\"none\">ventes \u00e0 distance<\/span><span data-contrast=\"none\"> (par exemple via un webshop) et\/ou fournissent des services num\u00e9riques. La nouveaut\u00e9 est le syst\u00e8me de guichet unique ou One Stop Shop, qui facilite la d\u00e9claration de TVA \u00e9trang\u00e8re.<\/span><span data-ccp-props=\"{&quot;134233117&quot;:true,&quot;134233118&quot;:true,&quot;201341983&quot;:0,&quot;335559739&quot;:240,&quot;335559740&quot;:360}\">&nbsp;<\/span><\/p>\n<p><b><span data-contrast=\"none\">En bref<\/span><\/b><span data-ccp-props=\"{&quot;134233117&quot;:true,&quot;134233118&quot;:true,&quot;201341983&quot;:0,&quot;335559739&quot;:240,&quot;335559740&quot;:360}\">&nbsp;<\/span><\/p>\n<ul>\n<li data-leveltext=\"\uf0b7\" data-font=\"Symbol\" data-listid=\"4\" data-aria-posinset=\"1\" data-aria-level=\"1\"><span data-contrast=\"none\">Pour les services \u00e0 des particuliers situ\u00e9s au sein de l\u2019UE, vous facturez le taux de TVA de leur pays<\/span><b><span data-contrast=\"none\">, sauf s\u2019il s\u2019agit de services num\u00e9riques ou de<\/span><\/b> <b><span data-contrast=\"none\">ventes \u00e0 distance<\/span><\/b><span data-contrast=\"none\">.<\/span><span data-ccp-props=\"{&quot;134233117&quot;:true,&quot;134233118&quot;:true,&quot;201341983&quot;:0,&quot;335559685&quot;:0,&quot;335559731&quot;:0,&quot;335559739&quot;:240,&quot;335559740&quot;:360}\">&nbsp;<\/span><\/li>\n<\/ul>\n<ul>\n<li data-leveltext=\"o\" data-font=\"Courier New\" data-listid=\"4\" data-aria-posinset=\"1\" data-aria-level=\"2\"><span data-contrast=\"none\">Votre chiffre d\u2019affaires annuel pour des services num\u00e9riques ou des <\/span><span data-contrast=\"none\">ventes \u00e0 distance<\/span><span data-contrast=\"none\"> au sein de l\u2019UE est <\/span><b><span data-contrast=\"none\">inf\u00e9rieur \u00e0 10\u2009000\u202feuros\u2009<\/span><\/b><span data-contrast=\"none\">? Vous pouvez facturer la TVA belge.&nbsp;<\/span><span data-ccp-props=\"{&quot;134233117&quot;:true,&quot;134233118&quot;:true,&quot;201341983&quot;:0,&quot;335559739&quot;:240,&quot;335559740&quot;:360}\">&nbsp;<\/span><\/li>\n<li data-leveltext=\"o\" data-font=\"Courier New\" data-listid=\"4\" data-aria-posinset=\"2\" data-aria-level=\"2\"><span data-contrast=\"none\">Si ce n\u2019est pas le cas, vous facturez la <\/span><b><span data-contrast=\"none\">TVA du pays du client<\/span><\/b><span data-contrast=\"none\">.<\/span><span data-ccp-props=\"{&quot;134233117&quot;:true,&quot;134233118&quot;:true,&quot;201341983&quot;:0,&quot;335559739&quot;:240,&quot;335559740&quot;:360}\">&nbsp;<\/span><\/li>\n<li data-leveltext=\"o\" data-font=\"Courier New\" data-listid=\"4\" data-aria-posinset=\"3\" data-aria-level=\"2\"><span data-contrast=\"none\">Si vous ne voulez pas tenir compte de ce seuil de 10\u2009000\u202feuros, <\/span><b><span data-contrast=\"none\">appliquez toujours le taux de TVA du pays de votre client<\/span><\/b><span data-contrast=\"none\">.<\/span><span data-ccp-props=\"{&quot;134233117&quot;:true,&quot;134233118&quot;:true,&quot;201341983&quot;:0,&quot;335559739&quot;:240,&quot;335559740&quot;:360}\">&nbsp;<\/span><\/li>\n<\/ul>\n<p><span data-contrast=\"none\"><a href=\"https:\/\/www.accountable.eu\/fr-be\/blog\/le-regime-oss\/\">En savoir plus sur les ventes aux particuliers \u00e9tablis dans l\u2019UE<\/a> <\/span><\/p>\n<p><b><span data-contrast=\"none\">R\u00e9gime <\/span><\/b><b><span data-contrast=\"none\">OSS<\/span><\/b><b><span data-contrast=\"none\">\u202f: d\u00e9claration TVA \u00e9trang\u00e8re simplifi\u00e9e<\/span><\/b><span data-ccp-props=\"{&quot;134233117&quot;:true,&quot;134233118&quot;:true,&quot;201341983&quot;:0,&quot;335559739&quot;:240,&quot;335559740&quot;:360}\">&nbsp;<\/span><\/p>\n<p><span data-contrast=\"none\">Le <\/span><span data-contrast=\"none\">r\u00e9gime One Stop Shop<\/span> <span data-contrast=\"none\">(aussi appel\u00e9 guichet<\/span> <span data-contrast=\"none\">unique)<\/span><span data-contrast=\"none\"> facilite la <\/span><span data-contrast=\"none\">d\u00e9claration TVA<\/span><span data-contrast=\"none\"> europ\u00e9enne, mais <\/span><b><span data-contrast=\"none\">n\u2019est pas obligatoire<\/span><\/b><span data-contrast=\"none\">. Ce syst\u00e8me permet de d\u00e9clarer en une seule fois toute la TVA due dans d\u2019autres pays de l\u2019UE et aussi de la payer en une seule fois. Votre d\u00e9claration et votre paiement sont ensuite automatiquement transmis aux autorit\u00e9s fiscales des pays concern\u00e9s.&nbsp;<\/span><span data-ccp-props=\"{&quot;134233117&quot;:true,&quot;134233118&quot;:true,&quot;201341983&quot;:0,&quot;335559739&quot;:240,&quot;335559740&quot;:360}\">&nbsp;<\/span><\/p>\n<p><span data-contrast=\"none\"><a href=\"https:\/\/www.accountable.eu\/fr-be\/blog\/le-regime-oss\/\">En savoir plus sur le r\u00e9gime OSS<\/a> <\/span><\/p>\n<h3><b><span data-contrast=\"none\">Achats au sein de l\u2019UE<\/span><\/b><\/h3>\n<p><span data-contrast=\"none\">En g\u00e9n\u00e9ral, vous payez 0\u202f% de TVA sur <\/span><span data-contrast=\"none\">des biens ou des services<\/span><span data-contrast=\"none\"> achet\u00e9s dans un autre pays de l\u2019UE\u202f: la TVA est alors autoliquid\u00e9e. Cela signifie que vous <\/span><b><span data-contrast=\"none\">devez traiter et payer ult\u00e9rieurement la TVA vous-m\u00eame<\/span><\/b><span data-contrast=\"none\"> dans votre d\u00e9claration TVA. Il existe toutefois des exceptions o\u00f9 la TVA doit \u00eatre pay\u00e9e dans le pays du vendeur.<\/span><span data-ccp-props=\"{&quot;134233117&quot;:true,&quot;134233118&quot;:true,&quot;201341983&quot;:0,&quot;335559739&quot;:240,&quot;335559740&quot;:360}\">&nbsp;<\/span><\/p>\n<p><span data-contrast=\"none\"><a href=\"https:\/\/www.accountable.eu\/fr-be\/blog\/achats-dehors-de-lue\/\">En savoir plus sur les achats professionnels au sein de l\u2019UE<\/a> <\/span><br \/>\n<span data-ccp-props=\"{&quot;134233117&quot;:true,&quot;134233118&quot;:true,&quot;201341983&quot;:0,&quot;335559739&quot;:240,&quot;335559740&quot;:360}\">&nbsp;<\/span><\/p>\n<h2><b><span data-contrast=\"none\">R\u00e8gles en mati\u00e8re de TVA<\/span><\/b><b><span data-contrast=\"none\"> en dehors de l\u2019Union europ\u00e9enne<\/span><\/b><span data-ccp-props=\"{&quot;134233117&quot;:true,&quot;134233118&quot;:true,&quot;201341983&quot;:0,&quot;335559739&quot;:240,&quot;335559740&quot;:360}\">&nbsp;<\/span><\/h2>\n<h3><b><span data-contrast=\"none\">Ventes aux particuliers et aux entreprises \u00e9tablis en dehors de l\u2019UE<\/span><\/b><span data-ccp-props=\"{&quot;134233117&quot;:true,&quot;134233118&quot;:true,&quot;201341983&quot;:0,&quot;335559739&quot;:240,&quot;335559740&quot;:360}\">&nbsp;<\/span><\/h3>\n<p><span data-contrast=\"none\">Si vous vendez des services ou biens en dehors de l\u2019UE, vous ne devez <\/span><b><span data-contrast=\"none\">pas <\/span><\/b><b><span data-contrast=\"none\">facturer la TVA<\/span><\/b><span data-contrast=\"none\">. Peu importe qu\u2019il s\u2019agisse d\u2019une entreprise ou d\u2019un particulier.<\/span><span data-ccp-props=\"{&quot;134233117&quot;:true,&quot;134233118&quot;:true,&quot;201341983&quot;:0,&quot;335559739&quot;:240,&quot;335559740&quot;:360}\">&nbsp;<\/span><\/p>\n<p><span data-contrast=\"none\">Il faut toutefois pouvoir prouver au <\/span><span data-contrast=\"none\">fisc<\/span><span data-contrast=\"none\"> que vos biens ont quitt\u00e9 l\u2019UE. Dans le cas contraire, la TVA belge sera due.<\/span><\/p>\n<p><a href=\"https:\/\/www.accountable.eu\/fr-be\/blog\/ventes-hors-ue\/\"><span data-contrast=\"none\">En savoir plus sur les ventes en dehors de l\u2019UE<\/span><span data-ccp-props=\"{&quot;134233117&quot;:true,&quot;134233118&quot;:true,&quot;201341983&quot;:0,&quot;335559739&quot;:240,&quot;335559740&quot;:360}\">&nbsp;<\/span><\/a><\/p>\n<h3><b><span data-contrast=\"none\">Achats en dehors de l\u2019UE<\/span><\/b><span data-ccp-props=\"{&quot;134233117&quot;:true,&quot;134233118&quot;:true,&quot;201341983&quot;:0,&quot;335559739&quot;:240,&quot;335559740&quot;:360}\">&nbsp;<\/span><\/h3>\n<p><span data-contrast=\"none\">Si vous importez des<\/span><b><span data-contrast=\"none\"> biens de pays situ\u00e9s en dehors de l\u2019UE<\/span><\/b><span data-contrast=\"none\">, vous payez alors la TVA qui s\u2019applique dans le pays o\u00f9 les biens arrivent dans l\u2019UE. Vous la payez au <\/span><span data-contrast=\"none\">fisc<\/span><span data-contrast=\"none\"> de ce pays et la d\u00e9clarez \u00e9galement l\u00e0-bas.&nbsp;<\/span><span data-ccp-props=\"{&quot;134233117&quot;:true,&quot;134233118&quot;:true,&quot;201341983&quot;:0,&quot;335559739&quot;:240,&quot;335559740&quot;:360}\">&nbsp;<\/span><\/p>\n<p><span data-contrast=\"none\">Pour des services achet\u00e9s dans un pays situ\u00e9 en dehors de l\u2019Union europ\u00e9enne, c\u2019est g\u00e9n\u00e9ralement le <\/span><span data-contrast=\"none\">m\u00e9canisme d\u2019autoliquidation<\/span><span data-contrast=\"none\"> qui s\u2019applique\u202f: vous payez la TVA applicable en Belgique.<\/span><span data-ccp-props=\"{&quot;134233117&quot;:true,&quot;134233118&quot;:true,&quot;201341983&quot;:0,&quot;335559739&quot;:240,&quot;335559740&quot;:360}\">&nbsp;<\/span><\/p>\n<p><a href=\"https:\/\/www.accountable.eu\/fr-be\/blog\/achats-dehors-de-lue\/\"><b><span data-contrast=\"none\">En savoir plus sur les achats professionnels en dehors de l\u2019UE<\/span><\/b><\/a><\/p>\n<h2><b><span data-contrast=\"none\">Vous ne vous y retrouvez pas\u2009?<\/span><\/b><\/h2>\n<p><span data-contrast=\"none\">Accountable g\u00e9rer tous vos imp\u00f4ts d&rsquo;ind\u00e9pendant depuis votre t\u00e9l\u00e9phone, en veillant \u00e0 ce que vos factures soient conformes aux <\/span><span data-contrast=\"none\">r\u00e8gles<\/span> <span data-contrast=\"none\">en mati\u00e8re de TVA<\/span><span data-contrast=\"none\"> et les inclut correctement dans votre d\u00e9claration TVA.<\/span><span data-ccp-props=\"{&quot;134233117&quot;:true,&quot;134233118&quot;:true,&quot;201341983&quot;:0,&quot;335559739&quot;:240,&quot;335559740&quot;:360}\">&nbsp;<\/span><\/p>\n<p><a href=\"https:\/\/www.accountable.eu\/fr-be\/download\/\"><b><span data-contrast=\"none\">Essayez Accountable maintenant<\/span><\/b><\/a><\/p>\n","protected":false},"excerpt":{"rendered":"<p>Vous savez peut-\u00eatre tout sur la TVA et ce que cela implique pour vous, en tant qu\u2019ind\u00e9pendant. Mais qu\u2019en est-il de la TVA lorsque vous r\u00e9alisez des ventes \u00e0 l\u2019\u00e9tranger\u2009? Les r\u00e8gles diff\u00e8rent selon qu\u2019il s\u2019agit de biens ou de services, que votre client a un num\u00e9ro de TVA ou non et qu\u2019il est \u00e9tabli [&hellip;]<\/p>\n","protected":false},"author":11,"featured_media":3804,"comment_status":"closed","ping_status":"closed","sticky":false,"template":"","format":"standard","meta":{"inline_featured_image":false,"footnotes":""},"categories":[284,291,240],"tags":[315],"class_list":["post-13148","post","type-post","status-publish","format-standard","has-post-thumbnail","hentry","category-payer-et-declarer-la-tva","category-informations-pratiques","category-uncategorized-fr-be","tag-tva"],"acf":[],"yoast_head":"<!-- This site is optimized with the Yoast SEO plugin v27.4 - https:\/\/yoast.com\/product\/yoast-seo-wordpress\/ -->\n<title>Les r\u00e8gles en mati\u00e8re de TVA \u00e0 l\u2019international\u202f: ventes et achats au sein et en dehors de l\u2019UE - Accountable<\/title>\n<meta name=\"description\" content=\"Quelles sont les r\u00e8gles en mati\u00e8re de TVA en cas de ventes ou d\u2019achats au sein ou en dehors de l\u2019UE\u2009? Tout savoir sur la r\u00e9glementation TVA pour les ventes et les achats \u00e0 l\u2019\u00e9tranger.\" \/>\n<meta name=\"robots\" content=\"index, follow, max-snippet:-1, max-image-preview:large, max-video-preview:-1\" \/>\n<link rel=\"canonical\" href=\"https:\/\/www.accountable.eu\/fr-be\/blog\/tva-a-linternational\/\" \/>\n<meta property=\"og:locale\" content=\"fr_FR\" \/>\n<meta property=\"og:type\" content=\"article\" \/>\n<meta property=\"og:title\" content=\"Les r\u00e8gles en mati\u00e8re de TVA \u00e0 l\u2019international\u202f: ventes et achats au sein et en dehors de l\u2019UE - Accountable\" \/>\n<meta property=\"og:description\" content=\"Quelles sont les r\u00e8gles en mati\u00e8re de TVA en cas de ventes ou d\u2019achats au sein ou en dehors de l\u2019UE\u2009? Tout savoir sur la r\u00e9glementation TVA pour les ventes et les achats \u00e0 l\u2019\u00e9tranger.\" \/>\n<meta property=\"og:url\" content=\"https:\/\/www.accountable.eu\/fr-be\/blog\/tva-a-linternational\/\" \/>\n<meta property=\"og:site_name\" content=\"Accountable\" \/>\n<meta property=\"article:published_time\" content=\"2022-03-04T14:45:51+00:00\" \/>\n<meta property=\"article:modified_time\" content=\"2024-07-11T08:56:11+00:00\" \/>\n<meta property=\"og:image\" content=\"https:\/\/www.accountable.eu\/wp-content\/uploads\/2022\/02\/Export-me-pleeeeaaase_2.png\" \/>\n\t<meta property=\"og:image:width\" content=\"1029\" \/>\n\t<meta property=\"og:image:height\" content=\"600\" \/>\n\t<meta property=\"og:image:type\" content=\"image\/png\" \/>\n<meta name=\"author\" content=\"Isabel Senden\" \/>\n<meta name=\"twitter:card\" content=\"summary_large_image\" \/>\n<meta name=\"twitter:label1\" content=\"\u00c9crit par\" \/>\n\t<meta name=\"twitter:data1\" content=\"Isabel Senden\" \/>\n\t<meta name=\"twitter:label2\" content=\"Dur\u00e9e de lecture est.\" \/>\n\t<meta name=\"twitter:data2\" content=\"4 minutes\" \/>\n<script type=\"application\/ld+json\" class=\"yoast-schema-graph\">{\"@context\":\"https:\\\/\\\/schema.org\",\"@graph\":[{\"@type\":\"Article\",\"@id\":\"https:\\\/\\\/www.accountable.eu\\\/fr-be\\\/blog\\\/tva-a-linternational\\\/#article\",\"isPartOf\":{\"@id\":\"https:\\\/\\\/www.accountable.eu\\\/fr-be\\\/blog\\\/tva-a-linternational\\\/\"},\"author\":{\"name\":\"Isabel Senden\",\"@id\":\"https:\\\/\\\/www.accountable.eu\\\/fr-be\\\/#\\\/schema\\\/person\\\/de2a66f2f69b8ede00c1247f105e6137\"},\"headline\":\"Les r\u00e8gles en mati\u00e8re de TVA \u00e0 l\u2019international\u202f: ventes et achats au sein et en dehors de l\u2019UE\",\"datePublished\":\"2022-03-04T14:45:51+00:00\",\"dateModified\":\"2024-07-11T08:56:11+00:00\",\"mainEntityOfPage\":{\"@id\":\"https:\\\/\\\/www.accountable.eu\\\/fr-be\\\/blog\\\/tva-a-linternational\\\/\"},\"wordCount\":900,\"publisher\":{\"@id\":\"https:\\\/\\\/www.accountable.eu\\\/fr-be\\\/#organization\"},\"image\":{\"@id\":\"https:\\\/\\\/www.accountable.eu\\\/fr-be\\\/blog\\\/tva-a-linternational\\\/#primaryimage\"},\"thumbnailUrl\":\"https:\\\/\\\/www.accountable.eu\\\/wp-content\\\/uploads\\\/2022\\\/02\\\/Export-me-pleeeeaaase_2.png\",\"keywords\":[\"TVA\"],\"articleSection\":[\"D\u00e9clarer et payer la TVA\",\"Informations pratiques\",\"Uncategorized @fr-be\"],\"inLanguage\":\"fr-BE\"},{\"@type\":\"WebPage\",\"@id\":\"https:\\\/\\\/www.accountable.eu\\\/fr-be\\\/blog\\\/tva-a-linternational\\\/\",\"url\":\"https:\\\/\\\/www.accountable.eu\\\/fr-be\\\/blog\\\/tva-a-linternational\\\/\",\"name\":\"Les r\u00e8gles en mati\u00e8re de TVA \u00e0 l\u2019international\u202f: ventes et achats au sein et en dehors de l\u2019UE - Accountable\",\"isPartOf\":{\"@id\":\"https:\\\/\\\/www.accountable.eu\\\/fr-be\\\/#website\"},\"primaryImageOfPage\":{\"@id\":\"https:\\\/\\\/www.accountable.eu\\\/fr-be\\\/blog\\\/tva-a-linternational\\\/#primaryimage\"},\"image\":{\"@id\":\"https:\\\/\\\/www.accountable.eu\\\/fr-be\\\/blog\\\/tva-a-linternational\\\/#primaryimage\"},\"thumbnailUrl\":\"https:\\\/\\\/www.accountable.eu\\\/wp-content\\\/uploads\\\/2022\\\/02\\\/Export-me-pleeeeaaase_2.png\",\"datePublished\":\"2022-03-04T14:45:51+00:00\",\"dateModified\":\"2024-07-11T08:56:11+00:00\",\"description\":\"Quelles sont les r\u00e8gles en mati\u00e8re de TVA en cas de ventes ou d\u2019achats au sein ou en dehors de l\u2019UE\u2009? Tout savoir sur la r\u00e9glementation TVA pour les ventes et les achats \u00e0 l\u2019\u00e9tranger.\",\"breadcrumb\":{\"@id\":\"https:\\\/\\\/www.accountable.eu\\\/fr-be\\\/blog\\\/tva-a-linternational\\\/#breadcrumb\"},\"inLanguage\":\"fr-BE\",\"potentialAction\":[{\"@type\":\"ReadAction\",\"target\":[\"https:\\\/\\\/www.accountable.eu\\\/fr-be\\\/blog\\\/tva-a-linternational\\\/\"]}]},{\"@type\":\"ImageObject\",\"inLanguage\":\"fr-BE\",\"@id\":\"https:\\\/\\\/www.accountable.eu\\\/fr-be\\\/blog\\\/tva-a-linternational\\\/#primaryimage\",\"url\":\"https:\\\/\\\/www.accountable.eu\\\/wp-content\\\/uploads\\\/2022\\\/02\\\/Export-me-pleeeeaaase_2.png\",\"contentUrl\":\"https:\\\/\\\/www.accountable.eu\\\/wp-content\\\/uploads\\\/2022\\\/02\\\/Export-me-pleeeeaaase_2.png\",\"width\":1029,\"height\":600},{\"@type\":\"BreadcrumbList\",\"@id\":\"https:\\\/\\\/www.accountable.eu\\\/fr-be\\\/blog\\\/tva-a-linternational\\\/#breadcrumb\",\"itemListElement\":[{\"@type\":\"ListItem\",\"position\":1,\"name\":\"Home\",\"item\":\"https:\\\/\\\/www.accountable.eu\\\/fr-be\\\/\"},{\"@type\":\"ListItem\",\"position\":2,\"name\":\"Les r\u00e8gles en mati\u00e8re de TVA \u00e0 l\u2019international\u202f: ventes et achats au sein et en dehors de l\u2019UE\"}]},{\"@type\":\"WebSite\",\"@id\":\"https:\\\/\\\/www.accountable.eu\\\/fr-be\\\/#website\",\"url\":\"https:\\\/\\\/www.accountable.eu\\\/fr-be\\\/\",\"name\":\"Accountable\",\"description\":\"Your accountant and tax advisor on your smartphone\",\"publisher\":{\"@id\":\"https:\\\/\\\/www.accountable.eu\\\/fr-be\\\/#organization\"},\"potentialAction\":[{\"@type\":\"SearchAction\",\"target\":{\"@type\":\"EntryPoint\",\"urlTemplate\":\"https:\\\/\\\/www.accountable.eu\\\/fr-be\\\/?s={search_term_string}\"},\"query-input\":{\"@type\":\"PropertyValueSpecification\",\"valueRequired\":true,\"valueName\":\"search_term_string\"}}],\"inLanguage\":\"fr-BE\"},{\"@type\":\"Organization\",\"@id\":\"https:\\\/\\\/www.accountable.eu\\\/fr-be\\\/#organization\",\"name\":\"Accountable\",\"url\":\"https:\\\/\\\/www.accountable.eu\\\/fr-be\\\/\",\"logo\":{\"@type\":\"ImageObject\",\"inLanguage\":\"fr-BE\",\"@id\":\"https:\\\/\\\/www.accountable.eu\\\/fr-be\\\/#\\\/schema\\\/logo\\\/image\\\/\",\"url\":\"https:\\\/\\\/www.accountable.eu\\\/wp-content\\\/uploads\\\/2026\\\/04\\\/logo-512.png\",\"contentUrl\":\"https:\\\/\\\/www.accountable.eu\\\/wp-content\\\/uploads\\\/2026\\\/04\\\/logo-512.png\",\"width\":512,\"height\":512,\"caption\":\"Accountable\"},\"image\":{\"@id\":\"https:\\\/\\\/www.accountable.eu\\\/fr-be\\\/#\\\/schema\\\/logo\\\/image\\\/\"}},{\"@type\":\"Person\",\"@id\":\"https:\\\/\\\/www.accountable.eu\\\/fr-be\\\/#\\\/schema\\\/person\\\/de2a66f2f69b8ede00c1247f105e6137\",\"name\":\"Isabel Senden\",\"image\":{\"@type\":\"ImageObject\",\"inLanguage\":\"fr-BE\",\"@id\":\"https:\\\/\\\/secure.gravatar.com\\\/avatar\\\/7f67e7d6d9abcd35af99e6a1b0aee8905804adfbca8ba4a95810051d1d6f9425?s=96&d=mm&r=g\",\"url\":\"https:\\\/\\\/secure.gravatar.com\\\/avatar\\\/7f67e7d6d9abcd35af99e6a1b0aee8905804adfbca8ba4a95810051d1d6f9425?s=96&d=mm&r=g\",\"contentUrl\":\"https:\\\/\\\/secure.gravatar.com\\\/avatar\\\/7f67e7d6d9abcd35af99e6a1b0aee8905804adfbca8ba4a95810051d1d6f9425?s=96&d=mm&r=g\",\"caption\":\"Isabel Senden\"}}]}<\/script>\n<!-- \/ Yoast SEO plugin. -->","yoast_head_json":{"title":"Les r\u00e8gles en mati\u00e8re de TVA \u00e0 l\u2019international\u202f: ventes et achats au sein et en dehors de l\u2019UE - Accountable","description":"Quelles sont les r\u00e8gles en mati\u00e8re de TVA en cas de ventes ou d\u2019achats au sein ou en dehors de l\u2019UE\u2009? Tout savoir sur la r\u00e9glementation TVA pour les ventes et les achats \u00e0 l\u2019\u00e9tranger.","robots":{"index":"index","follow":"follow","max-snippet":"max-snippet:-1","max-image-preview":"max-image-preview:large","max-video-preview":"max-video-preview:-1"},"canonical":"https:\/\/www.accountable.eu\/fr-be\/blog\/tva-a-linternational\/","og_locale":"fr_FR","og_type":"article","og_title":"Les r\u00e8gles en mati\u00e8re de TVA \u00e0 l\u2019international\u202f: ventes et achats au sein et en dehors de l\u2019UE - Accountable","og_description":"Quelles sont les r\u00e8gles en mati\u00e8re de TVA en cas de ventes ou d\u2019achats au sein ou en dehors de l\u2019UE\u2009? Tout savoir sur la r\u00e9glementation TVA pour les ventes et les achats \u00e0 l\u2019\u00e9tranger.","og_url":"https:\/\/www.accountable.eu\/fr-be\/blog\/tva-a-linternational\/","og_site_name":"Accountable","article_published_time":"2022-03-04T14:45:51+00:00","article_modified_time":"2024-07-11T08:56:11+00:00","og_image":[{"width":1029,"height":600,"url":"https:\/\/www.accountable.eu\/wp-content\/uploads\/2022\/02\/Export-me-pleeeeaaase_2.png","type":"image\/png"}],"author":"Isabel Senden","twitter_card":"summary_large_image","twitter_misc":{"\u00c9crit par":"Isabel Senden","Dur\u00e9e de lecture est.":"4 minutes"},"schema":{"@context":"https:\/\/schema.org","@graph":[{"@type":"Article","@id":"https:\/\/www.accountable.eu\/fr-be\/blog\/tva-a-linternational\/#article","isPartOf":{"@id":"https:\/\/www.accountable.eu\/fr-be\/blog\/tva-a-linternational\/"},"author":{"name":"Isabel Senden","@id":"https:\/\/www.accountable.eu\/fr-be\/#\/schema\/person\/de2a66f2f69b8ede00c1247f105e6137"},"headline":"Les r\u00e8gles en mati\u00e8re de TVA \u00e0 l\u2019international\u202f: ventes et achats au sein et en dehors de l\u2019UE","datePublished":"2022-03-04T14:45:51+00:00","dateModified":"2024-07-11T08:56:11+00:00","mainEntityOfPage":{"@id":"https:\/\/www.accountable.eu\/fr-be\/blog\/tva-a-linternational\/"},"wordCount":900,"publisher":{"@id":"https:\/\/www.accountable.eu\/fr-be\/#organization"},"image":{"@id":"https:\/\/www.accountable.eu\/fr-be\/blog\/tva-a-linternational\/#primaryimage"},"thumbnailUrl":"https:\/\/www.accountable.eu\/wp-content\/uploads\/2022\/02\/Export-me-pleeeeaaase_2.png","keywords":["TVA"],"articleSection":["D\u00e9clarer et payer la TVA","Informations pratiques","Uncategorized @fr-be"],"inLanguage":"fr-BE"},{"@type":"WebPage","@id":"https:\/\/www.accountable.eu\/fr-be\/blog\/tva-a-linternational\/","url":"https:\/\/www.accountable.eu\/fr-be\/blog\/tva-a-linternational\/","name":"Les r\u00e8gles en mati\u00e8re de TVA \u00e0 l\u2019international\u202f: ventes et achats au sein et en dehors de l\u2019UE - Accountable","isPartOf":{"@id":"https:\/\/www.accountable.eu\/fr-be\/#website"},"primaryImageOfPage":{"@id":"https:\/\/www.accountable.eu\/fr-be\/blog\/tva-a-linternational\/#primaryimage"},"image":{"@id":"https:\/\/www.accountable.eu\/fr-be\/blog\/tva-a-linternational\/#primaryimage"},"thumbnailUrl":"https:\/\/www.accountable.eu\/wp-content\/uploads\/2022\/02\/Export-me-pleeeeaaase_2.png","datePublished":"2022-03-04T14:45:51+00:00","dateModified":"2024-07-11T08:56:11+00:00","description":"Quelles sont les r\u00e8gles en mati\u00e8re de TVA en cas de ventes ou d\u2019achats au sein ou en dehors de l\u2019UE\u2009? Tout savoir sur la r\u00e9glementation TVA pour les ventes et les achats \u00e0 l\u2019\u00e9tranger.","breadcrumb":{"@id":"https:\/\/www.accountable.eu\/fr-be\/blog\/tva-a-linternational\/#breadcrumb"},"inLanguage":"fr-BE","potentialAction":[{"@type":"ReadAction","target":["https:\/\/www.accountable.eu\/fr-be\/blog\/tva-a-linternational\/"]}]},{"@type":"ImageObject","inLanguage":"fr-BE","@id":"https:\/\/www.accountable.eu\/fr-be\/blog\/tva-a-linternational\/#primaryimage","url":"https:\/\/www.accountable.eu\/wp-content\/uploads\/2022\/02\/Export-me-pleeeeaaase_2.png","contentUrl":"https:\/\/www.accountable.eu\/wp-content\/uploads\/2022\/02\/Export-me-pleeeeaaase_2.png","width":1029,"height":600},{"@type":"BreadcrumbList","@id":"https:\/\/www.accountable.eu\/fr-be\/blog\/tva-a-linternational\/#breadcrumb","itemListElement":[{"@type":"ListItem","position":1,"name":"Home","item":"https:\/\/www.accountable.eu\/fr-be\/"},{"@type":"ListItem","position":2,"name":"Les r\u00e8gles en mati\u00e8re de TVA \u00e0 l\u2019international\u202f: ventes et achats au sein et en dehors de l\u2019UE"}]},{"@type":"WebSite","@id":"https:\/\/www.accountable.eu\/fr-be\/#website","url":"https:\/\/www.accountable.eu\/fr-be\/","name":"Accountable","description":"Your accountant and tax advisor on your smartphone","publisher":{"@id":"https:\/\/www.accountable.eu\/fr-be\/#organization"},"potentialAction":[{"@type":"SearchAction","target":{"@type":"EntryPoint","urlTemplate":"https:\/\/www.accountable.eu\/fr-be\/?s={search_term_string}"},"query-input":{"@type":"PropertyValueSpecification","valueRequired":true,"valueName":"search_term_string"}}],"inLanguage":"fr-BE"},{"@type":"Organization","@id":"https:\/\/www.accountable.eu\/fr-be\/#organization","name":"Accountable","url":"https:\/\/www.accountable.eu\/fr-be\/","logo":{"@type":"ImageObject","inLanguage":"fr-BE","@id":"https:\/\/www.accountable.eu\/fr-be\/#\/schema\/logo\/image\/","url":"https:\/\/www.accountable.eu\/wp-content\/uploads\/2026\/04\/logo-512.png","contentUrl":"https:\/\/www.accountable.eu\/wp-content\/uploads\/2026\/04\/logo-512.png","width":512,"height":512,"caption":"Accountable"},"image":{"@id":"https:\/\/www.accountable.eu\/fr-be\/#\/schema\/logo\/image\/"}},{"@type":"Person","@id":"https:\/\/www.accountable.eu\/fr-be\/#\/schema\/person\/de2a66f2f69b8ede00c1247f105e6137","name":"Isabel Senden","image":{"@type":"ImageObject","inLanguage":"fr-BE","@id":"https:\/\/secure.gravatar.com\/avatar\/7f67e7d6d9abcd35af99e6a1b0aee8905804adfbca8ba4a95810051d1d6f9425?s=96&d=mm&r=g","url":"https:\/\/secure.gravatar.com\/avatar\/7f67e7d6d9abcd35af99e6a1b0aee8905804adfbca8ba4a95810051d1d6f9425?s=96&d=mm&r=g","contentUrl":"https:\/\/secure.gravatar.com\/avatar\/7f67e7d6d9abcd35af99e6a1b0aee8905804adfbca8ba4a95810051d1d6f9425?s=96&d=mm&r=g","caption":"Isabel Senden"}}]}},"_links":{"self":[{"href":"https:\/\/www.accountable.eu\/fr-be\/wp-json\/wp\/v2\/posts\/13148","targetHints":{"allow":["GET"]}}],"collection":[{"href":"https:\/\/www.accountable.eu\/fr-be\/wp-json\/wp\/v2\/posts"}],"about":[{"href":"https:\/\/www.accountable.eu\/fr-be\/wp-json\/wp\/v2\/types\/post"}],"author":[{"embeddable":true,"href":"https:\/\/www.accountable.eu\/fr-be\/wp-json\/wp\/v2\/users\/11"}],"replies":[{"embeddable":true,"href":"https:\/\/www.accountable.eu\/fr-be\/wp-json\/wp\/v2\/comments?post=13148"}],"version-history":[{"count":0,"href":"https:\/\/www.accountable.eu\/fr-be\/wp-json\/wp\/v2\/posts\/13148\/revisions"}],"wp:featuredmedia":[{"embeddable":true,"href":"https:\/\/www.accountable.eu\/fr-be\/wp-json\/wp\/v2\/media\/3804"}],"wp:attachment":[{"href":"https:\/\/www.accountable.eu\/fr-be\/wp-json\/wp\/v2\/media?parent=13148"}],"wp:term":[{"taxonomy":"category","embeddable":true,"href":"https:\/\/www.accountable.eu\/fr-be\/wp-json\/wp\/v2\/categories?post=13148"},{"taxonomy":"post_tag","embeddable":true,"href":"https:\/\/www.accountable.eu\/fr-be\/wp-json\/wp\/v2\/tags?post=13148"}],"curies":[{"name":"wp","href":"https:\/\/api.w.org\/{rel}","templated":true}]}}