{"id":13182,"date":"2022-01-05T13:50:32","date_gmt":"2022-01-05T12:50:32","guid":{"rendered":"https:\/\/prod-migration-second.local\/?p=13182"},"modified":"2025-02-21T14:57:04","modified_gmt":"2025-02-21T13:57:04","slug":"independant-complementaire","status":"publish","type":"post","link":"https:\/\/www.accountable.eu\/fr-be\/blog\/independant-complementaire\/","title":{"rendered":"Se lancer en tant qu&rsquo;ind\u00e9pendant \u00e0 titre compl\u00e9mentaire : voici ce que vous devez savoir !"},"content":{"rendered":"\n<p><strong>Tester un nouveau projet professionnel sans abandonner votre activit\u00e9 principale ? Gagner de l&rsquo;argent de mani\u00e8re efficace en d\u00e9veloppant une passion en dehors des heures de bureau ? Ou simplement compl\u00e9ter vos revenus ? Devenir ind\u00e9pendant \u00e0 titre compl\u00e9mentaire est alors le bon choix ! Mais que signifie r\u00e9ellement cela pour vos revenus et vos imp\u00f4ts ? Et comment devenir ind\u00e9pendant \u00e0 titre compl\u00e9mentaire ? Nous vous expliquons tout \u00e0 ce sujet.<\/strong><\/p>\n\n\n\n<h2 class=\"wp-block-heading\" id=\"professions\"><strong>Ind\u00e9pendant \u00e0 titre compl\u00e9mentaire : qu&rsquo;est-ce que c&rsquo;est et quels m\u00e9tiers sont concern\u00e9s ?<\/strong><\/h2>\n\n\n\n<p><strong>\u00catre ind\u00e9pendant \u00e0 titre compl\u00e9mentaire est un statut juridique d\u00e9signant des personnes qui exercent une activit\u00e9 ind\u00e9pendante en compl\u00e9ment d&rsquo;un autre statut garantissant leur s\u00e9curit\u00e9 sociale.<\/strong> En des termes un peu moins complexes : ce sont des personnes ayant un emploi principal en tant que salari\u00e9 et exer\u00e7ant \u00e9galement une activit\u00e9 ind\u00e9pendante. Vous connaissez probablement quelqu&rsquo;un dans votre entourage qui correspond \u00e0 cette description. Pensez \u00e0 Anne, qui a un travail \u00e0 temps plein dans un bureau en semaine et qui est photographe lors d&rsquo;\u00e9v\u00e9nements le week-end, ou \u00e0 Sven, qui travaille \u00e0 mi-temps en tant que salari\u00e9 et exerce \u00e9galement la profession de menuisier en tant qu&rsquo;ind\u00e9pendant \u00e0 titre compl\u00e9mentaire.<\/p>\n\n\n\n<p>La plupart des ind\u00e9pendants \u00e0 titre compl\u00e9mentaires choisissent ce statut parce qu&rsquo;ils veulent conserver la s\u00e9curit\u00e9 d&rsquo;un emploi salari\u00e9 tout en d\u00e9veloppant progressivement leur client\u00e8le et leurs revenus. Ou simplement parce qu&rsquo;ils aiment la vari\u00e9t\u00e9, c&rsquo;est possible aussi. \ud83d\ude09<\/p>\n\n\n\n<h2 class=\"wp-block-heading\"><strong>Quels m\u00e9tiers peuvent \u00eatre exerc\u00e9s en tant qu&rsquo;ind\u00e9pendant \u00e0 titre compl\u00e9mentaire ?<\/strong><\/h2>\n\n\n\n<p>Tout comme pour les ind\u00e9pendants \u00e0 titre principal, presque tous les m\u00e9tiers peuvent \u00eatre transform\u00e9s en une activit\u00e9 ind\u00e9pendante. <strong>Si vous avez suffisamment de talent, d&rsquo;expertise et d&rsquo;esprit entrepreneurial pour vendre un produit ou un service, vous pouvez en principe d\u00e9marrer en tant qu&rsquo;ind\u00e9pendant \u00e0 titre compl\u00e9mentaire.<\/strong><\/p>\n\n\n\n<p><strong>En Flandre<\/strong>, vous n&rsquo;avez <strong>pas besoin de dipl\u00f4mes sp\u00e9cifiques<\/strong> pour devenir ind\u00e9pendant \u00e0 titre compl\u00e9mentaire. Il y a quelques ann\u00e9es, le dipl\u00f4me de gestion d&rsquo;entreprise \u00e9tait requis, ainsi qu&rsquo;un certificat de comp\u00e9tence professionnelle pour certains m\u00e9tiers du secteur de la construction. Ce n&rsquo;est plus le cas pour la Flandre, mais attention :<\/p>\n\n\n\n<ul class=\"wp-block-list\">\n<li><strong>\u00c0 Bruxelles<\/strong>, depuis 2024, le dipl\u00f4me de gestion d&rsquo;entreprise n&rsquo;est plus requis, mais pour certains m\u00e9tiers, vous devez toujours fournir une <strong>preuve de comp\u00e9tence professionnelle.<\/strong><\/li>\n\n\n\n<li><strong>En Wallonie<\/strong>, vous devez pr\u00e9senter \u00e0 la fois un <strong>dipl\u00f4me de gestion d&rsquo;entreprise<\/strong> et (pour certains m\u00e9tiers) <strong>une preuve de comp\u00e9tence professionnelle.<\/strong><\/li>\n<\/ul>\n\n\n\n<p>Quelles r\u00e8gles s&rsquo;appliquent \u00e0 vous ? Cela d\u00e9pend de l&rsquo;adresse \u00e0 laquelle vous enregistrez officiellement votre activit\u00e9 \u00e0 titre compl\u00e9mentaire. Nous reviendrons plus tard sur votre enregistrement officiel.<\/p>\n\n\n\n<p>En Flandre, avez-vous besoin d&rsquo;un dipl\u00f4me sp\u00e9cifique pour exercer une activit\u00e9 ind\u00e9pendante ? En principe, non. Mais cela peut certainement <strong><em>renforcer<\/em><\/strong><strong> votre expertise, votre exp\u00e9rience et votre cr\u00e9dibilit\u00e9.<\/strong> Apr\u00e8s tout, vos clients paient pour un produit ou un service de qualit\u00e9.<\/p>\n\n\n\n<p><em>\u26a0\ufe0f Attention, certains m\u00e9tiers exigent un dipl\u00f4me ou un certificat sp\u00e9cifique, notamment dans les professions param\u00e9dicales telles que psychologue, infirmier, kin\u00e9sith\u00e9rapeute, etc.<\/em><\/p>\n\n\n\n<p>De plus, pour d\u00e9marrer en tant qu&rsquo;ind\u00e9pendant \u00e0 titre&nbsp; compl\u00e9mentaire, vous devez remplir certaines conditions sp\u00e9cifiques, que vous d\u00e9couvrirez dans le paragraphe suivant.<\/p>\n\n\n\n<h2 class=\"wp-block-heading\" id=\"conditions\"><strong>Qui peut devenir ind\u00e9pendant compl\u00e9mentaire ?<\/strong><\/h2>\n\n\n\n<p>Comme mentionn\u00e9 pr\u00e9c\u00e9demment, les ind\u00e9pendants compl\u00e9mentaires sont des individus exer\u00e7ant \u00e9galement une activit\u00e9 principale en tant que salari\u00e9. Pour d\u00e9buter en tant qu&rsquo;ind\u00e9pendant compl\u00e9mentaire, vous devez donc travailler au moins \u00e0 temps partiel.<\/p>\n\n\n\n<p><strong>Voici les conditions :<\/strong><\/p>\n\n\n\n<ul class=\"wp-block-list\">\n<li>Vous \u00eates un <strong>salari\u00e9<\/strong> travaillant au moins \u00e0 <strong>mi-temps<\/strong> ;<\/li>\n\n\n\n<li>Ou un <strong>enseignant<\/strong> travaillant au moins 6\/10\u00e8me d&rsquo;un horaire complet en tant que titulaire et au moins 5\/10\u00e8me si vous n&rsquo;\u00eates pas (encore) titulaire ;<\/li>\n\n\n\n<li>Ou vous \u00eates l\u00e9galement \u00e0 la <strong>retraite ;<\/strong><\/li>\n\n\n\n<li>Ou vous \u00eates <strong>demandeur d&#8217;emploi<\/strong> et <a href=\"https:\/\/www.onem.be\/\">l&rsquo;Office National de l&rsquo;Emploi (ONEM)<\/a> vous autorise \u00e0 exercer une activit\u00e9 compl\u00e9mentaire. Cela vous permet de conserver votre droit \u00e0 une allocation de ch\u00f4mage pendant douze mois tout en exer\u00e7ant une activit\u00e9 compl\u00e9mentaire en tant qu&rsquo;ind\u00e9pendant gr\u00e2ce \u00e0 l&rsquo;avantage \u00ab\u00a0<a href=\"https:\/\/www.onem.be\/citoyens\/chomage-complet\/pouvez-vous-travailler-pendant-le-chomage-\/pouvez-vous-exercer-une-activite-independante-a-titre-accessoire-pendant-votre-chomage-dans-le-cadre-de-lavantage-tremplin-independants-\">Tremplin-ind\u00e9pendants<\/a>\u00a0\u00bb ;<\/li>\n\n\n\n<li>Ou <strong>vous recevez une allocation de la mutualit\u00e9<\/strong> (cette indemnit\u00e9 est bas\u00e9e sur une activit\u00e9 salari\u00e9e avant votre incapacit\u00e9 de travail).<\/li>\n<\/ul>\n\n\n\n<p>Dans tous les autres cas &#8211; par exemple, un cong\u00e9 non r\u00e9mun\u00e9r\u00e9 &#8211; vous devenez <strong>ind\u00e9pendant \u00e0 titre principal.<\/strong><\/p>\n\n\n\n<p>Un ind\u00e9pendant \u00e0 titre principal g\u00e9n\u00e8re des revenus et b\u00e9n\u00e9ficie de la s\u00e9curit\u00e9 sociale via son statut d&rsquo;ind\u00e9pendant. Un ind\u00e9pendant \u00e0 titre compl\u00e9mentaire g\u00e9n\u00e8re des revenus et b\u00e9n\u00e9ficie de la s\u00e9curit\u00e9 sociale via son statut de salari\u00e9, de pensionn\u00e9, de ch\u00f4meur ou d&rsquo;une \u00e9ventuelle allocation de la mutualit\u00e9. En r\u00e9sum\u00e9, via l&rsquo;un de ces autres statuts, mais pas via son statut d&rsquo;ind\u00e9pendant \u00e0 titre&nbsp; compl\u00e9mentaire.<\/p>\n\n\n\n<h2 class=\"wp-block-heading\" id=\"coute\"><strong>Combien cela co\u00fbte-t-il de d\u00e9marrer en tant qu&rsquo;ind\u00e9pendant \u00e0 titre compl\u00e9mentaire ?<\/strong><\/h2>\n\n\n\n<p>Vous devez vous <strong>enregistrer officiellement<\/strong> aupr\u00e8s de la <a href=\"https:\/\/economie.fgov.be\/fr\/themes\/entreprises\/banque-carrefour-des\">Banque-Carrefour des Entreprises (BCE)<\/a> et cela vous co\u00fbtera <strong>109\u20ac<\/strong>. Vous pouvez effectuer cette d\u00e9marche par vous-m\u00eame ou vous faire aider par un guichet d&rsquo;entreprises, un comptable ou un expert-comptable. Apr\u00e8s votre enregistrement officiel, vous recevrez votre <strong>num\u00e9ro d&rsquo;entreprise.<\/strong> Ce num\u00e9ro doit \u00eatre utilis\u00e9 pour activer votre num\u00e9ro de TVA et appara\u00eetra sur toutes vos factures.<\/p>\n\n\n\n<p>En outre, vous aurez probablement des<strong> frais de d\u00e9marrage<\/strong>, tels que du mat\u00e9riel, une formation, un ordinateur portable, certains \u00e9quipements&#8230; Le montant de ces frais de d\u00e9marrage d\u00e9pendra de votre activit\u00e9 \u00e0 titre compl\u00e9mentaire et de votre situation personnelle. Il est important de noter que ces frais sont consid\u00e9r\u00e9s comme des <a href=\"https:\/\/www.accountable.eu\/fr-be\/blog\/frais-professionnels-deductibles-pour-les-independants-quels-frais-pouvez-vous-deduire\/\">frais professionnels<\/a> (c&rsquo;est-\u00e0-dire des d\u00e9penses li\u00e9es \u00e0 votre activit\u00e9 professionnelle) et sont d\u00e9ductibles fiscalement.<\/p>\n\n\n\n<p>\ud83d\udca1<strong>Conseil Accountable<\/strong> : Souvent, vous suivez une formation ou achetez du mat\u00e9riel avant m\u00eame de d\u00e9marrer officiellement en tant qu&rsquo;ind\u00e9pendant. C&rsquo;est pourquoi vous pouvez d\u00e9clarer comme <a href=\"https:\/\/www.fraispro.be\/\">frais professionnels<\/a> les d\u00e9penses engag\u00e9es jusqu&rsquo;\u00e0 trois mois avant votre date de d\u00e9but officielle.<\/p>\n\n\n\n<p>En tant qu&rsquo;ind\u00e9pendant compl\u00e9mentaire, vous \u00eates tenu de vous affilier \u00e0 une <a href=\"https:\/\/www.accountable.eu\/fr-be\/blog\/caisse-dassurances-sociales\/\">caisse d&rsquo;assurances sociales<\/a>. Vous devrez payer des <a href=\"https:\/\/www.liantis.be\/fr\/devenir-independant\/cotisations-sociales\/calculer\/titre-complementaire\">cotisations sociales<\/a> \u00e0 cette caisse, g\u00e9n\u00e9ralement correspondant \u00e0 environ 20,5% de votre revenu imposable.<\/p>\n\n\n\n<p>Comme les ind\u00e9pendants \u00e0 titre compl\u00e9mentaire ont souvent du mal \u00e0 estimer leurs revenus, il est possible de choisir une cotisation minimale (98,52 \u20ac par trimestre en 2024).<\/p>\n\n\n\n<ul class=\"wp-block-list\">\n<li>Si votre revenu imposable de votre activit\u00e9 compl\u00e9mentaire est inf\u00e9rieur \u00e0 1 865,45 \u20ac par an, vous n&rsquo;avez pas \u00e0 payer de cotisations sociales (et vous recevez le remboursement de la cotisation minimale).<\/li>\n\n\n\n<li>Si vous n&rsquo;avez pas pay\u00e9 suffisamment de cotisations sociales, vous devrez verser un compl\u00e9ment.<\/li>\n<\/ul>\n\n\n\n<p>\ud83d\udd17 <a href=\"https:\/\/www.accountable.eu\/fr-be\/blog\/cotisations-sociales-independant-complementaire\/\">Pour en savoir plus sur les cotisations sociales en tant qu&rsquo;ind\u00e9pendant \u00e0 titre compl\u00e9mentaire<\/a><\/p>\n\n\n\n<p>Enfin, vos imp\u00f4ts. M\u00eame en tant qu&rsquo;ind\u00e9pendant \u00e0 titre compl\u00e9mentaire, vous devez payer des imp\u00f4ts sur vos revenus. Vous serez impos\u00e9 selon le <a href=\"https:\/\/www.accountable.eu\/fr-be\/blog\/impot-progressif-belgique\/\">bar\u00e8me progressif de l&rsquo;imp\u00f4t<\/a> sur le revenu, tout comme vos revenus issus de votre activit\u00e9 principale.<\/p>\n\n\n\n<h2 class=\"wp-block-heading\" id=\"impots\"><strong>Activit\u00e9 compl\u00e9mentaire et imp\u00f4ts : quelle part de votre activit\u00e9 compl\u00e9mentaire vous reste-t-il ?<\/strong><\/h2>\n\n\n\n<p>Les imp\u00f4ts en Belgique sont progressifs. Les revenus que vous gagnez en tant qu&rsquo;ind\u00e9pendant \u00e0 titre compl\u00e9mentaire sont donc ajout\u00e9s \u00e0 votre salaire. Il est tr\u00e8s probable que ce revenu suppl\u00e9mentaire vous fasse basculer dans une <strong>tranche d&rsquo;imposition plus \u00e9lev\u00e9e <\/strong>et que vous soyez donc impos\u00e9 au taux le plus \u00e9lev\u00e9.<\/p>\n\n\n\n<p>Supposons que votre revenu annuel provenant de votre emploi principal en tant que salari\u00e9 soit de 44 000 \u20ac et que vos revenus de votre activit\u00e9 compl\u00e9mentaire s&rsquo;\u00e9l\u00e8vent \u00e0 8 000 \u20ac, vous vous retrouvez d\u00e9j\u00e0 dans la tranche d&rsquo;imposition la plus \u00e9lev\u00e9e (50 %). C&rsquo;est pourquoi nous vous recommandons de d\u00e9clarer suffisamment de frais professionnels. Cela vous permettra de r\u00e9duire votre revenu imposable net, ce qui signifie que vous paierez finalement moins d&rsquo;imp\u00f4ts.<\/p>\n\n\n\n<p><a href=\"https:\/\/www.accountable.eu\/fr-be\/blog\/independant-complementaire-impots\/\">\ud83d\udd17 En savoir plus sur vos imp\u00f4ts en tant qu&rsquo;ind\u00e9pendant \u00e0 titre compl\u00e9mentaire<\/a><\/p>\n\n\n\n<h2 class=\"wp-block-heading\" id=\"frais-pro\"><strong>Quels frais pouvez-vous d\u00e9duire en tant qu&rsquo;ind\u00e9pendant \u00e0 titre compl\u00e9mentaire ?<\/strong><\/h2>\n\n\n\n<p>Tous les co\u00fbts qui contribuent directement \u00e0 d\u00e9velopper et faire cro\u00eetre votre entreprise sont en principe d\u00e9ductibles fiscalement. Il est donc important de conserver tous les re\u00e7us et factures, car ils peuvent consid\u00e9rablement r\u00e9duire la charge fiscale !<\/p>\n\n\n\n<p>Pour les ind\u00e9pendants \u00e0 titre compl\u00e9mentaires, cela comprend g\u00e9n\u00e9ralement : votre ordinateur portable, t\u00e9l\u00e9phone portable, mat\u00e9riel de travail, (une partie de) la facture internet, facture d&rsquo;\u00e9nergie, (une partie) de vos frais de voiture, mat\u00e9riel d&rsquo;impression\u2026 Vous pouvez trouver plus d&rsquo;inspiration pour d\u00e9duire les frais professionnels des ind\u00e9pendants \u00e0 titre compl\u00e9mentaires <a href=\"https:\/\/www.accountable.eu\/fr-be\/blog\/quels-frais-sont-deductibles\/\">ici.<\/a><\/p>\n\n\n\n<p>\ud83d\udd17 <a href=\"https:\/\/www.accountable.eu\/fr-be\/blog\/frais-professionnels-deductibles-pour-les-independants-quels-frais-pouvez-vous-deduire\/\">En savoir plus sur les frais professionnels<\/a><\/p>\n\n\n\n<h2 class=\"wp-block-heading\" id=\"TVA\"><strong>\u00cates-vous assujetti \u00e0 la TVA en tant qu&rsquo;ind\u00e9pendant \u00e0 titre compl\u00e9mentaire ou non ?<\/strong><\/h2>\n\n\n\n<p>En tant qu&rsquo;ind\u00e9pendant \u00e0 titre compl\u00e9mentaire, devez-vous facturer la TVA sur vos factures et avez-vous le droit de d\u00e9duire la TVA des achats professionnels ? En principe oui, sauf si vous optez express\u00e9ment pour <strong>le r\u00e9gime de franchise de TVA pour les petites entreprises.<\/strong><\/p>\n\n\n\n<p>Toute entreprise avec un<strong> chiffre d&rsquo;affaires annuel inf\u00e9rieur \u00e0 25 000 \u20ac <\/strong>peut b\u00e9n\u00e9ficier de cette franchise de TVA.<\/p>\n\n\n\n<p>Vous n&rsquo;aurez donc pas \u00e0 :<\/p>\n\n\n\n<ul class=\"wp-block-list\">\n<li>Facturer de TVA \u00e0 vos clients<\/li>\n\n\n\n<li>Transf\u00e9rer la TVA \u00e0 l&rsquo;\u00c9tat belge<\/li>\n\n\n\n<li>Soumettre une d\u00e9claration de TVA.<\/li>\n<\/ul>\n\n\n\n<p>Le revers de la m\u00e9daille ? Vous ne <strong>pourrez pas d\u00e9duire (et donc r\u00e9cup\u00e9rer) la TVA<\/strong> des factures de vos fournisseurs.<\/p>\n\n\n\n<p>\ud83d\udd17 <a href=\"https:\/\/www.accountable.eu\/fr-be\/blog\/franchise-tva-assujettissement\/\">En savoir plus sur le r\u00e9gime de franchise de TVA pour petites entreprises<\/a><\/p>\n\n\n\n<p>Certaines<strong> professions lib\u00e9rales pour les services de soins m\u00e9dicaux<\/strong> sont toujours exempt\u00e9es de TVA. Cela signifie qu&rsquo;ils n&rsquo;ont pas \u00e0 facturer ni \u00e0 transf\u00e9rer la TVA. Vous pouvez trouver plus d&rsquo;informations \u00e0 ce sujet <a href=\"https:\/\/financien.belgium.be\/fr\/independants_professions_liberales\/medical-paramedical\/exemption-tva\">ici.<\/a><\/p>\n\n\n\n<h2 class=\"wp-block-heading\" id=\"guide\"><strong>Lancer une activit\u00e9 en tant qu&rsquo;ind\u00e9pendant \u00e0 titre compl\u00e9mentaire : guide \u00e9tape par \u00e9tape<\/strong><\/h2>\n\n\n\n<p>Que vous deveniez ind\u00e9pendant \u00e0 titre compl\u00e9mentaire ou \u00e0 titre principal, en tant que personne physique ou en tant que soci\u00e9t\u00e9, il y a toujours plusieurs \u00e9tapes \u00e0 suivre :<\/p>\n\n\n\n<ul class=\"wp-block-list\">\n<li>Ouvrir un compte <strong>bancaire professionnel<\/strong> (non obligatoire mais recommand\u00e9)<\/li>\n\n\n\n<li>Inscription \u00e0 la <strong>Banque-Carrefour des Entreprises<\/strong> (co\u00fbt : 109\u20ac)<\/li>\n\n\n\n<li>Affiliation obligatoire \u00e0 <strong>une<\/strong> <strong>caisse d&rsquo;assurances sociales<\/strong><\/li>\n\n\n\n<li>Demande et activation du <strong>num\u00e9ro de TVA<\/strong><\/li>\n\n\n\n<li>Paiement des <strong>cotisations sociales<\/strong> et de <strong>l&rsquo;imp\u00f4t sur le revenu<\/strong><\/li>\n<\/ul>\n\n\n\n<p>Ce n&rsquo;est pas compliqu\u00e9. Il vous suffit de suivre les \u00e9tapes <strong>dans le bon ordre<\/strong> : <a href=\"https:\/\/www.accountable.eu\/fr-be\/blog\/demarrer-independant\/\">d\u00e9couvrez ici les diff\u00e9rentes \u00e9tapes pour d\u00e9marrer<\/a> en d\u00e9tail.<\/p>\n\n\n\n<h2 class=\"wp-block-heading\"><strong>All\u00e9gez vos t\u00e2ches administratives avec Accountable<\/strong><\/h2>\n\n\n\n<p><strong>Bien s\u00fbr, le statut d&rsquo;ind\u00e9pendant \u00e0 titre compl\u00e9mentaire implique un certain travail administratif. Chez Accountable, nous faisons tout notre possible pour all\u00e9ger cette charge de travail. Vous num\u00e9risez vos factures et re\u00e7us, et nous nous occupons du reste !<\/strong> <a href=\"https:\/\/web.accountable.eu\/signup?_gl=1*2qysmc*_gcl_au*NjE5NjU1NDAxLjE2OTc5MzY4NDQ.\">Essayez Accountable gratuitement pendant 14 jours.<\/a><\/p>\n\n\n\n<h2 class=\"wp-block-heading\"><strong>FAQ sur le d\u00e9marrage en tant qu&rsquo;ind\u00e9pendant \u00e0 titre&nbsp; compl\u00e9mentaire<\/strong><\/h2>\n\n\n\n<div class=\"schema-faq wp-block-yoast-faq-block\"><div class=\"schema-faq-section\" id=\"faq-question-1704375247611\"><strong class=\"schema-faq-question\"><strong>Un comptable est-il obligatoire pour les ind\u00e9pendants \u00e0 titre compl\u00e9mentaires ?<\/strong><\/strong> <p class=\"schema-faq-answer\">Non, vous n&rsquo;\u00eates pas oblig\u00e9 de recourir \u00e0 un comptable ou \u00e0 un expert-comptable en tant qu&rsquo;ind\u00e9pendant \u00e0 titre compl\u00e9mentaire. Vous devez cependant tenir une comptabilit\u00e9 correcte et d\u00e9clarer vos revenus aux imp\u00f4ts. Vous pouvez parfaitement tenir votre comptabilit\u00e9 vous-m\u00eame avec l&rsquo;aide du bon logiciel, comme Accountable. Le choix vous appartient donc.<\/p> <\/div> <div class=\"schema-faq-section\" id=\"faq-question-1704375346338\"><strong class=\"schema-faq-question\"><strong>Combien cela co\u00fbte-t-il de d\u00e9marrer en tant qu&rsquo;ind\u00e9pendant \u00e0 titre compl\u00e9mentaire ?<\/strong><\/strong> <p class=\"schema-faq-answer\">L&rsquo;enregistrement officiel de votre entreprise \u00e0 la BCE co\u00fbte 109\u20ac et vous paierez environ 60 \u20ac pour votre num\u00e9ro de TVA. Si vous \u00eates assist\u00e9 par un guichet d&rsquo;entreprises ou un comptable, les frais seront un peu plus \u00e9lev\u00e9s. En outre, vous devez \u00e9galement tenir compte de vos frais de d\u00e9marrage, de votre premi\u00e8re cotisation sociale et d&rsquo;autres d\u00e9penses professionnelles.<\/p> <\/div> <div class=\"schema-faq-section\" id=\"faq-question-1704375359094\"><strong class=\"schema-faq-question\"><strong>Combien d&rsquo;imp\u00f4ts payez-vous en tant qu&rsquo;ind\u00e9pendant \u00e0 titre compl\u00e9mentaire ?<\/strong><\/strong> <p class=\"schema-faq-answer\">En tant qu&rsquo;ind\u00e9pendant \u00e0 titre compl\u00e9mentaire, vous \u00eates impos\u00e9 selon les tranches d&rsquo;imposition progressives (25 % \u00e0 50 %). Comme vos revenus de votre activit\u00e9 principale en tant que salari\u00e9 sont additionn\u00e9s \u00e0 ceux de votre activit\u00e9 compl\u00e9mentaire, vous vous retrouvez rapidement dans la tranche d&rsquo;imposition la plus \u00e9lev\u00e9e. Il est donc important de d\u00e9duire des frais professionnels cibl\u00e9s.<\/p> <\/div> <div class=\"schema-faq-section\" id=\"faq-question-1704375382595\"><strong class=\"schema-faq-question\"><strong>Combien pouvez-vous gagner en compl\u00e9ment sans imp\u00f4ts ?<\/strong><\/strong> <p class=\"schema-faq-answer\">En tant qu&rsquo;ind\u00e9pendant \u00e0 titre compl\u00e9mentaire, vous pouvez gagner autant que vous le souhaitez. Cependant, attention, vos revenus de votre activit\u00e9 principale et de votre activit\u00e9 compl\u00e9mentaire sont combin\u00e9s pour l&rsquo;imp\u00f4t. Vous entrez rapidement dans la tranche d&rsquo;imposition la plus \u00e9lev\u00e9e et payez donc davantage d&rsquo;imp\u00f4ts. Vous \u00eates progressivement impos\u00e9 d\u00e8s le premier euro gagn\u00e9 avec votre activit\u00e9 compl\u00e9mentaire.<\/p> <\/div> <div class=\"schema-faq-section\" id=\"faq-question-1704375394109\"><strong class=\"schema-faq-question\"><strong>Quel est le montant de l&rsquo;abattement fiscal ?<\/strong><\/strong> <p class=\"schema-faq-answer\">Chaque contribuable en Belgique a droit \u00e0 un abattement fiscal. Cela signifie qu&rsquo;une partie de votre revenu imposable n&rsquo;est pas impos\u00e9e. L&rsquo;abattement fiscal s&rsquo;\u00e9l\u00e8ve \u00e0 10 160 \u20ac pour l&rsquo;ann\u00e9e d&rsquo;imposition 2024, l&rsquo;ann\u00e9e de revenu 2023, et peut varier en fonction de votre situation personnelle (par exemple, des enfants \u00e0 charge). L&rsquo;abattement fiscal est \u00e9galement soumis aux tranches d&rsquo;imposition progressives. Pour un exemple de l&rsquo;application de cet abattement, vous pouvez consulter <a href=\"https:\/\/www.accountable.eu\/fr-be\/blog\/revenu-brut-net-independants\/\">cet article<\/a>.<\/p> <\/div> <\/div>\n","protected":false},"excerpt":{"rendered":"<p>Tester un nouveau projet professionnel sans abandonner votre activit\u00e9 principale ? Gagner de l&rsquo;argent de mani\u00e8re efficace en d\u00e9veloppant une passion en dehors des heures de bureau ? Ou simplement compl\u00e9ter vos revenus ? Devenir ind\u00e9pendant \u00e0 titre compl\u00e9mentaire est alors le bon choix ! Mais que signifie r\u00e9ellement cela pour vos revenus et vos [&hellip;]<\/p>\n","protected":false},"author":5,"featured_media":1024,"comment_status":"open","ping_status":"open","sticky":false,"template":"","format":"standard","meta":{"inline_featured_image":false,"footnotes":""},"categories":[285,290],"tags":[298,303,313],"class_list":["post-13182","post","type-post","status-publish","format-standard","has-post-thumbnail","hentry","category-demarrer-comme-independant","category-independant-complementaire","tag-activite-complementaire","tag-demarrer","tag-personne-physique"],"acf":[],"yoast_head":"<!-- This site is optimized with the Yoast SEO plugin v27.4 - https:\/\/yoast.com\/product\/yoast-seo-wordpress\/ -->\n<title>D\u00e9marrer en tant qu&#039;ind\u00e9pendant compl\u00e9mentaire - Accountable<\/title>\n<meta name=\"description\" content=\"Combien cela co\u00fbte de devenir ind\u00e9pendant \u00e0 titre compl\u00e9mentaire avec les frais professionnels, les cotisations et les imp\u00f4ts ? Vous trouverez la r\u00e9ponse ici.\" \/>\n<meta name=\"robots\" content=\"index, follow, max-snippet:-1, max-image-preview:large, max-video-preview:-1\" \/>\n<link rel=\"canonical\" href=\"https:\/\/www.accountable.eu\/fr-be\/blog\/independant-complementaire\/\" \/>\n<meta property=\"og:locale\" content=\"fr_FR\" \/>\n<meta property=\"og:type\" content=\"article\" \/>\n<meta property=\"og:title\" content=\"D\u00e9marrer en tant qu&#039;ind\u00e9pendant compl\u00e9mentaire - Accountable\" \/>\n<meta property=\"og:description\" content=\"Combien cela co\u00fbte de devenir ind\u00e9pendant \u00e0 titre compl\u00e9mentaire avec les frais professionnels, les cotisations et les imp\u00f4ts ? Vous trouverez la r\u00e9ponse ici.\" \/>\n<meta property=\"og:url\" content=\"https:\/\/www.accountable.eu\/fr-be\/blog\/independant-complementaire\/\" \/>\n<meta property=\"og:site_name\" content=\"Accountable\" \/>\n<meta property=\"article:published_time\" content=\"2022-01-05T12:50:32+00:00\" \/>\n<meta property=\"article:modified_time\" content=\"2025-02-21T13:57:04+00:00\" \/>\n<meta property=\"og:image\" content=\"https:\/\/www.accountable.eu\/wp-content\/uploads\/2019\/12\/Slice-1-8.png\" \/>\n\t<meta property=\"og:image:width\" content=\"1029\" \/>\n\t<meta property=\"og:image:height\" content=\"600\" \/>\n\t<meta property=\"og:image:type\" content=\"image\/png\" \/>\n<meta name=\"twitter:card\" content=\"summary_large_image\" \/>\n<meta name=\"twitter:label1\" content=\"\u00c9crit par\" \/>\n\t<meta name=\"twitter:data1\" content=\"\" \/>\n\t<meta name=\"twitter:label2\" content=\"Dur\u00e9e de lecture est.\" \/>\n\t<meta name=\"twitter:data2\" content=\"10 minutes\" \/>\n<script type=\"application\/ld+json\" class=\"yoast-schema-graph\">{\"@context\":\"https:\\\/\\\/schema.org\",\"@graph\":[{\"@type\":\"Article\",\"@id\":\"https:\\\/\\\/www.accountable.eu\\\/fr-be\\\/blog\\\/independant-complementaire\\\/#article\",\"isPartOf\":{\"@id\":\"https:\\\/\\\/www.accountable.eu\\\/fr-be\\\/blog\\\/independant-complementaire\\\/\"},\"author\":{\"name\":\"\",\"@id\":\"\"},\"headline\":\"Se lancer en tant qu&rsquo;ind\u00e9pendant \u00e0 titre compl\u00e9mentaire : voici ce que vous devez savoir !\",\"datePublished\":\"2022-01-05T12:50:32+00:00\",\"dateModified\":\"2025-02-21T13:57:04+00:00\",\"mainEntityOfPage\":{\"@id\":\"https:\\\/\\\/www.accountable.eu\\\/fr-be\\\/blog\\\/independant-complementaire\\\/\"},\"wordCount\":2294,\"commentCount\":0,\"publisher\":{\"@id\":\"https:\\\/\\\/www.accountable.eu\\\/fr-be\\\/#organization\"},\"image\":{\"@id\":\"https:\\\/\\\/www.accountable.eu\\\/fr-be\\\/blog\\\/independant-complementaire\\\/#primaryimage\"},\"thumbnailUrl\":\"https:\\\/\\\/www.accountable.eu\\\/wp-content\\\/uploads\\\/2019\\\/12\\\/Slice-1-8.png\",\"keywords\":[\"Activit\u00e9 compl\u00e9mentaire\",\"D\u00e9marrer\",\"Personne physique\"],\"articleSection\":[\"D\u00e9marrer comme ind\u00e9pendant\",\"Ind\u00e9pendant compl\u00e9mentaire\"],\"inLanguage\":\"fr-BE\",\"potentialAction\":[{\"@type\":\"CommentAction\",\"name\":\"Comment\",\"target\":[\"https:\\\/\\\/www.accountable.eu\\\/fr-be\\\/blog\\\/independant-complementaire\\\/#respond\"]}]},{\"@type\":[\"WebPage\",\"FAQPage\"],\"@id\":\"https:\\\/\\\/www.accountable.eu\\\/fr-be\\\/blog\\\/independant-complementaire\\\/\",\"url\":\"https:\\\/\\\/www.accountable.eu\\\/fr-be\\\/blog\\\/independant-complementaire\\\/\",\"name\":\"D\u00e9marrer en tant qu'ind\u00e9pendant compl\u00e9mentaire - Accountable\",\"isPartOf\":{\"@id\":\"https:\\\/\\\/www.accountable.eu\\\/fr-be\\\/#website\"},\"primaryImageOfPage\":{\"@id\":\"https:\\\/\\\/www.accountable.eu\\\/fr-be\\\/blog\\\/independant-complementaire\\\/#primaryimage\"},\"image\":{\"@id\":\"https:\\\/\\\/www.accountable.eu\\\/fr-be\\\/blog\\\/independant-complementaire\\\/#primaryimage\"},\"thumbnailUrl\":\"https:\\\/\\\/www.accountable.eu\\\/wp-content\\\/uploads\\\/2019\\\/12\\\/Slice-1-8.png\",\"datePublished\":\"2022-01-05T12:50:32+00:00\",\"dateModified\":\"2025-02-21T13:57:04+00:00\",\"description\":\"Combien cela co\u00fbte de devenir ind\u00e9pendant \u00e0 titre compl\u00e9mentaire avec les frais professionnels, les cotisations et les imp\u00f4ts ? Vous trouverez la r\u00e9ponse ici.\",\"breadcrumb\":{\"@id\":\"https:\\\/\\\/www.accountable.eu\\\/fr-be\\\/blog\\\/independant-complementaire\\\/#breadcrumb\"},\"mainEntity\":[{\"@id\":\"https:\\\/\\\/www.accountable.eu\\\/fr-be\\\/blog\\\/independant-complementaire\\\/#faq-question-1704375247611\"},{\"@id\":\"https:\\\/\\\/www.accountable.eu\\\/fr-be\\\/blog\\\/independant-complementaire\\\/#faq-question-1704375346338\"},{\"@id\":\"https:\\\/\\\/www.accountable.eu\\\/fr-be\\\/blog\\\/independant-complementaire\\\/#faq-question-1704375359094\"},{\"@id\":\"https:\\\/\\\/www.accountable.eu\\\/fr-be\\\/blog\\\/independant-complementaire\\\/#faq-question-1704375382595\"},{\"@id\":\"https:\\\/\\\/www.accountable.eu\\\/fr-be\\\/blog\\\/independant-complementaire\\\/#faq-question-1704375394109\"}],\"inLanguage\":\"fr-BE\",\"potentialAction\":[{\"@type\":\"ReadAction\",\"target\":[\"https:\\\/\\\/www.accountable.eu\\\/fr-be\\\/blog\\\/independant-complementaire\\\/\"]}]},{\"@type\":\"ImageObject\",\"inLanguage\":\"fr-BE\",\"@id\":\"https:\\\/\\\/www.accountable.eu\\\/fr-be\\\/blog\\\/independant-complementaire\\\/#primaryimage\",\"url\":\"https:\\\/\\\/www.accountable.eu\\\/wp-content\\\/uploads\\\/2019\\\/12\\\/Slice-1-8.png\",\"contentUrl\":\"https:\\\/\\\/www.accountable.eu\\\/wp-content\\\/uploads\\\/2019\\\/12\\\/Slice-1-8.png\",\"width\":1029,\"height\":600},{\"@type\":\"BreadcrumbList\",\"@id\":\"https:\\\/\\\/www.accountable.eu\\\/fr-be\\\/blog\\\/independant-complementaire\\\/#breadcrumb\",\"itemListElement\":[{\"@type\":\"ListItem\",\"position\":1,\"name\":\"Home\",\"item\":\"https:\\\/\\\/www.accountable.eu\\\/fr-be\\\/\"},{\"@type\":\"ListItem\",\"position\":2,\"name\":\"Se lancer en tant qu&#8217;ind\u00e9pendant \u00e0 titre compl\u00e9mentaire : voici ce que vous devez savoir !\"}]},{\"@type\":\"WebSite\",\"@id\":\"https:\\\/\\\/www.accountable.eu\\\/fr-be\\\/#website\",\"url\":\"https:\\\/\\\/www.accountable.eu\\\/fr-be\\\/\",\"name\":\"Accountable\",\"description\":\"Your accountant and tax advisor on your smartphone\",\"publisher\":{\"@id\":\"https:\\\/\\\/www.accountable.eu\\\/fr-be\\\/#organization\"},\"potentialAction\":[{\"@type\":\"SearchAction\",\"target\":{\"@type\":\"EntryPoint\",\"urlTemplate\":\"https:\\\/\\\/www.accountable.eu\\\/fr-be\\\/?s={search_term_string}\"},\"query-input\":{\"@type\":\"PropertyValueSpecification\",\"valueRequired\":true,\"valueName\":\"search_term_string\"}}],\"inLanguage\":\"fr-BE\"},{\"@type\":\"Organization\",\"@id\":\"https:\\\/\\\/www.accountable.eu\\\/fr-be\\\/#organization\",\"name\":\"Accountable\",\"url\":\"https:\\\/\\\/www.accountable.eu\\\/fr-be\\\/\",\"logo\":{\"@type\":\"ImageObject\",\"inLanguage\":\"fr-BE\",\"@id\":\"https:\\\/\\\/www.accountable.eu\\\/fr-be\\\/#\\\/schema\\\/logo\\\/image\\\/\",\"url\":\"https:\\\/\\\/www.accountable.eu\\\/wp-content\\\/uploads\\\/2026\\\/04\\\/logo-512.png\",\"contentUrl\":\"https:\\\/\\\/www.accountable.eu\\\/wp-content\\\/uploads\\\/2026\\\/04\\\/logo-512.png\",\"width\":512,\"height\":512,\"caption\":\"Accountable\"},\"image\":{\"@id\":\"https:\\\/\\\/www.accountable.eu\\\/fr-be\\\/#\\\/schema\\\/logo\\\/image\\\/\"}},{\"@type\":\"Person\",\"@id\":\"\"},{\"@type\":\"Question\",\"@id\":\"https:\\\/\\\/www.accountable.eu\\\/fr-be\\\/blog\\\/independant-complementaire\\\/#faq-question-1704375247611\",\"position\":1,\"url\":\"https:\\\/\\\/www.accountable.eu\\\/fr-be\\\/blog\\\/independant-complementaire\\\/#faq-question-1704375247611\",\"name\":\"u003cstrongu003eUn comptable est-il obligatoire pour les ind\u00e9pendants \u00e0 titre compl\u00e9mentaires ?u003c\\\/strongu003e\",\"answerCount\":1,\"acceptedAnswer\":{\"@type\":\"Answer\",\"text\":\"Non, vous n'\u00eates pas oblig\u00e9 de recourir \u00e0 un comptable ou \u00e0 un expert-comptable en tant qu'ind\u00e9pendant \u00e0 titre compl\u00e9mentaire. Vous devez cependant tenir une comptabilit\u00e9 correcte et d\u00e9clarer vos revenus aux imp\u00f4ts. Vous pouvez parfaitement tenir votre comptabilit\u00e9 vous-m\u00eame avec l'aide du bon logiciel, comme Accountable. Le choix vous appartient donc.\",\"inLanguage\":\"fr-BE\"},\"inLanguage\":\"fr-BE\"},{\"@type\":\"Question\",\"@id\":\"https:\\\/\\\/www.accountable.eu\\\/fr-be\\\/blog\\\/independant-complementaire\\\/#faq-question-1704375346338\",\"position\":2,\"url\":\"https:\\\/\\\/www.accountable.eu\\\/fr-be\\\/blog\\\/independant-complementaire\\\/#faq-question-1704375346338\",\"name\":\"u003cstrongu003eCombien cela co\u00fbte-t-il de d\u00e9marrer en tant qu'ind\u00e9pendant \u00e0 titre compl\u00e9mentaire ?u003c\\\/strongu003e\",\"answerCount\":1,\"acceptedAnswer\":{\"@type\":\"Answer\",\"text\":\"L'enregistrement officiel de votre entreprise \u00e0 la BCE co\u00fbte 109\u20ac et vous paierez environ 60 \u20ac pour votre num\u00e9ro de TVA. Si vous \u00eates assist\u00e9 par un guichet d'entreprises ou un comptable, les frais seront un peu plus \u00e9lev\u00e9s. En outre, vous devez \u00e9galement tenir compte de vos frais de d\u00e9marrage, de votre premi\u00e8re cotisation sociale et d'autres d\u00e9penses professionnelles.\",\"inLanguage\":\"fr-BE\"},\"inLanguage\":\"fr-BE\"},{\"@type\":\"Question\",\"@id\":\"https:\\\/\\\/www.accountable.eu\\\/fr-be\\\/blog\\\/independant-complementaire\\\/#faq-question-1704375359094\",\"position\":3,\"url\":\"https:\\\/\\\/www.accountable.eu\\\/fr-be\\\/blog\\\/independant-complementaire\\\/#faq-question-1704375359094\",\"name\":\"u003cstrongu003eCombien d'imp\u00f4ts payez-vous en tant qu'ind\u00e9pendant \u00e0 titre compl\u00e9mentaire ?u003c\\\/strongu003e\",\"answerCount\":1,\"acceptedAnswer\":{\"@type\":\"Answer\",\"text\":\"En tant qu'ind\u00e9pendant \u00e0 titre compl\u00e9mentaire, vous \u00eates impos\u00e9 selon les tranches d'imposition progressives (25 % \u00e0 50 %). Comme vos revenus de votre activit\u00e9 principale en tant que salari\u00e9 sont additionn\u00e9s \u00e0 ceux de votre activit\u00e9 compl\u00e9mentaire, vous vous retrouvez rapidement dans la tranche d'imposition la plus \u00e9lev\u00e9e. Il est donc important de d\u00e9duire des frais professionnels cibl\u00e9s.\",\"inLanguage\":\"fr-BE\"},\"inLanguage\":\"fr-BE\"},{\"@type\":\"Question\",\"@id\":\"https:\\\/\\\/www.accountable.eu\\\/fr-be\\\/blog\\\/independant-complementaire\\\/#faq-question-1704375382595\",\"position\":4,\"url\":\"https:\\\/\\\/www.accountable.eu\\\/fr-be\\\/blog\\\/independant-complementaire\\\/#faq-question-1704375382595\",\"name\":\"u003cstrongu003eCombien pouvez-vous gagner en compl\u00e9ment sans imp\u00f4ts ?u003c\\\/strongu003e\",\"answerCount\":1,\"acceptedAnswer\":{\"@type\":\"Answer\",\"text\":\"En tant qu'ind\u00e9pendant \u00e0 titre compl\u00e9mentaire, vous pouvez gagner autant que vous le souhaitez. Cependant, attention, vos revenus de votre activit\u00e9 principale et de votre activit\u00e9 compl\u00e9mentaire sont combin\u00e9s pour l'imp\u00f4t. Vous entrez rapidement dans la tranche d'imposition la plus \u00e9lev\u00e9e et payez donc davantage d'imp\u00f4ts. Vous \u00eates progressivement impos\u00e9 d\u00e8s le premier euro gagn\u00e9 avec votre activit\u00e9 compl\u00e9mentaire.\",\"inLanguage\":\"fr-BE\"},\"inLanguage\":\"fr-BE\"},{\"@type\":\"Question\",\"@id\":\"https:\\\/\\\/www.accountable.eu\\\/fr-be\\\/blog\\\/independant-complementaire\\\/#faq-question-1704375394109\",\"position\":5,\"url\":\"https:\\\/\\\/www.accountable.eu\\\/fr-be\\\/blog\\\/independant-complementaire\\\/#faq-question-1704375394109\",\"name\":\"u003cstrongu003eQuel est le montant de l'abattement fiscal ?u003c\\\/strongu003e\",\"answerCount\":1,\"acceptedAnswer\":{\"@type\":\"Answer\",\"text\":\"Chaque contribuable en Belgique a droit \u00e0 un abattement fiscal. Cela signifie qu'une partie de votre revenu imposable n'est pas impos\u00e9e. L'abattement fiscal s'\u00e9l\u00e8ve \u00e0 10 160 \u20ac pour l'ann\u00e9e d'imposition 2024, l'ann\u00e9e de revenu 2023, et peut varier en fonction de votre situation personnelle (par exemple, des enfants \u00e0 charge). L'abattement fiscal est \u00e9galement soumis aux tranches d'imposition progressives. Pour un exemple de l'application de cet abattement, vous pouvez consulter u003ca href=u0022https:\\\/\\\/www.accountable.eu\\\/fr-be\\\/blog\\\/revenu-brut-net-independants\\\/u0022u003ecet articleu003c\\\/au003e.\",\"inLanguage\":\"fr-BE\"},\"inLanguage\":\"fr-BE\"}]}<\/script>\n<!-- \/ Yoast SEO plugin. -->","yoast_head_json":{"title":"D\u00e9marrer en tant qu'ind\u00e9pendant compl\u00e9mentaire - Accountable","description":"Combien cela co\u00fbte de devenir ind\u00e9pendant \u00e0 titre compl\u00e9mentaire avec les frais professionnels, les cotisations et les imp\u00f4ts ? Vous trouverez la r\u00e9ponse ici.","robots":{"index":"index","follow":"follow","max-snippet":"max-snippet:-1","max-image-preview":"max-image-preview:large","max-video-preview":"max-video-preview:-1"},"canonical":"https:\/\/www.accountable.eu\/fr-be\/blog\/independant-complementaire\/","og_locale":"fr_FR","og_type":"article","og_title":"D\u00e9marrer en tant qu'ind\u00e9pendant compl\u00e9mentaire - Accountable","og_description":"Combien cela co\u00fbte de devenir ind\u00e9pendant \u00e0 titre compl\u00e9mentaire avec les frais professionnels, les cotisations et les imp\u00f4ts ? Vous trouverez la r\u00e9ponse ici.","og_url":"https:\/\/www.accountable.eu\/fr-be\/blog\/independant-complementaire\/","og_site_name":"Accountable","article_published_time":"2022-01-05T12:50:32+00:00","article_modified_time":"2025-02-21T13:57:04+00:00","og_image":[{"width":1029,"height":600,"url":"https:\/\/www.accountable.eu\/wp-content\/uploads\/2019\/12\/Slice-1-8.png","type":"image\/png"}],"twitter_card":"summary_large_image","twitter_misc":{"\u00c9crit par":"","Dur\u00e9e de lecture est.":"10 minutes"},"schema":{"@context":"https:\/\/schema.org","@graph":[{"@type":"Article","@id":"https:\/\/www.accountable.eu\/fr-be\/blog\/independant-complementaire\/#article","isPartOf":{"@id":"https:\/\/www.accountable.eu\/fr-be\/blog\/independant-complementaire\/"},"author":{"name":"","@id":""},"headline":"Se lancer en tant qu&rsquo;ind\u00e9pendant \u00e0 titre compl\u00e9mentaire : voici ce que vous devez savoir !","datePublished":"2022-01-05T12:50:32+00:00","dateModified":"2025-02-21T13:57:04+00:00","mainEntityOfPage":{"@id":"https:\/\/www.accountable.eu\/fr-be\/blog\/independant-complementaire\/"},"wordCount":2294,"commentCount":0,"publisher":{"@id":"https:\/\/www.accountable.eu\/fr-be\/#organization"},"image":{"@id":"https:\/\/www.accountable.eu\/fr-be\/blog\/independant-complementaire\/#primaryimage"},"thumbnailUrl":"https:\/\/www.accountable.eu\/wp-content\/uploads\/2019\/12\/Slice-1-8.png","keywords":["Activit\u00e9 compl\u00e9mentaire","D\u00e9marrer","Personne physique"],"articleSection":["D\u00e9marrer comme ind\u00e9pendant","Ind\u00e9pendant compl\u00e9mentaire"],"inLanguage":"fr-BE","potentialAction":[{"@type":"CommentAction","name":"Comment","target":["https:\/\/www.accountable.eu\/fr-be\/blog\/independant-complementaire\/#respond"]}]},{"@type":["WebPage","FAQPage"],"@id":"https:\/\/www.accountable.eu\/fr-be\/blog\/independant-complementaire\/","url":"https:\/\/www.accountable.eu\/fr-be\/blog\/independant-complementaire\/","name":"D\u00e9marrer en tant qu'ind\u00e9pendant compl\u00e9mentaire - Accountable","isPartOf":{"@id":"https:\/\/www.accountable.eu\/fr-be\/#website"},"primaryImageOfPage":{"@id":"https:\/\/www.accountable.eu\/fr-be\/blog\/independant-complementaire\/#primaryimage"},"image":{"@id":"https:\/\/www.accountable.eu\/fr-be\/blog\/independant-complementaire\/#primaryimage"},"thumbnailUrl":"https:\/\/www.accountable.eu\/wp-content\/uploads\/2019\/12\/Slice-1-8.png","datePublished":"2022-01-05T12:50:32+00:00","dateModified":"2025-02-21T13:57:04+00:00","description":"Combien cela co\u00fbte de devenir ind\u00e9pendant \u00e0 titre compl\u00e9mentaire avec les frais professionnels, les cotisations et les imp\u00f4ts ? Vous trouverez la r\u00e9ponse ici.","breadcrumb":{"@id":"https:\/\/www.accountable.eu\/fr-be\/blog\/independant-complementaire\/#breadcrumb"},"mainEntity":[{"@id":"https:\/\/www.accountable.eu\/fr-be\/blog\/independant-complementaire\/#faq-question-1704375247611"},{"@id":"https:\/\/www.accountable.eu\/fr-be\/blog\/independant-complementaire\/#faq-question-1704375346338"},{"@id":"https:\/\/www.accountable.eu\/fr-be\/blog\/independant-complementaire\/#faq-question-1704375359094"},{"@id":"https:\/\/www.accountable.eu\/fr-be\/blog\/independant-complementaire\/#faq-question-1704375382595"},{"@id":"https:\/\/www.accountable.eu\/fr-be\/blog\/independant-complementaire\/#faq-question-1704375394109"}],"inLanguage":"fr-BE","potentialAction":[{"@type":"ReadAction","target":["https:\/\/www.accountable.eu\/fr-be\/blog\/independant-complementaire\/"]}]},{"@type":"ImageObject","inLanguage":"fr-BE","@id":"https:\/\/www.accountable.eu\/fr-be\/blog\/independant-complementaire\/#primaryimage","url":"https:\/\/www.accountable.eu\/wp-content\/uploads\/2019\/12\/Slice-1-8.png","contentUrl":"https:\/\/www.accountable.eu\/wp-content\/uploads\/2019\/12\/Slice-1-8.png","width":1029,"height":600},{"@type":"BreadcrumbList","@id":"https:\/\/www.accountable.eu\/fr-be\/blog\/independant-complementaire\/#breadcrumb","itemListElement":[{"@type":"ListItem","position":1,"name":"Home","item":"https:\/\/www.accountable.eu\/fr-be\/"},{"@type":"ListItem","position":2,"name":"Se lancer en tant qu&#8217;ind\u00e9pendant \u00e0 titre compl\u00e9mentaire : voici ce que vous devez savoir !"}]},{"@type":"WebSite","@id":"https:\/\/www.accountable.eu\/fr-be\/#website","url":"https:\/\/www.accountable.eu\/fr-be\/","name":"Accountable","description":"Your accountant and tax advisor on your smartphone","publisher":{"@id":"https:\/\/www.accountable.eu\/fr-be\/#organization"},"potentialAction":[{"@type":"SearchAction","target":{"@type":"EntryPoint","urlTemplate":"https:\/\/www.accountable.eu\/fr-be\/?s={search_term_string}"},"query-input":{"@type":"PropertyValueSpecification","valueRequired":true,"valueName":"search_term_string"}}],"inLanguage":"fr-BE"},{"@type":"Organization","@id":"https:\/\/www.accountable.eu\/fr-be\/#organization","name":"Accountable","url":"https:\/\/www.accountable.eu\/fr-be\/","logo":{"@type":"ImageObject","inLanguage":"fr-BE","@id":"https:\/\/www.accountable.eu\/fr-be\/#\/schema\/logo\/image\/","url":"https:\/\/www.accountable.eu\/wp-content\/uploads\/2026\/04\/logo-512.png","contentUrl":"https:\/\/www.accountable.eu\/wp-content\/uploads\/2026\/04\/logo-512.png","width":512,"height":512,"caption":"Accountable"},"image":{"@id":"https:\/\/www.accountable.eu\/fr-be\/#\/schema\/logo\/image\/"}},{"@type":"Person","@id":""},{"@type":"Question","@id":"https:\/\/www.accountable.eu\/fr-be\/blog\/independant-complementaire\/#faq-question-1704375247611","position":1,"url":"https:\/\/www.accountable.eu\/fr-be\/blog\/independant-complementaire\/#faq-question-1704375247611","name":"u003cstrongu003eUn comptable est-il obligatoire pour les ind\u00e9pendants \u00e0 titre compl\u00e9mentaires ?u003c\/strongu003e","answerCount":1,"acceptedAnswer":{"@type":"Answer","text":"Non, vous n'\u00eates pas oblig\u00e9 de recourir \u00e0 un comptable ou \u00e0 un expert-comptable en tant qu'ind\u00e9pendant \u00e0 titre compl\u00e9mentaire. Vous devez cependant tenir une comptabilit\u00e9 correcte et d\u00e9clarer vos revenus aux imp\u00f4ts. Vous pouvez parfaitement tenir votre comptabilit\u00e9 vous-m\u00eame avec l'aide du bon logiciel, comme Accountable. Le choix vous appartient donc.","inLanguage":"fr-BE"},"inLanguage":"fr-BE"},{"@type":"Question","@id":"https:\/\/www.accountable.eu\/fr-be\/blog\/independant-complementaire\/#faq-question-1704375346338","position":2,"url":"https:\/\/www.accountable.eu\/fr-be\/blog\/independant-complementaire\/#faq-question-1704375346338","name":"u003cstrongu003eCombien cela co\u00fbte-t-il de d\u00e9marrer en tant qu'ind\u00e9pendant \u00e0 titre compl\u00e9mentaire ?u003c\/strongu003e","answerCount":1,"acceptedAnswer":{"@type":"Answer","text":"L'enregistrement officiel de votre entreprise \u00e0 la BCE co\u00fbte 109\u20ac et vous paierez environ 60 \u20ac pour votre num\u00e9ro de TVA. Si vous \u00eates assist\u00e9 par un guichet d'entreprises ou un comptable, les frais seront un peu plus \u00e9lev\u00e9s. En outre, vous devez \u00e9galement tenir compte de vos frais de d\u00e9marrage, de votre premi\u00e8re cotisation sociale et d'autres d\u00e9penses professionnelles.","inLanguage":"fr-BE"},"inLanguage":"fr-BE"},{"@type":"Question","@id":"https:\/\/www.accountable.eu\/fr-be\/blog\/independant-complementaire\/#faq-question-1704375359094","position":3,"url":"https:\/\/www.accountable.eu\/fr-be\/blog\/independant-complementaire\/#faq-question-1704375359094","name":"u003cstrongu003eCombien d'imp\u00f4ts payez-vous en tant qu'ind\u00e9pendant \u00e0 titre compl\u00e9mentaire ?u003c\/strongu003e","answerCount":1,"acceptedAnswer":{"@type":"Answer","text":"En tant qu'ind\u00e9pendant \u00e0 titre compl\u00e9mentaire, vous \u00eates impos\u00e9 selon les tranches d'imposition progressives (25 % \u00e0 50 %). Comme vos revenus de votre activit\u00e9 principale en tant que salari\u00e9 sont additionn\u00e9s \u00e0 ceux de votre activit\u00e9 compl\u00e9mentaire, vous vous retrouvez rapidement dans la tranche d'imposition la plus \u00e9lev\u00e9e. Il est donc important de d\u00e9duire des frais professionnels cibl\u00e9s.","inLanguage":"fr-BE"},"inLanguage":"fr-BE"},{"@type":"Question","@id":"https:\/\/www.accountable.eu\/fr-be\/blog\/independant-complementaire\/#faq-question-1704375382595","position":4,"url":"https:\/\/www.accountable.eu\/fr-be\/blog\/independant-complementaire\/#faq-question-1704375382595","name":"u003cstrongu003eCombien pouvez-vous gagner en compl\u00e9ment sans imp\u00f4ts ?u003c\/strongu003e","answerCount":1,"acceptedAnswer":{"@type":"Answer","text":"En tant qu'ind\u00e9pendant \u00e0 titre compl\u00e9mentaire, vous pouvez gagner autant que vous le souhaitez. Cependant, attention, vos revenus de votre activit\u00e9 principale et de votre activit\u00e9 compl\u00e9mentaire sont combin\u00e9s pour l'imp\u00f4t. Vous entrez rapidement dans la tranche d'imposition la plus \u00e9lev\u00e9e et payez donc davantage d'imp\u00f4ts. Vous \u00eates progressivement impos\u00e9 d\u00e8s le premier euro gagn\u00e9 avec votre activit\u00e9 compl\u00e9mentaire.","inLanguage":"fr-BE"},"inLanguage":"fr-BE"},{"@type":"Question","@id":"https:\/\/www.accountable.eu\/fr-be\/blog\/independant-complementaire\/#faq-question-1704375394109","position":5,"url":"https:\/\/www.accountable.eu\/fr-be\/blog\/independant-complementaire\/#faq-question-1704375394109","name":"u003cstrongu003eQuel est le montant de l'abattement fiscal ?u003c\/strongu003e","answerCount":1,"acceptedAnswer":{"@type":"Answer","text":"Chaque contribuable en Belgique a droit \u00e0 un abattement fiscal. Cela signifie qu'une partie de votre revenu imposable n'est pas impos\u00e9e. L'abattement fiscal s'\u00e9l\u00e8ve \u00e0 10 160 \u20ac pour l'ann\u00e9e d'imposition 2024, l'ann\u00e9e de revenu 2023, et peut varier en fonction de votre situation personnelle (par exemple, des enfants \u00e0 charge). L'abattement fiscal est \u00e9galement soumis aux tranches d'imposition progressives. Pour un exemple de l'application de cet abattement, vous pouvez consulter u003ca href=u0022https:\/\/www.accountable.eu\/fr-be\/blog\/revenu-brut-net-independants\/u0022u003ecet articleu003c\/au003e.","inLanguage":"fr-BE"},"inLanguage":"fr-BE"}]}},"_links":{"self":[{"href":"https:\/\/www.accountable.eu\/fr-be\/wp-json\/wp\/v2\/posts\/13182","targetHints":{"allow":["GET"]}}],"collection":[{"href":"https:\/\/www.accountable.eu\/fr-be\/wp-json\/wp\/v2\/posts"}],"about":[{"href":"https:\/\/www.accountable.eu\/fr-be\/wp-json\/wp\/v2\/types\/post"}],"author":[{"embeddable":true,"href":"https:\/\/www.accountable.eu\/fr-be\/wp-json\/wp\/v2\/users\/5"}],"replies":[{"embeddable":true,"href":"https:\/\/www.accountable.eu\/fr-be\/wp-json\/wp\/v2\/comments?post=13182"}],"version-history":[{"count":0,"href":"https:\/\/www.accountable.eu\/fr-be\/wp-json\/wp\/v2\/posts\/13182\/revisions"}],"wp:featuredmedia":[{"embeddable":true,"href":"https:\/\/www.accountable.eu\/fr-be\/wp-json\/wp\/v2\/media\/1024"}],"wp:attachment":[{"href":"https:\/\/www.accountable.eu\/fr-be\/wp-json\/wp\/v2\/media?parent=13182"}],"wp:term":[{"taxonomy":"category","embeddable":true,"href":"https:\/\/www.accountable.eu\/fr-be\/wp-json\/wp\/v2\/categories?post=13182"},{"taxonomy":"post_tag","embeddable":true,"href":"https:\/\/www.accountable.eu\/fr-be\/wp-json\/wp\/v2\/tags?post=13182"}],"curies":[{"name":"wp","href":"https:\/\/api.w.org\/{rel}","templated":true}]}}