{"id":13185,"date":"2021-12-16T18:16:53","date_gmt":"2021-12-16T17:16:53","guid":{"rendered":"https:\/\/prod-migration-second.local\/?p=13185"},"modified":"2024-07-11T10:56:14","modified_gmt":"2024-07-11T08:56:14","slug":"frais-deplacement","status":"publish","type":"post","link":"https:\/\/www.accountable.eu\/fr-be\/blog\/frais-deplacement\/","title":{"rendered":"Ind\u00e9pendant, voici comment d\u00e9duire vos frais de d\u00e9placement"},"content":{"rendered":"<p><strong>Les ind\u00e9pendants en Belgique d\u00e9duisent bien entendu leurs frais de d\u00e9placement. Selon que ces d\u00e9placements se font en voiture, en transport en commun ou en v\u00e9lo, ils seront plus ou moins d\u00e9ductibles. <\/strong><\/p>\n<p><strong>Nous faisons ici toute la \ud83d\udca1 sur ce que vous pouvez d\u00e9duire comme ind\u00e9pendant, \u00e0 titre principal ou compl\u00e9mentaire.\u00a0<\/strong><strong><br \/>\n<\/strong><\/p>\n<p>Comme ind\u00e9pendant, vous d\u00e9duisez les trajets que vous faites dans le cadre strict de votre activit\u00e9 : le d\u00e9placement vers un client ou vers un fournisseur par exemple. Vous comptabilisez ces frais r\u00e9els et les d\u00e9clarez dans la partie II de votre d\u00e9claration d&rsquo;imp\u00f4ts, la partie qui est r\u00e9serv\u00e9e aux ind\u00e9pendants.<\/p>\n<p>Les trajets que vous faites <strong>entre votre domicile et votre lieu de travail<\/strong> (par exemple le bureau partag\u00e9 que vous louez en tant qu&rsquo;ind\u00e9pendant) ne sont pas d\u00e9ductibles de votre revenu d&rsquo;ind\u00e9pendant. Vous pouvez les d\u00e9clarer comme frais r\u00e9els dans la premi\u00e8re partie de votre d\u00e9claration d&rsquo;imp\u00f4t, celle commune \u00e0 toutes les personnes physiques. Cependant, selon notre expert-comptable partenaire,\u00a0\u00bb dans la plupart des cas, les frais forfaitaires sont plus int\u00e9ressants.\u00a0\u00bb<\/p>\n<p>Vous savez maintenant quels d\u00e9placements peuvent compter comme frais d\u00e9ductibles pour un ind\u00e9pendant. Voyons maintenant l&rsquo;impact du mode de d\u00e9placement que vous choisirez &#8230;<\/p>\n<h2>Comment d\u00e9duire vos frais de voiture ?<\/h2>\n<p>Vous utilisez votre voiture \u00e0 la fois pour votre vie priv\u00e9e et pour votre activit\u00e9 d&rsquo;ind\u00e9pendant ? Ces frais de voiture (entretien, carburant et accessoires compris) sont quand m\u00eame d\u00e9ductibles, tant \u00e0 la TVA que fiscalement.<\/p>\n<p><strong>La d\u00e9duction \u00e0 la TVA de votre voiture<\/strong><\/p>\n<ol>\n<li>Le plafond l\u00e9gal pour la TVA d\u00e9ductible est de 50%<\/li>\n<li>De ces 50%, vous en d\u00e9duisez la partie correspondant \u00e0 votre usage professionnel.<\/li>\n<\/ol>\n<p>Comment d\u00e9terminer cet usage professionnel ? Vous avez le choix entre trois m\u00e9thodes de calcul : vous pouvez tenir un registre d\u00e9taill\u00e9 de tous vos trajets professionnels et y noter la date, le point d&rsquo;arriv\u00e9e, de d\u00e9part et les kilom\u00e8tres entre les deux. Vous pouvez opter pour la formule semi-forfaitaire. Derni\u00e8rement, vous pouvez choisir d&rsquo;appliquer un forfait fixe de 35%.<\/p>\n<p>NB : bien \u00e9videmment, notre application fait le calcul automatiquement pour vous !<\/p>\n<p><strong>La d\u00e9duction fiscale de votre voiture<\/strong><\/p>\n<p>Vous prenez en compte les deux r\u00e8gles suivantes, pour aboutir \u00e0 vos frais de voiture d\u00e9ductibles :<\/p>\n<ol>\n<li>Vous d\u00e9duisez fiscalement vos frais de voiture uniquement dans la mesure o\u00f9 ils se rapportent \u00e0 votre activit\u00e9 d&rsquo;ind\u00e9pendant \u00e0 titre principal ou \u00e0 titre compl\u00e9mentaire.<\/li>\n<li>Vos frais de voiture sont plus ou moins d\u00e9ductibles selon que vous roulez au diesel, au gaz ou \u00e0 l&rsquo;essence et selon le CO2\/km que votre voiture \u00e9met.<\/li>\n<\/ol>\n<p>Cette formule magique s&rsquo;applique \u00e0 tous vos frais de voiture, du carburant \u00e0 l&rsquo;entretien, depuis janvier 2020 :<\/p>\n<p style=\"text-align: center;\"><strong>120% \u2013 (0,5% x coefficient x CO2\/km)<\/strong><\/p>\n<p>Le coefficient est de 1 pour le diesel, 0,90 pour le gaz naturel jusqu&rsquo;\u00e0 onze chevaux fiscaux, de 0,95 pour l&rsquo;essence.<\/p>\n<p>\u26a0\ufe0f Si vous \u00eates ind\u00e9pendant en personne physique et que vous avez command\u00e9 ou achet\u00e9 votre voiture avant le 1er janvier 2018, vous d\u00e9duisez vos frais de voiture selon \u00ab\u00a0l&rsquo;ancien syst\u00e8me\u00a0\u00bb, par paliers.<\/p>\n<h2>Comment d\u00e9duire vos frais de transport en commun ?<\/h2>\n<p>Vous faites des d\u00e9placements professionnels en transports en commun ? Excellente id\u00e9e, c&rsquo;est \ud83c\udf33\u00a0 et d\u00e9ductible !<\/p>\n<p>Si vous vous rendez chez un client en train-tram-bus, gardez bien votre ticket : votre d\u00e9placement est d\u00e9ductible enti\u00e8rement, TVA comprise, \u00e0 partir du simple ticket.<\/p>\n<h2>Comment d\u00e9duire vos frais de v\u00e9lo ?<\/h2>\n<p>Vous rendez visite \u00e0 vos clients et fournisseurs en v\u00e9lo ? Encore une excellente id\u00e9e, c&rsquo;est aussi \ud83c\udf33\u00a0 et d\u00e9ductible !<\/p>\n<p>Pour un v\u00e9lo \u00ab\u00a0normal\u00a0\u00bb ou un v\u00e9lo \u00e9lectrique, la d\u00e9ductibilit\u00e9 est la m\u00eame : 100%, accessoires inclus, du maillot au casque en passant par le cadenas. Jusqu&rsquo;\u00e0 2020, le v\u00e9lo \u00e9tait d\u00e9ductible \u00e0 120% : ce n&rsquo;est plus le cas d\u00e9sormais.<\/p>\n<h2>Comment refacturer au client vos frais de d\u00e9placement ?<\/h2>\n<p>C&rsquo;est une question que nos utilisateurs nous posent souvent. Admettons qu&rsquo;un ind\u00e9pendant, dans le cadre de sa mission pour un client, a des frais de transport : comment peut-il refacturer et d\u00e9duire ces frais \u00e0 son client ? C&rsquo;est tr\u00e8s simple :<\/p>\n<ul>\n<li>D\u00e9duisez comme frais professionnel vos frais de d\u00e9placement, TVA comprise.<\/li>\n<\/ul>\n<blockquote><p>\ud83d\udca1 Simplement, scannez le re\u00e7u avec Accountable : il sera automatiquement pris en compte pour votre d\u00e9claration TVA.<\/p><\/blockquote>\n<ul>\n<li>Ajoutez le frais professionnel (TVA comprise) sur votre facture de vente.<\/li>\n<\/ul>\n<p>De cette fa\u00e7on, il s&rsquo;agit d&rsquo;un jeu \u00e0 somme nulle pour la TVA.<\/p>\n<p><strong>Vous pouvez laisser notre app encoder automatiquement tous ces frais de d\u00e9placement pour vous, \u00e9ventuel amortissement compris ! Pour l&rsquo;essayer gratuitement, <a href=\"https:\/\/www.accountable.eu\/fr-be\/download\/\">c&rsquo;est par ici<\/a>.\u00a0<\/strong><\/p>\n","protected":false},"excerpt":{"rendered":"<p>Les ind\u00e9pendants en Belgique d\u00e9duisent bien entendu leurs frais de d\u00e9placement. Selon que ces d\u00e9placements se font en voiture, en transport en commun ou en v\u00e9lo, ils seront plus ou moins d\u00e9ductibles. Nous faisons ici toute la \ud83d\udca1 sur ce que vous pouvez d\u00e9duire comme ind\u00e9pendant, \u00e0 titre principal ou compl\u00e9mentaire.\u00a0 Comme ind\u00e9pendant, vous d\u00e9duisez [&hellip;]<\/p>\n","protected":false},"author":5,"featured_media":2348,"comment_status":"open","ping_status":"open","sticky":false,"template":"","format":"standard","meta":{"inline_featured_image":false,"footnotes":""},"categories":[287,240],"tags":[312],"class_list":["post-13185","post","type-post","status-publish","format-standard","has-post-thumbnail","hentry","category-deduire-vos-frais-professionnels","category-uncategorized-fr-be","tag-independant"],"acf":[],"yoast_head":"<!-- This site is optimized with the Yoast SEO plugin v27.4 - https:\/\/yoast.com\/product\/yoast-seo-wordpress\/ -->\n<title>Ind\u00e9pendant, voici comment d\u00e9duire vos frais de d\u00e9placement - Accountable<\/title>\n<meta name=\"description\" content=\"Vos frais de d\u00e9placement en tant qu&#039;ind\u00e9pendant sont bien d\u00e9ductibles : voiture, v\u00e9lo, transports en commun, nous vous expliquons comment !\" \/>\n<meta name=\"robots\" content=\"index, follow, max-snippet:-1, max-image-preview:large, max-video-preview:-1\" \/>\n<link rel=\"canonical\" href=\"https:\/\/www.accountable.eu\/fr-be\/blog\/frais-deplacement\/\" \/>\n<meta property=\"og:locale\" content=\"fr_FR\" \/>\n<meta property=\"og:type\" content=\"article\" \/>\n<meta property=\"og:title\" content=\"Ind\u00e9pendant, voici comment d\u00e9duire vos frais de d\u00e9placement - Accountable\" \/>\n<meta property=\"og:description\" content=\"Vos frais de d\u00e9placement en tant qu&#039;ind\u00e9pendant sont bien d\u00e9ductibles : voiture, v\u00e9lo, transports en commun, nous vous expliquons comment !\" \/>\n<meta property=\"og:url\" content=\"https:\/\/www.accountable.eu\/fr-be\/blog\/frais-deplacement\/\" \/>\n<meta property=\"og:site_name\" content=\"Accountable\" \/>\n<meta property=\"article:published_time\" content=\"2021-12-16T17:16:53+00:00\" \/>\n<meta property=\"article:modified_time\" content=\"2024-07-11T08:56:14+00:00\" \/>\n<meta property=\"og:image\" content=\"https:\/\/www.accountable.eu\/wp-content\/uploads\/2020\/12\/Export-me-pleeeeaaase-2.png\" \/>\n\t<meta property=\"og:image:width\" content=\"1029\" \/>\n\t<meta property=\"og:image:height\" content=\"600\" \/>\n\t<meta property=\"og:image:type\" content=\"image\/png\" \/>\n<meta name=\"twitter:card\" content=\"summary_large_image\" \/>\n<meta name=\"twitter:label1\" content=\"\u00c9crit par\" \/>\n\t<meta name=\"twitter:data1\" content=\"\" \/>\n\t<meta name=\"twitter:label2\" content=\"Dur\u00e9e de lecture est.\" \/>\n\t<meta name=\"twitter:data2\" content=\"4 minutes\" \/>\n<script type=\"application\/ld+json\" class=\"yoast-schema-graph\">{\"@context\":\"https:\\\/\\\/schema.org\",\"@graph\":[{\"@type\":\"Article\",\"@id\":\"https:\\\/\\\/www.accountable.eu\\\/fr-be\\\/blog\\\/frais-deplacement\\\/#article\",\"isPartOf\":{\"@id\":\"https:\\\/\\\/www.accountable.eu\\\/fr-be\\\/blog\\\/frais-deplacement\\\/\"},\"author\":{\"name\":\"\",\"@id\":\"\"},\"headline\":\"Ind\u00e9pendant, voici comment d\u00e9duire vos frais de d\u00e9placement\",\"datePublished\":\"2021-12-16T17:16:53+00:00\",\"dateModified\":\"2024-07-11T08:56:14+00:00\",\"mainEntityOfPage\":{\"@id\":\"https:\\\/\\\/www.accountable.eu\\\/fr-be\\\/blog\\\/frais-deplacement\\\/\"},\"wordCount\":809,\"commentCount\":0,\"publisher\":{\"@id\":\"https:\\\/\\\/www.accountable.eu\\\/fr-be\\\/#organization\"},\"image\":{\"@id\":\"https:\\\/\\\/www.accountable.eu\\\/fr-be\\\/blog\\\/frais-deplacement\\\/#primaryimage\"},\"thumbnailUrl\":\"https:\\\/\\\/www.accountable.eu\\\/wp-content\\\/uploads\\\/2020\\\/12\\\/Export-me-pleeeeaaase-2.png\",\"keywords\":[\"Ind\u00e9pendant \u00e0 titre principal\"],\"articleSection\":[\"Frais professionnels\",\"Uncategorized @fr-be\"],\"inLanguage\":\"fr-BE\",\"potentialAction\":[{\"@type\":\"CommentAction\",\"name\":\"Comment\",\"target\":[\"https:\\\/\\\/www.accountable.eu\\\/fr-be\\\/blog\\\/frais-deplacement\\\/#respond\"]}]},{\"@type\":\"WebPage\",\"@id\":\"https:\\\/\\\/www.accountable.eu\\\/fr-be\\\/blog\\\/frais-deplacement\\\/\",\"url\":\"https:\\\/\\\/www.accountable.eu\\\/fr-be\\\/blog\\\/frais-deplacement\\\/\",\"name\":\"Ind\u00e9pendant, voici comment d\u00e9duire vos frais de d\u00e9placement - Accountable\",\"isPartOf\":{\"@id\":\"https:\\\/\\\/www.accountable.eu\\\/fr-be\\\/#website\"},\"primaryImageOfPage\":{\"@id\":\"https:\\\/\\\/www.accountable.eu\\\/fr-be\\\/blog\\\/frais-deplacement\\\/#primaryimage\"},\"image\":{\"@id\":\"https:\\\/\\\/www.accountable.eu\\\/fr-be\\\/blog\\\/frais-deplacement\\\/#primaryimage\"},\"thumbnailUrl\":\"https:\\\/\\\/www.accountable.eu\\\/wp-content\\\/uploads\\\/2020\\\/12\\\/Export-me-pleeeeaaase-2.png\",\"datePublished\":\"2021-12-16T17:16:53+00:00\",\"dateModified\":\"2024-07-11T08:56:14+00:00\",\"description\":\"Vos frais de d\u00e9placement en tant qu'ind\u00e9pendant sont bien d\u00e9ductibles : voiture, v\u00e9lo, transports en commun, nous vous expliquons comment !\",\"breadcrumb\":{\"@id\":\"https:\\\/\\\/www.accountable.eu\\\/fr-be\\\/blog\\\/frais-deplacement\\\/#breadcrumb\"},\"inLanguage\":\"fr-BE\",\"potentialAction\":[{\"@type\":\"ReadAction\",\"target\":[\"https:\\\/\\\/www.accountable.eu\\\/fr-be\\\/blog\\\/frais-deplacement\\\/\"]}]},{\"@type\":\"ImageObject\",\"inLanguage\":\"fr-BE\",\"@id\":\"https:\\\/\\\/www.accountable.eu\\\/fr-be\\\/blog\\\/frais-deplacement\\\/#primaryimage\",\"url\":\"https:\\\/\\\/www.accountable.eu\\\/wp-content\\\/uploads\\\/2020\\\/12\\\/Export-me-pleeeeaaase-2.png\",\"contentUrl\":\"https:\\\/\\\/www.accountable.eu\\\/wp-content\\\/uploads\\\/2020\\\/12\\\/Export-me-pleeeeaaase-2.png\",\"width\":1029,\"height\":600},{\"@type\":\"BreadcrumbList\",\"@id\":\"https:\\\/\\\/www.accountable.eu\\\/fr-be\\\/blog\\\/frais-deplacement\\\/#breadcrumb\",\"itemListElement\":[{\"@type\":\"ListItem\",\"position\":1,\"name\":\"Home\",\"item\":\"https:\\\/\\\/www.accountable.eu\\\/fr-be\\\/\"},{\"@type\":\"ListItem\",\"position\":2,\"name\":\"Ind\u00e9pendant, voici comment d\u00e9duire vos frais de d\u00e9placement\"}]},{\"@type\":\"WebSite\",\"@id\":\"https:\\\/\\\/www.accountable.eu\\\/fr-be\\\/#website\",\"url\":\"https:\\\/\\\/www.accountable.eu\\\/fr-be\\\/\",\"name\":\"Accountable\",\"description\":\"Your accountant and tax advisor on your smartphone\",\"publisher\":{\"@id\":\"https:\\\/\\\/www.accountable.eu\\\/fr-be\\\/#organization\"},\"potentialAction\":[{\"@type\":\"SearchAction\",\"target\":{\"@type\":\"EntryPoint\",\"urlTemplate\":\"https:\\\/\\\/www.accountable.eu\\\/fr-be\\\/?s={search_term_string}\"},\"query-input\":{\"@type\":\"PropertyValueSpecification\",\"valueRequired\":true,\"valueName\":\"search_term_string\"}}],\"inLanguage\":\"fr-BE\"},{\"@type\":\"Organization\",\"@id\":\"https:\\\/\\\/www.accountable.eu\\\/fr-be\\\/#organization\",\"name\":\"Accountable\",\"url\":\"https:\\\/\\\/www.accountable.eu\\\/fr-be\\\/\",\"logo\":{\"@type\":\"ImageObject\",\"inLanguage\":\"fr-BE\",\"@id\":\"https:\\\/\\\/www.accountable.eu\\\/fr-be\\\/#\\\/schema\\\/logo\\\/image\\\/\",\"url\":\"https:\\\/\\\/www.accountable.eu\\\/wp-content\\\/uploads\\\/2026\\\/04\\\/logo-512.png\",\"contentUrl\":\"https:\\\/\\\/www.accountable.eu\\\/wp-content\\\/uploads\\\/2026\\\/04\\\/logo-512.png\",\"width\":512,\"height\":512,\"caption\":\"Accountable\"},\"image\":{\"@id\":\"https:\\\/\\\/www.accountable.eu\\\/fr-be\\\/#\\\/schema\\\/logo\\\/image\\\/\"}},{\"@type\":\"Person\",\"@id\":\"\"}]}<\/script>\n<!-- \/ Yoast SEO plugin. -->","yoast_head_json":{"title":"Ind\u00e9pendant, voici comment d\u00e9duire vos frais de d\u00e9placement - Accountable","description":"Vos frais de d\u00e9placement en tant qu'ind\u00e9pendant sont bien d\u00e9ductibles : voiture, v\u00e9lo, transports en commun, nous vous expliquons comment !","robots":{"index":"index","follow":"follow","max-snippet":"max-snippet:-1","max-image-preview":"max-image-preview:large","max-video-preview":"max-video-preview:-1"},"canonical":"https:\/\/www.accountable.eu\/fr-be\/blog\/frais-deplacement\/","og_locale":"fr_FR","og_type":"article","og_title":"Ind\u00e9pendant, voici comment d\u00e9duire vos frais de d\u00e9placement - Accountable","og_description":"Vos frais de d\u00e9placement en tant qu'ind\u00e9pendant sont bien d\u00e9ductibles : voiture, v\u00e9lo, transports en commun, nous vous expliquons comment !","og_url":"https:\/\/www.accountable.eu\/fr-be\/blog\/frais-deplacement\/","og_site_name":"Accountable","article_published_time":"2021-12-16T17:16:53+00:00","article_modified_time":"2024-07-11T08:56:14+00:00","og_image":[{"width":1029,"height":600,"url":"https:\/\/www.accountable.eu\/wp-content\/uploads\/2020\/12\/Export-me-pleeeeaaase-2.png","type":"image\/png"}],"twitter_card":"summary_large_image","twitter_misc":{"\u00c9crit par":"","Dur\u00e9e de lecture est.":"4 minutes"},"schema":{"@context":"https:\/\/schema.org","@graph":[{"@type":"Article","@id":"https:\/\/www.accountable.eu\/fr-be\/blog\/frais-deplacement\/#article","isPartOf":{"@id":"https:\/\/www.accountable.eu\/fr-be\/blog\/frais-deplacement\/"},"author":{"name":"","@id":""},"headline":"Ind\u00e9pendant, voici comment d\u00e9duire vos frais de d\u00e9placement","datePublished":"2021-12-16T17:16:53+00:00","dateModified":"2024-07-11T08:56:14+00:00","mainEntityOfPage":{"@id":"https:\/\/www.accountable.eu\/fr-be\/blog\/frais-deplacement\/"},"wordCount":809,"commentCount":0,"publisher":{"@id":"https:\/\/www.accountable.eu\/fr-be\/#organization"},"image":{"@id":"https:\/\/www.accountable.eu\/fr-be\/blog\/frais-deplacement\/#primaryimage"},"thumbnailUrl":"https:\/\/www.accountable.eu\/wp-content\/uploads\/2020\/12\/Export-me-pleeeeaaase-2.png","keywords":["Ind\u00e9pendant \u00e0 titre principal"],"articleSection":["Frais professionnels","Uncategorized @fr-be"],"inLanguage":"fr-BE","potentialAction":[{"@type":"CommentAction","name":"Comment","target":["https:\/\/www.accountable.eu\/fr-be\/blog\/frais-deplacement\/#respond"]}]},{"@type":"WebPage","@id":"https:\/\/www.accountable.eu\/fr-be\/blog\/frais-deplacement\/","url":"https:\/\/www.accountable.eu\/fr-be\/blog\/frais-deplacement\/","name":"Ind\u00e9pendant, voici comment d\u00e9duire vos frais de d\u00e9placement - Accountable","isPartOf":{"@id":"https:\/\/www.accountable.eu\/fr-be\/#website"},"primaryImageOfPage":{"@id":"https:\/\/www.accountable.eu\/fr-be\/blog\/frais-deplacement\/#primaryimage"},"image":{"@id":"https:\/\/www.accountable.eu\/fr-be\/blog\/frais-deplacement\/#primaryimage"},"thumbnailUrl":"https:\/\/www.accountable.eu\/wp-content\/uploads\/2020\/12\/Export-me-pleeeeaaase-2.png","datePublished":"2021-12-16T17:16:53+00:00","dateModified":"2024-07-11T08:56:14+00:00","description":"Vos frais de d\u00e9placement en tant qu'ind\u00e9pendant sont bien d\u00e9ductibles : voiture, v\u00e9lo, transports en commun, nous vous expliquons comment !","breadcrumb":{"@id":"https:\/\/www.accountable.eu\/fr-be\/blog\/frais-deplacement\/#breadcrumb"},"inLanguage":"fr-BE","potentialAction":[{"@type":"ReadAction","target":["https:\/\/www.accountable.eu\/fr-be\/blog\/frais-deplacement\/"]}]},{"@type":"ImageObject","inLanguage":"fr-BE","@id":"https:\/\/www.accountable.eu\/fr-be\/blog\/frais-deplacement\/#primaryimage","url":"https:\/\/www.accountable.eu\/wp-content\/uploads\/2020\/12\/Export-me-pleeeeaaase-2.png","contentUrl":"https:\/\/www.accountable.eu\/wp-content\/uploads\/2020\/12\/Export-me-pleeeeaaase-2.png","width":1029,"height":600},{"@type":"BreadcrumbList","@id":"https:\/\/www.accountable.eu\/fr-be\/blog\/frais-deplacement\/#breadcrumb","itemListElement":[{"@type":"ListItem","position":1,"name":"Home","item":"https:\/\/www.accountable.eu\/fr-be\/"},{"@type":"ListItem","position":2,"name":"Ind\u00e9pendant, voici comment d\u00e9duire vos frais de d\u00e9placement"}]},{"@type":"WebSite","@id":"https:\/\/www.accountable.eu\/fr-be\/#website","url":"https:\/\/www.accountable.eu\/fr-be\/","name":"Accountable","description":"Your accountant and tax advisor on your smartphone","publisher":{"@id":"https:\/\/www.accountable.eu\/fr-be\/#organization"},"potentialAction":[{"@type":"SearchAction","target":{"@type":"EntryPoint","urlTemplate":"https:\/\/www.accountable.eu\/fr-be\/?s={search_term_string}"},"query-input":{"@type":"PropertyValueSpecification","valueRequired":true,"valueName":"search_term_string"}}],"inLanguage":"fr-BE"},{"@type":"Organization","@id":"https:\/\/www.accountable.eu\/fr-be\/#organization","name":"Accountable","url":"https:\/\/www.accountable.eu\/fr-be\/","logo":{"@type":"ImageObject","inLanguage":"fr-BE","@id":"https:\/\/www.accountable.eu\/fr-be\/#\/schema\/logo\/image\/","url":"https:\/\/www.accountable.eu\/wp-content\/uploads\/2026\/04\/logo-512.png","contentUrl":"https:\/\/www.accountable.eu\/wp-content\/uploads\/2026\/04\/logo-512.png","width":512,"height":512,"caption":"Accountable"},"image":{"@id":"https:\/\/www.accountable.eu\/fr-be\/#\/schema\/logo\/image\/"}},{"@type":"Person","@id":""}]}},"_links":{"self":[{"href":"https:\/\/www.accountable.eu\/fr-be\/wp-json\/wp\/v2\/posts\/13185","targetHints":{"allow":["GET"]}}],"collection":[{"href":"https:\/\/www.accountable.eu\/fr-be\/wp-json\/wp\/v2\/posts"}],"about":[{"href":"https:\/\/www.accountable.eu\/fr-be\/wp-json\/wp\/v2\/types\/post"}],"author":[{"embeddable":true,"href":"https:\/\/www.accountable.eu\/fr-be\/wp-json\/wp\/v2\/users\/5"}],"replies":[{"embeddable":true,"href":"https:\/\/www.accountable.eu\/fr-be\/wp-json\/wp\/v2\/comments?post=13185"}],"version-history":[{"count":0,"href":"https:\/\/www.accountable.eu\/fr-be\/wp-json\/wp\/v2\/posts\/13185\/revisions"}],"wp:featuredmedia":[{"embeddable":true,"href":"https:\/\/www.accountable.eu\/fr-be\/wp-json\/wp\/v2\/media\/2348"}],"wp:attachment":[{"href":"https:\/\/www.accountable.eu\/fr-be\/wp-json\/wp\/v2\/media?parent=13185"}],"wp:term":[{"taxonomy":"category","embeddable":true,"href":"https:\/\/www.accountable.eu\/fr-be\/wp-json\/wp\/v2\/categories?post=13185"},{"taxonomy":"post_tag","embeddable":true,"href":"https:\/\/www.accountable.eu\/fr-be\/wp-json\/wp\/v2\/tags?post=13185"}],"curies":[{"name":"wp","href":"https:\/\/api.w.org\/{rel}","templated":true}]}}