{"id":13209,"date":"2021-09-13T17:36:09","date_gmt":"2021-09-13T15:36:09","guid":{"rendered":"https:\/\/prod-migration-second.local\/?p=13209"},"modified":"2024-07-11T10:56:15","modified_gmt":"2024-07-11T08:56:15","slug":"series-a","status":"publish","type":"post","link":"https:\/\/www.accountable.eu\/fr-be\/blog\/series-a\/","title":{"rendered":"Accountable l\u00e8ve 5,7 millions d&rsquo;euros pour servir les ind\u00e9pendants belges et europ\u00e9ens"},"content":{"rendered":"<blockquote><p>\ud83c\udf99 <em>\u00ab\u00a0Une start-up belge l\u00e8ve 5,7 millions d&rsquo;euros aupr\u00e8s de deux investisseurs britanniques. Voil\u00e0 une jolie S\u00e9rie A, deux ans apr\u00e8s le Seed Funding qui avait amen\u00e9 deux millions en 2019.\u00a0\u00bb\u00a0<\/em><\/p><\/blockquote>\n<p><span style=\"font-weight: 400;\"><br \/>\nCette lev\u00e9e de fonds, c&rsquo;est bien, c&rsquo;est une bonne nouvelle pour Accountable et pour tous ceux qui l&rsquo;utilisent, qui seront plus nombreux \u00e0 profiter d&rsquo;un meilleur service et d&rsquo;un produit plus sophistiqu\u00e9.<\/span><\/p>\n<p><span style=\"font-weight: 400;\">C&rsquo;est bien, mais ce n&rsquo;est pas toute l&rsquo;histoire.\u00a0<\/span><\/p>\n<p><span style=\"font-weight: 400;\">Cette lev\u00e9e de fonds, ce sont surtout deux investisseurs, Stride VC et Connect Ventures, qui sont \u00e0 nos c\u00f4t\u00e9s. Leur m\u00e9tier est de rep\u00e9rer les tendances et les solutions qui se proposent avant les autres. En investissant dans Accountable, ils reconnaissent un ph\u00e9nom\u00e8ne, un mouvement qui s&rsquo;acc\u00e9l\u00e8re et qui l&#8217;emporte sur les crises que nous traversons.\u00a0\u00a0<\/span><\/p>\n<p><span style=\"font-weight: 400;\">Le travail change, vite et fort.\u00a0<\/span><\/p>\n<p><span style=\"font-weight: 400;\">Vous \u00eates des milliers \u00e0 \u00eatre les pionniers de ce changement, en Belgique et en Europe. A vous lancer \u00e0 votre compte et \u00e0 travailler comme ind\u00e9pendant.<\/span><\/p>\n<p><span style=\"font-weight: 400;\">Vous donnez votre sens \u00e0 votre travail. Vous lui donnez la direction.\u00a0<\/span><\/p>\n<p><span style=\"font-weight: 400;\">Vous \u00eates le pilier de l\u2019\u00e9conomie belge, et europ\u00e9enne: un travailleur sur 5 est ind\u00e9pendant. Le segment des ind\u00e9pendants est le segment qui croit le plus vite en Europe, plus vite que n&rsquo;importe quel autre segment.\u00a0<\/span><\/p>\n<p><span style=\"font-weight: 400;\"> Les investisseurs l&rsquo;ont compris. Ils y mettent les moyens : ils veulent qu&rsquo;une application comme la n\u00f4tre, qui vous simplifie radicalement la vie et les imp\u00f4ts, ait du vent dans les voiles.\u00a0<\/span><\/p>\n<h3>Vous faciliter la vie, radicalement.<br \/>\nVous donner les moyens de grandir.<\/h3>\n<p><span style=\"font-weight: 400;\">Chacun de vos m\u00e9tiers ont vu surgir de nouveaux outils, au plus pr\u00e8s de vos r\u00e9alit\u00e9s, pour vous faciliter la vie.<\/span><\/p>\n<p>Il est une r\u00e9alit\u00e9 commune \u00e0 tous vos m\u00e9tiers qui m\u00e9rite d&rsquo;\u00eatre facilit\u00e9e : vos imp\u00f4ts, vos finances, ce nuage permanent de \u00ab\u00a0ai-je bien fait envoy\u00e9\/pay\u00e9\/soumis\/d\u00e9duit ceci ou cela? \u00a0\u00bb<\/p>\n<p><span style=\"font-weight: 400;\">C\u2019est pour cela que nous avons cr\u00e9\u00e9 Accountable, en 2019. Nous aussi, nous ne voulions plus de ce nuage au-dessus de nos t\u00eates d&rsquo;entrepreneurs.<\/span><\/p>\n<p><span style=\"font-weight: 400;\">Nous voulions vous faire gagner du temps, \u00e0 tous.<\/span><span style=\"font-weight: 400;\"><br \/>\n<\/span><span style=\"font-weight: 400;\">Vous donner toute la visibilit\u00e9 sur vos imp\u00f4ts.<\/span><span style=\"font-weight: 400;\"><br \/>\n<\/span><span style=\"font-weight: 400;\">Vous offrir une r\u00e9ponse \u00e0 toutes vos questions, m\u00eame celle que vous ne saviez pas que vous deviez poser. M\u00eame si vous ne parlez pas couramment l&rsquo;imp\u00f4t.\u00a0<\/span><\/p>\n<p><span style=\"font-weight: 400;\">Bref, nous sommes l\u00e0 pour vous donner la visibilit\u00e9 dont vous avez besoin pour grandir.<\/span><\/p>\n<p><span style=\"font-weight: 400;\">Le boss, c\u2019est vous, apr\u00e8s tout.<\/span><\/p>\n<p><span style=\"font-weight: 400;\">Ce mois-ci, Stride VC m\u00e8ne un nouveau tour d\u2019investissement dans Accountable, convaincu par cette vision. Connect Ventures, qui a investi en 2019, se joint \u00e0 Stride VC.\u00a0 Nos recevons du carburant frais pour acc\u00e9l\u00e9rer le d\u00e9veloppement du produit, agrandir les \u00e9quipes de support client, atteindre plus d&rsquo;ind\u00e9pendants en Europe.\u00a0<\/span><\/p>\n<p><span style=\"font-weight: 400;\">Vous serez les premiers \u00e0 profiter de cette lev\u00e9e de fonds. Nous mettrons en pratique ces retours que vous nous avez partag\u00e9s lors de milliers de conversations. Vous verrez <\/span><span style=\"font-weight: 400;\">un meilleur module de facturation, les devis, plus de tips fiscaux et d\u2019analyses.<\/span><\/p>\n<p><span style=\"font-weight: 400;\">Simplicit\u00e9, efficacit\u00e9, confiance.\u00a0<\/span><span style=\"font-weight: 400;\"><br \/>\n<\/span><span style=\"font-weight: 400;\">Pour que vous puissiez vous concentrez sur ce qui compte pour vous.\u00a0<\/span><\/p>\n<h3>Le mot de la fin<\/h3>\n<p><span style=\"font-weight: 400;\">5,7 millions d&rsquo;euros, c\u2019est une somme importante.<\/span><\/p>\n<p>Ce serait facile d&rsquo;\u00eatre ambitieux et enthousiaste quand il s&rsquo;agit de l&rsquo;argent que d&rsquo;autres misent. Heureusement, nous ne comptons pas c\u00e9der \u00e0 la facilit\u00e9.<\/p>\n<p><span style=\"font-weight: 400;\">Nous savons que notre succ\u00e8s d\u00e9pend de l&rsquo;importance que nous accordons aux d\u00e9veloppements qui comptent pour vous.<\/span><\/p>\n<p>Notre succ\u00e8s d\u00e9pend de la rigueur avec laquelle nous prenons nos d\u00e9cisions.<\/p>\n<p>Surtout, notre succ\u00e8s d\u00e9pend de l&rsquo;\u00e9nergie que nous d\u00e9ployons \u00e0 \u00e9couter et r\u00e9pondre \u00e0 vos besoins.<\/p>\n<p><span style=\"font-weight: 400;\">Sans aucun compromis.<\/span><\/p>\n<p><span style=\"font-weight: 400;\">Nous sommes enthousiastes de servir les ind\u00e9pendants, plus vite et plus fort.\u00a0<\/span><\/p>\n<p><span style=\"font-weight: 400;\">Merci !<\/span><\/p>\n<p><i><span style=\"font-weight: 400;\">Nicolas &amp; Alexis, au nom de toute l\u2019\u00e9quipe d\u2019Accountable<\/span><\/i><\/p>\n<p><span style=\"font-weight: 400;\">PS: du coup, notre \u00e9quipe double. N&rsquo;h\u00e9sitez pas \u00e0 nous \u00e9crire \u00e0 support@accountable.eu.\u00a0<\/span><\/p>\n<p>&nbsp;<\/p>\n<p><img loading=\"lazy\" decoding=\"async\" class=\"aligncenter size-large wp-image-3023\" src=\"https:\/\/www.accountable.eu\/wp-content\/uploads\/2021\/09\/NicAlex-825x1024.jpg\" alt=\"Portrait Nic &amp; Alex\" width=\"825\" height=\"1024\" srcset=\"https:\/\/www.accountable.eu\/wp-content\/uploads\/2021\/09\/NicAlex-825x1024.jpg 825w, https:\/\/www.accountable.eu\/wp-content\/uploads\/2021\/09\/NicAlex-242x300.jpg 242w, https:\/\/www.accountable.eu\/wp-content\/uploads\/2021\/09\/NicAlex-768x954.jpg 768w, https:\/\/www.accountable.eu\/wp-content\/uploads\/2021\/09\/NicAlex-1237x1536.jpg 1237w, https:\/\/www.accountable.eu\/wp-content\/uploads\/2021\/09\/NicAlex-1649x2048.jpg 1649w\" sizes=\"auto, (max-width: 825px) 100vw, 825px\" \/><\/p>\n","protected":false},"excerpt":{"rendered":"<p>\ud83c\udf99 \u00ab\u00a0Une start-up belge l\u00e8ve 5,7 millions d&rsquo;euros aupr\u00e8s de deux investisseurs britanniques. Voil\u00e0 une jolie S\u00e9rie A, deux ans apr\u00e8s le Seed Funding qui avait amen\u00e9 deux millions en 2019.\u00a0\u00bb\u00a0 Cette lev\u00e9e de fonds, c&rsquo;est bien, c&rsquo;est une bonne nouvelle pour Accountable et pour tous ceux qui l&rsquo;utilisent, qui seront plus nombreux \u00e0 profiter [&hellip;]<\/p>\n","protected":false},"author":5,"featured_media":0,"comment_status":"open","ping_status":"open","sticky":false,"template":"","format":"standard","meta":{"inline_featured_image":false,"footnotes":""},"categories":[288],"tags":[245],"class_list":["post-13209","post","type-post","status-publish","format-standard","hentry","category-humans-of-accountable-5","tag-accountable"],"acf":[],"yoast_head":"<!-- This site is optimized with the Yoast SEO plugin v27.4 - https:\/\/yoast.com\/product\/yoast-seo-wordpress\/ -->\n<title>Accountable l\u00e8ve 5,7 millions d&#039;euros pour servir les ind\u00e9pendants belges et europ\u00e9ens - Accountable<\/title>\n<meta name=\"robots\" content=\"index, follow, max-snippet:-1, max-image-preview:large, max-video-preview:-1\" \/>\n<link rel=\"canonical\" href=\"https:\/\/www.accountable.eu\/fr-be\/blog\/series-a\/\" \/>\n<meta property=\"og:locale\" content=\"fr_FR\" \/>\n<meta property=\"og:type\" content=\"article\" \/>\n<meta property=\"og:title\" content=\"Accountable l\u00e8ve 5,7 millions d&#039;euros pour servir les ind\u00e9pendants belges et europ\u00e9ens - Accountable\" \/>\n<meta property=\"og:description\" content=\"\ud83c\udf99 \u00ab\u00a0Une start-up belge l\u00e8ve 5,7 millions d&rsquo;euros aupr\u00e8s de deux investisseurs britanniques. Voil\u00e0 une jolie S\u00e9rie A, deux ans apr\u00e8s le Seed Funding qui avait amen\u00e9 deux millions en 2019.\u00a0\u00bb\u00a0 Cette lev\u00e9e de fonds, c&rsquo;est bien, c&rsquo;est une bonne nouvelle pour Accountable et pour tous ceux qui l&rsquo;utilisent, qui seront plus nombreux \u00e0 profiter [&hellip;]\" \/>\n<meta property=\"og:url\" content=\"https:\/\/www.accountable.eu\/fr-be\/blog\/series-a\/\" \/>\n<meta property=\"og:site_name\" content=\"Accountable\" \/>\n<meta property=\"article:published_time\" content=\"2021-09-13T15:36:09+00:00\" \/>\n<meta property=\"article:modified_time\" content=\"2024-07-11T08:56:15+00:00\" \/>\n<meta property=\"og:image\" content=\"https:\/\/www.accountable.eu\/wp-content\/uploads\/2021\/09\/NicAlex-825x1024.jpg\" \/>\n<meta name=\"twitter:card\" content=\"summary_large_image\" \/>\n<meta name=\"twitter:label1\" content=\"\u00c9crit par\" \/>\n\t<meta name=\"twitter:data1\" content=\"\" \/>\n\t<meta name=\"twitter:label2\" content=\"Dur\u00e9e de lecture est.\" \/>\n\t<meta name=\"twitter:data2\" content=\"3 minutes\" \/>\n<script type=\"application\/ld+json\" class=\"yoast-schema-graph\">{\"@context\":\"https:\\\/\\\/schema.org\",\"@graph\":[{\"@type\":\"Article\",\"@id\":\"https:\\\/\\\/www.accountable.eu\\\/fr-be\\\/blog\\\/series-a\\\/#article\",\"isPartOf\":{\"@id\":\"https:\\\/\\\/www.accountable.eu\\\/fr-be\\\/blog\\\/series-a\\\/\"},\"author\":{\"name\":\"\",\"@id\":\"\"},\"headline\":\"Accountable l\u00e8ve 5,7 millions d&rsquo;euros pour servir les ind\u00e9pendants belges et europ\u00e9ens\",\"datePublished\":\"2021-09-13T15:36:09+00:00\",\"dateModified\":\"2024-07-11T08:56:15+00:00\",\"mainEntityOfPage\":{\"@id\":\"https:\\\/\\\/www.accountable.eu\\\/fr-be\\\/blog\\\/series-a\\\/\"},\"wordCount\":702,\"commentCount\":0,\"publisher\":{\"@id\":\"https:\\\/\\\/www.accountable.eu\\\/fr-be\\\/#organization\"},\"image\":{\"@id\":\"https:\\\/\\\/www.accountable.eu\\\/fr-be\\\/blog\\\/series-a\\\/#primaryimage\"},\"thumbnailUrl\":\"https:\\\/\\\/www.accountable.eu\\\/wp-content\\\/uploads\\\/2021\\\/09\\\/NicAlex-825x1024.jpg\",\"keywords\":[\"Accountable\"],\"articleSection\":[\"Humans of Accountable\"],\"inLanguage\":\"fr-BE\",\"potentialAction\":[{\"@type\":\"CommentAction\",\"name\":\"Comment\",\"target\":[\"https:\\\/\\\/www.accountable.eu\\\/fr-be\\\/blog\\\/series-a\\\/#respond\"]}]},{\"@type\":\"WebPage\",\"@id\":\"https:\\\/\\\/www.accountable.eu\\\/fr-be\\\/blog\\\/series-a\\\/\",\"url\":\"https:\\\/\\\/www.accountable.eu\\\/fr-be\\\/blog\\\/series-a\\\/\",\"name\":\"Accountable l\u00e8ve 5,7 millions d'euros pour servir les ind\u00e9pendants belges et europ\u00e9ens - Accountable\",\"isPartOf\":{\"@id\":\"https:\\\/\\\/www.accountable.eu\\\/fr-be\\\/#website\"},\"primaryImageOfPage\":{\"@id\":\"https:\\\/\\\/www.accountable.eu\\\/fr-be\\\/blog\\\/series-a\\\/#primaryimage\"},\"image\":{\"@id\":\"https:\\\/\\\/www.accountable.eu\\\/fr-be\\\/blog\\\/series-a\\\/#primaryimage\"},\"thumbnailUrl\":\"https:\\\/\\\/www.accountable.eu\\\/wp-content\\\/uploads\\\/2021\\\/09\\\/NicAlex-825x1024.jpg\",\"datePublished\":\"2021-09-13T15:36:09+00:00\",\"dateModified\":\"2024-07-11T08:56:15+00:00\",\"breadcrumb\":{\"@id\":\"https:\\\/\\\/www.accountable.eu\\\/fr-be\\\/blog\\\/series-a\\\/#breadcrumb\"},\"inLanguage\":\"fr-BE\",\"potentialAction\":[{\"@type\":\"ReadAction\",\"target\":[\"https:\\\/\\\/www.accountable.eu\\\/fr-be\\\/blog\\\/series-a\\\/\"]}]},{\"@type\":\"ImageObject\",\"inLanguage\":\"fr-BE\",\"@id\":\"https:\\\/\\\/www.accountable.eu\\\/fr-be\\\/blog\\\/series-a\\\/#primaryimage\",\"url\":\"https:\\\/\\\/www.accountable.eu\\\/wp-content\\\/uploads\\\/2021\\\/09\\\/NicAlex-825x1024.jpg\",\"contentUrl\":\"https:\\\/\\\/www.accountable.eu\\\/wp-content\\\/uploads\\\/2021\\\/09\\\/NicAlex-825x1024.jpg\"},{\"@type\":\"BreadcrumbList\",\"@id\":\"https:\\\/\\\/www.accountable.eu\\\/fr-be\\\/blog\\\/series-a\\\/#breadcrumb\",\"itemListElement\":[{\"@type\":\"ListItem\",\"position\":1,\"name\":\"Home\",\"item\":\"https:\\\/\\\/www.accountable.eu\\\/fr-be\\\/\"},{\"@type\":\"ListItem\",\"position\":2,\"name\":\"Accountable l\u00e8ve 5,7 millions d&rsquo;euros pour servir les ind\u00e9pendants belges et europ\u00e9ens\"}]},{\"@type\":\"WebSite\",\"@id\":\"https:\\\/\\\/www.accountable.eu\\\/fr-be\\\/#website\",\"url\":\"https:\\\/\\\/www.accountable.eu\\\/fr-be\\\/\",\"name\":\"Accountable\",\"description\":\"Your accountant and tax advisor on your smartphone\",\"publisher\":{\"@id\":\"https:\\\/\\\/www.accountable.eu\\\/fr-be\\\/#organization\"},\"potentialAction\":[{\"@type\":\"SearchAction\",\"target\":{\"@type\":\"EntryPoint\",\"urlTemplate\":\"https:\\\/\\\/www.accountable.eu\\\/fr-be\\\/?s={search_term_string}\"},\"query-input\":{\"@type\":\"PropertyValueSpecification\",\"valueRequired\":true,\"valueName\":\"search_term_string\"}}],\"inLanguage\":\"fr-BE\"},{\"@type\":\"Organization\",\"@id\":\"https:\\\/\\\/www.accountable.eu\\\/fr-be\\\/#organization\",\"name\":\"Accountable\",\"url\":\"https:\\\/\\\/www.accountable.eu\\\/fr-be\\\/\",\"logo\":{\"@type\":\"ImageObject\",\"inLanguage\":\"fr-BE\",\"@id\":\"https:\\\/\\\/www.accountable.eu\\\/fr-be\\\/#\\\/schema\\\/logo\\\/image\\\/\",\"url\":\"https:\\\/\\\/www.accountable.eu\\\/wp-content\\\/uploads\\\/2026\\\/04\\\/logo-512.png\",\"contentUrl\":\"https:\\\/\\\/www.accountable.eu\\\/wp-content\\\/uploads\\\/2026\\\/04\\\/logo-512.png\",\"width\":512,\"height\":512,\"caption\":\"Accountable\"},\"image\":{\"@id\":\"https:\\\/\\\/www.accountable.eu\\\/fr-be\\\/#\\\/schema\\\/logo\\\/image\\\/\"}},{\"@type\":\"Person\",\"@id\":\"\"}]}<\/script>\n<!-- \/ Yoast SEO plugin. -->","yoast_head_json":{"title":"Accountable l\u00e8ve 5,7 millions d'euros pour servir les ind\u00e9pendants belges et europ\u00e9ens - Accountable","robots":{"index":"index","follow":"follow","max-snippet":"max-snippet:-1","max-image-preview":"max-image-preview:large","max-video-preview":"max-video-preview:-1"},"canonical":"https:\/\/www.accountable.eu\/fr-be\/blog\/series-a\/","og_locale":"fr_FR","og_type":"article","og_title":"Accountable l\u00e8ve 5,7 millions d'euros pour servir les ind\u00e9pendants belges et europ\u00e9ens - Accountable","og_description":"\ud83c\udf99 \u00ab\u00a0Une start-up belge l\u00e8ve 5,7 millions d&rsquo;euros aupr\u00e8s de deux investisseurs britanniques. Voil\u00e0 une jolie S\u00e9rie A, deux ans apr\u00e8s le Seed Funding qui avait amen\u00e9 deux millions en 2019.\u00a0\u00bb\u00a0 Cette lev\u00e9e de fonds, c&rsquo;est bien, c&rsquo;est une bonne nouvelle pour Accountable et pour tous ceux qui l&rsquo;utilisent, qui seront plus nombreux \u00e0 profiter [&hellip;]","og_url":"https:\/\/www.accountable.eu\/fr-be\/blog\/series-a\/","og_site_name":"Accountable","article_published_time":"2021-09-13T15:36:09+00:00","article_modified_time":"2024-07-11T08:56:15+00:00","og_image":[{"url":"https:\/\/www.accountable.eu\/wp-content\/uploads\/2021\/09\/NicAlex-825x1024.jpg","type":"","width":"","height":""}],"twitter_card":"summary_large_image","twitter_misc":{"\u00c9crit par":"","Dur\u00e9e de lecture est.":"3 minutes"},"schema":{"@context":"https:\/\/schema.org","@graph":[{"@type":"Article","@id":"https:\/\/www.accountable.eu\/fr-be\/blog\/series-a\/#article","isPartOf":{"@id":"https:\/\/www.accountable.eu\/fr-be\/blog\/series-a\/"},"author":{"name":"","@id":""},"headline":"Accountable l\u00e8ve 5,7 millions d&rsquo;euros pour servir les ind\u00e9pendants belges et europ\u00e9ens","datePublished":"2021-09-13T15:36:09+00:00","dateModified":"2024-07-11T08:56:15+00:00","mainEntityOfPage":{"@id":"https:\/\/www.accountable.eu\/fr-be\/blog\/series-a\/"},"wordCount":702,"commentCount":0,"publisher":{"@id":"https:\/\/www.accountable.eu\/fr-be\/#organization"},"image":{"@id":"https:\/\/www.accountable.eu\/fr-be\/blog\/series-a\/#primaryimage"},"thumbnailUrl":"https:\/\/www.accountable.eu\/wp-content\/uploads\/2021\/09\/NicAlex-825x1024.jpg","keywords":["Accountable"],"articleSection":["Humans of Accountable"],"inLanguage":"fr-BE","potentialAction":[{"@type":"CommentAction","name":"Comment","target":["https:\/\/www.accountable.eu\/fr-be\/blog\/series-a\/#respond"]}]},{"@type":"WebPage","@id":"https:\/\/www.accountable.eu\/fr-be\/blog\/series-a\/","url":"https:\/\/www.accountable.eu\/fr-be\/blog\/series-a\/","name":"Accountable l\u00e8ve 5,7 millions d'euros pour servir les ind\u00e9pendants belges et europ\u00e9ens - Accountable","isPartOf":{"@id":"https:\/\/www.accountable.eu\/fr-be\/#website"},"primaryImageOfPage":{"@id":"https:\/\/www.accountable.eu\/fr-be\/blog\/series-a\/#primaryimage"},"image":{"@id":"https:\/\/www.accountable.eu\/fr-be\/blog\/series-a\/#primaryimage"},"thumbnailUrl":"https:\/\/www.accountable.eu\/wp-content\/uploads\/2021\/09\/NicAlex-825x1024.jpg","datePublished":"2021-09-13T15:36:09+00:00","dateModified":"2024-07-11T08:56:15+00:00","breadcrumb":{"@id":"https:\/\/www.accountable.eu\/fr-be\/blog\/series-a\/#breadcrumb"},"inLanguage":"fr-BE","potentialAction":[{"@type":"ReadAction","target":["https:\/\/www.accountable.eu\/fr-be\/blog\/series-a\/"]}]},{"@type":"ImageObject","inLanguage":"fr-BE","@id":"https:\/\/www.accountable.eu\/fr-be\/blog\/series-a\/#primaryimage","url":"https:\/\/www.accountable.eu\/wp-content\/uploads\/2021\/09\/NicAlex-825x1024.jpg","contentUrl":"https:\/\/www.accountable.eu\/wp-content\/uploads\/2021\/09\/NicAlex-825x1024.jpg"},{"@type":"BreadcrumbList","@id":"https:\/\/www.accountable.eu\/fr-be\/blog\/series-a\/#breadcrumb","itemListElement":[{"@type":"ListItem","position":1,"name":"Home","item":"https:\/\/www.accountable.eu\/fr-be\/"},{"@type":"ListItem","position":2,"name":"Accountable l\u00e8ve 5,7 millions d&rsquo;euros pour servir les ind\u00e9pendants belges et europ\u00e9ens"}]},{"@type":"WebSite","@id":"https:\/\/www.accountable.eu\/fr-be\/#website","url":"https:\/\/www.accountable.eu\/fr-be\/","name":"Accountable","description":"Your accountant and tax advisor on your smartphone","publisher":{"@id":"https:\/\/www.accountable.eu\/fr-be\/#organization"},"potentialAction":[{"@type":"SearchAction","target":{"@type":"EntryPoint","urlTemplate":"https:\/\/www.accountable.eu\/fr-be\/?s={search_term_string}"},"query-input":{"@type":"PropertyValueSpecification","valueRequired":true,"valueName":"search_term_string"}}],"inLanguage":"fr-BE"},{"@type":"Organization","@id":"https:\/\/www.accountable.eu\/fr-be\/#organization","name":"Accountable","url":"https:\/\/www.accountable.eu\/fr-be\/","logo":{"@type":"ImageObject","inLanguage":"fr-BE","@id":"https:\/\/www.accountable.eu\/fr-be\/#\/schema\/logo\/image\/","url":"https:\/\/www.accountable.eu\/wp-content\/uploads\/2026\/04\/logo-512.png","contentUrl":"https:\/\/www.accountable.eu\/wp-content\/uploads\/2026\/04\/logo-512.png","width":512,"height":512,"caption":"Accountable"},"image":{"@id":"https:\/\/www.accountable.eu\/fr-be\/#\/schema\/logo\/image\/"}},{"@type":"Person","@id":""}]}},"_links":{"self":[{"href":"https:\/\/www.accountable.eu\/fr-be\/wp-json\/wp\/v2\/posts\/13209","targetHints":{"allow":["GET"]}}],"collection":[{"href":"https:\/\/www.accountable.eu\/fr-be\/wp-json\/wp\/v2\/posts"}],"about":[{"href":"https:\/\/www.accountable.eu\/fr-be\/wp-json\/wp\/v2\/types\/post"}],"author":[{"embeddable":true,"href":"https:\/\/www.accountable.eu\/fr-be\/wp-json\/wp\/v2\/users\/5"}],"replies":[{"embeddable":true,"href":"https:\/\/www.accountable.eu\/fr-be\/wp-json\/wp\/v2\/comments?post=13209"}],"version-history":[{"count":0,"href":"https:\/\/www.accountable.eu\/fr-be\/wp-json\/wp\/v2\/posts\/13209\/revisions"}],"wp:attachment":[{"href":"https:\/\/www.accountable.eu\/fr-be\/wp-json\/wp\/v2\/media?parent=13209"}],"wp:term":[{"taxonomy":"category","embeddable":true,"href":"https:\/\/www.accountable.eu\/fr-be\/wp-json\/wp\/v2\/categories?post=13209"},{"taxonomy":"post_tag","embeddable":true,"href":"https:\/\/www.accountable.eu\/fr-be\/wp-json\/wp\/v2\/tags?post=13209"}],"curies":[{"name":"wp","href":"https:\/\/api.w.org\/{rel}","templated":true}]}}