{"id":13252,"date":"2021-02-16T13:34:19","date_gmt":"2021-02-16T12:34:19","guid":{"rendered":"https:\/\/prod-migration-second.local\/?p=13252"},"modified":"2026-03-19T15:41:28","modified_gmt":"2026-03-19T14:41:28","slug":"droits-dauteur-independants-belges","status":"publish","type":"post","link":"https:\/\/www.accountable.eu\/fr-be\/blog\/droits-dauteur-independants-belges\/","title":{"rendered":"Les droits d\u2019auteur pour ind\u00e9pendants en personne physique"},"content":{"rendered":"\n<p><strong>Freelance cr\u00e9atif, cet article est pour vous ! Vous \u00eates ind\u00e9pendant en personne physique et vous cr\u00e9ez des \u0153uvres originales pour vos clients ? Il y a de fortes chances que vous puissiez demander une r\u00e9mun\u00e9ration pour vos droits d\u2019auteur.<\/strong><\/p>\n\n\n\n<p><strong>Sur le plan fiscal, cette r\u00e9mun\u00e9ration est plus avantageuse que les revenus tir\u00e9s des services prest\u00e9s. Pour le dire simplement : vous paierez beaucoup moins d\u2019imp\u00f4ts. Envie de savoir comment \u00e7a fonctionne et comment en profiter ?<\/strong><\/p>\n\n\n\n<p><strong>Cet article vous dit tout sur les droits d\u2019auteur en 2026, comment ils sont impos\u00e9s et comment les inclure dans vos factures. <em>C\u2019est parti !<\/em><\/strong><\/p>\n\n\n    <!-- wp:acf\/blog-annotation -->\n    <div class=\"wp-block-acf-blog-annotation flex items-start gap-4 bg-light-purple py-6 px-4 rounded-lg mb-3 mt-3\">\n                    <img decoding=\"async\" class=\"flex-shrink-0\" src=\"https:\/\/www.accountable.eu\/wp-content\/themes\/accountable\/assets\/rebranding-images\/icons\/blog\/widgets\/bulb.svg\" alt=\"bulb\">\n        \n        <div class=\"blog-annotation__text\">\n            <p class=\"font-inter text-lg text-purple m-0\"><a class=\"text-purple underline\" class=\"text-blue-600 hover:underline\" class=\"text-blue-600 hover:underline\" href=\"https:\/\/www.accountable.eu\/fr-be\/blog\/droits-auteur-societe\/\"><span style=\"font-weight: 400;\">Ind\u00e9pendant en soci\u00e9t\u00e9 ? Vous pouvez \u00e9galement profiter des avantages des droits d\u2019auteur !<\/span><\/a><\/p>\n        <\/div>\n    <\/div>\n    <!-- \/wp:acf\/blog-annotation -->\n\n\n\n<h2 class=\"wp-block-heading\">Les droits d\u2019auteur, c\u2019est quoi ?<\/h2>\n\n\n\n<p>\u00c0 l\u2019origine, le <strong>droit d\u2019auteur<\/strong> d\u00e9signe le droit qu\u2019un auteur a sur des \u0153uvres litt\u00e9raires ou artistiques originales, en vertu de l\u2019<em>article XI.165 du Code du droit \u00e9conomique<\/em>, ou qu\u2019un artiste ex\u00e9cutant a sur des prestations, en vertu de l\u2019<em>article XI.205<\/em>.<\/p>\n\n\n\n<p>Pour b\u00e9n\u00e9ficier des droits d\u2019auteur en tant qu\u2019ind\u00e9pendant en personne physique, le <strong>travail r\u00e9alis\u00e9 doit imp\u00e9rativement pr\u00e9senter un caract\u00e8re original et cr\u00e9atif<\/strong>. Pensez par exemple aux textes, aux \u0153uvres musicales, aux photos et aux vid\u00e9os, ou encore au code d\u00e9velopp\u00e9 pour un logiciel.&nbsp;<\/p>\n\n\n\n<p>Cela signifie-t-il que vous pouvez b\u00e9n\u00e9ficier de droits d\u2019auteurs sur toutes ces \u0153uvres&nbsp;? Malheureusement non.&nbsp;<strong>Pour pouvoir en b\u00e9n\u00e9ficier, vous devez satisfaire plusieurs conditions&nbsp;:<\/strong><\/p>\n\n\n\n<ul class=\"wp-block-list\">\n<li>Vous devez disposer d\u2019un certificat d\u2019authenticit\u00e9 pour votre \u0153uvre ou consigner par \u00e9crit la cession ainsi que les conditions de vos droits.&nbsp;<\/li>\n\n\n\n<li>L\u2019acheteur des droits d\u2019auteur doit utiliser, publier et\/ou reproduire votre cr\u00e9ation.&nbsp;<\/li>\n\n\n\n<li>L\u2019\u0153uvre doit avoir une forme concr\u00e8te&nbsp;: un concept ou une id\u00e9e ne suffit donc pas&nbsp;!<\/li>\n<\/ul>\n\n\n\n<p>Il n\u2019est pas n\u00e9cessaire d\u2019enregistrer votre \u0153uvre ni d\u2019y ajouter des mentions juridiques.&nbsp;<\/p>\n\n\n\n<h2 class=\"wp-block-heading\">Qui peut b\u00e9n\u00e9ficier des droits d\u2019auteur ?<\/h2>\n\n\n\n<p>Bonne nouvelle&nbsp;: en 2026, le r\u00e9gime fiscal avantageux pour les droits d\u2019auteur s\u2019\u00e9tend \u00e0 nouveau aux m\u00e9tiers num\u00e9riques.<\/p>\n\n\n\n<h3 class=\"wp-block-heading\">Que dit l\u2019accord de coalition f\u00e9d\u00e9rale sur les droits d\u2019auteur ?<\/h3>\n\n\n\n<ul class=\"wp-block-list\">\n<li>Les m\u00e9tiers num\u00e9riques (comme les graphistes, d\u00e9veloppeurs de jeux, d\u00e9veloppeurs de logiciels et cr\u00e9ateurs de contenu digital) b\u00e9n\u00e9ficient d\u00e9sormais des m\u00eames avantages fiscaux que les auteurs et artistes \u00ab&nbsp;traditionnels&nbsp;\u00bb.<\/li>\n\n\n\n<li>Il s\u2019agit d\u2019une nouvelle extension&nbsp;: ce r\u00e9gime est r\u00e9introduit apr\u00e8s avoir \u00e9t\u00e9 supprim\u00e9 ces derni\u00e8res ann\u00e9es.<\/li>\n\n\n\n<li>Cette r\u00e9forme corrige l\u2019in\u00e9galit\u00e9 fiscale et assure aux artistes num\u00e9riques le m\u00eame traitement fiscal que les autres artistes.<\/li>\n\n\n\n<li>Les \u0153uvres prot\u00e9g\u00e9es par le Livre XI, Titre 6 du Code de droit \u00e9conomique sont d\u00e9sormais \u00e9ligibles.<\/li>\n<\/ul>\n\n\n\n<p><strong>Exemples&nbsp;:<\/strong><\/p>\n\n\n\n<ul class=\"wp-block-list\">\n<li>Vous \u00eates copywriter et r\u00e9digez des textes originaux pour votre client. Vous pouvez revendiquer des droits d\u2019auteur sur les textes eux-m\u00eames, mais pas sur le temps factur\u00e9 pour la publication en ligne ou la gestion des commentaires.<\/li>\n\n\n\n<li>Vous cr\u00e9ez un site web avec un formulaire de contact standard. Le site constitue un travail cr\u00e9atif, mais pas le formulaire (vous ne l\u2019avez pas invent\u00e9 ou con\u00e7u).<\/li>\n\n\n\n<li>Vous prenez des photos de la nature et les vendez \u00e0 un magazine.<\/li>\n\n\n\n<li><strong>\u00c0 partir de 2026&nbsp;:&nbsp;Vous d\u00e9veloppez du code, des scripts ou des modules logiciels. Il s\u2019agit l\u00e0 aussi d\u2019un travail cr\u00e9atif pour lequel vous pouvez revendiquer des droits d\u2019auteur.<\/strong><\/li>\n<\/ul>\n\n\n\n<h2 class=\"wp-block-heading\">Droits d\u2019auteur et fiscalit\u00e9 : quel impact en tant que personne physique ?<\/h2>\n\n\n\n<p><strong>En Belgique, les revenus issus des droits d\u2019auteur sont impos\u00e9s comme des revenus mobiliers au taux de 15&nbsp;%,<\/strong> ce qui est bien inf\u00e9rieur aux taux applicables aux revenus professionnels, pouvant atteindre 50&nbsp;%.<\/p>\n\n\n\n<p>La proportion entre revenus professionnels et revenus issus des droits d\u2019auteur est <strong>fix\u00e9e \u00e0 70\/30<\/strong>&nbsp;: vous pouvez<\/p>\n\n\n\n<ul class=\"wp-block-list\">\n<li>consid\u00e9rer <strong>maximum 30&nbsp;%<\/strong> de vos revenus totaux comme des revenus issus de <strong>droits d\u2019auteur<\/strong>.<\/li>\n\n\n\n<li>Pour l\u2019ann\u00e9e fiscale 2026, le <strong>plafond est fix\u00e9 \u00e0 75 360&nbsp;\u20ac<\/strong>.<\/li>\n\n\n\n<li><strong>Les revenus d\u00e9passant ce montant seront impos\u00e9s comme des revenus professionnels.<\/strong><\/li>\n<\/ul>\n\n\n\n<p>\u26a0\ufe0f <strong>Attention&nbsp;: <\/strong>Si votre revenu moyen de droits d\u2019auteur sur quatre ans d\u00e9passe ce plafond, l\u2019avantage fiscal est supprim\u00e9 l\u2019ann\u00e9e suivante.<\/p>\n\n\n\n<h2 class=\"wp-block-heading\">Suppression des frais forfaitaires sur les droits d\u2019auteur en 2026<\/h2>\n\n\n\n<p><strong>C\u2019est la plus grande modification de 2026&nbsp;: les frais forfaitaires sur les revenus issus des droits d\u2019auteur disparaissent.<\/strong><\/p>\n\n\n\n<p>Jusqu\u2019\u00e0 fin 2025, des frais forfaitaires pouvaient \u00eatre appliqu\u00e9s sur les revenus des droits d\u2019auteur&nbsp;:<\/p>\n\n\n\n<ul class=\"wp-block-list\">\n<li><strong>50&nbsp;% de frais forfaitaires sur la premi\u00e8re tranche<\/strong> (de 0 \u00e0 18 720&nbsp;\u20ac), ce qui \u00e9quivalait \u00e0 un taux effectif de <strong>7,5&nbsp;%<\/strong>.<\/li>\n\n\n\n<li><strong>25&nbsp;% de frais forfaitaires sur la deuxi\u00e8me tranche<\/strong> (de 18 720 \u00e0 37 450&nbsp;\u20ac), soit un taux effectif de <strong>11,25&nbsp;%<\/strong>.<\/li>\n<\/ul>\n\n\n\n<p><strong>\u00c0 partir de 2026, tous les revenus issus des droits d\u2019auteur sont impos\u00e9s \u00e0 un taux fixe de 15&nbsp;%<\/strong>, sans d\u00e9duction forfaitaire.<\/p>\n\n\n\n<h3 class=\"wp-block-heading\">Quel est l\u2019impact sur votre revenu ?<\/h3>\n\n\n\n<p>Plus vos revenus issus des droits d\u2019auteur sont \u00e9lev\u00e9s, plus la diff\u00e9rence est importante. La plupart des ind\u00e9pendants se situent autour de 10 000&nbsp;\u20ac de droits d\u2019auteur par an,&nbsp;<strong>perdant environ 750&nbsp;\u20ac d\u2019avantage fiscal avec la nouvelle r\u00e8gle.<\/strong><\/p>\n\n\n\n<figure class=\"wp-block-table\"><table class=\"has-fixed-layout\"><tbody><tr><td><strong>Revenus issus des droits d\u2019auteur<\/strong><\/td><td><strong>Imp\u00f4t 2025 (avec frais forfaitaires)<\/strong><\/td><td><strong>Imp\u00f4t 2026 (sans frais forfaitaires)<\/strong><\/td><td><strong>Diff\u00e9rence<\/strong><\/td><\/tr><tr><td>10&nbsp;000&nbsp;\u20ac<\/td><td>750&nbsp;\u20ac<\/td><td>1&nbsp;500&nbsp;\u20ac<\/td><td>750&nbsp;\u20ac<\/td><\/tr><tr><td>35&nbsp;000&nbsp;\u20ac<\/td><td>2&nbsp;621,25&nbsp;\u20ac<\/td><td>4&nbsp;500&nbsp;\u20ac<\/td><td>1&nbsp;878,75&nbsp;\u20ac<\/td><\/tr><\/tbody><\/table><\/figure>\n\n\n\n<p>\u26a0\ufe0f<strong> Bon \u00e0 savoir&nbsp;:<\/strong>&nbsp;Les frais forfaitaires sur les droits d\u2019auteur disparaissent, mais les <strong>frais r\u00e9els restent d\u00e9ductibles<\/strong>. Vous pouvez donc toujours d\u00e9duire vos frais professionnels effectifs.<\/p>\n\n\n\n<h2 class=\"wp-block-heading\">Que signifie le droit d&rsquo;auteur pour vos clients ?<\/h2>\n\n\n\n<p>Une facture incluant des droits d\u2019auteur est avantageuse pour vous, <strong>mais entra\u00eene des <\/strong><a href=\"https:\/\/www.accountable.eu\/fr-be\/blog\/droits-dauteur-impot\/\"><strong>obligations suppl\u00e9mentaires<\/strong><\/a><strong> pour votre client<\/strong>. En effet, il doit pr\u00e9lever le pr\u00e9compte mobilier sur votre droit d\u2019auteur avant de le verser \u00e0 l\u2019administration fiscale.<\/p>\n\n\n\n<p>Le client paie donc&nbsp;:<\/p>\n\n\n\n<ul class=\"wp-block-list\">\n<li>Vos services,<\/li>\n\n\n\n<li>La cession des droits d\u2019auteur,<\/li>\n\n\n\n<li>Le pr\u00e9compte mobilier.&nbsp;<\/li>\n<\/ul>\n\n\n\n<p>Il doit \u00e9galement <a href=\"https:\/\/finances.belgium.be\/fr\/entreprises\/impot_des_societes\/Precomptes\/precompte-mobilier#q5\"><strong>d\u00e9clarer cette retenue<\/strong><\/a> afin que l\u2019administration fiscale l\u2019<strong>enregistre automatiquement dans votre d\u00e9claration<\/strong> via Tax-on-web. Si votre client ne le fait pas, vous serez responsable de payer le pr\u00e9compte mobilier vous-m\u00eame.<\/p>\n\n\n\n<p>\u26a0\ufe0f <strong>Attention&nbsp;:<\/strong>&nbsp;M\u00eame si le pr\u00e9compte mobilier est pay\u00e9 par votre client, vous \u00eates dans l\u2019<strong>obligation de mentionner<\/strong> ces revenus dans votre <strong>d\u00e9claration fiscale<\/strong>.&nbsp;<\/p>\n\n\n\n<h2 class=\"wp-block-heading\">Comment facturer les droits d\u2019auteur en 2026&nbsp;?<\/h2>\n\n\n\n<p>Vous savez maintenant ce que sont les droits d\u2019auteur, qui peut en b\u00e9n\u00e9ficier et quelles cons\u00e9quences fiscales ils impliquent.&nbsp;<strong>Nous allons vous montrer rapidement comment facturer correctement les droits d\u2019auteur en tant qu\u2019ind\u00e9pendant en personne physique en 2026.<\/strong><\/p>\n\n\n\n<p><strong>Il est essentiel de bien comprendre les exigences l\u00e9gales<\/strong> avant de commencer \u00e0 facturer. Vous devez s\u00e9parer clairement la r\u00e9mun\u00e9ration pour les services prest\u00e9s (revenus professionnels) et la r\u00e9mun\u00e9ration pour la cession ou la licence des droits d\u2019auteur.<\/p>\n\n\n\n<h3 class=\"wp-block-heading\">Facturation \u00e9lectronique PEPPOL et droits d\u2019auteur<\/h3>\n\n\n\n<p><strong>Comme vous le savez, toutes les factures B2B en Belgique doivent d\u00e9sormais \u00eatre envoy\u00e9es via Peppol.<\/strong>\u00a0Pour les droits d\u2019auteur, rien ne change\u00a0: il vous suffit d\u2019un outil de facturation \u00e9lectronique pour envoyer correctement vos factures.<\/p>\n\n\n\n<p><strong>Comment facturer les droits d\u2019auteur avec Accountable\u00a0<\/strong>:<\/p>\n\n\n\n<ul class=\"wp-block-list\">\n<li>Cr\u00e9ez votre facture de droits d\u2019auteur comme d\u2019habitude et, lors de l\u2019envoi \u00e0 votre client, choisissez \u00ab&nbsp;Envoyer via Peppol&nbsp;\u00bb.<\/li>\n\n\n\n<li>Pour le reste, pas besoin de vous soucier de Peppol&nbsp;: Accountable s\u2019occupe de tout en coulisses.<\/li>\n<\/ul>\n\n\n\n<h3 class=\"wp-block-heading\">\u00c9tapes \u00e0 suivre dans Accountable\u00a0:\u00a0<\/h3>\n\n\n\n<ol class=\"wp-block-list\">\n<li>Cr\u00e9ez une <strong>facture avec les d\u00e9tails des travaux r\u00e9alis\u00e9s<\/strong> (cr\u00e9atifs et non cr\u00e9atifs).<\/li>\n\n\n\n<li>Ajoutez un poste pour les droits d\u2019auteur et nommez-le \u00ab&nbsp;<strong>Attribution des droits d\u2019auteur<\/strong>&nbsp;\u00bb.<\/li>\n\n\n\n<li><strong>Indiquez le taux de TVA correct*.<\/strong><\/li>\n\n\n\n<li>Dans les remarques, mentionnez le <strong>montant du pr\u00e9compte mobilier<\/strong> que votre client doit payer (facultatif, mais beaucoup plus clair).<\/li>\n<\/ol>\n\n\n\n<p><em>*Le taux de TVA pour les droits d\u2019auteur est d\u00e9crit \u00e0 l\u2019article 18, \u00a71, 7\u00b0 du <\/em><a href=\"https:\/\/eservices.minfin.fgov.be\/myminfin-web\/pages\/public\/fisconet\/document\/503f4c00-9bca-4e7d-a3ca-c5b607723c95\/Wetboek%20van%20de%20Btw%20-%20artikel%2018\"><em>Code belge de la TVA<\/em><\/a><em> <\/em>et est <em>g\u00e9n\u00e9ralement de 6&nbsp;%.<\/em><\/p>\n\n\n\n<p>Sur notre plateforme, vous pouvez ensuite classer ces revenus dans la cat\u00e9gorie \u00ab&nbsp;Droits d\u2019auteur&nbsp;\u00bb, ce qui vous permet d\u2019avoir votre d\u00e9claration fiscale directement pr\u00eate.&nbsp;<\/p>\n\n\n    <!-- wp:acf\/blog-annotation -->\n    <div class=\"wp-block-acf-blog-annotation flex items-start gap-4 bg-light-purple py-6 px-4 rounded-lg mb-3 mt-3\">\n                    <img decoding=\"async\" class=\"flex-shrink-0\" src=\"https:\/\/www.accountable.eu\/wp-content\/themes\/accountable\/assets\/rebranding-images\/icons\/blog\/widgets\/bulb.svg\" alt=\"bulb\">\n        \n        <div class=\"blog-annotation__text\">\n            <p class=\"font-inter text-lg text-purple m-0\"><span style=\"font-weight: 400;\">M\u00eame si vous pouvez facturer vous-m\u00eame les droits d\u2019auteur, vous pouvez \u00e9galement vous faire assister par <\/span><a class=\"text-purple underline\" class=\"text-purple underline\" class=\"text-blue-600 hover:underline\" class=\"text-purple underline\" class=\"text-blue-600 hover:underline\" href=\"https:\/\/www.creativeshelter.be\/eenmanszaken\"><span style=\"font-weight: 400;\">Creative Shelter<\/span><\/a><span style=\"font-weight: 400;\">, un logiciel de facturation sp\u00e9cialement con\u00e7u pour les droits d\u2019auteur.\u00a0<\/span><b>Accountable et Creative Shelter travaillent ensemble.<\/b><span style=\"font-weight: 400;\"> Vous pouvez cr\u00e9er vos factures dans Creative Shelter, qui apparaissent ensuite automatiquement dans Accountable pour votre comptabilit\u00e9.<\/span><\/p>\n        <\/div>\n    <\/div>\n    <!-- \/wp:acf\/blog-annotation -->\n\n\n\n<p><strong>Vous avez d\u2019autres questions sur l\u2019application des droits d\u2019auteur en tant qu\u2019ind\u00e9pendant en personne physique&nbsp;? Contactez nos experts, ils se feront un plaisir de vous accompagner&nbsp;!<\/strong><\/p>\n\n\n\n<p><strong>Simplifiez-vous la vie&nbsp;: <\/strong><a href=\"https:\/\/web.accountable.eu\/signup%C2%A0?\"><strong>essayez Accountable gratuitement pendant 14&nbsp;jours<\/strong><\/a><strong>.\u2728<\/strong><\/p>\n","protected":false},"excerpt":{"rendered":"<p>Freelance cr\u00e9atif, cet article est pour vous ! Vous \u00eates ind\u00e9pendant en personne physique et vous cr\u00e9ez des \u0153uvres originales pour vos clients ? Il y a de fortes chances que vous puissiez demander une r\u00e9mun\u00e9ration pour vos droits d\u2019auteur. Sur le plan fiscal, cette r\u00e9mun\u00e9ration est plus avantageuse que les revenus tir\u00e9s des services [&hellip;]<\/p>\n","protected":false},"author":3,"featured_media":2423,"comment_status":"open","ping_status":"open","sticky":false,"template":"","format":"standard","meta":{"inline_featured_image":false,"footnotes":""},"categories":[286,291,293,294],"tags":[310,312],"class_list":["post-13252","post","type-post","status-publish","format-standard","has-post-thumbnail","hentry","category-facturer-a-vos-clients","category-informations-pratiques","category-optimisation-fiscale","category-maitriser-vos-impots","tag-impots","tag-independant"],"acf":[],"yoast_head":"<!-- This site is optimized with the Yoast SEO plugin v27.4 - https:\/\/yoast.com\/product\/yoast-seo-wordpress\/ -->\n<title>Les droits d\u2019auteur pour ind\u00e9pendants en personne physique - Accountable<\/title>\n<meta name=\"description\" content=\"Est-ce que vous avez droit \u00e0 une r\u00e9mun\u00e9ration pour droits d&#039;auteur ? Comment les facturer ? Et comment sont-ils impos\u00e9s ? Lisez-le ici.\" \/>\n<meta name=\"robots\" content=\"index, follow, max-snippet:-1, max-image-preview:large, max-video-preview:-1\" \/>\n<link rel=\"canonical\" href=\"https:\/\/www.accountable.eu\/fr-be\/blog\/droits-dauteur-independants-belges\/\" \/>\n<meta property=\"og:locale\" content=\"fr_FR\" \/>\n<meta property=\"og:type\" content=\"article\" \/>\n<meta property=\"og:title\" content=\"Les droits d\u2019auteur pour ind\u00e9pendants en personne physique - Accountable\" \/>\n<meta property=\"og:description\" content=\"Est-ce que vous avez droit \u00e0 une r\u00e9mun\u00e9ration pour droits d&#039;auteur ? Comment les facturer ? Et comment sont-ils impos\u00e9s ? Lisez-le ici.\" \/>\n<meta property=\"og:url\" content=\"https:\/\/www.accountable.eu\/fr-be\/blog\/droits-dauteur-independants-belges\/\" \/>\n<meta property=\"og:site_name\" content=\"Accountable\" \/>\n<meta property=\"article:published_time\" content=\"2021-02-16T12:34:19+00:00\" \/>\n<meta property=\"article:modified_time\" content=\"2026-03-19T14:41:28+00:00\" \/>\n<meta property=\"og:image\" content=\"https:\/\/www.accountable.eu\/wp-content\/uploads\/2021\/02\/Slice-5-1.png\" \/>\n\t<meta property=\"og:image:width\" content=\"1029\" \/>\n\t<meta property=\"og:image:height\" content=\"600\" \/>\n\t<meta property=\"og:image:type\" content=\"image\/png\" \/>\n<meta name=\"author\" content=\"Nicolas Quarr\u00e9\" \/>\n<meta name=\"twitter:card\" content=\"summary_large_image\" \/>\n<meta name=\"twitter:label1\" content=\"\u00c9crit par\" \/>\n\t<meta name=\"twitter:data1\" content=\"Nicolas Quarr\u00e9\" \/>\n\t<meta name=\"twitter:label2\" content=\"Dur\u00e9e de lecture est.\" \/>\n\t<meta name=\"twitter:data2\" content=\"6 minutes\" \/>\n<script type=\"application\/ld+json\" class=\"yoast-schema-graph\">{\"@context\":\"https:\\\/\\\/schema.org\",\"@graph\":[{\"@type\":\"Article\",\"@id\":\"https:\\\/\\\/www.accountable.eu\\\/fr-be\\\/blog\\\/droits-dauteur-independants-belges\\\/#article\",\"isPartOf\":{\"@id\":\"https:\\\/\\\/www.accountable.eu\\\/fr-be\\\/blog\\\/droits-dauteur-independants-belges\\\/\"},\"author\":{\"name\":\"Nicolas Quarr\u00e9\",\"@id\":\"https:\\\/\\\/www.accountable.eu\\\/fr-be\\\/#\\\/schema\\\/person\\\/c6f1ecb21f5b649c8e4cea51b9d7b386\"},\"headline\":\"Les droits d\u2019auteur pour ind\u00e9pendants en personne physique\",\"datePublished\":\"2021-02-16T12:34:19+00:00\",\"dateModified\":\"2026-03-19T14:41:28+00:00\",\"mainEntityOfPage\":{\"@id\":\"https:\\\/\\\/www.accountable.eu\\\/fr-be\\\/blog\\\/droits-dauteur-independants-belges\\\/\"},\"wordCount\":1468,\"commentCount\":0,\"publisher\":{\"@id\":\"https:\\\/\\\/www.accountable.eu\\\/fr-be\\\/#organization\"},\"image\":{\"@id\":\"https:\\\/\\\/www.accountable.eu\\\/fr-be\\\/blog\\\/droits-dauteur-independants-belges\\\/#primaryimage\"},\"thumbnailUrl\":\"https:\\\/\\\/www.accountable.eu\\\/wp-content\\\/uploads\\\/2021\\\/02\\\/Slice-5-1.png\",\"keywords\":[\"Imp\u00f4ts\",\"Ind\u00e9pendant \u00e0 titre principal\"],\"articleSection\":[\"Facturer vos clients\",\"Informations pratiques\",\"Optimisation fiscale\",\"Prenez le contr\u00f4le de vos imp\u00f4ts\"],\"inLanguage\":\"fr-BE\",\"potentialAction\":[{\"@type\":\"CommentAction\",\"name\":\"Comment\",\"target\":[\"https:\\\/\\\/www.accountable.eu\\\/fr-be\\\/blog\\\/droits-dauteur-independants-belges\\\/#respond\"]}]},{\"@type\":\"WebPage\",\"@id\":\"https:\\\/\\\/www.accountable.eu\\\/fr-be\\\/blog\\\/droits-dauteur-independants-belges\\\/\",\"url\":\"https:\\\/\\\/www.accountable.eu\\\/fr-be\\\/blog\\\/droits-dauteur-independants-belges\\\/\",\"name\":\"Les droits d\u2019auteur pour ind\u00e9pendants en personne physique - Accountable\",\"isPartOf\":{\"@id\":\"https:\\\/\\\/www.accountable.eu\\\/fr-be\\\/#website\"},\"primaryImageOfPage\":{\"@id\":\"https:\\\/\\\/www.accountable.eu\\\/fr-be\\\/blog\\\/droits-dauteur-independants-belges\\\/#primaryimage\"},\"image\":{\"@id\":\"https:\\\/\\\/www.accountable.eu\\\/fr-be\\\/blog\\\/droits-dauteur-independants-belges\\\/#primaryimage\"},\"thumbnailUrl\":\"https:\\\/\\\/www.accountable.eu\\\/wp-content\\\/uploads\\\/2021\\\/02\\\/Slice-5-1.png\",\"datePublished\":\"2021-02-16T12:34:19+00:00\",\"dateModified\":\"2026-03-19T14:41:28+00:00\",\"description\":\"Est-ce que vous avez droit \u00e0 une r\u00e9mun\u00e9ration pour droits d'auteur ? Comment les facturer ? Et comment sont-ils impos\u00e9s ? Lisez-le ici.\",\"breadcrumb\":{\"@id\":\"https:\\\/\\\/www.accountable.eu\\\/fr-be\\\/blog\\\/droits-dauteur-independants-belges\\\/#breadcrumb\"},\"inLanguage\":\"fr-BE\",\"potentialAction\":[{\"@type\":\"ReadAction\",\"target\":[\"https:\\\/\\\/www.accountable.eu\\\/fr-be\\\/blog\\\/droits-dauteur-independants-belges\\\/\"]}]},{\"@type\":\"ImageObject\",\"inLanguage\":\"fr-BE\",\"@id\":\"https:\\\/\\\/www.accountable.eu\\\/fr-be\\\/blog\\\/droits-dauteur-independants-belges\\\/#primaryimage\",\"url\":\"https:\\\/\\\/www.accountable.eu\\\/wp-content\\\/uploads\\\/2021\\\/02\\\/Slice-5-1.png\",\"contentUrl\":\"https:\\\/\\\/www.accountable.eu\\\/wp-content\\\/uploads\\\/2021\\\/02\\\/Slice-5-1.png\",\"width\":1029,\"height\":600},{\"@type\":\"BreadcrumbList\",\"@id\":\"https:\\\/\\\/www.accountable.eu\\\/fr-be\\\/blog\\\/droits-dauteur-independants-belges\\\/#breadcrumb\",\"itemListElement\":[{\"@type\":\"ListItem\",\"position\":1,\"name\":\"Home\",\"item\":\"https:\\\/\\\/www.accountable.eu\\\/fr-be\\\/\"},{\"@type\":\"ListItem\",\"position\":2,\"name\":\"Les droits d\u2019auteur pour ind\u00e9pendants en personne physique\"}]},{\"@type\":\"WebSite\",\"@id\":\"https:\\\/\\\/www.accountable.eu\\\/fr-be\\\/#website\",\"url\":\"https:\\\/\\\/www.accountable.eu\\\/fr-be\\\/\",\"name\":\"Accountable\",\"description\":\"Your accountant and tax advisor on your smartphone\",\"publisher\":{\"@id\":\"https:\\\/\\\/www.accountable.eu\\\/fr-be\\\/#organization\"},\"potentialAction\":[{\"@type\":\"SearchAction\",\"target\":{\"@type\":\"EntryPoint\",\"urlTemplate\":\"https:\\\/\\\/www.accountable.eu\\\/fr-be\\\/?s={search_term_string}\"},\"query-input\":{\"@type\":\"PropertyValueSpecification\",\"valueRequired\":true,\"valueName\":\"search_term_string\"}}],\"inLanguage\":\"fr-BE\"},{\"@type\":\"Organization\",\"@id\":\"https:\\\/\\\/www.accountable.eu\\\/fr-be\\\/#organization\",\"name\":\"Accountable\",\"url\":\"https:\\\/\\\/www.accountable.eu\\\/fr-be\\\/\",\"logo\":{\"@type\":\"ImageObject\",\"inLanguage\":\"fr-BE\",\"@id\":\"https:\\\/\\\/www.accountable.eu\\\/fr-be\\\/#\\\/schema\\\/logo\\\/image\\\/\",\"url\":\"https:\\\/\\\/www.accountable.eu\\\/wp-content\\\/uploads\\\/2026\\\/04\\\/logo-512.png\",\"contentUrl\":\"https:\\\/\\\/www.accountable.eu\\\/wp-content\\\/uploads\\\/2026\\\/04\\\/logo-512.png\",\"width\":512,\"height\":512,\"caption\":\"Accountable\"},\"image\":{\"@id\":\"https:\\\/\\\/www.accountable.eu\\\/fr-be\\\/#\\\/schema\\\/logo\\\/image\\\/\"}},{\"@type\":\"Person\",\"@id\":\"https:\\\/\\\/www.accountable.eu\\\/fr-be\\\/#\\\/schema\\\/person\\\/c6f1ecb21f5b649c8e4cea51b9d7b386\",\"name\":\"Nicolas Quarr\u00e9\",\"image\":{\"@type\":\"ImageObject\",\"inLanguage\":\"fr-BE\",\"@id\":\"https:\\\/\\\/secure.gravatar.com\\\/avatar\\\/a2133044cd2415efec360988b0f1f2b4b767c3864620ae6408e3c0ae359a6bdb?s=96&d=mm&r=g\",\"url\":\"https:\\\/\\\/secure.gravatar.com\\\/avatar\\\/a2133044cd2415efec360988b0f1f2b4b767c3864620ae6408e3c0ae359a6bdb?s=96&d=mm&r=g\",\"contentUrl\":\"https:\\\/\\\/secure.gravatar.com\\\/avatar\\\/a2133044cd2415efec360988b0f1f2b4b767c3864620ae6408e3c0ae359a6bdb?s=96&d=mm&r=g\",\"caption\":\"Nicolas Quarr\u00e9\"}}]}<\/script>\n<!-- \/ Yoast SEO plugin. -->","yoast_head_json":{"title":"Les droits d\u2019auteur pour ind\u00e9pendants en personne physique - Accountable","description":"Est-ce que vous avez droit \u00e0 une r\u00e9mun\u00e9ration pour droits d'auteur ? Comment les facturer ? Et comment sont-ils impos\u00e9s ? Lisez-le ici.","robots":{"index":"index","follow":"follow","max-snippet":"max-snippet:-1","max-image-preview":"max-image-preview:large","max-video-preview":"max-video-preview:-1"},"canonical":"https:\/\/www.accountable.eu\/fr-be\/blog\/droits-dauteur-independants-belges\/","og_locale":"fr_FR","og_type":"article","og_title":"Les droits d\u2019auteur pour ind\u00e9pendants en personne physique - Accountable","og_description":"Est-ce que vous avez droit \u00e0 une r\u00e9mun\u00e9ration pour droits d'auteur ? Comment les facturer ? Et comment sont-ils impos\u00e9s ? Lisez-le ici.","og_url":"https:\/\/www.accountable.eu\/fr-be\/blog\/droits-dauteur-independants-belges\/","og_site_name":"Accountable","article_published_time":"2021-02-16T12:34:19+00:00","article_modified_time":"2026-03-19T14:41:28+00:00","og_image":[{"width":1029,"height":600,"url":"https:\/\/www.accountable.eu\/wp-content\/uploads\/2021\/02\/Slice-5-1.png","type":"image\/png"}],"author":"Nicolas Quarr\u00e9","twitter_card":"summary_large_image","twitter_misc":{"\u00c9crit par":"Nicolas Quarr\u00e9","Dur\u00e9e de lecture est.":"6 minutes"},"schema":{"@context":"https:\/\/schema.org","@graph":[{"@type":"Article","@id":"https:\/\/www.accountable.eu\/fr-be\/blog\/droits-dauteur-independants-belges\/#article","isPartOf":{"@id":"https:\/\/www.accountable.eu\/fr-be\/blog\/droits-dauteur-independants-belges\/"},"author":{"name":"Nicolas Quarr\u00e9","@id":"https:\/\/www.accountable.eu\/fr-be\/#\/schema\/person\/c6f1ecb21f5b649c8e4cea51b9d7b386"},"headline":"Les droits d\u2019auteur pour ind\u00e9pendants en personne physique","datePublished":"2021-02-16T12:34:19+00:00","dateModified":"2026-03-19T14:41:28+00:00","mainEntityOfPage":{"@id":"https:\/\/www.accountable.eu\/fr-be\/blog\/droits-dauteur-independants-belges\/"},"wordCount":1468,"commentCount":0,"publisher":{"@id":"https:\/\/www.accountable.eu\/fr-be\/#organization"},"image":{"@id":"https:\/\/www.accountable.eu\/fr-be\/blog\/droits-dauteur-independants-belges\/#primaryimage"},"thumbnailUrl":"https:\/\/www.accountable.eu\/wp-content\/uploads\/2021\/02\/Slice-5-1.png","keywords":["Imp\u00f4ts","Ind\u00e9pendant \u00e0 titre principal"],"articleSection":["Facturer vos clients","Informations pratiques","Optimisation fiscale","Prenez le contr\u00f4le de vos imp\u00f4ts"],"inLanguage":"fr-BE","potentialAction":[{"@type":"CommentAction","name":"Comment","target":["https:\/\/www.accountable.eu\/fr-be\/blog\/droits-dauteur-independants-belges\/#respond"]}]},{"@type":"WebPage","@id":"https:\/\/www.accountable.eu\/fr-be\/blog\/droits-dauteur-independants-belges\/","url":"https:\/\/www.accountable.eu\/fr-be\/blog\/droits-dauteur-independants-belges\/","name":"Les droits d\u2019auteur pour ind\u00e9pendants en personne physique - Accountable","isPartOf":{"@id":"https:\/\/www.accountable.eu\/fr-be\/#website"},"primaryImageOfPage":{"@id":"https:\/\/www.accountable.eu\/fr-be\/blog\/droits-dauteur-independants-belges\/#primaryimage"},"image":{"@id":"https:\/\/www.accountable.eu\/fr-be\/blog\/droits-dauteur-independants-belges\/#primaryimage"},"thumbnailUrl":"https:\/\/www.accountable.eu\/wp-content\/uploads\/2021\/02\/Slice-5-1.png","datePublished":"2021-02-16T12:34:19+00:00","dateModified":"2026-03-19T14:41:28+00:00","description":"Est-ce que vous avez droit \u00e0 une r\u00e9mun\u00e9ration pour droits d'auteur ? Comment les facturer ? Et comment sont-ils impos\u00e9s ? Lisez-le ici.","breadcrumb":{"@id":"https:\/\/www.accountable.eu\/fr-be\/blog\/droits-dauteur-independants-belges\/#breadcrumb"},"inLanguage":"fr-BE","potentialAction":[{"@type":"ReadAction","target":["https:\/\/www.accountable.eu\/fr-be\/blog\/droits-dauteur-independants-belges\/"]}]},{"@type":"ImageObject","inLanguage":"fr-BE","@id":"https:\/\/www.accountable.eu\/fr-be\/blog\/droits-dauteur-independants-belges\/#primaryimage","url":"https:\/\/www.accountable.eu\/wp-content\/uploads\/2021\/02\/Slice-5-1.png","contentUrl":"https:\/\/www.accountable.eu\/wp-content\/uploads\/2021\/02\/Slice-5-1.png","width":1029,"height":600},{"@type":"BreadcrumbList","@id":"https:\/\/www.accountable.eu\/fr-be\/blog\/droits-dauteur-independants-belges\/#breadcrumb","itemListElement":[{"@type":"ListItem","position":1,"name":"Home","item":"https:\/\/www.accountable.eu\/fr-be\/"},{"@type":"ListItem","position":2,"name":"Les droits d\u2019auteur pour ind\u00e9pendants en personne physique"}]},{"@type":"WebSite","@id":"https:\/\/www.accountable.eu\/fr-be\/#website","url":"https:\/\/www.accountable.eu\/fr-be\/","name":"Accountable","description":"Your accountant and tax advisor on your smartphone","publisher":{"@id":"https:\/\/www.accountable.eu\/fr-be\/#organization"},"potentialAction":[{"@type":"SearchAction","target":{"@type":"EntryPoint","urlTemplate":"https:\/\/www.accountable.eu\/fr-be\/?s={search_term_string}"},"query-input":{"@type":"PropertyValueSpecification","valueRequired":true,"valueName":"search_term_string"}}],"inLanguage":"fr-BE"},{"@type":"Organization","@id":"https:\/\/www.accountable.eu\/fr-be\/#organization","name":"Accountable","url":"https:\/\/www.accountable.eu\/fr-be\/","logo":{"@type":"ImageObject","inLanguage":"fr-BE","@id":"https:\/\/www.accountable.eu\/fr-be\/#\/schema\/logo\/image\/","url":"https:\/\/www.accountable.eu\/wp-content\/uploads\/2026\/04\/logo-512.png","contentUrl":"https:\/\/www.accountable.eu\/wp-content\/uploads\/2026\/04\/logo-512.png","width":512,"height":512,"caption":"Accountable"},"image":{"@id":"https:\/\/www.accountable.eu\/fr-be\/#\/schema\/logo\/image\/"}},{"@type":"Person","@id":"https:\/\/www.accountable.eu\/fr-be\/#\/schema\/person\/c6f1ecb21f5b649c8e4cea51b9d7b386","name":"Nicolas Quarr\u00e9","image":{"@type":"ImageObject","inLanguage":"fr-BE","@id":"https:\/\/secure.gravatar.com\/avatar\/a2133044cd2415efec360988b0f1f2b4b767c3864620ae6408e3c0ae359a6bdb?s=96&d=mm&r=g","url":"https:\/\/secure.gravatar.com\/avatar\/a2133044cd2415efec360988b0f1f2b4b767c3864620ae6408e3c0ae359a6bdb?s=96&d=mm&r=g","contentUrl":"https:\/\/secure.gravatar.com\/avatar\/a2133044cd2415efec360988b0f1f2b4b767c3864620ae6408e3c0ae359a6bdb?s=96&d=mm&r=g","caption":"Nicolas Quarr\u00e9"}}]}},"_links":{"self":[{"href":"https:\/\/www.accountable.eu\/fr-be\/wp-json\/wp\/v2\/posts\/13252","targetHints":{"allow":["GET"]}}],"collection":[{"href":"https:\/\/www.accountable.eu\/fr-be\/wp-json\/wp\/v2\/posts"}],"about":[{"href":"https:\/\/www.accountable.eu\/fr-be\/wp-json\/wp\/v2\/types\/post"}],"author":[{"embeddable":true,"href":"https:\/\/www.accountable.eu\/fr-be\/wp-json\/wp\/v2\/users\/3"}],"replies":[{"embeddable":true,"href":"https:\/\/www.accountable.eu\/fr-be\/wp-json\/wp\/v2\/comments?post=13252"}],"version-history":[{"count":4,"href":"https:\/\/www.accountable.eu\/fr-be\/wp-json\/wp\/v2\/posts\/13252\/revisions"}],"predecessor-version":[{"id":22027,"href":"https:\/\/www.accountable.eu\/fr-be\/wp-json\/wp\/v2\/posts\/13252\/revisions\/22027"}],"wp:featuredmedia":[{"embeddable":true,"href":"https:\/\/www.accountable.eu\/fr-be\/wp-json\/wp\/v2\/media\/2423"}],"wp:attachment":[{"href":"https:\/\/www.accountable.eu\/fr-be\/wp-json\/wp\/v2\/media?parent=13252"}],"wp:term":[{"taxonomy":"category","embeddable":true,"href":"https:\/\/www.accountable.eu\/fr-be\/wp-json\/wp\/v2\/categories?post=13252"},{"taxonomy":"post_tag","embeddable":true,"href":"https:\/\/www.accountable.eu\/fr-be\/wp-json\/wp\/v2\/tags?post=13252"}],"curies":[{"name":"wp","href":"https:\/\/api.w.org\/{rel}","templated":true}]}}