{"id":13449,"date":"2019-01-09T17:17:17","date_gmt":"2019-01-09T16:17:17","guid":{"rendered":"https:\/\/prod-migration-second.local\/?p=13449"},"modified":"2025-03-21T11:20:19","modified_gmt":"2025-03-21T10:20:19","slug":"tva-belgique","status":"publish","type":"post","link":"https:\/\/www.accountable.eu\/fr-be\/blog\/tva-belgique\/","title":{"rendered":"La TVA : qu&rsquo;est-ce que c&rsquo;est ?"},"content":{"rendered":"\n<p class=\"font-inter text-base leading-relaxed mb-4 first-of-type:mt-0 text-black\"><strong><strong>Vous venez de d\u00e9marrer en tant qu&rsquo;ind\u00e9pendant ou vous voulez cr\u00e9er votre  entreprise ?<\/strong> <strong>Dans ce cas, vous allez tr\u00e8s vite \u00eatre confront\u00e9 \u00e0 la TVA.<\/strong> <strong>Peut-\u00eatre vous \u00eates-vous d\u00e9j\u00e0 pos\u00e9 ces questions :<\/strong> <strong>\u00ab\u00a0Qu&rsquo;est-ce que la TVA ?\u00a0\u00bb, \u00ab\u00a0Suis-je assujetti \u00e0 la TVA ?\u00a0\u00bb, \u00ab\u00a0Ai-je besoin d&rsquo;un num\u00e9ro de TVA ?\u00a0\u00bb ou \u00ab\u00a0Comment dois-je envoyer mes d\u00e9clarations \u00e0 la TVA<\/strong>\u00a0\u00bb <strong> ?<\/strong> Cet article r\u00e9pone \u00e0 t<strong>outes vos questions sur la TVA.<\/strong><\/strong><\/p>\n\n\n\n<h2 class=\"wp-block-heading font-degular scroll-mt-32\" id=\"Qu-est-ce-que-la-TVA\">Qu&rsquo;est-ce que la TVA ?<\/h2>\n\n\n\n<p class=\"font-inter text-base leading-relaxed mb-4 first-of-type:mt-0 text-black\">Voici la d\u00e9finition officielle de la TVA en Belgique : \u00ab\u00a0La TVA est un imp\u00f4t sur les biens et services qui est support\u00e9, en d\u00e9finitive, par le consommateur final et qui est per\u00e7u par le Tr\u00e9sor de mani\u00e8re fractionn\u00e9e, \u00e0 savoir \u00e0 chaque transaction dans le processus de production et de distribution.\u00a0\u00bb<\/p>\n\n\n\n<p class=\"font-inter text-base leading-relaxed mb-4 first-of-type:mt-0 text-black\">Plus simplement dit, la TVA est une &lsquo;taxe sur la valeur ajout\u00e9e&rsquo; qu&rsquo;un consommateur paie sur pratiquement tout les produits et services qu&rsquo;il ach\u00e8te. En tant qu\u2019ind\u00e9pendant, vous allez percevoir cette taxe aupr\u00e8s de vos clients, le consommateur, en appliquant un taux de TVA sur le montant que vous leur facturez. <\/p>\n\n\n\n<p class=\"font-inter text-base leading-relaxed mb-4 first-of-type:mt-0 text-black\">Le taux de TVA que vous appliquez \u00e0 vos factures d\u00e9pend du bien ou du service que vous vendez. <strong>En g\u00e9n\u00e9ral, il est de 21 %, mais il peut s&rsquo;\u00e9lever aussi \u00e0 6 % ou 12 %<\/strong>. <a class=\"font-inter text-purple underline underline-offset-1\" href=\"https:\/\/www.accountable.eu\/fr-be\/blog\/taux-tva-belgique\/\">Pour savoir quel taux de TVA appliquer dans votre cas, lisez cet article.<\/a><\/p>\n\n\n\n<p class=\"font-inter text-base leading-relaxed mb-4 first-of-type:mt-0 text-black\">En fin de trimestre, vous reversez \u00e0 l&rsquo;Etat la TVA collect\u00e9e aupr\u00e8s de vos diff\u00e9rents clients. Vous agissez donc comme un interm\u00e9diaire entre l\u2019\u00c9tat et le consommateur.<\/p>\n\n\n\n<p class=\"font-inter text-base leading-relaxed mb-4 first-of-type:mt-0 text-black\">Evidemment, vous aussi, vous effectuez des achats pour votre activit\u00e9 professionnelle. Dans ces cas, c&rsquo;est vous le consommateur et vous qui payez la TVA. La bonne nouvelle, c&rsquo;est que vous pouvez d\u00e9duire cette TVA. C&rsquo;est \u00e0 cela que sert votre d\u00e9claration trimestrielle \u00e0 la TVA : \u00e0 d\u00e9terminer combien de TVA vous devez payer ou r\u00e9cup\u00e9rer, en fonction de vos achats et de vos ventes. <\/p>\n\n\n\n<h2 class=\"wp-block-heading font-degular scroll-mt-32\" id=\"Qui-doit-demander-un-num\u00e9ro-de-TVA\">Qui est assujetti \u00e0 la TVA ?<\/h2>\n\n\n\n<p class=\"font-inter text-base leading-relaxed mb-4 first-of-type:mt-0 text-black\"><strong>En principe, tout ind\u00e9pendant belge est assujetti \u00e0 la TVA, donc vous aussi.<\/strong><\/p>\n\n\n\n<p class=\"font-inter text-base leading-relaxed mb-4 first-of-type:mt-0 text-black\">Il y a quelques exceptions. <strong><a class=\"font-inter text-purple underline underline-offset-1\" href=\"https:\/\/finances.belgium.be\/fr\/entreprises\/tva\/assujettissement-tva\/assujettissement\">Certains ind\u00e9pendants ne doivent pas s&rsquo;affilier \u00e0 la TVA<\/a> et ont donc seulement un num\u00e9ro d&rsquo;entreprise : leurs activit\u00e9s sont exon\u00e9r\u00e9es de la TVA. <\/strong>Les ind\u00e9pendants de ce secteur n&rsquo;imputent donc pas de TVA \u00e0 leurs clients.<br><strong><br><\/strong>Ces activit\u00e9s se retrouvent principalement dans les secteurs des soins \u00e0 la personne, socio-culturels, financier et des assurances : m\u00e9decins, kin\u00e9sith\u00e9rapeutes, infirmiers lib\u00e9raux, logop\u00e8des, les soins aux personnes, certaines activit\u00e9s d&rsquo;\u00e9ducation et de formation&#8230;etc. <\/p>\n\n\n\n<p class=\"font-inter text-base leading-relaxed mb-4 first-of-type:mt-0 text-black\">Tous les autres ind\u00e9pendants s&rsquo;enregistrent \u00e0 la TVA lorsqu&rsquo;ils deviennent ind\u00e9pendants. <strong>On obtient son num\u00e9ro de TVA apr\u00e8s son inscription officielle \u00e0 la Banque-Carrefour des Entreprises (BCE).<\/strong><\/p>\n\n\n\n<p class=\"font-inter text-base leading-relaxed mb-4 first-of-type:mt-0 text-black\">\ud83d\udca1<strong>Astuce Accountable<\/strong> : Saviez-vous que vous pouvez demander votre num\u00e9ro de TVA en quelques minutes avec Accountable et Liantis ? <strong><u><a class=\"font-inter text-purple underline underline-offset-1\" href=\"https:\/\/www.accountable.eu\/fr-be\/obtenir-votre-numero-de-tva\/\">Devenez ind\u00e9pendant d\u00e8s aujourd&rsquo;hui, en remplissant ce formulaire.<\/a> <\/u><\/strong>Liantis vous recontactera.<\/p>\n\n\n\n<h3 class=\"wp-block-heading font-degular scroll-mt-32\" id=\"r\u00e9gime-de-la-franchise-TVA\">Le r\u00e9gime de franchise de la TVA<\/h3>\n\n\n\n<p class=\"text-left font-inter text-base leading-relaxed mb-4 first-of-type:mt-0 text-black\"><strong>Si votre chiffre d&rsquo;affaires annuel est en-dessous de 25.000 \u20ac et que vous \u00eates assujetti \u00e0 la TVA, vous pouvez opter pour le r\u00e9gime de franchise de la TVA pour les petites entreprises.<\/strong><\/p>\n\n\n\n<p class=\"font-inter text-base leading-relaxed mb-4 first-of-type:mt-0 text-black\">Dans ce cas, vous :<\/p>\n\n\n\n<ul class=\"wp-block-list list-disc list-outside ml-0 mb-4 space-y-2\">\n<li class=\"font-inter text-base text-black\">ne d\u00e9posez pas de d\u00e9clarations \u00e0 la TVA<\/li>\n\n\n\n<li class=\"font-inter text-base text-black\">ne facturez pas la TVA \u00e0 vos clients <\/li>\n\n\n\n<li class=\"font-inter text-base text-black\">ne r\u00e9cup\u00e9rez pas la TVA sur vos achats professionnels<\/li>\n<\/ul>\n\n\n\n<p class=\"font-inter text-base leading-relaxed mb-4 first-of-type:mt-0 text-black\">Vous vous lancez en tant qu&rsquo;ind\u00e9pendant compl\u00e9mentaire et vous pensez que votre chiffre d&rsquo;affaires ne va pas d\u00e9passer 25.000 \u20ac  ? Demandez la franchise TVA \u00e0 votre guichet d&rsquo;entreprise ou directement aupr\u00e8s de votre service TVA.<\/p>\n\n\n\n<p class=\"font-inter text-base leading-relaxed mb-4 first-of-type:mt-0 text-black\">\ud83d\udca1&nbsp;Vous vous demandez si la franchise TVA est le statut qui vons convient  ? Lisez-en plus ici sur la<a class=\"font-inter text-purple underline underline-offset-1\" href=\"https:\/\/www.accountable.eu\/fr-be\/blog\/franchise-tva\/\"><strong> franchise TVA pour les petites entreprises.<\/strong><\/a><\/p>\n\n\n\n<h3 class=\"wp-block-heading font-degular scroll-mt-32\" id=\"mentions-tva-belgique\">Assujettissement mixte \u00e0 la TVA<\/h3>\n\n\n\n<p class=\"font-inter text-base leading-relaxed mb-4 first-of-type:mt-0 text-black\"><strong>Vous exercez \u00e0 la fois des activit\u00e9s soumises \u00e0 la TVA et des activit\u00e9s exon\u00e9r\u00e9es de la TVA en tant qu&rsquo;ind\u00e9pendant ? Dans ce cas, vous tombez sous l&rsquo;assujettissement mixte \u00e0 la TVA.<\/strong> Qu&rsquo;est-ce que cela implique ? Que vous ne facturez la TVA que pour votre activit\u00e9 soumise \u00e0 la TVA. La droit \u00e0 la d\u00e9duction de la TVA est l\u00e9g\u00e8rement diff\u00e9rent pour les assujettis mixtes \u00e0 la TVA.<\/p>\n\n\n\n<p class=\"font-inter text-base leading-relaxed mb-4 first-of-type:mt-0 text-black\">Prenons l&rsquo;exemple d&rsquo;un nutritionniste ind\u00e9pendant qui ne facture pas la TVA sur les consultations qu&rsquo;il propose \u00e0 ses clients. Ce m\u00eame nutritionniste publie un livre sur l&rsquo;alimentation saine et le vend. Il va devoir facturer 6 % de TVA sur le livre. Dans ce cas, ce nutritionniste ind\u00e9pendant est assujetti mixte \u00e0 la TVA.<\/p>\n\n\n\n<p class=\"font-inter text-base leading-relaxed mb-4 first-of-type:mt-0 text-black\">\ud83d\udca1<a class=\"font-inter text-purple underline underline-offset-1\" href=\"https:\/\/www.accountable.eu\/fr-be\/blog\/assujettissement-mixte-tva\/\">Lisez-en plus ici sur l&rsquo;assujettissement mixte \u00e0 la TVA<\/a>.<\/p>\n\n\n\n<h2 id=\"listing-de-clients-ou-listing-tva\" class=\"wp-block-heading font-degular scroll-mt-32\">Listing de clients ou listing TVA<\/h2>\n\n\n\n<p class=\"font-inter text-base leading-relaxed mb-4 first-of-type:mt-0 text-black\">Chaque ann\u00e9e, au mois de mars, il est temps d&rsquo;\u00e9tablir un listing de vos clients ou listing TVA. Il s&rsquo;agit d&rsquo;une liste de tous vos clients professionnels en Belgique auxquels vous avez factur\u00e9 un minimum de 250 \u20ac au cours de l&rsquo;ann\u00e9e \u00e9coul\u00e9e.<\/p>\n\n\n\n<p class=\"font-inter text-base leading-relaxed mb-4 first-of-type:mt-0 text-black\">\u26a0\ufe0f <strong>Attention, le listing annuel des clients est obligatoire m\u00eame pour les petites entreprises qui b\u00e9n\u00e9ficient de la franchise TVA.<\/strong><\/p>\n\n\n\n<p class=\"font-inter text-base leading-relaxed mb-4 first-of-type:mt-0 text-black\">Ce listing de clients se soumet via Intervat. Vous utilisez Accountable ? Nous vous rappelons l&rsquo;\u00e9ch\u00e9ance et pr\u00e9parons et soumettons ensemble le listing des clients.<\/p>\n\n\n\n<p class=\"font-inter text-base leading-relaxed mb-4 first-of-type:mt-0 text-black\">\ud83d\udca1<strong><a class=\"font-inter text-purple underline underline-offset-1\" href=\"https:\/\/www.accountable.eu\/fr-be\/blog\/listing-clients\/\">Lisez-en plus ici sur le listing annuel des clients et comment le soumettre<\/a>.<\/strong><\/p>\n\n\n\n<h2 id=\"auto-liquidation-de-la-tva\" class=\"wp-block-heading font-degular scroll-mt-32\">Auto-liquidation de la TVA<\/h2>\n\n\n\n<p class=\"font-inter text-base leading-relaxed mb-4 first-of-type:mt-0 text-black\">Pour les clients belges, c&rsquo;est simple : si vous \u00eates assujetti \u00e0 la TVA, vous facturez 6, 12 ou 21 % de TVA.<\/p>\n\n\n\n<p class=\"font-inter text-base leading-relaxed mb-4 first-of-type:mt-0 text-black\">Pour les clients d&rsquo;autres pays, les r\u00e8gles sont diff\u00e9rentes. <strong>Dans ce cas, la TVA est transf\u00e9r\u00e9e dans le pays de votre client.<\/strong> <strong>Le client doit alors d\u00e9clarer et payer la TVA dans son propre pays.<\/strong><\/p>\n\n\n\n<p class=\"font-inter text-base leading-relaxed mb-4 first-of-type:mt-0 text-black\">\ud83d\udca1 Vous travaillez r\u00e9guli\u00e8rement avec des clients \u00e0 l&rsquo;\u00e9tranger ? <a class=\"font-inter text-purple underline underline-offset-1\" href=\"https:\/\/www.accountable.eu\/fr-be\/blog\/autoliquidation\/\">Alors ne manquez pas cet article sur le m\u00e9canisme d&rsquo;autoliquidation de la TVA <\/a>pour facturer correctement.<\/p>\n\n\n\n<p class=\"font-inter text-base leading-relaxed mb-4 first-of-type:mt-0 text-black\">Vous appliquez le taux de TVA qui correspond au bien ou service que vous vendez. Le taux par d\u00e9faut est de 21%.<\/p>\n\n\n\n<p class=\"font-inter text-base leading-relaxed mb-4 first-of-type:mt-0 text-black\">Dans certains cas, la TVA est de 0% : la facture doit alors comporter une mention obligatoire.<\/p>\n\n\n\n<p class=\"font-inter text-base leading-relaxed mb-4 first-of-type:mt-0 text-black\">Si la TVA est de 0% parce que vous \u00eates assujetti au r\u00e9gime de la franchise TVA, votre facture comporte la mention obligatoire suivante :<\/p>\n\n\n\n<p class=\"font-inter text-base leading-relaxed mb-4 first-of-type:mt-0 text-black\">\u00ab R\u00e9gime particulier de franchise des petites entreprises \u2013 TVA non applicable \u00bb<\/p>\n\n\n\n<p class=\"font-inter text-base leading-relaxed mb-4 first-of-type:mt-0 text-black\">Si la TVA est de 0% parce qu&rsquo;il s&rsquo;agit d&rsquo;autoliquidation, votre facture comporte la mention obligatoire suivante :<\/p>\n\n\n\n<p class=\"font-inter text-base leading-relaxed mb-4 first-of-type:mt-0 text-black\">\u00ab Autoliquidation \u2013 article 196 de la Directive TVA 2006\/112\/CE \u00bb (prestation de services)<br>ou<br>\u00ab Autoliquidation \u2013 article 138 par.1 de la directive TVA 2006\/112\/CE \u00bb. (livraison de biens)<\/p>\n\n\n\n<p class=\"font-inter text-base leading-relaxed mb-4 first-of-type:mt-0 text-black\">Si l&rsquo;activit\u00e9 reprise sur la facture est exon\u00e9r\u00e9e de TVA, la facture porte alors la mention suivante :<\/p>\n\n\n\n<p class=\"font-inter text-base leading-relaxed mb-4 first-of-type:mt-0 text-black\">\u00ab Exon\u00e9ration de TVA suivant l\u2019article 44 du code TVA belge \u00bb<\/p>\n\n\n\n<p class=\"font-inter text-base leading-relaxed mb-4 first-of-type:mt-0 text-black\">Vous devez toujours justifier l&rsquo;absence de TVA sur votre facture. Si vous cr\u00e9ez votre facture avec Accountable, les mentions l\u00e9gales obligatoires apparaissent automatiquement.<\/p>\n\n\n\n<p class=\"font-inter text-base leading-relaxed mb-4 first-of-type:mt-0 text-black\">Vous pouvez en lire davantage sur l&rsquo;art et la mani\u00e8re de faire des factures parfaites<a class=\"font-inter text-purple underline underline-offset-1\" href=\"https:\/\/www.accountable.eu\/fr-be\/blog\/faire-facture\/\"> ici<\/a>.<\/p>\n\n\n\n<h2 class=\"wp-block-heading font-degular scroll-mt-32\" id=\"faire-soi-m\u00eame-sa-declaration-tva\">Comment d\u00e9poser sa d\u00e9claration \u00e0 la TVA ?<\/h2>\n\n\n\n<p class=\"font-inter text-base leading-relaxed mb-4 first-of-type:mt-0 text-black\">En tant qu&rsquo;ind\u00e9pendant, vous devez d\u00e9poser votre d\u00e9claration \u00e0 la TVA \u00e0 des moments pr\u00e9cis. <strong>Pour la plupart des ind\u00e9pendants, c&rsquo;est \u00e0 la fin de chaque trimestre.<\/strong> <strong>La d\u00e9claration et le paiement de la TVA s&rsquo;effectuent donc en avril, juillet, octobre et janvier.<\/strong><\/p>\n\n\n\n<p class=\"font-inter text-base leading-relaxed mb-4 first-of-type:mt-0 text-black\">Pour un chiffre d&rsquo;affaires annuel sup\u00e9rieur \u00e0 2.500.000 \u20ac, la d\u00e9claration et le paiement de la TVA sont mensuels.<\/p>\n\n\n\n<p class=\"font-inter text-base leading-relaxed mb-4 first-of-type:mt-0 text-black\">Dans la d\u00e9claration \u00e0 la TVA, vous indiquez le montant de la TVA que vous avez collect\u00e9e et le montant de la TVA que vous avez pay\u00e9e sur vos d\u00e9penses professionnelles. Vous payez ensuite la diff\u00e9rence \u00e0 l&rsquo;\u00c9tat ou, si vous avez pay\u00e9 plus de TVA que vous n&rsquo;en avez re\u00e7u, vous obtenez un remboursement.<\/p>\n\n\n\n<p class=\"font-inter text-base leading-relaxed mb-4 first-of-type:mt-0 text-black\">Vous pouvez tout \u00e0 fait soumettre vous-m\u00eame votre d\u00e9claration \u00e0 la TVA via la plateforme en ligne Intervat. Ce n&rsquo;est pas si compliqu\u00e9, si on a les bons outils et ressources. <a class=\"font-inter text-purple underline underline-offset-1\" href=\"https:\/\/www.accountable.eu\/fr-be\/blog\/comment-faire-la-declaration-tva\/\">On vous explique toutes les \u00e9tapes ici.<\/a><\/p>\n\n\n\n<p class=\"font-inter text-base leading-relaxed mb-4 first-of-type:mt-0 text-black\">Vous avez un comptable ? Convenez avec lui qui d\u00e9pose les d\u00e9clarations \u00e0 la TVA pour vous.<\/p>\n\n\n\n<figure class=\"wp-block-embed is-type-video is-provider-youtube wp-block-embed-youtube wp-embed-aspect-16-9 wp-has-aspect-ratio m-0 p-0\"><div class=\"wp-block-embed__wrapper relative w-full aspect-video mb-6\">\n<iframe loading=\"lazy\" class=\"absolute top-0 left-0 w-full h-full\" title=\"La TVA, qu\u2019est-ce que c\u2019est ?  | Comment fonctionne-t-elle pour les ind\u00e9pendants ?\" width=\"500\" height=\"281\" src=\"https:\/\/www.youtube.com\/embed\/-bCh3YTfKzg?feature=oembed&#038;enablejsapi=1&#038;origin=https:\/\/www.accountable.eu\" frameborder=\"0\" allow=\"accelerometer; autoplay; clipboard-write; encrypted-media; gyroscope; picture-in-picture; web-share\" referrerpolicy=\"strict-origin-when-cross-origin\" allowfullscreen><\/iframe>\n<\/div><\/figure>\n\n\n\n<h2 id=\"quelques-conseils\" class=\"wp-block-heading font-degular scroll-mt-32\">Quelques conseils<\/h2>\n\n\n\n<ul class=\"wp-block-list list-disc list-outside ml-0 mb-4 space-y-2\">\n<li class=\"font-inter text-base text-black\"><strong>Indiquez toujours la TVA s\u00e9par\u00e9ment sur votre facture.<\/strong> C&rsquo;est obligatoire, mais aussi beaucoup plus simple pour la clart\u00e9 de votre comptabilit\u00e9.<\/li>\n\n\n\n<li class=\"font-inter text-base text-black\"><strong>Notez bien vos d\u00e9penses.<\/strong> Car vous pouvez r\u00e9cup\u00e9rer la TVA que vous payez sur vos achats professionnels. Par contre, pensez bien \u00e0 conserver les pi\u00e8ces justificatives, comme les re\u00e7us et les factures.<\/li>\n\n\n\n<li class=\"font-inter text-base text-black\"><strong>Faites-vous assister par un outil.<\/strong> Une application comme Accountable calcule automatiquement la TVA sur vos factures et g\u00e9n\u00e8re m\u00eame votre d\u00e9claration \u00e0 la TVA en un clic. Pratique !<\/li>\n\n\n\n<li class=\"font-inter text-base text-black\"><strong>Mettez de l&rsquo;argent de c\u00f4t\u00e9.<\/strong> La TVA que vous recevez de vos clients ne vous appartient pas. Mettez ce montant de c\u00f4t\u00e9 pour \u00e9viter les surprises financi\u00e8res.<\/li>\n<\/ul>\n\n\n\n<h2 id=\"avec-accountable-la-tva-devient-un-jeu-denfant\" class=\"wp-block-heading font-degular scroll-mt-32\">Avec Accountable, la TVA devient un jeu d&rsquo;enfant<\/h2>\n\n\n\n<p class=\"font-inter text-base leading-relaxed mb-4 first-of-type:mt-0 text-black\">Gr\u00e2ce au logiciel comptable et fiscal d&rsquo;Accountable, vous cr\u00e9ez des factures 100 % correctes en moins de 2 minutes. Aucun risque d&rsquo;erreur de calcul, car Accountable calcule lui-m\u00eame le montant de la TVA sur la facture.<\/p>\n\n\n\n<p class=\"font-inter text-base leading-relaxed mb-4 first-of-type:mt-0 text-black\">Il suffit de scanner ou t\u00e9l\u00e9charger tous vos revenus et d\u00e9penses dans l&rsquo;application et Accountable pr\u00e9parera votre d\u00e9claration de TVA pour vous. C&rsquo;est aussi simple que cela.<\/p>\n\n\n\n<p class=\"font-inter text-base leading-relaxed mb-4 first-of-type:mt-0 text-black\"><a class=\"font-inter text-purple underline underline-offset-1\" href=\"https:\/\/web.accountable.eu\/signup\"><strong>Essayez Accountable gratuitement pendant 14 jours.<\/strong><\/a> \u2728<\/p>\n","protected":false},"excerpt":{"rendered":"<p>Vous venez de d\u00e9marrer en tant qu&rsquo;ind\u00e9pendant ou vous voulez cr\u00e9er votre entreprise ? Dans ce cas, vous allez tr\u00e8s vite \u00eatre confront\u00e9 \u00e0 la TVA. Peut-\u00eatre vous \u00eates-vous d\u00e9j\u00e0 pos\u00e9 ces questions : \u00ab\u00a0Qu&rsquo;est-ce que la TVA ?\u00a0\u00bb, \u00ab\u00a0Suis-je assujetti \u00e0 la TVA ?\u00a0\u00bb, \u00ab\u00a0Ai-je besoin d&rsquo;un num\u00e9ro de TVA ?\u00a0\u00bb ou \u00ab\u00a0Comment dois-je [&hellip;]<\/p>\n","protected":false},"author":1,"featured_media":1079,"comment_status":"closed","ping_status":"closed","sticky":false,"template":"","format":"standard","meta":{"inline_featured_image":false,"footnotes":""},"categories":[284,291],"tags":[298,312,315],"class_list":["post-13449","post","type-post","status-publish","format-standard","has-post-thumbnail","hentry","category-payer-et-declarer-la-tva","category-informations-pratiques","tag-activite-complementaire","tag-independant","tag-tva"],"acf":[],"yoast_head":"<!-- This site is optimized with the Yoast SEO plugin v27.4 - https:\/\/yoast.com\/product\/yoast-seo-wordpress\/ -->\n<title>La TVA : qu&#039;est-ce que c&#039;est ? - Accountable<\/title>\n<meta name=\"description\" content=\"Tout ce qu&#039;il faut savoir sur la TVA : quel taux de TVA appliquer, comment g\u00e9rer la TVA \u00e0 l&#039;international et comment la d\u00e9clarer !\" \/>\n<meta name=\"robots\" content=\"index, follow, max-snippet:-1, max-image-preview:large, max-video-preview:-1\" \/>\n<link rel=\"canonical\" href=\"https:\/\/www.accountable.eu\/fr-be\/blog\/tva-belgique\/\" \/>\n<meta property=\"og:locale\" content=\"fr_FR\" \/>\n<meta property=\"og:type\" content=\"article\" \/>\n<meta property=\"og:title\" content=\"La TVA : qu&#039;est-ce que c&#039;est ? - Accountable\" \/>\n<meta property=\"og:description\" content=\"Tout ce qu&#039;il faut savoir sur la TVA : quel taux de TVA appliquer, comment g\u00e9rer la TVA \u00e0 l&#039;international et comment la d\u00e9clarer !\" \/>\n<meta property=\"og:url\" content=\"https:\/\/www.accountable.eu\/fr-be\/blog\/tva-belgique\/\" \/>\n<meta property=\"og:site_name\" content=\"Accountable\" \/>\n<meta property=\"article:published_time\" content=\"2019-01-09T16:17:17+00:00\" \/>\n<meta property=\"article:modified_time\" content=\"2025-03-21T10:20:19+00:00\" \/>\n<meta property=\"og:image\" content=\"https:\/\/www.accountable.eu\/wp-content\/uploads\/2019\/12\/Slice-1-16.png\" \/>\n\t<meta property=\"og:image:width\" content=\"1029\" \/>\n\t<meta property=\"og:image:height\" content=\"600\" \/>\n\t<meta property=\"og:image:type\" content=\"image\/png\" \/>\n<meta name=\"author\" content=\"Hans van Gent\" \/>\n<meta name=\"twitter:card\" content=\"summary_large_image\" \/>\n<meta name=\"twitter:label1\" content=\"\u00c9crit par\" \/>\n\t<meta name=\"twitter:data1\" content=\"Hans van Gent\" \/>\n\t<meta name=\"twitter:label2\" content=\"Dur\u00e9e de lecture est.\" \/>\n\t<meta name=\"twitter:data2\" content=\"7 minutes\" \/>\n<script type=\"application\/ld+json\" class=\"yoast-schema-graph\">{\"@context\":\"https:\\\/\\\/schema.org\",\"@graph\":[{\"@type\":\"Article\",\"@id\":\"https:\\\/\\\/www.accountable.eu\\\/fr-be\\\/blog\\\/tva-belgique\\\/#article\",\"isPartOf\":{\"@id\":\"https:\\\/\\\/www.accountable.eu\\\/fr-be\\\/blog\\\/tva-belgique\\\/\"},\"author\":{\"name\":\"Hans van Gent\",\"@id\":\"https:\\\/\\\/www.accountable.eu\\\/fr-be\\\/#\\\/schema\\\/person\\\/8d9b04a5342286364dee21d25d2efe48\"},\"headline\":\"La TVA : qu&rsquo;est-ce que c&rsquo;est ?\",\"datePublished\":\"2019-01-09T16:17:17+00:00\",\"dateModified\":\"2025-03-21T10:20:19+00:00\",\"mainEntityOfPage\":{\"@id\":\"https:\\\/\\\/www.accountable.eu\\\/fr-be\\\/blog\\\/tva-belgique\\\/\"},\"wordCount\":1603,\"publisher\":{\"@id\":\"https:\\\/\\\/www.accountable.eu\\\/fr-be\\\/#organization\"},\"image\":{\"@id\":\"https:\\\/\\\/www.accountable.eu\\\/fr-be\\\/blog\\\/tva-belgique\\\/#primaryimage\"},\"thumbnailUrl\":\"https:\\\/\\\/www.accountable.eu\\\/wp-content\\\/uploads\\\/2019\\\/12\\\/Slice-1-16.png\",\"keywords\":[\"Activit\u00e9 compl\u00e9mentaire\",\"Ind\u00e9pendant \u00e0 titre principal\",\"TVA\"],\"articleSection\":[\"D\u00e9clarer et payer la TVA\",\"Informations pratiques\"],\"inLanguage\":\"fr-BE\"},{\"@type\":\"WebPage\",\"@id\":\"https:\\\/\\\/www.accountable.eu\\\/fr-be\\\/blog\\\/tva-belgique\\\/\",\"url\":\"https:\\\/\\\/www.accountable.eu\\\/fr-be\\\/blog\\\/tva-belgique\\\/\",\"name\":\"La TVA : qu'est-ce que c'est ? - Accountable\",\"isPartOf\":{\"@id\":\"https:\\\/\\\/www.accountable.eu\\\/fr-be\\\/#website\"},\"primaryImageOfPage\":{\"@id\":\"https:\\\/\\\/www.accountable.eu\\\/fr-be\\\/blog\\\/tva-belgique\\\/#primaryimage\"},\"image\":{\"@id\":\"https:\\\/\\\/www.accountable.eu\\\/fr-be\\\/blog\\\/tva-belgique\\\/#primaryimage\"},\"thumbnailUrl\":\"https:\\\/\\\/www.accountable.eu\\\/wp-content\\\/uploads\\\/2019\\\/12\\\/Slice-1-16.png\",\"datePublished\":\"2019-01-09T16:17:17+00:00\",\"dateModified\":\"2025-03-21T10:20:19+00:00\",\"description\":\"Tout ce qu'il faut savoir sur la TVA : quel taux de TVA appliquer, comment g\u00e9rer la TVA \u00e0 l'international et comment la d\u00e9clarer !\",\"breadcrumb\":{\"@id\":\"https:\\\/\\\/www.accountable.eu\\\/fr-be\\\/blog\\\/tva-belgique\\\/#breadcrumb\"},\"inLanguage\":\"fr-BE\",\"potentialAction\":[{\"@type\":\"ReadAction\",\"target\":[\"https:\\\/\\\/www.accountable.eu\\\/fr-be\\\/blog\\\/tva-belgique\\\/\"]}]},{\"@type\":\"ImageObject\",\"inLanguage\":\"fr-BE\",\"@id\":\"https:\\\/\\\/www.accountable.eu\\\/fr-be\\\/blog\\\/tva-belgique\\\/#primaryimage\",\"url\":\"https:\\\/\\\/www.accountable.eu\\\/wp-content\\\/uploads\\\/2019\\\/12\\\/Slice-1-16.png\",\"contentUrl\":\"https:\\\/\\\/www.accountable.eu\\\/wp-content\\\/uploads\\\/2019\\\/12\\\/Slice-1-16.png\",\"width\":1029,\"height\":600},{\"@type\":\"BreadcrumbList\",\"@id\":\"https:\\\/\\\/www.accountable.eu\\\/fr-be\\\/blog\\\/tva-belgique\\\/#breadcrumb\",\"itemListElement\":[{\"@type\":\"ListItem\",\"position\":1,\"name\":\"Home\",\"item\":\"https:\\\/\\\/www.accountable.eu\\\/fr-be\\\/\"},{\"@type\":\"ListItem\",\"position\":2,\"name\":\"La TVA : qu&#8217;est-ce que c&#8217;est ?\"}]},{\"@type\":\"WebSite\",\"@id\":\"https:\\\/\\\/www.accountable.eu\\\/fr-be\\\/#website\",\"url\":\"https:\\\/\\\/www.accountable.eu\\\/fr-be\\\/\",\"name\":\"Accountable\",\"description\":\"Your accountant and tax advisor on your smartphone\",\"publisher\":{\"@id\":\"https:\\\/\\\/www.accountable.eu\\\/fr-be\\\/#organization\"},\"potentialAction\":[{\"@type\":\"SearchAction\",\"target\":{\"@type\":\"EntryPoint\",\"urlTemplate\":\"https:\\\/\\\/www.accountable.eu\\\/fr-be\\\/?s={search_term_string}\"},\"query-input\":{\"@type\":\"PropertyValueSpecification\",\"valueRequired\":true,\"valueName\":\"search_term_string\"}}],\"inLanguage\":\"fr-BE\"},{\"@type\":\"Organization\",\"@id\":\"https:\\\/\\\/www.accountable.eu\\\/fr-be\\\/#organization\",\"name\":\"Accountable\",\"url\":\"https:\\\/\\\/www.accountable.eu\\\/fr-be\\\/\",\"logo\":{\"@type\":\"ImageObject\",\"inLanguage\":\"fr-BE\",\"@id\":\"https:\\\/\\\/www.accountable.eu\\\/fr-be\\\/#\\\/schema\\\/logo\\\/image\\\/\",\"url\":\"https:\\\/\\\/www.accountable.eu\\\/wp-content\\\/uploads\\\/2026\\\/04\\\/logo-512.png\",\"contentUrl\":\"https:\\\/\\\/www.accountable.eu\\\/wp-content\\\/uploads\\\/2026\\\/04\\\/logo-512.png\",\"width\":512,\"height\":512,\"caption\":\"Accountable\"},\"image\":{\"@id\":\"https:\\\/\\\/www.accountable.eu\\\/fr-be\\\/#\\\/schema\\\/logo\\\/image\\\/\"}},{\"@type\":\"Person\",\"@id\":\"https:\\\/\\\/www.accountable.eu\\\/fr-be\\\/#\\\/schema\\\/person\\\/8d9b04a5342286364dee21d25d2efe48\",\"name\":\"Hans van Gent\",\"image\":{\"@type\":\"ImageObject\",\"inLanguage\":\"fr-BE\",\"@id\":\"https:\\\/\\\/secure.gravatar.com\\\/avatar\\\/9c90189f2e137bd7f5934ae7fec3ff469cb13aae42b64c9684ebf13fd5d321cf?s=96&d=mm&r=g\",\"url\":\"https:\\\/\\\/secure.gravatar.com\\\/avatar\\\/9c90189f2e137bd7f5934ae7fec3ff469cb13aae42b64c9684ebf13fd5d321cf?s=96&d=mm&r=g\",\"contentUrl\":\"https:\\\/\\\/secure.gravatar.com\\\/avatar\\\/9c90189f2e137bd7f5934ae7fec3ff469cb13aae42b64c9684ebf13fd5d321cf?s=96&d=mm&r=g\",\"caption\":\"Hans van Gent\"},\"description\":\"Lorem ipsum dolor sit amet, consectetur adipiscing elit, sed do eiusmod tempor incididunt ut labore et dolore magna aliqua. Ut enim\"}]}<\/script>\n<!-- \/ Yoast SEO plugin. -->","yoast_head_json":{"title":"La TVA : qu'est-ce que c'est ? - Accountable","description":"Tout ce qu'il faut savoir sur la TVA : quel taux de TVA appliquer, comment g\u00e9rer la TVA \u00e0 l'international et comment la d\u00e9clarer !","robots":{"index":"index","follow":"follow","max-snippet":"max-snippet:-1","max-image-preview":"max-image-preview:large","max-video-preview":"max-video-preview:-1"},"canonical":"https:\/\/www.accountable.eu\/fr-be\/blog\/tva-belgique\/","og_locale":"fr_FR","og_type":"article","og_title":"La TVA : qu'est-ce que c'est ? - Accountable","og_description":"Tout ce qu'il faut savoir sur la TVA : quel taux de TVA appliquer, comment g\u00e9rer la TVA \u00e0 l'international et comment la d\u00e9clarer !","og_url":"https:\/\/www.accountable.eu\/fr-be\/blog\/tva-belgique\/","og_site_name":"Accountable","article_published_time":"2019-01-09T16:17:17+00:00","article_modified_time":"2025-03-21T10:20:19+00:00","og_image":[{"width":1029,"height":600,"url":"https:\/\/www.accountable.eu\/wp-content\/uploads\/2019\/12\/Slice-1-16.png","type":"image\/png"}],"author":"Hans van Gent","twitter_card":"summary_large_image","twitter_misc":{"\u00c9crit par":"Hans van Gent","Dur\u00e9e de lecture est.":"7 minutes"},"schema":{"@context":"https:\/\/schema.org","@graph":[{"@type":"Article","@id":"https:\/\/www.accountable.eu\/fr-be\/blog\/tva-belgique\/#article","isPartOf":{"@id":"https:\/\/www.accountable.eu\/fr-be\/blog\/tva-belgique\/"},"author":{"name":"Hans van Gent","@id":"https:\/\/www.accountable.eu\/fr-be\/#\/schema\/person\/8d9b04a5342286364dee21d25d2efe48"},"headline":"La TVA : qu&rsquo;est-ce que c&rsquo;est ?","datePublished":"2019-01-09T16:17:17+00:00","dateModified":"2025-03-21T10:20:19+00:00","mainEntityOfPage":{"@id":"https:\/\/www.accountable.eu\/fr-be\/blog\/tva-belgique\/"},"wordCount":1603,"publisher":{"@id":"https:\/\/www.accountable.eu\/fr-be\/#organization"},"image":{"@id":"https:\/\/www.accountable.eu\/fr-be\/blog\/tva-belgique\/#primaryimage"},"thumbnailUrl":"https:\/\/www.accountable.eu\/wp-content\/uploads\/2019\/12\/Slice-1-16.png","keywords":["Activit\u00e9 compl\u00e9mentaire","Ind\u00e9pendant \u00e0 titre principal","TVA"],"articleSection":["D\u00e9clarer et payer la TVA","Informations pratiques"],"inLanguage":"fr-BE"},{"@type":"WebPage","@id":"https:\/\/www.accountable.eu\/fr-be\/blog\/tva-belgique\/","url":"https:\/\/www.accountable.eu\/fr-be\/blog\/tva-belgique\/","name":"La TVA : qu'est-ce que c'est ? - Accountable","isPartOf":{"@id":"https:\/\/www.accountable.eu\/fr-be\/#website"},"primaryImageOfPage":{"@id":"https:\/\/www.accountable.eu\/fr-be\/blog\/tva-belgique\/#primaryimage"},"image":{"@id":"https:\/\/www.accountable.eu\/fr-be\/blog\/tva-belgique\/#primaryimage"},"thumbnailUrl":"https:\/\/www.accountable.eu\/wp-content\/uploads\/2019\/12\/Slice-1-16.png","datePublished":"2019-01-09T16:17:17+00:00","dateModified":"2025-03-21T10:20:19+00:00","description":"Tout ce qu'il faut savoir sur la TVA : quel taux de TVA appliquer, comment g\u00e9rer la TVA \u00e0 l'international et comment la d\u00e9clarer !","breadcrumb":{"@id":"https:\/\/www.accountable.eu\/fr-be\/blog\/tva-belgique\/#breadcrumb"},"inLanguage":"fr-BE","potentialAction":[{"@type":"ReadAction","target":["https:\/\/www.accountable.eu\/fr-be\/blog\/tva-belgique\/"]}]},{"@type":"ImageObject","inLanguage":"fr-BE","@id":"https:\/\/www.accountable.eu\/fr-be\/blog\/tva-belgique\/#primaryimage","url":"https:\/\/www.accountable.eu\/wp-content\/uploads\/2019\/12\/Slice-1-16.png","contentUrl":"https:\/\/www.accountable.eu\/wp-content\/uploads\/2019\/12\/Slice-1-16.png","width":1029,"height":600},{"@type":"BreadcrumbList","@id":"https:\/\/www.accountable.eu\/fr-be\/blog\/tva-belgique\/#breadcrumb","itemListElement":[{"@type":"ListItem","position":1,"name":"Home","item":"https:\/\/www.accountable.eu\/fr-be\/"},{"@type":"ListItem","position":2,"name":"La TVA : qu&#8217;est-ce que c&#8217;est ?"}]},{"@type":"WebSite","@id":"https:\/\/www.accountable.eu\/fr-be\/#website","url":"https:\/\/www.accountable.eu\/fr-be\/","name":"Accountable","description":"Your accountant and tax advisor on your smartphone","publisher":{"@id":"https:\/\/www.accountable.eu\/fr-be\/#organization"},"potentialAction":[{"@type":"SearchAction","target":{"@type":"EntryPoint","urlTemplate":"https:\/\/www.accountable.eu\/fr-be\/?s={search_term_string}"},"query-input":{"@type":"PropertyValueSpecification","valueRequired":true,"valueName":"search_term_string"}}],"inLanguage":"fr-BE"},{"@type":"Organization","@id":"https:\/\/www.accountable.eu\/fr-be\/#organization","name":"Accountable","url":"https:\/\/www.accountable.eu\/fr-be\/","logo":{"@type":"ImageObject","inLanguage":"fr-BE","@id":"https:\/\/www.accountable.eu\/fr-be\/#\/schema\/logo\/image\/","url":"https:\/\/www.accountable.eu\/wp-content\/uploads\/2026\/04\/logo-512.png","contentUrl":"https:\/\/www.accountable.eu\/wp-content\/uploads\/2026\/04\/logo-512.png","width":512,"height":512,"caption":"Accountable"},"image":{"@id":"https:\/\/www.accountable.eu\/fr-be\/#\/schema\/logo\/image\/"}},{"@type":"Person","@id":"https:\/\/www.accountable.eu\/fr-be\/#\/schema\/person\/8d9b04a5342286364dee21d25d2efe48","name":"Hans van Gent","image":{"@type":"ImageObject","inLanguage":"fr-BE","@id":"https:\/\/secure.gravatar.com\/avatar\/9c90189f2e137bd7f5934ae7fec3ff469cb13aae42b64c9684ebf13fd5d321cf?s=96&d=mm&r=g","url":"https:\/\/secure.gravatar.com\/avatar\/9c90189f2e137bd7f5934ae7fec3ff469cb13aae42b64c9684ebf13fd5d321cf?s=96&d=mm&r=g","contentUrl":"https:\/\/secure.gravatar.com\/avatar\/9c90189f2e137bd7f5934ae7fec3ff469cb13aae42b64c9684ebf13fd5d321cf?s=96&d=mm&r=g","caption":"Hans van Gent"},"description":"Lorem ipsum dolor sit amet, consectetur adipiscing elit, sed do eiusmod tempor incididunt ut labore et dolore magna aliqua. Ut enim"}]}},"_links":{"self":[{"href":"https:\/\/www.accountable.eu\/fr-be\/wp-json\/wp\/v2\/posts\/13449","targetHints":{"allow":["GET"]}}],"collection":[{"href":"https:\/\/www.accountable.eu\/fr-be\/wp-json\/wp\/v2\/posts"}],"about":[{"href":"https:\/\/www.accountable.eu\/fr-be\/wp-json\/wp\/v2\/types\/post"}],"author":[{"embeddable":true,"href":"https:\/\/www.accountable.eu\/fr-be\/wp-json\/wp\/v2\/users\/1"}],"replies":[{"embeddable":true,"href":"https:\/\/www.accountable.eu\/fr-be\/wp-json\/wp\/v2\/comments?post=13449"}],"version-history":[{"count":0,"href":"https:\/\/www.accountable.eu\/fr-be\/wp-json\/wp\/v2\/posts\/13449\/revisions"}],"wp:featuredmedia":[{"embeddable":true,"href":"https:\/\/www.accountable.eu\/fr-be\/wp-json\/wp\/v2\/media\/1079"}],"wp:attachment":[{"href":"https:\/\/www.accountable.eu\/fr-be\/wp-json\/wp\/v2\/media?parent=13449"}],"wp:term":[{"taxonomy":"category","embeddable":true,"href":"https:\/\/www.accountable.eu\/fr-be\/wp-json\/wp\/v2\/categories?post=13449"},{"taxonomy":"post_tag","embeddable":true,"href":"https:\/\/www.accountable.eu\/fr-be\/wp-json\/wp\/v2\/tags?post=13449"}],"curies":[{"name":"wp","href":"https:\/\/api.w.org\/{rel}","templated":true}]}}