{"id":14415,"date":"2024-07-30T16:54:43","date_gmt":"2024-07-30T14:54:43","guid":{"rendered":"https:\/\/fix-blog.local\/?p=14415"},"modified":"2024-07-30T17:14:22","modified_gmt":"2024-07-30T15:14:22","slug":"nombre-independants-belgique","status":"publish","type":"post","link":"https:\/\/www.accountable.eu\/fr-be\/blog\/nombre-independants-belgique\/","title":{"rendered":"Combien d\u2019ind\u00e9pendants compte la Belgique et o\u00f9 habitent-ils ?\u00a0"},"content":{"rendered":"\n<p><strong>La Belgique compte de nombreux ind\u00e9pendants. En 2022, notre pays d\u00e9nombrait pas moins de 1.257.356 ind\u00e9pendants actifs. Plus de 60 % d&rsquo;entre eux vivent en R\u00e9gion flamande, un peu moins de 30 % en R\u00e9gion wallonne et environ 10 % en R\u00e9gion de Bruxelles-Capitale. Mais dans quelles villes et communes se trouvent exactement ces ind\u00e9pendants ? Nous avons men\u00e9 l\u2019enqu\u00eate pour vous.<\/strong><\/p>\n\n\n\n<h2 class=\"wp-block-heading\"><strong>Qu&rsquo;entend-on par \u00ab&nbsp;ind\u00e9pendant&nbsp;\u00bb ?&nbsp;<\/strong><\/h2>\n\n\n\n<p>Pour arriver au chiffre de <a href=\"https:\/\/economie.fgov.be\/fr\/themes\/entreprises\/pme-et-independants-en\/les-travailleurs-independants\"><strong>1.257.356 ind\u00e9pendants en Belgique<\/strong><\/a>, nous avons adopt\u00e9 une <strong>d\u00e9finition large des \u00ab&nbsp;ind\u00e9pendants&nbsp;\u00bb<\/strong>. Nous entendons par l\u00e0 les personnes sous tous les statuts suivants :<\/p>\n\n\n\n<ul class=\"wp-block-list\">\n<li>dirigeants d&rsquo;entreprise<\/li>\n\n\n\n<li>ind\u00e9pendants \u00e0 titre principal<\/li>\n\n\n\n<li>ind\u00e9pendants \u00e0 titre compl\u00e9mentaire<\/li>\n\n\n\n<li>conjoints aidants<\/li>\n\n\n\n<li>actifs apr\u00e8s la retraite<\/li>\n<\/ul>\n\n\n\n<h2 class=\"wp-block-heading\"><strong>Nombre d&rsquo;ind\u00e9pendants et de freelances par r\u00e9gion<\/strong><\/h2>\n\n\n\n<p>Sur les 1.257.356 ind\u00e9pendants que compte la Belgique, quelque 779.249 vivent en R\u00e9gion flamande, 338.640 en R\u00e9gion wallonne et 123.391 en R\u00e9gion de Bruxelles-Capitale.&nbsp;<\/p>\n\n\n\n<figure class=\"wp-block-image size-large\"><img loading=\"lazy\" decoding=\"async\" width=\"688\" height=\"449\" src=\"https:\/\/www.accountable.eu\/wp-content\/uploads\/2024\/07\/independants-belgique.svg\" alt=\"\" class=\"wp-image-14461\" \/><\/figure>\n\n\n\n<p>En Flandre, on comptait <strong>206.018 freelances en 2022<\/strong>, selon un <a href=\"https:\/\/www.serv.be\/serv\/persberichten\/aantal-freelancers-vlaanderen-stijgende-lijn\"><strong>calcul de Serv<\/strong><\/a>. Toutefois, il est difficile d&rsquo;obtenir des donn\u00e9es officielles pour cette sous-cat\u00e9gorie des freelances, car ils n&rsquo;ont pas de statut juridique distinct. C&rsquo;est pourquoi il est difficile d&rsquo;estimer le nombre de freelances par commune en Belgique.<\/p>\n\n\n\n<p>Sur la base des donn\u00e9es dont nous disposons, nous supposons toutefois qu&rsquo;environ <strong>un travailleur ind\u00e9pendant sur quatre peut \u00eatre consid\u00e9r\u00e9 comme un freelance.<\/strong><\/p>\n\n\n\n<h2 class=\"wp-block-heading\"><strong>Combien d&rsquo;ind\u00e9pendants <strong>y a-t-il <\/strong>\u00e0 Bruxelles ?<\/strong><\/h2>\n\n\n\n<p>La <strong>R\u00e9gion de Bruxelles-Capitale<\/strong> compte <strong>beaucoup d&rsquo;ind\u00e9pendants par commune.<\/strong> C&rsquo;est la <strong>Ville de<\/strong> <strong>Bruxelles<\/strong> qui recense le plus grand nombre d&rsquo;ind\u00e9pendants, \u00e0 savoir <strong>13.072<\/strong>, soit 14,8 % du total de la r\u00e9gion.<\/p>\n\n\n\n<p>Les cinq plus grandes communes couvrent ensemble <strong>55 %<\/strong> du total. On trouve donc relativement peu de travailleurs ind\u00e9pendants dans les autres communes. Seuls <strong>5,2 %<\/strong> des habitants de <strong>Molenbeek-Saint-Jean<\/strong> sont des travailleurs ind\u00e9pendants, par exemple. Malgr\u00e9 ce pourcentage faible, la commune compte un total de<strong> 5.087 ind\u00e9pendants<\/strong> et figure ainsi dans le top 20 national en termes de nombre d&rsquo;ind\u00e9pendants.&nbsp;<\/p>\n\n\n\n<h2 class=\"wp-block-heading\"><strong>Combien d&rsquo;ind\u00e9pendants <strong>y a-t-il <\/strong>en Wallonie ?<\/strong><\/h2>\n\n\n\n<p>Dans la suite de l&rsquo;article, nous ne prenons en compte que les personnes qui sont exclusivement ind\u00e9pendantes. Les ind\u00e9pendants compl\u00e9mentaires, \u00e9tudiants ind\u00e9pendants et les autres statuts ne sont donc pas pris en compte.<\/p>\n\n\n\n<p>Sur les 1.257.356 ind\u00e9pendants que compte la Belgique, <strong>338.640 vivent en R\u00e9gion wallonne<\/strong>. Cela signifie que <strong>seuls 26,92 % de tous les ind\u00e9pendants belges vivent en Wallonie.<\/strong><\/p>\n\n\n\n<p>Voyons comment ils sont r\u00e9partis sur la R\u00e9gion wallonne&#8230;<\/p>\n\n\n\n<figure class=\"wp-block-image size-full\"><img loading=\"lazy\" decoding=\"async\" width=\"938\" height=\"879\" src=\"https:\/\/www.accountable.eu\/wp-content\/uploads\/2024\/07\/Wallonie.jpg\" alt=\"\" class=\"wp-image-14471\" srcset=\"https:\/\/www.accountable.eu\/wp-content\/uploads\/2024\/07\/Wallonie.jpg 938w, https:\/\/www.accountable.eu\/wp-content\/uploads\/2024\/07\/Wallonie-320x300.jpg 320w, https:\/\/www.accountable.eu\/wp-content\/uploads\/2024\/07\/Wallonie-768x720.jpg 768w\" sizes=\"auto, (max-width: 938px) 100vw, 938px\" \/><\/figure>\n\n\n\n<h3 class=\"wp-block-heading\"><strong>O\u00f9 vivent les ind\u00e9pendants dans le Hainaut ?<\/strong><\/h3>\n\n\n\n<p><strong>Le Hainaut est en t\u00eate de la Wallonie.<\/strong>&nbsp;C&rsquo;est la ville de<strong> Charleroi <\/strong>qui <strong>compte le plus d&rsquo;ind\u00e9pendants<\/strong>, Mons arrive en deuxi\u00e8me position.<\/p>\n\n\n\n<p>Si l&rsquo;on examine les principales villes, on constate que la plupart des ind\u00e9pendants se trouvent <strong>plut\u00f4t dans le sud de la province<\/strong>, dans les villes situ\u00e9es le long de l&rsquo;autoroute E42.<\/p>\n\n\n\n<h3 class=\"wp-block-heading\"><strong>O\u00f9 vivent les ind\u00e9pendants dans la province de Li\u00e8ge ?<\/strong><\/h3>\n\n\n\n<p>En province de Li\u00e8ge, la <strong>capitale repr\u00e9sente 14,4 % du nombre total d&rsquo;ind\u00e9pendants.<\/strong> Les autres villes du top 5 repr\u00e9sentent une proportion beaucoup plus faible du total. Il y a donc peu de villes \u2018entreprenantes\u2019  dans la province. D&rsquo;un autre c\u00f4t\u00e9, il y a aussi peu de villes o\u00f9 l&rsquo;activit\u00e9 entrepreneuriale est tr\u00e8s faible.<\/p>\n\n\n\n<p><strong>Par ailleurs, la ville de Li\u00e8ge est la commune la plus \u2018entreprenante\u2019 de Wallonie.<\/strong>&nbsp;Cependant, dans l&rsquo;ensemble du pays, la commune n&rsquo;arrive qu&rsquo;en sixi\u00e8me position.<\/p>\n\n\n\n<h3 class=\"wp-block-heading\"><strong>Ind\u00e9pendants en Brabant wallon<\/strong><\/h3>\n\n\n\n<p>Dans le Brabant wallon, <strong>la plupart des ind\u00e9pendants vivent pr\u00e8s de Bruxelles.<\/strong> La commune la plus proche, Waterloo, compte m\u00eame plus d&rsquo;ind\u00e9pendants que Wavre, la capitale de la province.<\/p>\n\n\n\n<p>Dans cette province, la <strong>dispersion est toutefois bien moindre que dans le Brabant flamand<\/strong>, puisque pas moins de 40,1 % des ind\u00e9pendants vivent dans les cinq villes les plus \u2018entreprenantes\u2019.<\/p>\n\n\n\n<h3 class=\"wp-block-heading\"><strong>Les ind\u00e9pendants \u00e0 Namur<\/strong><\/h3>\n\n\n\n<p>Dans la province de Namur, la <strong>capitale provinciale compte un grand nombre de travailleurs ind\u00e9pendants<\/strong>, \u00e0 savoir <strong>7.113<\/strong> ou <strong>20,7 %<\/strong> du total. En outre, certaines communes comptent un peu plus de 1.000 ind\u00e9pendants. Mais globalement, les ind\u00e9pendants ne sont pas l\u00e9gion dans cette province.<\/p>\n\n\n\n<h3 class=\"wp-block-heading\"><strong>Les ind\u00e9pendants au Luxembourg<\/strong><\/h3>\n\n\n\n<p>Il y a <strong>peu d&rsquo;ind\u00e9pendants<\/strong> au Luxembourg, mais c&rsquo;est aussi la province qui compte le moins d&rsquo;habitants. En termes de pourcentage, elle peut \u00eatre compar\u00e9e \u00e0 d&rsquo;autres petites provinces comme le Brabant wallon et le Limbourg. Mais contrairement \u00e0 elles, il n&rsquo;y a pas vraiment de centres o\u00f9 se concentrent les ind\u00e9pendants au Luxembourg.&nbsp;<\/p>\n\n\n\n<p>La plupart des ind\u00e9pendants se trouvent dans des <strong>villes touristiques comme Marche-en-Famenne et Durbuy.<\/strong> Arlon, la capitale de la province, ne figure m\u00eame pas dans le top cinq.<\/p>\n\n\n\n<h2 class=\"wp-block-heading\"><strong>Combien d&rsquo;ind\u00e9pendants <strong>y a-t-il <\/strong>en Flandre ?<\/strong><\/h2>\n\n\n\n<p>Les provinces flamandes et les principales villes sont abord\u00e9es plus en d\u00e9tail ci-dessous.&nbsp;<\/p>\n\n\n\n<p>En 2021, on d\u00e9nombrait environ <strong>790.000 ind\u00e9pendants en Flandre.<\/strong> Sur la base des donn\u00e9es <a href=\"https:\/\/provincies.incijfers.be\/databank\"><strong>chiffr\u00e9es<\/strong><\/a>&nbsp;et de la <a href=\"https:\/\/www.bcss.fgov.be\/samilc\/homePage.xhtml\"><strong>Banque Carrefour de la S\u00e9curit\u00e9 sociale<\/strong><\/a>, on arrive au classement suivant du nombre d&rsquo;ind\u00e9pendants par province.<\/p>\n\n\n\n<figure class=\"wp-block-image size-full\"><img loading=\"lazy\" decoding=\"async\" width=\"869\" height=\"876\" src=\"https:\/\/www.accountable.eu\/wp-content\/uploads\/2024\/07\/Vlaanderen.jpg\" alt=\"\" class=\"wp-image-14481\" srcset=\"https:\/\/www.accountable.eu\/wp-content\/uploads\/2024\/07\/Vlaanderen.jpg 869w, https:\/\/www.accountable.eu\/wp-content\/uploads\/2024\/07\/Vlaanderen-298x300.jpg 298w, https:\/\/www.accountable.eu\/wp-content\/uploads\/2024\/07\/Vlaanderen-150x150.jpg 150w, https:\/\/www.accountable.eu\/wp-content\/uploads\/2024\/07\/Vlaanderen-768x774.jpg 768w\" sizes=\"auto, (max-width: 869px) 100vw, 869px\" \/><\/figure>\n\n\n\n<h3 class=\"wp-block-heading\"><strong>Combien d&rsquo;ind\u00e9pendants <strong>y a-t-il <\/strong>dans la province d&rsquo;Anvers ?<\/strong><\/h3>\n\n\n\n<p>Selon les <a href=\"https:\/\/stadincijfers.antwerpen.be\/Databank\/Jive\/?var=zf_nat_onb\"><strong>derniers chiffres de la ville d&rsquo;Anvers<\/strong><\/a>, il y avait <strong>46.600 ind\u00e9pendants<\/strong> en 2020. Parmi eux, quelque 35.651 \u00e9taient exclusivement ind\u00e9pendants (d\u00e9compte effectu\u00e9 en 2021).&nbsp;<\/p>\n\n\n\n<p><strong>Dans les deux cat\u00e9gories, Anvers caracole en t\u00eate, et de loin.&nbsp;<\/strong>Cette situation n&rsquo;a rien d&rsquo;\u00e9tonnant puisque c\u2019est la plus grande ville de la R\u00e9gion.<\/p>\n\n\n\n<p>Outre Anvers, quelques autres villes et communes comptent plusieurs milliers d&rsquo;ind\u00e9pendants, mais la diff\u00e9rence entre la capitale provinciale et les autres communes y est plus importante que dans les autres provinces.<\/p>\n\n\n\n<p>Pas moins de <strong>28,4 % du nombre total d&rsquo;ind\u00e9pendants de la province d&rsquo;Anvers vivent dans la ville d&rsquo;Anvers.<\/strong> L&rsquo;ensemble des communes du top 5 repr\u00e9sente environ 42,6 % du total.<\/p>\n\n\n\n<p>Enfin, il est int\u00e9ressant de noter que 16,9 % des habitants de Schilde sont ind\u00e9pendants, ce qui repr\u00e9sente la troisi\u00e8me moyenne la plus \u00e9lev\u00e9e de Flandre.<\/p>\n\n\n\n<h3 class=\"wp-block-heading\"><strong>Combien y a-t-il d&rsquo;ind\u00e9pendants dans la province de Flandre orientale&nbsp;?<\/strong><\/h3>\n\n\n\n<p>En Flandre orientale, c&rsquo;est aussi la capitale de la province, Gand, qui se taille la part du lion dans le nombre d&rsquo;ind\u00e9pendants, \u00e0 savoir <strong>18,6 %<\/strong>.&nbsp;<strong>Alost<\/strong> tente de suivre le mouvement, mais dans le reste de la province, on ne trouve plus de ville comptant <strong>plus de 5.000 ind\u00e9pendants<\/strong>.&nbsp;<\/p>\n\n\n\n<p>Ensemble, les cinq premi\u00e8res villes repr\u00e9sentent 34,8 % du nombre total d&rsquo;ind\u00e9pendants en Flandre orientale. La r\u00e9partition est donc meilleure qu&rsquo;\u00e0 Anvers, mais moins bonne que dans d&rsquo;autres provinces.<\/p>\n\n\n\n<p>C&rsquo;est \u00e9galement en Flandre orientale qu&rsquo;on trouve <strong>la commune au plus grand nombre d&rsquo;ind\u00e9pendants par habitant : Sint-Martens-Latem.<\/strong> C&rsquo;est la seule commune o\u00f9 <strong>plus d&rsquo;un habitant sur cinq est ind\u00e9pendant.<\/strong>&nbsp;<\/p>\n\n\n\n<h3 class=\"wp-block-heading\"><strong>O\u00f9 vivent les ind\u00e9pendants en Flandre occidentale ?<\/strong><\/h3>\n\n\n\n<p>En Flandre occidentale, c&rsquo;est une nouvelle fois la capitale, <strong>Bruges<\/strong>, qui compte le plus d&rsquo;ind\u00e9penants, m\u00eame s&rsquo;il ne s&rsquo;agit que de <strong>10,1 %<\/strong> du total de la province. Les ind\u00e9pendants sont donc mieux r\u00e9partis en Flandre occidentale.&nbsp;On constate m\u00eame que certaines <strong>villes et communes <strong>plus petites <\/strong>comptent des milliers de travailleurs ind\u00e9pendants.<\/strong>&nbsp;<strong>Courtrai<\/strong>, par exemple, surpasse des capitales de province comme Louvain et Hasselt.&nbsp;<\/p>\n\n\n\n<p><strong>Knokke-Heist<\/strong> est un autre cas particulier. Cette petite commune ne compte pas moins de <strong>5.413 travailleurs ind\u00e9pendants<\/strong>, soit <strong>16,3 % de la population totale.<\/strong> Knokke-Heist est ainsi la <strong>cinqui\u00e8me commune la plus \u2018entreprenante\u2019 de Belgique.<\/strong><\/p>\n\n\n\n<h3 class=\"wp-block-heading\"><strong>O\u00f9 vivent les ind\u00e9pendants dans le Brabant flamand ?<\/strong><\/h3>\n\n\n\n<p>Dans le<strong> Brabant flamand, c\u2019est la capitale, Louvain, qui accueille la plupart des ind\u00e9pendants.<\/strong> Sinon, le nombre d&rsquo;ind\u00e9pendants par commune n&rsquo;est pas tr\u00e8s \u00e9lev\u00e9.&nbsp;Les cinq premi\u00e8res ne repr\u00e9sentent que <strong>24,1&nbsp;%<\/strong> du total. C&rsquo;est donc la province o\u00f9 <strong>la r\u00e9partition est la meilleure.<\/strong> En dehors de la ville de Louvain, <strong>la plupart des ind\u00e9pendants se trouvent dans la p\u00e9riph\u00e9rie bruxelloise.<\/strong><\/p>\n\n\n\n<h3 class=\"wp-block-heading\"><strong>O\u00f9 vivent les ind\u00e9pendants au Limbourg ?<\/strong><\/h3>\n\n\n\n<p>Le Limbourg est la province flamande qui compte le moins d&rsquo;ind\u00e9pendants, mais c&rsquo;est logique, puisqu&rsquo;elle compte aussi le moins d&rsquo;habitants.&nbsp;<\/p>\n\n\n\n<p>On d\u00e9nombre <strong>6.964<\/strong> ind\u00e9pendants \u00e0 <strong>Hasselt<\/strong>. Pour le reste, la r\u00e9partition est similaire \u00e0 celle des autres provinces, bien que la plupart des ind\u00e9pendants semblent vivre au centre de la province.<\/p>\n\n\n\n<p>Fun fact :&nbsp;Herstappe est la commune qui recense le moins d&rsquo;habitants dans le pays (<strong>78<\/strong>), mais elle compte <strong>14 ind\u00e9pendants<\/strong>, ce qui repr\u00e9sente une moyenne de <strong>17,9 %<\/strong>. C&rsquo;est le deuxi\u00e8me pourcentage le plus \u00e9lev\u00e9.<\/p>\n\n\n\n<h2 class=\"wp-block-heading\"><strong>Quelles sont les villes les plus \u2018entreprenantes\u2019 du pays ?<\/strong><\/h2>\n\n\n\n<p>En 2022, on comptait <a href=\"https:\/\/economie.fgov.be\/fr\/themes\/entreprises\/pme-et-independants-en\/les-travailleurs-independants\/comparaison-internationale\"><strong>83,7 ind\u00e9pendants pour 1.000 habitants<\/strong><\/a>&nbsp;en Belgique, dans le groupe de population \u00e2g\u00e9 de 15 \u00e0 74 ans. Les villes o\u00f9 plus de 10 % des habitants sont ind\u00e9pendants peuvent donc \u00eatre consid\u00e9r\u00e9es comme plus \u2018entreprenantes\u2019 que la moyenne.&nbsp;<\/p>\n\n\n\n<p>Sur l&rsquo;ensemble des cinq premi\u00e8res villes par province, cinq se situent au-dessus de 10 %. Parmi elles, <strong>Schilde<\/strong> et <strong>Knokke-Heist<\/strong> sortent du lot. Sans surprise, les trois autres villes sont \u00e9galement <strong>proches d&rsquo;une m\u00e9tropole.<\/strong>&nbsp;<\/p>\n\n\n\n<p>Parmi les communes qui ne figurent pas dans le top 5 provincial, <strong>Sint-Martens-Latem<\/strong> est la plus performante. Pas moins de <strong>1.745 des 8.310 habitants<\/strong> y sont ind\u00e9pendants, ce qui repr\u00e9sente une moyenne de <strong>21 %.<\/strong><\/p>\n\n\n\n<p><strong>Les autres pourcentages \u00e9lev\u00e9s se trouvent principalement en Flandre-Occidentale.<\/strong>&nbsp;C&rsquo;est notamment &#8211; mais pas uniquement &#8211; d\u00fb au <a href=\"https:\/\/landbouwcijfers.vlaanderen.be\/landbouw\/totale-landbouw\/aantal-landbouwbedrijven%20%20:~:text=Vlaanderen%20telt%20in%202022%2022.449,van%20gemiddeld%201%25%20per%20jaar.\"><strong>nombre d&rsquo;exploitations agricoles sup\u00e9rieur \u00e0 la moyenne<\/strong><\/a> dans des communes comme Alveringem, Heuvelland et Lo-Reninge. Dans le cas de Damme et de Zuienkerke, les pourcentages \u00e9lev\u00e9s se situent \u00e0 nouveau autour de la plus grande ville, Bruges.<\/p>\n\n\n\n<figure class=\"wp-block-image size-full\"><img loading=\"lazy\" decoding=\"async\" width=\"777\" height=\"691\" src=\"https:\/\/www.accountable.eu\/wp-content\/uploads\/2024\/07\/steden.jpg\" alt=\"\" class=\"wp-image-14486\" srcset=\"https:\/\/www.accountable.eu\/wp-content\/uploads\/2024\/07\/steden.jpg 777w, https:\/\/www.accountable.eu\/wp-content\/uploads\/2024\/07\/steden-323x287.jpg 323w, https:\/\/www.accountable.eu\/wp-content\/uploads\/2024\/07\/steden-768x683.jpg 768w\" sizes=\"auto, (max-width: 777px) 100vw, 777px\" \/><\/figure>\n\n\n\n<h2 class=\"wp-block-heading\"><strong>O\u00f9 trouve-t-on le plus d&rsquo;ind\u00e9pendants aujourd&rsquo;hui ?<\/strong><\/h2>\n\n\n\n<p>Premier constat de cette analyse des ind\u00e9pendants en Belgique  : la fibre entrepreneuriale semble nettement plus d\u00e9velopp\u00e9e au nord qu&rsquo;au sud du pays. Ensuite, on peut conclure que<strong> la plupart se trouvent<strong> dans la R\u00e9gion de Bruxelles-Capitale<\/strong> dans les grandes villes<\/strong> &#8211; tant en Flandre qu&rsquo;en Wallonie.<\/p>\n\n\n\n<p>Si on examine les communes qui comptent <strong>le plus d&rsquo;ind\u00e9pendants par habitant<\/strong>, on constate que les <strong>communes situ\u00e9es autour des grandes villes<\/strong> sont particuli\u00e8rement favoris\u00e9es, comme Waterloo en Wallonie et Laethem-Saint-Martin, Schilde ou Overijse en Flandre.<\/p>\n","protected":false},"excerpt":{"rendered":"<p>La Belgique compte de nombreux ind\u00e9pendants. En 2022, notre pays d\u00e9nombrait pas moins de 1.257.356 ind\u00e9pendants actifs. Plus de 60 % d&rsquo;entre eux vivent en R\u00e9gion flamande, un peu moins de 30 % en R\u00e9gion wallonne et environ 10 % en R\u00e9gion de Bruxelles-Capitale. Mais dans quelles villes et communes se trouvent exactement ces ind\u00e9pendants [&hellip;]<\/p>\n","protected":false},"author":29,"featured_media":14428,"comment_status":"closed","ping_status":"closed","sticky":false,"template":"","format":"standard","meta":{"inline_featured_image":false,"footnotes":""},"categories":[240],"tags":[312,314],"class_list":["post-14415","post","type-post","status-publish","format-standard","has-post-thumbnail","hentry","category-uncategorized-fr-be","tag-independant","tag-societe"],"acf":[],"yoast_head":"<!-- This site is optimized with the Yoast SEO plugin v27.4 - https:\/\/yoast.com\/product\/yoast-seo-wordpress\/ -->\n<title>Combien d\u2019ind\u00e9pendants compte la Belgique et o\u00f9 habitent-ils ?\u00a0 - Accountable<\/title>\n<meta name=\"description\" content=\"Comment se r\u00e9partissent les ind\u00e9pendants entre les r\u00e9gions belges ? Et dans quelles communes sont-ils les plus pr\u00e9sents ? D\u00e9couvrez-le ici.\" \/>\n<meta name=\"robots\" content=\"index, follow, max-snippet:-1, max-image-preview:large, max-video-preview:-1\" \/>\n<link rel=\"canonical\" href=\"https:\/\/www.accountable.eu\/fr-be\/blog\/nombre-independants-belgique\/\" \/>\n<meta property=\"og:locale\" content=\"fr_FR\" \/>\n<meta property=\"og:type\" content=\"article\" \/>\n<meta property=\"og:title\" content=\"Combien d\u2019ind\u00e9pendants compte la Belgique et o\u00f9 habitent-ils ?\u00a0 - Accountable\" \/>\n<meta property=\"og:description\" content=\"Comment se r\u00e9partissent les ind\u00e9pendants entre les r\u00e9gions belges ? Et dans quelles communes sont-ils les plus pr\u00e9sents ? D\u00e9couvrez-le ici.\" \/>\n<meta property=\"og:url\" content=\"https:\/\/www.accountable.eu\/fr-be\/blog\/nombre-independants-belgique\/\" \/>\n<meta property=\"og:site_name\" content=\"Accountable\" \/>\n<meta property=\"article:published_time\" content=\"2024-07-30T14:54:43+00:00\" \/>\n<meta property=\"article:modified_time\" content=\"2024-07-30T15:14:22+00:00\" \/>\n<meta property=\"og:image\" content=\"https:\/\/www.accountable.eu\/wp-content\/uploads\/2024\/07\/aantal-zelfstandigen-Belgie.png\" \/>\n\t<meta property=\"og:image:width\" content=\"686\" \/>\n\t<meta property=\"og:image:height\" content=\"400\" \/>\n\t<meta property=\"og:image:type\" content=\"image\/png\" \/>\n<meta name=\"author\" content=\"julie\" \/>\n<meta name=\"twitter:card\" content=\"summary_large_image\" \/>\n<meta name=\"twitter:label1\" content=\"\u00c9crit par\" \/>\n\t<meta name=\"twitter:data1\" content=\"julie\" \/>\n\t<meta name=\"twitter:label2\" content=\"Dur\u00e9e de lecture est.\" \/>\n\t<meta name=\"twitter:data2\" content=\"8 minutes\" \/>\n<script type=\"application\/ld+json\" class=\"yoast-schema-graph\">{\"@context\":\"https:\\\/\\\/schema.org\",\"@graph\":[{\"@type\":\"Article\",\"@id\":\"https:\\\/\\\/www.accountable.eu\\\/fr-be\\\/blog\\\/nombre-independants-belgique\\\/#article\",\"isPartOf\":{\"@id\":\"https:\\\/\\\/www.accountable.eu\\\/fr-be\\\/blog\\\/nombre-independants-belgique\\\/\"},\"author\":{\"name\":\"julie\",\"@id\":\"https:\\\/\\\/www.accountable.eu\\\/fr-be\\\/#\\\/schema\\\/person\\\/9c85ec213b340ca3e8c8e152f6723a71\"},\"headline\":\"Combien d\u2019ind\u00e9pendants compte la Belgique et o\u00f9 habitent-ils ?\u00a0\",\"datePublished\":\"2024-07-30T14:54:43+00:00\",\"dateModified\":\"2024-07-30T15:14:22+00:00\",\"mainEntityOfPage\":{\"@id\":\"https:\\\/\\\/www.accountable.eu\\\/fr-be\\\/blog\\\/nombre-independants-belgique\\\/\"},\"wordCount\":1765,\"publisher\":{\"@id\":\"https:\\\/\\\/www.accountable.eu\\\/fr-be\\\/#organization\"},\"image\":{\"@id\":\"https:\\\/\\\/www.accountable.eu\\\/fr-be\\\/blog\\\/nombre-independants-belgique\\\/#primaryimage\"},\"thumbnailUrl\":\"https:\\\/\\\/www.accountable.eu\\\/wp-content\\\/uploads\\\/2024\\\/07\\\/aantal-zelfstandigen-Belgie.png\",\"keywords\":[\"Ind\u00e9pendant \u00e0 titre principal\",\"Soci\u00e9t\u00e9\"],\"articleSection\":[\"Uncategorized @fr-be\"],\"inLanguage\":\"fr-BE\"},{\"@type\":\"WebPage\",\"@id\":\"https:\\\/\\\/www.accountable.eu\\\/fr-be\\\/blog\\\/nombre-independants-belgique\\\/\",\"url\":\"https:\\\/\\\/www.accountable.eu\\\/fr-be\\\/blog\\\/nombre-independants-belgique\\\/\",\"name\":\"Combien d\u2019ind\u00e9pendants compte la Belgique et o\u00f9 habitent-ils ?\u00a0 - Accountable\",\"isPartOf\":{\"@id\":\"https:\\\/\\\/www.accountable.eu\\\/fr-be\\\/#website\"},\"primaryImageOfPage\":{\"@id\":\"https:\\\/\\\/www.accountable.eu\\\/fr-be\\\/blog\\\/nombre-independants-belgique\\\/#primaryimage\"},\"image\":{\"@id\":\"https:\\\/\\\/www.accountable.eu\\\/fr-be\\\/blog\\\/nombre-independants-belgique\\\/#primaryimage\"},\"thumbnailUrl\":\"https:\\\/\\\/www.accountable.eu\\\/wp-content\\\/uploads\\\/2024\\\/07\\\/aantal-zelfstandigen-Belgie.png\",\"datePublished\":\"2024-07-30T14:54:43+00:00\",\"dateModified\":\"2024-07-30T15:14:22+00:00\",\"description\":\"Comment se r\u00e9partissent les ind\u00e9pendants entre les r\u00e9gions belges ? Et dans quelles communes sont-ils les plus pr\u00e9sents ? D\u00e9couvrez-le ici.\",\"breadcrumb\":{\"@id\":\"https:\\\/\\\/www.accountable.eu\\\/fr-be\\\/blog\\\/nombre-independants-belgique\\\/#breadcrumb\"},\"inLanguage\":\"fr-BE\",\"potentialAction\":[{\"@type\":\"ReadAction\",\"target\":[\"https:\\\/\\\/www.accountable.eu\\\/fr-be\\\/blog\\\/nombre-independants-belgique\\\/\"]}]},{\"@type\":\"ImageObject\",\"inLanguage\":\"fr-BE\",\"@id\":\"https:\\\/\\\/www.accountable.eu\\\/fr-be\\\/blog\\\/nombre-independants-belgique\\\/#primaryimage\",\"url\":\"https:\\\/\\\/www.accountable.eu\\\/wp-content\\\/uploads\\\/2024\\\/07\\\/aantal-zelfstandigen-Belgie.png\",\"contentUrl\":\"https:\\\/\\\/www.accountable.eu\\\/wp-content\\\/uploads\\\/2024\\\/07\\\/aantal-zelfstandigen-Belgie.png\",\"width\":686,\"height\":400},{\"@type\":\"BreadcrumbList\",\"@id\":\"https:\\\/\\\/www.accountable.eu\\\/fr-be\\\/blog\\\/nombre-independants-belgique\\\/#breadcrumb\",\"itemListElement\":[{\"@type\":\"ListItem\",\"position\":1,\"name\":\"Home\",\"item\":\"https:\\\/\\\/www.accountable.eu\\\/fr-be\\\/\"},{\"@type\":\"ListItem\",\"position\":2,\"name\":\"Combien d\u2019ind\u00e9pendants compte la Belgique et o\u00f9 habitent-ils ?\u00a0\"}]},{\"@type\":\"WebSite\",\"@id\":\"https:\\\/\\\/www.accountable.eu\\\/fr-be\\\/#website\",\"url\":\"https:\\\/\\\/www.accountable.eu\\\/fr-be\\\/\",\"name\":\"Accountable\",\"description\":\"Your accountant and tax advisor on your smartphone\",\"publisher\":{\"@id\":\"https:\\\/\\\/www.accountable.eu\\\/fr-be\\\/#organization\"},\"potentialAction\":[{\"@type\":\"SearchAction\",\"target\":{\"@type\":\"EntryPoint\",\"urlTemplate\":\"https:\\\/\\\/www.accountable.eu\\\/fr-be\\\/?s={search_term_string}\"},\"query-input\":{\"@type\":\"PropertyValueSpecification\",\"valueRequired\":true,\"valueName\":\"search_term_string\"}}],\"inLanguage\":\"fr-BE\"},{\"@type\":\"Organization\",\"@id\":\"https:\\\/\\\/www.accountable.eu\\\/fr-be\\\/#organization\",\"name\":\"Accountable\",\"url\":\"https:\\\/\\\/www.accountable.eu\\\/fr-be\\\/\",\"logo\":{\"@type\":\"ImageObject\",\"inLanguage\":\"fr-BE\",\"@id\":\"https:\\\/\\\/www.accountable.eu\\\/fr-be\\\/#\\\/schema\\\/logo\\\/image\\\/\",\"url\":\"https:\\\/\\\/www.accountable.eu\\\/wp-content\\\/uploads\\\/2026\\\/04\\\/logo-512.png\",\"contentUrl\":\"https:\\\/\\\/www.accountable.eu\\\/wp-content\\\/uploads\\\/2026\\\/04\\\/logo-512.png\",\"width\":512,\"height\":512,\"caption\":\"Accountable\"},\"image\":{\"@id\":\"https:\\\/\\\/www.accountable.eu\\\/fr-be\\\/#\\\/schema\\\/logo\\\/image\\\/\"}},{\"@type\":\"Person\",\"@id\":\"https:\\\/\\\/www.accountable.eu\\\/fr-be\\\/#\\\/schema\\\/person\\\/9c85ec213b340ca3e8c8e152f6723a71\",\"name\":\"julie\",\"image\":{\"@type\":\"ImageObject\",\"inLanguage\":\"fr-BE\",\"@id\":\"https:\\\/\\\/secure.gravatar.com\\\/avatar\\\/84976ca8c4076c0af102d23ffc9c9145ea8291e3557ca33fa00841ff5aa46503?s=96&d=mm&r=g\",\"url\":\"https:\\\/\\\/secure.gravatar.com\\\/avatar\\\/84976ca8c4076c0af102d23ffc9c9145ea8291e3557ca33fa00841ff5aa46503?s=96&d=mm&r=g\",\"contentUrl\":\"https:\\\/\\\/secure.gravatar.com\\\/avatar\\\/84976ca8c4076c0af102d23ffc9c9145ea8291e3557ca33fa00841ff5aa46503?s=96&d=mm&r=g\",\"caption\":\"julie\"}}]}<\/script>\n<!-- \/ Yoast SEO plugin. -->","yoast_head_json":{"title":"Combien d\u2019ind\u00e9pendants compte la Belgique et o\u00f9 habitent-ils ?\u00a0 - Accountable","description":"Comment se r\u00e9partissent les ind\u00e9pendants entre les r\u00e9gions belges ? Et dans quelles communes sont-ils les plus pr\u00e9sents ? D\u00e9couvrez-le ici.","robots":{"index":"index","follow":"follow","max-snippet":"max-snippet:-1","max-image-preview":"max-image-preview:large","max-video-preview":"max-video-preview:-1"},"canonical":"https:\/\/www.accountable.eu\/fr-be\/blog\/nombre-independants-belgique\/","og_locale":"fr_FR","og_type":"article","og_title":"Combien d\u2019ind\u00e9pendants compte la Belgique et o\u00f9 habitent-ils ?\u00a0 - Accountable","og_description":"Comment se r\u00e9partissent les ind\u00e9pendants entre les r\u00e9gions belges ? Et dans quelles communes sont-ils les plus pr\u00e9sents ? D\u00e9couvrez-le ici.","og_url":"https:\/\/www.accountable.eu\/fr-be\/blog\/nombre-independants-belgique\/","og_site_name":"Accountable","article_published_time":"2024-07-30T14:54:43+00:00","article_modified_time":"2024-07-30T15:14:22+00:00","og_image":[{"width":686,"height":400,"url":"https:\/\/www.accountable.eu\/wp-content\/uploads\/2024\/07\/aantal-zelfstandigen-Belgie.png","type":"image\/png"}],"author":"julie","twitter_card":"summary_large_image","twitter_misc":{"\u00c9crit par":"julie","Dur\u00e9e de lecture est.":"8 minutes"},"schema":{"@context":"https:\/\/schema.org","@graph":[{"@type":"Article","@id":"https:\/\/www.accountable.eu\/fr-be\/blog\/nombre-independants-belgique\/#article","isPartOf":{"@id":"https:\/\/www.accountable.eu\/fr-be\/blog\/nombre-independants-belgique\/"},"author":{"name":"julie","@id":"https:\/\/www.accountable.eu\/fr-be\/#\/schema\/person\/9c85ec213b340ca3e8c8e152f6723a71"},"headline":"Combien d\u2019ind\u00e9pendants compte la Belgique et o\u00f9 habitent-ils ?\u00a0","datePublished":"2024-07-30T14:54:43+00:00","dateModified":"2024-07-30T15:14:22+00:00","mainEntityOfPage":{"@id":"https:\/\/www.accountable.eu\/fr-be\/blog\/nombre-independants-belgique\/"},"wordCount":1765,"publisher":{"@id":"https:\/\/www.accountable.eu\/fr-be\/#organization"},"image":{"@id":"https:\/\/www.accountable.eu\/fr-be\/blog\/nombre-independants-belgique\/#primaryimage"},"thumbnailUrl":"https:\/\/www.accountable.eu\/wp-content\/uploads\/2024\/07\/aantal-zelfstandigen-Belgie.png","keywords":["Ind\u00e9pendant \u00e0 titre principal","Soci\u00e9t\u00e9"],"articleSection":["Uncategorized @fr-be"],"inLanguage":"fr-BE"},{"@type":"WebPage","@id":"https:\/\/www.accountable.eu\/fr-be\/blog\/nombre-independants-belgique\/","url":"https:\/\/www.accountable.eu\/fr-be\/blog\/nombre-independants-belgique\/","name":"Combien d\u2019ind\u00e9pendants compte la Belgique et o\u00f9 habitent-ils ?\u00a0 - Accountable","isPartOf":{"@id":"https:\/\/www.accountable.eu\/fr-be\/#website"},"primaryImageOfPage":{"@id":"https:\/\/www.accountable.eu\/fr-be\/blog\/nombre-independants-belgique\/#primaryimage"},"image":{"@id":"https:\/\/www.accountable.eu\/fr-be\/blog\/nombre-independants-belgique\/#primaryimage"},"thumbnailUrl":"https:\/\/www.accountable.eu\/wp-content\/uploads\/2024\/07\/aantal-zelfstandigen-Belgie.png","datePublished":"2024-07-30T14:54:43+00:00","dateModified":"2024-07-30T15:14:22+00:00","description":"Comment se r\u00e9partissent les ind\u00e9pendants entre les r\u00e9gions belges ? Et dans quelles communes sont-ils les plus pr\u00e9sents ? D\u00e9couvrez-le ici.","breadcrumb":{"@id":"https:\/\/www.accountable.eu\/fr-be\/blog\/nombre-independants-belgique\/#breadcrumb"},"inLanguage":"fr-BE","potentialAction":[{"@type":"ReadAction","target":["https:\/\/www.accountable.eu\/fr-be\/blog\/nombre-independants-belgique\/"]}]},{"@type":"ImageObject","inLanguage":"fr-BE","@id":"https:\/\/www.accountable.eu\/fr-be\/blog\/nombre-independants-belgique\/#primaryimage","url":"https:\/\/www.accountable.eu\/wp-content\/uploads\/2024\/07\/aantal-zelfstandigen-Belgie.png","contentUrl":"https:\/\/www.accountable.eu\/wp-content\/uploads\/2024\/07\/aantal-zelfstandigen-Belgie.png","width":686,"height":400},{"@type":"BreadcrumbList","@id":"https:\/\/www.accountable.eu\/fr-be\/blog\/nombre-independants-belgique\/#breadcrumb","itemListElement":[{"@type":"ListItem","position":1,"name":"Home","item":"https:\/\/www.accountable.eu\/fr-be\/"},{"@type":"ListItem","position":2,"name":"Combien d\u2019ind\u00e9pendants compte la Belgique et o\u00f9 habitent-ils ?\u00a0"}]},{"@type":"WebSite","@id":"https:\/\/www.accountable.eu\/fr-be\/#website","url":"https:\/\/www.accountable.eu\/fr-be\/","name":"Accountable","description":"Your accountant and tax advisor on your smartphone","publisher":{"@id":"https:\/\/www.accountable.eu\/fr-be\/#organization"},"potentialAction":[{"@type":"SearchAction","target":{"@type":"EntryPoint","urlTemplate":"https:\/\/www.accountable.eu\/fr-be\/?s={search_term_string}"},"query-input":{"@type":"PropertyValueSpecification","valueRequired":true,"valueName":"search_term_string"}}],"inLanguage":"fr-BE"},{"@type":"Organization","@id":"https:\/\/www.accountable.eu\/fr-be\/#organization","name":"Accountable","url":"https:\/\/www.accountable.eu\/fr-be\/","logo":{"@type":"ImageObject","inLanguage":"fr-BE","@id":"https:\/\/www.accountable.eu\/fr-be\/#\/schema\/logo\/image\/","url":"https:\/\/www.accountable.eu\/wp-content\/uploads\/2026\/04\/logo-512.png","contentUrl":"https:\/\/www.accountable.eu\/wp-content\/uploads\/2026\/04\/logo-512.png","width":512,"height":512,"caption":"Accountable"},"image":{"@id":"https:\/\/www.accountable.eu\/fr-be\/#\/schema\/logo\/image\/"}},{"@type":"Person","@id":"https:\/\/www.accountable.eu\/fr-be\/#\/schema\/person\/9c85ec213b340ca3e8c8e152f6723a71","name":"julie","image":{"@type":"ImageObject","inLanguage":"fr-BE","@id":"https:\/\/secure.gravatar.com\/avatar\/84976ca8c4076c0af102d23ffc9c9145ea8291e3557ca33fa00841ff5aa46503?s=96&d=mm&r=g","url":"https:\/\/secure.gravatar.com\/avatar\/84976ca8c4076c0af102d23ffc9c9145ea8291e3557ca33fa00841ff5aa46503?s=96&d=mm&r=g","contentUrl":"https:\/\/secure.gravatar.com\/avatar\/84976ca8c4076c0af102d23ffc9c9145ea8291e3557ca33fa00841ff5aa46503?s=96&d=mm&r=g","caption":"julie"}}]}},"_links":{"self":[{"href":"https:\/\/www.accountable.eu\/fr-be\/wp-json\/wp\/v2\/posts\/14415","targetHints":{"allow":["GET"]}}],"collection":[{"href":"https:\/\/www.accountable.eu\/fr-be\/wp-json\/wp\/v2\/posts"}],"about":[{"href":"https:\/\/www.accountable.eu\/fr-be\/wp-json\/wp\/v2\/types\/post"}],"author":[{"embeddable":true,"href":"https:\/\/www.accountable.eu\/fr-be\/wp-json\/wp\/v2\/users\/29"}],"replies":[{"embeddable":true,"href":"https:\/\/www.accountable.eu\/fr-be\/wp-json\/wp\/v2\/comments?post=14415"}],"version-history":[{"count":0,"href":"https:\/\/www.accountable.eu\/fr-be\/wp-json\/wp\/v2\/posts\/14415\/revisions"}],"wp:featuredmedia":[{"embeddable":true,"href":"https:\/\/www.accountable.eu\/fr-be\/wp-json\/wp\/v2\/media\/14428"}],"wp:attachment":[{"href":"https:\/\/www.accountable.eu\/fr-be\/wp-json\/wp\/v2\/media?parent=14415"}],"wp:term":[{"taxonomy":"category","embeddable":true,"href":"https:\/\/www.accountable.eu\/fr-be\/wp-json\/wp\/v2\/categories?post=14415"},{"taxonomy":"post_tag","embeddable":true,"href":"https:\/\/www.accountable.eu\/fr-be\/wp-json\/wp\/v2\/tags?post=14415"}],"curies":[{"name":"wp","href":"https:\/\/api.w.org\/{rel}","templated":true}]}}