{"id":14551,"date":"2024-08-07T12:22:50","date_gmt":"2024-08-07T10:22:50","guid":{"rendered":"https:\/\/fix-blog.local\/?p=14551"},"modified":"2024-08-07T16:28:49","modified_gmt":"2024-08-07T14:28:49","slug":"franchise-tva-ventes-particulier-b2c","status":"publish","type":"post","link":"https:\/\/www.accountable.eu\/fr-be\/blog\/franchise-tva-ventes-particulier-b2c\/","title":{"rendered":"Franchise TVA\u00a0: faut-il facturer la TVA sur les produits vendus \u00e0 un particulier (B2C)\u00a0?"},"content":{"rendered":"\n<p><strong>Vous r\u00eavez d\u2019ouvrir une boutique en ligne en activit\u00e9 compl\u00e9mentaire\u00a0en Belgique ? Si vous pensez gagner moins de 25.000\u00a0\u20ac par an, vous \u00eates \u00e9ligible au r\u00e9gime avantageux de franchise de la TVA pour les petites entreprises. En quoi consiste cette franchise TVA\u00a0? Et faut-il facturer de la TVA si votre client\u00e8le se compose principalement de particuliers\u00a0? Accountable vous explique tout ce que vous devez savoir pour \u00eatre fin pr\u00eat \u00e0 lancer votre boutique en ligne.<\/strong><\/p>\n\n\n\n<h2 class=\"wp-block-heading\"><strong>Qu\u2019est-ce que la franchise de la TVA et qui concerne-t-elle&nbsp;?<\/strong><\/h2>\n\n\n\n<p>En Belgique, si vous fournissez des produits ou des services, vous \u00eates en principe assujetti \u00e0 la TVA. Cela signifie que votre entreprise facture la TVA (taxe sur la valeur ajout\u00e9e).<\/p>\n\n\n\n<p>Pour le dire encore plus simplement, vos clients payent un <strong>montant en plus du prix de votre produit ou de votre service<\/strong>. Un montant que malheureusement, vous ne pouvez pas conserver. En effet, vous devez reverser au SPF Finances toute la TVA que vous avez per\u00e7ue, chaque trimestre.<\/p>\n\n\n\n<p>Mais nous sommes en Belgique, et comme d\u2019habitude, il existe des exceptions\u00a0! Si votre chiffre d\u2019affaires annuel est inf\u00e9rieur \u00e0 25.000\u00a0\u20ac, vous pouvez demander une <a href=\"https:\/\/www.accountable.eu\/fr-be\/blog\/franchise-tva\/\"><strong>exon\u00e9ration de TVA<\/strong><\/a>. Vous ne devez alors <strong>ni facturer de TVA \u00e0 vos clients<\/strong>, ni la reverser. C&rsquo;est \u00e7a, le principe du r\u00e9gime de franchise de la TVA.<\/p>\n\n\n\n<p>La forme juridique sous laquelle vous exercez votre activit\u00e9 d\u2019ind\u00e9pendant n\u2019a aucune influence sur le r\u00e9gime de franchise TVA pour les petites entreprises. Vous pouvez donc \u00eatre exon\u00e9r\u00e9 de TVA <strong>en tant qu\u2019ind\u00e9pendant personne physique \u00e0 titre compl\u00e9mentaire ou \u00e0 titre principal, mais aussi en soci\u00e9t\u00e9<\/strong>. La seule condition, c\u2019est de ne pas d\u00e9passer le seuil du chiffre d\u2019affaires annuel.&nbsp;<\/p>\n\n\n\n<h2 class=\"wp-block-heading\"><strong>TVA et B2C&nbsp;: faut-il facturer la TVA aux particuliers&nbsp;?<\/strong><\/h2>\n\n\n\n<p>De nombreux <strong>ind\u00e9pendants qui tiennent une boutique en ligne en \u00e9tant ind\u00e9pendants compl\u00e9mentaires<\/strong> vendent principalement \u00e0 des particuliers\u00a0: bijoux, cartes de v\u0153ux, c\u00e9ramique, maroquinerie, bougies parfum\u00e9es\u2026 Autant de produits qui s\u2019adressent \u00e0 un public majoritairement B2C, et non (ou en moindre mesure) aux autres entreprises.\u00a0<\/p>\n\n\n\n<p>Dans ce cas-ci, faut-il tout de m\u00eame facturer la TVA sur vos produits ? La r\u00e9ponse est simple :<strong> non,<\/strong> <strong>vous ne devez pas facturer de TVA sur les produits vendus \u00e0 des particuliers<\/strong>.<\/p>\n\n\n\n<p><em>Exemple&nbsp;:<\/em><\/p>\n\n\n\n<p><em>Marie est ind\u00e9pendante \u00e0 titre compl\u00e9mentaire et gagne plus de 25.000\u00a0\u20ac par an. Elle vend des boucles d\u2019oreille faites main sur sa boutique en ligne. Une paire de boucles d\u2019oreille co\u00fbte 15\u00a0\u20ac. Les clients particuliers payent 15\u00a0\u20ac, plus 21\u00a0% de TVA. Au total, les boucles d\u2019oreille co\u00fbteront 18,15 \u20ac aux clients. <\/em><br><em>St\u00e9phanie, concurrente de Marie, tient \u00e9galement une boutique en ligne \u00e0 titre compl\u00e9mentaire. Mais comme son chiffre d\u2019affaires annuel est inf\u00e9rieur \u00e0 25.000\u00a0\u20ac, elle est exempt\u00e9e de facturer la TVA. Une paire de boucles d\u2019oreille de 15\u00a0\u20ac co\u00fbtera donc bel et bien 15\u00a0\u20ac aux clients particuliers.\u00a0<\/em><\/p>\n\n\n\n<h2 class=\"wp-block-heading\"><strong>Avantages et inconv\u00e9nients de la franchise TVA pour les petites entreprises<\/strong><\/h2>\n\n\n\n<p>Vous souhaitez vous lancer en tant qu\u2019ind\u00e9pendant \u00e0 titre compl\u00e9mentaire\u00a0? Vous pouvez alors <a href=\"https:\/\/www.accountable.eu\/fr-be\/blog\/franchise-tva\/\"><strong>demander une exon\u00e9ration de TVA<\/strong><\/a>. Mais vous n&rsquo;\u00eates pas oblig\u00e9 de le fair. Et dans certaines situations, les avantages de la franchise TVA ne font pas le poids face aux inconv\u00e9nients. Voici les points positifs et n\u00e9gatifs de la franchise TVA.<\/p>\n\n\n\n<h3 class=\"wp-block-heading\"><strong>Les avantages de la franchise TVA (B2C)<\/strong><\/h3>\n\n\n\n<p>Revenons \u00e0 notre exemple pr\u00e9c\u00e9dent. Si vous souhaitez vendre des produits faits main sur une boutique en ligne en tant qu\u2019ind\u00e9pendant compl\u00e9mentaire, vous ne devez pas ajouter de TVA \u00e0 vos prix. Vous \u00eates ainsi <strong>plus comp\u00e9titif<\/strong>, puisque vous pouvez <strong>afficher des prix plus bas que vos concurrents<\/strong> assujettis \u00e0 la TVA. (Ou vous pouvez d\u00e9cider de r\u00e9aliser une marge b\u00e9n\u00e9ficiaire plus importante. \u00c0 vous de choisir\u00a0!)<\/p>\n\n\n\n<h3 class=\"wp-block-heading\"><strong>Les inconv\u00e9nients de la franchise TVA pour les ventes B2C<\/strong><\/h3>\n\n\n\n<p>Certes, le prix de vos produits faits main est plus bas pour votre client, mais cela vous co\u00fbtera <strong>plus cher de tenir votre boutique en ligne \u00e0 titre compl\u00e9mentaire<\/strong>. En effet, si vous ne devez pas facturer de TVA \u00e0 vos clients B2C, vous devez en revanche la payer sur tout ce dont vous avez besoin pour votre activit\u00e9 d\u2019ind\u00e9pendant. Cela inclut&nbsp;:<\/p>\n\n\n\n<ul class=\"wp-block-list\">\n<li>Les mati\u00e8res premi\u00e8res et les \u00e9l\u00e9ments n\u00e9cessaires \u00e0 la fabrication de vos produits&nbsp;&nbsp;&nbsp;<\/li>\n\n\n\n<li>Les mat\u00e9riaux d\u2019emballage de vos produits<\/li>\n\n\n\n<li>Les frais d\u2019exp\u00e9dition&nbsp;pour envoyer vos produits \u00e0 des particuliers<\/li>\n\n\n\n<li>La cr\u00e9ation, la gestion et la maintenance de votre site web et de votre boutique en ligne (si vous d\u00e9l\u00e9guez ces t\u00e2ches), le marketing sur les r\u00e9seaux sociaux ou sur Google\u2026<\/li>\n<\/ul>\n\n\n\n<p>Et si vous vendez plut\u00f4t en<strong> B2B<\/strong> ? L\u00e0, c&rsquo;est pour vos clients qu&rsquo;il sera moins avantageux d&rsquo;acheter vos produits ou services. En effet, une entreprise r\u00e9cup\u00e8re la TVA sur ses achats. Mais comme vous ne la facturez pas, dans ce cas-ci, elle ne pourra <strong>pas r\u00e9cup\u00e9rer la TVA<\/strong>. Par cons\u00e9quent, votre produit sera moins int\u00e9ressant que chez un concurrent assujetti \u00e0 la TVA.\u00a0<\/p>\n\n\n\n<p><a href=\"https:\/\/www.accountable.eu\/fr-be\/blog\/franchise-tva-assujettissement\/\">Franchise TVA ou assujettissement&nbsp;? Voici plus de conseils pour faire votre choix<\/a><\/p>\n\n\n\n<h2 class=\"wp-block-heading\"><strong>Franchise TVA &amp; ventes B2C : conclusion&nbsp;<\/strong><\/h2>\n\n\n\n<p>Alors, la franchise TVA est-elle int\u00e9ressante pour les ind\u00e9pendants \u00e0 titre compl\u00e9mentaire qui vendent \u00e0 des particuliers&nbsp;? <strong>Cela d\u00e9pend de votre chiffre d\u2019affaires et de vos frais professionnels.<\/strong>&nbsp;<\/p>\n\n\n\n<p>Si vous avez beaucoup de frais, l&rsquo;assujettissement est probablement plus avantageux pour vous, car vous pourrez <strong>r\u00e9cup\u00e9rer la TVA sur vos achats<\/strong>.<\/p>\n\n\n\n<p>Vous pensez que vous allez gagner plus de 25.000\u00a0\u20ac par an\u00a0? Vous pouvez toujours vous lancer sous la franchise TVA, puis <strong>passer \u00e0 l\u2019assujettissement \u00e0 la TVA<\/strong> lorsque vous voyez que vous allez franchir le seuil impos\u00e9. D\u2019ailleurs, l\u2019assujettissement devient obligatoire d\u00e8s que vous d\u00e9passez la barre des 25.000\u00a0\u20ac de chiffre d\u2019affaires. Chaque euro suppl\u00e9mentaire est alors soumis \u00e0 la TVA. En d\u2019autres mots, vous devrez facturer la TVA \u00e0 vos clients B2C.<\/p>\n\n\n\n<h2 class=\"wp-block-heading\"><strong>Accountable est l\u00e0 pour vous<\/strong><\/h2>\n\n\n\n<p>Accountable vous aide \u00e0 tenir la comptabilit\u00e9 de votre boutique en ligne en toute simplicit\u00e9 et \u00e0 \u00e9tablir une d\u00e9claration fiscale sans erreur. Vous allez bient\u00f4t \u00eatre assujetti \u00e0 la TVA&nbsp;? Signalez-le-nous et nous vous aiderons \u00e0 \u00e9tablir vos d\u00e9clarations \u00e0 la TVA.*<\/p>\n\n\n\n<p><a href=\"https:\/\/web.accountable.eu\/signup?\"><strong>Testez Accountable gratuitement pendant 14&nbsp;jours<\/strong><\/a>.<\/p>\n\n\n\n<p><em>*\u00c0 l\u2019exception des d\u00e9clarations TVA \u00e0 l\u2019\u00e9tranger.<\/em><\/p>\n","protected":false},"excerpt":{"rendered":"<p>Vous r\u00eavez d\u2019ouvrir une boutique en ligne en activit\u00e9 compl\u00e9mentaire\u00a0en Belgique ? Si vous pensez gagner moins de 25.000\u00a0\u20ac par an, vous \u00eates \u00e9ligible au r\u00e9gime avantageux de franchise de la TVA pour les petites entreprises. En quoi consiste cette franchise TVA\u00a0? Et faut-il facturer de la TVA si votre client\u00e8le se compose principalement de [&hellip;]<\/p>\n","protected":false},"author":29,"featured_media":14273,"comment_status":"closed","ping_status":"closed","sticky":false,"template":"","format":"standard","meta":{"inline_featured_image":false,"footnotes":""},"categories":[240],"tags":[298,315],"class_list":["post-14551","post","type-post","status-publish","format-standard","has-post-thumbnail","hentry","category-uncategorized-fr-be","tag-activite-complementaire","tag-tva"],"acf":[],"yoast_head":"<!-- This site is optimized with the Yoast SEO plugin v27.4 - https:\/\/yoast.com\/product\/yoast-seo-wordpress\/ -->\n<title>Franchise TVA : faut-il facturer la TVA \u00e0 des particuliers ? - Accountable<\/title>\n<meta name=\"description\" content=\"Si vous \u00eates ind\u00e9pendant compl\u00e9mentaire sous le r\u00e9gime de franchise de la TVA, vous ne devez pas facturer de TVA \u00e0 vos clients. M\u00eame les clients B2C.\" \/>\n<meta name=\"robots\" content=\"index, follow, max-snippet:-1, max-image-preview:large, max-video-preview:-1\" \/>\n<link rel=\"canonical\" href=\"https:\/\/www.accountable.eu\/fr-be\/blog\/franchise-tva-ventes-particulier-b2c\/\" \/>\n<meta property=\"og:locale\" content=\"fr_FR\" \/>\n<meta property=\"og:type\" content=\"article\" \/>\n<meta property=\"og:title\" content=\"Franchise TVA : faut-il facturer la TVA \u00e0 des particuliers ? - Accountable\" \/>\n<meta property=\"og:description\" content=\"Si vous \u00eates ind\u00e9pendant compl\u00e9mentaire sous le r\u00e9gime de franchise de la TVA, vous ne devez pas facturer de TVA \u00e0 vos clients. M\u00eame les clients B2C.\" \/>\n<meta property=\"og:url\" content=\"https:\/\/www.accountable.eu\/fr-be\/blog\/franchise-tva-ventes-particulier-b2c\/\" \/>\n<meta property=\"og:site_name\" content=\"Accountable\" \/>\n<meta property=\"article:published_time\" content=\"2024-08-07T10:22:50+00:00\" \/>\n<meta property=\"article:modified_time\" content=\"2024-08-07T14:28:49+00:00\" \/>\n<meta property=\"og:image\" content=\"https:\/\/www.accountable.eu\/wp-content\/uploads\/2024\/07\/btw-particulieren.png\" \/>\n\t<meta property=\"og:image:width\" content=\"762\" \/>\n\t<meta property=\"og:image:height\" content=\"444\" \/>\n\t<meta property=\"og:image:type\" content=\"image\/png\" \/>\n<meta name=\"author\" content=\"julie\" \/>\n<meta name=\"twitter:card\" content=\"summary_large_image\" \/>\n<meta name=\"twitter:label1\" content=\"\u00c9crit par\" \/>\n\t<meta name=\"twitter:data1\" content=\"julie\" \/>\n\t<meta name=\"twitter:label2\" content=\"Dur\u00e9e de lecture est.\" \/>\n\t<meta name=\"twitter:data2\" content=\"5 minutes\" \/>\n<script type=\"application\/ld+json\" class=\"yoast-schema-graph\">{\"@context\":\"https:\\\/\\\/schema.org\",\"@graph\":[{\"@type\":\"Article\",\"@id\":\"https:\\\/\\\/www.accountable.eu\\\/fr-be\\\/blog\\\/franchise-tva-ventes-particulier-b2c\\\/#article\",\"isPartOf\":{\"@id\":\"https:\\\/\\\/www.accountable.eu\\\/fr-be\\\/blog\\\/franchise-tva-ventes-particulier-b2c\\\/\"},\"author\":{\"name\":\"julie\",\"@id\":\"https:\\\/\\\/www.accountable.eu\\\/fr-be\\\/#\\\/schema\\\/person\\\/9c85ec213b340ca3e8c8e152f6723a71\"},\"headline\":\"Franchise TVA\u00a0: faut-il facturer la TVA sur les produits vendus \u00e0 un particulier (B2C)\u00a0?\",\"datePublished\":\"2024-08-07T10:22:50+00:00\",\"dateModified\":\"2024-08-07T14:28:49+00:00\",\"mainEntityOfPage\":{\"@id\":\"https:\\\/\\\/www.accountable.eu\\\/fr-be\\\/blog\\\/franchise-tva-ventes-particulier-b2c\\\/\"},\"wordCount\":1104,\"publisher\":{\"@id\":\"https:\\\/\\\/www.accountable.eu\\\/fr-be\\\/#organization\"},\"image\":{\"@id\":\"https:\\\/\\\/www.accountable.eu\\\/fr-be\\\/blog\\\/franchise-tva-ventes-particulier-b2c\\\/#primaryimage\"},\"thumbnailUrl\":\"https:\\\/\\\/www.accountable.eu\\\/wp-content\\\/uploads\\\/2024\\\/07\\\/btw-particulieren.png\",\"keywords\":[\"Activit\u00e9 compl\u00e9mentaire\",\"TVA\"],\"articleSection\":[\"Uncategorized @fr-be\"],\"inLanguage\":\"fr-BE\"},{\"@type\":\"WebPage\",\"@id\":\"https:\\\/\\\/www.accountable.eu\\\/fr-be\\\/blog\\\/franchise-tva-ventes-particulier-b2c\\\/\",\"url\":\"https:\\\/\\\/www.accountable.eu\\\/fr-be\\\/blog\\\/franchise-tva-ventes-particulier-b2c\\\/\",\"name\":\"Franchise TVA : faut-il facturer la TVA \u00e0 des particuliers ? - Accountable\",\"isPartOf\":{\"@id\":\"https:\\\/\\\/www.accountable.eu\\\/fr-be\\\/#website\"},\"primaryImageOfPage\":{\"@id\":\"https:\\\/\\\/www.accountable.eu\\\/fr-be\\\/blog\\\/franchise-tva-ventes-particulier-b2c\\\/#primaryimage\"},\"image\":{\"@id\":\"https:\\\/\\\/www.accountable.eu\\\/fr-be\\\/blog\\\/franchise-tva-ventes-particulier-b2c\\\/#primaryimage\"},\"thumbnailUrl\":\"https:\\\/\\\/www.accountable.eu\\\/wp-content\\\/uploads\\\/2024\\\/07\\\/btw-particulieren.png\",\"datePublished\":\"2024-08-07T10:22:50+00:00\",\"dateModified\":\"2024-08-07T14:28:49+00:00\",\"description\":\"Si vous \u00eates ind\u00e9pendant compl\u00e9mentaire sous le r\u00e9gime de franchise de la TVA, vous ne devez pas facturer de TVA \u00e0 vos clients. M\u00eame les clients B2C.\",\"breadcrumb\":{\"@id\":\"https:\\\/\\\/www.accountable.eu\\\/fr-be\\\/blog\\\/franchise-tva-ventes-particulier-b2c\\\/#breadcrumb\"},\"inLanguage\":\"fr-BE\",\"potentialAction\":[{\"@type\":\"ReadAction\",\"target\":[\"https:\\\/\\\/www.accountable.eu\\\/fr-be\\\/blog\\\/franchise-tva-ventes-particulier-b2c\\\/\"]}]},{\"@type\":\"ImageObject\",\"inLanguage\":\"fr-BE\",\"@id\":\"https:\\\/\\\/www.accountable.eu\\\/fr-be\\\/blog\\\/franchise-tva-ventes-particulier-b2c\\\/#primaryimage\",\"url\":\"https:\\\/\\\/www.accountable.eu\\\/wp-content\\\/uploads\\\/2024\\\/07\\\/btw-particulieren.png\",\"contentUrl\":\"https:\\\/\\\/www.accountable.eu\\\/wp-content\\\/uploads\\\/2024\\\/07\\\/btw-particulieren.png\",\"width\":762,\"height\":444,\"caption\":\"Geldt de btw-vrijstelling ook als je voornamelijk aan B2C verkoopt?\"},{\"@type\":\"BreadcrumbList\",\"@id\":\"https:\\\/\\\/www.accountable.eu\\\/fr-be\\\/blog\\\/franchise-tva-ventes-particulier-b2c\\\/#breadcrumb\",\"itemListElement\":[{\"@type\":\"ListItem\",\"position\":1,\"name\":\"Home\",\"item\":\"https:\\\/\\\/www.accountable.eu\\\/fr-be\\\/\"},{\"@type\":\"ListItem\",\"position\":2,\"name\":\"Franchise TVA\u00a0: faut-il facturer la TVA sur les produits vendus \u00e0 un particulier (B2C)\u00a0?\"}]},{\"@type\":\"WebSite\",\"@id\":\"https:\\\/\\\/www.accountable.eu\\\/fr-be\\\/#website\",\"url\":\"https:\\\/\\\/www.accountable.eu\\\/fr-be\\\/\",\"name\":\"Accountable\",\"description\":\"Your accountant and tax advisor on your smartphone\",\"publisher\":{\"@id\":\"https:\\\/\\\/www.accountable.eu\\\/fr-be\\\/#organization\"},\"potentialAction\":[{\"@type\":\"SearchAction\",\"target\":{\"@type\":\"EntryPoint\",\"urlTemplate\":\"https:\\\/\\\/www.accountable.eu\\\/fr-be\\\/?s={search_term_string}\"},\"query-input\":{\"@type\":\"PropertyValueSpecification\",\"valueRequired\":true,\"valueName\":\"search_term_string\"}}],\"inLanguage\":\"fr-BE\"},{\"@type\":\"Organization\",\"@id\":\"https:\\\/\\\/www.accountable.eu\\\/fr-be\\\/#organization\",\"name\":\"Accountable\",\"url\":\"https:\\\/\\\/www.accountable.eu\\\/fr-be\\\/\",\"logo\":{\"@type\":\"ImageObject\",\"inLanguage\":\"fr-BE\",\"@id\":\"https:\\\/\\\/www.accountable.eu\\\/fr-be\\\/#\\\/schema\\\/logo\\\/image\\\/\",\"url\":\"https:\\\/\\\/www.accountable.eu\\\/wp-content\\\/uploads\\\/2026\\\/04\\\/logo-512.png\",\"contentUrl\":\"https:\\\/\\\/www.accountable.eu\\\/wp-content\\\/uploads\\\/2026\\\/04\\\/logo-512.png\",\"width\":512,\"height\":512,\"caption\":\"Accountable\"},\"image\":{\"@id\":\"https:\\\/\\\/www.accountable.eu\\\/fr-be\\\/#\\\/schema\\\/logo\\\/image\\\/\"}},{\"@type\":\"Person\",\"@id\":\"https:\\\/\\\/www.accountable.eu\\\/fr-be\\\/#\\\/schema\\\/person\\\/9c85ec213b340ca3e8c8e152f6723a71\",\"name\":\"julie\",\"image\":{\"@type\":\"ImageObject\",\"inLanguage\":\"fr-BE\",\"@id\":\"https:\\\/\\\/secure.gravatar.com\\\/avatar\\\/84976ca8c4076c0af102d23ffc9c9145ea8291e3557ca33fa00841ff5aa46503?s=96&d=mm&r=g\",\"url\":\"https:\\\/\\\/secure.gravatar.com\\\/avatar\\\/84976ca8c4076c0af102d23ffc9c9145ea8291e3557ca33fa00841ff5aa46503?s=96&d=mm&r=g\",\"contentUrl\":\"https:\\\/\\\/secure.gravatar.com\\\/avatar\\\/84976ca8c4076c0af102d23ffc9c9145ea8291e3557ca33fa00841ff5aa46503?s=96&d=mm&r=g\",\"caption\":\"julie\"}}]}<\/script>\n<!-- \/ Yoast SEO plugin. -->","yoast_head_json":{"title":"Franchise TVA : faut-il facturer la TVA \u00e0 des particuliers ? - Accountable","description":"Si vous \u00eates ind\u00e9pendant compl\u00e9mentaire sous le r\u00e9gime de franchise de la TVA, vous ne devez pas facturer de TVA \u00e0 vos clients. M\u00eame les clients B2C.","robots":{"index":"index","follow":"follow","max-snippet":"max-snippet:-1","max-image-preview":"max-image-preview:large","max-video-preview":"max-video-preview:-1"},"canonical":"https:\/\/www.accountable.eu\/fr-be\/blog\/franchise-tva-ventes-particulier-b2c\/","og_locale":"fr_FR","og_type":"article","og_title":"Franchise TVA : faut-il facturer la TVA \u00e0 des particuliers ? - Accountable","og_description":"Si vous \u00eates ind\u00e9pendant compl\u00e9mentaire sous le r\u00e9gime de franchise de la TVA, vous ne devez pas facturer de TVA \u00e0 vos clients. M\u00eame les clients B2C.","og_url":"https:\/\/www.accountable.eu\/fr-be\/blog\/franchise-tva-ventes-particulier-b2c\/","og_site_name":"Accountable","article_published_time":"2024-08-07T10:22:50+00:00","article_modified_time":"2024-08-07T14:28:49+00:00","og_image":[{"width":762,"height":444,"url":"https:\/\/www.accountable.eu\/wp-content\/uploads\/2024\/07\/btw-particulieren.png","type":"image\/png"}],"author":"julie","twitter_card":"summary_large_image","twitter_misc":{"\u00c9crit par":"julie","Dur\u00e9e de lecture est.":"5 minutes"},"schema":{"@context":"https:\/\/schema.org","@graph":[{"@type":"Article","@id":"https:\/\/www.accountable.eu\/fr-be\/blog\/franchise-tva-ventes-particulier-b2c\/#article","isPartOf":{"@id":"https:\/\/www.accountable.eu\/fr-be\/blog\/franchise-tva-ventes-particulier-b2c\/"},"author":{"name":"julie","@id":"https:\/\/www.accountable.eu\/fr-be\/#\/schema\/person\/9c85ec213b340ca3e8c8e152f6723a71"},"headline":"Franchise TVA\u00a0: faut-il facturer la TVA sur les produits vendus \u00e0 un particulier (B2C)\u00a0?","datePublished":"2024-08-07T10:22:50+00:00","dateModified":"2024-08-07T14:28:49+00:00","mainEntityOfPage":{"@id":"https:\/\/www.accountable.eu\/fr-be\/blog\/franchise-tva-ventes-particulier-b2c\/"},"wordCount":1104,"publisher":{"@id":"https:\/\/www.accountable.eu\/fr-be\/#organization"},"image":{"@id":"https:\/\/www.accountable.eu\/fr-be\/blog\/franchise-tva-ventes-particulier-b2c\/#primaryimage"},"thumbnailUrl":"https:\/\/www.accountable.eu\/wp-content\/uploads\/2024\/07\/btw-particulieren.png","keywords":["Activit\u00e9 compl\u00e9mentaire","TVA"],"articleSection":["Uncategorized @fr-be"],"inLanguage":"fr-BE"},{"@type":"WebPage","@id":"https:\/\/www.accountable.eu\/fr-be\/blog\/franchise-tva-ventes-particulier-b2c\/","url":"https:\/\/www.accountable.eu\/fr-be\/blog\/franchise-tva-ventes-particulier-b2c\/","name":"Franchise TVA : faut-il facturer la TVA \u00e0 des particuliers ? - Accountable","isPartOf":{"@id":"https:\/\/www.accountable.eu\/fr-be\/#website"},"primaryImageOfPage":{"@id":"https:\/\/www.accountable.eu\/fr-be\/blog\/franchise-tva-ventes-particulier-b2c\/#primaryimage"},"image":{"@id":"https:\/\/www.accountable.eu\/fr-be\/blog\/franchise-tva-ventes-particulier-b2c\/#primaryimage"},"thumbnailUrl":"https:\/\/www.accountable.eu\/wp-content\/uploads\/2024\/07\/btw-particulieren.png","datePublished":"2024-08-07T10:22:50+00:00","dateModified":"2024-08-07T14:28:49+00:00","description":"Si vous \u00eates ind\u00e9pendant compl\u00e9mentaire sous le r\u00e9gime de franchise de la TVA, vous ne devez pas facturer de TVA \u00e0 vos clients. M\u00eame les clients B2C.","breadcrumb":{"@id":"https:\/\/www.accountable.eu\/fr-be\/blog\/franchise-tva-ventes-particulier-b2c\/#breadcrumb"},"inLanguage":"fr-BE","potentialAction":[{"@type":"ReadAction","target":["https:\/\/www.accountable.eu\/fr-be\/blog\/franchise-tva-ventes-particulier-b2c\/"]}]},{"@type":"ImageObject","inLanguage":"fr-BE","@id":"https:\/\/www.accountable.eu\/fr-be\/blog\/franchise-tva-ventes-particulier-b2c\/#primaryimage","url":"https:\/\/www.accountable.eu\/wp-content\/uploads\/2024\/07\/btw-particulieren.png","contentUrl":"https:\/\/www.accountable.eu\/wp-content\/uploads\/2024\/07\/btw-particulieren.png","width":762,"height":444,"caption":"Geldt de btw-vrijstelling ook als je voornamelijk aan B2C verkoopt?"},{"@type":"BreadcrumbList","@id":"https:\/\/www.accountable.eu\/fr-be\/blog\/franchise-tva-ventes-particulier-b2c\/#breadcrumb","itemListElement":[{"@type":"ListItem","position":1,"name":"Home","item":"https:\/\/www.accountable.eu\/fr-be\/"},{"@type":"ListItem","position":2,"name":"Franchise TVA\u00a0: faut-il facturer la TVA sur les produits vendus \u00e0 un particulier (B2C)\u00a0?"}]},{"@type":"WebSite","@id":"https:\/\/www.accountable.eu\/fr-be\/#website","url":"https:\/\/www.accountable.eu\/fr-be\/","name":"Accountable","description":"Your accountant and tax advisor on your smartphone","publisher":{"@id":"https:\/\/www.accountable.eu\/fr-be\/#organization"},"potentialAction":[{"@type":"SearchAction","target":{"@type":"EntryPoint","urlTemplate":"https:\/\/www.accountable.eu\/fr-be\/?s={search_term_string}"},"query-input":{"@type":"PropertyValueSpecification","valueRequired":true,"valueName":"search_term_string"}}],"inLanguage":"fr-BE"},{"@type":"Organization","@id":"https:\/\/www.accountable.eu\/fr-be\/#organization","name":"Accountable","url":"https:\/\/www.accountable.eu\/fr-be\/","logo":{"@type":"ImageObject","inLanguage":"fr-BE","@id":"https:\/\/www.accountable.eu\/fr-be\/#\/schema\/logo\/image\/","url":"https:\/\/www.accountable.eu\/wp-content\/uploads\/2026\/04\/logo-512.png","contentUrl":"https:\/\/www.accountable.eu\/wp-content\/uploads\/2026\/04\/logo-512.png","width":512,"height":512,"caption":"Accountable"},"image":{"@id":"https:\/\/www.accountable.eu\/fr-be\/#\/schema\/logo\/image\/"}},{"@type":"Person","@id":"https:\/\/www.accountable.eu\/fr-be\/#\/schema\/person\/9c85ec213b340ca3e8c8e152f6723a71","name":"julie","image":{"@type":"ImageObject","inLanguage":"fr-BE","@id":"https:\/\/secure.gravatar.com\/avatar\/84976ca8c4076c0af102d23ffc9c9145ea8291e3557ca33fa00841ff5aa46503?s=96&d=mm&r=g","url":"https:\/\/secure.gravatar.com\/avatar\/84976ca8c4076c0af102d23ffc9c9145ea8291e3557ca33fa00841ff5aa46503?s=96&d=mm&r=g","contentUrl":"https:\/\/secure.gravatar.com\/avatar\/84976ca8c4076c0af102d23ffc9c9145ea8291e3557ca33fa00841ff5aa46503?s=96&d=mm&r=g","caption":"julie"}}]}},"_links":{"self":[{"href":"https:\/\/www.accountable.eu\/fr-be\/wp-json\/wp\/v2\/posts\/14551","targetHints":{"allow":["GET"]}}],"collection":[{"href":"https:\/\/www.accountable.eu\/fr-be\/wp-json\/wp\/v2\/posts"}],"about":[{"href":"https:\/\/www.accountable.eu\/fr-be\/wp-json\/wp\/v2\/types\/post"}],"author":[{"embeddable":true,"href":"https:\/\/www.accountable.eu\/fr-be\/wp-json\/wp\/v2\/users\/29"}],"replies":[{"embeddable":true,"href":"https:\/\/www.accountable.eu\/fr-be\/wp-json\/wp\/v2\/comments?post=14551"}],"version-history":[{"count":0,"href":"https:\/\/www.accountable.eu\/fr-be\/wp-json\/wp\/v2\/posts\/14551\/revisions"}],"wp:featuredmedia":[{"embeddable":true,"href":"https:\/\/www.accountable.eu\/fr-be\/wp-json\/wp\/v2\/media\/14273"}],"wp:attachment":[{"href":"https:\/\/www.accountable.eu\/fr-be\/wp-json\/wp\/v2\/media?parent=14551"}],"wp:term":[{"taxonomy":"category","embeddable":true,"href":"https:\/\/www.accountable.eu\/fr-be\/wp-json\/wp\/v2\/categories?post=14551"},{"taxonomy":"post_tag","embeddable":true,"href":"https:\/\/www.accountable.eu\/fr-be\/wp-json\/wp\/v2\/tags?post=14551"}],"curies":[{"name":"wp","href":"https:\/\/api.w.org\/{rel}","templated":true}]}}