{"id":16362,"date":"2024-12-03T14:57:43","date_gmt":"2024-12-03T13:57:43","guid":{"rendered":"https:\/\/www.accountable.eu\/?p=16362"},"modified":"2024-12-03T14:57:45","modified_gmt":"2024-12-03T13:57:45","slug":"frais-deductibles-avocats","status":"publish","type":"post","link":"https:\/\/www.accountable.eu\/fr-be\/blog\/frais-deductibles-avocats\/","title":{"rendered":"Liste de frais d\u00e9ductibles pour avocats et juristes ind\u00e9pendants"},"content":{"rendered":"\n<p><strong>Les avocats sont pratiquement toujours ind\u00e9pendants. Les consultants juridiques ind\u00e9pendants sont eux aussi de plus en plus nombreux. Qu\u2019ils exercent en soci\u00e9t\u00e9 ou en personne physique, les experts juridiques font face \u00e0 des frais professionnels. M\u00eame les juristes \u00e0 titre compl\u00e9mentaire peuvent d\u00e9duire certains frais.\u00a0Alors nous vous<\/strong> <strong>avons pr\u00e9par\u00e9 une liste de frais professionnels d\u00e9ductibles rien que pour les avocats et les juristes.\u00a0<\/strong><\/p>\n\n\n\n<h2 class=\"wp-block-heading\"><strong>Frais fiscalement d\u00e9ductibles\u00a0: de quoi parle-t-on ?<\/strong><\/h2>\n\n\n\n<p><strong>Les frais fiscalement d\u00e9ductibles ou frais professionnels sont des d\u00e9penses gr\u00e2ce auxquelles vous pouvez d\u00e9velopper le chiffre d&rsquo;affaires de votre entreprise.<\/strong>&nbsp;Par exemple, votre smartphone et votre abonnement t\u00e9l\u00e9phonique vous permettent de rester en contact avec vos clients, ce qui est crucial pour votre activit\u00e9 d\u2019ind\u00e9pendant. Vous avez donc le droit de d\u00e9duire (une partie de) ces frais fiscalement.<\/p>\n\n\n\n<p><a href=\"https:\/\/www.accountable.eu\/fr-be\/blog\/frais-deductibles-independant\/\"><strong>En savoir plus sur les frais d\u00e9ductibles<\/strong><\/a><\/p>\n\n\n\n<h2 class=\"wp-block-heading\"><strong>Voici les frais professionnels pour les avocats et juristes<\/strong><\/h2>\n\n\n\n<h3 class=\"wp-block-heading\"><strong>1. L\u2019am\u00e9nagement de votre bureau<\/strong><\/h3>\n\n\n\n<p>Vous souhaitez recevoir vos clients dans un bureau professionnel&nbsp;; un cadre o\u00f9 vos clients peuvent se livrer en toute tranquillit\u00e9, ou un espace neutre o\u00f9 on peut agir comme m\u00e9diateur entre diff\u00e9rentes parties.&nbsp;<\/p>\n\n\n\n<p><strong>Quelle que soient vos go\u00fbts en mati\u00e8re d\u2019am\u00e9nagement de bureau, vous pouvez d\u00e9duire fiscalement<\/strong>&nbsp;vos <strong>meubles<\/strong>, <strong>votre bureau<\/strong>, <strong>vos tables, vos chaises, <\/strong>un <strong>canap\u00e9<\/strong> et m\u00eame la d\u00e9coration et les plantes.&nbsp;<\/p>\n\n\n\n<p><strong>2. Les locaux<\/strong><\/p>\n\n\n\n<p>Diff\u00e9rentes possibilit\u00e9s s\u2019offrent \u00e0 vous.<\/p>\n\n\n\n<ul class=\"wp-block-list\">\n<li>Vous disposez d\u2019un <strong>espace dans votre habitation<\/strong> pour recevoir vos clients\u00a0? Vous pouvez dans ce cas d\u00e9duire une partie de vos int\u00e9r\u00eats hypoth\u00e9caires en frais professionnels.<\/li>\n\n\n\n<li>Vous louez ou vous avez achet\u00e9 un <strong>bureau s\u00e9par\u00e9<\/strong>\u00a0? Ces frais sont alors 100\u00a0% d\u00e9ductibles.<\/li>\n\n\n\n<li><strong>Vous louez une habitation et vous utilisez une partie comme espace de travail<\/strong>\u00a0? Vous ne pouvez pas d\u00e9duire votre loyer, \u00e0 moins que votre bail le stipule.<\/li>\n<\/ul>\n\n\n\n<p>\ud83d\udca1<a href=\"https:\/\/www.fraispro.be\/loyer\"><strong>En savoir plus sur la d\u00e9duction de votre loyer<\/strong><\/a><\/p>\n\n\n\n<p>En plus des locaux, vous pouvez d\u00e9duire l\u2019<strong>assurance incendie<\/strong> et les factures <strong>d\u2019\u00e9lectricit\u00e9, d\u2019eau et de gaz<\/strong>, mais aussi les <strong>frais de nettoyage<\/strong>. Ces d\u00e9penses sont 100&nbsp;% d\u00e9ductibles si vous louez un bureau dans un b\u00e2timent distinct, et partiellement d\u00e9ductibles s\u2019il se trouve dans votre habitation.&nbsp;<\/p>\n\n\n\n<h3 class=\"wp-block-heading\"><strong>3. T\u00e9l\u00e9phonie, informatique et abonnements<\/strong><\/h3>\n\n\n\n<p><strong>Ordinateur portable, smartphone, abonnement t\u00e9l\u00e9phonique, internet<\/strong>\u2026 Quel entrepreneur pourrait encore s\u2019en passer aujourd\u2019hui&nbsp;? Il s\u2019agit de d\u00e9penses courantes essentielles pour toute activit\u00e9 d\u2019ind\u00e9pendant.<\/p>\n\n\n\n<p>Si vous disposez d\u2019une <strong>imprimante<\/strong> au bureau, vous pouvez la d\u00e9duire fiscalement, tout comme les <strong>solutions de stockage<\/strong> qui vous permettent de conserver vos re\u00e7us et autres documents au format \u00e9lectronique.<\/p>\n\n\n\n<p>D\u2019ailleurs, l\u2019achat d\u2019appareils tels qu\u2019une imprimante, un ordinateur portable et un smartphone sont des investissements \u00e0 <a href=\"https:\/\/www.accountable.eu\/fr-be\/blog\/amortir-des-couts-quand-et-comment\/\"><strong>amortir<\/strong><\/a> sur plusieurs ann\u00e9es.&nbsp;<\/p>\n\n\n\n<p>Les appareils r\u00e9serv\u00e9s \u00e0 votre travail sont 100&nbsp;% d\u00e9ductibles. Si vous utilisez \u00e9galement votre GSM ou internet \u00e0 titre priv\u00e9, il s\u2019agit alors de <strong>frais mixtes que vous d\u00e9duirez en fonction de l\u2019usage professionnel que vous en faites<\/strong>.<\/p>\n\n\n\n<h3 class=\"wp-block-heading\"><strong>4. Logiciels et licences sp\u00e9cifiques<\/strong><\/h3>\n\n\n\n<p>Les logiciels et autres outils que vous utilisez pour rester inform\u00e9 des derni\u00e8res r\u00e9glementations et faire des recherches sur la juridiction relative \u00e0 un sujet sp\u00e9cifique\u00a0: autant de ressources qui vous permettent de consacrer votre temps pr\u00e9cieux au v\u00e9ritable travail de r\u00e9flexion.\u00a0<\/p>\n\n\n\n<h3 class=\"wp-block-heading\"><strong>5. \u00c9crans et logiciel de pr\u00e9sentation<\/strong><\/h3>\n\n\n\n<p>Vous aimez montrer votre dossier \u00e0 vos clients ou vos coll\u00e8gues sur <strong>grand \u00e9cran<\/strong>&nbsp;? Pratique pour r\u00e9aliser des modifications et des corrections en un instant&nbsp;!<\/p>\n\n\n\n<p>Vous avez plut\u00f4t besoin d\u2019un <strong>deuxi\u00e8me \u00e9cran<\/strong> pour travailler en toute ergonomie&nbsp;? N\u2019oubliez pas de d\u00e9duire l\u2019achat de cet appareil et du <strong>logiciel de pr\u00e9sentation<\/strong> de votre chiffre d\u2019affaires ou de vos revenus imposables.&nbsp;<\/p>\n\n\n\n<h3 class=\"wp-block-heading\"><strong>6. Fournitures de bureau<\/strong><\/h3>\n\n\n\n<p>Papier, classeurs, carnets, enveloppes, stylos\u2026 Les <strong>fournitures de bureau<\/strong> classiques sont essentielles pour votre travail quotidien\u00a0et donc 100\u00a0% d\u00e9ductibles.<\/p>\n\n\n\n<h3 class=\"wp-block-heading\"><strong>7. Courrier et frais d\u2019envoi<\/strong><\/h3>\n\n\n\n<p>Certains documents doivent encore \u00eatre envoy\u00e9s au format papier, surtout s\u2019ils ont un caract\u00e8re officiel. Vous achetez une <strong>feuille de timbres<\/strong>, pr\u00e9parez un <strong>envoi recommand\u00e9<\/strong> ou cr\u00e9ez un formulaire d\u2019exp\u00e9dition en ligne\u00a0? Tous ces frais sont d\u00e9ductibles.\u00a0<\/p>\n\n\n\n<h3 class=\"wp-block-heading\"><strong>8. Transport<\/strong><\/h3>\n\n\n\n<p>La <strong>d\u00e9ductibilit\u00e9 fiscale d\u2019une voiture<\/strong> et tout ce qui s\u2019y rattache se calcule \u00e0 partir de la <a href=\"https:\/\/www.accountable.eu\/fr-be\/blog\/voiture-de-societe-independant\/\"><strong>formule CO2<\/strong><\/a>. M\u00eame <strong>votre v\u00e9lo est d\u00e9ductible fiscalement<\/strong>.<\/p>\n\n\n\n<p>Vous prenez les <a href=\"https:\/\/www.fraispro.be\/transports-en-commun\"><strong>transports publics<\/strong><\/a>&nbsp;? Les tickets pour vos d\u00e9placements professionnels sont \u00e9galement <strong>d\u00e9ductibles<\/strong>. Il en va de m\u00eame pour le <strong>taxi<\/strong> et <strong>Uber<\/strong>, \u00e0 condition que le d\u00e9placement soit uniquement \u00e0 titre professionnel.<\/p>\n\n\n\n<p><strong>\u26a0\ufe0f Attention, les d\u00e9placements entre le travail et le domicile ne sont pas fiscalement d\u00e9ductibles<\/strong><\/p>\n\n\n\n<h3 class=\"wp-block-heading\"><strong>9. Assurances et frais juridiques<\/strong><\/h3>\n\n\n\n<p>En tant que juriste, mieux vaut \u00eatre bien assur\u00e9 contre les fautes professionnelles et autres risques li\u00e9s \u00e0 votre travail. Selon votre sp\u00e9cialisation, vous aurez besoin de diff\u00e9rentes <strong>assurances<\/strong>, qui co\u00fbtent un certain prix. Heureusement, toutes ces d\u00e9penses sont consid\u00e9r\u00e9es comme des frais professionnels.\u00a0<\/p>\n\n\n\n<h3 class=\"wp-block-heading\"><strong>10. Reconnaissance professionnelle\u00a0<\/strong><\/h3>\n\n\n\n<p>Le titre d\u2019avocat ne s\u2019obtient pas du jour au lendemain. Apr\u00e8s les \u00e9tudes et le stage, vous devez vous inscrire au Barreau, pr\u00eater serment et \u00eatre reconnu officiellement. Un processus de longue haleine, qui implique des frais professionnels.\u00a0<\/p>\n\n\n\n<h3 class=\"wp-block-heading\"><strong>11. Adh\u00e9sion \u00e0 une association professionnelle<\/strong><\/h3>\n\n\n\n<p>Pensons \u00e9galement aux organisations qui d\u00e9fendent vos int\u00e9r\u00eats. Il en existe de toutes sortes, en fonction de votre sp\u00e9cialisation et de votre expertise. Votre <strong>cotisation annuelle<\/strong> est fiscalement d\u00e9ductible.<\/p>\n\n\n\n<h3 class=\"wp-block-heading\"><strong>12. Formation et litt\u00e9rature sp\u00e9cialis\u00e9e<\/strong><\/h3>\n\n\n\n<p>En tant que juriste, vous souhaitez vous tenir inform\u00e9 des <strong>derni\u00e8res l\u00e9gislations et nouveaut\u00e9s<\/strong>. Il est donc probable que vous suiviez r\u00e9guli\u00e8rement des formations et que vous ayez un abonnement payant \u00e0 des revues professionnelles et \u00e0 des sites web sp\u00e9cialis\u00e9s.\u00a0<\/p>\n\n\n\n<h3 class=\"wp-block-heading\"><strong>13. S\u00e9minaires et voyages d\u2019affaires\u00a0<\/strong><\/h3>\n\n\n\n<p>Vous voyagez dans le cadre d\u2019un dossier ou pour vous rendre \u00e0 un s\u00e9minaire ou \u00e0 une formation&nbsp;? Conservez votre <strong>billet <\/strong>avec vos <strong>frais de d\u00e9placement <\/strong>et votre <strong>facture d\u2019h\u00f4tel<\/strong> et soumettez-les si possible lors du m\u00eame trimestre. Le fisc saura ainsi qu\u2019il s\u2019agissait d\u2019un d\u00e9placement d\u2019affaire, et pas d\u2019un voyage pour le plaisir.<\/p>\n\n\n\n<p><a href=\"https:\/\/www.fraispro.be\/frais-de-voyage\"><strong>En savoir plus sur la d\u00e9ductibilit\u00e9 fiscale des voyages d\u2019affaires<\/strong><\/a><\/p>\n\n\n\n<h3 class=\"wp-block-heading\"><strong>14. Frais de personnel et freelances<\/strong><\/h3>\n\n\n\n<p>Vous employez du personnel ou vous travaillez avec des freelances, par exemple pour votre gestion administrative\u00a0? Les frais de personnel et les factures des freelances sont 100\u00a0% d\u00e9ductibles de vos revenus imposables.<\/p>\n\n\n\n<h3 class=\"wp-block-heading\"><strong>15. Site web\u00a0<\/strong><\/h3>\n\n\n\n<p>Vous souhaitez que votre public cible vous trouve via votre site web\u00a0? La cr\u00e9ation, l\u2019h\u00e9bergement et la mise \u00e0 jour de votre site web sont des frais professionnels.\u00a0<\/p>\n\n\n\n<h3 class=\"wp-block-heading\"><strong>16. Frais de marketing<\/strong><\/h3>\n\n\n\n<p>Vous demandez \u00e0 un <strong>graphiste<\/strong> de cr\u00e9er un logo adapt\u00e9 \u00e0 votre activit\u00e9&nbsp;? Ou \u00e0 une <strong>experte en marketing<\/strong> d\u2019am\u00e9liorer votre pr\u00e9sence en ligne&nbsp;? Que vous travailliez avec un freelance ou une agence, vous pourrez d\u00e9duire cette facture.&nbsp;<\/p>\n\n\n\n<p>M\u00eame les <strong>stylos qui affichent votre logo<\/strong> et le nom de votre bureau sont 100&nbsp;% d\u00e9ductibles&nbsp;!<\/p>\n\n\n\n<h3 class=\"wp-block-heading\"><strong>17. D\u00e9jeuners et cadeaux d\u2019affaires<\/strong><\/h3>\n\n\n\n<p>Bien s\u00fbr, vous voulez entretenir votre r\u00e9seau (clients, experts, coll\u00e8gues\u2026). Ou peut-\u00eatre avez-vous envie d\u2019offrir un petit cadeau \u00e0 vos collaborateurs pour la nouvelle ann\u00e9e\u00a0?\u00a0<a href=\"https:\/\/www.fraispro.be\/restaurant\"><strong>Les d\u00e9jeuners d\u2019affaires sont partiellement d\u00e9ductibles<\/strong><\/a>\u00a0(\u00e0 69\u00a0%). Les\u00a0<a href=\"https:\/\/www.accountable.eu\/fr-be\/blog\/cadeaux-affaires-independant\/\"><strong>cadeaux d\u2019affaires font \u00e9galement l\u2019objet de r\u00e8gles strictes.<\/strong><\/a>\u00a0<\/p>\n\n\n\n<h3 class=\"wp-block-heading\"><strong>18. Plan de pension<\/strong><\/h3>\n\n\n\n<p>En tant que juriste ind\u00e9pendant, vous souhaitez \u00e9pargner en plus de votre pension. Pour ce faire, vous pouvez souscrire une PLCI, ainsi qu\u2019un EIP si vous avez une soci\u00e9t\u00e9. Ces deux investissements sont (partiellement) d\u00e9ductibles.<\/p>\n\n\n\n<p><a href=\"https:\/\/www.accountable.eu\/fr-be\/blog\/cotiser-pension\/\"><strong>En savoir plus sur votre pension en tant qu\u2019ind\u00e9pendant en Belgique<\/strong>.<\/a><\/p>\n\n\n\n<h3 class=\"wp-block-heading\"><strong>19. Caf\u00e9, th\u00e9 et encas<\/strong><\/h3>\n\n\n\n<p>Vous proposez du caf\u00e9, du th\u00e9 ou des petits snacks \u00e0 vos collaborateurs et vos clients\u00a0? Ces d\u00e9penses sont 100\u00a0% d\u00e9ductibles. Veillez toutefois \u00e0 jouer la carte de l\u2019honn\u00eatet\u00e9, ne d\u00e9duisez pas vos courses personnelles\u00a0!<\/p>\n\n\n\n<h3 class=\"wp-block-heading\"><strong>20. Ch\u00e8ques-repas<\/strong><\/h3>\n\n\n\n<p>Si vous avez une soci\u00e9t\u00e9, vous pouvez optimiser votre salaire \u00e0 l\u2019aide de <a href=\"https:\/\/www.accountable.eu\/fr-be\/blog\/cheques-repas-pour-independants\/\"><strong>ch\u00e8ques-repas<\/strong><\/a><strong>.<\/strong> Et si vous voulez notre avis, c\u2019est une tr\u00e8s bonne id\u00e9e\u00a0!<\/p>\n\n\n\n<h3 class=\"wp-block-heading\"><strong>D\u00e9marrez avec Accountable<\/strong><\/h3>\n\n\n\n<p><em>En tant que juriste ou avocat, vous avez un m\u00e9tier exigeant. Chez Accountable, nous souhaitons vous soutenir du mieux possible, dans la gestion de votre comptabilit\u00e9 ou via des conseils sp\u00e9cialis\u00e9s (avec cette liste des frais professionnels sp\u00e9cifique pour le secteur juridique, par exemple&nbsp;!).&nbsp;<\/em><\/p>\n\n\n\n<p><a href=\"https:\/\/web.accountable.eu\/signup?\"><strong>Testez Accountable gratuitement pendant 14&nbsp;jours<\/strong><\/a>.<\/p>\n","protected":false},"excerpt":{"rendered":"<p>Les avocats sont pratiquement toujours ind\u00e9pendants. Les consultants juridiques ind\u00e9pendants sont eux aussi de plus en plus nombreux. Qu\u2019ils exercent en soci\u00e9t\u00e9 ou en personne physique, les experts juridiques font face \u00e0 des frais professionnels. M\u00eame les juristes \u00e0 titre compl\u00e9mentaire peuvent d\u00e9duire certains frais.\u00a0Alors nous vous avons pr\u00e9par\u00e9 une liste de frais professionnels d\u00e9ductibles [&hellip;]<\/p>\n","protected":false},"author":29,"featured_media":14342,"comment_status":"closed","ping_status":"closed","sticky":false,"template":"","format":"standard","meta":{"inline_featured_image":false,"footnotes":""},"categories":[240],"tags":[307,313,314],"class_list":["post-16362","post","type-post","status-publish","format-standard","has-post-thumbnail","hentry","category-uncategorized-fr-be","tag-frais-professionnels","tag-personne-physique","tag-societe"],"acf":[],"yoast_head":"<!-- This site is optimized with the Yoast SEO plugin v27.4 - https:\/\/yoast.com\/product\/yoast-seo-wordpress\/ -->\n<title>Liste de frais d\u00e9ductibles pour avocats et juristes ind\u00e9pendants - Accountable<\/title>\n<meta name=\"description\" content=\"Vous \u00eates avocat ou juriste et vous voulez r\u00e9duire votre charge fiscale ? D\u00e9couvrez ici une liste de frais d\u00e9ductibles adapt\u00e9e \u00e0 votre m\u00e9tier.\" \/>\n<meta name=\"robots\" content=\"index, follow, max-snippet:-1, max-image-preview:large, max-video-preview:-1\" \/>\n<link rel=\"canonical\" href=\"https:\/\/www.accountable.eu\/fr-be\/blog\/frais-deductibles-avocats\/\" \/>\n<meta property=\"og:locale\" content=\"fr_FR\" \/>\n<meta property=\"og:type\" content=\"article\" \/>\n<meta property=\"og:title\" content=\"Liste de frais d\u00e9ductibles pour avocats et juristes ind\u00e9pendants - Accountable\" \/>\n<meta property=\"og:description\" content=\"Vous \u00eates avocat ou juriste et vous voulez r\u00e9duire votre charge fiscale ? D\u00e9couvrez ici une liste de frais d\u00e9ductibles adapt\u00e9e \u00e0 votre m\u00e9tier.\" \/>\n<meta property=\"og:url\" content=\"https:\/\/www.accountable.eu\/fr-be\/blog\/frais-deductibles-avocats\/\" \/>\n<meta property=\"og:site_name\" content=\"Accountable\" \/>\n<meta property=\"article:published_time\" content=\"2024-12-03T13:57:43+00:00\" \/>\n<meta property=\"article:modified_time\" content=\"2024-12-03T13:57:45+00:00\" \/>\n<meta property=\"og:image\" content=\"https:\/\/www.accountable.eu\/wp-content\/uploads\/2024\/07\/aftrekbare-kosten-juristen.png\" \/>\n\t<meta property=\"og:image:width\" content=\"686\" \/>\n\t<meta property=\"og:image:height\" content=\"400\" \/>\n\t<meta property=\"og:image:type\" content=\"image\/png\" \/>\n<meta name=\"author\" content=\"julie\" \/>\n<meta name=\"twitter:card\" content=\"summary_large_image\" \/>\n<meta name=\"twitter:label1\" content=\"\u00c9crit par\" \/>\n\t<meta name=\"twitter:data1\" content=\"julie\" \/>\n\t<meta name=\"twitter:label2\" content=\"Dur\u00e9e de lecture est.\" \/>\n\t<meta name=\"twitter:data2\" content=\"6 minutes\" \/>\n<script type=\"application\/ld+json\" class=\"yoast-schema-graph\">{\"@context\":\"https:\\\/\\\/schema.org\",\"@graph\":[{\"@type\":\"Article\",\"@id\":\"https:\\\/\\\/www.accountable.eu\\\/fr-be\\\/blog\\\/frais-deductibles-avocats\\\/#article\",\"isPartOf\":{\"@id\":\"https:\\\/\\\/www.accountable.eu\\\/fr-be\\\/blog\\\/frais-deductibles-avocats\\\/\"},\"author\":{\"name\":\"julie\",\"@id\":\"https:\\\/\\\/www.accountable.eu\\\/fr-be\\\/#\\\/schema\\\/person\\\/9c85ec213b340ca3e8c8e152f6723a71\"},\"headline\":\"Liste de frais d\u00e9ductibles pour avocats et juristes ind\u00e9pendants\",\"datePublished\":\"2024-12-03T13:57:43+00:00\",\"dateModified\":\"2024-12-03T13:57:45+00:00\",\"mainEntityOfPage\":{\"@id\":\"https:\\\/\\\/www.accountable.eu\\\/fr-be\\\/blog\\\/frais-deductibles-avocats\\\/\"},\"wordCount\":1486,\"publisher\":{\"@id\":\"https:\\\/\\\/www.accountable.eu\\\/fr-be\\\/#organization\"},\"image\":{\"@id\":\"https:\\\/\\\/www.accountable.eu\\\/fr-be\\\/blog\\\/frais-deductibles-avocats\\\/#primaryimage\"},\"thumbnailUrl\":\"https:\\\/\\\/www.accountable.eu\\\/wp-content\\\/uploads\\\/2024\\\/07\\\/aftrekbare-kosten-juristen.png\",\"keywords\":[\"Frais pro\",\"Personne physique\",\"Soci\u00e9t\u00e9\"],\"articleSection\":[\"Uncategorized @fr-be\"],\"inLanguage\":\"fr-BE\"},{\"@type\":\"WebPage\",\"@id\":\"https:\\\/\\\/www.accountable.eu\\\/fr-be\\\/blog\\\/frais-deductibles-avocats\\\/\",\"url\":\"https:\\\/\\\/www.accountable.eu\\\/fr-be\\\/blog\\\/frais-deductibles-avocats\\\/\",\"name\":\"Liste de frais d\u00e9ductibles pour avocats et juristes ind\u00e9pendants - Accountable\",\"isPartOf\":{\"@id\":\"https:\\\/\\\/www.accountable.eu\\\/fr-be\\\/#website\"},\"primaryImageOfPage\":{\"@id\":\"https:\\\/\\\/www.accountable.eu\\\/fr-be\\\/blog\\\/frais-deductibles-avocats\\\/#primaryimage\"},\"image\":{\"@id\":\"https:\\\/\\\/www.accountable.eu\\\/fr-be\\\/blog\\\/frais-deductibles-avocats\\\/#primaryimage\"},\"thumbnailUrl\":\"https:\\\/\\\/www.accountable.eu\\\/wp-content\\\/uploads\\\/2024\\\/07\\\/aftrekbare-kosten-juristen.png\",\"datePublished\":\"2024-12-03T13:57:43+00:00\",\"dateModified\":\"2024-12-03T13:57:45+00:00\",\"description\":\"Vous \u00eates avocat ou juriste et vous voulez r\u00e9duire votre charge fiscale ? D\u00e9couvrez ici une liste de frais d\u00e9ductibles adapt\u00e9e \u00e0 votre m\u00e9tier.\",\"breadcrumb\":{\"@id\":\"https:\\\/\\\/www.accountable.eu\\\/fr-be\\\/blog\\\/frais-deductibles-avocats\\\/#breadcrumb\"},\"inLanguage\":\"fr-BE\",\"potentialAction\":[{\"@type\":\"ReadAction\",\"target\":[\"https:\\\/\\\/www.accountable.eu\\\/fr-be\\\/blog\\\/frais-deductibles-avocats\\\/\"]}]},{\"@type\":\"ImageObject\",\"inLanguage\":\"fr-BE\",\"@id\":\"https:\\\/\\\/www.accountable.eu\\\/fr-be\\\/blog\\\/frais-deductibles-avocats\\\/#primaryimage\",\"url\":\"https:\\\/\\\/www.accountable.eu\\\/wp-content\\\/uploads\\\/2024\\\/07\\\/aftrekbare-kosten-juristen.png\",\"contentUrl\":\"https:\\\/\\\/www.accountable.eu\\\/wp-content\\\/uploads\\\/2024\\\/07\\\/aftrekbare-kosten-juristen.png\",\"width\":686,\"height\":400,\"caption\":\"lijst aftrekbare beroepskosten voor juristen\"},{\"@type\":\"BreadcrumbList\",\"@id\":\"https:\\\/\\\/www.accountable.eu\\\/fr-be\\\/blog\\\/frais-deductibles-avocats\\\/#breadcrumb\",\"itemListElement\":[{\"@type\":\"ListItem\",\"position\":1,\"name\":\"Home\",\"item\":\"https:\\\/\\\/www.accountable.eu\\\/fr-be\\\/\"},{\"@type\":\"ListItem\",\"position\":2,\"name\":\"Liste de frais d\u00e9ductibles pour avocats et juristes ind\u00e9pendants\"}]},{\"@type\":\"WebSite\",\"@id\":\"https:\\\/\\\/www.accountable.eu\\\/fr-be\\\/#website\",\"url\":\"https:\\\/\\\/www.accountable.eu\\\/fr-be\\\/\",\"name\":\"Accountable\",\"description\":\"Your accountant and tax advisor on your smartphone\",\"publisher\":{\"@id\":\"https:\\\/\\\/www.accountable.eu\\\/fr-be\\\/#organization\"},\"potentialAction\":[{\"@type\":\"SearchAction\",\"target\":{\"@type\":\"EntryPoint\",\"urlTemplate\":\"https:\\\/\\\/www.accountable.eu\\\/fr-be\\\/?s={search_term_string}\"},\"query-input\":{\"@type\":\"PropertyValueSpecification\",\"valueRequired\":true,\"valueName\":\"search_term_string\"}}],\"inLanguage\":\"fr-BE\"},{\"@type\":\"Organization\",\"@id\":\"https:\\\/\\\/www.accountable.eu\\\/fr-be\\\/#organization\",\"name\":\"Accountable\",\"url\":\"https:\\\/\\\/www.accountable.eu\\\/fr-be\\\/\",\"logo\":{\"@type\":\"ImageObject\",\"inLanguage\":\"fr-BE\",\"@id\":\"https:\\\/\\\/www.accountable.eu\\\/fr-be\\\/#\\\/schema\\\/logo\\\/image\\\/\",\"url\":\"https:\\\/\\\/www.accountable.eu\\\/wp-content\\\/uploads\\\/2026\\\/04\\\/logo-512.png\",\"contentUrl\":\"https:\\\/\\\/www.accountable.eu\\\/wp-content\\\/uploads\\\/2026\\\/04\\\/logo-512.png\",\"width\":512,\"height\":512,\"caption\":\"Accountable\"},\"image\":{\"@id\":\"https:\\\/\\\/www.accountable.eu\\\/fr-be\\\/#\\\/schema\\\/logo\\\/image\\\/\"}},{\"@type\":\"Person\",\"@id\":\"https:\\\/\\\/www.accountable.eu\\\/fr-be\\\/#\\\/schema\\\/person\\\/9c85ec213b340ca3e8c8e152f6723a71\",\"name\":\"julie\",\"image\":{\"@type\":\"ImageObject\",\"inLanguage\":\"fr-BE\",\"@id\":\"https:\\\/\\\/secure.gravatar.com\\\/avatar\\\/84976ca8c4076c0af102d23ffc9c9145ea8291e3557ca33fa00841ff5aa46503?s=96&d=mm&r=g\",\"url\":\"https:\\\/\\\/secure.gravatar.com\\\/avatar\\\/84976ca8c4076c0af102d23ffc9c9145ea8291e3557ca33fa00841ff5aa46503?s=96&d=mm&r=g\",\"contentUrl\":\"https:\\\/\\\/secure.gravatar.com\\\/avatar\\\/84976ca8c4076c0af102d23ffc9c9145ea8291e3557ca33fa00841ff5aa46503?s=96&d=mm&r=g\",\"caption\":\"julie\"}}]}<\/script>\n<!-- \/ Yoast SEO plugin. -->","yoast_head_json":{"title":"Liste de frais d\u00e9ductibles pour avocats et juristes ind\u00e9pendants - Accountable","description":"Vous \u00eates avocat ou juriste et vous voulez r\u00e9duire votre charge fiscale ? D\u00e9couvrez ici une liste de frais d\u00e9ductibles adapt\u00e9e \u00e0 votre m\u00e9tier.","robots":{"index":"index","follow":"follow","max-snippet":"max-snippet:-1","max-image-preview":"max-image-preview:large","max-video-preview":"max-video-preview:-1"},"canonical":"https:\/\/www.accountable.eu\/fr-be\/blog\/frais-deductibles-avocats\/","og_locale":"fr_FR","og_type":"article","og_title":"Liste de frais d\u00e9ductibles pour avocats et juristes ind\u00e9pendants - Accountable","og_description":"Vous \u00eates avocat ou juriste et vous voulez r\u00e9duire votre charge fiscale ? D\u00e9couvrez ici une liste de frais d\u00e9ductibles adapt\u00e9e \u00e0 votre m\u00e9tier.","og_url":"https:\/\/www.accountable.eu\/fr-be\/blog\/frais-deductibles-avocats\/","og_site_name":"Accountable","article_published_time":"2024-12-03T13:57:43+00:00","article_modified_time":"2024-12-03T13:57:45+00:00","og_image":[{"width":686,"height":400,"url":"https:\/\/www.accountable.eu\/wp-content\/uploads\/2024\/07\/aftrekbare-kosten-juristen.png","type":"image\/png"}],"author":"julie","twitter_card":"summary_large_image","twitter_misc":{"\u00c9crit par":"julie","Dur\u00e9e de lecture est.":"6 minutes"},"schema":{"@context":"https:\/\/schema.org","@graph":[{"@type":"Article","@id":"https:\/\/www.accountable.eu\/fr-be\/blog\/frais-deductibles-avocats\/#article","isPartOf":{"@id":"https:\/\/www.accountable.eu\/fr-be\/blog\/frais-deductibles-avocats\/"},"author":{"name":"julie","@id":"https:\/\/www.accountable.eu\/fr-be\/#\/schema\/person\/9c85ec213b340ca3e8c8e152f6723a71"},"headline":"Liste de frais d\u00e9ductibles pour avocats et juristes ind\u00e9pendants","datePublished":"2024-12-03T13:57:43+00:00","dateModified":"2024-12-03T13:57:45+00:00","mainEntityOfPage":{"@id":"https:\/\/www.accountable.eu\/fr-be\/blog\/frais-deductibles-avocats\/"},"wordCount":1486,"publisher":{"@id":"https:\/\/www.accountable.eu\/fr-be\/#organization"},"image":{"@id":"https:\/\/www.accountable.eu\/fr-be\/blog\/frais-deductibles-avocats\/#primaryimage"},"thumbnailUrl":"https:\/\/www.accountable.eu\/wp-content\/uploads\/2024\/07\/aftrekbare-kosten-juristen.png","keywords":["Frais pro","Personne physique","Soci\u00e9t\u00e9"],"articleSection":["Uncategorized @fr-be"],"inLanguage":"fr-BE"},{"@type":"WebPage","@id":"https:\/\/www.accountable.eu\/fr-be\/blog\/frais-deductibles-avocats\/","url":"https:\/\/www.accountable.eu\/fr-be\/blog\/frais-deductibles-avocats\/","name":"Liste de frais d\u00e9ductibles pour avocats et juristes ind\u00e9pendants - Accountable","isPartOf":{"@id":"https:\/\/www.accountable.eu\/fr-be\/#website"},"primaryImageOfPage":{"@id":"https:\/\/www.accountable.eu\/fr-be\/blog\/frais-deductibles-avocats\/#primaryimage"},"image":{"@id":"https:\/\/www.accountable.eu\/fr-be\/blog\/frais-deductibles-avocats\/#primaryimage"},"thumbnailUrl":"https:\/\/www.accountable.eu\/wp-content\/uploads\/2024\/07\/aftrekbare-kosten-juristen.png","datePublished":"2024-12-03T13:57:43+00:00","dateModified":"2024-12-03T13:57:45+00:00","description":"Vous \u00eates avocat ou juriste et vous voulez r\u00e9duire votre charge fiscale ? D\u00e9couvrez ici une liste de frais d\u00e9ductibles adapt\u00e9e \u00e0 votre m\u00e9tier.","breadcrumb":{"@id":"https:\/\/www.accountable.eu\/fr-be\/blog\/frais-deductibles-avocats\/#breadcrumb"},"inLanguage":"fr-BE","potentialAction":[{"@type":"ReadAction","target":["https:\/\/www.accountable.eu\/fr-be\/blog\/frais-deductibles-avocats\/"]}]},{"@type":"ImageObject","inLanguage":"fr-BE","@id":"https:\/\/www.accountable.eu\/fr-be\/blog\/frais-deductibles-avocats\/#primaryimage","url":"https:\/\/www.accountable.eu\/wp-content\/uploads\/2024\/07\/aftrekbare-kosten-juristen.png","contentUrl":"https:\/\/www.accountable.eu\/wp-content\/uploads\/2024\/07\/aftrekbare-kosten-juristen.png","width":686,"height":400,"caption":"lijst aftrekbare beroepskosten voor juristen"},{"@type":"BreadcrumbList","@id":"https:\/\/www.accountable.eu\/fr-be\/blog\/frais-deductibles-avocats\/#breadcrumb","itemListElement":[{"@type":"ListItem","position":1,"name":"Home","item":"https:\/\/www.accountable.eu\/fr-be\/"},{"@type":"ListItem","position":2,"name":"Liste de frais d\u00e9ductibles pour avocats et juristes ind\u00e9pendants"}]},{"@type":"WebSite","@id":"https:\/\/www.accountable.eu\/fr-be\/#website","url":"https:\/\/www.accountable.eu\/fr-be\/","name":"Accountable","description":"Your accountant and tax advisor on your smartphone","publisher":{"@id":"https:\/\/www.accountable.eu\/fr-be\/#organization"},"potentialAction":[{"@type":"SearchAction","target":{"@type":"EntryPoint","urlTemplate":"https:\/\/www.accountable.eu\/fr-be\/?s={search_term_string}"},"query-input":{"@type":"PropertyValueSpecification","valueRequired":true,"valueName":"search_term_string"}}],"inLanguage":"fr-BE"},{"@type":"Organization","@id":"https:\/\/www.accountable.eu\/fr-be\/#organization","name":"Accountable","url":"https:\/\/www.accountable.eu\/fr-be\/","logo":{"@type":"ImageObject","inLanguage":"fr-BE","@id":"https:\/\/www.accountable.eu\/fr-be\/#\/schema\/logo\/image\/","url":"https:\/\/www.accountable.eu\/wp-content\/uploads\/2026\/04\/logo-512.png","contentUrl":"https:\/\/www.accountable.eu\/wp-content\/uploads\/2026\/04\/logo-512.png","width":512,"height":512,"caption":"Accountable"},"image":{"@id":"https:\/\/www.accountable.eu\/fr-be\/#\/schema\/logo\/image\/"}},{"@type":"Person","@id":"https:\/\/www.accountable.eu\/fr-be\/#\/schema\/person\/9c85ec213b340ca3e8c8e152f6723a71","name":"julie","image":{"@type":"ImageObject","inLanguage":"fr-BE","@id":"https:\/\/secure.gravatar.com\/avatar\/84976ca8c4076c0af102d23ffc9c9145ea8291e3557ca33fa00841ff5aa46503?s=96&d=mm&r=g","url":"https:\/\/secure.gravatar.com\/avatar\/84976ca8c4076c0af102d23ffc9c9145ea8291e3557ca33fa00841ff5aa46503?s=96&d=mm&r=g","contentUrl":"https:\/\/secure.gravatar.com\/avatar\/84976ca8c4076c0af102d23ffc9c9145ea8291e3557ca33fa00841ff5aa46503?s=96&d=mm&r=g","caption":"julie"}}]}},"_links":{"self":[{"href":"https:\/\/www.accountable.eu\/fr-be\/wp-json\/wp\/v2\/posts\/16362","targetHints":{"allow":["GET"]}}],"collection":[{"href":"https:\/\/www.accountable.eu\/fr-be\/wp-json\/wp\/v2\/posts"}],"about":[{"href":"https:\/\/www.accountable.eu\/fr-be\/wp-json\/wp\/v2\/types\/post"}],"author":[{"embeddable":true,"href":"https:\/\/www.accountable.eu\/fr-be\/wp-json\/wp\/v2\/users\/29"}],"replies":[{"embeddable":true,"href":"https:\/\/www.accountable.eu\/fr-be\/wp-json\/wp\/v2\/comments?post=16362"}],"version-history":[{"count":0,"href":"https:\/\/www.accountable.eu\/fr-be\/wp-json\/wp\/v2\/posts\/16362\/revisions"}],"wp:featuredmedia":[{"embeddable":true,"href":"https:\/\/www.accountable.eu\/fr-be\/wp-json\/wp\/v2\/media\/14342"}],"wp:attachment":[{"href":"https:\/\/www.accountable.eu\/fr-be\/wp-json\/wp\/v2\/media?parent=16362"}],"wp:term":[{"taxonomy":"category","embeddable":true,"href":"https:\/\/www.accountable.eu\/fr-be\/wp-json\/wp\/v2\/categories?post=16362"},{"taxonomy":"post_tag","embeddable":true,"href":"https:\/\/www.accountable.eu\/fr-be\/wp-json\/wp\/v2\/tags?post=16362"}],"curies":[{"name":"wp","href":"https:\/\/api.w.org\/{rel}","templated":true}]}}