{"id":16662,"date":"2024-11-27T17:26:23","date_gmt":"2024-11-27T16:26:23","guid":{"rendered":"https:\/\/www.accountable.eu\/?p=16662"},"modified":"2025-12-08T18:03:11","modified_gmt":"2025-12-08T17:03:11","slug":"taux-tva-belgique","status":"publish","type":"post","link":"https:\/\/www.accountable.eu\/fr-be\/blog\/taux-tva-belgique\/","title":{"rendered":"Les taux de TVA en Belgique\u00a0: quand facturer 6\u00a0%, 12\u00a0% ou 21\u00a0%\u00a0?"},"content":{"rendered":"\n<p><strong>En Belgique, vous pouvez appliquer diff\u00e9rents taux de TVA en fonction du produit ou service que vous vendez en tant qu\u2019ind\u00e9pendant. La plupart des produits et services sont soumis au taux de TVA par d\u00e9faut de 21&nbsp;%, mais quand devez-vous facturer 6&nbsp;% ou 12&nbsp;% de TVA&nbsp;? Et quels sont les produits et les services exon\u00e9r\u00e9s de TVA pour lesquels vous devez donc appliquer un taux de TVA \u00e0 0&nbsp;%&nbsp;? C\u2019est ce que vous d\u00e9couvrirez dans cet article&nbsp;!<\/strong><\/p>\n\n\n\n<h2 class=\"wp-block-heading\"><strong>La TVA, c\u2019est quoi&nbsp;?<\/strong><\/h2>\n\n\n\n<p>Petit rappel&nbsp;: \u00ab&nbsp;TVA&nbsp;\u00bb est l\u2019acronyme de \u00ab&nbsp;<strong>taxe sur la valeur ajout\u00e9e<\/strong>&nbsp;\u00bb. Il s\u2019agit d\u2019une taxe que l\u2019on paie <strong>sur la quasi-totalit\u00e9 des produits et des services vendus en Belgique<\/strong>.&nbsp;<\/p>\n\n\n\n<p>En tant qu\u2019ind\u00e9pendant, vous devez <strong>facturer la TVA en plus du prix du produit ou service<\/strong> que vous vendez \u00e0 vos clients, mais vous devez \u00e9galement payer celle que vos fournisseurs appliquent.&nbsp;<\/p>\n\n\n\n<p>Par cons\u00e9quent, vous devez indiquer aux autorit\u00e9s fiscales la TVA que vous avez factur\u00e9e et celle que vous avez vous-m\u00eame pay\u00e9e. Si vous avez re\u00e7u plus de TVA que vous en avez pay\u00e9, vous devrez verser la diff\u00e9rence au <strong>service de recettes TVA<\/strong>. Vous avez pay\u00e9 plus de TVA que vous en avez re\u00e7u&nbsp;? Vous la r\u00e9cup\u00e9rerez une fois que vous aurez entr\u00e9 votre <strong>d\u00e9claration TVA<\/strong>.&nbsp;<\/p>\n\n\n    <!-- wp:acf\/blog-annotation -->\n    <div class=\"wp-block-acf-blog-annotation flex items-start gap-4 bg-light-purple py-6 px-4 rounded-lg mb-3 mt-3\">\n                    <img decoding=\"async\" class=\"flex-shrink-0\" src=\"https:\/\/www.accountable.eu\/wp-content\/themes\/accountable\/assets\/rebranding-images\/icons\/blog\/widgets\/bulb.svg\" alt=\"bulb\">\n        \n        <div class=\"blog-annotation__text\">\n            <p class=\"font-inter text-lg text-purple m-0\"><strong class=\"font-bold\">Astuce Accountable\u00a0: <\/strong>sous certaines conditions, les ind\u00e9pendants peuvent pr\u00e9tendre \u00e0 la <a class=\"text-purple underline\" class=\"text-blue-600 hover:underline\" class=\"text-blue-600 hover:underline\" href=\"https:\/\/www.accountable.eu\/fr-be\/blog\/franchise-tva\/\"><strong class=\"font-bold\">franchise TVA pour les petites entreprises<\/strong><\/a>. Celle-ci vous \u00e9vite de facturer la TVA \u00e0 vos clients, mais vous devrez aussi payer la TVA \u00e0 vos fournisseurs et aux autres entreprises assujetties \u00e0 la TVA. En tant qu\u2019ind\u00e9pendant exempt\u00e9 de TVA, vous ne devez pas <a class=\"text-purple underline\" class=\"text-blue-600 hover:underline\" class=\"text-blue-600 hover:underline\" href=\"https:\/\/www.accountable.eu\/fr-be\/blog\/comment-faire-la-declaration-tva\/\"><strong class=\"font-bold\">faire de d\u00e9claration \u00e0 la TVA<\/strong><\/a>.<\/p>\n        <\/div>\n    <\/div>\n    <!-- \/wp:acf\/blog-annotation -->\n\n\n\n<h2 class=\"wp-block-heading\"><strong>Taux de TVA en Belgique&nbsp;: lequel appliquer&nbsp;?<\/strong><\/h2>\n\n\n\n<p>Afin d\u2019\u00e9viter tout probl\u00e8me avec les autorit\u00e9s fiscales, vous devez g\u00e9rer la TVA dans les r\u00e8gles de l\u2019art. Mais en tant que nouvel ind\u00e9pendant, il n\u2019est pas toujours \u00e9vident de s\u2019y retrouver parmi les <strong>diff\u00e9rents taux de TVA du pays<\/strong>. Pour y voir plus clair, vous retrouverez ci-dessous la liste des taux de TVA appliqu\u00e9s en Belgique.<\/p>\n\n\n\n<p><strong>Ceux-ci d\u00e9pendent des produits et services que vous proposez<\/strong>, et non de votre statut juridique (personne physique ou soci\u00e9t\u00e9) ou de votre type de client (particuliers ou professionnels).<\/p>\n\n\n\n<h3 class=\"wp-block-heading\" id=\"21\"><strong>TVA standard \u00e0 21&nbsp;%<\/strong><\/h3>\n\n\n\n<p><strong>En Belgique, le taux de TVA est de 21&nbsp;% par d\u00e9faut.<\/strong>&nbsp;C\u2019est celui qui est <strong>le plus souvent<\/strong> factur\u00e9, \u00e0 moins qu\u2019il s\u2019agisse d\u2019un produit ou d\u2019un service repris dans la liste des taux de TVA r\u00e9duits (voir plus loin).<\/p>\n\n\n\n<p>Voici quelques exemples de produits et services soumis au taux par d\u00e9faut de 21&nbsp;%&nbsp;:<\/p>\n\n\n\n<ul class=\"wp-block-list\">\n<li>Produits \u00e9lectroniques, meubles, v\u00eatements, etc.&nbsp;;<\/li>\n\n\n\n<li>Boissons et en-cas pr\u00eats \u00e0 la consommation (ex. chips et gaufres au sucre) dans les \u00e9tablissements horeca&nbsp;;<\/li>\n\n\n\n<li>Services dans les salons d\u2019esth\u00e9tique et de coiffure&nbsp;;<\/li>\n\n\n\n<li>Consultance telle que conseils en marketing et comptabilit\u00e9, services informatiques, de copywriting, de graphisme, etc.<\/li>\n\n\n\n<li>\u2026&nbsp;<\/li>\n<\/ul>\n\n\n\n<h3 class=\"wp-block-heading\" id=\"6\"><strong>Taux r\u00e9duit \u00e0 6&nbsp;%&nbsp;: TVA sur les produits alimentaires et de base<\/strong><\/h3>\n\n\n\n<p>Certains produits et services sont soumis \u00e0 un <strong>taux de TVA r\u00e9duit \u00e0 6&nbsp;%<\/strong>. Il s\u2019agit des <strong>produits et services de base<\/strong> jug\u00e9s de premi\u00e8re n\u00e9cessit\u00e9 par l\u2019\u00c9tat.<\/p>\n\n\n\n<p>Si vous \u00eates g\u00e9rant d\u2019un \u00e9tablissement horeca, vous verrez que la <strong>TVA sur la nourriture<\/strong> est g\u00e9n\u00e9ralement fix\u00e9e \u00e0 ce taux r\u00e9duit.<\/p>\n\n\n\n<p>Vous pouvez facturer 6&nbsp;% de TVA sur&nbsp;:<\/p>\n\n\n\n<ul class=\"wp-block-list\">\n<li>les animaux vivants&nbsp;;<\/li>\n\n\n\n<li>la viande et les abats&nbsp;;<\/li>\n\n\n\n<li>les poissons, crustac\u00e9s, coquillages et mollusques&nbsp;;<\/li>\n\n\n\n<li>le lait et les produits de la laiterie, les \u0153ufs et le miel&nbsp;;<\/li>\n\n\n\n<li>les l\u00e9gumes, plantes, racines et tubercules alimentaires&nbsp;;<\/li>\n\n\n\n<li>les fruits comestibles et les \u00e9corces d\u2019agrume et de melon&nbsp;;<\/li>\n\n\n\n<li>les produits v\u00e9g\u00e9taux&nbsp;;<\/li>\n\n\n\n<li>les produits de la minoterie, le malt et l\u2019amidon&nbsp;;<\/li>\n\n\n\n<li>les graisses et les huiles&nbsp;;<\/li>\n\n\n\n<li>D\u2019autres produits alimentaires tels que le caf\u00e9, le th\u00e9, le sucre, les produits \u00e0 base de cacao, les sauces, les soupes et les bouillons, etc. Une exception est faite pour les bi\u00e8res pr\u00e9sentant un pourcentage d\u2019alcool sup\u00e9rieur \u00e0 0,5&nbsp;% et pour les boissons alcoolis\u00e9es \u00e0 plus de 1,2&nbsp;%&nbsp;;<\/li>\n\n\n\n<li>les plats et les boissons \u00e0 emporter (\u00e0 condition qu\u2019il s\u2019agisse d\u2019un simple repas, sans services suppl\u00e9mentaires, comme un service \u00e0 table)&nbsp;;<\/li>\n\n\n\n<li>les aliments pour animaux, l\u2019engrais et les produits d\u2019origine animale&nbsp;;<\/li>\n\n\n\n<li>la floriculture et l\u2019horticulture ornementale&nbsp;;<\/li>\n\n\n\n<li>la distribution d\u2019eau&nbsp;;<\/li>\n\n\n\n<li>la fourniture d\u2019\u00e9lectricit\u00e9, de gaz naturel utilis\u00e9 comme combustible et de chaleur via des r\u00e9seaux de chaleur&nbsp;;<\/li>\n\n\n\n<li>les m\u00e9dicaments et les dispositifs m\u00e9dicaux&nbsp;;<\/li>\n\n\n\n<li>les journaux, les p\u00e9riodiques et les livres&nbsp;;<\/li>\n\n\n\n<li>les objets d\u2019art, de collection et d\u2019antiquit\u00e9&nbsp;;<\/li>\n\n\n\n<li>les voitures automobiles pour invalides, ainsi que les pi\u00e8ces d\u00e9tach\u00e9es, \u00e9quipements et accessoires pour ces voitures&nbsp;;<\/li>\n\n\n\n<li>divers produits, dont les cercueils, appareils orthop\u00e9diques, d\u00e9ambulateurs, fauteuils roulants, pompes \u00e0 perfusion, glucom\u00e8tres et produits d\u2019hygi\u00e8ne f\u00e9minine&nbsp;;<\/li>\n\n\n\n<li>les biens et services fournis par des organismes \u00e0 caract\u00e8re social&nbsp;;<\/li>\n\n\n\n<li>les services agricoles&nbsp;;<\/li>\n\n\n\n<li>le transport de personnes, d\u2019animaux de compagnie et de bagages non enregistr\u00e9s&nbsp;;<\/li>\n\n\n\n<li>les installations culturelles, sportives et de divertissement&nbsp;;<\/li>\n\n\n\n<li>les <a href=\"https:\/\/www.accountable.eu\/fr-be\/blog\/droits-dauteur-belgique\/\"><strong>droits d\u2019auteur<\/strong><\/a>&nbsp;et l\u2019ex\u00e9cution de concerts et d\u2019expositions&nbsp;;<\/li>\n\n\n\n<li>les h\u00f4tels et les campings&nbsp;;<\/li>\n\n\n\n<li>les travaux immobiliers affect\u00e9s \u00e0 des logements priv\u00e9s de plus de 10&nbsp;ans&nbsp;;<\/li>\n\n\n\n<li>les logements priv\u00e9s et \u00e9tablissements pour personnes en situation de handicap&nbsp;;<\/li>\n\n\n\n<li>les logements dans le cadre de la politique sociale&nbsp;;<\/li>\n\n\n\n<li>la d\u00e9molition et la reconstruction de b\u00e2timents d\u2019habitation et la r\u00e9novation et r\u00e9paration de logements priv\u00e9s&nbsp;;<\/li>\n\n\n\n<li>les petits services de r\u00e9paration et d\u2019entretien, notamment pour v\u00e9los, chaussures, articles en cuir, v\u00eatements et linge de maison&nbsp;;<\/li>\n\n\n\n<li>les b\u00e2timents destin\u00e9s \u00e0 l\u2019enseignement et \u00e0 l\u2019encadrement des \u00e9l\u00e8ves.<\/li>\n<\/ul>\n\n\n    <!-- wp:acf\/blog-annotation -->\n    <div class=\"wp-block-acf-blog-annotation flex items-start gap-4 bg-light-purple py-6 px-4 rounded-lg mb-3 mt-3\">\n                    <img decoding=\"async\" class=\"flex-shrink-0\" src=\"https:\/\/www.accountable.eu\/wp-content\/themes\/accountable\/assets\/rebranding-images\/icons\/blog\/widgets\/exclamation.svg\" alt=\"exclamation\">\n        \n        <div class=\"blog-annotation__text\">\n            <p class=\"font-inter text-lg text-purple m-0\"><strong class=\"font-bold\">\u00c0 partir du 01\/01\/2026, un taux de TVA harmonis\u00e9 de 12\u202f% s\u2019appliquera aux h\u00f4tels et campings, aux repas \u00e0 emporter, aux boissons non alcoolis\u00e9es dans l\u2019horeca et aux activit\u00e9s de divertissement (auparavant 6\u202f%).<\/strong><\/p>\n        <\/div>\n    <\/div>\n    <!-- \/wp:acf\/blog-annotation -->\n\n\n\n<h3 class=\"wp-block-heading\" id=\"12\"><strong>Produits et services sp\u00e9cifiques \u00e0 12&nbsp;%<\/strong><\/h3>\n\n\n\n<p>Comme vous l\u2019avez vu ci-dessus, la TVA sur les produits alimentaires est principalement fix\u00e9e \u00e0 6&nbsp;%, \u00e0 l\u2019exception des <strong>repas consomm\u00e9s sur place<\/strong>. En tant qu\u2019\u00e9tablissement horeca ou traiteur, vous devez facturer un taux de TVA \u00e0 12&nbsp;%.<\/p>\n\n\n\n<p>Outre les <strong>services de restauration et de traiteur<\/strong> (\u00e0 l\u2019exception des simples repas \u00e0 emporter et la fourniture de boissons, donc), les produits et services suivants sont \u00e9galement soumis \u00e0 un taux de TVA r\u00e9duit \u00e0 12&nbsp;%&nbsp;:&nbsp;<\/p>\n\n\n\n<ul class=\"wp-block-list\">\n<li>la phytopharmacie&nbsp;;<\/li>\n\n\n\n<li>la margarine&nbsp;;<\/li>\n\n\n\n<li>les pneumatiques et chambres \u00e0 air pour les roues de machines et tracteurs agricoles&nbsp;;<\/li>\n\n\n\n<li>le charbon&nbsp;;<\/li>\n\n\n\n<li>les logements dans le cadre de la politique sociale (initiative priv\u00e9e).<\/li>\n<\/ul>\n\n\n\n<p>\ud83d\udca1 Pour en savoir plus, nous vous renvoyons ici aussi \u00e0 l\u2019<a href=\"https:\/\/www.minfin.fgov.be\/myminfin-web\/pages\/public\/fisconet\/compare\/fddafd0c-af16-4522-af0b-7c8f8b4ccc85\/b38e1cae-8676-4324-9ef8-2ef04ffee07d\/b38e1cae-8676-4324-9ef8-2ef04ffee07d\"><strong>AR n\u00b0\u00a020 sur le site des autorit\u00e9s belges.<\/strong><\/a><\/p>\n\n\n\n<h3 class=\"wp-block-heading\" id=\"0\"><strong>Exceptions&nbsp;: le taux de TVA \u00e0 0&nbsp;%&nbsp;<\/strong><\/h3>\n\n\n\n<p>Il n\u2019y a en th\u00e9orie qu\u2019une seule exception \u00e0 ces taux de TVA. Les <strong>publications p\u00e9riodiques journali\u00e8res et hebdomadaires paraissant au moins 48&nbsp;fois par an et les mati\u00e8res et produits de r\u00e9cup\u00e9ration comme le papier recycl\u00e9<\/strong> sont soumis \u00e0 un taux de TVA \u00e0 0&nbsp;%. Les publications en ligne ne sont pas concern\u00e9es.<\/p>\n\n\n\n<p>Enfin, voici quelques <strong>exemples qui ne sont pas soumis \u00e0 la TVA&nbsp;<\/strong>: la franchise TVA pour les petites entreprises, l\u2019autoliquidation de la TVA (r\u00e9gime du cocontractant TVA) et l\u2019exemption de certaines professions.<\/p>\n\n\n\n<p><strong>Franchise TVA pour petites entreprises<\/strong><\/p>\n\n\n\n<p>Nous avons d\u00e9j\u00e0 mentionn\u00e9 la franchise TVA pour petites entreprises. Vous pouvez b\u00e9n\u00e9ficier de ce r\u00e9gime si votre <strong>chiffre d\u2019affaires annuel ne d\u00e9passe pas 25.000&nbsp;euros<\/strong> (hors TVA).<\/p>\n\n\n\n<p>\ud83d\udca1<a href=\"https:\/\/www.accountable.eu\/fr-be\/blog\/franchise-tva\/\"><strong>En savoir plus sur la franchise TVA pour les petites entreprises<\/strong><\/a><\/p>\n\n\n\n<p><strong>Le taux de TVA \u00e0 0&nbsp;% pour le cocontractant<\/strong><\/p>\n\n\n\n<p>Vous \u00eates assujetti \u00e0 la TVA en Belgique et vous r\u00e9alisez <strong>des travaux sur un bien immobilier<\/strong> appartenant \u00e0 un autre ind\u00e9pendant assujetti \u00e0 la TVA belge&nbsp;? Dans certaines conditions, vous avez le droit d\u2019<strong>autoliquider la TVA<\/strong> sur votre facture. Vous ne facturez pas de TVA sur vos services, et la responsabilit\u00e9 est transf\u00e9r\u00e9e \u00e0 votre client.<\/p>\n\n\n\n<p>\ud83d\udca1<strong><a href=\"https:\/\/www.accountable.eu\/fr-be\/blog\/cocontractant-tva\/\">En savoir plus sur le syst\u00e8me de cocontractant TVA<\/a><\/strong><\/p>\n\n\n\n<p><strong>Exemption de TVA pour certaines professions<\/strong><\/p>\n\n\n\n<p>Plusieurs <strong>professions sont exempt\u00e9es de TVA en raison de la nature<\/strong> de leur activit\u00e9. Les m\u00e9decins, psychologues, biblioth\u00e8ques, infirmiers, kin\u00e9sith\u00e9rapeutes et cr\u00e8ches, par exemple, appliquent un taux de TVA \u00e0 0&nbsp;%.&nbsp;<\/p>\n\n\n\n<p>\ud83d\udca1&nbsp;<a href=\"https:\/\/www.minfin.fgov.be\/myminfin-web\/pages\/public\/fisconet\/document\/c4fc97b2-ba4b-4baa-aa1b-22a05236ea2e\"><strong>D\u00e9couvrez les professions exempt\u00e9es de TVA<\/strong><\/a><\/p>\n\n\n\n<h2 class=\"wp-block-heading\"><strong>Que faire si vous vendez des produits et\/ou des services soumis \u00e0 diff\u00e9rents taux de TVA&nbsp;?<\/strong><\/h2>\n\n\n\n<p>Vous devez indiquer <strong>les deux taux de TVA diff\u00e9rents<\/strong> <strong>sur vos factures<\/strong>, comme sur la souche TVA d\u2019un restaurant.<\/p>\n\n\n\n<p>Par exemple, si vous g\u00e9rez un camping, vous devez facturer 6&nbsp;% de TVA pour le s\u00e9jour. Mais si vous ouvrez un magasin de souvenirs sur le camping, la plupart des produits que vous y vendez seront soumis \u00e0 un taux de 21&nbsp;%.&nbsp;<\/p>\n\n\n\n<p>Il en va de m\u00eame pour un cultivateur de fruits&nbsp;: il vendra les fruits \u00e0 un taux de TVA de 6&nbsp;%, mais s\u2019il organise des ateliers sur la culture fruiti\u00e8re, il devra les facturer avec 21&nbsp;% de TVA. L\u2019indemnisation kilom\u00e9trique que le cultivateur de fruits facture pour son d\u00e9placement chez un client sera \u00e9galement soumise \u00e0 une TVA de 21&nbsp;%.&nbsp;<\/p>\n\n\n\n<p><em>Vous avez d\u2019autres questions sur les taux de TVA appliqu\u00e9s en Belgique et celui que vous devez facturer&nbsp;? Notre <\/em><a href=\"https:\/\/www.accountable.eu\/fr-be\/blog\/\"><strong><em>blog gratuit<\/em><\/strong><\/a><em> regorge d\u2019articles sur la TVA pour les ind\u00e9pendants belges. Vous pouvez \u00e9galement demander des conseils sur mesure \u00e0 l\u2019un des <\/em><a href=\"https:\/\/www.accountable.eu\/fr-be\/coach-fiscal\/\"><strong><em>Coachs fiscaux d\u2019Accountable<\/em><\/strong><\/a><em>.<\/em><\/p>\n\n\n\n<h2 class=\"wp-block-heading\"><strong>FAQ&nbsp;: Questions fr\u00e9quentes sur les taux de TVA en Belgique<\/strong><\/h2>\n\n\n\n<div class=\"schema-faq wp-block-yoast-faq-block\"><div class=\"schema-faq-section\" id=\"faq-question-1732724282355\"><strong class=\"schema-faq-question\"><strong>\u00c0 quels produits et services s\u2019applique le taux de TVA \u00e0 21\u00a0%\u00a0?<\/strong><br\/><\/strong> <p class=\"schema-faq-answer\">En Belgique, le taux de TVA par d\u00e9faut est de 21\u00a0% et s\u2019applique \u00e0 la plupart des produits et services, comme les meubles et la d\u00e9coration, les v\u00eatements, l\u2019\u00e9lectronique, les boissons dans les \u00e9tablissements horeca, les traitements esth\u00e9tiques ou encore les services de conseil.<\/p> <\/div> <div class=\"schema-faq-section\" id=\"faq-question-1732724299888\"><strong class=\"schema-faq-question\"><strong>Sur quoi facture-t-on une TVA \u00e0 6\u00a0%\u00a0?<\/strong><br\/><\/strong> <p class=\"schema-faq-answer\">Le taux de TVA r\u00e9duit \u00e0 6\u00a0% concerne les produits et services jug\u00e9s de premi\u00e8re n\u00e9cessit\u00e9 par notre gouvernement\u00a0: alimentation, m\u00e9dicaments, transport de personnes, \u00e9lectricit\u00e9, eau, gaz naturel, services agricoles, floriculture et horticulture ornementale, logements sociaux\u2026<\/p> <\/div> <div class=\"schema-faq-section\" id=\"faq-question-1732724320080\"><strong class=\"schema-faq-question\"><strong>Sur quels produits la TVA \u00e0 12\u00a0% est-elle appliqu\u00e9e\u00a0?<\/strong><\/strong> <p class=\"schema-faq-answer\"><br\/>Sur les services de restauration et de traiteur (\u00e0 l\u2019exception des plats \u00e0 emporter), les produits phytopharmaceutiques, la margarine, les pneumatiques et chambres \u00e0 air pour les machines et tracteurs agricoles, le charbon, les logements dans le cadre de la politique sociale (initiative priv\u00e9e).<\/p> <\/div> <\/div>\n","protected":false},"excerpt":{"rendered":"<p>En Belgique, vous pouvez appliquer diff\u00e9rents taux de TVA en fonction du produit ou service que vous vendez en tant qu\u2019ind\u00e9pendant. La plupart des produits et services sont soumis au taux de TVA par d\u00e9faut de 21&nbsp;%, mais quand devez-vous facturer 6&nbsp;% ou 12&nbsp;% de TVA&nbsp;? Et quels sont les produits et les services exon\u00e9r\u00e9s [&hellip;]<\/p>\n","protected":false},"author":29,"featured_media":15497,"comment_status":"closed","ping_status":"closed","sticky":false,"template":"","format":"standard","meta":{"inline_featured_image":false,"footnotes":""},"categories":[284],"tags":[313,314,315],"class_list":["post-16662","post","type-post","status-publish","format-standard","has-post-thumbnail","hentry","category-payer-et-declarer-la-tva","tag-personne-physique","tag-societe","tag-tva"],"acf":[],"yoast_head":"<!-- This site is optimized with the Yoast SEO plugin v27.4 - https:\/\/yoast.com\/product\/yoast-seo-wordpress\/ -->\n<title>Comment savoir quel taux de TVA il faut appliquer ? - Accountable<\/title>\n<meta name=\"description\" content=\"Il existe diff\u00e9rents taux de TVA en Belgique, de 0 % \u00e0 21 %. D\u00e9couvrez ici ces taux et \u00e0 quels produits ou services ils s&#039;appliquent.\" \/>\n<meta name=\"robots\" content=\"index, follow, max-snippet:-1, max-image-preview:large, max-video-preview:-1\" \/>\n<link rel=\"canonical\" href=\"https:\/\/www.accountable.eu\/fr-be\/blog\/taux-tva-belgique\/\" \/>\n<meta property=\"og:locale\" content=\"fr_FR\" \/>\n<meta property=\"og:type\" content=\"article\" \/>\n<meta property=\"og:title\" content=\"Comment savoir quel taux de TVA il faut appliquer ? - Accountable\" \/>\n<meta property=\"og:description\" content=\"Il existe diff\u00e9rents taux de TVA en Belgique, de 0 % \u00e0 21 %. D\u00e9couvrez ici ces taux et \u00e0 quels produits ou services ils s&#039;appliquent.\" \/>\n<meta property=\"og:url\" content=\"https:\/\/www.accountable.eu\/fr-be\/blog\/taux-tva-belgique\/\" \/>\n<meta property=\"og:site_name\" content=\"Accountable\" \/>\n<meta property=\"article:published_time\" content=\"2024-11-27T16:26:23+00:00\" \/>\n<meta property=\"article:modified_time\" content=\"2025-12-08T17:03:11+00:00\" \/>\n<meta property=\"og:image\" content=\"https:\/\/www.accountable.eu\/wp-content\/uploads\/2024\/09\/btw-tarieven-belgie.png\" \/>\n\t<meta property=\"og:image:width\" content=\"686\" \/>\n\t<meta property=\"og:image:height\" content=\"400\" \/>\n\t<meta property=\"og:image:type\" content=\"image\/png\" \/>\n<meta name=\"author\" content=\"julie\" \/>\n<meta name=\"twitter:card\" content=\"summary_large_image\" \/>\n<meta name=\"twitter:label1\" content=\"\u00c9crit par\" \/>\n\t<meta name=\"twitter:data1\" content=\"julie\" \/>\n\t<meta name=\"twitter:label2\" content=\"Dur\u00e9e de lecture est.\" \/>\n\t<meta name=\"twitter:data2\" content=\"8 minutes\" \/>\n<script type=\"application\/ld+json\" class=\"yoast-schema-graph\">{\"@context\":\"https:\\\/\\\/schema.org\",\"@graph\":[{\"@type\":\"Article\",\"@id\":\"https:\\\/\\\/www.accountable.eu\\\/fr-be\\\/blog\\\/taux-tva-belgique\\\/#article\",\"isPartOf\":{\"@id\":\"https:\\\/\\\/www.accountable.eu\\\/fr-be\\\/blog\\\/taux-tva-belgique\\\/\"},\"author\":{\"name\":\"julie\",\"@id\":\"https:\\\/\\\/www.accountable.eu\\\/fr-be\\\/#\\\/schema\\\/person\\\/9c85ec213b340ca3e8c8e152f6723a71\"},\"headline\":\"Les taux de TVA en Belgique\u00a0: quand facturer 6\u00a0%, 12\u00a0% ou 21\u00a0%\u00a0?\",\"datePublished\":\"2024-11-27T16:26:23+00:00\",\"dateModified\":\"2025-12-08T17:03:11+00:00\",\"mainEntityOfPage\":{\"@id\":\"https:\\\/\\\/www.accountable.eu\\\/fr-be\\\/blog\\\/taux-tva-belgique\\\/\"},\"wordCount\":1771,\"publisher\":{\"@id\":\"https:\\\/\\\/www.accountable.eu\\\/fr-be\\\/#organization\"},\"image\":{\"@id\":\"https:\\\/\\\/www.accountable.eu\\\/fr-be\\\/blog\\\/taux-tva-belgique\\\/#primaryimage\"},\"thumbnailUrl\":\"https:\\\/\\\/www.accountable.eu\\\/wp-content\\\/uploads\\\/2024\\\/09\\\/btw-tarieven-belgie.png\",\"keywords\":[\"Personne physique\",\"Soci\u00e9t\u00e9\",\"TVA\"],\"articleSection\":[\"D\u00e9clarer et payer la TVA\"],\"inLanguage\":\"fr-BE\"},{\"@type\":[\"WebPage\",\"FAQPage\"],\"@id\":\"https:\\\/\\\/www.accountable.eu\\\/fr-be\\\/blog\\\/taux-tva-belgique\\\/\",\"url\":\"https:\\\/\\\/www.accountable.eu\\\/fr-be\\\/blog\\\/taux-tva-belgique\\\/\",\"name\":\"Comment savoir quel taux de TVA il faut appliquer ? - Accountable\",\"isPartOf\":{\"@id\":\"https:\\\/\\\/www.accountable.eu\\\/fr-be\\\/#website\"},\"primaryImageOfPage\":{\"@id\":\"https:\\\/\\\/www.accountable.eu\\\/fr-be\\\/blog\\\/taux-tva-belgique\\\/#primaryimage\"},\"image\":{\"@id\":\"https:\\\/\\\/www.accountable.eu\\\/fr-be\\\/blog\\\/taux-tva-belgique\\\/#primaryimage\"},\"thumbnailUrl\":\"https:\\\/\\\/www.accountable.eu\\\/wp-content\\\/uploads\\\/2024\\\/09\\\/btw-tarieven-belgie.png\",\"datePublished\":\"2024-11-27T16:26:23+00:00\",\"dateModified\":\"2025-12-08T17:03:11+00:00\",\"description\":\"Il existe diff\u00e9rents taux de TVA en Belgique, de 0 % \u00e0 21 %. D\u00e9couvrez ici ces taux et \u00e0 quels produits ou services ils s'appliquent.\",\"breadcrumb\":{\"@id\":\"https:\\\/\\\/www.accountable.eu\\\/fr-be\\\/blog\\\/taux-tva-belgique\\\/#breadcrumb\"},\"mainEntity\":[{\"@id\":\"https:\\\/\\\/www.accountable.eu\\\/fr-be\\\/blog\\\/taux-tva-belgique\\\/#faq-question-1732724282355\"},{\"@id\":\"https:\\\/\\\/www.accountable.eu\\\/fr-be\\\/blog\\\/taux-tva-belgique\\\/#faq-question-1732724299888\"},{\"@id\":\"https:\\\/\\\/www.accountable.eu\\\/fr-be\\\/blog\\\/taux-tva-belgique\\\/#faq-question-1732724320080\"}],\"inLanguage\":\"fr-BE\",\"potentialAction\":[{\"@type\":\"ReadAction\",\"target\":[\"https:\\\/\\\/www.accountable.eu\\\/fr-be\\\/blog\\\/taux-tva-belgique\\\/\"]}]},{\"@type\":\"ImageObject\",\"inLanguage\":\"fr-BE\",\"@id\":\"https:\\\/\\\/www.accountable.eu\\\/fr-be\\\/blog\\\/taux-tva-belgique\\\/#primaryimage\",\"url\":\"https:\\\/\\\/www.accountable.eu\\\/wp-content\\\/uploads\\\/2024\\\/09\\\/btw-tarieven-belgie.png\",\"contentUrl\":\"https:\\\/\\\/www.accountable.eu\\\/wp-content\\\/uploads\\\/2024\\\/09\\\/btw-tarieven-belgie.png\",\"width\":686,\"height\":400,\"caption\":\"btw-tarieven Belgi\u00eb\"},{\"@type\":\"BreadcrumbList\",\"@id\":\"https:\\\/\\\/www.accountable.eu\\\/fr-be\\\/blog\\\/taux-tva-belgique\\\/#breadcrumb\",\"itemListElement\":[{\"@type\":\"ListItem\",\"position\":1,\"name\":\"Home\",\"item\":\"https:\\\/\\\/www.accountable.eu\\\/fr-be\\\/\"},{\"@type\":\"ListItem\",\"position\":2,\"name\":\"Les taux de TVA en Belgique\u00a0: quand facturer 6\u00a0%, 12\u00a0% ou 21\u00a0%\u00a0?\"}]},{\"@type\":\"WebSite\",\"@id\":\"https:\\\/\\\/www.accountable.eu\\\/fr-be\\\/#website\",\"url\":\"https:\\\/\\\/www.accountable.eu\\\/fr-be\\\/\",\"name\":\"Accountable\",\"description\":\"Your accountant and tax advisor on your smartphone\",\"publisher\":{\"@id\":\"https:\\\/\\\/www.accountable.eu\\\/fr-be\\\/#organization\"},\"potentialAction\":[{\"@type\":\"SearchAction\",\"target\":{\"@type\":\"EntryPoint\",\"urlTemplate\":\"https:\\\/\\\/www.accountable.eu\\\/fr-be\\\/?s={search_term_string}\"},\"query-input\":{\"@type\":\"PropertyValueSpecification\",\"valueRequired\":true,\"valueName\":\"search_term_string\"}}],\"inLanguage\":\"fr-BE\"},{\"@type\":\"Organization\",\"@id\":\"https:\\\/\\\/www.accountable.eu\\\/fr-be\\\/#organization\",\"name\":\"Accountable\",\"url\":\"https:\\\/\\\/www.accountable.eu\\\/fr-be\\\/\",\"logo\":{\"@type\":\"ImageObject\",\"inLanguage\":\"fr-BE\",\"@id\":\"https:\\\/\\\/www.accountable.eu\\\/fr-be\\\/#\\\/schema\\\/logo\\\/image\\\/\",\"url\":\"https:\\\/\\\/www.accountable.eu\\\/wp-content\\\/uploads\\\/2026\\\/04\\\/logo-512.png\",\"contentUrl\":\"https:\\\/\\\/www.accountable.eu\\\/wp-content\\\/uploads\\\/2026\\\/04\\\/logo-512.png\",\"width\":512,\"height\":512,\"caption\":\"Accountable\"},\"image\":{\"@id\":\"https:\\\/\\\/www.accountable.eu\\\/fr-be\\\/#\\\/schema\\\/logo\\\/image\\\/\"}},{\"@type\":\"Person\",\"@id\":\"https:\\\/\\\/www.accountable.eu\\\/fr-be\\\/#\\\/schema\\\/person\\\/9c85ec213b340ca3e8c8e152f6723a71\",\"name\":\"julie\",\"image\":{\"@type\":\"ImageObject\",\"inLanguage\":\"fr-BE\",\"@id\":\"https:\\\/\\\/secure.gravatar.com\\\/avatar\\\/84976ca8c4076c0af102d23ffc9c9145ea8291e3557ca33fa00841ff5aa46503?s=96&d=mm&r=g\",\"url\":\"https:\\\/\\\/secure.gravatar.com\\\/avatar\\\/84976ca8c4076c0af102d23ffc9c9145ea8291e3557ca33fa00841ff5aa46503?s=96&d=mm&r=g\",\"contentUrl\":\"https:\\\/\\\/secure.gravatar.com\\\/avatar\\\/84976ca8c4076c0af102d23ffc9c9145ea8291e3557ca33fa00841ff5aa46503?s=96&d=mm&r=g\",\"caption\":\"julie\"}},{\"@type\":\"Question\",\"@id\":\"https:\\\/\\\/www.accountable.eu\\\/fr-be\\\/blog\\\/taux-tva-belgique\\\/#faq-question-1732724282355\",\"position\":1,\"url\":\"https:\\\/\\\/www.accountable.eu\\\/fr-be\\\/blog\\\/taux-tva-belgique\\\/#faq-question-1732724282355\",\"name\":\"\u00c0 quels produits et services s\u2019applique le taux de TVA \u00e0 21\u00a0%\u00a0?\",\"answerCount\":1,\"acceptedAnswer\":{\"@type\":\"Answer\",\"text\":\"En Belgique, le taux de TVA par d\u00e9faut est de 21\u00a0% et s\u2019applique \u00e0 la plupart des produits et services, comme les meubles et la d\u00e9coration, les v\u00eatements, l\u2019\u00e9lectronique, les boissons dans les \u00e9tablissements horeca, les traitements esth\u00e9tiques ou encore les services de conseil.\",\"inLanguage\":\"fr-BE\"},\"inLanguage\":\"fr-BE\"},{\"@type\":\"Question\",\"@id\":\"https:\\\/\\\/www.accountable.eu\\\/fr-be\\\/blog\\\/taux-tva-belgique\\\/#faq-question-1732724299888\",\"position\":2,\"url\":\"https:\\\/\\\/www.accountable.eu\\\/fr-be\\\/blog\\\/taux-tva-belgique\\\/#faq-question-1732724299888\",\"name\":\"Sur quoi facture-t-on une TVA \u00e0 6\u00a0%\u00a0?\",\"answerCount\":1,\"acceptedAnswer\":{\"@type\":\"Answer\",\"text\":\"Le taux de TVA r\u00e9duit \u00e0 6\u00a0% concerne les produits et services jug\u00e9s de premi\u00e8re n\u00e9cessit\u00e9 par notre gouvernement\u00a0: alimentation, m\u00e9dicaments, transport de personnes, \u00e9lectricit\u00e9, eau, gaz naturel, services agricoles, floriculture et horticulture ornementale, logements sociaux\u2026\",\"inLanguage\":\"fr-BE\"},\"inLanguage\":\"fr-BE\"},{\"@type\":\"Question\",\"@id\":\"https:\\\/\\\/www.accountable.eu\\\/fr-be\\\/blog\\\/taux-tva-belgique\\\/#faq-question-1732724320080\",\"position\":3,\"url\":\"https:\\\/\\\/www.accountable.eu\\\/fr-be\\\/blog\\\/taux-tva-belgique\\\/#faq-question-1732724320080\",\"name\":\"Sur quels produits la TVA \u00e0 12\u00a0% est-elle appliqu\u00e9e\u00a0?\",\"answerCount\":1,\"acceptedAnswer\":{\"@type\":\"Answer\",\"text\":\"<br \\\/>Sur les services de restauration et de traiteur (\u00e0 l\u2019exception des plats \u00e0 emporter), les produits phytopharmaceutiques, la margarine, les pneumatiques et chambres \u00e0 air pour les machines et tracteurs agricoles, le charbon, les logements dans le cadre de la politique sociale (initiative priv\u00e9e).\",\"inLanguage\":\"fr-BE\"},\"inLanguage\":\"fr-BE\"}]}<\/script>\n<!-- \/ Yoast SEO plugin. -->","yoast_head_json":{"title":"Comment savoir quel taux de TVA il faut appliquer ? - Accountable","description":"Il existe diff\u00e9rents taux de TVA en Belgique, de 0 % \u00e0 21 %. D\u00e9couvrez ici ces taux et \u00e0 quels produits ou services ils s'appliquent.","robots":{"index":"index","follow":"follow","max-snippet":"max-snippet:-1","max-image-preview":"max-image-preview:large","max-video-preview":"max-video-preview:-1"},"canonical":"https:\/\/www.accountable.eu\/fr-be\/blog\/taux-tva-belgique\/","og_locale":"fr_FR","og_type":"article","og_title":"Comment savoir quel taux de TVA il faut appliquer ? - Accountable","og_description":"Il existe diff\u00e9rents taux de TVA en Belgique, de 0 % \u00e0 21 %. D\u00e9couvrez ici ces taux et \u00e0 quels produits ou services ils s'appliquent.","og_url":"https:\/\/www.accountable.eu\/fr-be\/blog\/taux-tva-belgique\/","og_site_name":"Accountable","article_published_time":"2024-11-27T16:26:23+00:00","article_modified_time":"2025-12-08T17:03:11+00:00","og_image":[{"width":686,"height":400,"url":"https:\/\/www.accountable.eu\/wp-content\/uploads\/2024\/09\/btw-tarieven-belgie.png","type":"image\/png"}],"author":"julie","twitter_card":"summary_large_image","twitter_misc":{"\u00c9crit par":"julie","Dur\u00e9e de lecture est.":"8 minutes"},"schema":{"@context":"https:\/\/schema.org","@graph":[{"@type":"Article","@id":"https:\/\/www.accountable.eu\/fr-be\/blog\/taux-tva-belgique\/#article","isPartOf":{"@id":"https:\/\/www.accountable.eu\/fr-be\/blog\/taux-tva-belgique\/"},"author":{"name":"julie","@id":"https:\/\/www.accountable.eu\/fr-be\/#\/schema\/person\/9c85ec213b340ca3e8c8e152f6723a71"},"headline":"Les taux de TVA en Belgique\u00a0: quand facturer 6\u00a0%, 12\u00a0% ou 21\u00a0%\u00a0?","datePublished":"2024-11-27T16:26:23+00:00","dateModified":"2025-12-08T17:03:11+00:00","mainEntityOfPage":{"@id":"https:\/\/www.accountable.eu\/fr-be\/blog\/taux-tva-belgique\/"},"wordCount":1771,"publisher":{"@id":"https:\/\/www.accountable.eu\/fr-be\/#organization"},"image":{"@id":"https:\/\/www.accountable.eu\/fr-be\/blog\/taux-tva-belgique\/#primaryimage"},"thumbnailUrl":"https:\/\/www.accountable.eu\/wp-content\/uploads\/2024\/09\/btw-tarieven-belgie.png","keywords":["Personne physique","Soci\u00e9t\u00e9","TVA"],"articleSection":["D\u00e9clarer et payer la TVA"],"inLanguage":"fr-BE"},{"@type":["WebPage","FAQPage"],"@id":"https:\/\/www.accountable.eu\/fr-be\/blog\/taux-tva-belgique\/","url":"https:\/\/www.accountable.eu\/fr-be\/blog\/taux-tva-belgique\/","name":"Comment savoir quel taux de TVA il faut appliquer ? - Accountable","isPartOf":{"@id":"https:\/\/www.accountable.eu\/fr-be\/#website"},"primaryImageOfPage":{"@id":"https:\/\/www.accountable.eu\/fr-be\/blog\/taux-tva-belgique\/#primaryimage"},"image":{"@id":"https:\/\/www.accountable.eu\/fr-be\/blog\/taux-tva-belgique\/#primaryimage"},"thumbnailUrl":"https:\/\/www.accountable.eu\/wp-content\/uploads\/2024\/09\/btw-tarieven-belgie.png","datePublished":"2024-11-27T16:26:23+00:00","dateModified":"2025-12-08T17:03:11+00:00","description":"Il existe diff\u00e9rents taux de TVA en Belgique, de 0 % \u00e0 21 %. D\u00e9couvrez ici ces taux et \u00e0 quels produits ou services ils s'appliquent.","breadcrumb":{"@id":"https:\/\/www.accountable.eu\/fr-be\/blog\/taux-tva-belgique\/#breadcrumb"},"mainEntity":[{"@id":"https:\/\/www.accountable.eu\/fr-be\/blog\/taux-tva-belgique\/#faq-question-1732724282355"},{"@id":"https:\/\/www.accountable.eu\/fr-be\/blog\/taux-tva-belgique\/#faq-question-1732724299888"},{"@id":"https:\/\/www.accountable.eu\/fr-be\/blog\/taux-tva-belgique\/#faq-question-1732724320080"}],"inLanguage":"fr-BE","potentialAction":[{"@type":"ReadAction","target":["https:\/\/www.accountable.eu\/fr-be\/blog\/taux-tva-belgique\/"]}]},{"@type":"ImageObject","inLanguage":"fr-BE","@id":"https:\/\/www.accountable.eu\/fr-be\/blog\/taux-tva-belgique\/#primaryimage","url":"https:\/\/www.accountable.eu\/wp-content\/uploads\/2024\/09\/btw-tarieven-belgie.png","contentUrl":"https:\/\/www.accountable.eu\/wp-content\/uploads\/2024\/09\/btw-tarieven-belgie.png","width":686,"height":400,"caption":"btw-tarieven Belgi\u00eb"},{"@type":"BreadcrumbList","@id":"https:\/\/www.accountable.eu\/fr-be\/blog\/taux-tva-belgique\/#breadcrumb","itemListElement":[{"@type":"ListItem","position":1,"name":"Home","item":"https:\/\/www.accountable.eu\/fr-be\/"},{"@type":"ListItem","position":2,"name":"Les taux de TVA en Belgique\u00a0: quand facturer 6\u00a0%, 12\u00a0% ou 21\u00a0%\u00a0?"}]},{"@type":"WebSite","@id":"https:\/\/www.accountable.eu\/fr-be\/#website","url":"https:\/\/www.accountable.eu\/fr-be\/","name":"Accountable","description":"Your accountant and tax advisor on your smartphone","publisher":{"@id":"https:\/\/www.accountable.eu\/fr-be\/#organization"},"potentialAction":[{"@type":"SearchAction","target":{"@type":"EntryPoint","urlTemplate":"https:\/\/www.accountable.eu\/fr-be\/?s={search_term_string}"},"query-input":{"@type":"PropertyValueSpecification","valueRequired":true,"valueName":"search_term_string"}}],"inLanguage":"fr-BE"},{"@type":"Organization","@id":"https:\/\/www.accountable.eu\/fr-be\/#organization","name":"Accountable","url":"https:\/\/www.accountable.eu\/fr-be\/","logo":{"@type":"ImageObject","inLanguage":"fr-BE","@id":"https:\/\/www.accountable.eu\/fr-be\/#\/schema\/logo\/image\/","url":"https:\/\/www.accountable.eu\/wp-content\/uploads\/2026\/04\/logo-512.png","contentUrl":"https:\/\/www.accountable.eu\/wp-content\/uploads\/2026\/04\/logo-512.png","width":512,"height":512,"caption":"Accountable"},"image":{"@id":"https:\/\/www.accountable.eu\/fr-be\/#\/schema\/logo\/image\/"}},{"@type":"Person","@id":"https:\/\/www.accountable.eu\/fr-be\/#\/schema\/person\/9c85ec213b340ca3e8c8e152f6723a71","name":"julie","image":{"@type":"ImageObject","inLanguage":"fr-BE","@id":"https:\/\/secure.gravatar.com\/avatar\/84976ca8c4076c0af102d23ffc9c9145ea8291e3557ca33fa00841ff5aa46503?s=96&d=mm&r=g","url":"https:\/\/secure.gravatar.com\/avatar\/84976ca8c4076c0af102d23ffc9c9145ea8291e3557ca33fa00841ff5aa46503?s=96&d=mm&r=g","contentUrl":"https:\/\/secure.gravatar.com\/avatar\/84976ca8c4076c0af102d23ffc9c9145ea8291e3557ca33fa00841ff5aa46503?s=96&d=mm&r=g","caption":"julie"}},{"@type":"Question","@id":"https:\/\/www.accountable.eu\/fr-be\/blog\/taux-tva-belgique\/#faq-question-1732724282355","position":1,"url":"https:\/\/www.accountable.eu\/fr-be\/blog\/taux-tva-belgique\/#faq-question-1732724282355","name":"\u00c0 quels produits et services s\u2019applique le taux de TVA \u00e0 21\u00a0%\u00a0?","answerCount":1,"acceptedAnswer":{"@type":"Answer","text":"En Belgique, le taux de TVA par d\u00e9faut est de 21\u00a0% et s\u2019applique \u00e0 la plupart des produits et services, comme les meubles et la d\u00e9coration, les v\u00eatements, l\u2019\u00e9lectronique, les boissons dans les \u00e9tablissements horeca, les traitements esth\u00e9tiques ou encore les services de conseil.","inLanguage":"fr-BE"},"inLanguage":"fr-BE"},{"@type":"Question","@id":"https:\/\/www.accountable.eu\/fr-be\/blog\/taux-tva-belgique\/#faq-question-1732724299888","position":2,"url":"https:\/\/www.accountable.eu\/fr-be\/blog\/taux-tva-belgique\/#faq-question-1732724299888","name":"Sur quoi facture-t-on une TVA \u00e0 6\u00a0%\u00a0?","answerCount":1,"acceptedAnswer":{"@type":"Answer","text":"Le taux de TVA r\u00e9duit \u00e0 6\u00a0% concerne les produits et services jug\u00e9s de premi\u00e8re n\u00e9cessit\u00e9 par notre gouvernement\u00a0: alimentation, m\u00e9dicaments, transport de personnes, \u00e9lectricit\u00e9, eau, gaz naturel, services agricoles, floriculture et horticulture ornementale, logements sociaux\u2026","inLanguage":"fr-BE"},"inLanguage":"fr-BE"},{"@type":"Question","@id":"https:\/\/www.accountable.eu\/fr-be\/blog\/taux-tva-belgique\/#faq-question-1732724320080","position":3,"url":"https:\/\/www.accountable.eu\/fr-be\/blog\/taux-tva-belgique\/#faq-question-1732724320080","name":"Sur quels produits la TVA \u00e0 12\u00a0% est-elle appliqu\u00e9e\u00a0?","answerCount":1,"acceptedAnswer":{"@type":"Answer","text":"<br \/>Sur les services de restauration et de traiteur (\u00e0 l\u2019exception des plats \u00e0 emporter), les produits phytopharmaceutiques, la margarine, les pneumatiques et chambres \u00e0 air pour les machines et tracteurs agricoles, le charbon, les logements dans le cadre de la politique sociale (initiative priv\u00e9e).","inLanguage":"fr-BE"},"inLanguage":"fr-BE"}]}},"_links":{"self":[{"href":"https:\/\/www.accountable.eu\/fr-be\/wp-json\/wp\/v2\/posts\/16662","targetHints":{"allow":["GET"]}}],"collection":[{"href":"https:\/\/www.accountable.eu\/fr-be\/wp-json\/wp\/v2\/posts"}],"about":[{"href":"https:\/\/www.accountable.eu\/fr-be\/wp-json\/wp\/v2\/types\/post"}],"author":[{"embeddable":true,"href":"https:\/\/www.accountable.eu\/fr-be\/wp-json\/wp\/v2\/users\/29"}],"replies":[{"embeddable":true,"href":"https:\/\/www.accountable.eu\/fr-be\/wp-json\/wp\/v2\/comments?post=16662"}],"version-history":[{"count":0,"href":"https:\/\/www.accountable.eu\/fr-be\/wp-json\/wp\/v2\/posts\/16662\/revisions"}],"wp:featuredmedia":[{"embeddable":true,"href":"https:\/\/www.accountable.eu\/fr-be\/wp-json\/wp\/v2\/media\/15497"}],"wp:attachment":[{"href":"https:\/\/www.accountable.eu\/fr-be\/wp-json\/wp\/v2\/media?parent=16662"}],"wp:term":[{"taxonomy":"category","embeddable":true,"href":"https:\/\/www.accountable.eu\/fr-be\/wp-json\/wp\/v2\/categories?post=16662"},{"taxonomy":"post_tag","embeddable":true,"href":"https:\/\/www.accountable.eu\/fr-be\/wp-json\/wp\/v2\/tags?post=16662"}],"curies":[{"name":"wp","href":"https:\/\/api.w.org\/{rel}","templated":true}]}}