{"id":17255,"date":"2025-02-01T18:41:44","date_gmt":"2025-02-01T17:41:44","guid":{"rendered":"https:\/\/www.accountable.eu\/?p=17255"},"modified":"2025-02-02T17:05:39","modified_gmt":"2025-02-02T16:05:39","slug":"quattendre-du-nouveau-gouvernement-en-tant-quindependant-belge-mise-a-jour-2025","status":"publish","type":"post","link":"https:\/\/www.accountable.eu\/fr-be\/blog\/quattendre-du-nouveau-gouvernement-en-tant-quindependant-belge-mise-a-jour-2025\/","title":{"rendered":"Qu&rsquo;attendre du nouveau gouvernement en tant qu&rsquo;ind\u00e9pendant belge | Mise-\u00e0-jour 2025"},"content":{"rendered":"\n<p><strong>Nous sommes le 1 F\u00e9vrier 2025: le nouveau gouvernement est sur le point d&rsquo;\u00eatre form\u00e9 et la d\u00e9claration du formateur est disponible depuis peu. Nous d\u00e9cryptons pour vous son contenu et vous indiquons ce que vous devez attendre du nouveau gouvernement en tant qu&rsquo;ind\u00e9pendant personne physique, \u00e0 titre principal ou compl\u00e9mentaire et en tant qu&rsquo;ind\u00e9pendant en soci\u00e9t\u00e9.<\/strong><\/p>\n\n\n\n<p>Si vous souhaitez lire la note, la voici pour vous | <a href=\"https:\/\/drive.google.com\/file\/d\/1Wu9YzqNdULURSlG_hCQZ_-_l_vjvRhpx\/view?usp=sharing\">Lien vers la d\u00e9claration du formateur<\/a>.<\/p>\n\n\n\n<h2 class=\"wp-block-heading\">Pour tous les ind\u00e9pendants en \u00ab\u00a0personne physique\u00a0\u00bb<\/h2>\n\n\n\n<p>Principale mesure sp\u00e9cifique: le gouvernement pr\u00e9voit une <strong>d\u00e9duction fiscale pour ind\u00e9pendant<\/strong>, \u00ab\u00a0permettant de d\u00e9duire une premi\u00e8re tranche des b\u00e9n\u00e9fices et des revenus (apr\u00e8s d\u00e9duction des frais professionnels et des cotisations sociales)\u00a0\u00bb. Excellente nouvelle qui devrait voir r\u00e9duire la charge fiscale des ind\u00e9pendants d\u00e8s le premier euro gagn\u00e9.<em> Les d\u00e9tails de cette d\u00e9duction ne sont pas encore connus.<\/em><\/p>\n\n\n\n<p>Il n&rsquo;y aura pas, a priori, de r\u00e9vision des tranches et taux d&rsquo;imposition comme il a parfois \u00e9t\u00e9 mentionn\u00e9 lors des n\u00e9gociations.<\/p>\n\n\n\n<p>\ud83d\udca1<strong>Astuce Accountable&nbsp;: <\/strong>Cette d\u00e9duction devrait s&rsquo;appliquer sur le profit g\u00e9n\u00e9r\u00e9 par votre activit\u00e9 (votre chiffre d&rsquo;affaire moins vos frais professionnels). L&rsquo;avantage des frais pros n&rsquo;est a priori pas donc r\u00e9duit. \u00c0 vous de jouer donc, apprenez-en plus sur les <a href=\"https:\/\/www.fraispro.be\/\"><strong>frais professionnels<\/strong><\/a>.<\/p>\n\n\n\n<p>Plusieurs changements sont \u00e9galement pr\u00e9vu vis-\u00e0-vis des <strong>versements anticip\u00e9s<\/strong>: l&rsquo;apparition d&rsquo;une 5\u00e8me p\u00e9riode avec un bonus de 0.5x le taux d&rsquo;int\u00e9r\u00eat de base si vos versements sont faits avant le 20 f\u00e9vrier de l&rsquo;ann\u00e9e d&rsquo;imposition et la suppression de l\u2019augmentation d\u2019imp\u00f4t pour insuffisance de versements anticip\u00e9s \u00e0 partir de 2026.<\/p>\n\n\n\n<h2 class=\"wp-block-heading\">Pour les ind\u00e9pendants \u00e0 titre compl\u00e9mentaire<\/h2>\n\n\n\n<p>Cet accord de gouvernement est clair: l&rsquo;\u00c9tat belge veut valoriser et encadrer le statut d&rsquo;ind\u00e9pendant compl\u00e9mentaire. <em>Une bonne nouvelle, tr\u00e8s probablement.<\/em> Les \u00e9l\u00e9ments concrets restent cependant encore \u00e0 d\u00e9finir: la d\u00e9claration du formateur parle d&rsquo;une \u00ab\u00a0r\u00e9forme du statut des <strong>ind\u00e9pendants compl\u00e9mentaires<\/strong> sera mise en \u0153uvre afin de mieux valoriser cette cat\u00e9gorie tout en luttant contre les abus\u00a0\u00bb. <\/p>\n\n\n\n<p>\u00c0 titre d&rsquo;exemple, la note mentionne les pensions accessibles aux compl\u00e9mentaires. Actuellement, ces travailleurs cotisent \u00e0 la s\u00e9curit\u00e9 sociale mais ne constituent pas de droits sociaux proportionnels \u00e0 leurs cotisations. L\u2019objectif de la r\u00e9forme est d\u2019assurer une meilleure reconnaissance de leur contribution au syst\u00e8me\u200b: \u00e0 partir de <strong>2026<\/strong>, les ind\u00e9pendants \u00e0 titre compl\u00e9mentaire auront acc\u00e8s \u00e0 la <strong>Pension Compl\u00e9mentaire Libre pour Ind\u00e9pendants (PCLI)<\/strong>, un r\u00e9gime actuellement r\u00e9serv\u00e9 aux ind\u00e9pendants en activit\u00e9 principale.<\/p>\n\n\n\n<h2 class=\"wp-block-heading\">Pour les ind\u00e9pendants en soci\u00e9t\u00e9 (SRL, BV, etc.)<\/h2>\n\n\n\n<p>Le r\u00e9gime VVPR-bis permet,<strong> historiquement et<\/strong>&nbsp;<strong>sous certaines conditions<\/strong>, de distribuer les dividendes des petites et moyennes entreprises \u00e0 un&nbsp;<a href=\"https:\/\/www.moore.be\/fr\/nouvelle\/Paiement-de-dividende-accelere-via-VVPR-bis-et-reserve-de-liquidation\">pr\u00e9compte mobilier r\u00e9duit de 15 ou 20 %<\/a> (alors que ce taux est normalement de 30 %). Lors des n\u00e9gociations, il a \u00e9t\u00e9 mentionn\u00e9 \u00e0 plusieurs fois une r\u00e9vision de ce r\u00e9gime et la r\u00e9duction de la taxation avantageuse des dividendes pour les PME.<\/p>\n\n\n\n<p>La note du formateur mentionne une<strong> extension de la base imposable pour le pr\u00e9compte mobilier<\/strong> (la taxe sur les dividendes) et <strong>l&rsquo;harmonisation du r\u00e9gime de la r\u00e9serve de liquidation et du VVPR-bis<\/strong>: pour la r\u00e9serve de liquidation, la p\u00e9riode d&rsquo;attente avant une distribution \u00e0 taux r\u00e9duit sera r\u00e9duite de <strong>5 ans \u00e0 3 ans<\/strong>, mais le taux de pr\u00e9compte mobilier passera de <strong>5 % \u00e0 6,5 %<\/strong>. De cette mani\u00e8re, le taux effectif global passera de <strong>13,64 % \u00e0 15 %<\/strong>, ce qui l\u2019aligne sur le r\u00e9gime VVPR-bis. <\/p>\n\n\n\n<p>Il est confirm\u00e9 que \u00ab\u00a0les distributions anticip\u00e9es, effectu\u00e9es dans ces 3 ans, seront soumises au taux normal de 30 % de pr\u00e9compte mobilier\u00a0\u00bb.<\/p>\n\n\n\n<p>Cette mesure vise \u00e0 <strong>uniformiser la fiscalit\u00e9 sur les distributions de dividendes<\/strong> entre diff\u00e9rents r\u00e9gimes tout en limitant les avantages fiscaux excessifs. Si une r\u00e9forme plus sp\u00e9cifique du VVPR-bis devait \u00eatre envisag\u00e9e, elle ne semble pas d\u00e9taill\u00e9e dans ce document.<\/p>\n\n\n\n<p>Enfin, la note souligne que, pour b\u00e9n\u00e9ficier du taux r\u00e9duit d\u2019imp\u00f4t des soci\u00e9t\u00e9s, la r\u00e9mun\u00e9ration du dirigeant devra atteindre <strong>50 000 \u20ac par an<\/strong>, contre <strong>45 000 \u20ac pr\u00e9c\u00e9demment<\/strong> (ce montant sera index\u00e9). Il est \u00e9galement mentionn\u00e9 qu\u2019un dirigeant d\u2019entreprise ne pourra convertir que <strong>20 % de sa r\u00e9mun\u00e9ration brute<\/strong> en avantages en nature (voiture de soci\u00e9t\u00e9, \u00e9pargne-pension, ch\u00e8ques-repas, etc.).<\/p>\n\n\n\n<h2 class=\"wp-block-heading\">Des changements pour votre pension en tant qu&rsquo;ind\u00e9pendant et vos investissements<\/h2>\n\n\n\n<h3 class=\"wp-block-heading\">Simplification du 2\u00e8me pillier de la pension des ind\u00e9pendants<\/h3>\n\n\n\n<p>Le gouvernement promet une <strong>\u00ab\u00a0harmonisation et simplification\u00a0\u00bb <\/strong>du deuxi\u00e8me pilier pour les ind\u00e9pendants (PCLI, EIP, CPTI) et ce inclus la fameuse r\u00e8gle des 80%. <em>D\u00e9cision positive et pleine de sens.<\/em><\/p>\n\n\n\n<p>En particulier, la note mentionne l&rsquo;<strong>augmentation du pourcentage maximal de la cotisation <\/strong>pour la Pension Compl\u00e9mentaire Libre pour Ind\u00e9pendants (PCLI) de 8,17 % \u00e0 8,5 % \u00e0 partir de 2026. Idem pour la PLCI sociale. Enfin, il pr\u00e9voit la <strong>suppression de la taxe sur les primes de contrats de pension pour ind\u00e9pendants<\/strong> (CPTI).<\/p>\n\n\n\n<h3 class=\"wp-block-heading\">Nouvelle taxation des plus-values, y compris sur les cryptomonnaies<\/h3>\n\n\n\n<p>L&rsquo;accord du nouveau gouvernement belge introduit une <strong>taxation g\u00e9n\u00e9rale de 10 % sur les plus-values financi\u00e8res, y compris celles r\u00e9alis\u00e9es sur les cryptomonnaies. <\/strong>Cette taxe ne sera pas r\u00e9troactive, ce qui signifie que les plus-values r\u00e9alis\u00e9es avant son entr\u00e9e en vigueur ne seront pas impos\u00e9es. Un seuil d&rsquo;exon\u00e9ration de 10 000 \u20ac sera appliqu\u00e9 afin de prot\u00e9ger les petits investisseurs, ce montant \u00e9tant index\u00e9 chaque ann\u00e9e. <\/p>\n\n\n\n<p>Un r\u00e9gime sp\u00e9cifique est pr\u00e9vu pour <strong>les investisseurs ayant des participations importantes. <\/strong>Ainsi, toute participation d\u2019au moins 10 % b\u00e9n\u00e9ficiera d\u2019une exon\u00e9ration de 1 million d\u2019euros. Pour les plus-values comprises entre 1 et 5 millions d\u2019euros, la moiti\u00e9 du montant sera exon\u00e9r\u00e9e, tandis que celles entre 5 et 10 millions d\u2019euros ne seront exon\u00e9r\u00e9es qu\u2019\u00e0 hauteur de 25 %. <em>Au-del\u00e0 de 10 millions d\u2019euros, la taxation sera int\u00e9grale.<\/em><\/p>\n\n\n\n<p>Concernant les <strong>cryptomonnaies<\/strong>, les gains issus des transactions seront impos\u00e9s \u00e0 10 %, \u00e0 moins qu\u2019ils ne rel\u00e8vent du r\u00e9gime des activit\u00e9s professionnelles. Les plus-values historiques, c&rsquo;est-\u00e0-dire celles r\u00e9alis\u00e9es avant l\u2019entr\u00e9e en vigueur de la r\u00e9forme, resteront exon\u00e9r\u00e9es. Il sera toutefois possible de d\u00e9duire les pertes sur une ann\u00e9e donn\u00e9e, mais sans possibilit\u00e9 de report sur les exercices suivants.<\/p>\n\n\n\n<p>Enfin, une surveillance renforc\u00e9e des comptes de cryptomonnaies sera mise en place. Ceux-ci devront \u00eatre d\u00e9clar\u00e9s au Point de Contact Central (PCC) de la Banque Nationale de Belgique. Les autorit\u00e9s fiscales b\u00e9n\u00e9ficieront d\u2019un acc\u00e8s \u00e9largi aux informations sur les transactions crypto, notamment en cas de soup\u00e7on de fraude fiscale. L\u2019ensemble de ces mesures vise \u00e0 garantir une meilleure \u00e9quit\u00e9 fiscale et \u00e0 encadrer plus strictement les gains issus des actifs num\u00e9riques.<\/p>\n\n\n\n<h2 class=\"wp-block-heading\">(Re)\u00e9largissement du r\u00e9gime des droit d&rsquo;auteur aux m\u00e9tiers du num\u00e9rique<\/h2>\n\n\n\n<p>Le r\u00e9gime fiscal des <strong>droits d\u2019auteur<\/strong> fera l\u2019objet d\u2019un <strong>\u00e9largissement<\/strong> dans le cadre de cet accord du nouveau gouvernement belge. Voici les \u00e9l\u00e9ments cl\u00e9s de cette r\u00e9forme :<\/p>\n\n\n\n<ul class=\"wp-block-list\">\n<li>L\u2019objectif est de <strong>mettre fin \u00e0 la discrimination<\/strong> entre les professions num\u00e9riques et les autres professions.<\/li>\n\n\n\n<li>Actuellement, les professions num\u00e9riques ne peuvent <strong>pas<\/strong> b\u00e9n\u00e9ficier de ce r\u00e9gime selon l\u2019administration fiscale.<\/li>\n\n\n\n<li>Dor\u00e9navant, les <strong>\u0153uvres prot\u00e9g\u00e9es en vertu du Livre XI, Titre 6, du Code de droit \u00e9conomique<\/strong> seront \u00e9ligibles au r\u00e9gime fiscal des droits d\u2019auteur.<\/li>\n<\/ul>\n\n\n\n<p>Ce changement permettrait aux cr\u00e9ateurs de contenus num\u00e9riques (ex : graphistes, d\u00e9veloppeurs de jeux vid\u00e9o, cr\u00e9ateurs de logiciels, producteurs de contenu digital) de b\u00e9n\u00e9ficier des <strong>avantages fiscaux<\/strong> li\u00e9s aux revenus des droits d\u2019auteur. Les revenus issus de ces droits continueront probablement \u00e0 \u00eatre impos\u00e9s \u00e0 un <strong>taux r\u00e9duit<\/strong>, bien que les d\u00e9tails pr\u00e9cis sur le bar\u00e8me fiscal n\u2019aient pas \u00e9t\u00e9 pr\u00e9cis\u00e9s dans l\u2019accord.<\/p>\n\n\n\n<p><strong>L&rsquo;objectif de la r\u00e9forme<\/strong> est simple: corriger une incoh\u00e9rence du syst\u00e8me fiscal qui excluait certaines professions num\u00e9riques du r\u00e9gime pr\u00e9f\u00e9rentiel et favoriser une <strong>meilleure reconnaissance des cr\u00e9ateurs num\u00e9riques<\/strong> et leur offrir des <strong>avantages fiscaux similaires<\/strong> \u00e0 ceux des artistes et auteurs traditionnels.<\/p>\n\n\n\n<p><em>Que d&rsquo;\u00e9nergie et d&rsquo;argent perdu dans les changements introduits en 2023 et 2024<\/em>.<\/p>\n\n\n\n<h2 class=\"wp-block-heading\"><strong>Ajustements suppl\u00e9mentaires \u00e0 la d\u00e9ductibilit\u00e9 des voitures hybrides<\/strong><\/h2>\n\n\n\n<p>Les r\u00e8gles relatives \u00e0 la d\u00e9ductibilit\u00e9 des frais automobiles seront simplifi\u00e9es afin de r\u00e9duire la charge administrative pour les entreprises.<\/p>\n\n\n\n<h3 class=\"wp-block-heading\"><strong>Prolongation de la p\u00e9riode de transition pour les hybrides<\/strong><\/h3>\n\n\n\n<p>Tous les travailleurs ne peuvent pas encore opter pour un v\u00e9hicule 100 % \u00e9lectrique, notamment en raison des contraintes d\u2019infrastructure en milieu urbain, en zone rurale ou dans les logements collectifs. C\u2019est pourquoi le gouvernement maintient des avantages fiscaux pour les v\u00e9hicules hybrides jusqu\u2019en 2029.<\/p>\n\n\n\n<h3 class=\"wp-block-heading\"><strong>Nouveaux taux de d\u00e9duction fiscale<\/strong><\/h3>\n\n\n\n<ul class=\"wp-block-list\">\n<li><strong>75 %<\/strong> jusqu\u2019\u00e0 fin 2027.<\/li>\n\n\n\n<li><strong>65 %<\/strong> en 2028.<\/li>\n\n\n\n<li><strong>57,5 %<\/strong> en 2029.<\/li>\n<\/ul>\n\n\n\n<p>Ces taux resteront valables durant toute la p\u00e9riode d\u2019utilisation du v\u00e9hicule par le m\u00eame conducteur. Concernant les frais de carburant, la d\u00e9duction restera fix\u00e9e \u00e0 <strong>50 % jusqu\u2019\u00e0 fin 2027<\/strong>, tandis que les co\u00fbts d\u2019\u00e9lectricit\u00e9 b\u00e9n\u00e9ficieront du m\u00eame traitement que ceux des voitures \u00e9lectriques.<\/p>\n\n\n\n<h3 class=\"wp-block-heading\"><strong>Une exception pour les hybrides les plus propres<\/strong><\/h3>\n\n\n\n<p>Les hybrides \u00e9mettant <strong>moins de 50 g CO\u2082\/km<\/strong> pourront b\u00e9n\u00e9ficier d\u2019un taux de d\u00e9duction sup\u00e9rieur \u00e0 <strong>75 % jusqu\u2019\u00e0 fin 2027<\/strong> si la formule de calcul leur est plus favorable.<\/p>\n\n\n\n<h2 class=\"wp-block-heading\">Lutte contre la fraude et les faux ind\u00e9pendants<\/h2>\n\n\n\n<p>La d\u00e9claration mentionne que \u00ab\u00a0la lutte contre les faux ind\u00e9pendants et les faux employ\u00e9s est renforc\u00e9e\u00a0\u00bb. En pratique, il conviendra de discuter de ce que signifie \u00eatre un \u00ab\u00a0faux ind\u00e9pendant\u00a0\u00bb: lorsque le statut refl\u00e8te un choix de vie, malgr\u00e9 des relations privil\u00e9gi\u00e9es avec un client, pourquoi l&rsquo;\u00c9tat devrait-il se m\u00ealer de la relation client-fournisseur? <\/p>\n\n\n\n<p><em>Un sujet de bataille pour nous en 2025?<\/em><\/p>\n\n\n\n<h2 class=\"wp-block-heading\">Et maintenant, que va-t-il se passer?<\/h2>\n\n\n\n<p>Attention, ces mesures ne sont pas encore d&rsquo;application et il se passer encore de nombreux mois avant de voir leur effet sur vos finances.<\/p>\n\n\n\n<p>En effet, pour que l&rsquo;accord du gouvernement belge devienne effectif et que ses propositions soient mises en \u0153uvre, plusieurs \u00e9tapes doivent \u00eatre suivies:<\/p>\n\n\n\n<ol class=\"wp-block-list\">\n<li><strong>Pr\u00e9sentation devant le Parlement<\/strong>: le gouvernement doit maintenant pr\u00e9senter son accord au Parlement. Cela peut se faire sous la forme d&rsquo;une d\u00e9claration gouvernementale ou d&rsquo;un discours de politique g\u00e9n\u00e9rale.<\/li>\n\n\n\n<li><strong>Vote de confiance<\/strong>: si le gouvernement est nouvellement form\u00e9 (ou si un remaniement important a eu lieu), il doit ensuite obtenir la confiance de la Chambre des repr\u00e9sentants. Le vote de confiance valide l&rsquo;accord et donne au gouvernement la l\u00e9gitimit\u00e9 pour gouverner.<\/li>\n\n\n\n<li><strong>Traduction l\u00e9gislative<\/strong>: les propositions contenues dans l&rsquo;accord doivent \u00eatre traduites en projets de loi (alors d\u00e9battus et adopt\u00e9s par le Parlement) ou en arr\u00eat\u00e9s royaux ou minist\u00e9riels (ici mis en \u0153uvre directement par le gouvernement et l&rsquo;administration sans passer par le Parlement).<\/li>\n\n\n\n<li><strong>Application et mise en \u0153uvre<\/strong>: une fois adopt\u00e9es, les lois et mesures doivent \u00eatre appliqu\u00e9es par l\u2019administration. Cela peut inclure la publication au Moniteur belge, l\u2019adoption de circulaires minist\u00e9rielles ou la mise en place d\u2019organismes sp\u00e9cifiques.<\/li>\n<\/ol>\n\n\n\n<h2 class=\"wp-block-heading\"><strong>D&rsquo;autres questions? Nous sommes l\u00e0 \ud83d\udc9c<\/strong><\/h2>\n\n\n\n<p>Dans ce guide, nous avons pass\u00e9 en revue les changement attendus par l&rsquo;introduction de ce nouveau gouvernement. Comme expliqu\u00e9 plus t\u00f4t, il est possible que ces changements ne voient pas le jour: l&rsquo;objectif de cette note est simplement de vous pr\u00e9parer \u00e0 ce qui vous attend. Comme d&rsquo;habitude, si vous avez la moindre question, n&rsquo;h\u00e9sitez pas et contactez nos <strong><a href=\"https:\/\/www.accountable.eu\/fr-be\/coach-fiscal\/\">Coachs fiscaux.<\/a><\/strong><\/p>\n\n\n\n<p><strong>Vous voulez devenir ind\u00e9pendant et \u00eates pr\u00eats \u00e0 d\u00e9coller? <\/strong><br><a href=\"https:\/\/www.accountable.eu\/fr-be\/obtenir-votre-numero-de-tva\/\/?utm_source=blog&amp;utm_medium=raso&amp;utm_campaign=raso-landing\"><strong>Demandez d\u00e8s maintenant votre num\u00e9ro d&rsquo;entreprise \u00e0 l\u2019aide de notre outil gratuit. <\/strong><\/a>\ud83d\ude80<\/p>\n\n\n\n<p><\/p>\n","protected":false},"excerpt":{"rendered":"<p>Nous sommes le 1 F\u00e9vrier 2025: le nouveau gouvernement est sur le point d&rsquo;\u00eatre form\u00e9 et la d\u00e9claration du formateur est disponible depuis peu. Nous d\u00e9cryptons pour vous son contenu et vous indiquons ce que vous devez attendre du nouveau gouvernement en tant qu&rsquo;ind\u00e9pendant personne physique, \u00e0 titre principal ou compl\u00e9mentaire et en tant qu&rsquo;ind\u00e9pendant [&hellip;]<\/p>\n","protected":false},"author":3,"featured_media":17257,"comment_status":"open","ping_status":"open","sticky":false,"template":"","format":"standard","meta":{"inline_featured_image":false,"footnotes":""},"categories":[285,289,240],"tags":[303,312],"class_list":["post-17255","post","type-post","status-publish","format-standard","has-post-thumbnail","hentry","category-demarrer-comme-independant","category-independant-a-titre-principal","category-uncategorized-fr-be","tag-demarrer","tag-independant"],"acf":[],"yoast_head":"<!-- This site is optimized with the Yoast SEO plugin v27.4 - https:\/\/yoast.com\/product\/yoast-seo-wordpress\/ -->\n<title>Qu&#039;attendre du nouveau gouvernement en tant qu&#039;ind\u00e9pendant<\/title>\n<meta name=\"description\" content=\"Nous d\u00e9cryptons la d\u00e9claration du formateur et vous indiquons ce que vous devez attendre du nouveau gouvernement en tant qu&#039;ind\u00e9pendant.\" \/>\n<meta name=\"robots\" content=\"index, follow, max-snippet:-1, max-image-preview:large, max-video-preview:-1\" \/>\n<link rel=\"canonical\" href=\"https:\/\/www.accountable.eu\/fr-be\/blog\/quattendre-du-nouveau-gouvernement-en-tant-quindependant-belge-mise-a-jour-2025\/\" \/>\n<meta property=\"og:locale\" content=\"fr_FR\" \/>\n<meta property=\"og:type\" content=\"article\" \/>\n<meta property=\"og:title\" content=\"Qu&#039;attendre du nouveau gouvernement en tant qu&#039;ind\u00e9pendant\" \/>\n<meta property=\"og:description\" content=\"Nous d\u00e9cryptons la d\u00e9claration du formateur et vous indiquons ce que vous devez attendre du nouveau gouvernement en tant qu&#039;ind\u00e9pendant.\" \/>\n<meta property=\"og:url\" content=\"https:\/\/www.accountable.eu\/fr-be\/blog\/quattendre-du-nouveau-gouvernement-en-tant-quindependant-belge-mise-a-jour-2025\/\" \/>\n<meta property=\"og:site_name\" content=\"Accountable\" \/>\n<meta property=\"article:published_time\" content=\"2025-02-01T17:41:44+00:00\" \/>\n<meta property=\"article:modified_time\" content=\"2025-02-02T16:05:39+00:00\" \/>\n<meta property=\"og:image\" content=\"https:\/\/www.accountable.eu\/wp-content\/uploads\/2025\/02\/Frame-5.png\" \/>\n\t<meta property=\"og:image:width\" content=\"2058\" \/>\n\t<meta property=\"og:image:height\" content=\"1200\" \/>\n\t<meta property=\"og:image:type\" content=\"image\/png\" \/>\n<meta name=\"author\" content=\"Nicolas Quarr\u00e9\" \/>\n<meta name=\"twitter:card\" content=\"summary_large_image\" \/>\n<meta name=\"twitter:label1\" content=\"\u00c9crit par\" \/>\n\t<meta name=\"twitter:data1\" content=\"Nicolas Quarr\u00e9\" \/>\n\t<meta name=\"twitter:label2\" content=\"Dur\u00e9e de lecture est.\" \/>\n\t<meta name=\"twitter:data2\" content=\"9 minutes\" \/>\n<script type=\"application\/ld+json\" class=\"yoast-schema-graph\">{\"@context\":\"https:\\\/\\\/schema.org\",\"@graph\":[{\"@type\":\"Article\",\"@id\":\"https:\\\/\\\/www.accountable.eu\\\/fr-be\\\/blog\\\/quattendre-du-nouveau-gouvernement-en-tant-quindependant-belge-mise-a-jour-2025\\\/#article\",\"isPartOf\":{\"@id\":\"https:\\\/\\\/www.accountable.eu\\\/fr-be\\\/blog\\\/quattendre-du-nouveau-gouvernement-en-tant-quindependant-belge-mise-a-jour-2025\\\/\"},\"author\":{\"name\":\"Nicolas Quarr\u00e9\",\"@id\":\"https:\\\/\\\/www.accountable.eu\\\/fr-be\\\/#\\\/schema\\\/person\\\/c6f1ecb21f5b649c8e4cea51b9d7b386\"},\"headline\":\"Qu&rsquo;attendre du nouveau gouvernement en tant qu&rsquo;ind\u00e9pendant belge | Mise-\u00e0-jour 2025\",\"datePublished\":\"2025-02-01T17:41:44+00:00\",\"dateModified\":\"2025-02-02T16:05:39+00:00\",\"mainEntityOfPage\":{\"@id\":\"https:\\\/\\\/www.accountable.eu\\\/fr-be\\\/blog\\\/quattendre-du-nouveau-gouvernement-en-tant-quindependant-belge-mise-a-jour-2025\\\/\"},\"wordCount\":2041,\"commentCount\":0,\"publisher\":{\"@id\":\"https:\\\/\\\/www.accountable.eu\\\/fr-be\\\/#organization\"},\"image\":{\"@id\":\"https:\\\/\\\/www.accountable.eu\\\/fr-be\\\/blog\\\/quattendre-du-nouveau-gouvernement-en-tant-quindependant-belge-mise-a-jour-2025\\\/#primaryimage\"},\"thumbnailUrl\":\"https:\\\/\\\/www.accountable.eu\\\/wp-content\\\/uploads\\\/2025\\\/02\\\/Frame-5.png\",\"keywords\":[\"D\u00e9marrer\",\"Ind\u00e9pendant \u00e0 titre principal\"],\"articleSection\":[\"D\u00e9marrer comme ind\u00e9pendant\",\"Ind\u00e9pendant \u00e0 titre principal\",\"Uncategorized @fr-be\"],\"inLanguage\":\"fr-BE\",\"potentialAction\":[{\"@type\":\"CommentAction\",\"name\":\"Comment\",\"target\":[\"https:\\\/\\\/www.accountable.eu\\\/fr-be\\\/blog\\\/quattendre-du-nouveau-gouvernement-en-tant-quindependant-belge-mise-a-jour-2025\\\/#respond\"]}]},{\"@type\":\"WebPage\",\"@id\":\"https:\\\/\\\/www.accountable.eu\\\/fr-be\\\/blog\\\/quattendre-du-nouveau-gouvernement-en-tant-quindependant-belge-mise-a-jour-2025\\\/\",\"url\":\"https:\\\/\\\/www.accountable.eu\\\/fr-be\\\/blog\\\/quattendre-du-nouveau-gouvernement-en-tant-quindependant-belge-mise-a-jour-2025\\\/\",\"name\":\"Qu'attendre du nouveau gouvernement en tant qu'ind\u00e9pendant\",\"isPartOf\":{\"@id\":\"https:\\\/\\\/www.accountable.eu\\\/fr-be\\\/#website\"},\"primaryImageOfPage\":{\"@id\":\"https:\\\/\\\/www.accountable.eu\\\/fr-be\\\/blog\\\/quattendre-du-nouveau-gouvernement-en-tant-quindependant-belge-mise-a-jour-2025\\\/#primaryimage\"},\"image\":{\"@id\":\"https:\\\/\\\/www.accountable.eu\\\/fr-be\\\/blog\\\/quattendre-du-nouveau-gouvernement-en-tant-quindependant-belge-mise-a-jour-2025\\\/#primaryimage\"},\"thumbnailUrl\":\"https:\\\/\\\/www.accountable.eu\\\/wp-content\\\/uploads\\\/2025\\\/02\\\/Frame-5.png\",\"datePublished\":\"2025-02-01T17:41:44+00:00\",\"dateModified\":\"2025-02-02T16:05:39+00:00\",\"description\":\"Nous d\u00e9cryptons la d\u00e9claration du formateur et vous indiquons ce que vous devez attendre du nouveau gouvernement en tant qu'ind\u00e9pendant.\",\"breadcrumb\":{\"@id\":\"https:\\\/\\\/www.accountable.eu\\\/fr-be\\\/blog\\\/quattendre-du-nouveau-gouvernement-en-tant-quindependant-belge-mise-a-jour-2025\\\/#breadcrumb\"},\"inLanguage\":\"fr-BE\",\"potentialAction\":[{\"@type\":\"ReadAction\",\"target\":[\"https:\\\/\\\/www.accountable.eu\\\/fr-be\\\/blog\\\/quattendre-du-nouveau-gouvernement-en-tant-quindependant-belge-mise-a-jour-2025\\\/\"]}]},{\"@type\":\"ImageObject\",\"inLanguage\":\"fr-BE\",\"@id\":\"https:\\\/\\\/www.accountable.eu\\\/fr-be\\\/blog\\\/quattendre-du-nouveau-gouvernement-en-tant-quindependant-belge-mise-a-jour-2025\\\/#primaryimage\",\"url\":\"https:\\\/\\\/www.accountable.eu\\\/wp-content\\\/uploads\\\/2025\\\/02\\\/Frame-5.png\",\"contentUrl\":\"https:\\\/\\\/www.accountable.eu\\\/wp-content\\\/uploads\\\/2025\\\/02\\\/Frame-5.png\",\"width\":2058,\"height\":1200},{\"@type\":\"BreadcrumbList\",\"@id\":\"https:\\\/\\\/www.accountable.eu\\\/fr-be\\\/blog\\\/quattendre-du-nouveau-gouvernement-en-tant-quindependant-belge-mise-a-jour-2025\\\/#breadcrumb\",\"itemListElement\":[{\"@type\":\"ListItem\",\"position\":1,\"name\":\"Home\",\"item\":\"https:\\\/\\\/www.accountable.eu\\\/fr-be\\\/\"},{\"@type\":\"ListItem\",\"position\":2,\"name\":\"Qu&#8217;attendre du nouveau gouvernement en tant qu&#8217;ind\u00e9pendant belge | Mise-\u00e0-jour 2025\"}]},{\"@type\":\"WebSite\",\"@id\":\"https:\\\/\\\/www.accountable.eu\\\/fr-be\\\/#website\",\"url\":\"https:\\\/\\\/www.accountable.eu\\\/fr-be\\\/\",\"name\":\"Accountable\",\"description\":\"Your accountant and tax advisor on your smartphone\",\"publisher\":{\"@id\":\"https:\\\/\\\/www.accountable.eu\\\/fr-be\\\/#organization\"},\"potentialAction\":[{\"@type\":\"SearchAction\",\"target\":{\"@type\":\"EntryPoint\",\"urlTemplate\":\"https:\\\/\\\/www.accountable.eu\\\/fr-be\\\/?s={search_term_string}\"},\"query-input\":{\"@type\":\"PropertyValueSpecification\",\"valueRequired\":true,\"valueName\":\"search_term_string\"}}],\"inLanguage\":\"fr-BE\"},{\"@type\":\"Organization\",\"@id\":\"https:\\\/\\\/www.accountable.eu\\\/fr-be\\\/#organization\",\"name\":\"Accountable\",\"url\":\"https:\\\/\\\/www.accountable.eu\\\/fr-be\\\/\",\"logo\":{\"@type\":\"ImageObject\",\"inLanguage\":\"fr-BE\",\"@id\":\"https:\\\/\\\/www.accountable.eu\\\/fr-be\\\/#\\\/schema\\\/logo\\\/image\\\/\",\"url\":\"https:\\\/\\\/www.accountable.eu\\\/wp-content\\\/uploads\\\/2026\\\/04\\\/logo-512.png\",\"contentUrl\":\"https:\\\/\\\/www.accountable.eu\\\/wp-content\\\/uploads\\\/2026\\\/04\\\/logo-512.png\",\"width\":512,\"height\":512,\"caption\":\"Accountable\"},\"image\":{\"@id\":\"https:\\\/\\\/www.accountable.eu\\\/fr-be\\\/#\\\/schema\\\/logo\\\/image\\\/\"}},{\"@type\":\"Person\",\"@id\":\"https:\\\/\\\/www.accountable.eu\\\/fr-be\\\/#\\\/schema\\\/person\\\/c6f1ecb21f5b649c8e4cea51b9d7b386\",\"name\":\"Nicolas Quarr\u00e9\",\"image\":{\"@type\":\"ImageObject\",\"inLanguage\":\"fr-BE\",\"@id\":\"https:\\\/\\\/secure.gravatar.com\\\/avatar\\\/a2133044cd2415efec360988b0f1f2b4b767c3864620ae6408e3c0ae359a6bdb?s=96&d=mm&r=g\",\"url\":\"https:\\\/\\\/secure.gravatar.com\\\/avatar\\\/a2133044cd2415efec360988b0f1f2b4b767c3864620ae6408e3c0ae359a6bdb?s=96&d=mm&r=g\",\"contentUrl\":\"https:\\\/\\\/secure.gravatar.com\\\/avatar\\\/a2133044cd2415efec360988b0f1f2b4b767c3864620ae6408e3c0ae359a6bdb?s=96&d=mm&r=g\",\"caption\":\"Nicolas Quarr\u00e9\"}}]}<\/script>\n<!-- \/ Yoast SEO plugin. -->","yoast_head_json":{"title":"Qu'attendre du nouveau gouvernement en tant qu'ind\u00e9pendant","description":"Nous d\u00e9cryptons la d\u00e9claration du formateur et vous indiquons ce que vous devez attendre du nouveau gouvernement en tant qu'ind\u00e9pendant.","robots":{"index":"index","follow":"follow","max-snippet":"max-snippet:-1","max-image-preview":"max-image-preview:large","max-video-preview":"max-video-preview:-1"},"canonical":"https:\/\/www.accountable.eu\/fr-be\/blog\/quattendre-du-nouveau-gouvernement-en-tant-quindependant-belge-mise-a-jour-2025\/","og_locale":"fr_FR","og_type":"article","og_title":"Qu'attendre du nouveau gouvernement en tant qu'ind\u00e9pendant","og_description":"Nous d\u00e9cryptons la d\u00e9claration du formateur et vous indiquons ce que vous devez attendre du nouveau gouvernement en tant qu'ind\u00e9pendant.","og_url":"https:\/\/www.accountable.eu\/fr-be\/blog\/quattendre-du-nouveau-gouvernement-en-tant-quindependant-belge-mise-a-jour-2025\/","og_site_name":"Accountable","article_published_time":"2025-02-01T17:41:44+00:00","article_modified_time":"2025-02-02T16:05:39+00:00","og_image":[{"width":2058,"height":1200,"url":"https:\/\/www.accountable.eu\/wp-content\/uploads\/2025\/02\/Frame-5.png","type":"image\/png"}],"author":"Nicolas Quarr\u00e9","twitter_card":"summary_large_image","twitter_misc":{"\u00c9crit par":"Nicolas Quarr\u00e9","Dur\u00e9e de lecture est.":"9 minutes"},"schema":{"@context":"https:\/\/schema.org","@graph":[{"@type":"Article","@id":"https:\/\/www.accountable.eu\/fr-be\/blog\/quattendre-du-nouveau-gouvernement-en-tant-quindependant-belge-mise-a-jour-2025\/#article","isPartOf":{"@id":"https:\/\/www.accountable.eu\/fr-be\/blog\/quattendre-du-nouveau-gouvernement-en-tant-quindependant-belge-mise-a-jour-2025\/"},"author":{"name":"Nicolas Quarr\u00e9","@id":"https:\/\/www.accountable.eu\/fr-be\/#\/schema\/person\/c6f1ecb21f5b649c8e4cea51b9d7b386"},"headline":"Qu&rsquo;attendre du nouveau gouvernement en tant qu&rsquo;ind\u00e9pendant belge | Mise-\u00e0-jour 2025","datePublished":"2025-02-01T17:41:44+00:00","dateModified":"2025-02-02T16:05:39+00:00","mainEntityOfPage":{"@id":"https:\/\/www.accountable.eu\/fr-be\/blog\/quattendre-du-nouveau-gouvernement-en-tant-quindependant-belge-mise-a-jour-2025\/"},"wordCount":2041,"commentCount":0,"publisher":{"@id":"https:\/\/www.accountable.eu\/fr-be\/#organization"},"image":{"@id":"https:\/\/www.accountable.eu\/fr-be\/blog\/quattendre-du-nouveau-gouvernement-en-tant-quindependant-belge-mise-a-jour-2025\/#primaryimage"},"thumbnailUrl":"https:\/\/www.accountable.eu\/wp-content\/uploads\/2025\/02\/Frame-5.png","keywords":["D\u00e9marrer","Ind\u00e9pendant \u00e0 titre principal"],"articleSection":["D\u00e9marrer comme ind\u00e9pendant","Ind\u00e9pendant \u00e0 titre principal","Uncategorized @fr-be"],"inLanguage":"fr-BE","potentialAction":[{"@type":"CommentAction","name":"Comment","target":["https:\/\/www.accountable.eu\/fr-be\/blog\/quattendre-du-nouveau-gouvernement-en-tant-quindependant-belge-mise-a-jour-2025\/#respond"]}]},{"@type":"WebPage","@id":"https:\/\/www.accountable.eu\/fr-be\/blog\/quattendre-du-nouveau-gouvernement-en-tant-quindependant-belge-mise-a-jour-2025\/","url":"https:\/\/www.accountable.eu\/fr-be\/blog\/quattendre-du-nouveau-gouvernement-en-tant-quindependant-belge-mise-a-jour-2025\/","name":"Qu'attendre du nouveau gouvernement en tant qu'ind\u00e9pendant","isPartOf":{"@id":"https:\/\/www.accountable.eu\/fr-be\/#website"},"primaryImageOfPage":{"@id":"https:\/\/www.accountable.eu\/fr-be\/blog\/quattendre-du-nouveau-gouvernement-en-tant-quindependant-belge-mise-a-jour-2025\/#primaryimage"},"image":{"@id":"https:\/\/www.accountable.eu\/fr-be\/blog\/quattendre-du-nouveau-gouvernement-en-tant-quindependant-belge-mise-a-jour-2025\/#primaryimage"},"thumbnailUrl":"https:\/\/www.accountable.eu\/wp-content\/uploads\/2025\/02\/Frame-5.png","datePublished":"2025-02-01T17:41:44+00:00","dateModified":"2025-02-02T16:05:39+00:00","description":"Nous d\u00e9cryptons la d\u00e9claration du formateur et vous indiquons ce que vous devez attendre du nouveau gouvernement en tant qu'ind\u00e9pendant.","breadcrumb":{"@id":"https:\/\/www.accountable.eu\/fr-be\/blog\/quattendre-du-nouveau-gouvernement-en-tant-quindependant-belge-mise-a-jour-2025\/#breadcrumb"},"inLanguage":"fr-BE","potentialAction":[{"@type":"ReadAction","target":["https:\/\/www.accountable.eu\/fr-be\/blog\/quattendre-du-nouveau-gouvernement-en-tant-quindependant-belge-mise-a-jour-2025\/"]}]},{"@type":"ImageObject","inLanguage":"fr-BE","@id":"https:\/\/www.accountable.eu\/fr-be\/blog\/quattendre-du-nouveau-gouvernement-en-tant-quindependant-belge-mise-a-jour-2025\/#primaryimage","url":"https:\/\/www.accountable.eu\/wp-content\/uploads\/2025\/02\/Frame-5.png","contentUrl":"https:\/\/www.accountable.eu\/wp-content\/uploads\/2025\/02\/Frame-5.png","width":2058,"height":1200},{"@type":"BreadcrumbList","@id":"https:\/\/www.accountable.eu\/fr-be\/blog\/quattendre-du-nouveau-gouvernement-en-tant-quindependant-belge-mise-a-jour-2025\/#breadcrumb","itemListElement":[{"@type":"ListItem","position":1,"name":"Home","item":"https:\/\/www.accountable.eu\/fr-be\/"},{"@type":"ListItem","position":2,"name":"Qu&#8217;attendre du nouveau gouvernement en tant qu&#8217;ind\u00e9pendant belge | Mise-\u00e0-jour 2025"}]},{"@type":"WebSite","@id":"https:\/\/www.accountable.eu\/fr-be\/#website","url":"https:\/\/www.accountable.eu\/fr-be\/","name":"Accountable","description":"Your accountant and tax advisor on your smartphone","publisher":{"@id":"https:\/\/www.accountable.eu\/fr-be\/#organization"},"potentialAction":[{"@type":"SearchAction","target":{"@type":"EntryPoint","urlTemplate":"https:\/\/www.accountable.eu\/fr-be\/?s={search_term_string}"},"query-input":{"@type":"PropertyValueSpecification","valueRequired":true,"valueName":"search_term_string"}}],"inLanguage":"fr-BE"},{"@type":"Organization","@id":"https:\/\/www.accountable.eu\/fr-be\/#organization","name":"Accountable","url":"https:\/\/www.accountable.eu\/fr-be\/","logo":{"@type":"ImageObject","inLanguage":"fr-BE","@id":"https:\/\/www.accountable.eu\/fr-be\/#\/schema\/logo\/image\/","url":"https:\/\/www.accountable.eu\/wp-content\/uploads\/2026\/04\/logo-512.png","contentUrl":"https:\/\/www.accountable.eu\/wp-content\/uploads\/2026\/04\/logo-512.png","width":512,"height":512,"caption":"Accountable"},"image":{"@id":"https:\/\/www.accountable.eu\/fr-be\/#\/schema\/logo\/image\/"}},{"@type":"Person","@id":"https:\/\/www.accountable.eu\/fr-be\/#\/schema\/person\/c6f1ecb21f5b649c8e4cea51b9d7b386","name":"Nicolas Quarr\u00e9","image":{"@type":"ImageObject","inLanguage":"fr-BE","@id":"https:\/\/secure.gravatar.com\/avatar\/a2133044cd2415efec360988b0f1f2b4b767c3864620ae6408e3c0ae359a6bdb?s=96&d=mm&r=g","url":"https:\/\/secure.gravatar.com\/avatar\/a2133044cd2415efec360988b0f1f2b4b767c3864620ae6408e3c0ae359a6bdb?s=96&d=mm&r=g","contentUrl":"https:\/\/secure.gravatar.com\/avatar\/a2133044cd2415efec360988b0f1f2b4b767c3864620ae6408e3c0ae359a6bdb?s=96&d=mm&r=g","caption":"Nicolas Quarr\u00e9"}}]}},"_links":{"self":[{"href":"https:\/\/www.accountable.eu\/fr-be\/wp-json\/wp\/v2\/posts\/17255","targetHints":{"allow":["GET"]}}],"collection":[{"href":"https:\/\/www.accountable.eu\/fr-be\/wp-json\/wp\/v2\/posts"}],"about":[{"href":"https:\/\/www.accountable.eu\/fr-be\/wp-json\/wp\/v2\/types\/post"}],"author":[{"embeddable":true,"href":"https:\/\/www.accountable.eu\/fr-be\/wp-json\/wp\/v2\/users\/3"}],"replies":[{"embeddable":true,"href":"https:\/\/www.accountable.eu\/fr-be\/wp-json\/wp\/v2\/comments?post=17255"}],"version-history":[{"count":0,"href":"https:\/\/www.accountable.eu\/fr-be\/wp-json\/wp\/v2\/posts\/17255\/revisions"}],"wp:featuredmedia":[{"embeddable":true,"href":"https:\/\/www.accountable.eu\/fr-be\/wp-json\/wp\/v2\/media\/17257"}],"wp:attachment":[{"href":"https:\/\/www.accountable.eu\/fr-be\/wp-json\/wp\/v2\/media?parent=17255"}],"wp:term":[{"taxonomy":"category","embeddable":true,"href":"https:\/\/www.accountable.eu\/fr-be\/wp-json\/wp\/v2\/categories?post=17255"},{"taxonomy":"post_tag","embeddable":true,"href":"https:\/\/www.accountable.eu\/fr-be\/wp-json\/wp\/v2\/tags?post=17255"}],"curies":[{"name":"wp","href":"https:\/\/api.w.org\/{rel}","templated":true}]}}