{"id":17488,"date":"2025-02-18T10:50:24","date_gmt":"2025-02-18T09:50:24","guid":{"rendered":"https:\/\/www.accountable.eu\/?p=17488"},"modified":"2025-02-18T10:50:25","modified_gmt":"2025-02-18T09:50:25","slug":"franchise-tva-changements-2025","status":"publish","type":"post","link":"https:\/\/www.accountable.eu\/fr-be\/blog\/franchise-tva-changements-2025\/","title":{"rendered":"Ce qui change en 2025 pour les petites entreprises soumises \u00e0 la franchise TVA"},"content":{"rendered":"\n<p><strong>Votre petite entreprise est soumise au r\u00e9gime de la franchise TVA\u00a0? Depuis le 1<sup>er<\/sup> janvier 2025, d\u2019importants changements ont \u00e9t\u00e9 mis en place. En effet, il sera plus facile pour les entreprises belges au chiffre d\u2019affaires limit\u00e9 de travailler avec l\u2019\u00e9tranger, sans devoir s\u2019enregistrer \u00e0 la TVA ni faire de d\u00e9claration TVA. Lisez la suite pour d\u00e9couvrir les changements.<\/strong><\/p>\n\n\n\n<h2 class=\"wp-block-heading\"><strong>Le r\u00e9gime de la franchise TVA\u00a0: comment \u00e7a marche\u00a0?<\/strong><\/h2>\n\n\n\n<p><strong>Dans certaines situations<\/strong>, vous pouvez choisir en tant qu\u2019ind\u00e9pendant <strong>de ne pas facturer de TVA (taxe sur la valeur ajout\u00e9e)<\/strong>. Vous ne devez donc pas verser de TVA \u00e0 l\u2019\u00c9tat belge. En principe, vous pouvez demander la franchise TVA que vous soyez ind\u00e9pendant \u00e0 titre principal ou compl\u00e9mentaire, mais cela d\u00e9pend de votre profession et de votre revenu annuel.<\/p>\n\n\n\n<p>En tant que petite entreprise (dont le <strong>chiffre d\u2019affaires annuel est inf\u00e9rieur \u00e0 25 000 \u20ac)<\/strong>, vous <strong>pouvez b\u00e9n\u00e9ficier du r\u00e9gime de la franchise TVA<\/strong>. Vous pouvez \u00e9galement en profiter <strong>en fonction de votre profession<\/strong>, notamment si vous exercez une profession lib\u00e9rale (m\u00e9decin ou notaire, par exemple).<\/p>\n\n\n\n<p>\ud83d\udca1<strong>Astuce Accountable : <\/strong>Besoin d\u2019un petit rappel sur les r\u00e8gles relatives \u00e0 la franchise TVA\u00a0? <a href=\"https:\/\/www.accountable.eu\/fr-be\/blog\/franchise-tva\/\">Voici tout ce que vous devez savoir<\/a>.<\/p>\n\n\n\n<h2 class=\"wp-block-heading\"><strong>Changements de la franchise TVA en 2025<\/strong><\/h2>\n\n\n\n<p>Depuis le 1<sup>er<\/sup> janvier 2025, les <strong>\u00c9tats membres de l\u2019UE ont pu \u00e9largir le r\u00e9gime de la franchise TVA<\/strong> pour les petites entreprises. Les <strong>petites entreprises belges<\/strong> au chiffre d\u2019affaires limit\u00e9 peuvent d\u00e9sormais <strong>travailler plus facilement \u00e0 l\u2019\u00e9tranger<\/strong>, sans devoir s\u2019inscrire \u00e0 la TVA ni faire de d\u00e9claration TVA. <strong>Cela vaut aussi pour les entreprises \u00e9trang\u00e8res<\/strong> qui exercent des activit\u00e9s \u00e9conomiques <strong>en Belgique<\/strong>.<\/p>\n\n\n\n<p>Deux seuils de chiffre d\u2019affaires s\u2019appliquent depuis le 1<sup>er<\/sup> janvier 2025 pour b\u00e9n\u00e9ficier du r\u00e9gime de la franchise TVA en tant que petite entreprise :<\/p>\n\n\n\n<ul class=\"wp-block-list\">\n<li><strong>Un seuil national <\/strong>dans le pays de l\u2019UE o\u00f9 votre entreprise est \u00e9tablie (maximum 85 000 \u20ac, bien qu\u2019il<strong> reste \u00e0 25 000 \u20ac en Belgique<\/strong>).<\/li>\n\n\n\n<li><strong>Un seuil europ\u00e9en de 100 000 euros<\/strong>. Les petites entreprises bas\u00e9es dans un pays de l\u2019UE autre que celui o\u00f9 la TVA est due ne sont pas tenues de s\u2019enregistrer dans ce pays de l\u2019UE, \u00e0 condition :\n<ul class=\"wp-block-list\">\n<li>qu\u2019elles restent en dessous du seuil national d\u00e9fini<\/li>\n\n\n\n<li>que leur chiffre d\u2019affaires annuel total dans l\u2019UE soit inf\u00e9rieur \u00e0 100 000 euros.<\/li>\n<\/ul>\n<\/li>\n<\/ul>\n\n\n\n<p>\u26a0\ufe0fAttention : <strong>les entreprises en dehors de l\u2019Union europ\u00e9enne ne peuvent pas b\u00e9n\u00e9ficier du r\u00e9gime de la franchise TVA<\/strong> et doivent payer la TVA d\u00e8s leur premi\u00e8re vente au sein de l\u2019UE, conform\u00e9ment \u00e0 la l\u00e9gislation europ\u00e9enne entre autres.<\/p>\n\n\n\n<h2 class=\"wp-block-heading\"><strong>En quoi consiste l\u2019obligation de d\u00e9claration\u00a0?<\/strong><\/h2>\n\n\n\n<p>Vous souhaitez b\u00e9n\u00e9ficier de ce r\u00e9gime avec votre petite entreprise&nbsp;? <strong>Vous devez le d\u00e9clarer<\/strong> \u00e0 l\u2019administration de la TVA belge <strong>\u00e0 l\u2019aide du formulaire e-604A ou e-604b<\/strong>. Une autre d\u00e9claration sera n\u00e9cessaire si vous souhaitez appliquer ce r\u00e9gime dans un autre \u00e9tat europ\u00e9en.Le num\u00e9ro de TVA belge devra \u00eatre compl\u00e9t\u00e9 des lettres \u00ab&nbsp;EX&nbsp;\u00bb. <em>Exemple&nbsp;: BE 0123.456.789 EX.<\/em><\/p>\n\n\n\n<h2 class=\"wp-block-heading\"><strong>Quelles informations communiquer dans la d\u00e9claration\u00a0?<\/strong><\/h2>\n\n\n\n<p>Dans votre d\u00e9claration, vous devrez transmettre les informations suivantes \u00e0 l\u2019administration de la TVA&nbsp;:<\/p>\n\n\n\n<ul class=\"wp-block-list\">\n<li>Les \u00c9tats membres de l\u2019UE dans lesquels vous souhaitez appliquer le r\u00e9gime de franchise TVA,<\/li>\n\n\n\n<li>Votre chiffre d\u2019affaires total en Belgique et dans chaque \u00c9tat membre de l\u2019UE concern\u00e9.<\/li>\n<\/ul>\n\n\n\n<p>\u26a0\ufe0f Attention : <strong>Ces informations changent ? <\/strong>N\u2019oubliez pas d\u2019en <strong>informer \u00e0 l\u2019avance<\/strong> l\u2019administration de la TVA belge.<\/p>\n\n\n\n<h2 class=\"wp-block-heading\"><strong>D\u00e9clarations pour les petites entreprises soumises \u00e0 la franchise TVA<\/strong><\/h2>\n\n\n\n<p>Si vous faites usage de la franchise de TVA, vous devez <strong>faire une d\u00e9claration TVA tous les trimestres.<\/strong> L\u2019administration de la TVA v\u00e9rifiera ainsi que vous ne d\u00e9passez pas les seuils relatifs au chiffre d\u2019affaires. Votre d\u00e9claration TVA doit inclure le chiffre d\u2019affaires r\u00e9alis\u00e9 en Belgique et dans les autres \u00c9tats membres de l\u2019UE (ou \u00ab 0 \u00bb si aucun chiffre d\u2019affaires n\u2019a \u00e9t\u00e9 r\u00e9alis\u00e9 dans un pays donn\u00e9).<\/p>\n\n\n\n<p>Les petites entreprises belges sont \u00e9galement tenues de <strong>d\u00e9poser un listing client annuel<\/strong>. Depuis le 1<sup>er<\/sup> janvier 2025, cette liste doit inclure tous les chiffres d\u2019affaires, m\u00eame si les clients n\u2019ont pas de num\u00e9ro de TVA.<\/p>\n\n\n\n<p><strong>Vous souhaitez suivre votre chiffre d\u2019affaires pour vous assurer que vous restez en dessous du seuil de chiffre d\u2019affaires ?<\/strong> <strong>Avec Accountable, vous disposez \u00e0 tout moment d\u2019un aper\u00e7u pr\u00e9cis de votre situation financi\u00e8re.<\/strong><\/p>\n\n\n\n<p><a href=\"https:\/\/web.accountable.eu\/signup?_gl=1*1eeiu6h*_gcl_aw*R0NMLjE3MzU2NTY1NjQuQ2owS0NRaUF5YzY3QmhEU0FSSXNBTTk1UXp2aXdtNWJ3QzVBTXlFZ1c1aGVuMVBucjRtdjYwRXRFVVUwWDhfT1RKMDFCbVF2UFFZYnVmVWFBaF9hRUFMd193Y0I.*_gcl_au*MTc0MTE3NzEzMi4xNzMxNjc5MTAw\"><strong>Essayez Accountable gratuitement<\/strong><\/a>.<\/p>\n","protected":false},"excerpt":{"rendered":"<p>Votre petite entreprise est soumise au r\u00e9gime de la franchise TVA\u00a0? Depuis le 1er janvier 2025, d\u2019importants changements ont \u00e9t\u00e9 mis en place. En effet, il sera plus facile pour les entreprises belges au chiffre d\u2019affaires limit\u00e9 de travailler avec l\u2019\u00e9tranger, sans devoir s\u2019enregistrer \u00e0 la TVA ni faire de d\u00e9claration TVA. Lisez la suite [&hellip;]<\/p>\n","protected":false},"author":24,"featured_media":17307,"comment_status":"closed","ping_status":"closed","sticky":false,"template":"","format":"standard","meta":{"inline_featured_image":false,"footnotes":""},"categories":[291],"tags":[308,315],"class_list":["post-17488","post","type-post","status-publish","format-standard","has-post-thumbnail","hentry","category-informations-pratiques","tag-franchise","tag-tva"],"acf":[],"yoast_head":"<!-- This site is optimized with the Yoast SEO plugin v27.4 - https:\/\/yoast.com\/product\/yoast-seo-wordpress\/ -->\n<title>Franchise TVA : changements pour les petites entreprises en 2025 - Accountable<\/title>\n<meta name=\"description\" content=\"Depuis le 1er janvier 2025, d&#039;importants changements ont \u00e9t\u00e9 mis en place pour les petites entreprises soumises \u00e0 la franchise TVA.\" \/>\n<meta name=\"robots\" content=\"index, follow, max-snippet:-1, max-image-preview:large, max-video-preview:-1\" \/>\n<link rel=\"canonical\" href=\"https:\/\/www.accountable.eu\/fr-be\/blog\/franchise-tva-changements-2025\/\" \/>\n<meta property=\"og:locale\" content=\"fr_FR\" \/>\n<meta property=\"og:type\" content=\"article\" \/>\n<meta property=\"og:title\" content=\"Franchise TVA : changements pour les petites entreprises en 2025 - Accountable\" \/>\n<meta property=\"og:description\" content=\"Depuis le 1er janvier 2025, d&#039;importants changements ont \u00e9t\u00e9 mis en place pour les petites entreprises soumises \u00e0 la franchise TVA.\" \/>\n<meta property=\"og:url\" content=\"https:\/\/www.accountable.eu\/fr-be\/blog\/franchise-tva-changements-2025\/\" \/>\n<meta property=\"og:site_name\" content=\"Accountable\" \/>\n<meta property=\"article:published_time\" content=\"2025-02-18T09:50:24+00:00\" \/>\n<meta property=\"article:modified_time\" content=\"2025-02-18T09:50:25+00:00\" \/>\n<meta property=\"og:image\" content=\"https:\/\/www.accountable.eu\/wp-content\/uploads\/2025\/02\/kleine-onderneming-vrijgesteld-btw.png\" \/>\n\t<meta property=\"og:image:width\" content=\"686\" \/>\n\t<meta property=\"og:image:height\" content=\"400\" \/>\n\t<meta property=\"og:image:type\" content=\"image\/png\" \/>\n<meta name=\"author\" content=\"Valesca\" \/>\n<meta name=\"twitter:card\" content=\"summary_large_image\" \/>\n<meta name=\"twitter:label1\" content=\"\u00c9crit par\" \/>\n\t<meta name=\"twitter:data1\" content=\"Valesca\" \/>\n\t<meta name=\"twitter:label2\" content=\"Dur\u00e9e de lecture est.\" \/>\n\t<meta name=\"twitter:data2\" content=\"4 minutes\" \/>\n<script type=\"application\/ld+json\" class=\"yoast-schema-graph\">{\"@context\":\"https:\\\/\\\/schema.org\",\"@graph\":[{\"@type\":\"Article\",\"@id\":\"https:\\\/\\\/www.accountable.eu\\\/fr-be\\\/blog\\\/franchise-tva-changements-2025\\\/#article\",\"isPartOf\":{\"@id\":\"https:\\\/\\\/www.accountable.eu\\\/fr-be\\\/blog\\\/franchise-tva-changements-2025\\\/\"},\"author\":{\"name\":\"Valesca\",\"@id\":\"https:\\\/\\\/www.accountable.eu\\\/fr-be\\\/#\\\/schema\\\/person\\\/e9b420257ec5e7ac236d337e8c3aa7ad\"},\"headline\":\"Ce qui change en 2025 pour les petites entreprises soumises \u00e0 la franchise TVA\",\"datePublished\":\"2025-02-18T09:50:24+00:00\",\"dateModified\":\"2025-02-18T09:50:25+00:00\",\"mainEntityOfPage\":{\"@id\":\"https:\\\/\\\/www.accountable.eu\\\/fr-be\\\/blog\\\/franchise-tva-changements-2025\\\/\"},\"wordCount\":781,\"publisher\":{\"@id\":\"https:\\\/\\\/www.accountable.eu\\\/fr-be\\\/#organization\"},\"image\":{\"@id\":\"https:\\\/\\\/www.accountable.eu\\\/fr-be\\\/blog\\\/franchise-tva-changements-2025\\\/#primaryimage\"},\"thumbnailUrl\":\"https:\\\/\\\/www.accountable.eu\\\/wp-content\\\/uploads\\\/2025\\\/02\\\/kleine-onderneming-vrijgesteld-btw.png\",\"keywords\":[\"Franchis\u00e9\",\"TVA\"],\"articleSection\":[\"Informations pratiques\"],\"inLanguage\":\"fr-BE\"},{\"@type\":\"WebPage\",\"@id\":\"https:\\\/\\\/www.accountable.eu\\\/fr-be\\\/blog\\\/franchise-tva-changements-2025\\\/\",\"url\":\"https:\\\/\\\/www.accountable.eu\\\/fr-be\\\/blog\\\/franchise-tva-changements-2025\\\/\",\"name\":\"Franchise TVA : changements pour les petites entreprises en 2025 - Accountable\",\"isPartOf\":{\"@id\":\"https:\\\/\\\/www.accountable.eu\\\/fr-be\\\/#website\"},\"primaryImageOfPage\":{\"@id\":\"https:\\\/\\\/www.accountable.eu\\\/fr-be\\\/blog\\\/franchise-tva-changements-2025\\\/#primaryimage\"},\"image\":{\"@id\":\"https:\\\/\\\/www.accountable.eu\\\/fr-be\\\/blog\\\/franchise-tva-changements-2025\\\/#primaryimage\"},\"thumbnailUrl\":\"https:\\\/\\\/www.accountable.eu\\\/wp-content\\\/uploads\\\/2025\\\/02\\\/kleine-onderneming-vrijgesteld-btw.png\",\"datePublished\":\"2025-02-18T09:50:24+00:00\",\"dateModified\":\"2025-02-18T09:50:25+00:00\",\"description\":\"Depuis le 1er janvier 2025, d'importants changements ont \u00e9t\u00e9 mis en place pour les petites entreprises soumises \u00e0 la franchise TVA.\",\"breadcrumb\":{\"@id\":\"https:\\\/\\\/www.accountable.eu\\\/fr-be\\\/blog\\\/franchise-tva-changements-2025\\\/#breadcrumb\"},\"inLanguage\":\"fr-BE\",\"potentialAction\":[{\"@type\":\"ReadAction\",\"target\":[\"https:\\\/\\\/www.accountable.eu\\\/fr-be\\\/blog\\\/franchise-tva-changements-2025\\\/\"]}]},{\"@type\":\"ImageObject\",\"inLanguage\":\"fr-BE\",\"@id\":\"https:\\\/\\\/www.accountable.eu\\\/fr-be\\\/blog\\\/franchise-tva-changements-2025\\\/#primaryimage\",\"url\":\"https:\\\/\\\/www.accountable.eu\\\/wp-content\\\/uploads\\\/2025\\\/02\\\/kleine-onderneming-vrijgesteld-btw.png\",\"contentUrl\":\"https:\\\/\\\/www.accountable.eu\\\/wp-content\\\/uploads\\\/2025\\\/02\\\/kleine-onderneming-vrijgesteld-btw.png\",\"width\":686,\"height\":400},{\"@type\":\"BreadcrumbList\",\"@id\":\"https:\\\/\\\/www.accountable.eu\\\/fr-be\\\/blog\\\/franchise-tva-changements-2025\\\/#breadcrumb\",\"itemListElement\":[{\"@type\":\"ListItem\",\"position\":1,\"name\":\"Home\",\"item\":\"https:\\\/\\\/www.accountable.eu\\\/fr-be\\\/\"},{\"@type\":\"ListItem\",\"position\":2,\"name\":\"Ce qui change en 2025 pour les petites entreprises soumises \u00e0 la franchise TVA\"}]},{\"@type\":\"WebSite\",\"@id\":\"https:\\\/\\\/www.accountable.eu\\\/fr-be\\\/#website\",\"url\":\"https:\\\/\\\/www.accountable.eu\\\/fr-be\\\/\",\"name\":\"Accountable\",\"description\":\"Your accountant and tax advisor on your smartphone\",\"publisher\":{\"@id\":\"https:\\\/\\\/www.accountable.eu\\\/fr-be\\\/#organization\"},\"potentialAction\":[{\"@type\":\"SearchAction\",\"target\":{\"@type\":\"EntryPoint\",\"urlTemplate\":\"https:\\\/\\\/www.accountable.eu\\\/fr-be\\\/?s={search_term_string}\"},\"query-input\":{\"@type\":\"PropertyValueSpecification\",\"valueRequired\":true,\"valueName\":\"search_term_string\"}}],\"inLanguage\":\"fr-BE\"},{\"@type\":\"Organization\",\"@id\":\"https:\\\/\\\/www.accountable.eu\\\/fr-be\\\/#organization\",\"name\":\"Accountable\",\"url\":\"https:\\\/\\\/www.accountable.eu\\\/fr-be\\\/\",\"logo\":{\"@type\":\"ImageObject\",\"inLanguage\":\"fr-BE\",\"@id\":\"https:\\\/\\\/www.accountable.eu\\\/fr-be\\\/#\\\/schema\\\/logo\\\/image\\\/\",\"url\":\"https:\\\/\\\/www.accountable.eu\\\/wp-content\\\/uploads\\\/2026\\\/04\\\/logo-512.png\",\"contentUrl\":\"https:\\\/\\\/www.accountable.eu\\\/wp-content\\\/uploads\\\/2026\\\/04\\\/logo-512.png\",\"width\":512,\"height\":512,\"caption\":\"Accountable\"},\"image\":{\"@id\":\"https:\\\/\\\/www.accountable.eu\\\/fr-be\\\/#\\\/schema\\\/logo\\\/image\\\/\"}},{\"@type\":\"Person\",\"@id\":\"https:\\\/\\\/www.accountable.eu\\\/fr-be\\\/#\\\/schema\\\/person\\\/e9b420257ec5e7ac236d337e8c3aa7ad\",\"name\":\"Valesca\",\"image\":{\"@type\":\"ImageObject\",\"inLanguage\":\"fr-BE\",\"@id\":\"https:\\\/\\\/secure.gravatar.com\\\/avatar\\\/842a00073a87c3c1af38f724115771bae6278a353edd8ee1e85161e791790047?s=96&d=mm&r=g\",\"url\":\"https:\\\/\\\/secure.gravatar.com\\\/avatar\\\/842a00073a87c3c1af38f724115771bae6278a353edd8ee1e85161e791790047?s=96&d=mm&r=g\",\"contentUrl\":\"https:\\\/\\\/secure.gravatar.com\\\/avatar\\\/842a00073a87c3c1af38f724115771bae6278a353edd8ee1e85161e791790047?s=96&d=mm&r=g\",\"caption\":\"Valesca\"}}]}<\/script>\n<!-- \/ Yoast SEO plugin. -->","yoast_head_json":{"title":"Franchise TVA : changements pour les petites entreprises en 2025 - Accountable","description":"Depuis le 1er janvier 2025, d'importants changements ont \u00e9t\u00e9 mis en place pour les petites entreprises soumises \u00e0 la franchise TVA.","robots":{"index":"index","follow":"follow","max-snippet":"max-snippet:-1","max-image-preview":"max-image-preview:large","max-video-preview":"max-video-preview:-1"},"canonical":"https:\/\/www.accountable.eu\/fr-be\/blog\/franchise-tva-changements-2025\/","og_locale":"fr_FR","og_type":"article","og_title":"Franchise TVA : changements pour les petites entreprises en 2025 - Accountable","og_description":"Depuis le 1er janvier 2025, d'importants changements ont \u00e9t\u00e9 mis en place pour les petites entreprises soumises \u00e0 la franchise TVA.","og_url":"https:\/\/www.accountable.eu\/fr-be\/blog\/franchise-tva-changements-2025\/","og_site_name":"Accountable","article_published_time":"2025-02-18T09:50:24+00:00","article_modified_time":"2025-02-18T09:50:25+00:00","og_image":[{"width":686,"height":400,"url":"https:\/\/www.accountable.eu\/wp-content\/uploads\/2025\/02\/kleine-onderneming-vrijgesteld-btw.png","type":"image\/png"}],"author":"Valesca","twitter_card":"summary_large_image","twitter_misc":{"\u00c9crit par":"Valesca","Dur\u00e9e de lecture est.":"4 minutes"},"schema":{"@context":"https:\/\/schema.org","@graph":[{"@type":"Article","@id":"https:\/\/www.accountable.eu\/fr-be\/blog\/franchise-tva-changements-2025\/#article","isPartOf":{"@id":"https:\/\/www.accountable.eu\/fr-be\/blog\/franchise-tva-changements-2025\/"},"author":{"name":"Valesca","@id":"https:\/\/www.accountable.eu\/fr-be\/#\/schema\/person\/e9b420257ec5e7ac236d337e8c3aa7ad"},"headline":"Ce qui change en 2025 pour les petites entreprises soumises \u00e0 la franchise TVA","datePublished":"2025-02-18T09:50:24+00:00","dateModified":"2025-02-18T09:50:25+00:00","mainEntityOfPage":{"@id":"https:\/\/www.accountable.eu\/fr-be\/blog\/franchise-tva-changements-2025\/"},"wordCount":781,"publisher":{"@id":"https:\/\/www.accountable.eu\/fr-be\/#organization"},"image":{"@id":"https:\/\/www.accountable.eu\/fr-be\/blog\/franchise-tva-changements-2025\/#primaryimage"},"thumbnailUrl":"https:\/\/www.accountable.eu\/wp-content\/uploads\/2025\/02\/kleine-onderneming-vrijgesteld-btw.png","keywords":["Franchis\u00e9","TVA"],"articleSection":["Informations pratiques"],"inLanguage":"fr-BE"},{"@type":"WebPage","@id":"https:\/\/www.accountable.eu\/fr-be\/blog\/franchise-tva-changements-2025\/","url":"https:\/\/www.accountable.eu\/fr-be\/blog\/franchise-tva-changements-2025\/","name":"Franchise TVA : changements pour les petites entreprises en 2025 - Accountable","isPartOf":{"@id":"https:\/\/www.accountable.eu\/fr-be\/#website"},"primaryImageOfPage":{"@id":"https:\/\/www.accountable.eu\/fr-be\/blog\/franchise-tva-changements-2025\/#primaryimage"},"image":{"@id":"https:\/\/www.accountable.eu\/fr-be\/blog\/franchise-tva-changements-2025\/#primaryimage"},"thumbnailUrl":"https:\/\/www.accountable.eu\/wp-content\/uploads\/2025\/02\/kleine-onderneming-vrijgesteld-btw.png","datePublished":"2025-02-18T09:50:24+00:00","dateModified":"2025-02-18T09:50:25+00:00","description":"Depuis le 1er janvier 2025, d'importants changements ont \u00e9t\u00e9 mis en place pour les petites entreprises soumises \u00e0 la franchise TVA.","breadcrumb":{"@id":"https:\/\/www.accountable.eu\/fr-be\/blog\/franchise-tva-changements-2025\/#breadcrumb"},"inLanguage":"fr-BE","potentialAction":[{"@type":"ReadAction","target":["https:\/\/www.accountable.eu\/fr-be\/blog\/franchise-tva-changements-2025\/"]}]},{"@type":"ImageObject","inLanguage":"fr-BE","@id":"https:\/\/www.accountable.eu\/fr-be\/blog\/franchise-tva-changements-2025\/#primaryimage","url":"https:\/\/www.accountable.eu\/wp-content\/uploads\/2025\/02\/kleine-onderneming-vrijgesteld-btw.png","contentUrl":"https:\/\/www.accountable.eu\/wp-content\/uploads\/2025\/02\/kleine-onderneming-vrijgesteld-btw.png","width":686,"height":400},{"@type":"BreadcrumbList","@id":"https:\/\/www.accountable.eu\/fr-be\/blog\/franchise-tva-changements-2025\/#breadcrumb","itemListElement":[{"@type":"ListItem","position":1,"name":"Home","item":"https:\/\/www.accountable.eu\/fr-be\/"},{"@type":"ListItem","position":2,"name":"Ce qui change en 2025 pour les petites entreprises soumises \u00e0 la franchise TVA"}]},{"@type":"WebSite","@id":"https:\/\/www.accountable.eu\/fr-be\/#website","url":"https:\/\/www.accountable.eu\/fr-be\/","name":"Accountable","description":"Your accountant and tax advisor on your smartphone","publisher":{"@id":"https:\/\/www.accountable.eu\/fr-be\/#organization"},"potentialAction":[{"@type":"SearchAction","target":{"@type":"EntryPoint","urlTemplate":"https:\/\/www.accountable.eu\/fr-be\/?s={search_term_string}"},"query-input":{"@type":"PropertyValueSpecification","valueRequired":true,"valueName":"search_term_string"}}],"inLanguage":"fr-BE"},{"@type":"Organization","@id":"https:\/\/www.accountable.eu\/fr-be\/#organization","name":"Accountable","url":"https:\/\/www.accountable.eu\/fr-be\/","logo":{"@type":"ImageObject","inLanguage":"fr-BE","@id":"https:\/\/www.accountable.eu\/fr-be\/#\/schema\/logo\/image\/","url":"https:\/\/www.accountable.eu\/wp-content\/uploads\/2026\/04\/logo-512.png","contentUrl":"https:\/\/www.accountable.eu\/wp-content\/uploads\/2026\/04\/logo-512.png","width":512,"height":512,"caption":"Accountable"},"image":{"@id":"https:\/\/www.accountable.eu\/fr-be\/#\/schema\/logo\/image\/"}},{"@type":"Person","@id":"https:\/\/www.accountable.eu\/fr-be\/#\/schema\/person\/e9b420257ec5e7ac236d337e8c3aa7ad","name":"Valesca","image":{"@type":"ImageObject","inLanguage":"fr-BE","@id":"https:\/\/secure.gravatar.com\/avatar\/842a00073a87c3c1af38f724115771bae6278a353edd8ee1e85161e791790047?s=96&d=mm&r=g","url":"https:\/\/secure.gravatar.com\/avatar\/842a00073a87c3c1af38f724115771bae6278a353edd8ee1e85161e791790047?s=96&d=mm&r=g","contentUrl":"https:\/\/secure.gravatar.com\/avatar\/842a00073a87c3c1af38f724115771bae6278a353edd8ee1e85161e791790047?s=96&d=mm&r=g","caption":"Valesca"}}]}},"_links":{"self":[{"href":"https:\/\/www.accountable.eu\/fr-be\/wp-json\/wp\/v2\/posts\/17488","targetHints":{"allow":["GET"]}}],"collection":[{"href":"https:\/\/www.accountable.eu\/fr-be\/wp-json\/wp\/v2\/posts"}],"about":[{"href":"https:\/\/www.accountable.eu\/fr-be\/wp-json\/wp\/v2\/types\/post"}],"author":[{"embeddable":true,"href":"https:\/\/www.accountable.eu\/fr-be\/wp-json\/wp\/v2\/users\/24"}],"replies":[{"embeddable":true,"href":"https:\/\/www.accountable.eu\/fr-be\/wp-json\/wp\/v2\/comments?post=17488"}],"version-history":[{"count":0,"href":"https:\/\/www.accountable.eu\/fr-be\/wp-json\/wp\/v2\/posts\/17488\/revisions"}],"wp:featuredmedia":[{"embeddable":true,"href":"https:\/\/www.accountable.eu\/fr-be\/wp-json\/wp\/v2\/media\/17307"}],"wp:attachment":[{"href":"https:\/\/www.accountable.eu\/fr-be\/wp-json\/wp\/v2\/media?parent=17488"}],"wp:term":[{"taxonomy":"category","embeddable":true,"href":"https:\/\/www.accountable.eu\/fr-be\/wp-json\/wp\/v2\/categories?post=17488"},{"taxonomy":"post_tag","embeddable":true,"href":"https:\/\/www.accountable.eu\/fr-be\/wp-json\/wp\/v2\/tags?post=17488"}],"curies":[{"name":"wp","href":"https:\/\/api.w.org\/{rel}","templated":true}]}}