{"id":17753,"date":"2025-03-07T10:59:27","date_gmt":"2025-03-07T09:59:27","guid":{"rendered":"https:\/\/www.accountable.eu\/?p=17753"},"modified":"2025-03-07T10:59:28","modified_gmt":"2025-03-07T09:59:28","slug":"travail-independant-benevolat","status":"publish","type":"post","link":"https:\/\/www.accountable.eu\/fr-be\/blog\/travail-independant-benevolat\/","title":{"rendered":"Peut-on travailler comme ind\u00e9pendant et b\u00e9n\u00e9vole pour une m\u00eame organisation ?"},"content":{"rendered":"\n<p><strong><strong>Une organisation qui fait appel \u00e0 vos services d\u2019ind\u00e9pendant vous demande d\u2019effectuer une mission b\u00e9n\u00e9vole pour eux ? C\u2019est possible, \u00e0 condition de respecter des r\u00e8gles pr\u00e9cises. Dans cet article, nous vous pr\u00e9sentons les pr\u00e9cautions \u00e0 prendre pour cumuler travail ind\u00e9pendant et b\u00e9n\u00e9volat en toute l\u00e9galit\u00e9 !<\/strong>\u00a0\u00a0<\/strong><\/p>\n\n\n\n<h2 class=\"wp-block-heading\"><strong>Cumuler travail b\u00e9n\u00e9vole et ind\u00e9pendant : r\u00e8gles \u00e0 suivre<\/strong><\/h2>\n\n\n\n<p>Pour combiner travail d\u2019ind\u00e9pendant et b\u00e9n\u00e9volat au sein d\u2019une organisation, vous devez principalement respecter ces trois r\u00e8gles :<\/p>\n\n\n\n<ol start=\"1\" class=\"wp-block-list\">\n<li>Le b\u00e9n\u00e9volat se fait toujours dans une organisation sans but lucratif (ex. une \u00e9cole de danse, une ONG). Travailler en tant que b\u00e9n\u00e9vole pour une entreprise n\u2019est pas autoris\u00e9.<\/li>\n\n\n\n<li>Tr\u00e8s important\u00a0: votre activit\u00e9 d\u2019ind\u00e9pendant doit \u00eatre distincte de votre activit\u00e9 b\u00e9n\u00e9vole.<\/li>\n\n\n\n<li>Pour la partie b\u00e9n\u00e9vole, vous devez respecter les plafonds d\u2019indemnit\u00e9s.<\/li>\n<\/ol>\n\n\n\n<p>Vous cochez ces trois cases ? Dans ce cas, vous pouvez vous investir b\u00e9n\u00e9volement pour l\u2019organisation qui fait aussi appel \u00e0 vos services d\u2019ind\u00e9pendant. Que vous soyez ind\u00e9pendant \u00e0 titre principal ou <a href=\"https:\/\/www.accountable.eu\/fr-be\/blog\/devenir-independant-complementaire-guide\/\">ind\u00e9pendant compl\u00e9mentaire<\/a> n\u2019a aucune importance ici.<\/p>\n\n\n\n<p>Maintenant, explorons les deux derni\u00e8res r\u00e8gles plus en d\u00e9tail.<\/p>\n\n\n\n<h2 class=\"wp-block-heading\"><strong>B\u00e9n\u00e9volat et travail ind\u00e9pendant\u00a0: deux activit\u00e9s diff\u00e9rentes<\/strong><\/h2>\n\n\n\n<p>Vos activit\u00e9s d\u2019ind\u00e9pendant et de b\u00e9n\u00e9vole doivent \u00eatre <strong>distinctes<\/strong>. Autrement dit, il est interdit d\u2019exercer <strong>la m\u00eame activit\u00e9<\/strong> au sein d\u2019une organisation \u00e0 la fois comme travailleur b\u00e9n\u00e9vole et professionnel.<\/p>\n\n\n\n<p>Par exemple, un comptable ind\u00e9pendant qui fait la comptabilit\u00e9 d\u2019un club de foot ne peut pas \u00eatre tr\u00e9sorier b\u00e9n\u00e9vole pour ce m\u00eame club. Par contre, il peut tout \u00e0 fait devenir entra\u00eeneur b\u00e9n\u00e9vole.<\/p>\n\n\n\n<p>Attention : vous vous exposez \u00e0 des risques si votre travail b\u00e9n\u00e9vole r\u00e9mun\u00e9r\u00e9 ressemble trop \u00e0 votre activit\u00e9 d\u2019ind\u00e9pendant. Le fisc pourrait<strong> requalifier votre b\u00e9n\u00e9volat en activit\u00e9 professionnelle<\/strong>. Et bien s\u00fbr, cela entra\u00eenerait des imp\u00f4ts et des cotisations sociales \u00e0 payer.<\/p>\n\n\n\n<p>\ud83d\udca1 Vous \u00eates ind\u00e9pendant et b\u00e9n\u00e9vole <strong>dans des organisations diff\u00e9rentes<\/strong>, m\u00eame pour une activit\u00e9 similaire&nbsp;? C\u2019est permis ! Par exemple, vous pouvez \u00eatre photographe professionnelle et photographier b\u00e9n\u00e9volement un \u00e9v\u00e9nement organis\u00e9 par une ONG.<\/p>\n\n\n\n<h2 class=\"wp-block-heading\"><strong>Respecter les plafonds d\u2019indemnit\u00e9s<\/strong><\/h2>\n\n\n\n<p>Le b\u00e9n\u00e9volat, c\u2019est donner de son temps <strong>de mani\u00e8re d\u00e9sint\u00e9ress\u00e9e, sans contrepartie financi\u00e8re directe<\/strong>. Cela dit, de nombreuses organisations proposent un d\u00e9fraiement pour couvrir les d\u00e9penses que vous effectuez dans le cadre de votre volontariat (d\u00e9placements, repas, etc.).<\/p>\n\n\n\n<p>Cette compensation peut prendre deux formes :<\/p>\n\n\n\n<ol start=\"1\" class=\"wp-block-list\">\n<li><strong>Indemnit\u00e9 forfaitaire<\/strong> : en 2025, elle est plafonn\u00e9e \u00e0 42,31 \u20ac par jour ou 1.692,51 \u20ac par an (ou jusqu\u2019\u00e0 3.108,44 \u20ac pour <a href=\"https:\/\/finances.belgium.be\/fr\/asbl\/benevoles#q2\">certains types de b\u00e9n\u00e9volats<\/a>).<\/li>\n\n\n\n<li><strong>Remboursement de frais r\u00e9els<\/strong> : ici, on va vous d\u00e9dommager pour vos frais r\u00e9els. Vous allez donc devoir pr\u00e9senter des justificatifs, comme le re\u00e7u de votre billet de train ou de vos boissons (dans une certaine limite \ud83d\ude09).<\/li>\n<\/ol>\n\n\n\n<p>Ces indemnit\u00e9s sont <strong>non imposables<\/strong> et vous ne devez pas les mentionner dans votre d\u00e9claration fiscale.<\/p>\n\n\n\n<h2 class=\"wp-block-heading\"><strong>Cas particulier : l\u2019\u00e9conomie collaborative<\/strong><\/h2>\n\n\n\n<p>Vous connaissez peut-\u00eatre des plateformes comme ListMinut, Helpper ou encore Mon Professeur&nbsp;? Ce sont des <a href=\"https:\/\/economie.fgov.be\/fr\/themes\/entreprises\/economie-durable\/economie-collaborative\/les-plateformes-agreees-en\">plateformes d\u2019\u00e9conomie collaborative agr\u00e9\u00e9es<\/a> qui organisent des services rendus entre particuliers, contre r\u00e9mun\u00e9ration.<\/p>\n\n\n\n<p><strong>Attention, les prestations effectu\u00e9es via ces plateformes ne sont consid\u00e9r\u00e9es ni comme du b\u00e9n\u00e9volat, ni comme une activit\u00e9 professionnelle.<\/strong> <a><\/a>Un ind\u00e9pendant ne peut donc pas facturer des services \u00e0 des clients sous ce r\u00e9gime.<\/p>\n\n\n\n<h2 class=\"wp-block-heading\"><strong>En cas de doute, posez vos questions !<\/strong><\/h2>\n\n\n\n<p>Vous \u00eates dans un autre cas particulier\u00a0? On vous a propos\u00e9 une prestation avec un contrat sp\u00e9cifique et vous vous demandez si vous pouvez cumuler cette prestation avec votre travail d\u2019ind\u00e9pendant\u00a0? Ne restez pas dans l\u2019incertitude. <a href=\"https:\/\/www.accountable.eu\/fr-be\/coach-fiscal\/\">Nos coachs fiscaux<\/a> sont l\u00e0 pour vous aider \u00e0 exercer vos activit\u00e9s en toute conformit\u00e9. Alors n\u2019h\u00e9sitez pas \u00e0 leur poser toutes vos questions\u00a0!<\/p>\n\n\n\n<h2 class=\"wp-block-heading\" id=\"accountable\"><\/h2>\n","protected":false},"excerpt":{"rendered":"<p>Une organisation qui fait appel \u00e0 vos services d\u2019ind\u00e9pendant vous demande d\u2019effectuer une mission b\u00e9n\u00e9vole pour eux ? C\u2019est possible, \u00e0 condition de respecter des r\u00e8gles pr\u00e9cises. Dans cet article, nous vous pr\u00e9sentons les pr\u00e9cautions \u00e0 prendre pour cumuler travail ind\u00e9pendant et b\u00e9n\u00e9volat en toute l\u00e9galit\u00e9 !\u00a0\u00a0 Cumuler travail b\u00e9n\u00e9vole et ind\u00e9pendant : r\u00e8gles \u00e0 [&hellip;]<\/p>\n","protected":false},"author":29,"featured_media":17043,"comment_status":"closed","ping_status":"closed","sticky":false,"template":"","format":"standard","meta":{"inline_featured_image":false,"footnotes":""},"categories":[286,291,296,240],"tags":[310],"class_list":["post-17753","post","type-post","status-publish","format-standard","has-post-thumbnail","hentry","category-facturer-a-vos-clients","category-informations-pratiques","category-tips-pour-votre-business","category-uncategorized-fr-be","tag-impots"],"acf":[],"yoast_head":"<!-- This site is optimized with the Yoast SEO plugin v27.4 - https:\/\/yoast.com\/product\/yoast-seo-wordpress\/ -->\n<title>Peut-on cumuler travail ind\u00e9pendant et travail b\u00e9n\u00e9vole ? - Accountable<\/title>\n<meta name=\"description\" content=\"Oui, vous pouvez travailler pour une m\u00eame organisation en tant qu&#039;ind\u00e9pendant et en tant que b\u00e9n\u00e9vole. Voici les r\u00e8gles \u00e0 respecter !\" \/>\n<meta name=\"robots\" content=\"index, follow, max-snippet:-1, max-image-preview:large, max-video-preview:-1\" \/>\n<link rel=\"canonical\" href=\"https:\/\/www.accountable.eu\/fr-be\/blog\/travail-independant-benevolat\/\" \/>\n<meta property=\"og:locale\" content=\"fr_FR\" \/>\n<meta property=\"og:type\" content=\"article\" \/>\n<meta property=\"og:title\" content=\"Peut-on cumuler travail ind\u00e9pendant et travail b\u00e9n\u00e9vole ? - Accountable\" \/>\n<meta property=\"og:description\" content=\"Oui, vous pouvez travailler pour une m\u00eame organisation en tant qu&#039;ind\u00e9pendant et en tant que b\u00e9n\u00e9vole. Voici les r\u00e8gles \u00e0 respecter !\" \/>\n<meta property=\"og:url\" content=\"https:\/\/www.accountable.eu\/fr-be\/blog\/travail-independant-benevolat\/\" \/>\n<meta property=\"og:site_name\" content=\"Accountable\" \/>\n<meta property=\"article:published_time\" content=\"2025-03-07T09:59:27+00:00\" \/>\n<meta property=\"article:modified_time\" content=\"2025-03-07T09:59:28+00:00\" \/>\n<meta property=\"og:image\" content=\"https:\/\/www.accountable.eu\/wp-content\/uploads\/2025\/01\/e-facturatiesoftware.png\" \/>\n\t<meta property=\"og:image:width\" content=\"686\" \/>\n\t<meta property=\"og:image:height\" content=\"400\" \/>\n\t<meta property=\"og:image:type\" content=\"image\/png\" \/>\n<meta name=\"author\" content=\"julie\" \/>\n<meta name=\"twitter:card\" content=\"summary_large_image\" \/>\n<meta name=\"twitter:label1\" content=\"\u00c9crit par\" \/>\n\t<meta name=\"twitter:data1\" content=\"julie\" \/>\n\t<meta name=\"twitter:label2\" content=\"Dur\u00e9e de lecture est.\" \/>\n\t<meta name=\"twitter:data2\" content=\"3 minutes\" \/>\n<script type=\"application\/ld+json\" class=\"yoast-schema-graph\">{\"@context\":\"https:\\\/\\\/schema.org\",\"@graph\":[{\"@type\":\"Article\",\"@id\":\"https:\\\/\\\/www.accountable.eu\\\/fr-be\\\/blog\\\/travail-independant-benevolat\\\/#article\",\"isPartOf\":{\"@id\":\"https:\\\/\\\/www.accountable.eu\\\/fr-be\\\/blog\\\/travail-independant-benevolat\\\/\"},\"author\":{\"name\":\"julie\",\"@id\":\"https:\\\/\\\/www.accountable.eu\\\/fr-be\\\/#\\\/schema\\\/person\\\/9c85ec213b340ca3e8c8e152f6723a71\"},\"headline\":\"Peut-on travailler comme ind\u00e9pendant et b\u00e9n\u00e9vole pour une m\u00eame organisation ?\",\"datePublished\":\"2025-03-07T09:59:27+00:00\",\"dateModified\":\"2025-03-07T09:59:28+00:00\",\"mainEntityOfPage\":{\"@id\":\"https:\\\/\\\/www.accountable.eu\\\/fr-be\\\/blog\\\/travail-independant-benevolat\\\/\"},\"wordCount\":699,\"publisher\":{\"@id\":\"https:\\\/\\\/www.accountable.eu\\\/fr-be\\\/#organization\"},\"image\":{\"@id\":\"https:\\\/\\\/www.accountable.eu\\\/fr-be\\\/blog\\\/travail-independant-benevolat\\\/#primaryimage\"},\"thumbnailUrl\":\"https:\\\/\\\/www.accountable.eu\\\/wp-content\\\/uploads\\\/2025\\\/01\\\/e-facturatiesoftware.png\",\"keywords\":[\"Imp\u00f4ts\"],\"articleSection\":[\"Facturer vos clients\",\"Informations pratiques\",\"Tips pour votre business\",\"Uncategorized @fr-be\"],\"inLanguage\":\"fr-BE\"},{\"@type\":\"WebPage\",\"@id\":\"https:\\\/\\\/www.accountable.eu\\\/fr-be\\\/blog\\\/travail-independant-benevolat\\\/\",\"url\":\"https:\\\/\\\/www.accountable.eu\\\/fr-be\\\/blog\\\/travail-independant-benevolat\\\/\",\"name\":\"Peut-on cumuler travail ind\u00e9pendant et travail b\u00e9n\u00e9vole ? - Accountable\",\"isPartOf\":{\"@id\":\"https:\\\/\\\/www.accountable.eu\\\/fr-be\\\/#website\"},\"primaryImageOfPage\":{\"@id\":\"https:\\\/\\\/www.accountable.eu\\\/fr-be\\\/blog\\\/travail-independant-benevolat\\\/#primaryimage\"},\"image\":{\"@id\":\"https:\\\/\\\/www.accountable.eu\\\/fr-be\\\/blog\\\/travail-independant-benevolat\\\/#primaryimage\"},\"thumbnailUrl\":\"https:\\\/\\\/www.accountable.eu\\\/wp-content\\\/uploads\\\/2025\\\/01\\\/e-facturatiesoftware.png\",\"datePublished\":\"2025-03-07T09:59:27+00:00\",\"dateModified\":\"2025-03-07T09:59:28+00:00\",\"description\":\"Oui, vous pouvez travailler pour une m\u00eame organisation en tant qu'ind\u00e9pendant et en tant que b\u00e9n\u00e9vole. Voici les r\u00e8gles \u00e0 respecter !\",\"breadcrumb\":{\"@id\":\"https:\\\/\\\/www.accountable.eu\\\/fr-be\\\/blog\\\/travail-independant-benevolat\\\/#breadcrumb\"},\"inLanguage\":\"fr-BE\",\"potentialAction\":[{\"@type\":\"ReadAction\",\"target\":[\"https:\\\/\\\/www.accountable.eu\\\/fr-be\\\/blog\\\/travail-independant-benevolat\\\/\"]}]},{\"@type\":\"ImageObject\",\"inLanguage\":\"fr-BE\",\"@id\":\"https:\\\/\\\/www.accountable.eu\\\/fr-be\\\/blog\\\/travail-independant-benevolat\\\/#primaryimage\",\"url\":\"https:\\\/\\\/www.accountable.eu\\\/wp-content\\\/uploads\\\/2025\\\/01\\\/e-facturatiesoftware.png\",\"contentUrl\":\"https:\\\/\\\/www.accountable.eu\\\/wp-content\\\/uploads\\\/2025\\\/01\\\/e-facturatiesoftware.png\",\"width\":686,\"height\":400,\"caption\":\"welke e-facturatiesoftware voor mijn zaak?\"},{\"@type\":\"BreadcrumbList\",\"@id\":\"https:\\\/\\\/www.accountable.eu\\\/fr-be\\\/blog\\\/travail-independant-benevolat\\\/#breadcrumb\",\"itemListElement\":[{\"@type\":\"ListItem\",\"position\":1,\"name\":\"Home\",\"item\":\"https:\\\/\\\/www.accountable.eu\\\/fr-be\\\/\"},{\"@type\":\"ListItem\",\"position\":2,\"name\":\"Peut-on travailler comme ind\u00e9pendant et b\u00e9n\u00e9vole pour une m\u00eame organisation ?\"}]},{\"@type\":\"WebSite\",\"@id\":\"https:\\\/\\\/www.accountable.eu\\\/fr-be\\\/#website\",\"url\":\"https:\\\/\\\/www.accountable.eu\\\/fr-be\\\/\",\"name\":\"Accountable\",\"description\":\"Your accountant and tax advisor on your smartphone\",\"publisher\":{\"@id\":\"https:\\\/\\\/www.accountable.eu\\\/fr-be\\\/#organization\"},\"potentialAction\":[{\"@type\":\"SearchAction\",\"target\":{\"@type\":\"EntryPoint\",\"urlTemplate\":\"https:\\\/\\\/www.accountable.eu\\\/fr-be\\\/?s={search_term_string}\"},\"query-input\":{\"@type\":\"PropertyValueSpecification\",\"valueRequired\":true,\"valueName\":\"search_term_string\"}}],\"inLanguage\":\"fr-BE\"},{\"@type\":\"Organization\",\"@id\":\"https:\\\/\\\/www.accountable.eu\\\/fr-be\\\/#organization\",\"name\":\"Accountable\",\"url\":\"https:\\\/\\\/www.accountable.eu\\\/fr-be\\\/\",\"logo\":{\"@type\":\"ImageObject\",\"inLanguage\":\"fr-BE\",\"@id\":\"https:\\\/\\\/www.accountable.eu\\\/fr-be\\\/#\\\/schema\\\/logo\\\/image\\\/\",\"url\":\"https:\\\/\\\/www.accountable.eu\\\/wp-content\\\/uploads\\\/2026\\\/04\\\/logo-512.png\",\"contentUrl\":\"https:\\\/\\\/www.accountable.eu\\\/wp-content\\\/uploads\\\/2026\\\/04\\\/logo-512.png\",\"width\":512,\"height\":512,\"caption\":\"Accountable\"},\"image\":{\"@id\":\"https:\\\/\\\/www.accountable.eu\\\/fr-be\\\/#\\\/schema\\\/logo\\\/image\\\/\"}},{\"@type\":\"Person\",\"@id\":\"https:\\\/\\\/www.accountable.eu\\\/fr-be\\\/#\\\/schema\\\/person\\\/9c85ec213b340ca3e8c8e152f6723a71\",\"name\":\"julie\",\"image\":{\"@type\":\"ImageObject\",\"inLanguage\":\"fr-BE\",\"@id\":\"https:\\\/\\\/secure.gravatar.com\\\/avatar\\\/84976ca8c4076c0af102d23ffc9c9145ea8291e3557ca33fa00841ff5aa46503?s=96&d=mm&r=g\",\"url\":\"https:\\\/\\\/secure.gravatar.com\\\/avatar\\\/84976ca8c4076c0af102d23ffc9c9145ea8291e3557ca33fa00841ff5aa46503?s=96&d=mm&r=g\",\"contentUrl\":\"https:\\\/\\\/secure.gravatar.com\\\/avatar\\\/84976ca8c4076c0af102d23ffc9c9145ea8291e3557ca33fa00841ff5aa46503?s=96&d=mm&r=g\",\"caption\":\"julie\"}}]}<\/script>\n<!-- \/ Yoast SEO plugin. -->","yoast_head_json":{"title":"Peut-on cumuler travail ind\u00e9pendant et travail b\u00e9n\u00e9vole ? - Accountable","description":"Oui, vous pouvez travailler pour une m\u00eame organisation en tant qu'ind\u00e9pendant et en tant que b\u00e9n\u00e9vole. Voici les r\u00e8gles \u00e0 respecter !","robots":{"index":"index","follow":"follow","max-snippet":"max-snippet:-1","max-image-preview":"max-image-preview:large","max-video-preview":"max-video-preview:-1"},"canonical":"https:\/\/www.accountable.eu\/fr-be\/blog\/travail-independant-benevolat\/","og_locale":"fr_FR","og_type":"article","og_title":"Peut-on cumuler travail ind\u00e9pendant et travail b\u00e9n\u00e9vole ? - Accountable","og_description":"Oui, vous pouvez travailler pour une m\u00eame organisation en tant qu'ind\u00e9pendant et en tant que b\u00e9n\u00e9vole. Voici les r\u00e8gles \u00e0 respecter !","og_url":"https:\/\/www.accountable.eu\/fr-be\/blog\/travail-independant-benevolat\/","og_site_name":"Accountable","article_published_time":"2025-03-07T09:59:27+00:00","article_modified_time":"2025-03-07T09:59:28+00:00","og_image":[{"width":686,"height":400,"url":"https:\/\/www.accountable.eu\/wp-content\/uploads\/2025\/01\/e-facturatiesoftware.png","type":"image\/png"}],"author":"julie","twitter_card":"summary_large_image","twitter_misc":{"\u00c9crit par":"julie","Dur\u00e9e de lecture est.":"3 minutes"},"schema":{"@context":"https:\/\/schema.org","@graph":[{"@type":"Article","@id":"https:\/\/www.accountable.eu\/fr-be\/blog\/travail-independant-benevolat\/#article","isPartOf":{"@id":"https:\/\/www.accountable.eu\/fr-be\/blog\/travail-independant-benevolat\/"},"author":{"name":"julie","@id":"https:\/\/www.accountable.eu\/fr-be\/#\/schema\/person\/9c85ec213b340ca3e8c8e152f6723a71"},"headline":"Peut-on travailler comme ind\u00e9pendant et b\u00e9n\u00e9vole pour une m\u00eame organisation ?","datePublished":"2025-03-07T09:59:27+00:00","dateModified":"2025-03-07T09:59:28+00:00","mainEntityOfPage":{"@id":"https:\/\/www.accountable.eu\/fr-be\/blog\/travail-independant-benevolat\/"},"wordCount":699,"publisher":{"@id":"https:\/\/www.accountable.eu\/fr-be\/#organization"},"image":{"@id":"https:\/\/www.accountable.eu\/fr-be\/blog\/travail-independant-benevolat\/#primaryimage"},"thumbnailUrl":"https:\/\/www.accountable.eu\/wp-content\/uploads\/2025\/01\/e-facturatiesoftware.png","keywords":["Imp\u00f4ts"],"articleSection":["Facturer vos clients","Informations pratiques","Tips pour votre business","Uncategorized @fr-be"],"inLanguage":"fr-BE"},{"@type":"WebPage","@id":"https:\/\/www.accountable.eu\/fr-be\/blog\/travail-independant-benevolat\/","url":"https:\/\/www.accountable.eu\/fr-be\/blog\/travail-independant-benevolat\/","name":"Peut-on cumuler travail ind\u00e9pendant et travail b\u00e9n\u00e9vole ? - Accountable","isPartOf":{"@id":"https:\/\/www.accountable.eu\/fr-be\/#website"},"primaryImageOfPage":{"@id":"https:\/\/www.accountable.eu\/fr-be\/blog\/travail-independant-benevolat\/#primaryimage"},"image":{"@id":"https:\/\/www.accountable.eu\/fr-be\/blog\/travail-independant-benevolat\/#primaryimage"},"thumbnailUrl":"https:\/\/www.accountable.eu\/wp-content\/uploads\/2025\/01\/e-facturatiesoftware.png","datePublished":"2025-03-07T09:59:27+00:00","dateModified":"2025-03-07T09:59:28+00:00","description":"Oui, vous pouvez travailler pour une m\u00eame organisation en tant qu'ind\u00e9pendant et en tant que b\u00e9n\u00e9vole. Voici les r\u00e8gles \u00e0 respecter !","breadcrumb":{"@id":"https:\/\/www.accountable.eu\/fr-be\/blog\/travail-independant-benevolat\/#breadcrumb"},"inLanguage":"fr-BE","potentialAction":[{"@type":"ReadAction","target":["https:\/\/www.accountable.eu\/fr-be\/blog\/travail-independant-benevolat\/"]}]},{"@type":"ImageObject","inLanguage":"fr-BE","@id":"https:\/\/www.accountable.eu\/fr-be\/blog\/travail-independant-benevolat\/#primaryimage","url":"https:\/\/www.accountable.eu\/wp-content\/uploads\/2025\/01\/e-facturatiesoftware.png","contentUrl":"https:\/\/www.accountable.eu\/wp-content\/uploads\/2025\/01\/e-facturatiesoftware.png","width":686,"height":400,"caption":"welke e-facturatiesoftware voor mijn zaak?"},{"@type":"BreadcrumbList","@id":"https:\/\/www.accountable.eu\/fr-be\/blog\/travail-independant-benevolat\/#breadcrumb","itemListElement":[{"@type":"ListItem","position":1,"name":"Home","item":"https:\/\/www.accountable.eu\/fr-be\/"},{"@type":"ListItem","position":2,"name":"Peut-on travailler comme ind\u00e9pendant et b\u00e9n\u00e9vole pour une m\u00eame organisation ?"}]},{"@type":"WebSite","@id":"https:\/\/www.accountable.eu\/fr-be\/#website","url":"https:\/\/www.accountable.eu\/fr-be\/","name":"Accountable","description":"Your accountant and tax advisor on your smartphone","publisher":{"@id":"https:\/\/www.accountable.eu\/fr-be\/#organization"},"potentialAction":[{"@type":"SearchAction","target":{"@type":"EntryPoint","urlTemplate":"https:\/\/www.accountable.eu\/fr-be\/?s={search_term_string}"},"query-input":{"@type":"PropertyValueSpecification","valueRequired":true,"valueName":"search_term_string"}}],"inLanguage":"fr-BE"},{"@type":"Organization","@id":"https:\/\/www.accountable.eu\/fr-be\/#organization","name":"Accountable","url":"https:\/\/www.accountable.eu\/fr-be\/","logo":{"@type":"ImageObject","inLanguage":"fr-BE","@id":"https:\/\/www.accountable.eu\/fr-be\/#\/schema\/logo\/image\/","url":"https:\/\/www.accountable.eu\/wp-content\/uploads\/2026\/04\/logo-512.png","contentUrl":"https:\/\/www.accountable.eu\/wp-content\/uploads\/2026\/04\/logo-512.png","width":512,"height":512,"caption":"Accountable"},"image":{"@id":"https:\/\/www.accountable.eu\/fr-be\/#\/schema\/logo\/image\/"}},{"@type":"Person","@id":"https:\/\/www.accountable.eu\/fr-be\/#\/schema\/person\/9c85ec213b340ca3e8c8e152f6723a71","name":"julie","image":{"@type":"ImageObject","inLanguage":"fr-BE","@id":"https:\/\/secure.gravatar.com\/avatar\/84976ca8c4076c0af102d23ffc9c9145ea8291e3557ca33fa00841ff5aa46503?s=96&d=mm&r=g","url":"https:\/\/secure.gravatar.com\/avatar\/84976ca8c4076c0af102d23ffc9c9145ea8291e3557ca33fa00841ff5aa46503?s=96&d=mm&r=g","contentUrl":"https:\/\/secure.gravatar.com\/avatar\/84976ca8c4076c0af102d23ffc9c9145ea8291e3557ca33fa00841ff5aa46503?s=96&d=mm&r=g","caption":"julie"}}]}},"_links":{"self":[{"href":"https:\/\/www.accountable.eu\/fr-be\/wp-json\/wp\/v2\/posts\/17753","targetHints":{"allow":["GET"]}}],"collection":[{"href":"https:\/\/www.accountable.eu\/fr-be\/wp-json\/wp\/v2\/posts"}],"about":[{"href":"https:\/\/www.accountable.eu\/fr-be\/wp-json\/wp\/v2\/types\/post"}],"author":[{"embeddable":true,"href":"https:\/\/www.accountable.eu\/fr-be\/wp-json\/wp\/v2\/users\/29"}],"replies":[{"embeddable":true,"href":"https:\/\/www.accountable.eu\/fr-be\/wp-json\/wp\/v2\/comments?post=17753"}],"version-history":[{"count":0,"href":"https:\/\/www.accountable.eu\/fr-be\/wp-json\/wp\/v2\/posts\/17753\/revisions"}],"wp:featuredmedia":[{"embeddable":true,"href":"https:\/\/www.accountable.eu\/fr-be\/wp-json\/wp\/v2\/media\/17043"}],"wp:attachment":[{"href":"https:\/\/www.accountable.eu\/fr-be\/wp-json\/wp\/v2\/media?parent=17753"}],"wp:term":[{"taxonomy":"category","embeddable":true,"href":"https:\/\/www.accountable.eu\/fr-be\/wp-json\/wp\/v2\/categories?post=17753"},{"taxonomy":"post_tag","embeddable":true,"href":"https:\/\/www.accountable.eu\/fr-be\/wp-json\/wp\/v2\/tags?post=17753"}],"curies":[{"name":"wp","href":"https:\/\/api.w.org\/{rel}","templated":true}]}}