{"id":17783,"date":"2025-03-12T10:50:35","date_gmt":"2025-03-12T09:50:35","guid":{"rendered":"https:\/\/www.accountable.eu\/?p=17783"},"modified":"2025-03-12T10:50:37","modified_gmt":"2025-03-12T09:50:37","slug":"combien-gagnent-les-freelances-belges","status":"publish","type":"post","link":"https:\/\/www.accountable.eu\/fr-be\/blog\/combien-gagnent-les-freelances-belges\/","title":{"rendered":"Combien gagnent les freelances en Belgique ?"},"content":{"rendered":"\n<p><strong>La grande question, celle que se posent tous les freelances quand ils d\u00e9marrent : combien faut-il facturer ? Et du coup, combien vais-je gagner au final ? Car il y a plusieurs param\u00e8tres \u00e0 prendre en compte : nombre d\u2019heures travaill\u00e9es versus heures facturables par semaine, secteur, exp\u00e9rience\u2026<\/strong><\/p>\n\n\n\n<p><strong>Nous avons crois\u00e9 les donn\u00e9es de trois \u00e9tudes r\u00e9centes pour nous faire une id\u00e9e de ce que les freelances facturent vraiment \u00e0 leurs clients&nbsp;: le tarif et le nombre d\u2019heures par semaine.<\/strong><\/p>\n\n\n\n<p>Les <strong>freelances belges sont globalement satisfaits de leurs revenus<\/strong>. Comme nous le disions dans cet <a href=\"https:\/\/www.accountable.eu\/fr-be\/blog\/freelances-belges-statistiques\/\">article sur la satisfaction des freelances<\/a>, seuls 19 % d\u2019entre eux pensent qu\u2019ils gagneraient plus s\u2019ils \u00e9taient salari\u00e9s (source : Malt). Cela vaut donc la peine de regarder en d\u00e9tail ce qu\u2019ils facturent.<br><br>Pour avoir une id\u00e9e de ce que facturent les freelances en Belgique, nous avons tir\u00e9 quelques chiffres int\u00e9ressants de 3 \u00e9tudes r\u00e9centes :<\/p>\n\n\n\n<ul class=\"wp-block-list\">\n<li>\u00ab\u00a0Freelancer Focus 2024\u00a0\u00bb, d\u2019<a href=\"https:\/\/www.unizo.be\/\">UNIZO<\/a>\u00a0en collaboration avec <a href=\"https:\/\/www.creditsafe.com\/be\/nl\/meer\/over-ons\/graydoncreditsafe.html\">Graydon Creditsafe<\/a> (Unizo est la principale organisation patronale n\u00e9erlandophone)\u00a0;<\/li>\n\n\n\n<li>\u00ab\u00a0Freelancing in Europe 2024\u00a0\u00bb de <a href=\"https:\/\/www.malt.be\/\">Malt<\/a>, une plateforme de mise en relation des freelances et des entreprises.<\/li>\n\n\n\n<li>\u00ab\u00a0\u00c9tude freelancing &#8211; \u00c9dition 2022\u00a0\u00bb de l\u2019<a href=\"https:\/\/www.ucm.be\/\">UCM<\/a>, l\u2019organisation repr\u00e9sentative des ind\u00e9pendants francophones.<\/li>\n<\/ul>\n\n\n\n<p>Et voici ce que nous avons d\u00e9couvert.<\/p>\n\n\n\n<h2 class=\"wp-block-heading\"><strong><strong><strong>Tarif horaire des freelances en Belgique<\/strong><\/strong><\/strong><\/h2>\n\n\n\n<p>D\u2019apr\u00e8s l\u2019\u00e9tude UCM de 2022, le <strong>tarif m\u00e9dian des freelances interrog\u00e9s se situait entre 71 et 90 \u20ac de l\u2019heure<\/strong>, hors TVA.<\/p>\n\n\n\n<p>Un peu moins d\u2019un quart des freelances facture moins de 50 \u20ac de l\u2019heure, essentiellement dans les secteurs cr\u00e9atifs, des soins et de l\u2019organisation. \u00c0 l\u2019oppos\u00e9, 30,1 % vont au-del\u00e0 de 90 \u20ac de l\u2019heure, surtout dans les secteurs intellectuels, techniques et de la consultance. Ces tarifs sont en ligne avec ceux que nous avions d\u00e9j\u00e0 annonc\u00e9s dans <a href=\"https:\/\/www.accountable.eu\/fr-be\/blog\/salaire-moyen-independant-belgique\/\">cet article sur le salaire moyen d\u2019un ind\u00e9pendant<\/a>.<\/p>\n\n\n\n<p>\ud83d\udca1Au vu de l\u2019inflation des derni\u00e8res ann\u00e9es, ces tarifs ont encore d\u00fb augmenter de mani\u00e8re significative depuis.<\/p>\n\n\n\n<h2 class=\"wp-block-heading\"><strong>Heures factur\u00e9es vs. heures travaill\u00e9es<\/strong><\/h2>\n\n\n\n<p>Malheureusement, quand on est freelance, <strong>une heure de travail n\u2019est pas toujours r\u00e9mun\u00e9r\u00e9e<\/strong>. Il y a pas mal de t\u00e2ches \u00e0 effectuer qui ne sont pas imputables (ni facturables) \u00e0 un client sp\u00e9cifique. C\u2019est un point dont il faut tenir compte dans le calcul de ses revenus : votre tarif horaire doit vous permettre de vivre sans que vous ne deviez facturer 40 heures par semaine ou plus !<\/p>\n\n\n\n<p>Malt estime qu\u2019en 2024, les freelances belges :<\/p>\n\n\n\n<ul class=\"wp-block-list\">\n<li><strong>facturent en moyenne 34h\/semaine<\/strong>\u00a0;<\/li>\n\n\n\n<li>consacrent <strong>3h\/semaine au r\u00e9seautage<\/strong> et \u00e0 la prospection\u00a0;<\/li>\n\n\n\n<li>passent <strong>4h\/semaine<\/strong> \u00e0 effectuer des <strong>t\u00e2ches administratives<\/strong>\u00a0;<\/li>\n\n\n\n<li>passent <strong>4h\/semaine<\/strong> <strong>\u00e0 se former<\/strong> pour garder leur avantage concurrentiel\u00a0;<\/li>\n<\/ul>\n\n\n\n<p>Soit un total de<strong> 45 heures de travail r\u00e9el<\/strong>, pour 34 heures factur\u00e9es. De son c\u00f4t\u00e9, UNIZO avance 36 heures factur\u00e9es par semaine comme taux m\u00e9dian, donc un chiffre similaire.<\/p>\n\n\n\n<h3 class=\"wp-block-heading\"><strong>Les heures factur\u00e9es, influenc\u00e9es par le nombre de clients<\/strong><\/h3>\n\n\n\n<p>Selon l\u2019UCM, <strong>34,2 % des freelances ne travaillent que chez un seul client au cours d\u2019une semaine<\/strong>. Pour ces freelances qui effectuent des missions \u00e0 plus long terme, il est plus simple de facturer 34 \u00e0 36 heures de travail. En effet, le fait de ne travailler que pour un client \u00e0 la fois r\u00e9duit les t\u00e2ches administratives et diminue le besoin de prospection quand les missions sont longues. Il est donc plus facile de consacrer la majorit\u00e9 de son temps \u00e0 ce qui est facturable.<\/p>\n\n\n\n<p>\u00c0 l\u2019inverse, <strong>pr\u00e8s d\u2019un quart des freelances (23,1 %) travaille pour plus de 5 clients par an<\/strong>, ce qui entra\u00eene plus d\u2019administration, de prospection et de temps de formation pour s\u2019adapter. C\u2019est d\u2019autant plus vrai quand on travaille pour plusieurs clients au m\u00eame moment, car il faut davantage jongler entre les t\u00e2ches, communiquer avec les diff\u00e9rents clients, voire se d\u00e9placer.<\/p>\n\n\n\n<h2 class=\"wp-block-heading\"><strong><strong><strong>Oui, les freelances belges gagnent bien leur vie<\/strong><\/strong><\/strong><\/h2>\n\n\n\n<p>\u00c0 condition de calculer leur tarif horaire en tenant compte non seulement des standards de leur industrie, mais aussi d\u2019un nombre r\u00e9aliste d\u2019heures facturables prest\u00e9es sur une ann\u00e9e.<\/p>\n\n\n\n<p>N\u2019oubliez pas de pr\u00e9voir quelques semaines sans revenus pour vos vacances, en cas de maladie, pour les urgences familiales\u2026 En bref, mieux vaut ne pas compter plus de 48 semaines de travail par an. Puis calculez un nombre r\u00e9aliste d\u2019heures factur\u00e9es par semaine en fonction de votre nombre de clients et de vos contraintes personnelles.<\/p>\n\n\n\n<p><em>Vous vous demandez quel serait votre salaire en freelance ? Accountable vous permet facilement de calculer votre revenu net sur la base du brut factur\u00e9 gr\u00e2ce au <a href=\"https:\/\/www.accountable.eu\/fr-be\/resources\/simulateur-de-revenus-freelancing-vs-salariat\/\">simulateur de revenu<\/a>. <\/em><\/p>\n","protected":false},"excerpt":{"rendered":"<p>La grande question, celle que se posent tous les freelances quand ils d\u00e9marrent : combien faut-il facturer ? Et du coup, combien vais-je gagner au final ? Car il y a plusieurs param\u00e8tres \u00e0 prendre en compte : nombre d\u2019heures travaill\u00e9es versus heures facturables par semaine, secteur, exp\u00e9rience\u2026 Nous avons crois\u00e9 les donn\u00e9es de trois [&hellip;]<\/p>\n","protected":false},"author":29,"featured_media":15060,"comment_status":"closed","ping_status":"closed","sticky":false,"template":"","format":"standard","meta":{"inline_featured_image":false,"footnotes":""},"categories":[240],"tags":[303,364],"class_list":["post-17783","post","type-post","status-publish","format-standard","has-post-thumbnail","hentry","category-uncategorized-fr-be","tag-demarrer","tag-freelance"],"acf":[],"yoast_head":"<!-- This site is optimized with the Yoast SEO plugin v27.4 - https:\/\/yoast.com\/product\/yoast-seo-wordpress\/ -->\n<title>Combien gagnent les freelances en Belgique ? - Accountable<\/title>\n<meta name=\"description\" content=\"Quels tarifs facturent les freelances belges ? Et de quoi faut-il tenir compte pour fixer son tarif ? On vous explique tout.\" \/>\n<meta name=\"robots\" content=\"index, follow, max-snippet:-1, max-image-preview:large, max-video-preview:-1\" \/>\n<link rel=\"canonical\" href=\"https:\/\/www.accountable.eu\/fr-be\/blog\/combien-gagnent-les-freelances-belges\/\" \/>\n<meta property=\"og:locale\" content=\"fr_FR\" \/>\n<meta property=\"og:type\" content=\"article\" \/>\n<meta property=\"og:title\" content=\"Combien gagnent les freelances en Belgique ? - Accountable\" \/>\n<meta property=\"og:description\" content=\"Quels tarifs facturent les freelances belges ? Et de quoi faut-il tenir compte pour fixer son tarif ? On vous explique tout.\" \/>\n<meta property=\"og:url\" content=\"https:\/\/www.accountable.eu\/fr-be\/blog\/combien-gagnent-les-freelances-belges\/\" \/>\n<meta property=\"og:site_name\" content=\"Accountable\" \/>\n<meta property=\"article:published_time\" content=\"2025-03-12T09:50:35+00:00\" \/>\n<meta property=\"article:modified_time\" content=\"2025-03-12T09:50:37+00:00\" \/>\n<meta property=\"og:image\" content=\"https:\/\/www.accountable.eu\/wp-content\/uploads\/2024\/07\/freelance-opdrachten-vinden.png\" \/>\n\t<meta property=\"og:image:width\" content=\"686\" \/>\n\t<meta property=\"og:image:height\" content=\"400\" \/>\n\t<meta property=\"og:image:type\" content=\"image\/png\" \/>\n<meta name=\"author\" content=\"julie\" \/>\n<meta name=\"twitter:card\" content=\"summary_large_image\" \/>\n<meta name=\"twitter:label1\" content=\"\u00c9crit par\" \/>\n\t<meta name=\"twitter:data1\" content=\"julie\" \/>\n\t<meta name=\"twitter:label2\" content=\"Dur\u00e9e de lecture est.\" \/>\n\t<meta name=\"twitter:data2\" content=\"1 minute\" \/>\n<script type=\"application\/ld+json\" class=\"yoast-schema-graph\">{\"@context\":\"https:\\\/\\\/schema.org\",\"@graph\":[{\"@type\":\"Article\",\"@id\":\"https:\\\/\\\/www.accountable.eu\\\/fr-be\\\/blog\\\/combien-gagnent-les-freelances-belges\\\/#article\",\"isPartOf\":{\"@id\":\"https:\\\/\\\/www.accountable.eu\\\/fr-be\\\/blog\\\/combien-gagnent-les-freelances-belges\\\/\"},\"author\":{\"name\":\"julie\",\"@id\":\"https:\\\/\\\/www.accountable.eu\\\/fr-be\\\/#\\\/schema\\\/person\\\/9c85ec213b340ca3e8c8e152f6723a71\"},\"headline\":\"Combien gagnent les freelances en Belgique ?\",\"datePublished\":\"2025-03-12T09:50:35+00:00\",\"dateModified\":\"2025-03-12T09:50:37+00:00\",\"mainEntityOfPage\":{\"@id\":\"https:\\\/\\\/www.accountable.eu\\\/fr-be\\\/blog\\\/combien-gagnent-les-freelances-belges\\\/\"},\"wordCount\":780,\"publisher\":{\"@id\":\"https:\\\/\\\/www.accountable.eu\\\/fr-be\\\/#organization\"},\"image\":{\"@id\":\"https:\\\/\\\/www.accountable.eu\\\/fr-be\\\/blog\\\/combien-gagnent-les-freelances-belges\\\/#primaryimage\"},\"thumbnailUrl\":\"https:\\\/\\\/www.accountable.eu\\\/wp-content\\\/uploads\\\/2024\\\/07\\\/freelance-opdrachten-vinden.png\",\"keywords\":[\"D\u00e9marrer\",\"freelance\"],\"articleSection\":[\"Uncategorized @fr-be\"],\"inLanguage\":\"fr-BE\"},{\"@type\":\"WebPage\",\"@id\":\"https:\\\/\\\/www.accountable.eu\\\/fr-be\\\/blog\\\/combien-gagnent-les-freelances-belges\\\/\",\"url\":\"https:\\\/\\\/www.accountable.eu\\\/fr-be\\\/blog\\\/combien-gagnent-les-freelances-belges\\\/\",\"name\":\"Combien gagnent les freelances en Belgique ? - Accountable\",\"isPartOf\":{\"@id\":\"https:\\\/\\\/www.accountable.eu\\\/fr-be\\\/#website\"},\"primaryImageOfPage\":{\"@id\":\"https:\\\/\\\/www.accountable.eu\\\/fr-be\\\/blog\\\/combien-gagnent-les-freelances-belges\\\/#primaryimage\"},\"image\":{\"@id\":\"https:\\\/\\\/www.accountable.eu\\\/fr-be\\\/blog\\\/combien-gagnent-les-freelances-belges\\\/#primaryimage\"},\"thumbnailUrl\":\"https:\\\/\\\/www.accountable.eu\\\/wp-content\\\/uploads\\\/2024\\\/07\\\/freelance-opdrachten-vinden.png\",\"datePublished\":\"2025-03-12T09:50:35+00:00\",\"dateModified\":\"2025-03-12T09:50:37+00:00\",\"description\":\"Quels tarifs facturent les freelances belges ? Et de quoi faut-il tenir compte pour fixer son tarif ? On vous explique tout.\",\"breadcrumb\":{\"@id\":\"https:\\\/\\\/www.accountable.eu\\\/fr-be\\\/blog\\\/combien-gagnent-les-freelances-belges\\\/#breadcrumb\"},\"inLanguage\":\"fr-BE\",\"potentialAction\":[{\"@type\":\"ReadAction\",\"target\":[\"https:\\\/\\\/www.accountable.eu\\\/fr-be\\\/blog\\\/combien-gagnent-les-freelances-belges\\\/\"]}]},{\"@type\":\"ImageObject\",\"inLanguage\":\"fr-BE\",\"@id\":\"https:\\\/\\\/www.accountable.eu\\\/fr-be\\\/blog\\\/combien-gagnent-les-freelances-belges\\\/#primaryimage\",\"url\":\"https:\\\/\\\/www.accountable.eu\\\/wp-content\\\/uploads\\\/2024\\\/07\\\/freelance-opdrachten-vinden.png\",\"contentUrl\":\"https:\\\/\\\/www.accountable.eu\\\/wp-content\\\/uploads\\\/2024\\\/07\\\/freelance-opdrachten-vinden.png\",\"width\":686,\"height\":400},{\"@type\":\"BreadcrumbList\",\"@id\":\"https:\\\/\\\/www.accountable.eu\\\/fr-be\\\/blog\\\/combien-gagnent-les-freelances-belges\\\/#breadcrumb\",\"itemListElement\":[{\"@type\":\"ListItem\",\"position\":1,\"name\":\"Home\",\"item\":\"https:\\\/\\\/www.accountable.eu\\\/fr-be\\\/\"},{\"@type\":\"ListItem\",\"position\":2,\"name\":\"Combien gagnent les freelances en Belgique ?\"}]},{\"@type\":\"WebSite\",\"@id\":\"https:\\\/\\\/www.accountable.eu\\\/fr-be\\\/#website\",\"url\":\"https:\\\/\\\/www.accountable.eu\\\/fr-be\\\/\",\"name\":\"Accountable\",\"description\":\"Your accountant and tax advisor on your smartphone\",\"publisher\":{\"@id\":\"https:\\\/\\\/www.accountable.eu\\\/fr-be\\\/#organization\"},\"potentialAction\":[{\"@type\":\"SearchAction\",\"target\":{\"@type\":\"EntryPoint\",\"urlTemplate\":\"https:\\\/\\\/www.accountable.eu\\\/fr-be\\\/?s={search_term_string}\"},\"query-input\":{\"@type\":\"PropertyValueSpecification\",\"valueRequired\":true,\"valueName\":\"search_term_string\"}}],\"inLanguage\":\"fr-BE\"},{\"@type\":\"Organization\",\"@id\":\"https:\\\/\\\/www.accountable.eu\\\/fr-be\\\/#organization\",\"name\":\"Accountable\",\"url\":\"https:\\\/\\\/www.accountable.eu\\\/fr-be\\\/\",\"logo\":{\"@type\":\"ImageObject\",\"inLanguage\":\"fr-BE\",\"@id\":\"https:\\\/\\\/www.accountable.eu\\\/fr-be\\\/#\\\/schema\\\/logo\\\/image\\\/\",\"url\":\"https:\\\/\\\/www.accountable.eu\\\/wp-content\\\/uploads\\\/2026\\\/04\\\/logo-512.png\",\"contentUrl\":\"https:\\\/\\\/www.accountable.eu\\\/wp-content\\\/uploads\\\/2026\\\/04\\\/logo-512.png\",\"width\":512,\"height\":512,\"caption\":\"Accountable\"},\"image\":{\"@id\":\"https:\\\/\\\/www.accountable.eu\\\/fr-be\\\/#\\\/schema\\\/logo\\\/image\\\/\"}},{\"@type\":\"Person\",\"@id\":\"https:\\\/\\\/www.accountable.eu\\\/fr-be\\\/#\\\/schema\\\/person\\\/9c85ec213b340ca3e8c8e152f6723a71\",\"name\":\"julie\",\"image\":{\"@type\":\"ImageObject\",\"inLanguage\":\"fr-BE\",\"@id\":\"https:\\\/\\\/secure.gravatar.com\\\/avatar\\\/84976ca8c4076c0af102d23ffc9c9145ea8291e3557ca33fa00841ff5aa46503?s=96&d=mm&r=g\",\"url\":\"https:\\\/\\\/secure.gravatar.com\\\/avatar\\\/84976ca8c4076c0af102d23ffc9c9145ea8291e3557ca33fa00841ff5aa46503?s=96&d=mm&r=g\",\"contentUrl\":\"https:\\\/\\\/secure.gravatar.com\\\/avatar\\\/84976ca8c4076c0af102d23ffc9c9145ea8291e3557ca33fa00841ff5aa46503?s=96&d=mm&r=g\",\"caption\":\"julie\"}}]}<\/script>\n<!-- \/ Yoast SEO plugin. -->","yoast_head_json":{"title":"Combien gagnent les freelances en Belgique ? - Accountable","description":"Quels tarifs facturent les freelances belges ? Et de quoi faut-il tenir compte pour fixer son tarif ? On vous explique tout.","robots":{"index":"index","follow":"follow","max-snippet":"max-snippet:-1","max-image-preview":"max-image-preview:large","max-video-preview":"max-video-preview:-1"},"canonical":"https:\/\/www.accountable.eu\/fr-be\/blog\/combien-gagnent-les-freelances-belges\/","og_locale":"fr_FR","og_type":"article","og_title":"Combien gagnent les freelances en Belgique ? - Accountable","og_description":"Quels tarifs facturent les freelances belges ? Et de quoi faut-il tenir compte pour fixer son tarif ? On vous explique tout.","og_url":"https:\/\/www.accountable.eu\/fr-be\/blog\/combien-gagnent-les-freelances-belges\/","og_site_name":"Accountable","article_published_time":"2025-03-12T09:50:35+00:00","article_modified_time":"2025-03-12T09:50:37+00:00","og_image":[{"width":686,"height":400,"url":"https:\/\/www.accountable.eu\/wp-content\/uploads\/2024\/07\/freelance-opdrachten-vinden.png","type":"image\/png"}],"author":"julie","twitter_card":"summary_large_image","twitter_misc":{"\u00c9crit par":"julie","Dur\u00e9e de lecture est.":"1 minute"},"schema":{"@context":"https:\/\/schema.org","@graph":[{"@type":"Article","@id":"https:\/\/www.accountable.eu\/fr-be\/blog\/combien-gagnent-les-freelances-belges\/#article","isPartOf":{"@id":"https:\/\/www.accountable.eu\/fr-be\/blog\/combien-gagnent-les-freelances-belges\/"},"author":{"name":"julie","@id":"https:\/\/www.accountable.eu\/fr-be\/#\/schema\/person\/9c85ec213b340ca3e8c8e152f6723a71"},"headline":"Combien gagnent les freelances en Belgique ?","datePublished":"2025-03-12T09:50:35+00:00","dateModified":"2025-03-12T09:50:37+00:00","mainEntityOfPage":{"@id":"https:\/\/www.accountable.eu\/fr-be\/blog\/combien-gagnent-les-freelances-belges\/"},"wordCount":780,"publisher":{"@id":"https:\/\/www.accountable.eu\/fr-be\/#organization"},"image":{"@id":"https:\/\/www.accountable.eu\/fr-be\/blog\/combien-gagnent-les-freelances-belges\/#primaryimage"},"thumbnailUrl":"https:\/\/www.accountable.eu\/wp-content\/uploads\/2024\/07\/freelance-opdrachten-vinden.png","keywords":["D\u00e9marrer","freelance"],"articleSection":["Uncategorized @fr-be"],"inLanguage":"fr-BE"},{"@type":"WebPage","@id":"https:\/\/www.accountable.eu\/fr-be\/blog\/combien-gagnent-les-freelances-belges\/","url":"https:\/\/www.accountable.eu\/fr-be\/blog\/combien-gagnent-les-freelances-belges\/","name":"Combien gagnent les freelances en Belgique ? - Accountable","isPartOf":{"@id":"https:\/\/www.accountable.eu\/fr-be\/#website"},"primaryImageOfPage":{"@id":"https:\/\/www.accountable.eu\/fr-be\/blog\/combien-gagnent-les-freelances-belges\/#primaryimage"},"image":{"@id":"https:\/\/www.accountable.eu\/fr-be\/blog\/combien-gagnent-les-freelances-belges\/#primaryimage"},"thumbnailUrl":"https:\/\/www.accountable.eu\/wp-content\/uploads\/2024\/07\/freelance-opdrachten-vinden.png","datePublished":"2025-03-12T09:50:35+00:00","dateModified":"2025-03-12T09:50:37+00:00","description":"Quels tarifs facturent les freelances belges ? Et de quoi faut-il tenir compte pour fixer son tarif ? On vous explique tout.","breadcrumb":{"@id":"https:\/\/www.accountable.eu\/fr-be\/blog\/combien-gagnent-les-freelances-belges\/#breadcrumb"},"inLanguage":"fr-BE","potentialAction":[{"@type":"ReadAction","target":["https:\/\/www.accountable.eu\/fr-be\/blog\/combien-gagnent-les-freelances-belges\/"]}]},{"@type":"ImageObject","inLanguage":"fr-BE","@id":"https:\/\/www.accountable.eu\/fr-be\/blog\/combien-gagnent-les-freelances-belges\/#primaryimage","url":"https:\/\/www.accountable.eu\/wp-content\/uploads\/2024\/07\/freelance-opdrachten-vinden.png","contentUrl":"https:\/\/www.accountable.eu\/wp-content\/uploads\/2024\/07\/freelance-opdrachten-vinden.png","width":686,"height":400},{"@type":"BreadcrumbList","@id":"https:\/\/www.accountable.eu\/fr-be\/blog\/combien-gagnent-les-freelances-belges\/#breadcrumb","itemListElement":[{"@type":"ListItem","position":1,"name":"Home","item":"https:\/\/www.accountable.eu\/fr-be\/"},{"@type":"ListItem","position":2,"name":"Combien gagnent les freelances en Belgique ?"}]},{"@type":"WebSite","@id":"https:\/\/www.accountable.eu\/fr-be\/#website","url":"https:\/\/www.accountable.eu\/fr-be\/","name":"Accountable","description":"Your accountant and tax advisor on your smartphone","publisher":{"@id":"https:\/\/www.accountable.eu\/fr-be\/#organization"},"potentialAction":[{"@type":"SearchAction","target":{"@type":"EntryPoint","urlTemplate":"https:\/\/www.accountable.eu\/fr-be\/?s={search_term_string}"},"query-input":{"@type":"PropertyValueSpecification","valueRequired":true,"valueName":"search_term_string"}}],"inLanguage":"fr-BE"},{"@type":"Organization","@id":"https:\/\/www.accountable.eu\/fr-be\/#organization","name":"Accountable","url":"https:\/\/www.accountable.eu\/fr-be\/","logo":{"@type":"ImageObject","inLanguage":"fr-BE","@id":"https:\/\/www.accountable.eu\/fr-be\/#\/schema\/logo\/image\/","url":"https:\/\/www.accountable.eu\/wp-content\/uploads\/2026\/04\/logo-512.png","contentUrl":"https:\/\/www.accountable.eu\/wp-content\/uploads\/2026\/04\/logo-512.png","width":512,"height":512,"caption":"Accountable"},"image":{"@id":"https:\/\/www.accountable.eu\/fr-be\/#\/schema\/logo\/image\/"}},{"@type":"Person","@id":"https:\/\/www.accountable.eu\/fr-be\/#\/schema\/person\/9c85ec213b340ca3e8c8e152f6723a71","name":"julie","image":{"@type":"ImageObject","inLanguage":"fr-BE","@id":"https:\/\/secure.gravatar.com\/avatar\/84976ca8c4076c0af102d23ffc9c9145ea8291e3557ca33fa00841ff5aa46503?s=96&d=mm&r=g","url":"https:\/\/secure.gravatar.com\/avatar\/84976ca8c4076c0af102d23ffc9c9145ea8291e3557ca33fa00841ff5aa46503?s=96&d=mm&r=g","contentUrl":"https:\/\/secure.gravatar.com\/avatar\/84976ca8c4076c0af102d23ffc9c9145ea8291e3557ca33fa00841ff5aa46503?s=96&d=mm&r=g","caption":"julie"}}]}},"_links":{"self":[{"href":"https:\/\/www.accountable.eu\/fr-be\/wp-json\/wp\/v2\/posts\/17783","targetHints":{"allow":["GET"]}}],"collection":[{"href":"https:\/\/www.accountable.eu\/fr-be\/wp-json\/wp\/v2\/posts"}],"about":[{"href":"https:\/\/www.accountable.eu\/fr-be\/wp-json\/wp\/v2\/types\/post"}],"author":[{"embeddable":true,"href":"https:\/\/www.accountable.eu\/fr-be\/wp-json\/wp\/v2\/users\/29"}],"replies":[{"embeddable":true,"href":"https:\/\/www.accountable.eu\/fr-be\/wp-json\/wp\/v2\/comments?post=17783"}],"version-history":[{"count":0,"href":"https:\/\/www.accountable.eu\/fr-be\/wp-json\/wp\/v2\/posts\/17783\/revisions"}],"wp:featuredmedia":[{"embeddable":true,"href":"https:\/\/www.accountable.eu\/fr-be\/wp-json\/wp\/v2\/media\/15060"}],"wp:attachment":[{"href":"https:\/\/www.accountable.eu\/fr-be\/wp-json\/wp\/v2\/media?parent=17783"}],"wp:term":[{"taxonomy":"category","embeddable":true,"href":"https:\/\/www.accountable.eu\/fr-be\/wp-json\/wp\/v2\/categories?post=17783"},{"taxonomy":"post_tag","embeddable":true,"href":"https:\/\/www.accountable.eu\/fr-be\/wp-json\/wp\/v2\/tags?post=17783"}],"curies":[{"name":"wp","href":"https:\/\/api.w.org\/{rel}","templated":true}]}}