{"id":18252,"date":"2025-04-15T11:38:28","date_gmt":"2025-04-15T09:38:28","guid":{"rendered":"https:\/\/www.accountable.eu\/?p=18252"},"modified":"2026-03-27T10:55:15","modified_gmt":"2026-03-27T09:55:15","slug":"vehicule-utilitaire","status":"publish","type":"post","link":"https:\/\/www.accountable.eu\/fr-be\/blog\/vehicule-utilitaire\/","title":{"rendered":"La d\u00e9ductibilit\u00e9 fiscale des v\u00e9hicules utilitaires l\u00e9gers\u00a0en 2026"},"content":{"rendered":"\n<p><strong>Au rayon des v\u00e9hicules de soci\u00e9t\u00e9, remplacer une voiture particuli\u00e8re par un v\u00e9hicule utilitaire l\u00e9ger pr\u00e9sente de nombreux avantages fiscaux&nbsp;: d\u00e9ductibilit\u00e9 \u00e0 100&nbsp;%, taxe de circulation plus faible et d\u00e9duction de la TVA plus \u00e9lev\u00e9e. D\u00e9couvrez tous les avantages des v\u00e9hicules utilitaires l\u00e9gers et ce qui les diff\u00e9rencie des voitures particuli\u00e8res.<\/strong><\/p>\n\n\n\n<h2 class=\"wp-block-heading\">Qu\u2019est-ce qu\u2019un v\u00e9hicule utilitaire l\u00e9ger&nbsp;?&nbsp;<\/h2>\n\n\n\n<p>Parmi les v\u00e9hicules utilitaires l\u00e9gers (VUL) classiques, on distingue notamment les camionnettes et les pick-ups. Selon la loi, un v\u00e9hicule doit satisfaire les caract\u00e9ristiques suivantes pour \u00eatre reconnu comme un v\u00e9hicule utilitaire l\u00e9ger&nbsp;:<\/p>\n\n\n\n<ul class=\"wp-block-list\">\n<li>masse maximale autoris\u00e9e&nbsp;: 3&nbsp;500 kg<\/li>\n\n\n\n<li>pas de banquette arri\u00e8re ou une seule rang\u00e9e de si\u00e8ges<\/li>\n\n\n\n<li>un espace de chargement ouvert ou ferm\u00e9 s\u00e9par\u00e9 de l\u2019espace pour passagers<\/li>\n\n\n\n<li>enregistrement aupr\u00e8s de la DIV (Direction pour l\u2019Immatriculation des V\u00e9hicules)<\/li>\n<\/ul>\n\n\n\n<h2 class=\"wp-block-heading\">V\u00e9hicule utilitaire l\u00e9ger ou voiture particuli\u00e8re&nbsp;: les diff\u00e9rences fiscales<\/h2>\n\n\n\n<p><strong>En Belgique, il est souvent plus avantageux fiscalement d\u2019acheter un v\u00e9hicule utilitaire l\u00e9ger en guise de voiture de soci\u00e9t\u00e9 qu\u2019un v\u00e9hicule particulier.<\/strong><\/p>\n\n\n\n<p>Voici les diff\u00e9rences principales entre les v\u00e9hicules particuliers et les v\u00e9hicules utilitaires l\u00e9gers&nbsp;:<\/p>\n\n\n\n<figure class=\"wp-block-table\"><table class=\"has-fixed-layout\"><tbody><tr><td><\/td><td><strong>V\u00e9hicules utilitaires l\u00e9gers<\/strong><\/td><td><strong>V\u00e9hicules particuliers<\/strong><\/td><\/tr><tr><td><strong>D\u00e9ductibilit\u00e9 des frais<\/strong><\/td><td>100&nbsp;% d\u00e9ductible en cas d\u2019usage totalement professionnel<\/td><td>0 \u00e0 100&nbsp;% en fonction des \u00e9missions de CO<sup>2<\/sup><\/td><\/tr><tr><td><strong>TVA<\/strong><\/td><td>jusqu\u2019\u00e0 100&nbsp;% en cas d\u2019usage totalement professionnel<\/td><td>max. 50&nbsp;% (\u00e9galement en cas d\u2019usage totalement professionnel)<\/td><\/tr><tr><td><strong>Avantage de toute nature<\/strong><\/td><td>pas d\u2019ATN en cas d\u2019usage 100&nbsp;% professionnel et calcul simplifi\u00e9 en cas d\u2019usage mixte<\/td><td>toujours d\u2019application et calcul\u00e9 en fonction de la valeur catalogue, des \u00e9missions de CO<sup>2<\/sup> et de l\u2019anciennet\u00e9<\/td><\/tr><tr><td><strong>Taxe de circulation&nbsp;<\/strong><\/td><td>plus faible<\/td><td>imp\u00f4ts plus \u00e9lev\u00e9s en fonction de la puissance du moteur et des \u00e9missions<\/td><\/tr><tr><td><strong>TMC (Taxe de mise en circulation)<\/strong><\/td><td>pas de <a href=\"https:\/\/www.fraispro.be\/taxes-de-circulation-et-de-mise-en-circulation\">TMC<\/a><\/td><td>plus \u00e9lev\u00e9e en fonction de la puissance et des \u00e9missions<\/td><\/tr><\/tbody><\/table><\/figure>\n\n\n    <!-- wp:acf\/blog-annotation -->\n    <div class=\"wp-block-acf-blog-annotation flex items-start gap-4 bg-light-purple py-6 px-4 rounded-lg mb-3 mt-3\">\n                    <img decoding=\"async\" class=\"flex-shrink-0\" src=\"https:\/\/www.accountable.eu\/wp-content\/themes\/accountable\/assets\/rebranding-images\/icons\/blog\/widgets\/bulb.svg\" alt=\"bulb\">\n        \n        <div class=\"blog-annotation__text\">\n            <p class=\"font-inter text-lg text-purple m-0\"><a class=\"text-purple underline\" class=\"text-blue-600 hover:underline\" class=\"text-blue-600 hover:underline\" href=\"https:\/\/www.accountable.eu\/fr-be\/blog\/voiture-de-societe-independant\/\"><strong class=\"font-bold\">D\u00e9couvrez comment calculer la d\u00e9ductibilit\u00e9 fiscale des v\u00e9hicules particuliers.<\/strong><\/a><\/p>\n        <\/div>\n    <\/div>\n    <!-- \/wp:acf\/blog-annotation -->\n\n\n\n<h2 class=\"wp-block-heading\">Avantages fiscaux des v\u00e9hicules utilitaires l\u00e9gers en 2026<\/h2>\n\n\n\n<p>En 2026, il reste int\u00e9ressant d\u2019avoir une camionnette en tant que voiture de soci\u00e9t\u00e9.<\/p>\n\n\n\n<ul class=\"wp-block-list\">\n<li><strong>Frais et TVA 100&nbsp;% d\u00e9ductibles<\/strong><strong><br><\/strong>Carburant, entretien, assurance, leasing, amortissement, p\u00e9ages, frais de stationnement\u2026 Tous les frais sont 100&nbsp;% d\u00e9ductibles si vous utilisez uniquement votre camionnette ou votre pick-up pour le travail. Pratique pour votre comptabilit\u00e9&nbsp;!<\/li>\n\n\n\n<li><strong>Pas de lien avec les \u00e9missions de CO<\/strong><strong><sub>2<\/sub><\/strong><strong><br><\/strong>Si les v\u00e9hicules particuliers plus polluants sont moins d\u00e9ductibles, ce n\u2019est pas le cas pour les v\u00e9hicules utilitaires l\u00e9gers. Un grand avantage, car cela r\u00e9duit vos co\u00fbts et vos imp\u00f4ts (notamment la taxe de circulation). Les VUL sont donc plus faciles \u00e0 traiter et entra\u00eenent moins de surprises (fiscales).<\/li>\n\n\n\n<li><strong>ATN plus simple en cas d\u2019usage mixte<\/strong><strong><br><\/strong>L\u2019avantage de toute nature (ATN) fait l\u2019objet d\u2019un calcul simplifi\u00e9 bas\u00e9 sur les kilom\u00e8tres parcourus et les frais totaux. Si votre v\u00e9hicule utilitaire l\u00e9ger a un usage partiellement priv\u00e9, l\u2019avantage fiscal reste nettement sup\u00e9rieur \u00e0 celui d\u2019un v\u00e9hicule particulier.<\/li>\n<\/ul>\n\n\n\n<h2 class=\"wp-block-heading\">Et si vous achetiez un camion l\u00e9ger d\u2019occasion ?<\/h2>\n\n\n\n<p>Bonne nouvelle : m\u00eame pour un camion l\u00e9ger d\u2019occasion, <strong>la d\u00e9ductibilit\u00e9 fiscale maximale de 100\u202f% s\u2019applique<\/strong>.<\/p>\n\n\n\n<p>L\u2019amortissement se calcule sur le prix d\u2019achat du v\u00e9hicule d\u2019occasion, et non sur le prix neuf d\u2019origine. La dur\u00e9e d\u2019amortissement (5 ans pour un v\u00e9hicule neuf) d\u00e9pend de la dur\u00e9e de vie \u00e9conomique restante.<\/p>\n\n\n\n<p><strong>Exemple :<br><\/strong>Vous achetez un camion l\u00e9ger d\u2019occasion \u00e2g\u00e9 de 3 ans pour 15\u202f000\u202f\u20ac. Vous l\u2019utilisez 100\u202f% pour votre entreprise et la dur\u00e9e de vie restante pr\u00e9vue est de 2 ans. Vous amortissez le camion de mani\u00e8re lin\u00e9aire sur 2 ans, soit 7\u202f500\u202f\u20ac par an.<\/p>\n\n\n\n<h2 class=\"wp-block-heading\">D\u00e9montrer l&rsquo;usage professionnel<\/h2>\n\n\n\n<p>Pour un v\u00e9hicule utilitaire l\u00e9ger, il est <strong>crucial de pouvoir d\u00e9montrer l&rsquo;usage professionnel<\/strong>.<\/p>\n\n\n\n<p>Contrairement aux camionnettes lourdes (au-dessus de 3.500 kg), pour lesquelles le fisc pr\u00e9sume automatiquement un usage professionnel, <strong>la charge de la preuve incombe enti\u00e8rement \u00e0 l&rsquo;utilisateur pour les v\u00e9hicules utilitaires l\u00e9gers<\/strong>.<\/p>\n\n\n\n<p>Cela signifie que tu dois tenir une administration claire :<\/p>\n\n\n\n<ul class=\"wp-block-list\">\n<li><strong>Registre des trajets<\/strong> : tiens un registre kilom\u00e9trique dans lequel tu notes les d\u00e9placements professionnels (date, destination, objectif, nombre de kilom\u00e8tres)<\/li>\n\n\n\n<li><strong>Documents justificatifs<\/strong> : rassemble les factures, bons de travail et autres documents qui soutiennent l&rsquo;usage professionnel<\/li>\n\n\n\n<li><strong>Lien logique<\/strong> : veille \u00e0 ce que le transport corresponde \u00e0 ton activit\u00e9 professionnelle (un consultant IT aura plus de difficult\u00e9s \u00e0 justifier une camionnette qu&rsquo;un plombier)<\/li>\n<\/ul>\n\n\n\n<p>Si vous utilisez \u00e9galement le v\u00e9hicule utilitaire l\u00e9ger \u00e0 titre priv\u00e9, vous devez calculer correctement ce pourcentage et exclure les frais non d\u00e9ductibles. <strong>Le fisc contr\u00f4le cela de mani\u00e8re stricte, donc une bonne pr\u00e9paration vous \u00e9vite des discussions d\u00e9sagr\u00e9ables par la suite.<\/strong><\/p>\n\n\n\n<h2 class=\"wp-block-heading\">Un v\u00e9hicule utilitaire l\u00e9ger est-il adapt\u00e9 \u00e0 votre entreprise&nbsp;?<\/h2>\n\n\n\n<p>Un v\u00e9hicule utilitaire l\u00e9ger peut \u00eatre int\u00e9ressant si vous \u00eates ind\u00e9pendant en personne physique ou si vous avez une petite entreprise. Les avantages fiscaux parlent d\u2019eux-m\u00eames.<\/p>\n\n\n\n<p>Vous devez transporter de nombreuses marchandises dans le cadre de livraisons, de visites de chantiers ou autre&nbsp;? Le v\u00e9hicule utilitaire l\u00e9ger sera aussi pratique que fiscalement avantageux.&nbsp;<\/p>\n\n\n    <!-- wp:acf\/blog-annotation -->\n    <div class=\"wp-block-acf-blog-annotation flex items-start gap-4 bg-light-purple py-6 px-4 rounded-lg mb-3 mt-3\">\n                    <img decoding=\"async\" class=\"flex-shrink-0\" src=\"https:\/\/www.accountable.eu\/wp-content\/themes\/accountable\/assets\/rebranding-images\/icons\/blog\/widgets\/exclamation.svg\" alt=\"exclamation\">\n        \n        <div class=\"blog-annotation__text\">\n            <p class=\"font-inter text-lg text-purple m-0\"><strong class=\"font-bold\">Le fisc contr\u00f4le \u00e9troitement les abus.<\/strong> Veillez bien \u00e0 enregistrer votre v\u00e9hicule aupr\u00e8s de la DIV et \u00e0 pouvoir justifier la part priv\u00e9e et la part professionnelle en cas d\u2019usage mixte.<\/p>\n        <\/div>\n    <\/div>\n    <!-- \/wp:acf\/blog-annotation -->\n\n\n\n<h2 class=\"wp-block-heading\">Enregistrer un v\u00e9hicule utilitaire l\u00e9ger comme voiture de soci\u00e9t\u00e9 dans Accountable<\/h2>\n\n\n\n<p>Dans Accountable, vous pouvez ajouter vos v\u00e9hicules et tous les frais qui y sont associ\u00e9s. Nous calculons ainsi la d\u00e9ductibilit\u00e9, la TVA et l\u2019impact sur vos imp\u00f4ts.<\/p>\n\n\n\n<p><strong><a href=\"https:\/\/web.accountable.eu\/signup\">Essayez Accountable gratuitement d\u00e8s maintenant !<\/a><\/strong><\/p>\n\n\n\n<p><\/p>\n","protected":false},"excerpt":{"rendered":"<p>Au rayon des v\u00e9hicules de soci\u00e9t\u00e9, remplacer une voiture particuli\u00e8re par un v\u00e9hicule utilitaire l\u00e9ger pr\u00e9sente de nombreux avantages fiscaux&nbsp;: d\u00e9ductibilit\u00e9 \u00e0 100&nbsp;%, taxe de circulation plus faible et d\u00e9duction de la TVA plus \u00e9lev\u00e9e. D\u00e9couvrez tous les avantages des v\u00e9hicules utilitaires l\u00e9gers et ce qui les diff\u00e9rencie des voitures particuli\u00e8res. Qu\u2019est-ce qu\u2019un v\u00e9hicule utilitaire [&hellip;]<\/p>\n","protected":false},"author":24,"featured_media":0,"comment_status":"closed","ping_status":"closed","sticky":false,"template":"","format":"standard","meta":{"inline_featured_image":false,"footnotes":""},"categories":[287],"tags":[300,307],"class_list":["post-18252","post","type-post","status-publish","format-standard","hentry","category-deduire-vos-frais-professionnels","tag-comptabilite","tag-frais-professionnels"],"acf":[],"yoast_head":"<!-- This site is optimized with the Yoast SEO plugin v27.4 - https:\/\/yoast.com\/product\/yoast-seo-wordpress\/ -->\n<title>La d\u00e9ductibilit\u00e9 fiscale des v\u00e9hicules utilitaires l\u00e9gers\u00a0en 2026 - Accountable<\/title>\n<meta name=\"description\" content=\"Voici les avantages fiscaux d\u2019un utilitaire l\u00e9ger en tant que voiture de soci\u00e9t\u00e9. D\u00e9couvrez la diff\u00e9rence avec une voiture particuli\u00e8re.\" \/>\n<meta name=\"robots\" content=\"index, follow, max-snippet:-1, max-image-preview:large, max-video-preview:-1\" \/>\n<link rel=\"canonical\" href=\"https:\/\/www.accountable.eu\/fr-be\/blog\/vehicule-utilitaire\/\" \/>\n<meta property=\"og:locale\" content=\"fr_FR\" \/>\n<meta property=\"og:type\" content=\"article\" \/>\n<meta property=\"og:title\" content=\"La d\u00e9ductibilit\u00e9 fiscale des v\u00e9hicules utilitaires l\u00e9gers\u00a0en 2026 - Accountable\" \/>\n<meta property=\"og:description\" content=\"Voici les avantages fiscaux d\u2019un utilitaire l\u00e9ger en tant que voiture de soci\u00e9t\u00e9. D\u00e9couvrez la diff\u00e9rence avec une voiture particuli\u00e8re.\" \/>\n<meta property=\"og:url\" content=\"https:\/\/www.accountable.eu\/fr-be\/blog\/vehicule-utilitaire\/\" \/>\n<meta property=\"og:site_name\" content=\"Accountable\" \/>\n<meta property=\"article:published_time\" content=\"2025-04-15T09:38:28+00:00\" \/>\n<meta property=\"article:modified_time\" content=\"2026-03-27T09:55:15+00:00\" \/>\n<meta name=\"author\" content=\"Valesca\" \/>\n<meta name=\"twitter:card\" content=\"summary_large_image\" \/>\n<meta name=\"twitter:label1\" content=\"\u00c9crit par\" \/>\n\t<meta name=\"twitter:data1\" content=\"Valesca\" \/>\n\t<meta name=\"twitter:label2\" content=\"Dur\u00e9e de lecture est.\" \/>\n\t<meta name=\"twitter:data2\" content=\"4 minutes\" \/>\n<script type=\"application\/ld+json\" class=\"yoast-schema-graph\">{\"@context\":\"https:\\\/\\\/schema.org\",\"@graph\":[{\"@type\":\"Article\",\"@id\":\"https:\\\/\\\/www.accountable.eu\\\/fr-be\\\/blog\\\/vehicule-utilitaire\\\/#article\",\"isPartOf\":{\"@id\":\"https:\\\/\\\/www.accountable.eu\\\/fr-be\\\/blog\\\/vehicule-utilitaire\\\/\"},\"author\":{\"name\":\"Valesca\",\"@id\":\"https:\\\/\\\/www.accountable.eu\\\/fr-be\\\/#\\\/schema\\\/person\\\/e9b420257ec5e7ac236d337e8c3aa7ad\"},\"headline\":\"La d\u00e9ductibilit\u00e9 fiscale des v\u00e9hicules utilitaires l\u00e9gers\u00a0en 2026\",\"datePublished\":\"2025-04-15T09:38:28+00:00\",\"dateModified\":\"2026-03-27T09:55:15+00:00\",\"mainEntityOfPage\":{\"@id\":\"https:\\\/\\\/www.accountable.eu\\\/fr-be\\\/blog\\\/vehicule-utilitaire\\\/\"},\"wordCount\":968,\"publisher\":{\"@id\":\"https:\\\/\\\/www.accountable.eu\\\/fr-be\\\/#organization\"},\"keywords\":[\"Comptabilit\u00e9\",\"Frais pro\"],\"articleSection\":[\"Frais professionnels\"],\"inLanguage\":\"fr-BE\"},{\"@type\":\"WebPage\",\"@id\":\"https:\\\/\\\/www.accountable.eu\\\/fr-be\\\/blog\\\/vehicule-utilitaire\\\/\",\"url\":\"https:\\\/\\\/www.accountable.eu\\\/fr-be\\\/blog\\\/vehicule-utilitaire\\\/\",\"name\":\"La d\u00e9ductibilit\u00e9 fiscale des v\u00e9hicules utilitaires l\u00e9gers\u00a0en 2026 - Accountable\",\"isPartOf\":{\"@id\":\"https:\\\/\\\/www.accountable.eu\\\/fr-be\\\/#website\"},\"datePublished\":\"2025-04-15T09:38:28+00:00\",\"dateModified\":\"2026-03-27T09:55:15+00:00\",\"description\":\"Voici les avantages fiscaux d\u2019un utilitaire l\u00e9ger en tant que voiture de soci\u00e9t\u00e9. D\u00e9couvrez la diff\u00e9rence avec une voiture particuli\u00e8re.\",\"breadcrumb\":{\"@id\":\"https:\\\/\\\/www.accountable.eu\\\/fr-be\\\/blog\\\/vehicule-utilitaire\\\/#breadcrumb\"},\"inLanguage\":\"fr-BE\",\"potentialAction\":[{\"@type\":\"ReadAction\",\"target\":[\"https:\\\/\\\/www.accountable.eu\\\/fr-be\\\/blog\\\/vehicule-utilitaire\\\/\"]}]},{\"@type\":\"BreadcrumbList\",\"@id\":\"https:\\\/\\\/www.accountable.eu\\\/fr-be\\\/blog\\\/vehicule-utilitaire\\\/#breadcrumb\",\"itemListElement\":[{\"@type\":\"ListItem\",\"position\":1,\"name\":\"Home\",\"item\":\"https:\\\/\\\/www.accountable.eu\\\/fr-be\\\/\"},{\"@type\":\"ListItem\",\"position\":2,\"name\":\"La d\u00e9ductibilit\u00e9 fiscale des v\u00e9hicules utilitaires l\u00e9gers\u00a0en 2026\"}]},{\"@type\":\"WebSite\",\"@id\":\"https:\\\/\\\/www.accountable.eu\\\/fr-be\\\/#website\",\"url\":\"https:\\\/\\\/www.accountable.eu\\\/fr-be\\\/\",\"name\":\"Accountable\",\"description\":\"Your accountant and tax advisor on your smartphone\",\"publisher\":{\"@id\":\"https:\\\/\\\/www.accountable.eu\\\/fr-be\\\/#organization\"},\"potentialAction\":[{\"@type\":\"SearchAction\",\"target\":{\"@type\":\"EntryPoint\",\"urlTemplate\":\"https:\\\/\\\/www.accountable.eu\\\/fr-be\\\/?s={search_term_string}\"},\"query-input\":{\"@type\":\"PropertyValueSpecification\",\"valueRequired\":true,\"valueName\":\"search_term_string\"}}],\"inLanguage\":\"fr-BE\"},{\"@type\":\"Organization\",\"@id\":\"https:\\\/\\\/www.accountable.eu\\\/fr-be\\\/#organization\",\"name\":\"Accountable\",\"url\":\"https:\\\/\\\/www.accountable.eu\\\/fr-be\\\/\",\"logo\":{\"@type\":\"ImageObject\",\"inLanguage\":\"fr-BE\",\"@id\":\"https:\\\/\\\/www.accountable.eu\\\/fr-be\\\/#\\\/schema\\\/logo\\\/image\\\/\",\"url\":\"https:\\\/\\\/www.accountable.eu\\\/wp-content\\\/uploads\\\/2026\\\/04\\\/logo-512.png\",\"contentUrl\":\"https:\\\/\\\/www.accountable.eu\\\/wp-content\\\/uploads\\\/2026\\\/04\\\/logo-512.png\",\"width\":512,\"height\":512,\"caption\":\"Accountable\"},\"image\":{\"@id\":\"https:\\\/\\\/www.accountable.eu\\\/fr-be\\\/#\\\/schema\\\/logo\\\/image\\\/\"}},{\"@type\":\"Person\",\"@id\":\"https:\\\/\\\/www.accountable.eu\\\/fr-be\\\/#\\\/schema\\\/person\\\/e9b420257ec5e7ac236d337e8c3aa7ad\",\"name\":\"Valesca\",\"image\":{\"@type\":\"ImageObject\",\"inLanguage\":\"fr-BE\",\"@id\":\"https:\\\/\\\/secure.gravatar.com\\\/avatar\\\/842a00073a87c3c1af38f724115771bae6278a353edd8ee1e85161e791790047?s=96&d=mm&r=g\",\"url\":\"https:\\\/\\\/secure.gravatar.com\\\/avatar\\\/842a00073a87c3c1af38f724115771bae6278a353edd8ee1e85161e791790047?s=96&d=mm&r=g\",\"contentUrl\":\"https:\\\/\\\/secure.gravatar.com\\\/avatar\\\/842a00073a87c3c1af38f724115771bae6278a353edd8ee1e85161e791790047?s=96&d=mm&r=g\",\"caption\":\"Valesca\"}}]}<\/script>\n<!-- \/ Yoast SEO plugin. -->","yoast_head_json":{"title":"La d\u00e9ductibilit\u00e9 fiscale des v\u00e9hicules utilitaires l\u00e9gers\u00a0en 2026 - Accountable","description":"Voici les avantages fiscaux d\u2019un utilitaire l\u00e9ger en tant que voiture de soci\u00e9t\u00e9. D\u00e9couvrez la diff\u00e9rence avec une voiture particuli\u00e8re.","robots":{"index":"index","follow":"follow","max-snippet":"max-snippet:-1","max-image-preview":"max-image-preview:large","max-video-preview":"max-video-preview:-1"},"canonical":"https:\/\/www.accountable.eu\/fr-be\/blog\/vehicule-utilitaire\/","og_locale":"fr_FR","og_type":"article","og_title":"La d\u00e9ductibilit\u00e9 fiscale des v\u00e9hicules utilitaires l\u00e9gers\u00a0en 2026 - Accountable","og_description":"Voici les avantages fiscaux d\u2019un utilitaire l\u00e9ger en tant que voiture de soci\u00e9t\u00e9. D\u00e9couvrez la diff\u00e9rence avec une voiture particuli\u00e8re.","og_url":"https:\/\/www.accountable.eu\/fr-be\/blog\/vehicule-utilitaire\/","og_site_name":"Accountable","article_published_time":"2025-04-15T09:38:28+00:00","article_modified_time":"2026-03-27T09:55:15+00:00","author":"Valesca","twitter_card":"summary_large_image","twitter_misc":{"\u00c9crit par":"Valesca","Dur\u00e9e de lecture est.":"4 minutes"},"schema":{"@context":"https:\/\/schema.org","@graph":[{"@type":"Article","@id":"https:\/\/www.accountable.eu\/fr-be\/blog\/vehicule-utilitaire\/#article","isPartOf":{"@id":"https:\/\/www.accountable.eu\/fr-be\/blog\/vehicule-utilitaire\/"},"author":{"name":"Valesca","@id":"https:\/\/www.accountable.eu\/fr-be\/#\/schema\/person\/e9b420257ec5e7ac236d337e8c3aa7ad"},"headline":"La d\u00e9ductibilit\u00e9 fiscale des v\u00e9hicules utilitaires l\u00e9gers\u00a0en 2026","datePublished":"2025-04-15T09:38:28+00:00","dateModified":"2026-03-27T09:55:15+00:00","mainEntityOfPage":{"@id":"https:\/\/www.accountable.eu\/fr-be\/blog\/vehicule-utilitaire\/"},"wordCount":968,"publisher":{"@id":"https:\/\/www.accountable.eu\/fr-be\/#organization"},"keywords":["Comptabilit\u00e9","Frais pro"],"articleSection":["Frais professionnels"],"inLanguage":"fr-BE"},{"@type":"WebPage","@id":"https:\/\/www.accountable.eu\/fr-be\/blog\/vehicule-utilitaire\/","url":"https:\/\/www.accountable.eu\/fr-be\/blog\/vehicule-utilitaire\/","name":"La d\u00e9ductibilit\u00e9 fiscale des v\u00e9hicules utilitaires l\u00e9gers\u00a0en 2026 - Accountable","isPartOf":{"@id":"https:\/\/www.accountable.eu\/fr-be\/#website"},"datePublished":"2025-04-15T09:38:28+00:00","dateModified":"2026-03-27T09:55:15+00:00","description":"Voici les avantages fiscaux d\u2019un utilitaire l\u00e9ger en tant que voiture de soci\u00e9t\u00e9. D\u00e9couvrez la diff\u00e9rence avec une voiture particuli\u00e8re.","breadcrumb":{"@id":"https:\/\/www.accountable.eu\/fr-be\/blog\/vehicule-utilitaire\/#breadcrumb"},"inLanguage":"fr-BE","potentialAction":[{"@type":"ReadAction","target":["https:\/\/www.accountable.eu\/fr-be\/blog\/vehicule-utilitaire\/"]}]},{"@type":"BreadcrumbList","@id":"https:\/\/www.accountable.eu\/fr-be\/blog\/vehicule-utilitaire\/#breadcrumb","itemListElement":[{"@type":"ListItem","position":1,"name":"Home","item":"https:\/\/www.accountable.eu\/fr-be\/"},{"@type":"ListItem","position":2,"name":"La d\u00e9ductibilit\u00e9 fiscale des v\u00e9hicules utilitaires l\u00e9gers\u00a0en 2026"}]},{"@type":"WebSite","@id":"https:\/\/www.accountable.eu\/fr-be\/#website","url":"https:\/\/www.accountable.eu\/fr-be\/","name":"Accountable","description":"Your accountant and tax advisor on your smartphone","publisher":{"@id":"https:\/\/www.accountable.eu\/fr-be\/#organization"},"potentialAction":[{"@type":"SearchAction","target":{"@type":"EntryPoint","urlTemplate":"https:\/\/www.accountable.eu\/fr-be\/?s={search_term_string}"},"query-input":{"@type":"PropertyValueSpecification","valueRequired":true,"valueName":"search_term_string"}}],"inLanguage":"fr-BE"},{"@type":"Organization","@id":"https:\/\/www.accountable.eu\/fr-be\/#organization","name":"Accountable","url":"https:\/\/www.accountable.eu\/fr-be\/","logo":{"@type":"ImageObject","inLanguage":"fr-BE","@id":"https:\/\/www.accountable.eu\/fr-be\/#\/schema\/logo\/image\/","url":"https:\/\/www.accountable.eu\/wp-content\/uploads\/2026\/04\/logo-512.png","contentUrl":"https:\/\/www.accountable.eu\/wp-content\/uploads\/2026\/04\/logo-512.png","width":512,"height":512,"caption":"Accountable"},"image":{"@id":"https:\/\/www.accountable.eu\/fr-be\/#\/schema\/logo\/image\/"}},{"@type":"Person","@id":"https:\/\/www.accountable.eu\/fr-be\/#\/schema\/person\/e9b420257ec5e7ac236d337e8c3aa7ad","name":"Valesca","image":{"@type":"ImageObject","inLanguage":"fr-BE","@id":"https:\/\/secure.gravatar.com\/avatar\/842a00073a87c3c1af38f724115771bae6278a353edd8ee1e85161e791790047?s=96&d=mm&r=g","url":"https:\/\/secure.gravatar.com\/avatar\/842a00073a87c3c1af38f724115771bae6278a353edd8ee1e85161e791790047?s=96&d=mm&r=g","contentUrl":"https:\/\/secure.gravatar.com\/avatar\/842a00073a87c3c1af38f724115771bae6278a353edd8ee1e85161e791790047?s=96&d=mm&r=g","caption":"Valesca"}}]}},"_links":{"self":[{"href":"https:\/\/www.accountable.eu\/fr-be\/wp-json\/wp\/v2\/posts\/18252","targetHints":{"allow":["GET"]}}],"collection":[{"href":"https:\/\/www.accountable.eu\/fr-be\/wp-json\/wp\/v2\/posts"}],"about":[{"href":"https:\/\/www.accountable.eu\/fr-be\/wp-json\/wp\/v2\/types\/post"}],"author":[{"embeddable":true,"href":"https:\/\/www.accountable.eu\/fr-be\/wp-json\/wp\/v2\/users\/24"}],"replies":[{"embeddable":true,"href":"https:\/\/www.accountable.eu\/fr-be\/wp-json\/wp\/v2\/comments?post=18252"}],"version-history":[{"count":5,"href":"https:\/\/www.accountable.eu\/fr-be\/wp-json\/wp\/v2\/posts\/18252\/revisions"}],"predecessor-version":[{"id":22461,"href":"https:\/\/www.accountable.eu\/fr-be\/wp-json\/wp\/v2\/posts\/18252\/revisions\/22461"}],"wp:attachment":[{"href":"https:\/\/www.accountable.eu\/fr-be\/wp-json\/wp\/v2\/media?parent=18252"}],"wp:term":[{"taxonomy":"category","embeddable":true,"href":"https:\/\/www.accountable.eu\/fr-be\/wp-json\/wp\/v2\/categories?post=18252"},{"taxonomy":"post_tag","embeddable":true,"href":"https:\/\/www.accountable.eu\/fr-be\/wp-json\/wp\/v2\/tags?post=18252"}],"curies":[{"name":"wp","href":"https:\/\/api.w.org\/{rel}","templated":true}]}}