{"id":18793,"date":"2025-05-26T11:48:17","date_gmt":"2025-05-26T09:48:17","guid":{"rendered":"https:\/\/www.accountable.eu\/?p=18793"},"modified":"2025-09-30T19:41:37","modified_gmt":"2025-09-30T17:41:37","slug":"facturation-electronique-independants-complementaires","status":"publish","type":"post","link":"https:\/\/www.accountable.eu\/fr-be\/blog\/facturation-electronique-independants-complementaires\/","title":{"rendered":"Facturation \u00e9lectronique\u00a0: obligatoire pour les ind\u00e9pendants compl\u00e9mentaires et les petites entreprises ?"},"content":{"rendered":"\n<p><strong>Vous l&rsquo;avez probablement d\u00e9j\u00e0 entendu : l&rsquo;envoi de factures \u00e9lectroniques via Peppol sera obligatoire d\u00e8s 2026 pour tous les ind\u00e9pendants assujettis \u00e0 la TVA qui envoient des factures \u00e0 d&rsquo;autres entreprises.<\/strong><\/p>\n\n\n\n<p><strong>Et oui, \u00e7a veut dire que cette obligation s&rsquo;applique \u00e9galement \u00e0 vous, si vous \u00eates ind\u00e9pendant compl\u00e9mentaire ou sous le r\u00e9gime des petites entreprises exon\u00e9r\u00e9es de TVA.<\/strong><\/p>\n\n\n\n<h2 class=\"wp-block-heading\"><strong>Facturation \u00e9lectronique : qui, quoi, o\u00f9, quand ?<\/strong><\/h2>\n\n\n\n<p>Les factures \u00e9lectroniques sont des factures envoy\u00e9es dans un format sp\u00e9cifique, entre deux entreprises (B2B), via un r\u00e9seau s\u00e9curis\u00e9 (Peppol). Pour envoyer et recevoir des factures \u00e9lectroniques, vous devez vous enregistrer sur le r\u00e9seau Peppol. Heureusement, la proc\u00e9dure est facile avec Accountable.<\/p>\n\n\n\n<p>Cette obligation s&rsquo;applique d\u00e8s le 1er janvier 2026 \u00e0 <strong>tous les ind\u00e9pendants assujettis \u00e0 la TVA <\/strong>:<\/p>\n\n\n\n<ul class=\"wp-block-list\">\n<li><strong>personnes physiques (entreprises individuelles)<\/strong><\/li>\n\n\n\n<li><strong>soci\u00e9t\u00e9s<\/strong><\/li>\n\n\n\n<li><strong>ind\u00e9pendants compl\u00e9mentaires<\/strong><\/li>\n\n\n\n<li><strong>petites entreprises exon\u00e9r\u00e9es de TVA (chiffre d&rsquo;affaires annuel &lt; 25.000 \u20ac)<\/strong><\/li>\n\n\n\n<li><strong>\u00e9tudiant ind\u00e9pendant<\/strong><\/li>\n<\/ul>\n\n\n\n<p><em>Un exemple :<\/em><\/p>\n\n\n\n<p>\u2705 Beno\u00eet est consultant en informatique \u00e0 titre compl\u00e9mentaire et ses clients sont principalement de grandes entreprises (B2B). Son chiffre d&rsquo;affaires annuel (ce qu&rsquo;il gagne gr\u00e2ce \u00e0 son activit\u00e9 compl\u00e9mentaire) est de 15.000 \u20ac et d\u00e8s lors, il b\u00e9n\u00e9ficie de la franchise TVA pour les petites entreprises. <strong>Malgr\u00e9 cette franchise de la TVA, Beno\u00eet reste assujetti \u00e0 la TVA et comme il facture \u00e0 d&rsquo;autres entreprises, il devra envoyer des factures \u00e9lectroniques \u00e0 partir de 2026.<\/strong><\/p>\n\n\n\n<p>\u2705 Anya est esth\u00e9ticienne et n&rsquo;a que des clients particuliers (B2C). Elle ne fait pas de factures pour les soins qu\u2019elle r\u00e9alise. <strong>Pourtant, Anya doit respecter les r\u00e8gles de la e-facturation afin de pouvoir recevoir les factures de ses fournisseurs (B2B).<\/strong><\/p>\n\n\n\n<h2 class=\"wp-block-heading\"><strong>Facturation \u00e9lectronique et exon\u00e9ration de la TVA<\/strong><\/h2>\n\n\n\n<p>Vous avez opt\u00e9 pour la franchise de la TVA pour les petites entreprises (parce que vous gagnez moins de 25.000 \u20ac par an) ? Dans ce cas, vous \u00eates en principe assujetti \u00e0 la TVA. L&rsquo;obligation de facturation \u00e9lectronique s&rsquo;applique donc aussi aux petites entreprises.<\/p>\n\n\n    <!-- wp:acf\/blog-annotation -->\n    <div class=\"wp-block-acf-blog-annotation flex items-start gap-4 bg-light-purple py-6 px-4 rounded-lg mb-3 mt-3\">\n                    <img decoding=\"async\" class=\"flex-shrink-0\" src=\"https:\/\/www.accountable.eu\/wp-content\/themes\/accountable\/assets\/rebranding-images\/icons\/blog\/widgets\/exclamation.svg\" alt=\"exclamation\">\n        \n        <div class=\"blog-annotation__text\">\n            <p class=\"font-inter text-lg text-purple m-0\">Une <strong class=\"font-bold\">petite entreprise exon\u00e9r\u00e9e de la TVA parce que son chiffre d&rsquo;affaires annuel est inf\u00e9rieur \u00e0 25.000 \u20ac <\/strong>reste soumise \u00e0 la TVA. Ne confondez pas ce statut avec celui des professions <strong class=\"font-bold\">non-assujetties la TVA en raison de la nature de la profession <\/strong>(<a class=\"text-purple underline\" class=\"text-blue-600 hover:underline\" class=\"text-blue-600 hover:underline\" href=\"https:\/\/www.minfin.fgov.be\/myminfin-web\/pages\/public\/fisconet\/document\/764d1c99-fe14-4835-a22d-53ae3f22c31c\">article 44 <\/a>: dentistes, psychologues, m\u00e9decins g\u00e9n\u00e9ralistes, etc.)<\/p>\n        <\/div>\n    <\/div>\n    <!-- \/wp:acf\/blog-annotation -->\n\n\n\n<h2 class=\"wp-block-heading\"><strong>La facturation \u00e9lectronique pour les ind\u00e9pendants compl\u00e9mentaires<\/strong><\/h2>\n\n\n\n<p>Les ind\u00e9pendants compl\u00e9mentaires sont soumis \u00e0 la m\u00eame obligation que les ind\u00e9pendants \u00e0 titre principal ou les soci\u00e9t\u00e9s en mati\u00e8re de facturation \u00e9lectronique.<\/p>\n\n\n\n<p><strong>\u00c0 partir de 2026, toutes les entreprises assujetties \u00e0 la TVA en Belgique (m\u00eame si elles ont opt\u00e9 pour l&rsquo;exon\u00e9ration de la TVA ou si elles exercent une activit\u00e9 compl\u00e9mentaire) seront oblig\u00e9es d&rsquo;envoyer des factures \u00e9lectroniques pour les transactions vers d\u2019autres entreprises.<\/strong><\/p>\n\n\n\n<p><em>Vous facturez des entreprises non belges ? Dans ce cas, vous ne devez pas (encore) envoyer de factures \u00e9lectroniques. <\/em><a href=\"https:\/\/www.accountable.eu\/fr-be\/blog\/e-facturation-ue\/\"><em>Pour en savoir plus, cliquez ici.<\/em><\/a><\/p>\n\n\n\n<h2 class=\"wp-block-heading\"><strong>En r\u00e9sum\u00e9<\/strong><\/h2>\n\n\n\n<p>\u00c0 partir de 2026, les nouvelles r\u00e8gles de facturation \u00e9lectronique s&rsquo;appliquent :<\/p>\n\n\n\n<ul class=\"wp-block-list\">\n<li>Tous les ind\u00e9pendants belges assujettis \u00e0 la TVA (y compris les petites entreprises exon\u00e9r\u00e9es de la TVA) qui facturent \u00e0 d&rsquo;autres entreprises belges sont concern\u00e9s.<\/li>\n\n\n\n<li>Cette r\u00e8gle s&rsquo;applique \u00e0 tous les ind\u00e9pendants assujettis&nbsp;: ind\u00e9pendants personnes physiques, \u00e9tudiants ind\u00e9pendants, ind\u00e9pendants compl\u00e9mentaires, soci\u00e9t\u00e9s etc.<\/li>\n\n\n\n<li>M\u00eame si vous travaillez uniquement avec des clients priv\u00e9s (B2C) et que vous n\u2019\u00e9mettez pas de factures pour eux, vous devez quand m\u00eame \u00eatre conforme \u00e0 Peppol pour recevoir des e-factures de vos fournisseurs.<\/li>\n<\/ul>\n\n\n    <!-- wp:acf\/blog-annotation -->\n    <div class=\"wp-block-acf-blog-annotation flex items-start gap-4 bg-light-purple py-6 px-4 rounded-lg mb-3 mt-3\">\n                    <img decoding=\"async\" class=\"flex-shrink-0\" src=\"https:\/\/www.accountable.eu\/wp-content\/themes\/accountable\/assets\/rebranding-images\/icons\/blog\/widgets\/exclamation.svg\" alt=\"exclamation\">\n        \n        <div class=\"blog-annotation__text\">\n            <p class=\"font-inter text-lg text-purple m-0\">Les professions lib\u00e9rales (dentiste, m\u00e9decin, psychologue, etc.) <strong class=\"font-bold\">ne sont pas soumises \u00e0 la TVA <\/strong>et ne doivent pas envoyer de factures \u00e9lectroniques.<\/p>\n        <\/div>\n    <\/div>\n    <!-- \/wp:acf\/blog-annotation -->\n\n\n\n<p><a href=\"https:\/\/web.accountable.eu\/login\"><strong>Essayez Accountable maintenant<\/strong><\/a><strong>, enregistrez-vous sur le r\u00e9seau Peppol via notre application et envoyez un nombre illimit\u00e9 de factures \u00e9lectroniques, gratuitement (y compris dans notre plan gratuit).<\/strong><\/p>\n","protected":false},"excerpt":{"rendered":"<p>Vous l&rsquo;avez probablement d\u00e9j\u00e0 entendu : l&rsquo;envoi de factures \u00e9lectroniques via Peppol sera obligatoire d\u00e8s 2026 pour tous les ind\u00e9pendants assujettis \u00e0 la TVA qui envoient des factures \u00e0 d&rsquo;autres entreprises. Et oui, \u00e7a veut dire que cette obligation s&rsquo;applique \u00e9galement \u00e0 vous, si vous \u00eates ind\u00e9pendant compl\u00e9mentaire ou sous le r\u00e9gime des petites entreprises [&hellip;]<\/p>\n","protected":false},"author":29,"featured_media":0,"comment_status":"closed","ping_status":"closed","sticky":false,"template":"","format":"standard","meta":{"inline_featured_image":false,"footnotes":""},"categories":[240],"tags":[409],"class_list":["post-18793","post","type-post","status-publish","format-standard","hentry","category-uncategorized-fr-be","tag-peppol-2"],"acf":[],"yoast_head":"<!-- This site is optimized with the Yoast SEO plugin v27.4 - https:\/\/yoast.com\/product\/yoast-seo-wordpress\/ -->\n<title>La facturation \u00e9lectronique pour les ind\u00e9pendants compl\u00e9mentaires - Accountable<\/title>\n<meta name=\"description\" content=\"La facturation \u00e9lectronique est-elle obligatoire pour les ind\u00e9pendants compl\u00e9mentaires et les petites entreprises exon\u00e9r\u00e9es de TVA ? Oui !\" \/>\n<meta name=\"robots\" content=\"index, follow, max-snippet:-1, max-image-preview:large, max-video-preview:-1\" \/>\n<link rel=\"canonical\" href=\"https:\/\/www.accountable.eu\/fr-be\/blog\/facturation-electronique-independants-complementaires\/\" \/>\n<meta property=\"og:locale\" content=\"fr_FR\" \/>\n<meta property=\"og:type\" content=\"article\" \/>\n<meta property=\"og:title\" content=\"La facturation \u00e9lectronique pour les ind\u00e9pendants compl\u00e9mentaires - Accountable\" \/>\n<meta property=\"og:description\" content=\"La facturation \u00e9lectronique est-elle obligatoire pour les ind\u00e9pendants compl\u00e9mentaires et les petites entreprises exon\u00e9r\u00e9es de TVA ? Oui !\" \/>\n<meta property=\"og:url\" content=\"https:\/\/www.accountable.eu\/fr-be\/blog\/facturation-electronique-independants-complementaires\/\" \/>\n<meta property=\"og:site_name\" content=\"Accountable\" \/>\n<meta property=\"article:published_time\" content=\"2025-05-26T09:48:17+00:00\" \/>\n<meta property=\"article:modified_time\" content=\"2025-09-30T17:41:37+00:00\" \/>\n<meta name=\"author\" content=\"julie\" \/>\n<meta name=\"twitter:card\" content=\"summary_large_image\" \/>\n<meta name=\"twitter:label1\" content=\"\u00c9crit par\" \/>\n\t<meta name=\"twitter:data1\" content=\"julie\" \/>\n\t<meta name=\"twitter:label2\" content=\"Dur\u00e9e de lecture est.\" \/>\n\t<meta name=\"twitter:data2\" content=\"3 minutes\" \/>\n<script type=\"application\/ld+json\" class=\"yoast-schema-graph\">{\"@context\":\"https:\\\/\\\/schema.org\",\"@graph\":[{\"@type\":\"Article\",\"@id\":\"https:\\\/\\\/www.accountable.eu\\\/fr-be\\\/blog\\\/facturation-electronique-independants-complementaires\\\/#article\",\"isPartOf\":{\"@id\":\"https:\\\/\\\/www.accountable.eu\\\/fr-be\\\/blog\\\/facturation-electronique-independants-complementaires\\\/\"},\"author\":{\"name\":\"julie\",\"@id\":\"https:\\\/\\\/www.accountable.eu\\\/fr-be\\\/#\\\/schema\\\/person\\\/9c85ec213b340ca3e8c8e152f6723a71\"},\"headline\":\"Facturation \u00e9lectronique\u00a0: obligatoire pour les ind\u00e9pendants compl\u00e9mentaires et les petites entreprises ?\",\"datePublished\":\"2025-05-26T09:48:17+00:00\",\"dateModified\":\"2025-09-30T17:41:37+00:00\",\"mainEntityOfPage\":{\"@id\":\"https:\\\/\\\/www.accountable.eu\\\/fr-be\\\/blog\\\/facturation-electronique-independants-complementaires\\\/\"},\"wordCount\":594,\"publisher\":{\"@id\":\"https:\\\/\\\/www.accountable.eu\\\/fr-be\\\/#organization\"},\"keywords\":[\"Peppol\"],\"articleSection\":[\"Uncategorized @fr-be\"],\"inLanguage\":\"fr-BE\"},{\"@type\":\"WebPage\",\"@id\":\"https:\\\/\\\/www.accountable.eu\\\/fr-be\\\/blog\\\/facturation-electronique-independants-complementaires\\\/\",\"url\":\"https:\\\/\\\/www.accountable.eu\\\/fr-be\\\/blog\\\/facturation-electronique-independants-complementaires\\\/\",\"name\":\"La facturation \u00e9lectronique pour les ind\u00e9pendants compl\u00e9mentaires - Accountable\",\"isPartOf\":{\"@id\":\"https:\\\/\\\/www.accountable.eu\\\/fr-be\\\/#website\"},\"datePublished\":\"2025-05-26T09:48:17+00:00\",\"dateModified\":\"2025-09-30T17:41:37+00:00\",\"description\":\"La facturation \u00e9lectronique est-elle obligatoire pour les ind\u00e9pendants compl\u00e9mentaires et les petites entreprises exon\u00e9r\u00e9es de TVA ? Oui !\",\"breadcrumb\":{\"@id\":\"https:\\\/\\\/www.accountable.eu\\\/fr-be\\\/blog\\\/facturation-electronique-independants-complementaires\\\/#breadcrumb\"},\"inLanguage\":\"fr-BE\",\"potentialAction\":[{\"@type\":\"ReadAction\",\"target\":[\"https:\\\/\\\/www.accountable.eu\\\/fr-be\\\/blog\\\/facturation-electronique-independants-complementaires\\\/\"]}]},{\"@type\":\"BreadcrumbList\",\"@id\":\"https:\\\/\\\/www.accountable.eu\\\/fr-be\\\/blog\\\/facturation-electronique-independants-complementaires\\\/#breadcrumb\",\"itemListElement\":[{\"@type\":\"ListItem\",\"position\":1,\"name\":\"Home\",\"item\":\"https:\\\/\\\/www.accountable.eu\\\/fr-be\\\/\"},{\"@type\":\"ListItem\",\"position\":2,\"name\":\"Facturation \u00e9lectronique\u00a0: obligatoire pour les ind\u00e9pendants compl\u00e9mentaires et les petites entreprises ?\"}]},{\"@type\":\"WebSite\",\"@id\":\"https:\\\/\\\/www.accountable.eu\\\/fr-be\\\/#website\",\"url\":\"https:\\\/\\\/www.accountable.eu\\\/fr-be\\\/\",\"name\":\"Accountable\",\"description\":\"Your accountant and tax advisor on your smartphone\",\"publisher\":{\"@id\":\"https:\\\/\\\/www.accountable.eu\\\/fr-be\\\/#organization\"},\"potentialAction\":[{\"@type\":\"SearchAction\",\"target\":{\"@type\":\"EntryPoint\",\"urlTemplate\":\"https:\\\/\\\/www.accountable.eu\\\/fr-be\\\/?s={search_term_string}\"},\"query-input\":{\"@type\":\"PropertyValueSpecification\",\"valueRequired\":true,\"valueName\":\"search_term_string\"}}],\"inLanguage\":\"fr-BE\"},{\"@type\":\"Organization\",\"@id\":\"https:\\\/\\\/www.accountable.eu\\\/fr-be\\\/#organization\",\"name\":\"Accountable\",\"url\":\"https:\\\/\\\/www.accountable.eu\\\/fr-be\\\/\",\"logo\":{\"@type\":\"ImageObject\",\"inLanguage\":\"fr-BE\",\"@id\":\"https:\\\/\\\/www.accountable.eu\\\/fr-be\\\/#\\\/schema\\\/logo\\\/image\\\/\",\"url\":\"https:\\\/\\\/www.accountable.eu\\\/wp-content\\\/uploads\\\/2026\\\/04\\\/logo-512.png\",\"contentUrl\":\"https:\\\/\\\/www.accountable.eu\\\/wp-content\\\/uploads\\\/2026\\\/04\\\/logo-512.png\",\"width\":512,\"height\":512,\"caption\":\"Accountable\"},\"image\":{\"@id\":\"https:\\\/\\\/www.accountable.eu\\\/fr-be\\\/#\\\/schema\\\/logo\\\/image\\\/\"}},{\"@type\":\"Person\",\"@id\":\"https:\\\/\\\/www.accountable.eu\\\/fr-be\\\/#\\\/schema\\\/person\\\/9c85ec213b340ca3e8c8e152f6723a71\",\"name\":\"julie\",\"image\":{\"@type\":\"ImageObject\",\"inLanguage\":\"fr-BE\",\"@id\":\"https:\\\/\\\/secure.gravatar.com\\\/avatar\\\/84976ca8c4076c0af102d23ffc9c9145ea8291e3557ca33fa00841ff5aa46503?s=96&d=mm&r=g\",\"url\":\"https:\\\/\\\/secure.gravatar.com\\\/avatar\\\/84976ca8c4076c0af102d23ffc9c9145ea8291e3557ca33fa00841ff5aa46503?s=96&d=mm&r=g\",\"contentUrl\":\"https:\\\/\\\/secure.gravatar.com\\\/avatar\\\/84976ca8c4076c0af102d23ffc9c9145ea8291e3557ca33fa00841ff5aa46503?s=96&d=mm&r=g\",\"caption\":\"julie\"}}]}<\/script>\n<!-- \/ Yoast SEO plugin. -->","yoast_head_json":{"title":"La facturation \u00e9lectronique pour les ind\u00e9pendants compl\u00e9mentaires - Accountable","description":"La facturation \u00e9lectronique est-elle obligatoire pour les ind\u00e9pendants compl\u00e9mentaires et les petites entreprises exon\u00e9r\u00e9es de TVA ? Oui !","robots":{"index":"index","follow":"follow","max-snippet":"max-snippet:-1","max-image-preview":"max-image-preview:large","max-video-preview":"max-video-preview:-1"},"canonical":"https:\/\/www.accountable.eu\/fr-be\/blog\/facturation-electronique-independants-complementaires\/","og_locale":"fr_FR","og_type":"article","og_title":"La facturation \u00e9lectronique pour les ind\u00e9pendants compl\u00e9mentaires - Accountable","og_description":"La facturation \u00e9lectronique est-elle obligatoire pour les ind\u00e9pendants compl\u00e9mentaires et les petites entreprises exon\u00e9r\u00e9es de TVA ? Oui !","og_url":"https:\/\/www.accountable.eu\/fr-be\/blog\/facturation-electronique-independants-complementaires\/","og_site_name":"Accountable","article_published_time":"2025-05-26T09:48:17+00:00","article_modified_time":"2025-09-30T17:41:37+00:00","author":"julie","twitter_card":"summary_large_image","twitter_misc":{"\u00c9crit par":"julie","Dur\u00e9e de lecture est.":"3 minutes"},"schema":{"@context":"https:\/\/schema.org","@graph":[{"@type":"Article","@id":"https:\/\/www.accountable.eu\/fr-be\/blog\/facturation-electronique-independants-complementaires\/#article","isPartOf":{"@id":"https:\/\/www.accountable.eu\/fr-be\/blog\/facturation-electronique-independants-complementaires\/"},"author":{"name":"julie","@id":"https:\/\/www.accountable.eu\/fr-be\/#\/schema\/person\/9c85ec213b340ca3e8c8e152f6723a71"},"headline":"Facturation \u00e9lectronique\u00a0: obligatoire pour les ind\u00e9pendants compl\u00e9mentaires et les petites entreprises ?","datePublished":"2025-05-26T09:48:17+00:00","dateModified":"2025-09-30T17:41:37+00:00","mainEntityOfPage":{"@id":"https:\/\/www.accountable.eu\/fr-be\/blog\/facturation-electronique-independants-complementaires\/"},"wordCount":594,"publisher":{"@id":"https:\/\/www.accountable.eu\/fr-be\/#organization"},"keywords":["Peppol"],"articleSection":["Uncategorized @fr-be"],"inLanguage":"fr-BE"},{"@type":"WebPage","@id":"https:\/\/www.accountable.eu\/fr-be\/blog\/facturation-electronique-independants-complementaires\/","url":"https:\/\/www.accountable.eu\/fr-be\/blog\/facturation-electronique-independants-complementaires\/","name":"La facturation \u00e9lectronique pour les ind\u00e9pendants compl\u00e9mentaires - Accountable","isPartOf":{"@id":"https:\/\/www.accountable.eu\/fr-be\/#website"},"datePublished":"2025-05-26T09:48:17+00:00","dateModified":"2025-09-30T17:41:37+00:00","description":"La facturation \u00e9lectronique est-elle obligatoire pour les ind\u00e9pendants compl\u00e9mentaires et les petites entreprises exon\u00e9r\u00e9es de TVA ? Oui !","breadcrumb":{"@id":"https:\/\/www.accountable.eu\/fr-be\/blog\/facturation-electronique-independants-complementaires\/#breadcrumb"},"inLanguage":"fr-BE","potentialAction":[{"@type":"ReadAction","target":["https:\/\/www.accountable.eu\/fr-be\/blog\/facturation-electronique-independants-complementaires\/"]}]},{"@type":"BreadcrumbList","@id":"https:\/\/www.accountable.eu\/fr-be\/blog\/facturation-electronique-independants-complementaires\/#breadcrumb","itemListElement":[{"@type":"ListItem","position":1,"name":"Home","item":"https:\/\/www.accountable.eu\/fr-be\/"},{"@type":"ListItem","position":2,"name":"Facturation \u00e9lectronique\u00a0: obligatoire pour les ind\u00e9pendants compl\u00e9mentaires et les petites entreprises ?"}]},{"@type":"WebSite","@id":"https:\/\/www.accountable.eu\/fr-be\/#website","url":"https:\/\/www.accountable.eu\/fr-be\/","name":"Accountable","description":"Your accountant and tax advisor on your smartphone","publisher":{"@id":"https:\/\/www.accountable.eu\/fr-be\/#organization"},"potentialAction":[{"@type":"SearchAction","target":{"@type":"EntryPoint","urlTemplate":"https:\/\/www.accountable.eu\/fr-be\/?s={search_term_string}"},"query-input":{"@type":"PropertyValueSpecification","valueRequired":true,"valueName":"search_term_string"}}],"inLanguage":"fr-BE"},{"@type":"Organization","@id":"https:\/\/www.accountable.eu\/fr-be\/#organization","name":"Accountable","url":"https:\/\/www.accountable.eu\/fr-be\/","logo":{"@type":"ImageObject","inLanguage":"fr-BE","@id":"https:\/\/www.accountable.eu\/fr-be\/#\/schema\/logo\/image\/","url":"https:\/\/www.accountable.eu\/wp-content\/uploads\/2026\/04\/logo-512.png","contentUrl":"https:\/\/www.accountable.eu\/wp-content\/uploads\/2026\/04\/logo-512.png","width":512,"height":512,"caption":"Accountable"},"image":{"@id":"https:\/\/www.accountable.eu\/fr-be\/#\/schema\/logo\/image\/"}},{"@type":"Person","@id":"https:\/\/www.accountable.eu\/fr-be\/#\/schema\/person\/9c85ec213b340ca3e8c8e152f6723a71","name":"julie","image":{"@type":"ImageObject","inLanguage":"fr-BE","@id":"https:\/\/secure.gravatar.com\/avatar\/84976ca8c4076c0af102d23ffc9c9145ea8291e3557ca33fa00841ff5aa46503?s=96&d=mm&r=g","url":"https:\/\/secure.gravatar.com\/avatar\/84976ca8c4076c0af102d23ffc9c9145ea8291e3557ca33fa00841ff5aa46503?s=96&d=mm&r=g","contentUrl":"https:\/\/secure.gravatar.com\/avatar\/84976ca8c4076c0af102d23ffc9c9145ea8291e3557ca33fa00841ff5aa46503?s=96&d=mm&r=g","caption":"julie"}}]}},"_links":{"self":[{"href":"https:\/\/www.accountable.eu\/fr-be\/wp-json\/wp\/v2\/posts\/18793","targetHints":{"allow":["GET"]}}],"collection":[{"href":"https:\/\/www.accountable.eu\/fr-be\/wp-json\/wp\/v2\/posts"}],"about":[{"href":"https:\/\/www.accountable.eu\/fr-be\/wp-json\/wp\/v2\/types\/post"}],"author":[{"embeddable":true,"href":"https:\/\/www.accountable.eu\/fr-be\/wp-json\/wp\/v2\/users\/29"}],"replies":[{"embeddable":true,"href":"https:\/\/www.accountable.eu\/fr-be\/wp-json\/wp\/v2\/comments?post=18793"}],"version-history":[{"count":0,"href":"https:\/\/www.accountable.eu\/fr-be\/wp-json\/wp\/v2\/posts\/18793\/revisions"}],"wp:attachment":[{"href":"https:\/\/www.accountable.eu\/fr-be\/wp-json\/wp\/v2\/media?parent=18793"}],"wp:term":[{"taxonomy":"category","embeddable":true,"href":"https:\/\/www.accountable.eu\/fr-be\/wp-json\/wp\/v2\/categories?post=18793"},{"taxonomy":"post_tag","embeddable":true,"href":"https:\/\/www.accountable.eu\/fr-be\/wp-json\/wp\/v2\/tags?post=18793"}],"curies":[{"name":"wp","href":"https:\/\/api.w.org\/{rel}","templated":true}]}}