{"id":18824,"date":"2025-05-29T14:51:05","date_gmt":"2025-05-29T12:51:05","guid":{"rendered":"https:\/\/www.accountable.eu\/?p=18824"},"modified":"2025-05-29T14:52:04","modified_gmt":"2025-05-29T12:52:04","slug":"7-bonnes-raisons-de-devenir-independant","status":"publish","type":"post","link":"https:\/\/www.accountable.eu\/fr-be\/blog\/7-bonnes-raisons-de-devenir-independant\/","title":{"rendered":"7 bonnes raisons de devenir ind\u00e9pendant en Belgique"},"content":{"rendered":"\n<p><strong>Ce n\u2019est pas \u00e9tonnant : la Belgique se classe parmi les pays les plus tax\u00e9s d\u2019Europe. Les Belges doivent parfois payer jusqu&rsquo;\u00e0 50 % de leur salaire en imp\u00f4ts. Et c\u2019est sans parler des autres types de taxe, comme la taxe communale, et les cotisations sociales. Est-il donc int\u00e9ressant de devenir ind\u00e9pendant en Belgique&nbsp;? Absolument, et voici 7 bonnes raisons&nbsp;!<\/strong><\/p>\n\n\n\n<h2 class=\"wp-block-heading\">Raison 1 : Le pays des frais professionnels d\u00e9ductibles<\/h2>\n\n\n\n<p>En tant que salari\u00e9, vous ne b\u00e9n\u00e9ficiez que de peu de <strong>d\u00e9ductions fiscales li\u00e9es \u00e0 votre travail<\/strong> en Belgique. Celles-ci se limitent la plupart du temps aux \u00ab classiques \u00bb : l&rsquo;indemnit\u00e9 de d\u00e9placement domicile-lieu de travail et l&rsquo;indemnit\u00e9 de bureau, pour ceux qui t\u00e9l\u00e9travaillent r\u00e9guli\u00e8rement.<\/p>\n\n\n\n<p>Les ind\u00e9pendants belges, en revanche, peuvent optimiser leurs imp\u00f4ts. En tant qu&rsquo;ind\u00e9pendant, vous avez en effet la possibilit\u00e9 de <a href=\"https:\/\/www.accountable.eu\/fr-be\/blog\/frais-deductibles-independant\/\"><strong>d\u00e9duire fiscalement de nombreux frais professionnels<\/strong><\/a>. Vous r\u00e9duisez ainsi le b\u00e9n\u00e9fice imposable de votre entreprise, <strong>ce qui vous permet de payer moins d&rsquo;imp\u00f4ts<\/strong>.<\/p>\n\n\n\n<p>Les frais professionnels suivants peuvent par exemple \u00eatre <strong>d\u00e9duits fiscalement \u00e0 100 %<\/strong> :<\/p>\n\n\n\n<ul class=\"wp-block-list\">\n<li>L&rsquo;<strong>achat de mat\u00e9riaux et de biens<\/strong> directement li\u00e9s \u00e0 votre activit\u00e9 ind\u00e9pendante (par exemple, les mati\u00e8res premi\u00e8res et les marchandises)<\/li>\n\n\n\n<li>L\u2019<strong>\u00e9quipement professionnel<\/strong> que vous utilisez exclusivement pour votre activit\u00e9 ind\u00e9pendante, tel que votre ordinateur, vos outils, vos machines, vos logiciels, etc.<\/li>\n\n\n\n<li>La <strong>location d&rsquo;un bureau ou d&rsquo;un local commercial<\/strong><\/li>\n\n\n\n<li>Vos <strong>cotisations sociales<\/strong> en tant qu&rsquo;ind\u00e9pendant<\/li>\n\n\n\n<li>Tous les frais que vous engagez pour <strong>un comptable, un expert-comptable ou un conseiller fiscal<\/strong><\/li>\n\n\n\n<li>Les d\u00e9penses pour le <strong>mat\u00e9riel de bureau<\/strong><\/li>\n\n\n\n<li>Votre <strong>affiliation \u00e0 une association professionnelle<\/strong><\/li>\n\n\n\n<li>\u2026<\/li>\n<\/ul>\n\n\n    <!-- wp:acf\/blog-annotation -->\n    <div class=\"wp-block-acf-blog-annotation flex items-start gap-4 bg-light-purple py-6 px-4 rounded-lg mb-3 mt-3\">\n                    <img decoding=\"async\" class=\"flex-shrink-0\" src=\"https:\/\/www.accountable.eu\/wp-content\/themes\/accountable\/assets\/rebranding-images\/icons\/blog\/widgets\/bulb.svg\" alt=\"bulb\">\n        \n        <div class=\"blog-annotation__text\">\n            <p class=\"font-inter text-lg text-purple m-0\">En Belgique, les travailleurs et les ind\u00e9pendants sont soumis aux <strong class=\"font-bold\">tranches d&rsquo;imposition progressives<\/strong>. En termes simples, plus vos revenus sont \u00e9lev\u00e9s, plus vous payez d&rsquo;imp\u00f4ts. La <strong class=\"font-bold\">d\u00e9duction des frais professionnels est donc tr\u00e8s importante<\/strong> pour optimiser fiscalement vos b\u00e9n\u00e9fices en tant qu&rsquo;ind\u00e9pendant.<\/p>\n<p class=\"font-inter text-lg text-purple m-0\">N&rsquo;h\u00e9sitez pas \u00e0 consulter notre <a class=\"text-purple underline\" class=\"text-blue-600 hover:underline\" class=\"text-blue-600 hover:underline\" href=\"https:\/\/www.fraispro.be\/\">moteur de recherche de frais d\u00e9ductibles<\/a> pour d\u00e9couvrir quels frais sont pertinents dans votre situation.<\/p>\n        <\/div>\n    <\/div>\n    <!-- \/wp:acf\/blog-annotation -->\n\n\n\n<figure class=\"wp-block-embed is-type-video is-provider-youtube wp-block-embed-youtube wp-embed-aspect-16-9 wp-has-aspect-ratio\"><div class=\"wp-block-embed__wrapper\">\n<iframe loading=\"lazy\" title=\"Devenir ind\u00e9pendant | 5 raisons de franchir le pas en 2025 !\" width=\"500\" height=\"281\" src=\"https:\/\/www.youtube.com\/embed\/I742gl9QFl8?start=4&#038;feature=oembed\" frameborder=\"0\" allow=\"accelerometer; autoplay; clipboard-write; encrypted-media; gyroscope; picture-in-picture; web-share\" referrerpolicy=\"strict-origin-when-cross-origin\" allowfullscreen><\/iframe>\n<\/div><\/figure>\n\n\n\n<h2 class=\"wp-block-heading\"><strong>Raison 2 : Moins d&rsquo;imp\u00f4ts pour les petits ind\u00e9pendants<\/strong><\/h2>\n\n\n\n<p>Si vous \u00eates ind\u00e9pendant en tant que personne physique, vous \u00eates impos\u00e9 selon l\u2019<a href=\"https:\/\/www.accountable.eu\/fr-be\/blog\/impot-progressif-belgique\/\">imp\u00f4t des personnes physiques \u00e0 taux progressif<\/a>. Mais si vous avez une soci\u00e9t\u00e9, vous ne payez que l&rsquo;<strong>imp\u00f4t des soci\u00e9t\u00e9s sur les b\u00e9n\u00e9fices de votre entreprise<\/strong>. Et gr\u00e2ce au <strong>taux d&rsquo;imposition forfaitaire de 25 %<\/strong>, celui-ci est beaucoup plus int\u00e9ressant que l&rsquo;imp\u00f4t des personnes physiques.<\/p>\n\n\n\n<p>Mieux encore : sous certaines conditions, vous b\u00e9n\u00e9ficiez d&rsquo;un <a href=\"https:\/\/www.accountable.eu\/fr-be\/blog\/taux-reduit-isoc\/\"><strong>taux r\u00e9duit pour l&rsquo;imp\u00f4t sur les soci\u00e9t\u00e9s<\/strong><\/a>. Vous \u00eates soumis \u00e0 un taux <strong>de 20 %<\/strong> si :<\/p>\n\n\n\n<ul class=\"wp-block-list\">\n<li>votre chiffre d&rsquo;affaires annuel est inf\u00e9rieur \u00e0 9 000 000 euros (hors TVA),<\/li>\n\n\n\n<li>vous employez moins de 50 personnes,<\/li>\n\n\n\n<li>le total de votre bilan ne d\u00e9passe pas 4 500 000 euros,<\/li>\n\n\n\n<li>vous vous versez, en tant que dirigeant, un salaire d&rsquo;au moins 45 000 euros,<\/li>\n\n\n\n<li>au moins 50 % des parts de votre entreprise sont d\u00e9tenues par des personnes physiques.<\/li>\n<\/ul>\n\n\n\n<p>Psst, en tant que nouvel ind\u00e9pendant, vous pouvez presque toujours b\u00e9n\u00e9ficier de ce taux d&rsquo;imposition r\u00e9duit !<\/p>\n\n\n    <!-- wp:acf\/blog-annotation -->\n    <div class=\"wp-block-acf-blog-annotation flex items-start gap-4 bg-light-purple py-6 px-4 rounded-lg mb-3 mt-3\">\n                    <img decoding=\"async\" class=\"flex-shrink-0\" src=\"https:\/\/www.accountable.eu\/wp-content\/themes\/accountable\/assets\/rebranding-images\/icons\/blog\/widgets\/bulb.svg\" alt=\"bulb\">\n        \n        <div class=\"blog-annotation__text\">\n            <p class=\"font-inter text-lg text-purple m-0\">Si vous combinez l&rsquo;imp\u00f4t r\u00e9duit sur les soci\u00e9t\u00e9s avec <strong class=\"font-bold\">suffisamment de frais d\u00e9ductibles<\/strong> et que vous vous versez un <strong class=\"font-bold\">salaire relativement bas<\/strong>, vous payez \u00e9galement moins <strong class=\"font-bold\">d<\/strong>&lsquo;<strong class=\"font-bold\">imp\u00f4t des personnes physiques<\/strong>. En effet, vous devez toujours d\u00e9clarer les imp\u00f4ts sur votre salaire de dirigeant dans votre d\u00e9claration d&rsquo;imp\u00f4t des personnes physiques.<\/p>\n        <\/div>\n    <\/div>\n    <!-- \/wp:acf\/blog-annotation -->\n\n\n\n<h2 class=\"wp-block-heading\"><strong>Raison<\/strong> <strong>3 : Plus d&rsquo;autonomie et de flexibilit\u00e9<\/strong><\/h2>\n\n\n\n<p>Passons maintenant \u00e0 tout autre chose. Beaucoup de personnes deviennent ind\u00e9pendantes pour la libert\u00e9 et la flexibilit\u00e9 qu\u2019elles gagnent en \u00e9change.&nbsp;<strong>Vous \u00eates votre propre patron et vous d\u00e9cidez vous-m\u00eame des missions que vous acceptez et de l&rsquo;organisation de votre journ\u00e9e de travail.<\/strong><\/p>\n\n\n\n<p>Vous pouvez \u00e9galement <strong>\u00e9quilibrer votre vie professionnelle et votre vie priv\u00e9e<\/strong> comme vous le souhaitez. Et vous choisissez (souvent) vous-m\u00eame o\u00f9 vous travaillez, sans \u00eatre li\u00e9 \u00e0 un lieu de travail fixe.<\/p>\n\n\n\n<h2 class=\"wp-block-heading\"><strong><strong>Raison<\/strong><\/strong> 4 :<strong> Vous pouvez (consid\u00e9rablement) augmenter votre pension<\/strong><\/h2>\n\n\n\n<p><em>\u00ab En tant qu&rsquo;ind\u00e9pendant, votre pension sera maigre. \u00bb<\/em> Une affirmation que vous avez certainement d\u00e9j\u00e0 entendue \u00e0 plusieurs reprises si vous avez choisi de vous lancer dans l&rsquo;entrepreneuriat.<\/p>\n\n\n\n<p>\u27a1\ufe0f Il est vrai qu&rsquo;auparavant, les ind\u00e9pendants en Belgique <strong>percevaient une pension moins \u00e9lev\u00e9e<\/strong> que les salari\u00e9s, mais le <a href=\"https:\/\/www.accountable.eu\/fr-be\/blog\/pension-pour-les-independants\/\">r\u00e9gime de pension pour ind\u00e9pendants<\/a> <strong>a beaucoup chang\u00e9 au cours des dix derni\u00e8res ann\u00e9es<\/strong>.<\/p>\n\n\n\n<p>Ainsi, la pension d&rsquo;un ind\u00e9pendant est d\u00e9sormais <strong>calcul\u00e9e de la m\u00eame mani\u00e8re que celle d&rsquo;un salari\u00e9<\/strong>. En d&rsquo;autres termes, vous constituez vos droits \u00e0 la pension sur la base de vos revenus professionnels et votre pension est proportionnelle \u00e0 vos cotisations sociales. La <strong>pension minimale<\/strong> des ind\u00e9pendants <strong>a \u00e9galement \u00e9t\u00e9 align\u00e9e<\/strong> sur celle des salari\u00e9s (\u00e0 condition d&rsquo;avoir travaill\u00e9 au moins 45 ans).<\/p>\n\n\n\n<p>Mais ce qui constitue sans aucun doute une raison suppl\u00e9mentaire de devenir ind\u00e9pendant, ce sont les possibilit\u00e9s de <strong>compl\u00e9ter votre pension<\/strong>.<\/p>\n\n\n\n<h3 class=\"wp-block-heading\"><strong>Pension libre compl\u00e9mentaire pour ind\u00e9pendants<\/strong><\/h3>\n\n\n\n<p>Avec la <a href=\"https:\/\/www.accountable.eu\/fr-be\/blog\/plci-independants\/\">Pension libre compl\u00e9mentaire pour ind\u00e9pendants (PLCI)<\/a>, vous pouvez verser chaque ann\u00e9e jusqu&rsquo;\u00e0 8,17 % de votre revenu imposable net dans un pot d&rsquo;\u00e9pargne pour votre pension compl\u00e9mentaire, avec un plafond maximal en fonction de vos revenus. De plus, les cotisations pour votre PLCI sont <strong>\u00e0 100&nbsp;%<\/strong> <strong>d\u00e9ductibles fiscalement<\/strong>. Une \u00e9vidence, donc !<\/p>\n\n\n\n<h3 class=\"wp-block-heading\">Engagement individuel de pension<\/h3>\n\n\n\n<p>Si vous \u00eates ind\u00e9pendant et que vous avez une <strong>soci\u00e9t\u00e9<\/strong>, vous avez la possibilit\u00e9 de souscrire un <a href=\"https:\/\/www.accountable.eu\/fr-be\/blog\/pension-pour-les-independants\/\">Engagement individuel de pension (EIP)<\/a>. Il s&rsquo;agit d&rsquo;une <strong>assurance dans le cadre de laquelle votre soci\u00e9t\u00e9 effectue des versements pour votre pension<\/strong>, en plus de votre PLCI. La cotisation est donc pay\u00e9e par votre entreprise, mais l&rsquo;argent plac\u00e9 dans cette \u00e9pargne vous appartient imm\u00e9diatement. Cette cotisation est \u00e9galement <strong>d\u00e9ductible fiscalement<\/strong>.<\/p>\n\n\n\n<h2 class=\"wp-block-heading\"><strong>Raison<\/strong> 5 : Gagner plus qu&rsquo;un salari\u00e9 ?<\/h2>\n\n\n\n<p>En tant qu\u2019ind\u00e9pendant, vous <strong>fixez vous-m\u00eame votre tarif<\/strong> en fonction de votre secteur, de votre exp\u00e9rience et de votre expertise. Vous pouvez \u00e9galement l\u2019<strong>augmenter quand vous le souhaitez<\/strong>. Pas besoin d&rsquo;attendre une indexation de votre tarif horaire ou journalier ; elle n&rsquo;aura pas lieu. \ud83d\ude09&nbsp;<\/p>\n\n\n\n<p>Contrairement \u00e0 un emploi salari\u00e9, il n&rsquo;y a <strong>pas de plafond \u00e0 ce que vous pouvez gagner<\/strong>. Si vous travaillez beaucoup, vous gagnez (esp\u00e9rons-le) beaucoup et vous \u00eates r\u00e9compens\u00e9 par un revenu confortable.&nbsp;<\/p>\n\n\n\n<p>\u26a0\ufe0f Attention toutefois si vous \u00eates ind\u00e9pendant en personne physique : gr\u00e2ce au <strong>taux d&rsquo;imposition progressif<\/strong>, vous payez des imp\u00f4ts proportionnels \u00e0 vos revenus professionnels. Pensez \u00e0 passer \u00e0 une soci\u00e9t\u00e9 en temps utile afin de conserver le plus possible de vos revenus.<\/p>\n\n\n\n<h2 class=\"wp-block-heading\"><strong>Raison<\/strong> 6 : Vous n&rsquo;\u00eates jamais seul<\/h2>\n\n\n\n<p>Ce n&rsquo;est pas une parole en l&rsquo;air, mais une r\u00e9alit\u00e9. Il existe de nombreuses <strong>organisations de r\u00e9seautage pour les freelances et les entrepreneurs<\/strong>, o\u00f9 vous pouvez \u00e9changer vos exp\u00e9riences et vos conseils avec d&rsquo;autres ind\u00e9pendants. Nous vous rappelons que votre <strong>adh\u00e9sion<\/strong> \u00e0 ces associations est <strong>enti\u00e8rement d\u00e9ductible fiscalement<\/strong>.<\/p>\n\n\n\n<p>Outre le soutien moral, vous pouvez \u00e9galement b\u00e9n\u00e9ficier de <a href=\"https:\/\/www.accountable.eu\/fr-be\/blog\/subventions-et-financements-pour-les-starters\/\"><strong>subventions pour les ind\u00e9pendants (starters)<\/strong><\/a>, tant au niveau r\u00e9gional que f\u00e9d\u00e9ral. Beaucoup de <a href=\"https:\/\/www.accountable.eu\/fr-be\/blog\/subsides-locaux-independants\/\">communes et villes<\/a> offrent non seulement un soutien financier, mais aussi des <strong>programmes de coaching<\/strong> et des <strong>pr\u00eats<\/strong> avantageux, voire sans int\u00e9r\u00eat, <strong>pour les ind\u00e9pendants<\/strong>.&nbsp;&nbsp;<\/p>\n\n\n\n<h2 class=\"wp-block-heading\"><strong>Raison<\/strong> 7 : Prenez en charge votre comptabilit\u00e9<\/h2>\n\n\n\n<p>En tant qu&rsquo;ind\u00e9pendant belge, surtout si vous \u00eates en personne physique, <strong>vous pouvez facilement g\u00e9rer vous-m\u00eame votre comptabilit\u00e9 \u00e0 l&rsquo;aide d&rsquo;un logiciel fiscal<\/strong> tel qu&rsquo;Accountable.<\/p>\n\n\n\n<p>Cet outil convivial pr\u00e9sente de nombreux avantages. Vous pouvez <a href=\"https:\/\/www.accountable.eu\/fr-be\/\"><strong>suivre vos rentr\u00e9es et vos d\u00e9penses rapidement et efficacement<\/strong><\/a> et obtenir une <strong>vue d&rsquo;ensemble compl\u00e8te de vos finances et de votre tr\u00e9sorerie<\/strong>. Notre logiciel de comptabilit\u00e9 vous aide \u00e9galement \u00e0<strong> pr\u00e9parer vos d\u00e9clarations fiscales et TVA<\/strong>, et \u00e0 mieux estimer le montant que vous devrez payer.<\/p>\n\n\n\n<p><strong>Vous avez lu cet article et vous \u00eates d\u00e9cid\u00e9 \u00e0 devenir ind\u00e9pendant ?&nbsp;<\/strong><a href=\"https:\/\/www.accountable.eu\/fr-be\/obtenir-votre-numero-de-tva\/\"><strong>Demandez d\u00e8s aujourd&rsquo;hui votre num\u00e9ro de TVA avec Accountable<\/strong><\/a> <strong>et r\u00e9cup\u00e9rez vos frais d&rsquo;enregistrement (109 \u20ac) aupr\u00e8s de la BCE sous forme de bon d&rsquo;achat \u00e0 utiliser sur un abonnement Accountable.<\/strong><\/p>\n\n\n\n<p><br><\/p>\n","protected":false},"excerpt":{"rendered":"<p>Ce n\u2019est pas \u00e9tonnant : la Belgique se classe parmi les pays les plus tax\u00e9s d\u2019Europe. Les Belges doivent parfois payer jusqu&rsquo;\u00e0 50 % de leur salaire en imp\u00f4ts. Et c\u2019est sans parler des autres types de taxe, comme la taxe communale, et les cotisations sociales. Est-il donc int\u00e9ressant de devenir ind\u00e9pendant en Belgique&nbsp;? Absolument, [&hellip;]<\/p>\n","protected":false},"author":24,"featured_media":16506,"comment_status":"closed","ping_status":"closed","sticky":false,"template":"","format":"standard","meta":{"inline_featured_image":false,"footnotes":""},"categories":[285],"tags":[303,313],"class_list":["post-18824","post","type-post","status-publish","format-standard","has-post-thumbnail","hentry","category-demarrer-comme-independant","tag-demarrer","tag-personne-physique"],"acf":[],"yoast_head":"<!-- This site is optimized with the Yoast SEO plugin v27.4 - https:\/\/yoast.com\/product\/yoast-seo-wordpress\/ -->\n<title>7 bonnes raisons de devenir ind\u00e9pendant en Belgique - Accountable<\/title>\n<meta name=\"description\" content=\"Vous envisagez de devenir ind\u00e9pendant ? Dans cet article, vous trouverez 7 bonnes raisons de demander votre num\u00e9ro de TVA d\u00e8s aujourd\u2019hui.\" \/>\n<meta name=\"robots\" content=\"index, follow, max-snippet:-1, max-image-preview:large, max-video-preview:-1\" \/>\n<link rel=\"canonical\" href=\"https:\/\/www.accountable.eu\/fr-be\/blog\/7-bonnes-raisons-de-devenir-independant\/\" \/>\n<meta property=\"og:locale\" content=\"fr_FR\" \/>\n<meta property=\"og:type\" content=\"article\" \/>\n<meta property=\"og:title\" content=\"7 bonnes raisons de devenir ind\u00e9pendant en Belgique - Accountable\" \/>\n<meta property=\"og:description\" content=\"Vous envisagez de devenir ind\u00e9pendant ? Dans cet article, vous trouverez 7 bonnes raisons de demander votre num\u00e9ro de TVA d\u00e8s aujourd\u2019hui.\" \/>\n<meta property=\"og:url\" content=\"https:\/\/www.accountable.eu\/fr-be\/blog\/7-bonnes-raisons-de-devenir-independant\/\" \/>\n<meta property=\"og:site_name\" content=\"Accountable\" \/>\n<meta property=\"article:published_time\" content=\"2025-05-29T12:51:05+00:00\" \/>\n<meta property=\"article:modified_time\" content=\"2025-05-29T12:52:04+00:00\" \/>\n<meta property=\"og:image\" content=\"https:\/\/www.accountable.eu\/wp-content\/uploads\/2024\/11\/redenen-zelfstandige-worden.png\" \/>\n\t<meta property=\"og:image:width\" content=\"686\" \/>\n\t<meta property=\"og:image:height\" content=\"400\" \/>\n\t<meta property=\"og:image:type\" content=\"image\/png\" \/>\n<meta name=\"author\" content=\"Valesca\" \/>\n<meta name=\"twitter:card\" content=\"summary_large_image\" \/>\n<meta name=\"twitter:label1\" content=\"\u00c9crit par\" \/>\n\t<meta name=\"twitter:data1\" content=\"Valesca\" \/>\n\t<meta name=\"twitter:label2\" content=\"Dur\u00e9e de lecture est.\" \/>\n\t<meta name=\"twitter:data2\" content=\"6 minutes\" \/>\n<script type=\"application\/ld+json\" class=\"yoast-schema-graph\">{\"@context\":\"https:\\\/\\\/schema.org\",\"@graph\":[{\"@type\":\"Article\",\"@id\":\"https:\\\/\\\/www.accountable.eu\\\/fr-be\\\/blog\\\/7-bonnes-raisons-de-devenir-independant\\\/#article\",\"isPartOf\":{\"@id\":\"https:\\\/\\\/www.accountable.eu\\\/fr-be\\\/blog\\\/7-bonnes-raisons-de-devenir-independant\\\/\"},\"author\":{\"name\":\"Valesca\",\"@id\":\"https:\\\/\\\/www.accountable.eu\\\/fr-be\\\/#\\\/schema\\\/person\\\/e9b420257ec5e7ac236d337e8c3aa7ad\"},\"headline\":\"7 bonnes raisons de devenir ind\u00e9pendant en Belgique\",\"datePublished\":\"2025-05-29T12:51:05+00:00\",\"dateModified\":\"2025-05-29T12:52:04+00:00\",\"mainEntityOfPage\":{\"@id\":\"https:\\\/\\\/www.accountable.eu\\\/fr-be\\\/blog\\\/7-bonnes-raisons-de-devenir-independant\\\/\"},\"wordCount\":1299,\"publisher\":{\"@id\":\"https:\\\/\\\/www.accountable.eu\\\/fr-be\\\/#organization\"},\"image\":{\"@id\":\"https:\\\/\\\/www.accountable.eu\\\/fr-be\\\/blog\\\/7-bonnes-raisons-de-devenir-independant\\\/#primaryimage\"},\"thumbnailUrl\":\"https:\\\/\\\/www.accountable.eu\\\/wp-content\\\/uploads\\\/2024\\\/11\\\/redenen-zelfstandige-worden.png\",\"keywords\":[\"D\u00e9marrer\",\"Personne physique\"],\"articleSection\":[\"D\u00e9marrer comme ind\u00e9pendant\"],\"inLanguage\":\"fr-BE\"},{\"@type\":\"WebPage\",\"@id\":\"https:\\\/\\\/www.accountable.eu\\\/fr-be\\\/blog\\\/7-bonnes-raisons-de-devenir-independant\\\/\",\"url\":\"https:\\\/\\\/www.accountable.eu\\\/fr-be\\\/blog\\\/7-bonnes-raisons-de-devenir-independant\\\/\",\"name\":\"7 bonnes raisons de devenir ind\u00e9pendant en Belgique - Accountable\",\"isPartOf\":{\"@id\":\"https:\\\/\\\/www.accountable.eu\\\/fr-be\\\/#website\"},\"primaryImageOfPage\":{\"@id\":\"https:\\\/\\\/www.accountable.eu\\\/fr-be\\\/blog\\\/7-bonnes-raisons-de-devenir-independant\\\/#primaryimage\"},\"image\":{\"@id\":\"https:\\\/\\\/www.accountable.eu\\\/fr-be\\\/blog\\\/7-bonnes-raisons-de-devenir-independant\\\/#primaryimage\"},\"thumbnailUrl\":\"https:\\\/\\\/www.accountable.eu\\\/wp-content\\\/uploads\\\/2024\\\/11\\\/redenen-zelfstandige-worden.png\",\"datePublished\":\"2025-05-29T12:51:05+00:00\",\"dateModified\":\"2025-05-29T12:52:04+00:00\",\"description\":\"Vous envisagez de devenir ind\u00e9pendant ? Dans cet article, vous trouverez 7 bonnes raisons de demander votre num\u00e9ro de TVA d\u00e8s aujourd\u2019hui.\",\"breadcrumb\":{\"@id\":\"https:\\\/\\\/www.accountable.eu\\\/fr-be\\\/blog\\\/7-bonnes-raisons-de-devenir-independant\\\/#breadcrumb\"},\"inLanguage\":\"fr-BE\",\"potentialAction\":[{\"@type\":\"ReadAction\",\"target\":[\"https:\\\/\\\/www.accountable.eu\\\/fr-be\\\/blog\\\/7-bonnes-raisons-de-devenir-independant\\\/\"]}]},{\"@type\":\"ImageObject\",\"inLanguage\":\"fr-BE\",\"@id\":\"https:\\\/\\\/www.accountable.eu\\\/fr-be\\\/blog\\\/7-bonnes-raisons-de-devenir-independant\\\/#primaryimage\",\"url\":\"https:\\\/\\\/www.accountable.eu\\\/wp-content\\\/uploads\\\/2024\\\/11\\\/redenen-zelfstandige-worden.png\",\"contentUrl\":\"https:\\\/\\\/www.accountable.eu\\\/wp-content\\\/uploads\\\/2024\\\/11\\\/redenen-zelfstandige-worden.png\",\"width\":686,\"height\":400,\"caption\":\"7 goede redenen om zelfstandige in Belgi\u00eb te worden\"},{\"@type\":\"BreadcrumbList\",\"@id\":\"https:\\\/\\\/www.accountable.eu\\\/fr-be\\\/blog\\\/7-bonnes-raisons-de-devenir-independant\\\/#breadcrumb\",\"itemListElement\":[{\"@type\":\"ListItem\",\"position\":1,\"name\":\"Home\",\"item\":\"https:\\\/\\\/www.accountable.eu\\\/fr-be\\\/\"},{\"@type\":\"ListItem\",\"position\":2,\"name\":\"7 bonnes raisons de devenir ind\u00e9pendant en Belgique\"}]},{\"@type\":\"WebSite\",\"@id\":\"https:\\\/\\\/www.accountable.eu\\\/fr-be\\\/#website\",\"url\":\"https:\\\/\\\/www.accountable.eu\\\/fr-be\\\/\",\"name\":\"Accountable\",\"description\":\"Your accountant and tax advisor on your smartphone\",\"publisher\":{\"@id\":\"https:\\\/\\\/www.accountable.eu\\\/fr-be\\\/#organization\"},\"potentialAction\":[{\"@type\":\"SearchAction\",\"target\":{\"@type\":\"EntryPoint\",\"urlTemplate\":\"https:\\\/\\\/www.accountable.eu\\\/fr-be\\\/?s={search_term_string}\"},\"query-input\":{\"@type\":\"PropertyValueSpecification\",\"valueRequired\":true,\"valueName\":\"search_term_string\"}}],\"inLanguage\":\"fr-BE\"},{\"@type\":\"Organization\",\"@id\":\"https:\\\/\\\/www.accountable.eu\\\/fr-be\\\/#organization\",\"name\":\"Accountable\",\"url\":\"https:\\\/\\\/www.accountable.eu\\\/fr-be\\\/\",\"logo\":{\"@type\":\"ImageObject\",\"inLanguage\":\"fr-BE\",\"@id\":\"https:\\\/\\\/www.accountable.eu\\\/fr-be\\\/#\\\/schema\\\/logo\\\/image\\\/\",\"url\":\"https:\\\/\\\/www.accountable.eu\\\/wp-content\\\/uploads\\\/2026\\\/04\\\/logo-512.png\",\"contentUrl\":\"https:\\\/\\\/www.accountable.eu\\\/wp-content\\\/uploads\\\/2026\\\/04\\\/logo-512.png\",\"width\":512,\"height\":512,\"caption\":\"Accountable\"},\"image\":{\"@id\":\"https:\\\/\\\/www.accountable.eu\\\/fr-be\\\/#\\\/schema\\\/logo\\\/image\\\/\"}},{\"@type\":\"Person\",\"@id\":\"https:\\\/\\\/www.accountable.eu\\\/fr-be\\\/#\\\/schema\\\/person\\\/e9b420257ec5e7ac236d337e8c3aa7ad\",\"name\":\"Valesca\",\"image\":{\"@type\":\"ImageObject\",\"inLanguage\":\"fr-BE\",\"@id\":\"https:\\\/\\\/secure.gravatar.com\\\/avatar\\\/842a00073a87c3c1af38f724115771bae6278a353edd8ee1e85161e791790047?s=96&d=mm&r=g\",\"url\":\"https:\\\/\\\/secure.gravatar.com\\\/avatar\\\/842a00073a87c3c1af38f724115771bae6278a353edd8ee1e85161e791790047?s=96&d=mm&r=g\",\"contentUrl\":\"https:\\\/\\\/secure.gravatar.com\\\/avatar\\\/842a00073a87c3c1af38f724115771bae6278a353edd8ee1e85161e791790047?s=96&d=mm&r=g\",\"caption\":\"Valesca\"}}]}<\/script>\n<!-- \/ Yoast SEO plugin. -->","yoast_head_json":{"title":"7 bonnes raisons de devenir ind\u00e9pendant en Belgique - Accountable","description":"Vous envisagez de devenir ind\u00e9pendant ? Dans cet article, vous trouverez 7 bonnes raisons de demander votre num\u00e9ro de TVA d\u00e8s aujourd\u2019hui.","robots":{"index":"index","follow":"follow","max-snippet":"max-snippet:-1","max-image-preview":"max-image-preview:large","max-video-preview":"max-video-preview:-1"},"canonical":"https:\/\/www.accountable.eu\/fr-be\/blog\/7-bonnes-raisons-de-devenir-independant\/","og_locale":"fr_FR","og_type":"article","og_title":"7 bonnes raisons de devenir ind\u00e9pendant en Belgique - Accountable","og_description":"Vous envisagez de devenir ind\u00e9pendant ? Dans cet article, vous trouverez 7 bonnes raisons de demander votre num\u00e9ro de TVA d\u00e8s aujourd\u2019hui.","og_url":"https:\/\/www.accountable.eu\/fr-be\/blog\/7-bonnes-raisons-de-devenir-independant\/","og_site_name":"Accountable","article_published_time":"2025-05-29T12:51:05+00:00","article_modified_time":"2025-05-29T12:52:04+00:00","og_image":[{"width":686,"height":400,"url":"https:\/\/www.accountable.eu\/wp-content\/uploads\/2024\/11\/redenen-zelfstandige-worden.png","type":"image\/png"}],"author":"Valesca","twitter_card":"summary_large_image","twitter_misc":{"\u00c9crit par":"Valesca","Dur\u00e9e de lecture est.":"6 minutes"},"schema":{"@context":"https:\/\/schema.org","@graph":[{"@type":"Article","@id":"https:\/\/www.accountable.eu\/fr-be\/blog\/7-bonnes-raisons-de-devenir-independant\/#article","isPartOf":{"@id":"https:\/\/www.accountable.eu\/fr-be\/blog\/7-bonnes-raisons-de-devenir-independant\/"},"author":{"name":"Valesca","@id":"https:\/\/www.accountable.eu\/fr-be\/#\/schema\/person\/e9b420257ec5e7ac236d337e8c3aa7ad"},"headline":"7 bonnes raisons de devenir ind\u00e9pendant en Belgique","datePublished":"2025-05-29T12:51:05+00:00","dateModified":"2025-05-29T12:52:04+00:00","mainEntityOfPage":{"@id":"https:\/\/www.accountable.eu\/fr-be\/blog\/7-bonnes-raisons-de-devenir-independant\/"},"wordCount":1299,"publisher":{"@id":"https:\/\/www.accountable.eu\/fr-be\/#organization"},"image":{"@id":"https:\/\/www.accountable.eu\/fr-be\/blog\/7-bonnes-raisons-de-devenir-independant\/#primaryimage"},"thumbnailUrl":"https:\/\/www.accountable.eu\/wp-content\/uploads\/2024\/11\/redenen-zelfstandige-worden.png","keywords":["D\u00e9marrer","Personne physique"],"articleSection":["D\u00e9marrer comme ind\u00e9pendant"],"inLanguage":"fr-BE"},{"@type":"WebPage","@id":"https:\/\/www.accountable.eu\/fr-be\/blog\/7-bonnes-raisons-de-devenir-independant\/","url":"https:\/\/www.accountable.eu\/fr-be\/blog\/7-bonnes-raisons-de-devenir-independant\/","name":"7 bonnes raisons de devenir ind\u00e9pendant en Belgique - Accountable","isPartOf":{"@id":"https:\/\/www.accountable.eu\/fr-be\/#website"},"primaryImageOfPage":{"@id":"https:\/\/www.accountable.eu\/fr-be\/blog\/7-bonnes-raisons-de-devenir-independant\/#primaryimage"},"image":{"@id":"https:\/\/www.accountable.eu\/fr-be\/blog\/7-bonnes-raisons-de-devenir-independant\/#primaryimage"},"thumbnailUrl":"https:\/\/www.accountable.eu\/wp-content\/uploads\/2024\/11\/redenen-zelfstandige-worden.png","datePublished":"2025-05-29T12:51:05+00:00","dateModified":"2025-05-29T12:52:04+00:00","description":"Vous envisagez de devenir ind\u00e9pendant ? Dans cet article, vous trouverez 7 bonnes raisons de demander votre num\u00e9ro de TVA d\u00e8s aujourd\u2019hui.","breadcrumb":{"@id":"https:\/\/www.accountable.eu\/fr-be\/blog\/7-bonnes-raisons-de-devenir-independant\/#breadcrumb"},"inLanguage":"fr-BE","potentialAction":[{"@type":"ReadAction","target":["https:\/\/www.accountable.eu\/fr-be\/blog\/7-bonnes-raisons-de-devenir-independant\/"]}]},{"@type":"ImageObject","inLanguage":"fr-BE","@id":"https:\/\/www.accountable.eu\/fr-be\/blog\/7-bonnes-raisons-de-devenir-independant\/#primaryimage","url":"https:\/\/www.accountable.eu\/wp-content\/uploads\/2024\/11\/redenen-zelfstandige-worden.png","contentUrl":"https:\/\/www.accountable.eu\/wp-content\/uploads\/2024\/11\/redenen-zelfstandige-worden.png","width":686,"height":400,"caption":"7 goede redenen om zelfstandige in Belgi\u00eb te worden"},{"@type":"BreadcrumbList","@id":"https:\/\/www.accountable.eu\/fr-be\/blog\/7-bonnes-raisons-de-devenir-independant\/#breadcrumb","itemListElement":[{"@type":"ListItem","position":1,"name":"Home","item":"https:\/\/www.accountable.eu\/fr-be\/"},{"@type":"ListItem","position":2,"name":"7 bonnes raisons de devenir ind\u00e9pendant en Belgique"}]},{"@type":"WebSite","@id":"https:\/\/www.accountable.eu\/fr-be\/#website","url":"https:\/\/www.accountable.eu\/fr-be\/","name":"Accountable","description":"Your accountant and tax advisor on your smartphone","publisher":{"@id":"https:\/\/www.accountable.eu\/fr-be\/#organization"},"potentialAction":[{"@type":"SearchAction","target":{"@type":"EntryPoint","urlTemplate":"https:\/\/www.accountable.eu\/fr-be\/?s={search_term_string}"},"query-input":{"@type":"PropertyValueSpecification","valueRequired":true,"valueName":"search_term_string"}}],"inLanguage":"fr-BE"},{"@type":"Organization","@id":"https:\/\/www.accountable.eu\/fr-be\/#organization","name":"Accountable","url":"https:\/\/www.accountable.eu\/fr-be\/","logo":{"@type":"ImageObject","inLanguage":"fr-BE","@id":"https:\/\/www.accountable.eu\/fr-be\/#\/schema\/logo\/image\/","url":"https:\/\/www.accountable.eu\/wp-content\/uploads\/2026\/04\/logo-512.png","contentUrl":"https:\/\/www.accountable.eu\/wp-content\/uploads\/2026\/04\/logo-512.png","width":512,"height":512,"caption":"Accountable"},"image":{"@id":"https:\/\/www.accountable.eu\/fr-be\/#\/schema\/logo\/image\/"}},{"@type":"Person","@id":"https:\/\/www.accountable.eu\/fr-be\/#\/schema\/person\/e9b420257ec5e7ac236d337e8c3aa7ad","name":"Valesca","image":{"@type":"ImageObject","inLanguage":"fr-BE","@id":"https:\/\/secure.gravatar.com\/avatar\/842a00073a87c3c1af38f724115771bae6278a353edd8ee1e85161e791790047?s=96&d=mm&r=g","url":"https:\/\/secure.gravatar.com\/avatar\/842a00073a87c3c1af38f724115771bae6278a353edd8ee1e85161e791790047?s=96&d=mm&r=g","contentUrl":"https:\/\/secure.gravatar.com\/avatar\/842a00073a87c3c1af38f724115771bae6278a353edd8ee1e85161e791790047?s=96&d=mm&r=g","caption":"Valesca"}}]}},"_links":{"self":[{"href":"https:\/\/www.accountable.eu\/fr-be\/wp-json\/wp\/v2\/posts\/18824","targetHints":{"allow":["GET"]}}],"collection":[{"href":"https:\/\/www.accountable.eu\/fr-be\/wp-json\/wp\/v2\/posts"}],"about":[{"href":"https:\/\/www.accountable.eu\/fr-be\/wp-json\/wp\/v2\/types\/post"}],"author":[{"embeddable":true,"href":"https:\/\/www.accountable.eu\/fr-be\/wp-json\/wp\/v2\/users\/24"}],"replies":[{"embeddable":true,"href":"https:\/\/www.accountable.eu\/fr-be\/wp-json\/wp\/v2\/comments?post=18824"}],"version-history":[{"count":0,"href":"https:\/\/www.accountable.eu\/fr-be\/wp-json\/wp\/v2\/posts\/18824\/revisions"}],"wp:featuredmedia":[{"embeddable":true,"href":"https:\/\/www.accountable.eu\/fr-be\/wp-json\/wp\/v2\/media\/16506"}],"wp:attachment":[{"href":"https:\/\/www.accountable.eu\/fr-be\/wp-json\/wp\/v2\/media?parent=18824"}],"wp:term":[{"taxonomy":"category","embeddable":true,"href":"https:\/\/www.accountable.eu\/fr-be\/wp-json\/wp\/v2\/categories?post=18824"},{"taxonomy":"post_tag","embeddable":true,"href":"https:\/\/www.accountable.eu\/fr-be\/wp-json\/wp\/v2\/tags?post=18824"}],"curies":[{"name":"wp","href":"https:\/\/api.w.org\/{rel}","templated":true}]}}