{"id":18861,"date":"2025-05-26T12:29:11","date_gmt":"2025-05-26T10:29:11","guid":{"rendered":"https:\/\/www.accountable.eu\/?p=18861"},"modified":"2025-09-05T17:15:19","modified_gmt":"2025-09-05T15:15:19","slug":"facturation-electronique-assujettissement-mixte-tva","status":"publish","type":"post","link":"https:\/\/www.accountable.eu\/fr-be\/blog\/facturation-electronique-assujettissement-mixte-tva\/","title":{"rendered":"Comment fonctionne la facturation \u00e9lectronique pour les assujettis mixtes \u00e0 la TVA ?"},"content":{"rendered":"\n<p><strong>Si en tant qu&rsquo;ind\u00e9pendant, vous exercez \u00e0 la fois des activit\u00e9s soumises \u00e0 la TVA et des activit\u00e9s exon\u00e9r\u00e9es de TVA, vous \u00eates assujetti mixte \u00e0 la TVA. Et si c\u2019est votre cas, vous ne devez envoyer des factures \u00e9lectroniques que pour vos activit\u00e9s soumises \u00e0 la TVA.<\/strong><\/p>\n\n\n\n<h2 class=\"wp-block-heading\"><strong>Pour qui la facturation \u00e9lectronique est-elle obligatoire ?<\/strong><\/h2>\n\n\n\n<p><strong>\u00c0 partir de 2026, toutes les entreprises belges assujetties \u00e0 la TVA devront envoyer des factures \u00e9lectroniques via Peppol. <\/strong>Ou en tout cas, pour toutes les transactions B2B entre entreprises. Donc pas besoin d\u2019envoyer des factures \u00e9lectroniques \u00e0 des particuliers.<\/p>\n\n\n    <!-- wp:acf\/blog-annotation -->\n    <div class=\"wp-block-acf-blog-annotation flex items-start gap-4 bg-light-purple py-6 px-4 rounded-lg mb-3 mt-3\">\n                    <img decoding=\"async\" class=\"flex-shrink-0\" src=\"https:\/\/www.accountable.eu\/wp-content\/themes\/accountable\/assets\/rebranding-images\/icons\/blog\/widgets\/exclamation.svg\" alt=\"exclamation\">\n        \n        <div class=\"blog-annotation__text\">\n            <p class=\"font-inter text-lg text-purple m-0\">Attention\u00a0: les <strong class=\"font-bold\">ind\u00e9pendants compl\u00e9mentaires <\/strong>et les <strong class=\"font-bold\">petites entreprises exon\u00e9r\u00e9es de TVA <\/strong>qui facturent \u00e0 des soci\u00e9t\u00e9s belges doivent eux aussi passer \u00e0 la facturation \u00e9lectronique d\u00e8s 2026. <a class=\"text-purple underline\" class=\"text-blue-600 hover:underline\" class=\"text-blue-600 hover:underline\" href=\"https:\/\/www.accountable.eu\/fr-be\/blog\/facturation-electronique-independants-complementaires\/\">Lisez-en plus dans cet article.<\/a><\/p>\n        <\/div>\n    <\/div>\n    <!-- \/wp:acf\/blog-annotation -->\n\n\n\n<h2 class=\"wp-block-heading\"><strong>Qu&rsquo;est-ce que l&rsquo;assujettissement mixte \u00e0 la TVA ?<\/strong><\/h2>\n\n\n\n<p>Vous \u00eates assujetti mixte \u00e0 la TVA si vous exercez \u00e0 la fois des activit\u00e9s exon\u00e9r\u00e9es de la TVA et des activit\u00e9s soumises \u00e0 la TVA.<\/p>\n\n\n\n<p><a href=\"https:\/\/help.accountable.eu\/fr\/articles\/11011239-professions-exemptees-selon-l-article-44\">L&rsquo;article 44 du code de la TVA<\/a> contient une liste de professions lib\u00e9rales exon\u00e9r\u00e9es de la TVA. Vous combinez une de ces professions lib\u00e9rales avec des activit\u00e9s soumises \u00e0 la TVA ? Dans ce cas, vous \u00eates soumis \u00e0 l\u2019assujettissement mixte \u00e0 la TVA en tant qu&rsquo;ind\u00e9pendant. Quelques exemples :<\/p>\n\n\n\n<ul class=\"wp-block-list\">\n<li>une dentiste ou kin\u00e9 qui vend \u00e9galement des produits<\/li>\n\n\n\n<li>une comptable qui donne aussi des formations<\/li>\n\n\n\n<li>un \u00e9tablissement d&rsquo;enseignement qui vend aussi du mat\u00e9riel p\u00e9dagogique<\/li>\n\n\n\n<li>un psychologue qui en plus de ses consultations, organise des ateliers<\/li>\n<\/ul>\n\n\n\n<h2 class=\"wp-block-heading\"><strong>Points d&rsquo;attention quand on est assujetti mixte \u00e0 la TVA <\/strong><\/h2>\n\n\n\n<p>La facturation et le d\u00e9p\u00f4t des d\u00e9clarations \u00e0 la TVA sont un peu plus compliqu\u00e9s pour les ind\u00e9pendants soumis \u00e0 <a href=\"https:\/\/www.accountable.eu\/fr-be\/blog\/assujettissement-mixte-tva-2\/\">l\u2019assujettissement mixte \u00e0 la TVA<\/a>.<\/p>\n\n\n\n<p>Sur vos factures et d\u00e9clarations, vous devez clairement distinguer les biens et services assujettis \u00e0 la TVA et ceux qui sont exon\u00e9r\u00e9s, et calculer correctement votre d\u00e9duction de la TVA.<\/p>\n\n\n\n<ul class=\"wp-block-list\">\n<li>Factures : Pour les biens et services exon\u00e9r\u00e9s de la TVA, indiquez clairement \u00ab&nbsp;Exempt\u00e9 de TVA en vertu de l\u2019article&nbsp;44 du Code de la TVA&nbsp;\u00bb. Pour les biens et services soumis \u00e0 la TVA, facturez le taux de TVA correct (6 %, 12 % ou 21 %).<\/li>\n\n\n\n<li>D\u00e9duction de la TVA : vous pouvez calculer votre d\u00e9duction de la TVA sur la base d&rsquo;un ratio (bas\u00e9 sur votre chiffre d&rsquo;affaires) ou de votre utilisation r\u00e9elle (bas\u00e9e sur l&rsquo;objectif des d\u00e9penses).<\/li>\n<\/ul>\n\n\n    <!-- wp:acf\/blog-annotation -->\n    <div class=\"wp-block-acf-blog-annotation flex items-start gap-4 bg-light-purple py-6 px-4 rounded-lg mb-3 mt-3\">\n                    <img decoding=\"async\" class=\"flex-shrink-0\" src=\"https:\/\/www.accountable.eu\/wp-content\/themes\/accountable\/assets\/rebranding-images\/icons\/blog\/widgets\/bulb.svg\" alt=\"bulb\">\n        \n        <div class=\"blog-annotation__text\">\n            <p class=\"font-inter text-lg text-purple m-0\">Vous voulez en savoir plus sur l&rsquo;assujettissement mixte \u00e0 la TVA ? <a class=\"text-purple underline\" class=\"text-purple underline\" class=\"text-blue-600 hover:underline\" class=\"text-purple underline\" class=\"text-blue-600 hover:underline\" href=\"https:\/\/www.accountable.eu\/fr-be\/blog\/assujettissement-mixte-tva-2\/\">Lisez-en plus ici sur la facturation, la d\u00e9duction de la TVA et les d\u00e9clarations \u00e0 la TVA dans le cadre de l&rsquo;assujettissement mixte \u00e0 la TVA.<\/a><\/p>\n        <\/div>\n    <\/div>\n    <!-- \/wp:acf\/blog-annotation -->\n\n\n\n<h2 class=\"wp-block-heading\"><strong>Facturation \u00e9lectronique et assujettissement mixte \u00e0 la TVA<\/strong><\/h2>\n\n\n\n<p><strong>Vous \u00eates ind\u00e9pendant assujetti mixte \u00e0 la TVA et vous envoyez des factures \u00e0 d&rsquo;autres entreprises belges ? Dans ce cas, d\u00e8s le 1er janvier 2026, vous devrez obligatoirement envoyer des factures \u00e9lectroniques via Peppol pour vos activit\u00e9s assujetties \u00e0 la TVA.<\/strong><\/p>\n\n\n    <!-- wp:acf\/blog-annotation -->\n    <div class=\"wp-block-acf-blog-annotation flex items-start gap-4 bg-light-purple py-6 px-4 rounded-lg mb-3 mt-3\">\n                    <img decoding=\"async\" class=\"flex-shrink-0\" src=\"https:\/\/www.accountable.eu\/wp-content\/themes\/accountable\/assets\/rebranding-images\/icons\/blog\/widgets\/exclamation.svg\" alt=\"exclamation\">\n        \n        <div class=\"blog-annotation__text\">\n            <p class=\"font-inter text-lg text-purple m-0\">Accountable ne prend actuellement pas en charge l\u2019assujettissement mixte \u00e0 la TVA. Veuillez contacter un comptable pour obtenir une assistance suppl\u00e9mentaire.<\/p>\n        <\/div>\n    <\/div>\n    <!-- \/wp:acf\/blog-annotation -->\n","protected":false},"excerpt":{"rendered":"<p>Si en tant qu&rsquo;ind\u00e9pendant, vous exercez \u00e0 la fois des activit\u00e9s soumises \u00e0 la TVA et des activit\u00e9s exon\u00e9r\u00e9es de TVA, vous \u00eates assujetti mixte \u00e0 la TVA. Et si c\u2019est votre cas, vous ne devez envoyer des factures \u00e9lectroniques que pour vos activit\u00e9s soumises \u00e0 la TVA. Pour qui la facturation \u00e9lectronique est-elle obligatoire [&hellip;]<\/p>\n","protected":false},"author":29,"featured_media":0,"comment_status":"closed","ping_status":"closed","sticky":false,"template":"","format":"standard","meta":{"inline_featured_image":false,"footnotes":""},"categories":[284,286],"tags":[306,409,315],"class_list":["post-18861","post","type-post","status-publish","format-standard","hentry","category-payer-et-declarer-la-tva","category-facturer-a-vos-clients","tag-facture","tag-peppol-2","tag-tva"],"acf":[],"yoast_head":"<!-- This site is optimized with the Yoast SEO plugin v27.4 - https:\/\/yoast.com\/product\/yoast-seo-wordpress\/ -->\n<title>La facturation \u00e9lectronique pour les assujettis mixtes \u00e0 la TVA - Accountable<\/title>\n<meta name=\"description\" content=\"Ind\u00e9pendant assujetti mixte \u00e0 la TVA ? Pour vos activit\u00e9s soumises \u00e0 la TVA, vous devrez envoyer des factures \u00e9lectroniques d\u00e8s 2026.\" \/>\n<meta name=\"robots\" content=\"index, follow, max-snippet:-1, max-image-preview:large, max-video-preview:-1\" \/>\n<link rel=\"canonical\" href=\"https:\/\/www.accountable.eu\/fr-be\/blog\/facturation-electronique-assujettissement-mixte-tva\/\" \/>\n<meta property=\"og:locale\" content=\"fr_FR\" \/>\n<meta property=\"og:type\" content=\"article\" \/>\n<meta property=\"og:title\" content=\"La facturation \u00e9lectronique pour les assujettis mixtes \u00e0 la TVA - Accountable\" \/>\n<meta property=\"og:description\" content=\"Ind\u00e9pendant assujetti mixte \u00e0 la TVA ? Pour vos activit\u00e9s soumises \u00e0 la TVA, vous devrez envoyer des factures \u00e9lectroniques d\u00e8s 2026.\" \/>\n<meta property=\"og:url\" content=\"https:\/\/www.accountable.eu\/fr-be\/blog\/facturation-electronique-assujettissement-mixte-tva\/\" \/>\n<meta property=\"og:site_name\" content=\"Accountable\" \/>\n<meta property=\"article:published_time\" content=\"2025-05-26T10:29:11+00:00\" \/>\n<meta property=\"article:modified_time\" content=\"2025-09-05T15:15:19+00:00\" \/>\n<meta name=\"author\" content=\"julie\" \/>\n<meta name=\"twitter:card\" content=\"summary_large_image\" \/>\n<meta name=\"twitter:label1\" content=\"\u00c9crit par\" \/>\n\t<meta name=\"twitter:data1\" content=\"julie\" \/>\n\t<meta name=\"twitter:label2\" content=\"Dur\u00e9e de lecture est.\" \/>\n\t<meta name=\"twitter:data2\" content=\"2 minutes\" \/>\n<script type=\"application\/ld+json\" class=\"yoast-schema-graph\">{\"@context\":\"https:\\\/\\\/schema.org\",\"@graph\":[{\"@type\":\"Article\",\"@id\":\"https:\\\/\\\/www.accountable.eu\\\/fr-be\\\/blog\\\/facturation-electronique-assujettissement-mixte-tva\\\/#article\",\"isPartOf\":{\"@id\":\"https:\\\/\\\/www.accountable.eu\\\/fr-be\\\/blog\\\/facturation-electronique-assujettissement-mixte-tva\\\/\"},\"author\":{\"name\":\"julie\",\"@id\":\"https:\\\/\\\/www.accountable.eu\\\/fr-be\\\/#\\\/schema\\\/person\\\/9c85ec213b340ca3e8c8e152f6723a71\"},\"headline\":\"Comment fonctionne la facturation \u00e9lectronique pour les assujettis mixtes \u00e0 la TVA ?\",\"datePublished\":\"2025-05-26T10:29:11+00:00\",\"dateModified\":\"2025-09-05T15:15:19+00:00\",\"mainEntityOfPage\":{\"@id\":\"https:\\\/\\\/www.accountable.eu\\\/fr-be\\\/blog\\\/facturation-electronique-assujettissement-mixte-tva\\\/\"},\"wordCount\":439,\"publisher\":{\"@id\":\"https:\\\/\\\/www.accountable.eu\\\/fr-be\\\/#organization\"},\"keywords\":[\"Factures\",\"Peppol\",\"TVA\"],\"articleSection\":[\"D\u00e9clarer et payer la TVA\",\"Facturer vos clients\"],\"inLanguage\":\"fr-BE\"},{\"@type\":\"WebPage\",\"@id\":\"https:\\\/\\\/www.accountable.eu\\\/fr-be\\\/blog\\\/facturation-electronique-assujettissement-mixte-tva\\\/\",\"url\":\"https:\\\/\\\/www.accountable.eu\\\/fr-be\\\/blog\\\/facturation-electronique-assujettissement-mixte-tva\\\/\",\"name\":\"La facturation \u00e9lectronique pour les assujettis mixtes \u00e0 la TVA - Accountable\",\"isPartOf\":{\"@id\":\"https:\\\/\\\/www.accountable.eu\\\/fr-be\\\/#website\"},\"datePublished\":\"2025-05-26T10:29:11+00:00\",\"dateModified\":\"2025-09-05T15:15:19+00:00\",\"description\":\"Ind\u00e9pendant assujetti mixte \u00e0 la TVA ? Pour vos activit\u00e9s soumises \u00e0 la TVA, vous devrez envoyer des factures \u00e9lectroniques d\u00e8s 2026.\",\"breadcrumb\":{\"@id\":\"https:\\\/\\\/www.accountable.eu\\\/fr-be\\\/blog\\\/facturation-electronique-assujettissement-mixte-tva\\\/#breadcrumb\"},\"inLanguage\":\"fr-BE\",\"potentialAction\":[{\"@type\":\"ReadAction\",\"target\":[\"https:\\\/\\\/www.accountable.eu\\\/fr-be\\\/blog\\\/facturation-electronique-assujettissement-mixte-tva\\\/\"]}]},{\"@type\":\"BreadcrumbList\",\"@id\":\"https:\\\/\\\/www.accountable.eu\\\/fr-be\\\/blog\\\/facturation-electronique-assujettissement-mixte-tva\\\/#breadcrumb\",\"itemListElement\":[{\"@type\":\"ListItem\",\"position\":1,\"name\":\"Home\",\"item\":\"https:\\\/\\\/www.accountable.eu\\\/fr-be\\\/\"},{\"@type\":\"ListItem\",\"position\":2,\"name\":\"Comment fonctionne la facturation \u00e9lectronique pour les assujettis mixtes \u00e0 la TVA ?\"}]},{\"@type\":\"WebSite\",\"@id\":\"https:\\\/\\\/www.accountable.eu\\\/fr-be\\\/#website\",\"url\":\"https:\\\/\\\/www.accountable.eu\\\/fr-be\\\/\",\"name\":\"Accountable\",\"description\":\"Your accountant and tax advisor on your smartphone\",\"publisher\":{\"@id\":\"https:\\\/\\\/www.accountable.eu\\\/fr-be\\\/#organization\"},\"potentialAction\":[{\"@type\":\"SearchAction\",\"target\":{\"@type\":\"EntryPoint\",\"urlTemplate\":\"https:\\\/\\\/www.accountable.eu\\\/fr-be\\\/?s={search_term_string}\"},\"query-input\":{\"@type\":\"PropertyValueSpecification\",\"valueRequired\":true,\"valueName\":\"search_term_string\"}}],\"inLanguage\":\"fr-BE\"},{\"@type\":\"Organization\",\"@id\":\"https:\\\/\\\/www.accountable.eu\\\/fr-be\\\/#organization\",\"name\":\"Accountable\",\"url\":\"https:\\\/\\\/www.accountable.eu\\\/fr-be\\\/\",\"logo\":{\"@type\":\"ImageObject\",\"inLanguage\":\"fr-BE\",\"@id\":\"https:\\\/\\\/www.accountable.eu\\\/fr-be\\\/#\\\/schema\\\/logo\\\/image\\\/\",\"url\":\"https:\\\/\\\/www.accountable.eu\\\/wp-content\\\/uploads\\\/2026\\\/04\\\/logo-512.png\",\"contentUrl\":\"https:\\\/\\\/www.accountable.eu\\\/wp-content\\\/uploads\\\/2026\\\/04\\\/logo-512.png\",\"width\":512,\"height\":512,\"caption\":\"Accountable\"},\"image\":{\"@id\":\"https:\\\/\\\/www.accountable.eu\\\/fr-be\\\/#\\\/schema\\\/logo\\\/image\\\/\"}},{\"@type\":\"Person\",\"@id\":\"https:\\\/\\\/www.accountable.eu\\\/fr-be\\\/#\\\/schema\\\/person\\\/9c85ec213b340ca3e8c8e152f6723a71\",\"name\":\"julie\",\"image\":{\"@type\":\"ImageObject\",\"inLanguage\":\"fr-BE\",\"@id\":\"https:\\\/\\\/secure.gravatar.com\\\/avatar\\\/84976ca8c4076c0af102d23ffc9c9145ea8291e3557ca33fa00841ff5aa46503?s=96&d=mm&r=g\",\"url\":\"https:\\\/\\\/secure.gravatar.com\\\/avatar\\\/84976ca8c4076c0af102d23ffc9c9145ea8291e3557ca33fa00841ff5aa46503?s=96&d=mm&r=g\",\"contentUrl\":\"https:\\\/\\\/secure.gravatar.com\\\/avatar\\\/84976ca8c4076c0af102d23ffc9c9145ea8291e3557ca33fa00841ff5aa46503?s=96&d=mm&r=g\",\"caption\":\"julie\"}}]}<\/script>\n<!-- \/ Yoast SEO plugin. -->","yoast_head_json":{"title":"La facturation \u00e9lectronique pour les assujettis mixtes \u00e0 la TVA - Accountable","description":"Ind\u00e9pendant assujetti mixte \u00e0 la TVA ? Pour vos activit\u00e9s soumises \u00e0 la TVA, vous devrez envoyer des factures \u00e9lectroniques d\u00e8s 2026.","robots":{"index":"index","follow":"follow","max-snippet":"max-snippet:-1","max-image-preview":"max-image-preview:large","max-video-preview":"max-video-preview:-1"},"canonical":"https:\/\/www.accountable.eu\/fr-be\/blog\/facturation-electronique-assujettissement-mixte-tva\/","og_locale":"fr_FR","og_type":"article","og_title":"La facturation \u00e9lectronique pour les assujettis mixtes \u00e0 la TVA - Accountable","og_description":"Ind\u00e9pendant assujetti mixte \u00e0 la TVA ? Pour vos activit\u00e9s soumises \u00e0 la TVA, vous devrez envoyer des factures \u00e9lectroniques d\u00e8s 2026.","og_url":"https:\/\/www.accountable.eu\/fr-be\/blog\/facturation-electronique-assujettissement-mixte-tva\/","og_site_name":"Accountable","article_published_time":"2025-05-26T10:29:11+00:00","article_modified_time":"2025-09-05T15:15:19+00:00","author":"julie","twitter_card":"summary_large_image","twitter_misc":{"\u00c9crit par":"julie","Dur\u00e9e de lecture est.":"2 minutes"},"schema":{"@context":"https:\/\/schema.org","@graph":[{"@type":"Article","@id":"https:\/\/www.accountable.eu\/fr-be\/blog\/facturation-electronique-assujettissement-mixte-tva\/#article","isPartOf":{"@id":"https:\/\/www.accountable.eu\/fr-be\/blog\/facturation-electronique-assujettissement-mixte-tva\/"},"author":{"name":"julie","@id":"https:\/\/www.accountable.eu\/fr-be\/#\/schema\/person\/9c85ec213b340ca3e8c8e152f6723a71"},"headline":"Comment fonctionne la facturation \u00e9lectronique pour les assujettis mixtes \u00e0 la TVA ?","datePublished":"2025-05-26T10:29:11+00:00","dateModified":"2025-09-05T15:15:19+00:00","mainEntityOfPage":{"@id":"https:\/\/www.accountable.eu\/fr-be\/blog\/facturation-electronique-assujettissement-mixte-tva\/"},"wordCount":439,"publisher":{"@id":"https:\/\/www.accountable.eu\/fr-be\/#organization"},"keywords":["Factures","Peppol","TVA"],"articleSection":["D\u00e9clarer et payer la TVA","Facturer vos clients"],"inLanguage":"fr-BE"},{"@type":"WebPage","@id":"https:\/\/www.accountable.eu\/fr-be\/blog\/facturation-electronique-assujettissement-mixte-tva\/","url":"https:\/\/www.accountable.eu\/fr-be\/blog\/facturation-electronique-assujettissement-mixte-tva\/","name":"La facturation \u00e9lectronique pour les assujettis mixtes \u00e0 la TVA - Accountable","isPartOf":{"@id":"https:\/\/www.accountable.eu\/fr-be\/#website"},"datePublished":"2025-05-26T10:29:11+00:00","dateModified":"2025-09-05T15:15:19+00:00","description":"Ind\u00e9pendant assujetti mixte \u00e0 la TVA ? Pour vos activit\u00e9s soumises \u00e0 la TVA, vous devrez envoyer des factures \u00e9lectroniques d\u00e8s 2026.","breadcrumb":{"@id":"https:\/\/www.accountable.eu\/fr-be\/blog\/facturation-electronique-assujettissement-mixte-tva\/#breadcrumb"},"inLanguage":"fr-BE","potentialAction":[{"@type":"ReadAction","target":["https:\/\/www.accountable.eu\/fr-be\/blog\/facturation-electronique-assujettissement-mixte-tva\/"]}]},{"@type":"BreadcrumbList","@id":"https:\/\/www.accountable.eu\/fr-be\/blog\/facturation-electronique-assujettissement-mixte-tva\/#breadcrumb","itemListElement":[{"@type":"ListItem","position":1,"name":"Home","item":"https:\/\/www.accountable.eu\/fr-be\/"},{"@type":"ListItem","position":2,"name":"Comment fonctionne la facturation \u00e9lectronique pour les assujettis mixtes \u00e0 la TVA ?"}]},{"@type":"WebSite","@id":"https:\/\/www.accountable.eu\/fr-be\/#website","url":"https:\/\/www.accountable.eu\/fr-be\/","name":"Accountable","description":"Your accountant and tax advisor on your smartphone","publisher":{"@id":"https:\/\/www.accountable.eu\/fr-be\/#organization"},"potentialAction":[{"@type":"SearchAction","target":{"@type":"EntryPoint","urlTemplate":"https:\/\/www.accountable.eu\/fr-be\/?s={search_term_string}"},"query-input":{"@type":"PropertyValueSpecification","valueRequired":true,"valueName":"search_term_string"}}],"inLanguage":"fr-BE"},{"@type":"Organization","@id":"https:\/\/www.accountable.eu\/fr-be\/#organization","name":"Accountable","url":"https:\/\/www.accountable.eu\/fr-be\/","logo":{"@type":"ImageObject","inLanguage":"fr-BE","@id":"https:\/\/www.accountable.eu\/fr-be\/#\/schema\/logo\/image\/","url":"https:\/\/www.accountable.eu\/wp-content\/uploads\/2026\/04\/logo-512.png","contentUrl":"https:\/\/www.accountable.eu\/wp-content\/uploads\/2026\/04\/logo-512.png","width":512,"height":512,"caption":"Accountable"},"image":{"@id":"https:\/\/www.accountable.eu\/fr-be\/#\/schema\/logo\/image\/"}},{"@type":"Person","@id":"https:\/\/www.accountable.eu\/fr-be\/#\/schema\/person\/9c85ec213b340ca3e8c8e152f6723a71","name":"julie","image":{"@type":"ImageObject","inLanguage":"fr-BE","@id":"https:\/\/secure.gravatar.com\/avatar\/84976ca8c4076c0af102d23ffc9c9145ea8291e3557ca33fa00841ff5aa46503?s=96&d=mm&r=g","url":"https:\/\/secure.gravatar.com\/avatar\/84976ca8c4076c0af102d23ffc9c9145ea8291e3557ca33fa00841ff5aa46503?s=96&d=mm&r=g","contentUrl":"https:\/\/secure.gravatar.com\/avatar\/84976ca8c4076c0af102d23ffc9c9145ea8291e3557ca33fa00841ff5aa46503?s=96&d=mm&r=g","caption":"julie"}}]}},"_links":{"self":[{"href":"https:\/\/www.accountable.eu\/fr-be\/wp-json\/wp\/v2\/posts\/18861","targetHints":{"allow":["GET"]}}],"collection":[{"href":"https:\/\/www.accountable.eu\/fr-be\/wp-json\/wp\/v2\/posts"}],"about":[{"href":"https:\/\/www.accountable.eu\/fr-be\/wp-json\/wp\/v2\/types\/post"}],"author":[{"embeddable":true,"href":"https:\/\/www.accountable.eu\/fr-be\/wp-json\/wp\/v2\/users\/29"}],"replies":[{"embeddable":true,"href":"https:\/\/www.accountable.eu\/fr-be\/wp-json\/wp\/v2\/comments?post=18861"}],"version-history":[{"count":0,"href":"https:\/\/www.accountable.eu\/fr-be\/wp-json\/wp\/v2\/posts\/18861\/revisions"}],"wp:attachment":[{"href":"https:\/\/www.accountable.eu\/fr-be\/wp-json\/wp\/v2\/media?parent=18861"}],"wp:term":[{"taxonomy":"category","embeddable":true,"href":"https:\/\/www.accountable.eu\/fr-be\/wp-json\/wp\/v2\/categories?post=18861"},{"taxonomy":"post_tag","embeddable":true,"href":"https:\/\/www.accountable.eu\/fr-be\/wp-json\/wp\/v2\/tags?post=18861"}],"curies":[{"name":"wp","href":"https:\/\/api.w.org\/{rel}","templated":true}]}}