{"id":19039,"date":"2025-07-03T12:10:47","date_gmt":"2025-07-03T10:10:47","guid":{"rendered":"https:\/\/www.accountable.eu\/?p=19039"},"modified":"2025-09-30T19:46:28","modified_gmt":"2025-09-30T17:46:28","slug":"facturation-electronique-professions-liberales","status":"publish","type":"post","link":"https:\/\/www.accountable.eu\/fr-be\/blog\/facturation-electronique-professions-liberales\/","title":{"rendered":"La facturation \u00e9lectronique est-elle obligatoire pour les professions lib\u00e9rales ?"},"content":{"rendered":"\n<p><strong>Les professions lib\u00e9rales ne sont pas oblig\u00e9es d&rsquo;envoyer des factures \u00e9lectroniques \u00e0 leur clients via Peppol en 2026. En effet, l&rsquo;obligation ne s&rsquo;applique qu&rsquo;aux transactions B2B entre entreprises assujetties \u00e0 la TVA. En tant que \u00ab&nbsp;professionnel lib\u00e9ral&nbsp;\u00bb, vous \u00eates exon\u00e9r\u00e9 de la TVA et cette nouvelle r\u00e8gle ne s&rsquo;applique donc pas \u00e0 vous.<\/strong><\/p>\n\n\n\n<p><strong>Vous \u00eates assujetti mixte \u00e0 la TVA ? Dans ce cas, la facturation \u00e9lectronique est obligatoire pour la partie soumise \u00e0 la TVA de votre activit\u00e9.<\/strong><\/p>\n\n\n\n<p><strong>Dans cet article, nous expliquons en d\u00e9tail quand vous devez ou non envoyer des factures \u00e9lectroniques.<\/strong><\/p>\n\n\n\n<h2 class=\"wp-block-heading\"><strong>Qu&rsquo;est-ce qu&rsquo;une profession lib\u00e9rale ?<\/strong><\/h2>\n\n\n\n<p>Pour rappel, les professions lib\u00e9rales sont des professions ind\u00e9pendantes qui n\u00e9cessitent une formation ou des qualifications sp\u00e9cifiques. En tant qu&rsquo;ind\u00e9pendant exer\u00e7ant une profession lib\u00e9rale, vous devez souvent respecter un code de d\u00e9ontologie contr\u00f4l\u00e9 par des organisations professionnelles.<\/p>\n\n\n\n<p>Les professions lib\u00e9rales les plus courantes sont les comptables, les pharmaciens, les architectes, les m\u00e9decins, les kin\u00e9sith\u00e9rapeutes, les psychologues, les nutritionnistes et les agents immobiliers. <strong>La liste compl\u00e8te des professions lib\u00e9rales figure \u00e0 l&rsquo;<\/strong><a href=\"https:\/\/www.minfin.fgov.be\/myminfin-web\/pages\/public\/fisconet\/document\/764d1c99-fe14-4835-a22d-53ae3f22c31c\"><strong>article 44 du code de la TVA<\/strong><\/a><strong>.<\/strong><\/p>\n\n\n\n<h2 class=\"wp-block-heading\"><strong>Les professions lib\u00e9rales sont-elles soumises \u00e0 la TVA ?<\/strong><\/h2>\n\n\n\n<p><strong>Les professions lib\u00e9rales ne sont pas soumises \u00e0 la TVA, <\/strong>elles b\u00e9n\u00e9ficient d&rsquo;une exemption sur la base de l&rsquo;article 44 du code de la TVA. Cela implique que vous ne facturez pas la TVA \u00e0 vos clients, que vous ne pouvez pas non plus d\u00e9duire de TVA et que vous ne devez pas d\u00e9poser de d\u00e9claration trimestrielle \u00e0 la TVA.<\/p>\n\n\n\n<p>Certaines professions lib\u00e9rales peuvent \u00eatre <strong>partiellement assujetties \u00e0 la TVA<\/strong>. <a href=\"https:\/\/www.accountable.eu\/nl-be\/blog\/gemengde-btw-plicht\/\"><\/a>Cet assujettissement <a href=\"https:\/\/www.accountable.eu\/fr-be\/blog\/assujettissement-mixte-tva-2\/\">mixte<\/a> \u00e0 la TVA s&rsquo;applique si, en plus de votre profession lib\u00e9rale, vous exercez des activit\u00e9s soumises \u00e0 la TVA (ex. vous donnez des formations ou vendez des produits).<\/p>\n\n\n\n<h2 class=\"wp-block-heading\"><strong>Professions lib\u00e9rales et facturation \u00e9lectronique<\/strong><\/h2>\n\n\n\n<p>La facturation \u00e9lectronique sera obligatoire d\u00e8s 2026 pour toutes les entreprises assujetties \u00e0 la TVA qui envoient des factures \u00e0 d&rsquo;autres entreprises. Pour les professions lib\u00e9rales totalement exon\u00e9r\u00e9es de TVA<strong>, cette obligation ne s&rsquo;applique donc pas<\/strong>.<\/p>\n\n\n\n<p>Pour les <strong>professions lib\u00e9rales assujetties mixtes \u00e0 la TVA<\/strong>, la situation est plus nuanc\u00e9e :<\/p>\n\n\n\n<ul class=\"wp-block-list\">\n<li>Pour vos activit\u00e9s exon\u00e9r\u00e9es de TVA, la facturation \u00e9lectronique reste non obligatoire.<\/li>\n\n\n\n<li>Vous envoyez des factures \u00e0 d&rsquo;autres entreprises pour vos activit\u00e9s soumises \u00e0 la TVA ? Dans ce cas, \u00e0 partir de 2026, vous devrez envoyer des factures \u00e9lectroniques pour ces activit\u00e9s.<\/li>\n\n\n\n<li>M\u00eame si vous travaillez uniquement avec des clients priv\u00e9s (B2C) et que vous n\u2019\u00e9mettez pas de factures pour eux, vous devez tout de m\u00eame \u00eatre conforme \u00e0 Peppol pour recevoir les e-factures de vos fournisseurs.<\/li>\n<\/ul>\n\n\n\n<h2 class=\"wp-block-heading\"><strong>En r\u00e9sum\u00e9<\/strong><\/h2>\n\n\n\n<ul class=\"wp-block-list\">\n<li>Les professions lib\u00e9rales non assujetties \u00e0 la TVA ne doivent pas envoyer de factures \u00e9lectroniques.<\/li>\n\n\n\n<li>Si, en plus de votre profession lib\u00e9rale, vous exercez une activit\u00e9 soumise \u00e0 la TVA et que vous facturez \u00e0 d&rsquo;autres entreprises, vous devez envoyer des factures \u00e9lectroniques pour ces services.<\/li>\n\n\n\n<li>Vous \u00eates pleinement assujetti \u00e0 la TVA et vous devez envoyer et recevoir des e-factures avec des entreprises belges ? Dans ce cas, la facturation \u00e9lectronique deviendra obligatoire pour vous d\u00e8s 2026.<\/li>\n<\/ul>\n\n\n\n<p><strong>Que vous soyez ou non oblig\u00e9 d&rsquo;envoyer des factures \u00e9lectroniques via Peppol, Accountable vous aide \u00e0 tenir votre comptabilit\u00e9 en toute facilit\u00e9. <\/strong><a href=\"http:\/\/web.accountable.eu\/\"><strong>Essayez Accountable gratuitement pendant 14 jours !<\/strong><\/a><\/p>\n","protected":false},"excerpt":{"rendered":"<p>Les professions lib\u00e9rales ne sont pas oblig\u00e9es d&rsquo;envoyer des factures \u00e9lectroniques \u00e0 leur clients via Peppol en 2026. En effet, l&rsquo;obligation ne s&rsquo;applique qu&rsquo;aux transactions B2B entre entreprises assujetties \u00e0 la TVA. En tant que \u00ab&nbsp;professionnel lib\u00e9ral&nbsp;\u00bb, vous \u00eates exon\u00e9r\u00e9 de la TVA et cette nouvelle r\u00e8gle ne s&rsquo;applique donc pas \u00e0 vous. Vous \u00eates [&hellip;]<\/p>\n","protected":false},"author":29,"featured_media":0,"comment_status":"closed","ping_status":"closed","sticky":false,"template":"","format":"standard","meta":{"inline_featured_image":false,"footnotes":""},"categories":[286],"tags":[306,409],"class_list":["post-19039","post","type-post","status-publish","format-standard","hentry","category-facturer-a-vos-clients","tag-facture","tag-peppol-2"],"acf":[],"yoast_head":"<!-- This site is optimized with the Yoast SEO plugin v27.4 - https:\/\/yoast.com\/product\/yoast-seo-wordpress\/ -->\n<title>La facturation \u00e9lectronique pour les professions lib\u00e9rales - Accountable<\/title>\n<meta name=\"description\" content=\"La facturation \u00e9lectronique n&#039;est pas obligatoire pour les professions lib\u00e9rales, sauf si vous \u00eates assujetti mixte \u00e0 la TVA. Lisez-en plus ici.\" \/>\n<meta name=\"robots\" content=\"index, follow, max-snippet:-1, max-image-preview:large, max-video-preview:-1\" \/>\n<link rel=\"canonical\" href=\"https:\/\/www.accountable.eu\/fr-be\/blog\/facturation-electronique-professions-liberales\/\" \/>\n<meta property=\"og:locale\" content=\"fr_FR\" \/>\n<meta property=\"og:type\" content=\"article\" \/>\n<meta property=\"og:title\" content=\"La facturation \u00e9lectronique pour les professions lib\u00e9rales - Accountable\" \/>\n<meta property=\"og:description\" content=\"La facturation \u00e9lectronique n&#039;est pas obligatoire pour les professions lib\u00e9rales, sauf si vous \u00eates assujetti mixte \u00e0 la TVA. Lisez-en plus ici.\" \/>\n<meta property=\"og:url\" content=\"https:\/\/www.accountable.eu\/fr-be\/blog\/facturation-electronique-professions-liberales\/\" \/>\n<meta property=\"og:site_name\" content=\"Accountable\" \/>\n<meta property=\"article:published_time\" content=\"2025-07-03T10:10:47+00:00\" \/>\n<meta property=\"article:modified_time\" content=\"2025-09-30T17:46:28+00:00\" \/>\n<meta name=\"author\" content=\"julie\" \/>\n<meta name=\"twitter:card\" content=\"summary_large_image\" \/>\n<meta name=\"twitter:label1\" content=\"\u00c9crit par\" \/>\n\t<meta name=\"twitter:data1\" content=\"julie\" \/>\n\t<meta name=\"twitter:label2\" content=\"Dur\u00e9e de lecture est.\" \/>\n\t<meta name=\"twitter:data2\" content=\"3 minutes\" \/>\n<script type=\"application\/ld+json\" class=\"yoast-schema-graph\">{\"@context\":\"https:\\\/\\\/schema.org\",\"@graph\":[{\"@type\":\"Article\",\"@id\":\"https:\\\/\\\/www.accountable.eu\\\/fr-be\\\/blog\\\/facturation-electronique-professions-liberales\\\/#article\",\"isPartOf\":{\"@id\":\"https:\\\/\\\/www.accountable.eu\\\/fr-be\\\/blog\\\/facturation-electronique-professions-liberales\\\/\"},\"author\":{\"name\":\"julie\",\"@id\":\"https:\\\/\\\/www.accountable.eu\\\/fr-be\\\/#\\\/schema\\\/person\\\/9c85ec213b340ca3e8c8e152f6723a71\"},\"headline\":\"La facturation \u00e9lectronique est-elle obligatoire pour les professions lib\u00e9rales ?\",\"datePublished\":\"2025-07-03T10:10:47+00:00\",\"dateModified\":\"2025-09-30T17:46:28+00:00\",\"mainEntityOfPage\":{\"@id\":\"https:\\\/\\\/www.accountable.eu\\\/fr-be\\\/blog\\\/facturation-electronique-professions-liberales\\\/\"},\"wordCount\":574,\"publisher\":{\"@id\":\"https:\\\/\\\/www.accountable.eu\\\/fr-be\\\/#organization\"},\"keywords\":[\"Factures\",\"Peppol\"],\"articleSection\":[\"Facturer vos clients\"],\"inLanguage\":\"fr-BE\"},{\"@type\":\"WebPage\",\"@id\":\"https:\\\/\\\/www.accountable.eu\\\/fr-be\\\/blog\\\/facturation-electronique-professions-liberales\\\/\",\"url\":\"https:\\\/\\\/www.accountable.eu\\\/fr-be\\\/blog\\\/facturation-electronique-professions-liberales\\\/\",\"name\":\"La facturation \u00e9lectronique pour les professions lib\u00e9rales - Accountable\",\"isPartOf\":{\"@id\":\"https:\\\/\\\/www.accountable.eu\\\/fr-be\\\/#website\"},\"datePublished\":\"2025-07-03T10:10:47+00:00\",\"dateModified\":\"2025-09-30T17:46:28+00:00\",\"description\":\"La facturation \u00e9lectronique n'est pas obligatoire pour les professions lib\u00e9rales, sauf si vous \u00eates assujetti mixte \u00e0 la TVA. Lisez-en plus ici.\",\"breadcrumb\":{\"@id\":\"https:\\\/\\\/www.accountable.eu\\\/fr-be\\\/blog\\\/facturation-electronique-professions-liberales\\\/#breadcrumb\"},\"inLanguage\":\"fr-BE\",\"potentialAction\":[{\"@type\":\"ReadAction\",\"target\":[\"https:\\\/\\\/www.accountable.eu\\\/fr-be\\\/blog\\\/facturation-electronique-professions-liberales\\\/\"]}]},{\"@type\":\"BreadcrumbList\",\"@id\":\"https:\\\/\\\/www.accountable.eu\\\/fr-be\\\/blog\\\/facturation-electronique-professions-liberales\\\/#breadcrumb\",\"itemListElement\":[{\"@type\":\"ListItem\",\"position\":1,\"name\":\"Home\",\"item\":\"https:\\\/\\\/www.accountable.eu\\\/fr-be\\\/\"},{\"@type\":\"ListItem\",\"position\":2,\"name\":\"La facturation \u00e9lectronique est-elle obligatoire pour les professions lib\u00e9rales ?\"}]},{\"@type\":\"WebSite\",\"@id\":\"https:\\\/\\\/www.accountable.eu\\\/fr-be\\\/#website\",\"url\":\"https:\\\/\\\/www.accountable.eu\\\/fr-be\\\/\",\"name\":\"Accountable\",\"description\":\"Your accountant and tax advisor on your smartphone\",\"publisher\":{\"@id\":\"https:\\\/\\\/www.accountable.eu\\\/fr-be\\\/#organization\"},\"potentialAction\":[{\"@type\":\"SearchAction\",\"target\":{\"@type\":\"EntryPoint\",\"urlTemplate\":\"https:\\\/\\\/www.accountable.eu\\\/fr-be\\\/?s={search_term_string}\"},\"query-input\":{\"@type\":\"PropertyValueSpecification\",\"valueRequired\":true,\"valueName\":\"search_term_string\"}}],\"inLanguage\":\"fr-BE\"},{\"@type\":\"Organization\",\"@id\":\"https:\\\/\\\/www.accountable.eu\\\/fr-be\\\/#organization\",\"name\":\"Accountable\",\"url\":\"https:\\\/\\\/www.accountable.eu\\\/fr-be\\\/\",\"logo\":{\"@type\":\"ImageObject\",\"inLanguage\":\"fr-BE\",\"@id\":\"https:\\\/\\\/www.accountable.eu\\\/fr-be\\\/#\\\/schema\\\/logo\\\/image\\\/\",\"url\":\"https:\\\/\\\/www.accountable.eu\\\/wp-content\\\/uploads\\\/2026\\\/04\\\/logo-512.png\",\"contentUrl\":\"https:\\\/\\\/www.accountable.eu\\\/wp-content\\\/uploads\\\/2026\\\/04\\\/logo-512.png\",\"width\":512,\"height\":512,\"caption\":\"Accountable\"},\"image\":{\"@id\":\"https:\\\/\\\/www.accountable.eu\\\/fr-be\\\/#\\\/schema\\\/logo\\\/image\\\/\"}},{\"@type\":\"Person\",\"@id\":\"https:\\\/\\\/www.accountable.eu\\\/fr-be\\\/#\\\/schema\\\/person\\\/9c85ec213b340ca3e8c8e152f6723a71\",\"name\":\"julie\",\"image\":{\"@type\":\"ImageObject\",\"inLanguage\":\"fr-BE\",\"@id\":\"https:\\\/\\\/secure.gravatar.com\\\/avatar\\\/84976ca8c4076c0af102d23ffc9c9145ea8291e3557ca33fa00841ff5aa46503?s=96&d=mm&r=g\",\"url\":\"https:\\\/\\\/secure.gravatar.com\\\/avatar\\\/84976ca8c4076c0af102d23ffc9c9145ea8291e3557ca33fa00841ff5aa46503?s=96&d=mm&r=g\",\"contentUrl\":\"https:\\\/\\\/secure.gravatar.com\\\/avatar\\\/84976ca8c4076c0af102d23ffc9c9145ea8291e3557ca33fa00841ff5aa46503?s=96&d=mm&r=g\",\"caption\":\"julie\"}}]}<\/script>\n<!-- \/ Yoast SEO plugin. -->","yoast_head_json":{"title":"La facturation \u00e9lectronique pour les professions lib\u00e9rales - Accountable","description":"La facturation \u00e9lectronique n'est pas obligatoire pour les professions lib\u00e9rales, sauf si vous \u00eates assujetti mixte \u00e0 la TVA. Lisez-en plus ici.","robots":{"index":"index","follow":"follow","max-snippet":"max-snippet:-1","max-image-preview":"max-image-preview:large","max-video-preview":"max-video-preview:-1"},"canonical":"https:\/\/www.accountable.eu\/fr-be\/blog\/facturation-electronique-professions-liberales\/","og_locale":"fr_FR","og_type":"article","og_title":"La facturation \u00e9lectronique pour les professions lib\u00e9rales - Accountable","og_description":"La facturation \u00e9lectronique n'est pas obligatoire pour les professions lib\u00e9rales, sauf si vous \u00eates assujetti mixte \u00e0 la TVA. Lisez-en plus ici.","og_url":"https:\/\/www.accountable.eu\/fr-be\/blog\/facturation-electronique-professions-liberales\/","og_site_name":"Accountable","article_published_time":"2025-07-03T10:10:47+00:00","article_modified_time":"2025-09-30T17:46:28+00:00","author":"julie","twitter_card":"summary_large_image","twitter_misc":{"\u00c9crit par":"julie","Dur\u00e9e de lecture est.":"3 minutes"},"schema":{"@context":"https:\/\/schema.org","@graph":[{"@type":"Article","@id":"https:\/\/www.accountable.eu\/fr-be\/blog\/facturation-electronique-professions-liberales\/#article","isPartOf":{"@id":"https:\/\/www.accountable.eu\/fr-be\/blog\/facturation-electronique-professions-liberales\/"},"author":{"name":"julie","@id":"https:\/\/www.accountable.eu\/fr-be\/#\/schema\/person\/9c85ec213b340ca3e8c8e152f6723a71"},"headline":"La facturation \u00e9lectronique est-elle obligatoire pour les professions lib\u00e9rales ?","datePublished":"2025-07-03T10:10:47+00:00","dateModified":"2025-09-30T17:46:28+00:00","mainEntityOfPage":{"@id":"https:\/\/www.accountable.eu\/fr-be\/blog\/facturation-electronique-professions-liberales\/"},"wordCount":574,"publisher":{"@id":"https:\/\/www.accountable.eu\/fr-be\/#organization"},"keywords":["Factures","Peppol"],"articleSection":["Facturer vos clients"],"inLanguage":"fr-BE"},{"@type":"WebPage","@id":"https:\/\/www.accountable.eu\/fr-be\/blog\/facturation-electronique-professions-liberales\/","url":"https:\/\/www.accountable.eu\/fr-be\/blog\/facturation-electronique-professions-liberales\/","name":"La facturation \u00e9lectronique pour les professions lib\u00e9rales - Accountable","isPartOf":{"@id":"https:\/\/www.accountable.eu\/fr-be\/#website"},"datePublished":"2025-07-03T10:10:47+00:00","dateModified":"2025-09-30T17:46:28+00:00","description":"La facturation \u00e9lectronique n'est pas obligatoire pour les professions lib\u00e9rales, sauf si vous \u00eates assujetti mixte \u00e0 la TVA. Lisez-en plus ici.","breadcrumb":{"@id":"https:\/\/www.accountable.eu\/fr-be\/blog\/facturation-electronique-professions-liberales\/#breadcrumb"},"inLanguage":"fr-BE","potentialAction":[{"@type":"ReadAction","target":["https:\/\/www.accountable.eu\/fr-be\/blog\/facturation-electronique-professions-liberales\/"]}]},{"@type":"BreadcrumbList","@id":"https:\/\/www.accountable.eu\/fr-be\/blog\/facturation-electronique-professions-liberales\/#breadcrumb","itemListElement":[{"@type":"ListItem","position":1,"name":"Home","item":"https:\/\/www.accountable.eu\/fr-be\/"},{"@type":"ListItem","position":2,"name":"La facturation \u00e9lectronique est-elle obligatoire pour les professions lib\u00e9rales ?"}]},{"@type":"WebSite","@id":"https:\/\/www.accountable.eu\/fr-be\/#website","url":"https:\/\/www.accountable.eu\/fr-be\/","name":"Accountable","description":"Your accountant and tax advisor on your smartphone","publisher":{"@id":"https:\/\/www.accountable.eu\/fr-be\/#organization"},"potentialAction":[{"@type":"SearchAction","target":{"@type":"EntryPoint","urlTemplate":"https:\/\/www.accountable.eu\/fr-be\/?s={search_term_string}"},"query-input":{"@type":"PropertyValueSpecification","valueRequired":true,"valueName":"search_term_string"}}],"inLanguage":"fr-BE"},{"@type":"Organization","@id":"https:\/\/www.accountable.eu\/fr-be\/#organization","name":"Accountable","url":"https:\/\/www.accountable.eu\/fr-be\/","logo":{"@type":"ImageObject","inLanguage":"fr-BE","@id":"https:\/\/www.accountable.eu\/fr-be\/#\/schema\/logo\/image\/","url":"https:\/\/www.accountable.eu\/wp-content\/uploads\/2026\/04\/logo-512.png","contentUrl":"https:\/\/www.accountable.eu\/wp-content\/uploads\/2026\/04\/logo-512.png","width":512,"height":512,"caption":"Accountable"},"image":{"@id":"https:\/\/www.accountable.eu\/fr-be\/#\/schema\/logo\/image\/"}},{"@type":"Person","@id":"https:\/\/www.accountable.eu\/fr-be\/#\/schema\/person\/9c85ec213b340ca3e8c8e152f6723a71","name":"julie","image":{"@type":"ImageObject","inLanguage":"fr-BE","@id":"https:\/\/secure.gravatar.com\/avatar\/84976ca8c4076c0af102d23ffc9c9145ea8291e3557ca33fa00841ff5aa46503?s=96&d=mm&r=g","url":"https:\/\/secure.gravatar.com\/avatar\/84976ca8c4076c0af102d23ffc9c9145ea8291e3557ca33fa00841ff5aa46503?s=96&d=mm&r=g","contentUrl":"https:\/\/secure.gravatar.com\/avatar\/84976ca8c4076c0af102d23ffc9c9145ea8291e3557ca33fa00841ff5aa46503?s=96&d=mm&r=g","caption":"julie"}}]}},"_links":{"self":[{"href":"https:\/\/www.accountable.eu\/fr-be\/wp-json\/wp\/v2\/posts\/19039","targetHints":{"allow":["GET"]}}],"collection":[{"href":"https:\/\/www.accountable.eu\/fr-be\/wp-json\/wp\/v2\/posts"}],"about":[{"href":"https:\/\/www.accountable.eu\/fr-be\/wp-json\/wp\/v2\/types\/post"}],"author":[{"embeddable":true,"href":"https:\/\/www.accountable.eu\/fr-be\/wp-json\/wp\/v2\/users\/29"}],"replies":[{"embeddable":true,"href":"https:\/\/www.accountable.eu\/fr-be\/wp-json\/wp\/v2\/comments?post=19039"}],"version-history":[{"count":0,"href":"https:\/\/www.accountable.eu\/fr-be\/wp-json\/wp\/v2\/posts\/19039\/revisions"}],"wp:attachment":[{"href":"https:\/\/www.accountable.eu\/fr-be\/wp-json\/wp\/v2\/media?parent=19039"}],"wp:term":[{"taxonomy":"category","embeddable":true,"href":"https:\/\/www.accountable.eu\/fr-be\/wp-json\/wp\/v2\/categories?post=19039"},{"taxonomy":"post_tag","embeddable":true,"href":"https:\/\/www.accountable.eu\/fr-be\/wp-json\/wp\/v2\/tags?post=19039"}],"curies":[{"name":"wp","href":"https:\/\/api.w.org\/{rel}","templated":true}]}}