{"id":19040,"date":"2025-06-30T17:00:43","date_gmt":"2025-06-30T15:00:43","guid":{"rendered":"https:\/\/www.accountable.eu\/?p=19040"},"modified":"2026-03-31T16:00:21","modified_gmt":"2026-03-31T14:00:21","slug":"jours-feries-belgique","status":"publish","type":"post","link":"https:\/\/www.accountable.eu\/fr-be\/blog\/jours-feries-belgique\/","title":{"rendered":"Tous les jours f\u00e9ri\u00e9s en Belgique en un coup d&rsquo;\u0153il"},"content":{"rendered":"\n<p><strong>Vous pr\u00e9parez votre planning pour le reste de l&rsquo;ann\u00e9e, ou vous voulez tout simplement savoir quand vos clients seront en vacances&nbsp;? M\u00eame pour un ind\u00e9pendant, il est pratique de savoir quand tombent les jours f\u00e9ri\u00e9s officiels et les p\u00e9riodes de cong\u00e9s en Belgique.<\/strong><\/p>\n\n\n\n<p><strong>Vous pouvez ainsi planifier, \u00e9valuer quand vont tomber les p\u00e9riodes calmes ou charg\u00e9es et donc, anticiper les attentes de vos clients. Sur cette page, nous avons r\u00e9pertori\u00e9 tous les jours f\u00e9ri\u00e9s, les cong\u00e9s du b\u00e2timent et certains pics d&rsquo;activit\u00e9 commerciale.<\/strong><\/p>\n\n\n\n<h2 class=\"wp-block-heading\">Jours f\u00e9ri\u00e9s 2026<\/h2>\n\n\n\n<p>La Belgique compte <strong>12 jours f\u00e9ri\u00e9s <\/strong>qui s&rsquo;appliquent \u00e0 l&rsquo;ensemble du pays.<\/p>\n\n\n\n<figure class=\"wp-block-table\"><table class=\"has-fixed-layout\"><tbody><tr><td><strong>01\/01\/2026<\/strong><\/td><td>Jour de l&rsquo;An<\/td><\/tr><tr><td><strong>05\/04\/2026<\/strong><\/td><td>P\u00e2ques<\/td><\/tr><tr><td><strong>06\/04\/2026<\/strong><\/td><td>Lundi de P\u00e2ques<\/td><\/tr><tr><td><strong>01\/05\/2026<\/strong><\/td><td>F\u00eate du travail<\/td><\/tr><tr><td><strong>14\/05\/2026<\/strong><\/td><td>Ascension<\/td><\/tr><tr><td><strong>24\/05\/2026<\/strong><\/td><td>Pentec\u00f4te<\/td><\/tr><tr><td><strong>25\/05\/2026<\/strong><\/td><td>Lundi de Pentec\u00f4te<\/td><\/tr><tr><td><strong>21\/07\/2026<\/strong><\/td><td>F\u00eate nationale<\/td><\/tr><tr><td><strong>15\/08\/2026<\/strong><\/td><td>Assomption<\/td><\/tr><tr><td><strong>01\/11\/2026<\/strong><\/td><td>Toussaint<\/td><\/tr><tr><td><strong>11\/11\/2026<\/strong><\/td><td>Armistice<\/td><\/tr><tr><td><strong>25\/12\/2026<\/strong><\/td><td>No\u00ebl<\/td><\/tr><\/tbody><\/table><\/figure>\n\n\n\n<h2 class=\"wp-block-heading\">Jours f\u00e9ri\u00e9s suppl\u00e9mentaires pour les administrations<\/h2>\n\n\n\n<figure class=\"wp-block-table\"><table class=\"has-fixed-layout\"><tbody><tr><td><strong>11\/07\/2026<\/strong><\/td><td>F\u00eate de la Communaut\u00e9 flamande<br>(pour les services publics flamands)<\/td><\/tr><tr><td><strong>27\/09\/2026<\/strong><\/td><td>F\u00eate de la F\u00e9d\u00e9ration Wallonie-Bruxelles<br>(pour les services publics wallons)<\/td><\/tr><tr><td><strong>02\/11\/2026<\/strong><\/td><td>Toussaint<br>(pour les services publics f\u00e9d\u00e9raux)<\/td><\/tr><tr><td><strong>15\/11\/2026<\/strong><\/td><td>F\u00eate du Roi<br>(pour les services publics f\u00e9d\u00e9raux)<\/td><\/tr><tr><td><strong>15\/11\/2026<\/strong><\/td><td>F\u00eate de la Communaut\u00e9 germanophone<br>(pour les services publics germanophones)<br><\/td><\/tr><\/tbody><\/table><\/figure>\n\n\n\n<h2 class=\"wp-block-heading\"><strong>Cong\u00e9s du b\u00e2timent en Belgique 2026<\/strong><\/h2>\n\n\n\n<p><strong>Les cong\u00e9s du b\u00e2timent ne sont pas une p\u00e9riode de vacances impos\u00e9e par la loi, il s&rsquo;agit d&rsquo;un accord conclu au sein du secteur de la construction.<\/strong> Bien qu&rsquo;il ne soit pas obligatoire, la majorit\u00e9 des entreprises de construction et des fournisseurs, architectes et autres ind\u00e9pendants du secteur respectent ces p\u00e9riodes.<\/p>\n\n\n\n<h3 class=\"wp-block-heading\">Cong\u00e9s du b\u00e2timent en Flandre<\/h3>\n\n\n\n<figure class=\"wp-block-table\"><table class=\"has-fixed-layout\"><tbody><tr><td><strong>Cong\u00e9s du b\u00e2timent Flandre occidentale<\/strong> <strong>et Flandre orientale<\/strong><\/td><td>Du 20\/07\/2026 au 07\/08\/2026<br>(Canton de Lokeren : 20\/07\/2026 au 07\/08\/2026)<\/td><\/tr><tr><td><strong>Cong\u00e9s du b\u00e2timent Anvers, Brabant flamand et Limbourg&nbsp;:<\/strong><\/td><td>13\/07\/2026 au 31\/07\/2026<\/td><\/tr><\/tbody><\/table><\/figure>\n\n\n\n<h3 class=\"wp-block-heading\">Cong\u00e9s du b\u00e2timent en Wallonie<\/h3>\n\n\n\n<figure class=\"wp-block-table\"><table class=\"has-fixed-layout\"><tbody><tr><td><strong>Cong\u00e9s du b\u00e2timent Brabant wallon et Namur<\/strong><\/td><td>13\/07\/2026 au 02\/08\/2026<\/td><\/tr><tr><td><strong>Cong\u00e9s du b\u00e2timent Li\u00e8ge et Hainaut<\/strong><\/td><td>13\/07\/2026 au 02\/08\/2026<\/td><\/tr><tr><td><strong>Cong\u00e9s du b\u00e2timent Luxembourg<\/strong><\/td><td>20\/07\/2026 au 07\/08\/2026<\/td><\/tr><\/tbody><\/table><\/figure>\n\n\n\n<h2 class=\"wp-block-heading\">Des f\u00eates non officielles, mais importantes<\/h2>\n\n\n\n<p>Outre les jours f\u00e9ri\u00e9s l\u00e9gaux, il y a des p\u00e9riodes de l&rsquo;ann\u00e9e o\u00f9 les clients ou fournisseurs prennent plus souvent des cong\u00e9s ou qui, au contraire, sont des p\u00e9riodes plus charg\u00e9es, tant en projets qu\u2019au niveau du marketing.<\/p>\n\n\n\n<p>En tant qu&rsquo;ind\u00e9pendant, mieux vaut en tenir compte pour les campagnes de marketing ou pour planifier ses p\u00e9riodes de cong\u00e9s.<\/p>\n\n\n\n<figure class=\"wp-block-table\"><table class=\"has-fixed-layout\"><tbody><tr><td><strong>Saint-Valentin<\/strong><\/td><td>14\/02\/2026<\/td><\/tr><tr><td><strong>F\u00eate des m\u00e8res<\/strong><\/td><td>10\/05\/2026<br>15\/08\/2026 (Anvers)<\/td><\/tr><tr><td><strong>F\u00eate des p\u00e8res<\/strong><\/td><td>14\/06\/2026<\/td><\/tr><tr><td><strong>Halloween<\/strong><\/td><td>31\/10\/2026<\/td><\/tr><tr><td><strong>Black Friday<\/strong><\/td><td>28\/11\/2026<\/td><\/tr><tr><td><strong>Saint-Nicolas<\/strong><\/td><td>06\/12\/2026<br><\/td><\/tr><\/tbody><\/table><\/figure>\n\n\n\n<p><strong>\u00catre ind\u00e9pendant, \u00e7a implique d\u2019\u00eatre libre de travailler quand on le souhaite. Mais mieux vaut tenir compte des jours f\u00e9ri\u00e9s, des p\u00e9riodes de fermeture collective et des pics importants de l&rsquo;ann\u00e9e pour planifier efficacement votre emploi du temps.<\/strong> Tenez compte de ces dates, profitez-en pour vous accorder vous aussi un peu de cong\u00e9s ou justement, soyez pleinement disponible pendant les pics.<\/p>\n\n\n    <!-- wp:acf\/blog-annotation -->\n    <div class=\"wp-block-acf-blog-annotation flex items-start gap-4 bg-light-purple py-6 px-4 rounded-lg mb-3 mt-3\">\n                    <img decoding=\"async\" class=\"flex-shrink-0\" src=\"https:\/\/www.accountable.eu\/wp-content\/themes\/accountable\/assets\/rebranding-images\/icons\/blog\/widgets\/star.svg\" alt=\"star\">\n        \n        <div class=\"blog-annotation__text\">\n            <p class=\"font-inter text-lg text-purple m-0\"><!-- wp:paragraph -->Un jour f\u00e9ri\u00e9 o\u00f9 vos clients et fournisseurs sont en cong\u00e9 est <strong class=\"font-bold\">un jour id\u00e9al pour mettre de l&rsquo;ordre dans votre administration<\/strong>, par exemple. Heureusement, c\u2019est facile et rapide avec Accountable. De quoi vous offrir\u2026 un peu de temps libre suppl\u00e9mentaire.<\/p>\n<p class=\"font-inter text-lg text-purple m-0\"><!-- \/wp:paragraph --><!-- wp:paragraph --><a class=\"text-purple underline\" class=\"text-blue-600 hover:underline\" class=\"text-blue-600 hover:underline\" href=\"https:\/\/web.accountable.eu\/signup?_gl=1*km1uvh*_gcl_aw*R0NMLjE3NDIyOTUzODIuQ2owS0NRandzLVMtQmhEMkFSSXNBTHNzRzBZSnE5d3djQzNybGg4RzdDZmcyMGhDdGhXSldWVjFSdU1PSVByWjNCZEU5b21MUzZEUVYzWWFBcllSRUFMd193Y0I.*_gcl_au*MTk0NTg0MDYyNC4xNzQ1MzEyMjU5\"><strong class=\"font-bold\">Essayez Accountable gratuitement pendant 14 jours.<\/strong><\/a><\/p>\n<p class=\"font-inter text-lg text-purple m-0\"><!-- \/wp:paragraph --><\/p>\n        <\/div>\n    <\/div>\n    <!-- \/wp:acf\/blog-annotation -->\n","protected":false},"excerpt":{"rendered":"<p>Vous pr\u00e9parez votre planning pour le reste de l&rsquo;ann\u00e9e, ou vous voulez tout simplement savoir quand vos clients seront en vacances&nbsp;? M\u00eame pour un ind\u00e9pendant, il est pratique de savoir quand tombent les jours f\u00e9ri\u00e9s officiels et les p\u00e9riodes de cong\u00e9s en Belgique. Vous pouvez ainsi planifier, \u00e9valuer quand vont tomber les p\u00e9riodes calmes ou [&hellip;]<\/p>\n","protected":false},"author":29,"featured_media":0,"comment_status":"closed","ping_status":"closed","sticky":false,"template":"","format":"standard","meta":{"inline_featured_image":false,"footnotes":""},"categories":[291],"tags":[300,364],"class_list":["post-19040","post","type-post","status-publish","format-standard","hentry","category-informations-pratiques","tag-comptabilite","tag-freelance"],"acf":[],"yoast_head":"<!-- This site is optimized with the Yoast SEO plugin v27.4 - https:\/\/yoast.com\/product\/yoast-seo-wordpress\/ -->\n<title>Tous les jours f\u00e9ri\u00e9s en Belgique en un coup d&#039;\u0153il - Accountable<\/title>\n<meta name=\"description\" content=\"En tant qu&#039;ind\u00e9pendant, sachez pr\u00e9voir les pics et les p\u00e9riodes creuses en connaissant les jours f\u00e9ri\u00e9s et les p\u00e9riodes de vacances belges.\" \/>\n<meta name=\"robots\" content=\"index, follow, max-snippet:-1, max-image-preview:large, max-video-preview:-1\" \/>\n<link rel=\"canonical\" href=\"https:\/\/www.accountable.eu\/fr-be\/blog\/jours-feries-belgique\/\" \/>\n<meta property=\"og:locale\" content=\"fr_FR\" \/>\n<meta property=\"og:type\" content=\"article\" \/>\n<meta property=\"og:title\" content=\"Tous les jours f\u00e9ri\u00e9s en Belgique en un coup d&#039;\u0153il - Accountable\" \/>\n<meta property=\"og:description\" content=\"En tant qu&#039;ind\u00e9pendant, sachez pr\u00e9voir les pics et les p\u00e9riodes creuses en connaissant les jours f\u00e9ri\u00e9s et les p\u00e9riodes de vacances belges.\" \/>\n<meta property=\"og:url\" content=\"https:\/\/www.accountable.eu\/fr-be\/blog\/jours-feries-belgique\/\" \/>\n<meta property=\"og:site_name\" content=\"Accountable\" \/>\n<meta property=\"article:published_time\" content=\"2025-06-30T15:00:43+00:00\" \/>\n<meta property=\"article:modified_time\" content=\"2026-03-31T14:00:21+00:00\" \/>\n<meta name=\"author\" content=\"julie\" \/>\n<meta name=\"twitter:card\" content=\"summary_large_image\" \/>\n<meta name=\"twitter:label1\" content=\"\u00c9crit par\" \/>\n\t<meta name=\"twitter:data1\" content=\"julie\" \/>\n\t<meta name=\"twitter:label2\" content=\"Dur\u00e9e de lecture est.\" \/>\n\t<meta name=\"twitter:data2\" content=\"2 minutes\" \/>\n<script type=\"application\/ld+json\" class=\"yoast-schema-graph\">{\"@context\":\"https:\\\/\\\/schema.org\",\"@graph\":[{\"@type\":\"Article\",\"@id\":\"https:\\\/\\\/www.accountable.eu\\\/fr-be\\\/blog\\\/jours-feries-belgique\\\/#article\",\"isPartOf\":{\"@id\":\"https:\\\/\\\/www.accountable.eu\\\/fr-be\\\/blog\\\/jours-feries-belgique\\\/\"},\"author\":{\"name\":\"julie\",\"@id\":\"https:\\\/\\\/www.accountable.eu\\\/fr-be\\\/#\\\/schema\\\/person\\\/9c85ec213b340ca3e8c8e152f6723a71\"},\"headline\":\"Tous les jours f\u00e9ri\u00e9s en Belgique en un coup d&rsquo;\u0153il\",\"datePublished\":\"2025-06-30T15:00:43+00:00\",\"dateModified\":\"2026-03-31T14:00:21+00:00\",\"mainEntityOfPage\":{\"@id\":\"https:\\\/\\\/www.accountable.eu\\\/fr-be\\\/blog\\\/jours-feries-belgique\\\/\"},\"wordCount\":524,\"publisher\":{\"@id\":\"https:\\\/\\\/www.accountable.eu\\\/fr-be\\\/#organization\"},\"keywords\":[\"Comptabilit\u00e9\",\"freelance\"],\"articleSection\":[\"Informations pratiques\"],\"inLanguage\":\"fr-BE\"},{\"@type\":\"WebPage\",\"@id\":\"https:\\\/\\\/www.accountable.eu\\\/fr-be\\\/blog\\\/jours-feries-belgique\\\/\",\"url\":\"https:\\\/\\\/www.accountable.eu\\\/fr-be\\\/blog\\\/jours-feries-belgique\\\/\",\"name\":\"Tous les jours f\u00e9ri\u00e9s en Belgique en un coup d'\u0153il - Accountable\",\"isPartOf\":{\"@id\":\"https:\\\/\\\/www.accountable.eu\\\/fr-be\\\/#website\"},\"datePublished\":\"2025-06-30T15:00:43+00:00\",\"dateModified\":\"2026-03-31T14:00:21+00:00\",\"description\":\"En tant qu'ind\u00e9pendant, sachez pr\u00e9voir les pics et les p\u00e9riodes creuses en connaissant les jours f\u00e9ri\u00e9s et les p\u00e9riodes de vacances belges.\",\"breadcrumb\":{\"@id\":\"https:\\\/\\\/www.accountable.eu\\\/fr-be\\\/blog\\\/jours-feries-belgique\\\/#breadcrumb\"},\"inLanguage\":\"fr-BE\",\"potentialAction\":[{\"@type\":\"ReadAction\",\"target\":[\"https:\\\/\\\/www.accountable.eu\\\/fr-be\\\/blog\\\/jours-feries-belgique\\\/\"]}]},{\"@type\":\"BreadcrumbList\",\"@id\":\"https:\\\/\\\/www.accountable.eu\\\/fr-be\\\/blog\\\/jours-feries-belgique\\\/#breadcrumb\",\"itemListElement\":[{\"@type\":\"ListItem\",\"position\":1,\"name\":\"Home\",\"item\":\"https:\\\/\\\/www.accountable.eu\\\/fr-be\\\/\"},{\"@type\":\"ListItem\",\"position\":2,\"name\":\"Tous les jours f\u00e9ri\u00e9s en Belgique en un coup d&#8217;\u0153il\"}]},{\"@type\":\"WebSite\",\"@id\":\"https:\\\/\\\/www.accountable.eu\\\/fr-be\\\/#website\",\"url\":\"https:\\\/\\\/www.accountable.eu\\\/fr-be\\\/\",\"name\":\"Accountable\",\"description\":\"Your accountant and tax advisor on your smartphone\",\"publisher\":{\"@id\":\"https:\\\/\\\/www.accountable.eu\\\/fr-be\\\/#organization\"},\"potentialAction\":[{\"@type\":\"SearchAction\",\"target\":{\"@type\":\"EntryPoint\",\"urlTemplate\":\"https:\\\/\\\/www.accountable.eu\\\/fr-be\\\/?s={search_term_string}\"},\"query-input\":{\"@type\":\"PropertyValueSpecification\",\"valueRequired\":true,\"valueName\":\"search_term_string\"}}],\"inLanguage\":\"fr-BE\"},{\"@type\":\"Organization\",\"@id\":\"https:\\\/\\\/www.accountable.eu\\\/fr-be\\\/#organization\",\"name\":\"Accountable\",\"url\":\"https:\\\/\\\/www.accountable.eu\\\/fr-be\\\/\",\"logo\":{\"@type\":\"ImageObject\",\"inLanguage\":\"fr-BE\",\"@id\":\"https:\\\/\\\/www.accountable.eu\\\/fr-be\\\/#\\\/schema\\\/logo\\\/image\\\/\",\"url\":\"https:\\\/\\\/www.accountable.eu\\\/wp-content\\\/uploads\\\/2026\\\/04\\\/logo-512.png\",\"contentUrl\":\"https:\\\/\\\/www.accountable.eu\\\/wp-content\\\/uploads\\\/2026\\\/04\\\/logo-512.png\",\"width\":512,\"height\":512,\"caption\":\"Accountable\"},\"image\":{\"@id\":\"https:\\\/\\\/www.accountable.eu\\\/fr-be\\\/#\\\/schema\\\/logo\\\/image\\\/\"}},{\"@type\":\"Person\",\"@id\":\"https:\\\/\\\/www.accountable.eu\\\/fr-be\\\/#\\\/schema\\\/person\\\/9c85ec213b340ca3e8c8e152f6723a71\",\"name\":\"julie\",\"image\":{\"@type\":\"ImageObject\",\"inLanguage\":\"fr-BE\",\"@id\":\"https:\\\/\\\/secure.gravatar.com\\\/avatar\\\/84976ca8c4076c0af102d23ffc9c9145ea8291e3557ca33fa00841ff5aa46503?s=96&d=mm&r=g\",\"url\":\"https:\\\/\\\/secure.gravatar.com\\\/avatar\\\/84976ca8c4076c0af102d23ffc9c9145ea8291e3557ca33fa00841ff5aa46503?s=96&d=mm&r=g\",\"contentUrl\":\"https:\\\/\\\/secure.gravatar.com\\\/avatar\\\/84976ca8c4076c0af102d23ffc9c9145ea8291e3557ca33fa00841ff5aa46503?s=96&d=mm&r=g\",\"caption\":\"julie\"}}]}<\/script>\n<!-- \/ Yoast SEO plugin. -->","yoast_head_json":{"title":"Tous les jours f\u00e9ri\u00e9s en Belgique en un coup d'\u0153il - Accountable","description":"En tant qu'ind\u00e9pendant, sachez pr\u00e9voir les pics et les p\u00e9riodes creuses en connaissant les jours f\u00e9ri\u00e9s et les p\u00e9riodes de vacances belges.","robots":{"index":"index","follow":"follow","max-snippet":"max-snippet:-1","max-image-preview":"max-image-preview:large","max-video-preview":"max-video-preview:-1"},"canonical":"https:\/\/www.accountable.eu\/fr-be\/blog\/jours-feries-belgique\/","og_locale":"fr_FR","og_type":"article","og_title":"Tous les jours f\u00e9ri\u00e9s en Belgique en un coup d'\u0153il - Accountable","og_description":"En tant qu'ind\u00e9pendant, sachez pr\u00e9voir les pics et les p\u00e9riodes creuses en connaissant les jours f\u00e9ri\u00e9s et les p\u00e9riodes de vacances belges.","og_url":"https:\/\/www.accountable.eu\/fr-be\/blog\/jours-feries-belgique\/","og_site_name":"Accountable","article_published_time":"2025-06-30T15:00:43+00:00","article_modified_time":"2026-03-31T14:00:21+00:00","author":"julie","twitter_card":"summary_large_image","twitter_misc":{"\u00c9crit par":"julie","Dur\u00e9e de lecture est.":"2 minutes"},"schema":{"@context":"https:\/\/schema.org","@graph":[{"@type":"Article","@id":"https:\/\/www.accountable.eu\/fr-be\/blog\/jours-feries-belgique\/#article","isPartOf":{"@id":"https:\/\/www.accountable.eu\/fr-be\/blog\/jours-feries-belgique\/"},"author":{"name":"julie","@id":"https:\/\/www.accountable.eu\/fr-be\/#\/schema\/person\/9c85ec213b340ca3e8c8e152f6723a71"},"headline":"Tous les jours f\u00e9ri\u00e9s en Belgique en un coup d&rsquo;\u0153il","datePublished":"2025-06-30T15:00:43+00:00","dateModified":"2026-03-31T14:00:21+00:00","mainEntityOfPage":{"@id":"https:\/\/www.accountable.eu\/fr-be\/blog\/jours-feries-belgique\/"},"wordCount":524,"publisher":{"@id":"https:\/\/www.accountable.eu\/fr-be\/#organization"},"keywords":["Comptabilit\u00e9","freelance"],"articleSection":["Informations pratiques"],"inLanguage":"fr-BE"},{"@type":"WebPage","@id":"https:\/\/www.accountable.eu\/fr-be\/blog\/jours-feries-belgique\/","url":"https:\/\/www.accountable.eu\/fr-be\/blog\/jours-feries-belgique\/","name":"Tous les jours f\u00e9ri\u00e9s en Belgique en un coup d'\u0153il - Accountable","isPartOf":{"@id":"https:\/\/www.accountable.eu\/fr-be\/#website"},"datePublished":"2025-06-30T15:00:43+00:00","dateModified":"2026-03-31T14:00:21+00:00","description":"En tant qu'ind\u00e9pendant, sachez pr\u00e9voir les pics et les p\u00e9riodes creuses en connaissant les jours f\u00e9ri\u00e9s et les p\u00e9riodes de vacances belges.","breadcrumb":{"@id":"https:\/\/www.accountable.eu\/fr-be\/blog\/jours-feries-belgique\/#breadcrumb"},"inLanguage":"fr-BE","potentialAction":[{"@type":"ReadAction","target":["https:\/\/www.accountable.eu\/fr-be\/blog\/jours-feries-belgique\/"]}]},{"@type":"BreadcrumbList","@id":"https:\/\/www.accountable.eu\/fr-be\/blog\/jours-feries-belgique\/#breadcrumb","itemListElement":[{"@type":"ListItem","position":1,"name":"Home","item":"https:\/\/www.accountable.eu\/fr-be\/"},{"@type":"ListItem","position":2,"name":"Tous les jours f\u00e9ri\u00e9s en Belgique en un coup d&#8217;\u0153il"}]},{"@type":"WebSite","@id":"https:\/\/www.accountable.eu\/fr-be\/#website","url":"https:\/\/www.accountable.eu\/fr-be\/","name":"Accountable","description":"Your accountant and tax advisor on your smartphone","publisher":{"@id":"https:\/\/www.accountable.eu\/fr-be\/#organization"},"potentialAction":[{"@type":"SearchAction","target":{"@type":"EntryPoint","urlTemplate":"https:\/\/www.accountable.eu\/fr-be\/?s={search_term_string}"},"query-input":{"@type":"PropertyValueSpecification","valueRequired":true,"valueName":"search_term_string"}}],"inLanguage":"fr-BE"},{"@type":"Organization","@id":"https:\/\/www.accountable.eu\/fr-be\/#organization","name":"Accountable","url":"https:\/\/www.accountable.eu\/fr-be\/","logo":{"@type":"ImageObject","inLanguage":"fr-BE","@id":"https:\/\/www.accountable.eu\/fr-be\/#\/schema\/logo\/image\/","url":"https:\/\/www.accountable.eu\/wp-content\/uploads\/2026\/04\/logo-512.png","contentUrl":"https:\/\/www.accountable.eu\/wp-content\/uploads\/2026\/04\/logo-512.png","width":512,"height":512,"caption":"Accountable"},"image":{"@id":"https:\/\/www.accountable.eu\/fr-be\/#\/schema\/logo\/image\/"}},{"@type":"Person","@id":"https:\/\/www.accountable.eu\/fr-be\/#\/schema\/person\/9c85ec213b340ca3e8c8e152f6723a71","name":"julie","image":{"@type":"ImageObject","inLanguage":"fr-BE","@id":"https:\/\/secure.gravatar.com\/avatar\/84976ca8c4076c0af102d23ffc9c9145ea8291e3557ca33fa00841ff5aa46503?s=96&d=mm&r=g","url":"https:\/\/secure.gravatar.com\/avatar\/84976ca8c4076c0af102d23ffc9c9145ea8291e3557ca33fa00841ff5aa46503?s=96&d=mm&r=g","contentUrl":"https:\/\/secure.gravatar.com\/avatar\/84976ca8c4076c0af102d23ffc9c9145ea8291e3557ca33fa00841ff5aa46503?s=96&d=mm&r=g","caption":"julie"}}]}},"_links":{"self":[{"href":"https:\/\/www.accountable.eu\/fr-be\/wp-json\/wp\/v2\/posts\/19040","targetHints":{"allow":["GET"]}}],"collection":[{"href":"https:\/\/www.accountable.eu\/fr-be\/wp-json\/wp\/v2\/posts"}],"about":[{"href":"https:\/\/www.accountable.eu\/fr-be\/wp-json\/wp\/v2\/types\/post"}],"author":[{"embeddable":true,"href":"https:\/\/www.accountable.eu\/fr-be\/wp-json\/wp\/v2\/users\/29"}],"replies":[{"embeddable":true,"href":"https:\/\/www.accountable.eu\/fr-be\/wp-json\/wp\/v2\/comments?post=19040"}],"version-history":[{"count":2,"href":"https:\/\/www.accountable.eu\/fr-be\/wp-json\/wp\/v2\/posts\/19040\/revisions"}],"predecessor-version":[{"id":22901,"href":"https:\/\/www.accountable.eu\/fr-be\/wp-json\/wp\/v2\/posts\/19040\/revisions\/22901"}],"wp:attachment":[{"href":"https:\/\/www.accountable.eu\/fr-be\/wp-json\/wp\/v2\/media?parent=19040"}],"wp:term":[{"taxonomy":"category","embeddable":true,"href":"https:\/\/www.accountable.eu\/fr-be\/wp-json\/wp\/v2\/categories?post=19040"},{"taxonomy":"post_tag","embeddable":true,"href":"https:\/\/www.accountable.eu\/fr-be\/wp-json\/wp\/v2\/tags?post=19040"}],"curies":[{"name":"wp","href":"https:\/\/api.w.org\/{rel}","templated":true}]}}