{"id":19522,"date":"2025-08-27T16:19:23","date_gmt":"2025-08-27T14:19:23","guid":{"rendered":"https:\/\/www.accountable.eu\/?p=19522"},"modified":"2025-08-27T16:23:02","modified_gmt":"2025-08-27T14:23:02","slug":"index","status":"publish","type":"post","link":"https:\/\/www.accountable.eu\/fr-be\/blog\/index\/","title":{"rendered":"Index Accountable\u00a0: les revenus des ind\u00e9pendants en Belgique"},"content":{"rendered":"\n<p><strong>Combien les ind\u00e9pendants de Belgique gagnent-ils vraiment&nbsp;? Quelles sont les professions qui g\u00e9n\u00e8rent le plus haut chiffre d\u2019affaires et dans quelle r\u00e9gion un nouvel ind\u00e9pendant peut-il atteindre 100&nbsp;000&nbsp;\u20ac le plus rapidement&nbsp;?<\/strong><\/p>\n\n\n\n<p><em>Bas\u00e9 sur les donn\u00e9es anonymis\u00e9es de 11&nbsp;803 ind\u00e9pendants, l\u2019Index Accountable donne un aper\u00e7u unique des revenus, des diff\u00e9rences r\u00e9gionales et des tendances surprenantes en mati\u00e8re d\u2019entrepreneuriat belge.<\/em><\/p>\n\n\n\n<h2 class=\"wp-block-heading\">Revenus par profession&nbsp;: qui gagne le plus&nbsp;?<\/h2>\n\n\n\n<p>Toutes les professions ne sont pas aussi lucratives les unes que les autres. Voici les chiffres d\u2019affaires annuels m\u00e9dians des ind\u00e9pendants \u00e0 temps plein, selon l\u2019Index Accountable&nbsp;:<\/p>\n\n\n\n<figure class=\"wp-block-image size-large is-resized\"><img loading=\"lazy\" decoding=\"async\" width=\"1024\" height=\"897\" src=\"https:\/\/www.accountable.eu\/wp-content\/uploads\/2025\/08\/chiffres-independants-belgique-1024x897.jpg\" alt=\"\" class=\"wp-image-19523\" style=\"width:552px;height:auto\" srcset=\"https:\/\/www.accountable.eu\/wp-content\/uploads\/2025\/08\/chiffres-independants-belgique-1024x897.jpg 1024w, https:\/\/www.accountable.eu\/wp-content\/uploads\/2025\/08\/chiffres-independants-belgique-323x283.jpg 323w, https:\/\/www.accountable.eu\/wp-content\/uploads\/2025\/08\/chiffres-independants-belgique-768x673.jpg 768w, https:\/\/www.accountable.eu\/wp-content\/uploads\/2025\/08\/chiffres-independants-belgique-1536x1346.jpg 1536w, https:\/\/www.accountable.eu\/wp-content\/uploads\/2025\/08\/chiffres-independants-belgique-2048x1795.jpg 2048w\" sizes=\"auto, (max-width: 1024px) 100vw, 1024px\" \/><\/figure>\n\n\n\n<ol class=\"wp-block-list\">\n<li><strong>M\u00e9decins<\/strong>&nbsp;\u2013 Les m\u00e9decins se placent de mani\u00e8re incontest\u00e9e en haut du podium, avec un chiffre d\u2019affaires m\u00e9dian de 200&nbsp;000&nbsp;\u20ac. Leurs revenus refl\u00e8tent clairement leur expertise et leur lourde responsabilit\u00e9.<br><\/li>\n\n\n\n<li><strong>Concessionnaires automobiles <\/strong>\u2013 Les concessionnaires automobiles se classent en deuxi\u00e8me position, avec un solide chiffre d\u2019affaires m\u00e9dian de 160&nbsp;000&nbsp;\u20ac. La demande en mobilit\u00e9 combin\u00e9e aux marges commerciales rend cette profession particuli\u00e8rement lucrative.<br><\/li>\n\n\n\n<li><strong>Conseillers financiers et courtiers<\/strong> \u2013 Enregistrant un chiffre d\u2019affaires m\u00e9dian de 135&nbsp;000&nbsp;\u20ac, les conseillers financiers et les courtiers prouvent que le service de qualit\u00e9 et la fiabilit\u00e9 paient.<br><\/li>\n\n\n\n<li><strong>Consultants et professionnels de l\u2019informatique <\/strong>\u2013 Les consultants et les experts en informatique gagnent en moyenne 100&nbsp;000&nbsp;\u20ac. Leurs revenus grimpent rapidement gr\u00e2ce \u00e0 l\u2019\u00e9volutivit\u00e9 des solutions num\u00e9riques et du besoin constant d\u2019expertise technique.<br><\/li>\n\n\n\n<li><strong>Ing\u00e9nieurs et consultants techniques<\/strong> \u2013 Des professions qui enregistrent \u00e9galement un beau score, avec un chiffre d\u2019affaires m\u00e9dian de 100&nbsp;000&nbsp;\u20ac. Ces revenus prouvent que les connaissances techniques et la capacit\u00e9 \u00e0 r\u00e9soudre des probl\u00e8mes sont fortement demand\u00e9es.<\/li>\n\n\n\n<li><strong>Repr\u00e9sentants commerciaux<\/strong> \u2013 Avec un chiffre d\u2019affaires stable de 90&nbsp;000&nbsp;\u20ac, les repr\u00e9sentants commerciaux montrent que le sens des affaires et la relation client sont syst\u00e9matiquement r\u00e9compens\u00e9s.<br><\/li>\n\n\n\n<li><strong>Professionnels de la construction<\/strong> \u2013 Le secteur de la construction se classe dans le top 10, avec un chiffre d\u2019affaires m\u00e9dian avoisinant les 85&nbsp;000&nbsp;\u20ac. Il est int\u00e9ressant de noter que les professionnels de la construction gagnent plus que de nombreux postes d\u2019employ\u00e9s traditionnels.<br><\/li>\n\n\n\n<li><strong>Entrepreneurs horeca<\/strong> \u2013 Malgr\u00e9 une charge de travail souvent importante, les op\u00e9rateurs de l\u2019horeca affichent un chiffre d\u2019affaires m\u00e9dian de 65&nbsp;000&nbsp;\u20ac. Un secteur o\u00f9 passion passe souvent avant profit.<\/li>\n\n\n\n<li><strong>Designers et photographes<\/strong> \u2013 Les m\u00e9tiers cr\u00e9atifs comme ceux de designer, photographe et coach gagnent entre 45&nbsp;000 et 55&nbsp;000&nbsp;\u20ac. De nombreux professionnels de ces documents travaillent \u00e0 temps partiel ou cumulent les activit\u00e9s.<br><\/li>\n\n\n\n<li><strong>Petits d\u00e9taillants<\/strong> \u2013 Les g\u00e9rants de boutique g\u00e9n\u00e8rent un chiffre d\u2019affaires annuel m\u00e9dian de 48&nbsp;000&nbsp;\u20ac. Les commer\u00e7ants locaux font souvent face \u00e0 des co\u00fbts fixes \u00e9lev\u00e9s, \u00e0 la concurrence accrue de l\u2019e-commerce et aux marges faibles. Pourtant, ils restent le poumon des villes.<br><\/li>\n\n\n\n<li><strong>Architectes<\/strong> \u2013 \u00c9tonnamment, les architectes arrivent en bout de liste, avec un chiffre d\u2019affaires de 45&nbsp;000&nbsp;\u20ac seulement, malgr\u00e9 de longues \u00e9tudes et une responsabilit\u00e9 importante.<\/li>\n<\/ol>\n\n\n\n<h2 class=\"wp-block-heading\">Au bout de combien de temps les ind\u00e9pendants atteignent-ils un chiffre d\u2019affaires de 100&nbsp;000&nbsp;\u20ac&nbsp;?<\/h2>\n\n\n\n<p>La rapidit\u00e9 avec laquelle les ind\u00e9pendants atteignent 100&nbsp;000&nbsp;\u20ac de chiffre d\u2019affaires varie largement d\u2019une profession \u00e0 l\u2019autre&nbsp;:<\/p>\n\n\n\n<ul class=\"wp-block-list\">\n<li><strong>Consultants et professionnels de l\u2019informatique&nbsp;<\/strong>: au bout d\u2019un an et demi en moyenne.<\/li>\n\n\n\n<li><strong>Professionnels du param\u00e9dical, de la construction, repr\u00e9sentants commerciaux et op\u00e9rateurs horeca&nbsp;: <\/strong>en moins de 2 ans.<\/li>\n\n\n\n<li><strong>Architectes, urbanistes et agents immobiliers&nbsp;:<\/strong> en 3 ans en moyenne.<\/li>\n<\/ul>\n\n\n\n<p>La plupart des <strong>autres professions<\/strong> prennent plus de 3 ans pour parvenir \u00e0 un chiffre d\u2019affaires de 100&nbsp;000&nbsp;\u20ac.<\/p>\n\n\n\n<figure class=\"wp-block-image size-large is-resized\"><img loading=\"lazy\" decoding=\"async\" width=\"1024\" height=\"599\" src=\"https:\/\/www.accountable.eu\/wp-content\/uploads\/2025\/08\/100k-fr-1024x599.jpg\" alt=\"\" class=\"wp-image-19528\" style=\"width:596px;height:auto\" srcset=\"https:\/\/www.accountable.eu\/wp-content\/uploads\/2025\/08\/100k-fr-1024x599.jpg 1024w, https:\/\/www.accountable.eu\/wp-content\/uploads\/2025\/08\/100k-fr-323x189.jpg 323w, https:\/\/www.accountable.eu\/wp-content\/uploads\/2025\/08\/100k-fr-768x449.jpg 768w, https:\/\/www.accountable.eu\/wp-content\/uploads\/2025\/08\/100k-fr.avif 1197w\" sizes=\"auto, (max-width: 1024px) 100vw, 1024px\" \/><\/figure>\n\n\n\n<hr class=\"wp-block-separator has-alpha-channel-opacity\" \/>\n\n\n\n<h2 class=\"wp-block-heading\">Diff\u00e9rences r\u00e9gionales&nbsp;: Flandre, Wallonie et Bruxelles<\/h2>\n\n\n\n<p>L\u2019<em>Index Accountable<\/em> r\u00e9v\u00e8le des contrastes saisissants entre les r\u00e9gions&nbsp;:<\/p>\n\n\n\n<ul class=\"wp-block-list\">\n<li><strong>Les concessionnaires automobiles en Flandre<\/strong> sont ceux qui gagnent le plus en Belgique, avec un chiffre d\u2019affaires m\u00e9dian de 138&nbsp;971&nbsp;\u20ac.<\/li>\n\n\n\n<li><strong>Les professionnels de la construction<\/strong> gagnent bien leur vie partout, mais tirent encore plus leur \u00e9pingle du jeu en tant qu\u2019activit\u00e9 secondaire en Wallonie.<\/li>\n\n\n\n<li>Les avocats en activit\u00e9 secondaire figurent en t\u00eate de classement \u00e0 Bruxelles (79&nbsp;915&nbsp;\u20ac) et en Flandre (61 015&nbsp;\u20ac).<\/li>\n\n\n\n<li>Les <strong>artistes<\/strong> font partie des groupes aux revenus les plus faibles, toutes r\u00e9gions confondues.<\/li>\n\n\n\n<li><strong>Les experts en marketing<\/strong> gagnent bien plus \u00e0 Bruxelles (89&nbsp;523&nbsp;\u20ac) qu\u2019en Flandre ou en Wallonie (~50&nbsp;000&nbsp;\u20ac).<\/li>\n\n\n\n<li><strong>Les professionnels du param\u00e9dical<\/strong> obtiennent les meilleurs r\u00e9sultats \u00e0 Bruxelles (82&nbsp;760&nbsp;\u20ac).<\/li>\n\n\n\n<li>Les <strong>photographes<\/strong> font l\u2019objet d\u2019une grande in\u00e9galit\u00e9 r\u00e9gionale, gagnant entre 54 134&nbsp;\u20ac (en Wallonie) et 61 630&nbsp;\u20ac (\u00e0 Bruxelles).<\/li>\n<\/ul>\n\n\n\n<h3 class=\"wp-block-heading\"><strong>Flandre<\/strong><\/h3>\n\n\n\n<p>Si l\u2019on zoome sur la Flandre, il est clair que l\u2019esprit entrepreneurial est plus fort que jamais \u00e0 Anvers.<\/p>\n\n\n\n<p>Selon l\u2019<em>Index Accountable<\/em>, les revenus annuels moyens d\u2019un ind\u00e9pendant \u00e0 temps plein bas\u00e9 \u00e0 Anvers est de 60 659&nbsp;\u20ac, tandis que les ind\u00e9pendants \u00e0 temps partiel (\u00e0 titre compl\u00e9mentaire) tourne autour de 14 290&nbsp;\u20ac en moyenne.<\/p>\n\n\n\n<p><strong>Les plus gros revenus \u00e0 Anvers&nbsp;:<\/strong><\/p>\n\n\n\n<ul class=\"wp-block-list\">\n<li><strong>Professionnels de l\u2019informatique&nbsp;:<\/strong>&nbsp;119 384&nbsp;\u20ac de chiffre d\u2019affaires annuel m\u00e9dian<\/li>\n\n\n\n<li><strong>Consultants&nbsp;:<\/strong>&nbsp;111 593&nbsp;\u20ac<\/li>\n\n\n\n<li><strong>Professionnels de la construction&nbsp;:<\/strong>&nbsp;100 074&nbsp;\u20ac<\/li>\n\n\n\n<li><strong>Chauffeurs et coursiers&nbsp;:<\/strong>&nbsp;94 097&nbsp;\u20ac<\/li>\n\n\n\n<li><strong>Professeurs&nbsp;:<\/strong>&nbsp;88 883&nbsp;\u20ac<\/li>\n<\/ul>\n\n\n\n<p>On remarque que les consultants et les professionnels de l\u2019informatique bas\u00e9s \u00e0 Anvers atteignent leurs premiers 100 000&nbsp;\u20ac environ <strong>25&nbsp;% plus rapidement que ceux de Bruxelles<\/strong>, et m\u00eame <strong>60&nbsp;% plus rapidement que ceux de Flandre orientale<\/strong>.<\/p>\n\n\n\n<p>Pourtant, en termes de chiffre d\u2019affaires global, Anvers se classe seulement troisi\u00e8me, derri\u00e8re le Brabant wallon et le Limbourg. La raison&nbsp;?&nbsp;<strong>Une concurrence intense dans une ville entrepreneuriale dens\u00e9ment peupl\u00e9e.<\/strong><\/p>\n\n\n\n<h3 class=\"wp-block-heading\"><strong>Wallonie<\/strong><\/h3>\n\n\n\n<p>Cap sur le sud du pays&nbsp;: le Brabant wallon est <em>la <\/em>province des freelance.<\/p>\n\n\n\n<p>Les revenus annuels moyens s\u2019\u00e9l\u00e8vent \u00e0 59 725&nbsp;\u20ac pour les ind\u00e9pendants \u00e0 temps plein et \u00e0 18 295&nbsp;\u20ac pour ceux en activit\u00e9 compl\u00e9mentaire.<\/p>\n\n\n\n<p><strong>Les plus gros revenus au Brabant wallon&nbsp;:<\/strong><\/p>\n\n\n\n<ul class=\"wp-block-list\">\n<li><strong>Consultants et professionnels de l\u2019informatique&nbsp;:<\/strong>&nbsp;Chiffre d\u2019affaires annuel m\u00e9dian de 136 132&nbsp;\u20ac, le plus \u00e9lev\u00e9 de toute la Belgique (moyenne nationale&nbsp;: 101 347&nbsp;\u20ac)<\/li>\n\n\n\n<li><strong>Sp\u00e9cialistes de l\u2019informatique <\/strong>(seuls)&nbsp;:&nbsp;135 451&nbsp;\u20ac de chiffre d\u2019affaires m\u00e9dian, \u00e9galement le plus haut du pays<\/li>\n\n\n\n<li><strong>Ing\u00e9nieurs&nbsp;: <\/strong>figurent parmi les groupes aux revenus les plus \u00e9lev\u00e9s de la province<\/li>\n<\/ul>\n\n\n\n<hr class=\"wp-block-separator has-alpha-channel-opacity\" \/>\n\n\n\n<h2 class=\"wp-block-heading\">Focus sur les professions<\/h2>\n\n\n\n<h3 class=\"wp-block-heading\">Consultants et ing\u00e9nieurs<\/h3>\n\n\n\n<ul class=\"wp-block-list\">\n<li>Chiffre d\u2019affaires m\u00e9dian&nbsp;:&nbsp;<strong>102 738&nbsp;\u20ac<\/strong> dans tout le pays<\/li>\n\n\n\n<li>R\u00e9gion la plus performante&nbsp;:&nbsp;<strong>Wallonie<\/strong> (109 350&nbsp;\u20ac)<\/li>\n\n\n\n<li>Province la plus performante&nbsp;:&nbsp;<strong>Brabant wallon<\/strong> (135 451&nbsp;\u20ac)<\/li>\n\n\n\n<li>R\u00e9gions les plus faibles&nbsp;:&nbsp;<strong>Flandre orientale, Namur et Hainaut<\/strong> (\u2248 85 000&nbsp;\u20ac)<\/li>\n<\/ul>\n\n\n\n<h3 class=\"wp-block-heading\">Professionnels de la construction et architectes<\/h3>\n\n\n\n<ul class=\"wp-block-list\">\n<li><strong>Professionnels de la construction&nbsp;<\/strong>: revenus syst\u00e9matiquement \u00e9lev\u00e9s et stables toutes r\u00e9gions confondues<\/li>\n\n\n\n<li><strong>Architectes&nbsp;: <\/strong>revenus \u00e9tonnamment faibles, entre 45 000 et 47 000&nbsp;\u20ac en moyenne, bien en dessous des ing\u00e9nieurs<\/li>\n<\/ul>\n\n\n\n<h3 class=\"wp-block-heading\">Coaches et designers<\/h3>\n\n\n\n<ul class=\"wp-block-list\">\n<li><strong>Designers<\/strong>&nbsp;: chiffre d\u2019affaires m\u00e9dian de 45 000 \u00e0 55 000&nbsp;\u20ac, avec de forts contrastes r\u00e9gionaux<\/li>\n\n\n\n<li><strong>Coaches<\/strong>&nbsp;: gagnent plus \u00e0 Bruxelles (\u2248 62 000&nbsp;\u20ac) qu\u2019en Flandre ou en Wallonie<\/li>\n<\/ul>\n\n\n\n<h3 class=\"wp-block-heading\">Professionnels du param\u00e9dical<\/h3>\n\n\n\n<ul class=\"wp-block-list\">\n<li>Plus gros revenus \u00e0 Bruxelles (<strong>83 760&nbsp;\u20ac)<\/strong><\/li>\n\n\n\n<li>Professions moins lucratives en Wallonie (<strong>60 105&nbsp;\u20ac<\/strong>)<\/li>\n\n\n\n<li>Varie fortement en fonction de la sp\u00e9cialisation et de la r\u00e9gion<\/li>\n<\/ul>\n\n\n\n<hr class=\"wp-block-separator has-alpha-channel-opacity\" \/>\n\n\n\n<h2 class=\"wp-block-heading\">\u00c0 propos de l\u2019Index Accountable<\/h2>\n\n\n\n<p><em>L\u2019Index Accountable se base sur les donn\u00e9es anonymis\u00e9es de 11 803 ind\u00e9pendants actifs entre le 1<sup>er<\/sup> janvier et le 31 d\u00e9cembre 2024. Les figures repr\u00e9sentent les chiffres d\u2019affaires annuels m\u00e9dians et ne repr\u00e9sentent pas de statistiques officielles. Elles offrent toutefois un aper\u00e7u unique de la vie \u00e9conomique de l\u2019ind\u00e9pendant belge.<\/em><\/p>\n","protected":false},"excerpt":{"rendered":"<p>Combien les ind\u00e9pendants de Belgique gagnent-ils vraiment&nbsp;? Quelles sont les professions qui g\u00e9n\u00e8rent le plus haut chiffre d\u2019affaires et dans quelle r\u00e9gion un nouvel ind\u00e9pendant peut-il atteindre 100&nbsp;000&nbsp;\u20ac le plus rapidement&nbsp;? Bas\u00e9 sur les donn\u00e9es anonymis\u00e9es de 11&nbsp;803 ind\u00e9pendants, l\u2019Index Accountable donne un aper\u00e7u unique des revenus, des diff\u00e9rences r\u00e9gionales et des tendances surprenantes en [&hellip;]<\/p>\n","protected":false},"author":24,"featured_media":0,"comment_status":"closed","ping_status":"closed","sticky":false,"template":"","format":"standard","meta":{"inline_featured_image":false,"footnotes":""},"categories":[291],"tags":[297,303],"class_list":["post-19522","post","type-post","status-publish","format-standard","hentry","category-informations-pratiques","tag-accountable-3","tag-demarrer"],"acf":[],"yoast_head":"<!-- This site is optimized with the Yoast SEO plugin v27.4 - https:\/\/yoast.com\/product\/yoast-seo-wordpress\/ -->\n<title>Index Accountable\u00a0: les revenus des ind\u00e9pendants en Belgique - Accountable<\/title>\n<meta name=\"robots\" content=\"index, follow, max-snippet:-1, max-image-preview:large, max-video-preview:-1\" \/>\n<link rel=\"canonical\" href=\"https:\/\/www.accountable.eu\/fr-be\/blog\/index\/\" \/>\n<meta property=\"og:locale\" content=\"fr_FR\" \/>\n<meta property=\"og:type\" content=\"article\" \/>\n<meta property=\"og:title\" content=\"Index Accountable\u00a0: les revenus des ind\u00e9pendants en Belgique - Accountable\" \/>\n<meta property=\"og:description\" content=\"Combien les ind\u00e9pendants de Belgique gagnent-ils vraiment&nbsp;? Quelles sont les professions qui g\u00e9n\u00e8rent le plus haut chiffre d\u2019affaires et dans quelle r\u00e9gion un nouvel ind\u00e9pendant peut-il atteindre 100&nbsp;000&nbsp;\u20ac le plus rapidement&nbsp;? Bas\u00e9 sur les donn\u00e9es anonymis\u00e9es de 11&nbsp;803 ind\u00e9pendants, l\u2019Index Accountable donne un aper\u00e7u unique des revenus, des diff\u00e9rences r\u00e9gionales et des tendances surprenantes en [&hellip;]\" \/>\n<meta property=\"og:url\" content=\"https:\/\/www.accountable.eu\/fr-be\/blog\/index\/\" \/>\n<meta property=\"og:site_name\" content=\"Accountable\" \/>\n<meta property=\"article:published_time\" content=\"2025-08-27T14:19:23+00:00\" \/>\n<meta property=\"article:modified_time\" content=\"2025-08-27T14:23:02+00:00\" \/>\n<meta name=\"author\" content=\"Valesca\" \/>\n<meta name=\"twitter:card\" content=\"summary_large_image\" \/>\n<meta name=\"twitter:label1\" content=\"\u00c9crit par\" \/>\n\t<meta name=\"twitter:data1\" content=\"Valesca\" \/>\n\t<meta name=\"twitter:label2\" content=\"Dur\u00e9e de lecture est.\" \/>\n\t<meta name=\"twitter:data2\" content=\"6 minutes\" \/>\n<script type=\"application\/ld+json\" class=\"yoast-schema-graph\">{\"@context\":\"https:\\\/\\\/schema.org\",\"@graph\":[{\"@type\":\"Article\",\"@id\":\"https:\\\/\\\/www.accountable.eu\\\/fr-be\\\/blog\\\/index\\\/#article\",\"isPartOf\":{\"@id\":\"https:\\\/\\\/www.accountable.eu\\\/fr-be\\\/blog\\\/index\\\/\"},\"author\":{\"name\":\"Valesca\",\"@id\":\"https:\\\/\\\/www.accountable.eu\\\/fr-be\\\/#\\\/schema\\\/person\\\/e9b420257ec5e7ac236d337e8c3aa7ad\"},\"headline\":\"Index Accountable\u00a0: les revenus des ind\u00e9pendants en Belgique\",\"datePublished\":\"2025-08-27T14:19:23+00:00\",\"dateModified\":\"2025-08-27T14:23:02+00:00\",\"mainEntityOfPage\":{\"@id\":\"https:\\\/\\\/www.accountable.eu\\\/fr-be\\\/blog\\\/index\\\/\"},\"wordCount\":1282,\"publisher\":{\"@id\":\"https:\\\/\\\/www.accountable.eu\\\/fr-be\\\/#organization\"},\"image\":{\"@id\":\"https:\\\/\\\/www.accountable.eu\\\/fr-be\\\/blog\\\/index\\\/#primaryimage\"},\"thumbnailUrl\":\"https:\\\/\\\/www.accountable.eu\\\/wp-content\\\/uploads\\\/2025\\\/08\\\/chiffres-independants-belgique-1024x897.jpg\",\"keywords\":[\"Accountable\",\"D\u00e9marrer\"],\"articleSection\":[\"Informations pratiques\"],\"inLanguage\":\"fr-BE\"},{\"@type\":\"WebPage\",\"@id\":\"https:\\\/\\\/www.accountable.eu\\\/fr-be\\\/blog\\\/index\\\/\",\"url\":\"https:\\\/\\\/www.accountable.eu\\\/fr-be\\\/blog\\\/index\\\/\",\"name\":\"Index Accountable\u00a0: les revenus des ind\u00e9pendants en Belgique - Accountable\",\"isPartOf\":{\"@id\":\"https:\\\/\\\/www.accountable.eu\\\/fr-be\\\/#website\"},\"primaryImageOfPage\":{\"@id\":\"https:\\\/\\\/www.accountable.eu\\\/fr-be\\\/blog\\\/index\\\/#primaryimage\"},\"image\":{\"@id\":\"https:\\\/\\\/www.accountable.eu\\\/fr-be\\\/blog\\\/index\\\/#primaryimage\"},\"thumbnailUrl\":\"https:\\\/\\\/www.accountable.eu\\\/wp-content\\\/uploads\\\/2025\\\/08\\\/chiffres-independants-belgique-1024x897.jpg\",\"datePublished\":\"2025-08-27T14:19:23+00:00\",\"dateModified\":\"2025-08-27T14:23:02+00:00\",\"breadcrumb\":{\"@id\":\"https:\\\/\\\/www.accountable.eu\\\/fr-be\\\/blog\\\/index\\\/#breadcrumb\"},\"inLanguage\":\"fr-BE\",\"potentialAction\":[{\"@type\":\"ReadAction\",\"target\":[\"https:\\\/\\\/www.accountable.eu\\\/fr-be\\\/blog\\\/index\\\/\"]}]},{\"@type\":\"ImageObject\",\"inLanguage\":\"fr-BE\",\"@id\":\"https:\\\/\\\/www.accountable.eu\\\/fr-be\\\/blog\\\/index\\\/#primaryimage\",\"url\":\"https:\\\/\\\/www.accountable.eu\\\/wp-content\\\/uploads\\\/2025\\\/08\\\/chiffres-independants-belgique-1024x897.jpg\",\"contentUrl\":\"https:\\\/\\\/www.accountable.eu\\\/wp-content\\\/uploads\\\/2025\\\/08\\\/chiffres-independants-belgique-1024x897.jpg\"},{\"@type\":\"BreadcrumbList\",\"@id\":\"https:\\\/\\\/www.accountable.eu\\\/fr-be\\\/blog\\\/index\\\/#breadcrumb\",\"itemListElement\":[{\"@type\":\"ListItem\",\"position\":1,\"name\":\"Home\",\"item\":\"https:\\\/\\\/www.accountable.eu\\\/fr-be\\\/\"},{\"@type\":\"ListItem\",\"position\":2,\"name\":\"Index Accountable\u00a0: les revenus des ind\u00e9pendants en Belgique\"}]},{\"@type\":\"WebSite\",\"@id\":\"https:\\\/\\\/www.accountable.eu\\\/fr-be\\\/#website\",\"url\":\"https:\\\/\\\/www.accountable.eu\\\/fr-be\\\/\",\"name\":\"Accountable\",\"description\":\"Your accountant and tax advisor on your smartphone\",\"publisher\":{\"@id\":\"https:\\\/\\\/www.accountable.eu\\\/fr-be\\\/#organization\"},\"potentialAction\":[{\"@type\":\"SearchAction\",\"target\":{\"@type\":\"EntryPoint\",\"urlTemplate\":\"https:\\\/\\\/www.accountable.eu\\\/fr-be\\\/?s={search_term_string}\"},\"query-input\":{\"@type\":\"PropertyValueSpecification\",\"valueRequired\":true,\"valueName\":\"search_term_string\"}}],\"inLanguage\":\"fr-BE\"},{\"@type\":\"Organization\",\"@id\":\"https:\\\/\\\/www.accountable.eu\\\/fr-be\\\/#organization\",\"name\":\"Accountable\",\"url\":\"https:\\\/\\\/www.accountable.eu\\\/fr-be\\\/\",\"logo\":{\"@type\":\"ImageObject\",\"inLanguage\":\"fr-BE\",\"@id\":\"https:\\\/\\\/www.accountable.eu\\\/fr-be\\\/#\\\/schema\\\/logo\\\/image\\\/\",\"url\":\"https:\\\/\\\/www.accountable.eu\\\/wp-content\\\/uploads\\\/2026\\\/04\\\/logo-512.png\",\"contentUrl\":\"https:\\\/\\\/www.accountable.eu\\\/wp-content\\\/uploads\\\/2026\\\/04\\\/logo-512.png\",\"width\":512,\"height\":512,\"caption\":\"Accountable\"},\"image\":{\"@id\":\"https:\\\/\\\/www.accountable.eu\\\/fr-be\\\/#\\\/schema\\\/logo\\\/image\\\/\"}},{\"@type\":\"Person\",\"@id\":\"https:\\\/\\\/www.accountable.eu\\\/fr-be\\\/#\\\/schema\\\/person\\\/e9b420257ec5e7ac236d337e8c3aa7ad\",\"name\":\"Valesca\",\"image\":{\"@type\":\"ImageObject\",\"inLanguage\":\"fr-BE\",\"@id\":\"https:\\\/\\\/secure.gravatar.com\\\/avatar\\\/842a00073a87c3c1af38f724115771bae6278a353edd8ee1e85161e791790047?s=96&d=mm&r=g\",\"url\":\"https:\\\/\\\/secure.gravatar.com\\\/avatar\\\/842a00073a87c3c1af38f724115771bae6278a353edd8ee1e85161e791790047?s=96&d=mm&r=g\",\"contentUrl\":\"https:\\\/\\\/secure.gravatar.com\\\/avatar\\\/842a00073a87c3c1af38f724115771bae6278a353edd8ee1e85161e791790047?s=96&d=mm&r=g\",\"caption\":\"Valesca\"}}]}<\/script>\n<!-- \/ Yoast SEO plugin. -->","yoast_head_json":{"title":"Index Accountable\u00a0: les revenus des ind\u00e9pendants en Belgique - Accountable","robots":{"index":"index","follow":"follow","max-snippet":"max-snippet:-1","max-image-preview":"max-image-preview:large","max-video-preview":"max-video-preview:-1"},"canonical":"https:\/\/www.accountable.eu\/fr-be\/blog\/index\/","og_locale":"fr_FR","og_type":"article","og_title":"Index Accountable\u00a0: les revenus des ind\u00e9pendants en Belgique - Accountable","og_description":"Combien les ind\u00e9pendants de Belgique gagnent-ils vraiment&nbsp;? Quelles sont les professions qui g\u00e9n\u00e8rent le plus haut chiffre d\u2019affaires et dans quelle r\u00e9gion un nouvel ind\u00e9pendant peut-il atteindre 100&nbsp;000&nbsp;\u20ac le plus rapidement&nbsp;? Bas\u00e9 sur les donn\u00e9es anonymis\u00e9es de 11&nbsp;803 ind\u00e9pendants, l\u2019Index Accountable donne un aper\u00e7u unique des revenus, des diff\u00e9rences r\u00e9gionales et des tendances surprenantes en [&hellip;]","og_url":"https:\/\/www.accountable.eu\/fr-be\/blog\/index\/","og_site_name":"Accountable","article_published_time":"2025-08-27T14:19:23+00:00","article_modified_time":"2025-08-27T14:23:02+00:00","author":"Valesca","twitter_card":"summary_large_image","twitter_misc":{"\u00c9crit par":"Valesca","Dur\u00e9e de lecture est.":"6 minutes"},"schema":{"@context":"https:\/\/schema.org","@graph":[{"@type":"Article","@id":"https:\/\/www.accountable.eu\/fr-be\/blog\/index\/#article","isPartOf":{"@id":"https:\/\/www.accountable.eu\/fr-be\/blog\/index\/"},"author":{"name":"Valesca","@id":"https:\/\/www.accountable.eu\/fr-be\/#\/schema\/person\/e9b420257ec5e7ac236d337e8c3aa7ad"},"headline":"Index Accountable\u00a0: les revenus des ind\u00e9pendants en Belgique","datePublished":"2025-08-27T14:19:23+00:00","dateModified":"2025-08-27T14:23:02+00:00","mainEntityOfPage":{"@id":"https:\/\/www.accountable.eu\/fr-be\/blog\/index\/"},"wordCount":1282,"publisher":{"@id":"https:\/\/www.accountable.eu\/fr-be\/#organization"},"image":{"@id":"https:\/\/www.accountable.eu\/fr-be\/blog\/index\/#primaryimage"},"thumbnailUrl":"https:\/\/www.accountable.eu\/wp-content\/uploads\/2025\/08\/chiffres-independants-belgique-1024x897.jpg","keywords":["Accountable","D\u00e9marrer"],"articleSection":["Informations pratiques"],"inLanguage":"fr-BE"},{"@type":"WebPage","@id":"https:\/\/www.accountable.eu\/fr-be\/blog\/index\/","url":"https:\/\/www.accountable.eu\/fr-be\/blog\/index\/","name":"Index Accountable\u00a0: les revenus des ind\u00e9pendants en Belgique - Accountable","isPartOf":{"@id":"https:\/\/www.accountable.eu\/fr-be\/#website"},"primaryImageOfPage":{"@id":"https:\/\/www.accountable.eu\/fr-be\/blog\/index\/#primaryimage"},"image":{"@id":"https:\/\/www.accountable.eu\/fr-be\/blog\/index\/#primaryimage"},"thumbnailUrl":"https:\/\/www.accountable.eu\/wp-content\/uploads\/2025\/08\/chiffres-independants-belgique-1024x897.jpg","datePublished":"2025-08-27T14:19:23+00:00","dateModified":"2025-08-27T14:23:02+00:00","breadcrumb":{"@id":"https:\/\/www.accountable.eu\/fr-be\/blog\/index\/#breadcrumb"},"inLanguage":"fr-BE","potentialAction":[{"@type":"ReadAction","target":["https:\/\/www.accountable.eu\/fr-be\/blog\/index\/"]}]},{"@type":"ImageObject","inLanguage":"fr-BE","@id":"https:\/\/www.accountable.eu\/fr-be\/blog\/index\/#primaryimage","url":"https:\/\/www.accountable.eu\/wp-content\/uploads\/2025\/08\/chiffres-independants-belgique-1024x897.jpg","contentUrl":"https:\/\/www.accountable.eu\/wp-content\/uploads\/2025\/08\/chiffres-independants-belgique-1024x897.jpg"},{"@type":"BreadcrumbList","@id":"https:\/\/www.accountable.eu\/fr-be\/blog\/index\/#breadcrumb","itemListElement":[{"@type":"ListItem","position":1,"name":"Home","item":"https:\/\/www.accountable.eu\/fr-be\/"},{"@type":"ListItem","position":2,"name":"Index Accountable\u00a0: les revenus des ind\u00e9pendants en Belgique"}]},{"@type":"WebSite","@id":"https:\/\/www.accountable.eu\/fr-be\/#website","url":"https:\/\/www.accountable.eu\/fr-be\/","name":"Accountable","description":"Your accountant and tax advisor on your smartphone","publisher":{"@id":"https:\/\/www.accountable.eu\/fr-be\/#organization"},"potentialAction":[{"@type":"SearchAction","target":{"@type":"EntryPoint","urlTemplate":"https:\/\/www.accountable.eu\/fr-be\/?s={search_term_string}"},"query-input":{"@type":"PropertyValueSpecification","valueRequired":true,"valueName":"search_term_string"}}],"inLanguage":"fr-BE"},{"@type":"Organization","@id":"https:\/\/www.accountable.eu\/fr-be\/#organization","name":"Accountable","url":"https:\/\/www.accountable.eu\/fr-be\/","logo":{"@type":"ImageObject","inLanguage":"fr-BE","@id":"https:\/\/www.accountable.eu\/fr-be\/#\/schema\/logo\/image\/","url":"https:\/\/www.accountable.eu\/wp-content\/uploads\/2026\/04\/logo-512.png","contentUrl":"https:\/\/www.accountable.eu\/wp-content\/uploads\/2026\/04\/logo-512.png","width":512,"height":512,"caption":"Accountable"},"image":{"@id":"https:\/\/www.accountable.eu\/fr-be\/#\/schema\/logo\/image\/"}},{"@type":"Person","@id":"https:\/\/www.accountable.eu\/fr-be\/#\/schema\/person\/e9b420257ec5e7ac236d337e8c3aa7ad","name":"Valesca","image":{"@type":"ImageObject","inLanguage":"fr-BE","@id":"https:\/\/secure.gravatar.com\/avatar\/842a00073a87c3c1af38f724115771bae6278a353edd8ee1e85161e791790047?s=96&d=mm&r=g","url":"https:\/\/secure.gravatar.com\/avatar\/842a00073a87c3c1af38f724115771bae6278a353edd8ee1e85161e791790047?s=96&d=mm&r=g","contentUrl":"https:\/\/secure.gravatar.com\/avatar\/842a00073a87c3c1af38f724115771bae6278a353edd8ee1e85161e791790047?s=96&d=mm&r=g","caption":"Valesca"}}]}},"_links":{"self":[{"href":"https:\/\/www.accountable.eu\/fr-be\/wp-json\/wp\/v2\/posts\/19522","targetHints":{"allow":["GET"]}}],"collection":[{"href":"https:\/\/www.accountable.eu\/fr-be\/wp-json\/wp\/v2\/posts"}],"about":[{"href":"https:\/\/www.accountable.eu\/fr-be\/wp-json\/wp\/v2\/types\/post"}],"author":[{"embeddable":true,"href":"https:\/\/www.accountable.eu\/fr-be\/wp-json\/wp\/v2\/users\/24"}],"replies":[{"embeddable":true,"href":"https:\/\/www.accountable.eu\/fr-be\/wp-json\/wp\/v2\/comments?post=19522"}],"version-history":[{"count":0,"href":"https:\/\/www.accountable.eu\/fr-be\/wp-json\/wp\/v2\/posts\/19522\/revisions"}],"wp:attachment":[{"href":"https:\/\/www.accountable.eu\/fr-be\/wp-json\/wp\/v2\/media?parent=19522"}],"wp:term":[{"taxonomy":"category","embeddable":true,"href":"https:\/\/www.accountable.eu\/fr-be\/wp-json\/wp\/v2\/categories?post=19522"},{"taxonomy":"post_tag","embeddable":true,"href":"https:\/\/www.accountable.eu\/fr-be\/wp-json\/wp\/v2\/tags?post=19522"}],"curies":[{"name":"wp","href":"https:\/\/api.w.org\/{rel}","templated":true}]}}