{"id":19694,"date":"2025-09-18T12:27:42","date_gmt":"2025-09-18T10:27:42","guid":{"rendered":"https:\/\/www.accountable.eu\/?p=19694"},"modified":"2025-09-18T12:27:44","modified_gmt":"2025-09-18T10:27:44","slug":"conservation-documents-officiels","status":"publish","type":"post","link":"https:\/\/www.accountable.eu\/fr-be\/blog\/conservation-documents-officiels\/","title":{"rendered":"Conservation de documents officiels\u00a0:\u00a0lesquels, o\u00f9 et combien de temps ?"},"content":{"rendered":"\n<p><strong>En tant qu&rsquo;ind\u00e9pendant, vous recevez de nombreux courriers officiels et attestations de la part des pouvoirs publics. Le document actant l&rsquo;activation de votre num\u00e9ro de TVA, celui qui confirme votre inscription \u00e0 la BCE, ou encore des documents du SPF Finances concernant vos imp\u00f4ts\u2026 En fonction de vos choix personnels, vous recevez la plupart en ligne via votre eBox, et sinon en version papier, par voie postale.<\/strong><\/p>\n\n\n\n<p><strong>Mais quels documents faut-il conserver pour le fisc ? Et o\u00f9 les conserver en toute s\u00e9curit\u00e9, de mani\u00e8re \u00e0 les retrouver facilement ?<\/strong><\/p>\n\n\n    <!-- wp:acf\/blog-annotation -->\n    <div class=\"wp-block-acf-blog-annotation flex items-start gap-4 bg-light-purple py-6 px-4 rounded-lg mb-3 mt-3\">\n                    <img decoding=\"async\" class=\"flex-shrink-0\" src=\"https:\/\/www.accountable.eu\/wp-content\/themes\/accountable\/assets\/rebranding-images\/icons\/blog\/widgets\/star.svg\" alt=\"star\">\n        \n        <div class=\"blog-annotation__text\">\n            <p class=\"font-inter text-lg text-purple m-0\"><a class=\"text-purple underline\" class=\"text-blue-600 hover:underline\" class=\"text-blue-600 hover:underline\" href=\"https:\/\/web.accountable.eu\/repository\"><strong class=\"font-bold\">L&rsquo;espace de stockage de documents dans Accountable<\/strong><\/a><strong class=\"font-bold\"> est l&rsquo;endroit id\u00e9al pour rassembler tous vos documents fiscaux officiels.<\/strong><\/p>\n        <\/div>\n    <\/div>\n    <!-- \/wp:acf\/blog-annotation -->\n\n\n\n<h2 class=\"wp-block-heading\"><strong>Quels documents officiels faut-il conserver ?<\/strong><\/h2>\n\n\n\n<p><strong>Certains documents doivent \u00eatre conserv\u00e9s pendant 7 ans, 10 ans ou, de pr\u00e9f\u00e9rence, \u00e0 vie. <\/strong>Vous pouvez les rassembler dans votre espace de stockage de documents personnels dans l&rsquo;application Accountable. Ainsi, vous \u00eates s\u00fbr de ne pas les perdre :<\/p>\n\n\n\n<ul class=\"wp-block-list\">\n<li>Documents de d\u00e9marrage de votre activit\u00e9 : activation de votre num\u00e9ro de TVA et inscription \u00e0 la Banque-Carrefour des Entreprises (BCE)&nbsp;;<\/li>\n\n\n\n<li>Feuilles d&rsquo;imposition et d\u00e9cisions fiscales : imp\u00f4t des personnes physiques, imp\u00f4t des soci\u00e9t\u00e9s ou TVA&nbsp;;<\/li>\n\n\n\n<li>Autres documents fiscaux : d\u00e9clarations, plans de remboursement, etc.&nbsp;;<\/li>\n\n\n\n<li>Lettres officielles : invitations \u00e0 un contr\u00f4le ou r\u00e9ponses \u00e0 des r\u00e9clamations&nbsp;;<\/li>\n\n\n\n<li>Permis ou attestations pertinents en mati\u00e8re fiscale : exon\u00e9ration de TVA ou attestation de carri\u00e8re<\/li>\n<\/ul>\n\n\n\n<h2 class=\"wp-block-heading\"><strong>Faut-il joindre des documents \u00e0 votre d\u00e9claration d&rsquo;imp\u00f4ts ?<\/strong><\/h2>\n\n\n\n<p><strong>La r\u00e9ponse courte : g\u00e9n\u00e9ralement non. <\/strong>Vous ne devez pas syst\u00e9matiquement joindre d\u2019annexes avec votre d\u00e9claration \u00e0 la TVA ou votre d\u00e9claration fiscale.<\/p>\n\n\n\n<p>Le fisc fonctionne selon le principe du \u00ab contr\u00f4le a posteriori \u00bb. Il peut demander des informations ou des pi\u00e8ces justificatives suppl\u00e9mentaires jusqu&rsquo;\u00e0 7 ans (voire 10 ans) apr\u00e8s la d\u00e9claration.<\/p>\n\n\n\n<p><strong>Exemple :<\/strong><\/p>\n\n\n\n<p>Vous vous \u00eates lanc\u00e9 comme ind\u00e9pendant en 2023 et vous recevez le document d\u2019activation de votre num\u00e9ro de TVA de la part du SPF Finances. En 2028, vous faites l&rsquo;objet d&rsquo;un contr\u00f4le TVA. \u00c0 ce moment-l\u00e0, le contr\u00f4leur souhaite conna\u00eetre la date depuis laquelle vous \u00eates assujetti \u00e0 la TVA&nbsp;; pour cela, il a besoin de la lettre d&rsquo;activation. Gr\u00e2ce \u00e0 la nouvelle fonctionnalit\u00e9 d&rsquo;Accountable, vous pouvez l\u2019enregistrer en quelques clics et la retrouver en quelques secondes, m\u00eame des ann\u00e9es plus tard.<\/p>\n\n\n\n<h2 class=\"wp-block-heading\"><strong>De l&rsquo;eBox \u00e0 Accountable<\/strong><\/h2>\n\n\n\n<p>Certains documents vous sont envoy\u00e9s par voie \u00e9lectronique via votre eBox, Doccle ou MyMinfin. D&rsquo;autres vous sont envoy\u00e9s par la poste. Gr\u00e2ce \u00e0 la fonctionnalit\u00e9 de stockage de documents dans Accountable, vous conservez tout de mani\u00e8re s\u00fbre au m\u00eame endroit :<\/p>\n\n\n\n<ul class=\"wp-block-list\">\n<li>T\u00e9l\u00e9chargez les fichiers PDF re\u00e7us via eBox, Doccle ou MyMinfin.<\/li>\n\n\n\n<li>Scannez ou photographiez des lettres en haute r\u00e9solution et ajoutez-les dans l&rsquo;application.<\/li>\n\n\n\n<li>Ajoutez des tags pour pouvoir facilement rechercher par date ou par type de document.<\/li>\n<\/ul>\n\n\n\n<p><strong>Gr\u00e2ce \u00e0 cette nouvelle fonctionnalit\u00e9 d&rsquo;Accountable :<\/strong><\/p>\n\n\n\n<ul class=\"wp-block-list\">\n<li>Tous vos documents fiscaux officiels sont regroup\u00e9s au m\u00eame endroit&nbsp;;<\/li>\n\n\n\n<li>Vous les retrouvez rapidement en cas de contr\u00f4le&nbsp;;<\/li>\n\n\n\n<li>Vous respectez l&rsquo;obligation l\u00e9gale de conservation sans devoir fouiller dans des classeurs ou des dossiers de votre bo\u00eete e-mail.<\/li>\n<\/ul>\n\n\n\n<p><a href=\"https:\/\/web.accountable.eu\/login\">Essayez Accountable gratuitement d\u00e8s maintenant<\/a> et d\u00e9couvrez toutes nos autres fonctionnalit\u00e9s pratiques pour votre comptabilit\u00e9 et vos imp\u00f4ts.<\/p>\n\n\n    <!-- wp:acf\/blog-annotation -->\n    <div class=\"wp-block-acf-blog-annotation flex items-start gap-4 bg-light-purple py-6 px-4 rounded-lg mb-3 mt-3\">\n                    <img decoding=\"async\" class=\"flex-shrink-0\" src=\"https:\/\/www.accountable.eu\/wp-content\/themes\/accountable\/assets\/rebranding-images\/icons\/blog\/widgets\/bulb.svg\" alt=\"bulb\">\n        \n        <div class=\"blog-annotation__text\">\n            <p class=\"font-inter text-lg text-purple m-0\"><a class=\"text-purple underline\" class=\"text-purple underline\" class=\"text-blue-600 hover:underline\" class=\"text-purple underline\" class=\"text-blue-600 hover:underline\" href=\"https:\/\/www.accountable.eu\/fr-be\/blog\/conservation-des-factures\/\"><strong class=\"font-bold\">Lisez-en plus ici sur la dur\u00e9e l\u00e9gale de conservation des documents officiels.<\/strong><\/a><\/p>\n        <\/div>\n    <\/div>\n    <!-- \/wp:acf\/blog-annotation -->\n\n\n\n<p><\/p>\n","protected":false},"excerpt":{"rendered":"<p>En tant qu&rsquo;ind\u00e9pendant, vous recevez de nombreux courriers officiels et attestations de la part des pouvoirs publics. Le document actant l&rsquo;activation de votre num\u00e9ro de TVA, celui qui confirme votre inscription \u00e0 la BCE, ou encore des documents du SPF Finances concernant vos imp\u00f4ts\u2026 En fonction de vos choix personnels, vous recevez la plupart en [&hellip;]<\/p>\n","protected":false},"author":29,"featured_media":0,"comment_status":"closed","ping_status":"closed","sticky":false,"template":"","format":"standard","meta":{"inline_featured_image":false,"footnotes":""},"categories":[291,240],"tags":[300,313],"class_list":["post-19694","post","type-post","status-publish","format-standard","hentry","category-informations-pratiques","category-uncategorized-fr-be","tag-comptabilite","tag-personne-physique"],"acf":[],"yoast_head":"<!-- This site is optimized with the Yoast SEO plugin v27.4 - https:\/\/yoast.com\/product\/yoast-seo-wordpress\/ -->\n<title>O\u00f9 conserver ses documents officiels en tant qu&#039;ind\u00e9pendant ? - Accountable<\/title>\n<meta name=\"description\" content=\"Combien de temps faut-il garder ses documents officiels ? Et o\u00f9 ? L&#039;espace de stockage d&#039;Accountable est une solution s\u00fbre et simple.\" \/>\n<meta name=\"robots\" content=\"index, follow, max-snippet:-1, max-image-preview:large, max-video-preview:-1\" \/>\n<link rel=\"canonical\" href=\"https:\/\/www.accountable.eu\/fr-be\/blog\/conservation-documents-officiels\/\" \/>\n<meta property=\"og:locale\" content=\"fr_FR\" \/>\n<meta property=\"og:type\" content=\"article\" \/>\n<meta property=\"og:title\" content=\"O\u00f9 conserver ses documents officiels en tant qu&#039;ind\u00e9pendant ? - Accountable\" \/>\n<meta property=\"og:description\" content=\"Combien de temps faut-il garder ses documents officiels ? Et o\u00f9 ? L&#039;espace de stockage d&#039;Accountable est une solution s\u00fbre et simple.\" \/>\n<meta property=\"og:url\" content=\"https:\/\/www.accountable.eu\/fr-be\/blog\/conservation-documents-officiels\/\" \/>\n<meta property=\"og:site_name\" content=\"Accountable\" \/>\n<meta property=\"article:published_time\" content=\"2025-09-18T10:27:42+00:00\" \/>\n<meta property=\"article:modified_time\" content=\"2025-09-18T10:27:44+00:00\" \/>\n<meta name=\"author\" content=\"julie\" \/>\n<meta name=\"twitter:card\" content=\"summary_large_image\" \/>\n<meta name=\"twitter:label1\" content=\"\u00c9crit par\" \/>\n\t<meta name=\"twitter:data1\" content=\"julie\" \/>\n\t<meta name=\"twitter:label2\" content=\"Dur\u00e9e de lecture est.\" \/>\n\t<meta name=\"twitter:data2\" content=\"3 minutes\" \/>\n<script type=\"application\/ld+json\" class=\"yoast-schema-graph\">{\"@context\":\"https:\\\/\\\/schema.org\",\"@graph\":[{\"@type\":\"Article\",\"@id\":\"https:\\\/\\\/www.accountable.eu\\\/fr-be\\\/blog\\\/conservation-documents-officiels\\\/#article\",\"isPartOf\":{\"@id\":\"https:\\\/\\\/www.accountable.eu\\\/fr-be\\\/blog\\\/conservation-documents-officiels\\\/\"},\"author\":{\"name\":\"julie\",\"@id\":\"https:\\\/\\\/www.accountable.eu\\\/fr-be\\\/#\\\/schema\\\/person\\\/9c85ec213b340ca3e8c8e152f6723a71\"},\"headline\":\"Conservation de documents officiels\u00a0:\u00a0lesquels, o\u00f9 et combien de temps ?\",\"datePublished\":\"2025-09-18T10:27:42+00:00\",\"dateModified\":\"2025-09-18T10:27:44+00:00\",\"mainEntityOfPage\":{\"@id\":\"https:\\\/\\\/www.accountable.eu\\\/fr-be\\\/blog\\\/conservation-documents-officiels\\\/\"},\"wordCount\":560,\"publisher\":{\"@id\":\"https:\\\/\\\/www.accountable.eu\\\/fr-be\\\/#organization\"},\"keywords\":[\"Comptabilit\u00e9\",\"Personne physique\"],\"articleSection\":[\"Informations pratiques\",\"Uncategorized @fr-be\"],\"inLanguage\":\"fr-BE\"},{\"@type\":\"WebPage\",\"@id\":\"https:\\\/\\\/www.accountable.eu\\\/fr-be\\\/blog\\\/conservation-documents-officiels\\\/\",\"url\":\"https:\\\/\\\/www.accountable.eu\\\/fr-be\\\/blog\\\/conservation-documents-officiels\\\/\",\"name\":\"O\u00f9 conserver ses documents officiels en tant qu'ind\u00e9pendant ? - Accountable\",\"isPartOf\":{\"@id\":\"https:\\\/\\\/www.accountable.eu\\\/fr-be\\\/#website\"},\"datePublished\":\"2025-09-18T10:27:42+00:00\",\"dateModified\":\"2025-09-18T10:27:44+00:00\",\"description\":\"Combien de temps faut-il garder ses documents officiels ? Et o\u00f9 ? L'espace de stockage d'Accountable est une solution s\u00fbre et simple.\",\"breadcrumb\":{\"@id\":\"https:\\\/\\\/www.accountable.eu\\\/fr-be\\\/blog\\\/conservation-documents-officiels\\\/#breadcrumb\"},\"inLanguage\":\"fr-BE\",\"potentialAction\":[{\"@type\":\"ReadAction\",\"target\":[\"https:\\\/\\\/www.accountable.eu\\\/fr-be\\\/blog\\\/conservation-documents-officiels\\\/\"]}]},{\"@type\":\"BreadcrumbList\",\"@id\":\"https:\\\/\\\/www.accountable.eu\\\/fr-be\\\/blog\\\/conservation-documents-officiels\\\/#breadcrumb\",\"itemListElement\":[{\"@type\":\"ListItem\",\"position\":1,\"name\":\"Home\",\"item\":\"https:\\\/\\\/www.accountable.eu\\\/fr-be\\\/\"},{\"@type\":\"ListItem\",\"position\":2,\"name\":\"Conservation de documents officiels\u00a0:\u00a0lesquels, o\u00f9 et combien de temps ?\"}]},{\"@type\":\"WebSite\",\"@id\":\"https:\\\/\\\/www.accountable.eu\\\/fr-be\\\/#website\",\"url\":\"https:\\\/\\\/www.accountable.eu\\\/fr-be\\\/\",\"name\":\"Accountable\",\"description\":\"Your accountant and tax advisor on your smartphone\",\"publisher\":{\"@id\":\"https:\\\/\\\/www.accountable.eu\\\/fr-be\\\/#organization\"},\"potentialAction\":[{\"@type\":\"SearchAction\",\"target\":{\"@type\":\"EntryPoint\",\"urlTemplate\":\"https:\\\/\\\/www.accountable.eu\\\/fr-be\\\/?s={search_term_string}\"},\"query-input\":{\"@type\":\"PropertyValueSpecification\",\"valueRequired\":true,\"valueName\":\"search_term_string\"}}],\"inLanguage\":\"fr-BE\"},{\"@type\":\"Organization\",\"@id\":\"https:\\\/\\\/www.accountable.eu\\\/fr-be\\\/#organization\",\"name\":\"Accountable\",\"url\":\"https:\\\/\\\/www.accountable.eu\\\/fr-be\\\/\",\"logo\":{\"@type\":\"ImageObject\",\"inLanguage\":\"fr-BE\",\"@id\":\"https:\\\/\\\/www.accountable.eu\\\/fr-be\\\/#\\\/schema\\\/logo\\\/image\\\/\",\"url\":\"https:\\\/\\\/www.accountable.eu\\\/wp-content\\\/uploads\\\/2026\\\/04\\\/logo-512.png\",\"contentUrl\":\"https:\\\/\\\/www.accountable.eu\\\/wp-content\\\/uploads\\\/2026\\\/04\\\/logo-512.png\",\"width\":512,\"height\":512,\"caption\":\"Accountable\"},\"image\":{\"@id\":\"https:\\\/\\\/www.accountable.eu\\\/fr-be\\\/#\\\/schema\\\/logo\\\/image\\\/\"}},{\"@type\":\"Person\",\"@id\":\"https:\\\/\\\/www.accountable.eu\\\/fr-be\\\/#\\\/schema\\\/person\\\/9c85ec213b340ca3e8c8e152f6723a71\",\"name\":\"julie\",\"image\":{\"@type\":\"ImageObject\",\"inLanguage\":\"fr-BE\",\"@id\":\"https:\\\/\\\/secure.gravatar.com\\\/avatar\\\/84976ca8c4076c0af102d23ffc9c9145ea8291e3557ca33fa00841ff5aa46503?s=96&d=mm&r=g\",\"url\":\"https:\\\/\\\/secure.gravatar.com\\\/avatar\\\/84976ca8c4076c0af102d23ffc9c9145ea8291e3557ca33fa00841ff5aa46503?s=96&d=mm&r=g\",\"contentUrl\":\"https:\\\/\\\/secure.gravatar.com\\\/avatar\\\/84976ca8c4076c0af102d23ffc9c9145ea8291e3557ca33fa00841ff5aa46503?s=96&d=mm&r=g\",\"caption\":\"julie\"}}]}<\/script>\n<!-- \/ Yoast SEO plugin. -->","yoast_head_json":{"title":"O\u00f9 conserver ses documents officiels en tant qu'ind\u00e9pendant ? - Accountable","description":"Combien de temps faut-il garder ses documents officiels ? Et o\u00f9 ? L'espace de stockage d'Accountable est une solution s\u00fbre et simple.","robots":{"index":"index","follow":"follow","max-snippet":"max-snippet:-1","max-image-preview":"max-image-preview:large","max-video-preview":"max-video-preview:-1"},"canonical":"https:\/\/www.accountable.eu\/fr-be\/blog\/conservation-documents-officiels\/","og_locale":"fr_FR","og_type":"article","og_title":"O\u00f9 conserver ses documents officiels en tant qu'ind\u00e9pendant ? - Accountable","og_description":"Combien de temps faut-il garder ses documents officiels ? Et o\u00f9 ? L'espace de stockage d'Accountable est une solution s\u00fbre et simple.","og_url":"https:\/\/www.accountable.eu\/fr-be\/blog\/conservation-documents-officiels\/","og_site_name":"Accountable","article_published_time":"2025-09-18T10:27:42+00:00","article_modified_time":"2025-09-18T10:27:44+00:00","author":"julie","twitter_card":"summary_large_image","twitter_misc":{"\u00c9crit par":"julie","Dur\u00e9e de lecture est.":"3 minutes"},"schema":{"@context":"https:\/\/schema.org","@graph":[{"@type":"Article","@id":"https:\/\/www.accountable.eu\/fr-be\/blog\/conservation-documents-officiels\/#article","isPartOf":{"@id":"https:\/\/www.accountable.eu\/fr-be\/blog\/conservation-documents-officiels\/"},"author":{"name":"julie","@id":"https:\/\/www.accountable.eu\/fr-be\/#\/schema\/person\/9c85ec213b340ca3e8c8e152f6723a71"},"headline":"Conservation de documents officiels\u00a0:\u00a0lesquels, o\u00f9 et combien de temps ?","datePublished":"2025-09-18T10:27:42+00:00","dateModified":"2025-09-18T10:27:44+00:00","mainEntityOfPage":{"@id":"https:\/\/www.accountable.eu\/fr-be\/blog\/conservation-documents-officiels\/"},"wordCount":560,"publisher":{"@id":"https:\/\/www.accountable.eu\/fr-be\/#organization"},"keywords":["Comptabilit\u00e9","Personne physique"],"articleSection":["Informations pratiques","Uncategorized @fr-be"],"inLanguage":"fr-BE"},{"@type":"WebPage","@id":"https:\/\/www.accountable.eu\/fr-be\/blog\/conservation-documents-officiels\/","url":"https:\/\/www.accountable.eu\/fr-be\/blog\/conservation-documents-officiels\/","name":"O\u00f9 conserver ses documents officiels en tant qu'ind\u00e9pendant ? - Accountable","isPartOf":{"@id":"https:\/\/www.accountable.eu\/fr-be\/#website"},"datePublished":"2025-09-18T10:27:42+00:00","dateModified":"2025-09-18T10:27:44+00:00","description":"Combien de temps faut-il garder ses documents officiels ? Et o\u00f9 ? L'espace de stockage d'Accountable est une solution s\u00fbre et simple.","breadcrumb":{"@id":"https:\/\/www.accountable.eu\/fr-be\/blog\/conservation-documents-officiels\/#breadcrumb"},"inLanguage":"fr-BE","potentialAction":[{"@type":"ReadAction","target":["https:\/\/www.accountable.eu\/fr-be\/blog\/conservation-documents-officiels\/"]}]},{"@type":"BreadcrumbList","@id":"https:\/\/www.accountable.eu\/fr-be\/blog\/conservation-documents-officiels\/#breadcrumb","itemListElement":[{"@type":"ListItem","position":1,"name":"Home","item":"https:\/\/www.accountable.eu\/fr-be\/"},{"@type":"ListItem","position":2,"name":"Conservation de documents officiels\u00a0:\u00a0lesquels, o\u00f9 et combien de temps ?"}]},{"@type":"WebSite","@id":"https:\/\/www.accountable.eu\/fr-be\/#website","url":"https:\/\/www.accountable.eu\/fr-be\/","name":"Accountable","description":"Your accountant and tax advisor on your smartphone","publisher":{"@id":"https:\/\/www.accountable.eu\/fr-be\/#organization"},"potentialAction":[{"@type":"SearchAction","target":{"@type":"EntryPoint","urlTemplate":"https:\/\/www.accountable.eu\/fr-be\/?s={search_term_string}"},"query-input":{"@type":"PropertyValueSpecification","valueRequired":true,"valueName":"search_term_string"}}],"inLanguage":"fr-BE"},{"@type":"Organization","@id":"https:\/\/www.accountable.eu\/fr-be\/#organization","name":"Accountable","url":"https:\/\/www.accountable.eu\/fr-be\/","logo":{"@type":"ImageObject","inLanguage":"fr-BE","@id":"https:\/\/www.accountable.eu\/fr-be\/#\/schema\/logo\/image\/","url":"https:\/\/www.accountable.eu\/wp-content\/uploads\/2026\/04\/logo-512.png","contentUrl":"https:\/\/www.accountable.eu\/wp-content\/uploads\/2026\/04\/logo-512.png","width":512,"height":512,"caption":"Accountable"},"image":{"@id":"https:\/\/www.accountable.eu\/fr-be\/#\/schema\/logo\/image\/"}},{"@type":"Person","@id":"https:\/\/www.accountable.eu\/fr-be\/#\/schema\/person\/9c85ec213b340ca3e8c8e152f6723a71","name":"julie","image":{"@type":"ImageObject","inLanguage":"fr-BE","@id":"https:\/\/secure.gravatar.com\/avatar\/84976ca8c4076c0af102d23ffc9c9145ea8291e3557ca33fa00841ff5aa46503?s=96&d=mm&r=g","url":"https:\/\/secure.gravatar.com\/avatar\/84976ca8c4076c0af102d23ffc9c9145ea8291e3557ca33fa00841ff5aa46503?s=96&d=mm&r=g","contentUrl":"https:\/\/secure.gravatar.com\/avatar\/84976ca8c4076c0af102d23ffc9c9145ea8291e3557ca33fa00841ff5aa46503?s=96&d=mm&r=g","caption":"julie"}}]}},"_links":{"self":[{"href":"https:\/\/www.accountable.eu\/fr-be\/wp-json\/wp\/v2\/posts\/19694","targetHints":{"allow":["GET"]}}],"collection":[{"href":"https:\/\/www.accountable.eu\/fr-be\/wp-json\/wp\/v2\/posts"}],"about":[{"href":"https:\/\/www.accountable.eu\/fr-be\/wp-json\/wp\/v2\/types\/post"}],"author":[{"embeddable":true,"href":"https:\/\/www.accountable.eu\/fr-be\/wp-json\/wp\/v2\/users\/29"}],"replies":[{"embeddable":true,"href":"https:\/\/www.accountable.eu\/fr-be\/wp-json\/wp\/v2\/comments?post=19694"}],"version-history":[{"count":0,"href":"https:\/\/www.accountable.eu\/fr-be\/wp-json\/wp\/v2\/posts\/19694\/revisions"}],"wp:attachment":[{"href":"https:\/\/www.accountable.eu\/fr-be\/wp-json\/wp\/v2\/media?parent=19694"}],"wp:term":[{"taxonomy":"category","embeddable":true,"href":"https:\/\/www.accountable.eu\/fr-be\/wp-json\/wp\/v2\/categories?post=19694"},{"taxonomy":"post_tag","embeddable":true,"href":"https:\/\/www.accountable.eu\/fr-be\/wp-json\/wp\/v2\/tags?post=19694"}],"curies":[{"name":"wp","href":"https:\/\/api.w.org\/{rel}","templated":true}]}}