{"id":307,"count":48,"description":"Vous d\u00e9couvrirez ici tout ce qu'il faut savoir sur les frais professionnels. Quelles sont les d\u00e9penses que vous pouvez engager en tant qu'ind\u00e9pendant et quelles sont les d\u00e9penses que vous pouvez d\u00e9duire, ce qui vous permet d'obtenir un revenu net plus \u00e9lev\u00e9.","link":"https:\/\/www.accountable.eu\/fr-be\/blog\/tag\/frais-professionnels\/","name":"Frais pro","slug":"frais-professionnels","taxonomy":"post_tag","meta":[],"yoast_head":"<!-- This site is optimized with the Yoast SEO plugin v27.4 - https:\/\/yoast.com\/product\/yoast-seo-wordpress\/ -->\n<title>Frais pro Archives - Accountable<\/title>\n<meta name=\"robots\" content=\"noindex, follow\" \/>\n<meta property=\"og:locale\" content=\"fr_FR\" \/>\n<meta property=\"og:type\" content=\"article\" \/>\n<meta property=\"og:title\" content=\"Frais pro Archives - Accountable\" \/>\n<meta property=\"og:description\" content=\"Vous d\u00e9couvrirez ici tout ce qu&rsquo;il faut savoir sur les frais professionnels. Quelles sont les d\u00e9penses que vous pouvez engager en tant qu&rsquo;ind\u00e9pendant et quelles sont les d\u00e9penses que vous pouvez d\u00e9duire, ce qui vous permet d&rsquo;obtenir un revenu net plus \u00e9lev\u00e9.\" \/>\n<meta property=\"og:url\" content=\"https:\/\/www.accountable.eu\/fr-be\/blog\/tag\/frais-professionnels\/\" \/>\n<meta property=\"og:site_name\" content=\"Accountable\" \/>\n<meta name=\"twitter:card\" content=\"summary_large_image\" \/>\n<script type=\"application\/ld+json\" class=\"yoast-schema-graph\">{\"@context\":\"https:\\\/\\\/schema.org\",\"@graph\":[{\"@type\":\"CollectionPage\",\"@id\":\"https:\\\/\\\/www.accountable.eu\\\/fr-be\\\/blog\\\/tag\\\/frais-professionnels\\\/\",\"url\":\"https:\\\/\\\/www.accountable.eu\\\/fr-be\\\/blog\\\/tag\\\/frais-professionnels\\\/\",\"name\":\"Frais pro Archives - Accountable\",\"isPartOf\":{\"@id\":\"https:\\\/\\\/www.accountable.eu\\\/fr-be\\\/#website\"},\"breadcrumb\":{\"@id\":\"https:\\\/\\\/www.accountable.eu\\\/fr-be\\\/blog\\\/tag\\\/frais-professionnels\\\/#breadcrumb\"},\"inLanguage\":\"fr-BE\"},{\"@type\":\"BreadcrumbList\",\"@id\":\"https:\\\/\\\/www.accountable.eu\\\/fr-be\\\/blog\\\/tag\\\/frais-professionnels\\\/#breadcrumb\",\"itemListElement\":[{\"@type\":\"ListItem\",\"position\":1,\"name\":\"Home\",\"item\":\"https:\\\/\\\/www.accountable.eu\\\/fr-be\\\/\"},{\"@type\":\"ListItem\",\"position\":2,\"name\":\"Frais pro\"}]},{\"@type\":\"WebSite\",\"@id\":\"https:\\\/\\\/www.accountable.eu\\\/fr-be\\\/#website\",\"url\":\"https:\\\/\\\/www.accountable.eu\\\/fr-be\\\/\",\"name\":\"Accountable\",\"description\":\"Your accountant and tax advisor on your smartphone\",\"publisher\":{\"@id\":\"https:\\\/\\\/www.accountable.eu\\\/fr-be\\\/#organization\"},\"potentialAction\":[{\"@type\":\"SearchAction\",\"target\":{\"@type\":\"EntryPoint\",\"urlTemplate\":\"https:\\\/\\\/www.accountable.eu\\\/fr-be\\\/?s={search_term_string}\"},\"query-input\":{\"@type\":\"PropertyValueSpecification\",\"valueRequired\":true,\"valueName\":\"search_term_string\"}}],\"inLanguage\":\"fr-BE\"},{\"@type\":\"Organization\",\"@id\":\"https:\\\/\\\/www.accountable.eu\\\/fr-be\\\/#organization\",\"name\":\"Accountable\",\"url\":\"https:\\\/\\\/www.accountable.eu\\\/fr-be\\\/\",\"logo\":{\"@type\":\"ImageObject\",\"inLanguage\":\"fr-BE\",\"@id\":\"https:\\\/\\\/www.accountable.eu\\\/fr-be\\\/#\\\/schema\\\/logo\\\/image\\\/\",\"url\":\"https:\\\/\\\/www.accountable.eu\\\/wp-content\\\/uploads\\\/2026\\\/04\\\/logo-512.png\",\"contentUrl\":\"https:\\\/\\\/www.accountable.eu\\\/wp-content\\\/uploads\\\/2026\\\/04\\\/logo-512.png\",\"width\":512,\"height\":512,\"caption\":\"Accountable\"},\"image\":{\"@id\":\"https:\\\/\\\/www.accountable.eu\\\/fr-be\\\/#\\\/schema\\\/logo\\\/image\\\/\"}}]}<\/script>\n<!-- \/ Yoast SEO plugin. -->","yoast_head_json":{"title":"Frais pro Archives - Accountable","robots":{"index":"noindex","follow":"follow"},"og_locale":"fr_FR","og_type":"article","og_title":"Frais pro Archives - Accountable","og_description":"Vous d\u00e9couvrirez ici tout ce qu&rsquo;il faut savoir sur les frais professionnels. Quelles sont les d\u00e9penses que vous pouvez engager en tant qu&rsquo;ind\u00e9pendant et quelles sont les d\u00e9penses que vous pouvez d\u00e9duire, ce qui vous permet d&rsquo;obtenir un revenu net plus \u00e9lev\u00e9.","og_url":"https:\/\/www.accountable.eu\/fr-be\/blog\/tag\/frais-professionnels\/","og_site_name":"Accountable","twitter_card":"summary_large_image","schema":{"@context":"https:\/\/schema.org","@graph":[{"@type":"CollectionPage","@id":"https:\/\/www.accountable.eu\/fr-be\/blog\/tag\/frais-professionnels\/","url":"https:\/\/www.accountable.eu\/fr-be\/blog\/tag\/frais-professionnels\/","name":"Frais pro Archives - Accountable","isPartOf":{"@id":"https:\/\/www.accountable.eu\/fr-be\/#website"},"breadcrumb":{"@id":"https:\/\/www.accountable.eu\/fr-be\/blog\/tag\/frais-professionnels\/#breadcrumb"},"inLanguage":"fr-BE"},{"@type":"BreadcrumbList","@id":"https:\/\/www.accountable.eu\/fr-be\/blog\/tag\/frais-professionnels\/#breadcrumb","itemListElement":[{"@type":"ListItem","position":1,"name":"Home","item":"https:\/\/www.accountable.eu\/fr-be\/"},{"@type":"ListItem","position":2,"name":"Frais pro"}]},{"@type":"WebSite","@id":"https:\/\/www.accountable.eu\/fr-be\/#website","url":"https:\/\/www.accountable.eu\/fr-be\/","name":"Accountable","description":"Your accountant and tax advisor on your smartphone","publisher":{"@id":"https:\/\/www.accountable.eu\/fr-be\/#organization"},"potentialAction":[{"@type":"SearchAction","target":{"@type":"EntryPoint","urlTemplate":"https:\/\/www.accountable.eu\/fr-be\/?s={search_term_string}"},"query-input":{"@type":"PropertyValueSpecification","valueRequired":true,"valueName":"search_term_string"}}],"inLanguage":"fr-BE"},{"@type":"Organization","@id":"https:\/\/www.accountable.eu\/fr-be\/#organization","name":"Accountable","url":"https:\/\/www.accountable.eu\/fr-be\/","logo":{"@type":"ImageObject","inLanguage":"fr-BE","@id":"https:\/\/www.accountable.eu\/fr-be\/#\/schema\/logo\/image\/","url":"https:\/\/www.accountable.eu\/wp-content\/uploads\/2026\/04\/logo-512.png","contentUrl":"https:\/\/www.accountable.eu\/wp-content\/uploads\/2026\/04\/logo-512.png","width":512,"height":512,"caption":"Accountable"},"image":{"@id":"https:\/\/www.accountable.eu\/fr-be\/#\/schema\/logo\/image\/"}}]}},"_links":{"self":[{"href":"https:\/\/www.accountable.eu\/fr-be\/wp-json\/wp\/v2\/tags\/307","targetHints":{"allow":["GET"]}}],"collection":[{"href":"https:\/\/www.accountable.eu\/fr-be\/wp-json\/wp\/v2\/tags"}],"about":[{"href":"https:\/\/www.accountable.eu\/fr-be\/wp-json\/wp\/v2\/taxonomies\/post_tag"}],"wp:post_type":[{"href":"https:\/\/www.accountable.eu\/fr-be\/wp-json\/wp\/v2\/posts?tags=307"}],"curies":[{"name":"wp","href":"https:\/\/api.w.org\/{rel}","templated":true}]}}