{"id":15822,"date":"2024-09-22T13:09:13","date_gmt":"2024-09-22T11:09:13","guid":{"rendered":"https:\/\/www.accountable.eu\/?p=15822"},"modified":"2024-09-22T13:22:27","modified_gmt":"2024-09-22T11:22:27","slug":"cose-il-reverse-charge","status":"publish","type":"post","link":"https:\/\/www.accountable.eu\/it-it\/blog\/cose-il-reverse-charge\/","title":{"rendered":"Cos\u2019\u00e8 il reverse charge?"},"content":{"rendered":"\n<p><strong>Il <\/strong><strong>reverse charge<\/strong><strong> o inversione contabile aiuta a semplificare gli acquisti e le vendite con IVA nell\u2019ambito dell\u2019UE. Infatti, regola il trasferimento dell\u2019IVA tra venditori e clienti con sede in diversi Paesi dell\u2019UE. Di primo acchito, pu\u00f2 sembrare pi\u00f9 complicato di quanto non sia in realt\u00e0. Nell\u2019articolo ti spieghiamo tutto quello che devi sapere al riguardo.<\/strong><\/p>\n\n\n\n<h2 class=\"wp-block-heading\">Quando si applica il reverse charge?<\/h2>\n\n\n\n<p>Questa procedura si applica nell\u2019Unione Europea da quasi 20 anni: se i beni o i servizi sono venduti a un cliente in un altro Paese dell\u2019UE che \u00e8 anche soggetto all\u2019IVA, il venditore non \u00e8 tenuto a indicare l\u2019IVA in fattura. In questo caso, il cliente deve dichiarare, pagare e versare l\u2019IVA nel proprio Paese. L\u2019idea \u00e8 quella di semplificare il pi\u00f9 possibile il libero scambio all\u2019interno dell\u2019UE.<\/p>\n\n\n\n<p>Tuttavia, c\u2019\u00e8 un\u2019eccezione. Se il cliente \u00e8 un privato in un altro Paese dell\u2019UE, non si applica il reverse charge.<\/p>\n\n\n\n<h2 class=\"wp-block-heading\">Esempi di reverse charge<\/h2>\n\n\n\n<p>Vediamo come si applica il reverse charge nella pratica:<\/p>\n\n\n\n<ul class=\"wp-block-list\">\n<li>Supponiamo che organizzi un corso di formazione per un\u2019azienda francese di Parigi. Nella fattura emessa non indichi l\u2019IVA, motivando questa assenza con l\u2019applicazione del reverse charge. Il cliente francese dichiara l\u2019IVA sui tuoi servizi nel suo Paese, la paga e la detrae come parte della sua IVA.<\/li>\n\n\n\n<li>Acquisti uno schermo per il computer in Polonia, che ricevi in Italia. Ora paghi l\u2019IVA, ma la recuperi in fase di dichiarazione IVA.<\/li>\n<\/ul>\n\n\n\n<h2 class=\"wp-block-heading\">Cosa deve essere riportato in fattura per il reverse charge?<\/h2>\n\n\n\n<p>Il reverse charge trasferisce l\u2019obbligo di pagamento dell\u2019IVA dal fornitore al cliente, che si autofattura e versa l\u2019imposta, contribuendo a una gestione pi\u00f9 sicura e semplificata dell\u2019IVA in contesti specifici e internazionali. \u00c8 sempre necessario rispettare le norme per l\u2019emissione delle fatture. Particolarmente importante \u00e8 la presenza di un numero di partita IVA valido. <a href=\"https:\/\/www.accountable.eu\/it-it\/blog\/aprire-partita-iva\/\">Qui trovi tutte le informazioni per aprire la partita IVA.<\/a><\/p>\n\n\n\n<p>Se vendi beni e servizi a un cliente di un altro Paese dell\u2019Unione Europea, ricordati di indicare il reverse charge sulla fattura con la dicitura \u201cInversione contabile\u201d. In questo modo, ti assicurerai che il tuo cliente possa effettivamente dichiarare e reclamare l\u2019IVA.<\/p>\n\n\n\n<p>\u26a0\ufe0f Se ricevi una fattura da un venditore di un altro Paese, assicurati che tutto venga rispettato. Verifica quindi se la fattura che stai pagando \u00e8 conforme alle norme sull\u2019inversione contabile.<\/p>\n\n\n\n<h2 class=\"wp-block-heading\">\u00c8 necessario dichiarare il reverse charge nella dichiarazione IVA?<\/h2>\n\n\n\n<p>S\u00ec, nella dichiarazione IVA devi dichiarare anche le vendite e gli acquisti che rientrano nella procedura di inversione contabile. A tal proposito sono previsti il <strong>rigo VF<\/strong> per gli acquisiti di beni e servizi all\u2019interno dell\u2019UE, mentre nel <strong>rigo VE<\/strong> vanno indicati gli acquisti da soggetti non stabiliti in Italia per i quali il soggetto passivo \u00e8 tenuto all\u2019inversione contabile.<\/p>\n\n\n\n<h2 class=\"wp-block-heading\">Il reverse charge si applica anche ai clienti di Paesi terzi?<\/h2>\n\n\n\n<p>In generale, se il tuo cliente non fa parte dell\u2019Unione Europea, non verr\u00e0 addebitata l\u2019IVA. Tuttavia, vi sono alcuni casi specifici in cui vige l\u2019inversione contabile, anche se si tratta di Paesi terzi. Ad esempio, se un\u2019impresa italiana riceve servizi digitali da un fornitore extra-UE (ad esempio, un servizio di cloud o un software), l\u2019impresa italiana deve autofatturarsi l\u2019IVA applicando il meccanismo del reverse charge. In questo caso il fornitore estero non applica l\u2019IVA, ma l\u2019imposta deve essere comunque contabilizzata in Italia dal committente italiano.<\/p>\n\n\n\n<p>Anche nel caso in cui un\u2019azienda italiana riceva consulenze o servizi professionali da un\u2019impresa di un Paese terzo, l\u2019azienda in Italia \u00e8 tenuta a emettere un\u2019autofattura e a versare l\u2019IVA tramite il reverse charge.<\/p>\n\n\n\n<h2 class=\"wp-block-heading\">Quando si applica il reverse charge in sintesi<\/h2>\n\n\n\n<p>Se hai a che fare con aziende che si trovano al di fuori del territorio nazionale e con sede nell\u2019UE, devi fare attenzione al momento di emettere la fattura e versare l\u2019IVA. Vi \u00e8 una differenza se il cliente \u00e8 un privato o un\u2019azienda. Infatti, nel caso di un\u2019azienda, entra in vigore l\u2019inversione contabile (conosciuta anche come reverse charge) e non \u00e8 necessario indicare l\u2019IVA in fattura. \u00c8 inoltre importante che il cliente sia situato all\u2019interno dell\u2019UE o in un Paese terzo, in cui si applicano alcuni casi specifici. In genere, infatti, non \u00e8 necessario indicare l\u2019IVA o il reverse charge sulle fatture indirizzate a Paesi terzi.<\/p>\n\n\n\n<h2 class=\"wp-block-heading\">FAQ<\/h2>\n\n\n\n<p><strong>Cos\u2019\u00e8 il <\/strong><strong>reverse charge<\/strong><strong>?<\/strong><\/p>\n\n\n\n<p>Il reverse charge, o inversione contabile, \u00e8 un meccanismo che semplifica la gestione dell\u2019IVA negli acquisti e nelle vendite tra Paesi dell\u2019Unione Europea, trasferendo l\u2019obbligo di pagamento dell\u2019IVA dal venditore al cliente.<\/p>\n\n\n\n<p><strong>Quando si applica il reverse charge<\/strong><strong>?<\/strong><\/p>\n\n\n\n<p>Il reverse charge si applica quando beni o servizi sono venduti a un cliente in un altro Paese dell\u2019UE, che \u00e8 soggetto all\u2019IVA. Il venditore non deve indicare l\u2019IVA in fattura, e il cliente \u00e8 responsabile di dichiarare e pagare l\u2019IVA nel proprio Paese.<\/p>\n\n\n\n<p><strong>Cosa deve essere riportato in fattura per il <\/strong><strong>reverse charge<\/strong><strong>?<\/strong><\/p>\n\n\n\n<p>Nella fattura emessa per vendite a un cliente di un altro Paese dell\u2019UE, deve essere indicata la dicitura \u201cInversione contabile\u201d per assicurare che il cliente possa dichiarare e reclamare l\u2019IVA correttamente. \u00c8 essenziale includere un numero di partita IVA valido.<\/p>\n\n\n\n<p><strong>Il <\/strong><strong>reverse charge<\/strong><strong> si applica anche ai clienti di Paesi terzi?<\/strong><\/p>\n\n\n\n<p>In generale, il reverse charge non si applica ai clienti di Paesi terzi, ma vi sono eccezioni, come per i servizi digitali o professionali ricevuti da fornitori extra-UE. In questi casi, l\u2019impresa italiana deve autofatturarsi l\u2019IVA e versarla tramite il reverse charge.<\/p>\n\n\n\n<p><strong>\u00c8 necessario dichiarare il <\/strong><strong>reverse charge<\/strong><strong> nella dichiarazione IVA?<\/strong><\/p>\n\n\n\n<p>S\u00ec, \u00e8 necessario dichiarare le operazioni soggette a reverse charge nella dichiarazione IVA, utilizzando gli appositi campi per gli acquisti e le vendite all\u2019interno dell\u2019UE e per le operazioni da parte di soggetti non stabiliti in Italia.<\/p>\n","protected":false},"excerpt":{"rendered":"<p>Il reverse charge o inversione contabile aiuta a semplificare gli acquisti e le vendite con IVA nell\u2019ambito dell\u2019UE. Infatti, regola il trasferimento dell\u2019IVA tra venditori e clienti con sede in diversi Paesi dell\u2019UE. Di primo acchito, pu\u00f2 sembrare pi\u00f9 complicato di quanto non sia in realt\u00e0. Nell\u2019articolo ti spieghiamo tutto quello che devi sapere al [&hellip;]<\/p>\n","protected":false},"author":17,"featured_media":15823,"comment_status":"closed","ping_status":"closed","sticky":false,"template":"","format":"standard","meta":{"inline_featured_image":false,"footnotes":""},"categories":[407,389],"tags":[369,387,408],"class_list":["post-15822","post","type-post","status-publish","format-standard","has-post-thumbnail","hentry","category-iva","category-normativa-fiscale","tag-consigli-fiscali","tag-fatture-e-ricevute","tag-iva"],"acf":[],"yoast_head":"<!-- This site is optimized with the Yoast SEO plugin v27.4 - https:\/\/yoast.com\/product\/yoast-seo-wordpress\/ -->\n<title>Cos\u2019\u00e8 il reverse charge? - Accountable<\/title>\n<meta name=\"description\" content=\"Il reverse charge aiuta a semplificare gli acquisti e le vendite con IVA nell\u2019UE. Qui ti spieghiamo quando si applica e come funziona il reverse charge.\" \/>\n<meta name=\"robots\" content=\"index, follow, max-snippet:-1, max-image-preview:large, max-video-preview:-1\" \/>\n<link rel=\"canonical\" href=\"https:\/\/www.accountable.eu\/it-it\/blog\/cose-il-reverse-charge\/\" \/>\n<meta property=\"og:locale\" content=\"it_IT\" \/>\n<meta property=\"og:type\" content=\"article\" \/>\n<meta property=\"og:title\" content=\"Cos\u2019\u00e8 il reverse charge? - Accountable\" \/>\n<meta property=\"og:description\" content=\"Il reverse charge aiuta a semplificare gli acquisti e le vendite con IVA nell\u2019UE. Qui ti spieghiamo quando si applica e come funziona il reverse charge.\" \/>\n<meta property=\"og:url\" content=\"https:\/\/www.accountable.eu\/it-it\/blog\/cose-il-reverse-charge\/\" \/>\n<meta property=\"og:site_name\" content=\"Accountable\" \/>\n<meta property=\"article:published_time\" content=\"2024-09-22T11:09:13+00:00\" \/>\n<meta property=\"article:modified_time\" content=\"2024-09-22T11:22:27+00:00\" \/>\n<meta property=\"og:image\" content=\"https:\/\/www.accountable.eu\/wp-content\/uploads\/2024\/09\/Bildschirmfoto-2024-09-22-um-13.08.42.png\" \/>\n\t<meta property=\"og:image:width\" content=\"1044\" \/>\n\t<meta property=\"og:image:height\" content=\"598\" \/>\n\t<meta property=\"og:image:type\" content=\"image\/png\" \/>\n<meta name=\"author\" content=\"sophia@accountable.eu\" \/>\n<meta name=\"twitter:card\" content=\"summary_large_image\" \/>\n<meta name=\"twitter:label1\" content=\"Written by\" \/>\n\t<meta name=\"twitter:data1\" content=\"sophia@accountable.eu\" \/>\n\t<meta name=\"twitter:label2\" content=\"Est. reading time\" \/>\n\t<meta name=\"twitter:data2\" content=\"5 minutes\" \/>\n<script type=\"application\/ld+json\" class=\"yoast-schema-graph\">{\"@context\":\"https:\\\/\\\/schema.org\",\"@graph\":[{\"@type\":\"Article\",\"@id\":\"https:\\\/\\\/www.accountable.eu\\\/it-it\\\/blog\\\/cose-il-reverse-charge\\\/#article\",\"isPartOf\":{\"@id\":\"https:\\\/\\\/www.accountable.eu\\\/it-it\\\/blog\\\/cose-il-reverse-charge\\\/\"},\"author\":{\"name\":\"sophia@accountable.eu\",\"@id\":\"https:\\\/\\\/www.accountable.eu\\\/it-it\\\/#\\\/schema\\\/person\\\/5b2e6628c5c02bba2b1c91866c3e2627\"},\"headline\":\"Cos\u2019\u00e8 il reverse charge?\",\"datePublished\":\"2024-09-22T11:09:13+00:00\",\"dateModified\":\"2024-09-22T11:22:27+00:00\",\"mainEntityOfPage\":{\"@id\":\"https:\\\/\\\/www.accountable.eu\\\/it-it\\\/blog\\\/cose-il-reverse-charge\\\/\"},\"wordCount\":978,\"publisher\":{\"@id\":\"https:\\\/\\\/www.accountable.eu\\\/it-it\\\/#organization\"},\"image\":{\"@id\":\"https:\\\/\\\/www.accountable.eu\\\/it-it\\\/blog\\\/cose-il-reverse-charge\\\/#primaryimage\"},\"thumbnailUrl\":\"https:\\\/\\\/www.accountable.eu\\\/wp-content\\\/uploads\\\/2024\\\/09\\\/Bildschirmfoto-2024-09-22-um-13.08.42.png\",\"keywords\":[\"Consigli fiscali\",\"fatture e ricevute\",\"IVA\"],\"articleSection\":[\"IVA\",\"Normativa fiscale\"],\"inLanguage\":\"it\"},{\"@type\":\"WebPage\",\"@id\":\"https:\\\/\\\/www.accountable.eu\\\/it-it\\\/blog\\\/cose-il-reverse-charge\\\/\",\"url\":\"https:\\\/\\\/www.accountable.eu\\\/it-it\\\/blog\\\/cose-il-reverse-charge\\\/\",\"name\":\"Cos\u2019\u00e8 il reverse charge? - Accountable\",\"isPartOf\":{\"@id\":\"https:\\\/\\\/www.accountable.eu\\\/it-it\\\/#website\"},\"primaryImageOfPage\":{\"@id\":\"https:\\\/\\\/www.accountable.eu\\\/it-it\\\/blog\\\/cose-il-reverse-charge\\\/#primaryimage\"},\"image\":{\"@id\":\"https:\\\/\\\/www.accountable.eu\\\/it-it\\\/blog\\\/cose-il-reverse-charge\\\/#primaryimage\"},\"thumbnailUrl\":\"https:\\\/\\\/www.accountable.eu\\\/wp-content\\\/uploads\\\/2024\\\/09\\\/Bildschirmfoto-2024-09-22-um-13.08.42.png\",\"datePublished\":\"2024-09-22T11:09:13+00:00\",\"dateModified\":\"2024-09-22T11:22:27+00:00\",\"description\":\"Il reverse charge aiuta a semplificare gli acquisti e le vendite con IVA nell\u2019UE. Qui ti spieghiamo quando si applica e come funziona il reverse charge.\",\"breadcrumb\":{\"@id\":\"https:\\\/\\\/www.accountable.eu\\\/it-it\\\/blog\\\/cose-il-reverse-charge\\\/#breadcrumb\"},\"inLanguage\":\"it\",\"potentialAction\":[{\"@type\":\"ReadAction\",\"target\":[\"https:\\\/\\\/www.accountable.eu\\\/it-it\\\/blog\\\/cose-il-reverse-charge\\\/\"]}]},{\"@type\":\"ImageObject\",\"inLanguage\":\"it\",\"@id\":\"https:\\\/\\\/www.accountable.eu\\\/it-it\\\/blog\\\/cose-il-reverse-charge\\\/#primaryimage\",\"url\":\"https:\\\/\\\/www.accountable.eu\\\/wp-content\\\/uploads\\\/2024\\\/09\\\/Bildschirmfoto-2024-09-22-um-13.08.42.png\",\"contentUrl\":\"https:\\\/\\\/www.accountable.eu\\\/wp-content\\\/uploads\\\/2024\\\/09\\\/Bildschirmfoto-2024-09-22-um-13.08.42.png\",\"width\":1044,\"height\":598,\"caption\":\"reverse charge\"},{\"@type\":\"BreadcrumbList\",\"@id\":\"https:\\\/\\\/www.accountable.eu\\\/it-it\\\/blog\\\/cose-il-reverse-charge\\\/#breadcrumb\",\"itemListElement\":[{\"@type\":\"ListItem\",\"position\":1,\"name\":\"Home\",\"item\":\"https:\\\/\\\/www.accountable.eu\\\/it-it\\\/\"},{\"@type\":\"ListItem\",\"position\":2,\"name\":\"Cos\u2019\u00e8 il reverse charge?\"}]},{\"@type\":\"WebSite\",\"@id\":\"https:\\\/\\\/www.accountable.eu\\\/it-it\\\/#website\",\"url\":\"https:\\\/\\\/www.accountable.eu\\\/it-it\\\/\",\"name\":\"Accountable\",\"description\":\"Your accountant and tax advisor on your smartphone\",\"publisher\":{\"@id\":\"https:\\\/\\\/www.accountable.eu\\\/it-it\\\/#organization\"},\"potentialAction\":[{\"@type\":\"SearchAction\",\"target\":{\"@type\":\"EntryPoint\",\"urlTemplate\":\"https:\\\/\\\/www.accountable.eu\\\/it-it\\\/?s={search_term_string}\"},\"query-input\":{\"@type\":\"PropertyValueSpecification\",\"valueRequired\":true,\"valueName\":\"search_term_string\"}}],\"inLanguage\":\"it\"},{\"@type\":\"Organization\",\"@id\":\"https:\\\/\\\/www.accountable.eu\\\/it-it\\\/#organization\",\"name\":\"Accountable\",\"url\":\"https:\\\/\\\/www.accountable.eu\\\/it-it\\\/\",\"logo\":{\"@type\":\"ImageObject\",\"inLanguage\":\"it\",\"@id\":\"https:\\\/\\\/www.accountable.eu\\\/it-it\\\/#\\\/schema\\\/logo\\\/image\\\/\",\"url\":\"https:\\\/\\\/www.accountable.eu\\\/wp-content\\\/uploads\\\/2026\\\/04\\\/logo-512.png\",\"contentUrl\":\"https:\\\/\\\/www.accountable.eu\\\/wp-content\\\/uploads\\\/2026\\\/04\\\/logo-512.png\",\"width\":512,\"height\":512,\"caption\":\"Accountable\"},\"image\":{\"@id\":\"https:\\\/\\\/www.accountable.eu\\\/it-it\\\/#\\\/schema\\\/logo\\\/image\\\/\"}},{\"@type\":\"Person\",\"@id\":\"https:\\\/\\\/www.accountable.eu\\\/it-it\\\/#\\\/schema\\\/person\\\/5b2e6628c5c02bba2b1c91866c3e2627\",\"name\":\"sophia@accountable.eu\",\"image\":{\"@type\":\"ImageObject\",\"inLanguage\":\"it\",\"@id\":\"https:\\\/\\\/secure.gravatar.com\\\/avatar\\\/3acefb4820ce5d55cc37e535cab59db14131e75e62ce7e967d10b2480cd2ddae?s=96&d=mm&r=g\",\"url\":\"https:\\\/\\\/secure.gravatar.com\\\/avatar\\\/3acefb4820ce5d55cc37e535cab59db14131e75e62ce7e967d10b2480cd2ddae?s=96&d=mm&r=g\",\"contentUrl\":\"https:\\\/\\\/secure.gravatar.com\\\/avatar\\\/3acefb4820ce5d55cc37e535cab59db14131e75e62ce7e967d10b2480cd2ddae?s=96&d=mm&r=g\",\"caption\":\"sophia@accountable.eu\"}}]}<\/script>\n<!-- \/ Yoast SEO plugin. -->","yoast_head_json":{"title":"Cos\u2019\u00e8 il reverse charge? - Accountable","description":"Il reverse charge aiuta a semplificare gli acquisti e le vendite con IVA nell\u2019UE. Qui ti spieghiamo quando si applica e come funziona il reverse charge.","robots":{"index":"index","follow":"follow","max-snippet":"max-snippet:-1","max-image-preview":"max-image-preview:large","max-video-preview":"max-video-preview:-1"},"canonical":"https:\/\/www.accountable.eu\/it-it\/blog\/cose-il-reverse-charge\/","og_locale":"it_IT","og_type":"article","og_title":"Cos\u2019\u00e8 il reverse charge? - Accountable","og_description":"Il reverse charge aiuta a semplificare gli acquisti e le vendite con IVA nell\u2019UE. Qui ti spieghiamo quando si applica e come funziona il reverse charge.","og_url":"https:\/\/www.accountable.eu\/it-it\/blog\/cose-il-reverse-charge\/","og_site_name":"Accountable","article_published_time":"2024-09-22T11:09:13+00:00","article_modified_time":"2024-09-22T11:22:27+00:00","og_image":[{"width":1044,"height":598,"url":"https:\/\/www.accountable.eu\/wp-content\/uploads\/2024\/09\/Bildschirmfoto-2024-09-22-um-13.08.42.png","type":"image\/png"}],"author":"sophia@accountable.eu","twitter_card":"summary_large_image","twitter_misc":{"Written by":"sophia@accountable.eu","Est. reading time":"5 minutes"},"schema":{"@context":"https:\/\/schema.org","@graph":[{"@type":"Article","@id":"https:\/\/www.accountable.eu\/it-it\/blog\/cose-il-reverse-charge\/#article","isPartOf":{"@id":"https:\/\/www.accountable.eu\/it-it\/blog\/cose-il-reverse-charge\/"},"author":{"name":"sophia@accountable.eu","@id":"https:\/\/www.accountable.eu\/it-it\/#\/schema\/person\/5b2e6628c5c02bba2b1c91866c3e2627"},"headline":"Cos\u2019\u00e8 il reverse charge?","datePublished":"2024-09-22T11:09:13+00:00","dateModified":"2024-09-22T11:22:27+00:00","mainEntityOfPage":{"@id":"https:\/\/www.accountable.eu\/it-it\/blog\/cose-il-reverse-charge\/"},"wordCount":978,"publisher":{"@id":"https:\/\/www.accountable.eu\/it-it\/#organization"},"image":{"@id":"https:\/\/www.accountable.eu\/it-it\/blog\/cose-il-reverse-charge\/#primaryimage"},"thumbnailUrl":"https:\/\/www.accountable.eu\/wp-content\/uploads\/2024\/09\/Bildschirmfoto-2024-09-22-um-13.08.42.png","keywords":["Consigli fiscali","fatture e ricevute","IVA"],"articleSection":["IVA","Normativa fiscale"],"inLanguage":"it"},{"@type":"WebPage","@id":"https:\/\/www.accountable.eu\/it-it\/blog\/cose-il-reverse-charge\/","url":"https:\/\/www.accountable.eu\/it-it\/blog\/cose-il-reverse-charge\/","name":"Cos\u2019\u00e8 il reverse charge? - Accountable","isPartOf":{"@id":"https:\/\/www.accountable.eu\/it-it\/#website"},"primaryImageOfPage":{"@id":"https:\/\/www.accountable.eu\/it-it\/blog\/cose-il-reverse-charge\/#primaryimage"},"image":{"@id":"https:\/\/www.accountable.eu\/it-it\/blog\/cose-il-reverse-charge\/#primaryimage"},"thumbnailUrl":"https:\/\/www.accountable.eu\/wp-content\/uploads\/2024\/09\/Bildschirmfoto-2024-09-22-um-13.08.42.png","datePublished":"2024-09-22T11:09:13+00:00","dateModified":"2024-09-22T11:22:27+00:00","description":"Il reverse charge aiuta a semplificare gli acquisti e le vendite con IVA nell\u2019UE. Qui ti spieghiamo quando si applica e come funziona il reverse charge.","breadcrumb":{"@id":"https:\/\/www.accountable.eu\/it-it\/blog\/cose-il-reverse-charge\/#breadcrumb"},"inLanguage":"it","potentialAction":[{"@type":"ReadAction","target":["https:\/\/www.accountable.eu\/it-it\/blog\/cose-il-reverse-charge\/"]}]},{"@type":"ImageObject","inLanguage":"it","@id":"https:\/\/www.accountable.eu\/it-it\/blog\/cose-il-reverse-charge\/#primaryimage","url":"https:\/\/www.accountable.eu\/wp-content\/uploads\/2024\/09\/Bildschirmfoto-2024-09-22-um-13.08.42.png","contentUrl":"https:\/\/www.accountable.eu\/wp-content\/uploads\/2024\/09\/Bildschirmfoto-2024-09-22-um-13.08.42.png","width":1044,"height":598,"caption":"reverse charge"},{"@type":"BreadcrumbList","@id":"https:\/\/www.accountable.eu\/it-it\/blog\/cose-il-reverse-charge\/#breadcrumb","itemListElement":[{"@type":"ListItem","position":1,"name":"Home","item":"https:\/\/www.accountable.eu\/it-it\/"},{"@type":"ListItem","position":2,"name":"Cos\u2019\u00e8 il reverse charge?"}]},{"@type":"WebSite","@id":"https:\/\/www.accountable.eu\/it-it\/#website","url":"https:\/\/www.accountable.eu\/it-it\/","name":"Accountable","description":"Your accountant and tax advisor on your smartphone","publisher":{"@id":"https:\/\/www.accountable.eu\/it-it\/#organization"},"potentialAction":[{"@type":"SearchAction","target":{"@type":"EntryPoint","urlTemplate":"https:\/\/www.accountable.eu\/it-it\/?s={search_term_string}"},"query-input":{"@type":"PropertyValueSpecification","valueRequired":true,"valueName":"search_term_string"}}],"inLanguage":"it"},{"@type":"Organization","@id":"https:\/\/www.accountable.eu\/it-it\/#organization","name":"Accountable","url":"https:\/\/www.accountable.eu\/it-it\/","logo":{"@type":"ImageObject","inLanguage":"it","@id":"https:\/\/www.accountable.eu\/it-it\/#\/schema\/logo\/image\/","url":"https:\/\/www.accountable.eu\/wp-content\/uploads\/2026\/04\/logo-512.png","contentUrl":"https:\/\/www.accountable.eu\/wp-content\/uploads\/2026\/04\/logo-512.png","width":512,"height":512,"caption":"Accountable"},"image":{"@id":"https:\/\/www.accountable.eu\/it-it\/#\/schema\/logo\/image\/"}},{"@type":"Person","@id":"https:\/\/www.accountable.eu\/it-it\/#\/schema\/person\/5b2e6628c5c02bba2b1c91866c3e2627","name":"sophia@accountable.eu","image":{"@type":"ImageObject","inLanguage":"it","@id":"https:\/\/secure.gravatar.com\/avatar\/3acefb4820ce5d55cc37e535cab59db14131e75e62ce7e967d10b2480cd2ddae?s=96&d=mm&r=g","url":"https:\/\/secure.gravatar.com\/avatar\/3acefb4820ce5d55cc37e535cab59db14131e75e62ce7e967d10b2480cd2ddae?s=96&d=mm&r=g","contentUrl":"https:\/\/secure.gravatar.com\/avatar\/3acefb4820ce5d55cc37e535cab59db14131e75e62ce7e967d10b2480cd2ddae?s=96&d=mm&r=g","caption":"sophia@accountable.eu"}}]}},"_links":{"self":[{"href":"https:\/\/www.accountable.eu\/it-it\/wp-json\/wp\/v2\/posts\/15822","targetHints":{"allow":["GET"]}}],"collection":[{"href":"https:\/\/www.accountable.eu\/it-it\/wp-json\/wp\/v2\/posts"}],"about":[{"href":"https:\/\/www.accountable.eu\/it-it\/wp-json\/wp\/v2\/types\/post"}],"author":[{"embeddable":true,"href":"https:\/\/www.accountable.eu\/it-it\/wp-json\/wp\/v2\/users\/17"}],"replies":[{"embeddable":true,"href":"https:\/\/www.accountable.eu\/it-it\/wp-json\/wp\/v2\/comments?post=15822"}],"version-history":[{"count":0,"href":"https:\/\/www.accountable.eu\/it-it\/wp-json\/wp\/v2\/posts\/15822\/revisions"}],"wp:featuredmedia":[{"embeddable":true,"href":"https:\/\/www.accountable.eu\/it-it\/wp-json\/wp\/v2\/media\/15823"}],"wp:attachment":[{"href":"https:\/\/www.accountable.eu\/it-it\/wp-json\/wp\/v2\/media?parent=15822"}],"wp:term":[{"taxonomy":"category","embeddable":true,"href":"https:\/\/www.accountable.eu\/it-it\/wp-json\/wp\/v2\/categories?post=15822"},{"taxonomy":"post_tag","embeddable":true,"href":"https:\/\/www.accountable.eu\/it-it\/wp-json\/wp\/v2\/tags?post=15822"}],"curies":[{"name":"wp","href":"https:\/\/api.w.org\/{rel}","templated":true}]}}