{"id":11117,"date":"2021-09-14T10:05:53","date_gmt":"2021-09-14T08:05:53","guid":{"rendered":"https:\/\/prod-migration-second.local\/?p=11117"},"modified":"2024-07-11T10:51:49","modified_gmt":"2024-07-11T08:51:49","slug":"series-a","status":"publish","type":"post","link":"https:\/\/www.accountable.eu\/nl-be\/blog\/series-a\/","title":{"rendered":"Accountable haalt 5,7 miljoen euro op om Belgische en Europese zelfstandigen te ondersteunen"},"content":{"rendered":"<blockquote><p>\ud83c\udf99 <em>Belgische start-up haalt 5,7 miljoen euro op bij twee Britse investeerders. Dit is een mooie Series-A, twee jaar na een seed-ronde van 2 miljoen.<\/em><\/p><\/blockquote>\n<p>Deze fondsenwerving is niet alleen goed nieuws voor Accountable, ook de gebruikers van de app zullen kunnen profiteren van een betere dienstverlening en een verfijnder product.<\/p>\n<p>In deze brief vertellen we hoe deze fondsenwerving tot stand kwam.<\/p>\n<p>Deze fondsenwerving kent twee centrale investeerders, Stride.VC en Connect Ventures. Het doel van deze investeerders is om grote, opkomende trends en de beste tools te spotten. Door te investeren in Accountable erkennen zij een evolutie die de laatste tijd in een stroomversnelling is gekomen.<\/p>\n<p>Het werkleven verandert, heel snel en heel hard en als zelfstandige ben jij de pionier van deze verandering in Belgi\u00eb en Europa.<\/p>\n<p>Jij geeft je werk betekenis. Jij geeft de richting aan.<\/p>\n<p>Jij bent de pijler van de Belgische en Europese economie: \u00e9\u00e9n op de vijf werkkrachten is zelfstandige. Het segment van de zelfstandigen is het snelst groeiende segment in Europa, sneller dan welk ander segment ook.<\/p>\n<p>Beleggers hebben dit begrepen. Zij willen ervoor zorgen dat een toepassing als de onze, die jouw leven en belastingen radicaal vereenvoudigt, kan voortgroeien.<\/p>\n<h2>Om jouw leven radicaal te vereenvoudigen.<br \/>\nOm jou de middelen te geven om te groeien.<\/h2>\n<p>In elke sector ontstaan er nieuwe tools die dichter bij jouw realiteit staan en jouw leven vereenvoudigen.<\/p>\n<p>Er is \u00e9\u00e9n realiteit die alle zelfstandigen gemeen hebben en die toe is aan vereenvoudiging: je belastingen, je financi\u00ebn en die permanente twijfel; &#8220;heb ik wel de juiste dingen verzonden\/betaald\/ingediend\/afgetrokken?&#8221;<\/p>\n<p>Daarom richtten we in 2019 Accountable op. Ook wij wilden een einde maken aan die permanente wolk boven ons hoofd.<\/p>\n<p>Wij wilden jou helpen tijd te besparen.<br \/>\nJe een volledig inzicht geven in je belastingen.<br \/>\nEn al je vragen beantwoorden, zelfs die waarvan je niet wist dat je ze moest stellen.<\/p>\n<p>Kortom, wij wilden jou de controle geven dat je nodig hebt om je bedrijf te doen groeien.<\/p>\n<p>Jij bent tenslotte de baas.<\/p>\n<p>Overtuigd van deze visie leidt Stride.VC deze maand een nieuwe investeringsronde in Accountable. Connect Ventures, die in 2019 reeds in Accountable investeerde, sluit zich aan bij Stride.VC. Hiermee krijgen we nieuwe brandstof om ons product te verbeteren, het klantenteam uit te breiden en meer zelfstandigen in Europa te bereiken.<\/p>\n<p>Als gebruiker van Accountable zul jij als eerste van deze fondsenwerving profiteren. Wij zullen de feedback die jullie massaal gedeeld hebben in de praktijk brengen. Zo voegen we binnenkort offertes, verbeterde facturen, nieuwe fiscale tips en analyses toe.<\/p>\n<p>Eenvoud, effici\u00ebntie, vertrouwen.<br \/>\nZodat jij je kunt concentreren op wat voor jou belangrijk is.<\/p>\n<h2>Tot slot<\/h2>\n<p>5,7 miljoen euro is een hoop geld.<\/p>\n<p>Het zou gemakkelijk zijn om overenthousiast te zijn wanneer het gaat om geld dat anderen investeren. Gelukkig zijn we niet van plan om de makkelijke weg te kiezen.<\/p>\n<p>We begrijpen dat ons succes afhankelijk is van het belang dat wij hechten aan de ontwikkelingen die voor jou van belang zijn.<\/p>\n<p>Ons succes hangt af van de striktheid waarmee wij onze beslissingen nemen.<\/p>\n<p>Bovenal hangt ons succes af van de energie die we steken in het luisteren naar en het inspelen op jouw behoeften.<\/p>\n<p>Zonder compromissen.<\/p>\n<p>We zijn gedreven om zelfstandigen sneller en beter te ondersteunen.<\/p>\n<p>Dank je wel voor je steun.<\/p>\n<p>Nicolas &amp; Alexis, namens het hele Accountable team<\/p>\n<p>PS: We verdubbelen ons team. Aarzel niet om contact met ons op te nemen via support@accountable.eu als je deel zou willen uitmaken van ons team.<\/p>\n<p>&nbsp;<\/p>\n<p><img loading=\"lazy\" decoding=\"async\" class=\"aligncenter size-full wp-image-3035\" src=\"https:\/\/www.accountable.eu\/wp-content\/uploads\/2021\/09\/NicAlex-825x1024-1.jpeg\" alt=\"\" width=\"825\" height=\"1024\" srcset=\"https:\/\/www.accountable.eu\/wp-content\/uploads\/2021\/09\/NicAlex-825x1024-1.jpeg 825w, https:\/\/www.accountable.eu\/wp-content\/uploads\/2021\/09\/NicAlex-825x1024-1-242x300.jpeg 242w, https:\/\/www.accountable.eu\/wp-content\/uploads\/2021\/09\/NicAlex-825x1024-1-768x953.jpeg 768w\" sizes=\"auto, (max-width: 825px) 100vw, 825px\" \/><\/p>\n","protected":false},"excerpt":{"rendered":"<p>\ud83c\udf99 Belgische start-up haalt 5,7 miljoen euro op bij twee Britse investeerders. Dit is een mooie Series-A, twee jaar na een seed-ronde van 2 miljoen. Deze fondsenwerving is niet alleen goed nieuws voor Accountable, ook de gebruikers van de app zullen kunnen profiteren van een betere dienstverlening en een verfijnder product. In deze brief vertellen [&hellip;]<\/p>\n","protected":false},"author":3,"featured_media":0,"comment_status":"open","ping_status":"open","sticky":false,"template":"","format":"standard","meta":{"inline_featured_image":false,"footnotes":""},"categories":[322],"tags":[245],"class_list":["post-11117","post","type-post","status-publish","format-standard","hentry","category-humans-of-accountable-4","tag-accountable"],"acf":[],"yoast_head":"<!-- This site is optimized with the Yoast SEO plugin v27.4 - https:\/\/yoast.com\/product\/yoast-seo-wordpress\/ -->\n<title>Accountable haalt 5,7 miljoen euro op om Belgische en Europese zelfstandigen te ondersteunen - Accountable<\/title>\n<meta name=\"robots\" content=\"index, follow, max-snippet:-1, max-image-preview:large, max-video-preview:-1\" \/>\n<link rel=\"canonical\" href=\"https:\/\/www.accountable.eu\/nl-be\/blog\/series-a\/\" \/>\n<meta property=\"og:locale\" content=\"nl_BE\" \/>\n<meta property=\"og:type\" content=\"article\" \/>\n<meta property=\"og:title\" content=\"Accountable haalt 5,7 miljoen euro op om Belgische en Europese zelfstandigen te ondersteunen - Accountable\" \/>\n<meta property=\"og:description\" content=\"\ud83c\udf99 Belgische start-up haalt 5,7 miljoen euro op bij twee Britse investeerders. Dit is een mooie Series-A, twee jaar na een seed-ronde van 2 miljoen. Deze fondsenwerving is niet alleen goed nieuws voor Accountable, ook de gebruikers van de app zullen kunnen profiteren van een betere dienstverlening en een verfijnder product. In deze brief vertellen [&hellip;]\" \/>\n<meta property=\"og:url\" content=\"https:\/\/www.accountable.eu\/nl-be\/blog\/series-a\/\" \/>\n<meta property=\"og:site_name\" content=\"Accountable\" \/>\n<meta property=\"article:published_time\" content=\"2021-09-14T08:05:53+00:00\" \/>\n<meta property=\"article:modified_time\" content=\"2024-07-11T08:51:49+00:00\" \/>\n<meta property=\"og:image\" content=\"https:\/\/www.accountable.eu\/wp-content\/uploads\/2021\/09\/NicAlex-825x1024-1.jpeg\" \/>\n<meta name=\"author\" content=\"Nicolas Quarr\u00e9\" \/>\n<meta name=\"twitter:card\" content=\"summary_large_image\" \/>\n<meta name=\"twitter:label1\" content=\"Geschreven door\" \/>\n\t<meta name=\"twitter:data1\" content=\"Nicolas Quarr\u00e9\" \/>\n\t<meta name=\"twitter:label2\" content=\"Geschatte leestijd\" \/>\n\t<meta name=\"twitter:data2\" content=\"3 minuten\" \/>\n<script type=\"application\/ld+json\" class=\"yoast-schema-graph\">{\"@context\":\"https:\\\/\\\/schema.org\",\"@graph\":[{\"@type\":\"Article\",\"@id\":\"https:\\\/\\\/www.accountable.eu\\\/nl-be\\\/blog\\\/series-a\\\/#article\",\"isPartOf\":{\"@id\":\"https:\\\/\\\/www.accountable.eu\\\/nl-be\\\/blog\\\/series-a\\\/\"},\"author\":{\"name\":\"Nicolas Quarr\u00e9\",\"@id\":\"https:\\\/\\\/www.accountable.eu\\\/nl-be\\\/#\\\/schema\\\/person\\\/c6f1ecb21f5b649c8e4cea51b9d7b386\"},\"headline\":\"Accountable haalt 5,7 miljoen euro op om Belgische en Europese zelfstandigen te ondersteunen\",\"datePublished\":\"2021-09-14T08:05:53+00:00\",\"dateModified\":\"2024-07-11T08:51:49+00:00\",\"mainEntityOfPage\":{\"@id\":\"https:\\\/\\\/www.accountable.eu\\\/nl-be\\\/blog\\\/series-a\\\/\"},\"wordCount\":592,\"commentCount\":0,\"publisher\":{\"@id\":\"https:\\\/\\\/www.accountable.eu\\\/nl-be\\\/#organization\"},\"image\":{\"@id\":\"https:\\\/\\\/www.accountable.eu\\\/nl-be\\\/blog\\\/series-a\\\/#primaryimage\"},\"thumbnailUrl\":\"https:\\\/\\\/www.accountable.eu\\\/wp-content\\\/uploads\\\/2021\\\/09\\\/NicAlex-825x1024-1.jpeg\",\"keywords\":[\"Accountable\"],\"articleSection\":[\"Humans of Accountable\"],\"inLanguage\":\"nl-BE\",\"potentialAction\":[{\"@type\":\"CommentAction\",\"name\":\"Comment\",\"target\":[\"https:\\\/\\\/www.accountable.eu\\\/nl-be\\\/blog\\\/series-a\\\/#respond\"]}]},{\"@type\":\"WebPage\",\"@id\":\"https:\\\/\\\/www.accountable.eu\\\/nl-be\\\/blog\\\/series-a\\\/\",\"url\":\"https:\\\/\\\/www.accountable.eu\\\/nl-be\\\/blog\\\/series-a\\\/\",\"name\":\"Accountable haalt 5,7 miljoen euro op om Belgische en Europese zelfstandigen te ondersteunen - Accountable\",\"isPartOf\":{\"@id\":\"https:\\\/\\\/www.accountable.eu\\\/nl-be\\\/#website\"},\"primaryImageOfPage\":{\"@id\":\"https:\\\/\\\/www.accountable.eu\\\/nl-be\\\/blog\\\/series-a\\\/#primaryimage\"},\"image\":{\"@id\":\"https:\\\/\\\/www.accountable.eu\\\/nl-be\\\/blog\\\/series-a\\\/#primaryimage\"},\"thumbnailUrl\":\"https:\\\/\\\/www.accountable.eu\\\/wp-content\\\/uploads\\\/2021\\\/09\\\/NicAlex-825x1024-1.jpeg\",\"datePublished\":\"2021-09-14T08:05:53+00:00\",\"dateModified\":\"2024-07-11T08:51:49+00:00\",\"breadcrumb\":{\"@id\":\"https:\\\/\\\/www.accountable.eu\\\/nl-be\\\/blog\\\/series-a\\\/#breadcrumb\"},\"inLanguage\":\"nl-BE\",\"potentialAction\":[{\"@type\":\"ReadAction\",\"target\":[\"https:\\\/\\\/www.accountable.eu\\\/nl-be\\\/blog\\\/series-a\\\/\"]}]},{\"@type\":\"ImageObject\",\"inLanguage\":\"nl-BE\",\"@id\":\"https:\\\/\\\/www.accountable.eu\\\/nl-be\\\/blog\\\/series-a\\\/#primaryimage\",\"url\":\"https:\\\/\\\/www.accountable.eu\\\/wp-content\\\/uploads\\\/2021\\\/09\\\/NicAlex-825x1024-1.jpeg\",\"contentUrl\":\"https:\\\/\\\/www.accountable.eu\\\/wp-content\\\/uploads\\\/2021\\\/09\\\/NicAlex-825x1024-1.jpeg\"},{\"@type\":\"BreadcrumbList\",\"@id\":\"https:\\\/\\\/www.accountable.eu\\\/nl-be\\\/blog\\\/series-a\\\/#breadcrumb\",\"itemListElement\":[{\"@type\":\"ListItem\",\"position\":1,\"name\":\"Home\",\"item\":\"https:\\\/\\\/www.accountable.eu\\\/nl-be\\\/\"},{\"@type\":\"ListItem\",\"position\":2,\"name\":\"Accountable haalt 5,7 miljoen euro op om Belgische en Europese zelfstandigen te ondersteunen\"}]},{\"@type\":\"WebSite\",\"@id\":\"https:\\\/\\\/www.accountable.eu\\\/nl-be\\\/#website\",\"url\":\"https:\\\/\\\/www.accountable.eu\\\/nl-be\\\/\",\"name\":\"Accountable\",\"description\":\"Your accountant and tax advisor on your smartphone\",\"publisher\":{\"@id\":\"https:\\\/\\\/www.accountable.eu\\\/nl-be\\\/#organization\"},\"potentialAction\":[{\"@type\":\"SearchAction\",\"target\":{\"@type\":\"EntryPoint\",\"urlTemplate\":\"https:\\\/\\\/www.accountable.eu\\\/nl-be\\\/?s={search_term_string}\"},\"query-input\":{\"@type\":\"PropertyValueSpecification\",\"valueRequired\":true,\"valueName\":\"search_term_string\"}}],\"inLanguage\":\"nl-BE\"},{\"@type\":\"Organization\",\"@id\":\"https:\\\/\\\/www.accountable.eu\\\/nl-be\\\/#organization\",\"name\":\"Accountable\",\"url\":\"https:\\\/\\\/www.accountable.eu\\\/nl-be\\\/\",\"logo\":{\"@type\":\"ImageObject\",\"inLanguage\":\"nl-BE\",\"@id\":\"https:\\\/\\\/www.accountable.eu\\\/nl-be\\\/#\\\/schema\\\/logo\\\/image\\\/\",\"url\":\"https:\\\/\\\/www.accountable.eu\\\/wp-content\\\/uploads\\\/2026\\\/04\\\/logo-512.png\",\"contentUrl\":\"https:\\\/\\\/www.accountable.eu\\\/wp-content\\\/uploads\\\/2026\\\/04\\\/logo-512.png\",\"width\":512,\"height\":512,\"caption\":\"Accountable\"},\"image\":{\"@id\":\"https:\\\/\\\/www.accountable.eu\\\/nl-be\\\/#\\\/schema\\\/logo\\\/image\\\/\"}},{\"@type\":\"Person\",\"@id\":\"https:\\\/\\\/www.accountable.eu\\\/nl-be\\\/#\\\/schema\\\/person\\\/c6f1ecb21f5b649c8e4cea51b9d7b386\",\"name\":\"Nicolas Quarr\u00e9\",\"image\":{\"@type\":\"ImageObject\",\"inLanguage\":\"nl-BE\",\"@id\":\"https:\\\/\\\/secure.gravatar.com\\\/avatar\\\/a2133044cd2415efec360988b0f1f2b4b767c3864620ae6408e3c0ae359a6bdb?s=96&d=mm&r=g\",\"url\":\"https:\\\/\\\/secure.gravatar.com\\\/avatar\\\/a2133044cd2415efec360988b0f1f2b4b767c3864620ae6408e3c0ae359a6bdb?s=96&d=mm&r=g\",\"contentUrl\":\"https:\\\/\\\/secure.gravatar.com\\\/avatar\\\/a2133044cd2415efec360988b0f1f2b4b767c3864620ae6408e3c0ae359a6bdb?s=96&d=mm&r=g\",\"caption\":\"Nicolas Quarr\u00e9\"}}]}<\/script>\n<!-- \/ Yoast SEO plugin. -->","yoast_head_json":{"title":"Accountable haalt 5,7 miljoen euro op om Belgische en Europese zelfstandigen te ondersteunen - Accountable","robots":{"index":"index","follow":"follow","max-snippet":"max-snippet:-1","max-image-preview":"max-image-preview:large","max-video-preview":"max-video-preview:-1"},"canonical":"https:\/\/www.accountable.eu\/nl-be\/blog\/series-a\/","og_locale":"nl_BE","og_type":"article","og_title":"Accountable haalt 5,7 miljoen euro op om Belgische en Europese zelfstandigen te ondersteunen - Accountable","og_description":"\ud83c\udf99 Belgische start-up haalt 5,7 miljoen euro op bij twee Britse investeerders. Dit is een mooie Series-A, twee jaar na een seed-ronde van 2 miljoen. Deze fondsenwerving is niet alleen goed nieuws voor Accountable, ook de gebruikers van de app zullen kunnen profiteren van een betere dienstverlening en een verfijnder product. In deze brief vertellen [&hellip;]","og_url":"https:\/\/www.accountable.eu\/nl-be\/blog\/series-a\/","og_site_name":"Accountable","article_published_time":"2021-09-14T08:05:53+00:00","article_modified_time":"2024-07-11T08:51:49+00:00","og_image":[{"url":"https:\/\/www.accountable.eu\/wp-content\/uploads\/2021\/09\/NicAlex-825x1024-1.jpeg","type":"","width":"","height":""}],"author":"Nicolas Quarr\u00e9","twitter_card":"summary_large_image","twitter_misc":{"Geschreven door":"Nicolas Quarr\u00e9","Geschatte leestijd":"3 minuten"},"schema":{"@context":"https:\/\/schema.org","@graph":[{"@type":"Article","@id":"https:\/\/www.accountable.eu\/nl-be\/blog\/series-a\/#article","isPartOf":{"@id":"https:\/\/www.accountable.eu\/nl-be\/blog\/series-a\/"},"author":{"name":"Nicolas Quarr\u00e9","@id":"https:\/\/www.accountable.eu\/nl-be\/#\/schema\/person\/c6f1ecb21f5b649c8e4cea51b9d7b386"},"headline":"Accountable haalt 5,7 miljoen euro op om Belgische en Europese zelfstandigen te ondersteunen","datePublished":"2021-09-14T08:05:53+00:00","dateModified":"2024-07-11T08:51:49+00:00","mainEntityOfPage":{"@id":"https:\/\/www.accountable.eu\/nl-be\/blog\/series-a\/"},"wordCount":592,"commentCount":0,"publisher":{"@id":"https:\/\/www.accountable.eu\/nl-be\/#organization"},"image":{"@id":"https:\/\/www.accountable.eu\/nl-be\/blog\/series-a\/#primaryimage"},"thumbnailUrl":"https:\/\/www.accountable.eu\/wp-content\/uploads\/2021\/09\/NicAlex-825x1024-1.jpeg","keywords":["Accountable"],"articleSection":["Humans of Accountable"],"inLanguage":"nl-BE","potentialAction":[{"@type":"CommentAction","name":"Comment","target":["https:\/\/www.accountable.eu\/nl-be\/blog\/series-a\/#respond"]}]},{"@type":"WebPage","@id":"https:\/\/www.accountable.eu\/nl-be\/blog\/series-a\/","url":"https:\/\/www.accountable.eu\/nl-be\/blog\/series-a\/","name":"Accountable haalt 5,7 miljoen euro op om Belgische en Europese zelfstandigen te ondersteunen - Accountable","isPartOf":{"@id":"https:\/\/www.accountable.eu\/nl-be\/#website"},"primaryImageOfPage":{"@id":"https:\/\/www.accountable.eu\/nl-be\/blog\/series-a\/#primaryimage"},"image":{"@id":"https:\/\/www.accountable.eu\/nl-be\/blog\/series-a\/#primaryimage"},"thumbnailUrl":"https:\/\/www.accountable.eu\/wp-content\/uploads\/2021\/09\/NicAlex-825x1024-1.jpeg","datePublished":"2021-09-14T08:05:53+00:00","dateModified":"2024-07-11T08:51:49+00:00","breadcrumb":{"@id":"https:\/\/www.accountable.eu\/nl-be\/blog\/series-a\/#breadcrumb"},"inLanguage":"nl-BE","potentialAction":[{"@type":"ReadAction","target":["https:\/\/www.accountable.eu\/nl-be\/blog\/series-a\/"]}]},{"@type":"ImageObject","inLanguage":"nl-BE","@id":"https:\/\/www.accountable.eu\/nl-be\/blog\/series-a\/#primaryimage","url":"https:\/\/www.accountable.eu\/wp-content\/uploads\/2021\/09\/NicAlex-825x1024-1.jpeg","contentUrl":"https:\/\/www.accountable.eu\/wp-content\/uploads\/2021\/09\/NicAlex-825x1024-1.jpeg"},{"@type":"BreadcrumbList","@id":"https:\/\/www.accountable.eu\/nl-be\/blog\/series-a\/#breadcrumb","itemListElement":[{"@type":"ListItem","position":1,"name":"Home","item":"https:\/\/www.accountable.eu\/nl-be\/"},{"@type":"ListItem","position":2,"name":"Accountable haalt 5,7 miljoen euro op om Belgische en Europese zelfstandigen te ondersteunen"}]},{"@type":"WebSite","@id":"https:\/\/www.accountable.eu\/nl-be\/#website","url":"https:\/\/www.accountable.eu\/nl-be\/","name":"Accountable","description":"Your accountant and tax advisor on your smartphone","publisher":{"@id":"https:\/\/www.accountable.eu\/nl-be\/#organization"},"potentialAction":[{"@type":"SearchAction","target":{"@type":"EntryPoint","urlTemplate":"https:\/\/www.accountable.eu\/nl-be\/?s={search_term_string}"},"query-input":{"@type":"PropertyValueSpecification","valueRequired":true,"valueName":"search_term_string"}}],"inLanguage":"nl-BE"},{"@type":"Organization","@id":"https:\/\/www.accountable.eu\/nl-be\/#organization","name":"Accountable","url":"https:\/\/www.accountable.eu\/nl-be\/","logo":{"@type":"ImageObject","inLanguage":"nl-BE","@id":"https:\/\/www.accountable.eu\/nl-be\/#\/schema\/logo\/image\/","url":"https:\/\/www.accountable.eu\/wp-content\/uploads\/2026\/04\/logo-512.png","contentUrl":"https:\/\/www.accountable.eu\/wp-content\/uploads\/2026\/04\/logo-512.png","width":512,"height":512,"caption":"Accountable"},"image":{"@id":"https:\/\/www.accountable.eu\/nl-be\/#\/schema\/logo\/image\/"}},{"@type":"Person","@id":"https:\/\/www.accountable.eu\/nl-be\/#\/schema\/person\/c6f1ecb21f5b649c8e4cea51b9d7b386","name":"Nicolas Quarr\u00e9","image":{"@type":"ImageObject","inLanguage":"nl-BE","@id":"https:\/\/secure.gravatar.com\/avatar\/a2133044cd2415efec360988b0f1f2b4b767c3864620ae6408e3c0ae359a6bdb?s=96&d=mm&r=g","url":"https:\/\/secure.gravatar.com\/avatar\/a2133044cd2415efec360988b0f1f2b4b767c3864620ae6408e3c0ae359a6bdb?s=96&d=mm&r=g","contentUrl":"https:\/\/secure.gravatar.com\/avatar\/a2133044cd2415efec360988b0f1f2b4b767c3864620ae6408e3c0ae359a6bdb?s=96&d=mm&r=g","caption":"Nicolas Quarr\u00e9"}}]}},"_links":{"self":[{"href":"https:\/\/www.accountable.eu\/nl-be\/wp-json\/wp\/v2\/posts\/11117","targetHints":{"allow":["GET"]}}],"collection":[{"href":"https:\/\/www.accountable.eu\/nl-be\/wp-json\/wp\/v2\/posts"}],"about":[{"href":"https:\/\/www.accountable.eu\/nl-be\/wp-json\/wp\/v2\/types\/post"}],"author":[{"embeddable":true,"href":"https:\/\/www.accountable.eu\/nl-be\/wp-json\/wp\/v2\/users\/3"}],"replies":[{"embeddable":true,"href":"https:\/\/www.accountable.eu\/nl-be\/wp-json\/wp\/v2\/comments?post=11117"}],"version-history":[{"count":0,"href":"https:\/\/www.accountable.eu\/nl-be\/wp-json\/wp\/v2\/posts\/11117\/revisions"}],"wp:attachment":[{"href":"https:\/\/www.accountable.eu\/nl-be\/wp-json\/wp\/v2\/media?parent=11117"}],"wp:term":[{"taxonomy":"category","embeddable":true,"href":"https:\/\/www.accountable.eu\/nl-be\/wp-json\/wp\/v2\/categories?post=11117"},{"taxonomy":"post_tag","embeddable":true,"href":"https:\/\/www.accountable.eu\/nl-be\/wp-json\/wp\/v2\/tags?post=11117"}],"curies":[{"name":"wp","href":"https:\/\/api.w.org\/{rel}","templated":true}]}}