{"id":18879,"date":"2025-06-02T17:27:02","date_gmt":"2025-06-02T15:27:02","guid":{"rendered":"https:\/\/www.accountable.eu\/?p=18879"},"modified":"2025-06-03T11:28:02","modified_gmt":"2025-06-03T09:28:02","slug":"interview-met-shanti-stynen","status":"publish","type":"post","link":"https:\/\/www.accountable.eu\/nl-be\/blog\/interview-met-shanti-stynen\/","title":{"rendered":"Interview met Shanti Stynen: voltijds UGC en content creator"},"content":{"rendered":"\n<p><strong>Shanti (26) sprong ruim een jaar geleden vol enthousiasme in het zelfstandige leven. Maar zoals bij velen, was het begin allesbehalve een Instagram-perfect plaatje. Boekhouding, btw-aangiftes, bonnetjes\u2026 het zorgde vooral voor stress. Tot ze Accountable ontdekte.<\/strong><\/p>\n\n\n\n<h2 class=\"wp-block-heading\">Hey Shanti! Wat doe je precies als zelfstandige?<\/h2>\n\n\n\n<p>Ik werk als content creator, social media manager \u00e9n coach. Een hele mond vol, ik weet het! <em>(lacht)<\/em><\/p>\n\n\n\n<p>Elke dag ziet er anders uit: van creatieve campagnes opzetten en content filmen, tot mensen coachen in hun online <em>presence<\/em>. Heel afwisselend, maar dat maakt het net leuk.<\/p>\n\n\n\n<h2 class=\"wp-block-heading\">Klinkt boeiend! Maar je zei dat je eerste weken als zelfstandige toch wat stroef verliepen?<\/h2>\n\n\n\n<p>Zeker weten. Ik was heel gemotiveerd, maar de praktische kant, boekhouding, bonnetjes, btw&#8230; dat was een ander verhaal. Ik had op school ooit boekhouden gehad, dus ik dacht: &#8220;ik doe dat wel even in Excel&#8221;.<\/p>\n\n\n\n<p>Spoiler: dat werkte niet. <em>(lacht)<\/em> <strong>Als je je administratie niet elke week bijwerkt, begin je dingen te vergeten. <\/strong>En dat zorgde voor stress. Want als zelfstandige wordt er gewoon van je verwacht dat alles altijd klopt. Ik had oprecht schrik voor een belastingcontrole. Dus: exit Excel, enter Accountable.<\/p>\n\n\n    <!-- wp:acf\/blog-annotation -->\n    <div class=\"wp-block-acf-blog-annotation relative flex flex-col items-center justify-center bg-lighter-purple  rounded-lg mb-24 mt-3\">\n        <div class=\"relative pt-8 md:pt-12 pb-16 md:pb-20 px-6 md:px-12\">\n            <div> <p class=\"font-degular font-bold text-xl md:text-2xl text-dark-blue leading-6 md:leading-8 m-0 text-left md:text-center\">&#8220;Accountable houdt mij <em>accountable<\/em>. Dankzij de herinneringen voor deadlines en handige factuursjablonen, is mijn administratie nu altijd in orde.&#8221;<\/p>\n<\/div>\n            <a href=\"https:\/\/www.accountable.eu\/nl-be\/blog\/ambassadors\/shanti-stynen\/\">\n                <p class=\"font-inter font-medium text-base md:text-lg text-dark-blue m-0 text-center mt-8\">Shanti Stynen &#8211; Content creator &amp; Social media manager<\/p>\n            <\/a>\n        <\/div>\n        <div class=\"h-[80px] w-[80px] md:h-[100px] md:w-[100px] bg-dark-blue rounded-full absolute -bottom-[40px] md:-bottom-[50px] left-1\/2 -translate-x-1\/2 border-2 border-white border-solid\">\n            <img decoding=\"async\" src=\"https:\/\/www.accountable.eu\/wp-content\/uploads\/2025\/06\/shanti-stynen-accountable.png\" alt=\"Shanti Stynen - Content creator &amp; Social media manager\" class=\"w-full h-full object-cover rounded-full object-top\">\n        <\/div>\n    <\/div>\n\n    <!-- \/wp:acf\/blog-annotation -->\n\n\n\n<h2 class=\"wp-block-heading\">Hoe ben je bij Accountable terechtgekomen?<\/h2>\n\n\n\n<p>Via vrienden en collega-zelfstandigen. Ik hoorde alleen maar goede dingen, dus ik dacht: &#8220;ok\u00e9, laat ik het proberen&#8221;. En echt waar: het was een verademing.<\/p>\n\n\n\n<p>Van alles handmatig invullen, naar amper iets zelf moeten doen. Accountable doet z\u00f3veel automatisch. <strong>Je krijgt herinneringen voor deadlines, sjablonen voor facturen <\/strong>(die ik uiteraard roze heb gemaakt \ud83d\ude09) <strong>en er is altijd hulp beschikbaar.<\/strong> Dat laatste is echt goud waard.<\/p>\n\n\n\n<h2 class=\"wp-block-heading\">Wat bedoel je precies met \u201caltijd hulp beschikbaar\u201d?<\/h2>\n\n\n\n<p>Het team achter Accountable is top. Geen vraag is te raar, geloof me. Ik heb een paar vragen gesteld waar ik zelf om moest lachen. <em>(lacht)<\/em><\/p>\n\n\n\n<p><strong>En als je snel antwoord nodig hebt, helpt de <a href=\"https:\/\/www.accountable.eu\/nl-be\/maak-kennis-met-je-ai-boekhouder\/\">AI Boekhouder<\/a> meteen met heldere uitleg of suggesties. <\/strong>Plus, je krijgt belastingtips op maat.<\/p>\n\n\n\n<p>Zo kreeg ik ineens een melding dat ik op mijn inkomsten uit stockfoto\u2019s maar 7,5% belasting hoefde te betalen. Dat komt door de <a href=\"https:\/\/www.accountable.eu\/nl-be\/blog\/auteursrechten-belgische-zelfstandigen\/\">auteursrechtenvergoeding<\/a>. Ik had daar nooit aan gedacht! <strong>Maar dankzij Accountable weet ik het nu w\u00e9l, en dat levert gewoon geld op.<\/strong><\/p>\n\n\n\n<h2 class=\"wp-block-heading\">Heb je nog een leuke tip voor andere zelfstandigen?<\/h2>\n\n\n\n<p>Jazeker! <strong>Wist je dat je bloemen en planten kunt inbrengen als beroepskosten?<\/strong> Zolang ze je kantoor aangenamer maken, voor klanten of jezelf, mag je ze aftrekken. Sindsdien zijn mijn planten en ik allebei gelukkiger. <\/p>\n\n\n\n<h2 class=\"wp-block-heading\">Wat betekent Accountable nu voor jou?<\/h2>\n\n\n\n<p><strong>Rust. Overzicht. Zekerheid.<\/strong> Ik weet waar ik sta, wat ik moet doen, en krijg hulp als ik ergens in vastloop. En eerlijk: het is het geld m\u00e9\u00e9r dan waard. Je krijgt niet alleen een slimme tool, maar ook een team en inzichten die \u00e9cht met je meedenken.<\/p>\n\n\n\n<p><em>Accountable houdt mij accountable.<\/em><\/p>\n\n\n\n<p><strong>Neem een kijkje op <a href=\"https:\/\/www.instagram.com\/contentbyshanti\/\">Shanti&#8217;s Instagram<\/a><\/strong><br><a href=\"https:\/\/www.accountable.eu\/nl-be\/blog\/ugc-creator-worden\/\"><strong>Lees meer over zelfstandig UGC-creator worden<\/strong><\/a><\/p>\n","protected":false},"excerpt":{"rendered":"<p>Shanti (26) sprong ruim een jaar geleden vol enthousiasme in het zelfstandige leven. Maar zoals bij velen, was het begin allesbehalve een Instagram-perfect plaatje. Boekhouding, btw-aangiftes, bonnetjes\u2026 het zorgde vooral voor stress. Tot ze Accountable ontdekte. Hey Shanti! Wat doe je precies als zelfstandige? Ik werk als content creator, social media manager \u00e9n coach. Een [&hellip;]<\/p>\n","protected":false},"author":24,"featured_media":0,"comment_status":"closed","ping_status":"closed","sticky":false,"template":"","format":"standard","meta":{"inline_featured_image":false,"footnotes":""},"categories":[322],"tags":[334,351],"class_list":["post-18879","post","type-post","status-publish","format-standard","hentry","category-humans-of-accountable-4","tag-accountable-2","tag-starten"],"acf":[],"yoast_head":"<!-- This site is optimized with the Yoast SEO plugin v27.4 - https:\/\/yoast.com\/product\/yoast-seo-wordpress\/ -->\n<title>Interview met Shanti Stynen: voltijds UGC en content creator - Accountable<\/title>\n<meta name=\"description\" content=\"Shanti is content creator en social media manager, maar vooral zelfstandige in hoofdberoep. Lees hier haar interview met Accountable.\" \/>\n<meta name=\"robots\" content=\"index, follow, max-snippet:-1, max-image-preview:large, max-video-preview:-1\" \/>\n<link rel=\"canonical\" href=\"https:\/\/www.accountable.eu\/nl-be\/blog\/interview-met-shanti-stynen\/\" \/>\n<meta property=\"og:locale\" content=\"nl_BE\" \/>\n<meta property=\"og:type\" content=\"article\" \/>\n<meta property=\"og:title\" content=\"Interview met Shanti Stynen: voltijds UGC en content creator - Accountable\" \/>\n<meta property=\"og:description\" content=\"Shanti is content creator en social media manager, maar vooral zelfstandige in hoofdberoep. Lees hier haar interview met Accountable.\" \/>\n<meta property=\"og:url\" content=\"https:\/\/www.accountable.eu\/nl-be\/blog\/interview-met-shanti-stynen\/\" \/>\n<meta property=\"og:site_name\" content=\"Accountable\" \/>\n<meta property=\"article:published_time\" content=\"2025-06-02T15:27:02+00:00\" \/>\n<meta property=\"article:modified_time\" content=\"2025-06-03T09:28:02+00:00\" \/>\n<meta name=\"author\" content=\"Valesca\" \/>\n<meta name=\"twitter:card\" content=\"summary_large_image\" \/>\n<meta name=\"twitter:label1\" content=\"Geschreven door\" \/>\n\t<meta name=\"twitter:data1\" content=\"Valesca\" \/>\n\t<meta name=\"twitter:label2\" content=\"Geschatte leestijd\" \/>\n\t<meta name=\"twitter:data2\" content=\"3 minuten\" \/>\n<script type=\"application\/ld+json\" class=\"yoast-schema-graph\">{\"@context\":\"https:\\\/\\\/schema.org\",\"@graph\":[{\"@type\":\"Article\",\"@id\":\"https:\\\/\\\/www.accountable.eu\\\/nl-be\\\/blog\\\/interview-met-shanti-stynen\\\/#article\",\"isPartOf\":{\"@id\":\"https:\\\/\\\/www.accountable.eu\\\/nl-be\\\/blog\\\/interview-met-shanti-stynen\\\/\"},\"author\":{\"name\":\"Valesca\",\"@id\":\"https:\\\/\\\/www.accountable.eu\\\/nl-be\\\/#\\\/schema\\\/person\\\/e9b420257ec5e7ac236d337e8c3aa7ad\"},\"headline\":\"Interview met Shanti Stynen: voltijds UGC en content creator\",\"datePublished\":\"2025-06-02T15:27:02+00:00\",\"dateModified\":\"2025-06-03T09:28:02+00:00\",\"mainEntityOfPage\":{\"@id\":\"https:\\\/\\\/www.accountable.eu\\\/nl-be\\\/blog\\\/interview-met-shanti-stynen\\\/\"},\"wordCount\":484,\"publisher\":{\"@id\":\"https:\\\/\\\/www.accountable.eu\\\/nl-be\\\/#organization\"},\"keywords\":[\"Accountable\",\"Zelfstandige worden\"],\"articleSection\":[\"Humans of Accountable\"],\"inLanguage\":\"nl-BE\"},{\"@type\":\"WebPage\",\"@id\":\"https:\\\/\\\/www.accountable.eu\\\/nl-be\\\/blog\\\/interview-met-shanti-stynen\\\/\",\"url\":\"https:\\\/\\\/www.accountable.eu\\\/nl-be\\\/blog\\\/interview-met-shanti-stynen\\\/\",\"name\":\"Interview met Shanti Stynen: voltijds UGC en content creator - Accountable\",\"isPartOf\":{\"@id\":\"https:\\\/\\\/www.accountable.eu\\\/nl-be\\\/#website\"},\"datePublished\":\"2025-06-02T15:27:02+00:00\",\"dateModified\":\"2025-06-03T09:28:02+00:00\",\"description\":\"Shanti is content creator en social media manager, maar vooral zelfstandige in hoofdberoep. Lees hier haar interview met Accountable.\",\"breadcrumb\":{\"@id\":\"https:\\\/\\\/www.accountable.eu\\\/nl-be\\\/blog\\\/interview-met-shanti-stynen\\\/#breadcrumb\"},\"inLanguage\":\"nl-BE\",\"potentialAction\":[{\"@type\":\"ReadAction\",\"target\":[\"https:\\\/\\\/www.accountable.eu\\\/nl-be\\\/blog\\\/interview-met-shanti-stynen\\\/\"]}]},{\"@type\":\"BreadcrumbList\",\"@id\":\"https:\\\/\\\/www.accountable.eu\\\/nl-be\\\/blog\\\/interview-met-shanti-stynen\\\/#breadcrumb\",\"itemListElement\":[{\"@type\":\"ListItem\",\"position\":1,\"name\":\"Home\",\"item\":\"https:\\\/\\\/www.accountable.eu\\\/nl-be\\\/\"},{\"@type\":\"ListItem\",\"position\":2,\"name\":\"Interview met Shanti Stynen: voltijds UGC en content creator\"}]},{\"@type\":\"WebSite\",\"@id\":\"https:\\\/\\\/www.accountable.eu\\\/nl-be\\\/#website\",\"url\":\"https:\\\/\\\/www.accountable.eu\\\/nl-be\\\/\",\"name\":\"Accountable\",\"description\":\"Your accountant and tax advisor on your smartphone\",\"publisher\":{\"@id\":\"https:\\\/\\\/www.accountable.eu\\\/nl-be\\\/#organization\"},\"potentialAction\":[{\"@type\":\"SearchAction\",\"target\":{\"@type\":\"EntryPoint\",\"urlTemplate\":\"https:\\\/\\\/www.accountable.eu\\\/nl-be\\\/?s={search_term_string}\"},\"query-input\":{\"@type\":\"PropertyValueSpecification\",\"valueRequired\":true,\"valueName\":\"search_term_string\"}}],\"inLanguage\":\"nl-BE\"},{\"@type\":\"Organization\",\"@id\":\"https:\\\/\\\/www.accountable.eu\\\/nl-be\\\/#organization\",\"name\":\"Accountable\",\"url\":\"https:\\\/\\\/www.accountable.eu\\\/nl-be\\\/\",\"logo\":{\"@type\":\"ImageObject\",\"inLanguage\":\"nl-BE\",\"@id\":\"https:\\\/\\\/www.accountable.eu\\\/nl-be\\\/#\\\/schema\\\/logo\\\/image\\\/\",\"url\":\"https:\\\/\\\/www.accountable.eu\\\/wp-content\\\/uploads\\\/2026\\\/04\\\/logo-512.png\",\"contentUrl\":\"https:\\\/\\\/www.accountable.eu\\\/wp-content\\\/uploads\\\/2026\\\/04\\\/logo-512.png\",\"width\":512,\"height\":512,\"caption\":\"Accountable\"},\"image\":{\"@id\":\"https:\\\/\\\/www.accountable.eu\\\/nl-be\\\/#\\\/schema\\\/logo\\\/image\\\/\"}},{\"@type\":\"Person\",\"@id\":\"https:\\\/\\\/www.accountable.eu\\\/nl-be\\\/#\\\/schema\\\/person\\\/e9b420257ec5e7ac236d337e8c3aa7ad\",\"name\":\"Valesca\",\"image\":{\"@type\":\"ImageObject\",\"inLanguage\":\"nl-BE\",\"@id\":\"https:\\\/\\\/secure.gravatar.com\\\/avatar\\\/842a00073a87c3c1af38f724115771bae6278a353edd8ee1e85161e791790047?s=96&d=mm&r=g\",\"url\":\"https:\\\/\\\/secure.gravatar.com\\\/avatar\\\/842a00073a87c3c1af38f724115771bae6278a353edd8ee1e85161e791790047?s=96&d=mm&r=g\",\"contentUrl\":\"https:\\\/\\\/secure.gravatar.com\\\/avatar\\\/842a00073a87c3c1af38f724115771bae6278a353edd8ee1e85161e791790047?s=96&d=mm&r=g\",\"caption\":\"Valesca\"}}]}<\/script>\n<!-- \/ Yoast SEO plugin. -->","yoast_head_json":{"title":"Interview met Shanti Stynen: voltijds UGC en content creator - Accountable","description":"Shanti is content creator en social media manager, maar vooral zelfstandige in hoofdberoep. Lees hier haar interview met Accountable.","robots":{"index":"index","follow":"follow","max-snippet":"max-snippet:-1","max-image-preview":"max-image-preview:large","max-video-preview":"max-video-preview:-1"},"canonical":"https:\/\/www.accountable.eu\/nl-be\/blog\/interview-met-shanti-stynen\/","og_locale":"nl_BE","og_type":"article","og_title":"Interview met Shanti Stynen: voltijds UGC en content creator - Accountable","og_description":"Shanti is content creator en social media manager, maar vooral zelfstandige in hoofdberoep. Lees hier haar interview met Accountable.","og_url":"https:\/\/www.accountable.eu\/nl-be\/blog\/interview-met-shanti-stynen\/","og_site_name":"Accountable","article_published_time":"2025-06-02T15:27:02+00:00","article_modified_time":"2025-06-03T09:28:02+00:00","author":"Valesca","twitter_card":"summary_large_image","twitter_misc":{"Geschreven door":"Valesca","Geschatte leestijd":"3 minuten"},"schema":{"@context":"https:\/\/schema.org","@graph":[{"@type":"Article","@id":"https:\/\/www.accountable.eu\/nl-be\/blog\/interview-met-shanti-stynen\/#article","isPartOf":{"@id":"https:\/\/www.accountable.eu\/nl-be\/blog\/interview-met-shanti-stynen\/"},"author":{"name":"Valesca","@id":"https:\/\/www.accountable.eu\/nl-be\/#\/schema\/person\/e9b420257ec5e7ac236d337e8c3aa7ad"},"headline":"Interview met Shanti Stynen: voltijds UGC en content creator","datePublished":"2025-06-02T15:27:02+00:00","dateModified":"2025-06-03T09:28:02+00:00","mainEntityOfPage":{"@id":"https:\/\/www.accountable.eu\/nl-be\/blog\/interview-met-shanti-stynen\/"},"wordCount":484,"publisher":{"@id":"https:\/\/www.accountable.eu\/nl-be\/#organization"},"keywords":["Accountable","Zelfstandige worden"],"articleSection":["Humans of Accountable"],"inLanguage":"nl-BE"},{"@type":"WebPage","@id":"https:\/\/www.accountable.eu\/nl-be\/blog\/interview-met-shanti-stynen\/","url":"https:\/\/www.accountable.eu\/nl-be\/blog\/interview-met-shanti-stynen\/","name":"Interview met Shanti Stynen: voltijds UGC en content creator - Accountable","isPartOf":{"@id":"https:\/\/www.accountable.eu\/nl-be\/#website"},"datePublished":"2025-06-02T15:27:02+00:00","dateModified":"2025-06-03T09:28:02+00:00","description":"Shanti is content creator en social media manager, maar vooral zelfstandige in hoofdberoep. Lees hier haar interview met Accountable.","breadcrumb":{"@id":"https:\/\/www.accountable.eu\/nl-be\/blog\/interview-met-shanti-stynen\/#breadcrumb"},"inLanguage":"nl-BE","potentialAction":[{"@type":"ReadAction","target":["https:\/\/www.accountable.eu\/nl-be\/blog\/interview-met-shanti-stynen\/"]}]},{"@type":"BreadcrumbList","@id":"https:\/\/www.accountable.eu\/nl-be\/blog\/interview-met-shanti-stynen\/#breadcrumb","itemListElement":[{"@type":"ListItem","position":1,"name":"Home","item":"https:\/\/www.accountable.eu\/nl-be\/"},{"@type":"ListItem","position":2,"name":"Interview met Shanti Stynen: voltijds UGC en content creator"}]},{"@type":"WebSite","@id":"https:\/\/www.accountable.eu\/nl-be\/#website","url":"https:\/\/www.accountable.eu\/nl-be\/","name":"Accountable","description":"Your accountant and tax advisor on your smartphone","publisher":{"@id":"https:\/\/www.accountable.eu\/nl-be\/#organization"},"potentialAction":[{"@type":"SearchAction","target":{"@type":"EntryPoint","urlTemplate":"https:\/\/www.accountable.eu\/nl-be\/?s={search_term_string}"},"query-input":{"@type":"PropertyValueSpecification","valueRequired":true,"valueName":"search_term_string"}}],"inLanguage":"nl-BE"},{"@type":"Organization","@id":"https:\/\/www.accountable.eu\/nl-be\/#organization","name":"Accountable","url":"https:\/\/www.accountable.eu\/nl-be\/","logo":{"@type":"ImageObject","inLanguage":"nl-BE","@id":"https:\/\/www.accountable.eu\/nl-be\/#\/schema\/logo\/image\/","url":"https:\/\/www.accountable.eu\/wp-content\/uploads\/2026\/04\/logo-512.png","contentUrl":"https:\/\/www.accountable.eu\/wp-content\/uploads\/2026\/04\/logo-512.png","width":512,"height":512,"caption":"Accountable"},"image":{"@id":"https:\/\/www.accountable.eu\/nl-be\/#\/schema\/logo\/image\/"}},{"@type":"Person","@id":"https:\/\/www.accountable.eu\/nl-be\/#\/schema\/person\/e9b420257ec5e7ac236d337e8c3aa7ad","name":"Valesca","image":{"@type":"ImageObject","inLanguage":"nl-BE","@id":"https:\/\/secure.gravatar.com\/avatar\/842a00073a87c3c1af38f724115771bae6278a353edd8ee1e85161e791790047?s=96&d=mm&r=g","url":"https:\/\/secure.gravatar.com\/avatar\/842a00073a87c3c1af38f724115771bae6278a353edd8ee1e85161e791790047?s=96&d=mm&r=g","contentUrl":"https:\/\/secure.gravatar.com\/avatar\/842a00073a87c3c1af38f724115771bae6278a353edd8ee1e85161e791790047?s=96&d=mm&r=g","caption":"Valesca"}}]}},"_links":{"self":[{"href":"https:\/\/www.accountable.eu\/nl-be\/wp-json\/wp\/v2\/posts\/18879","targetHints":{"allow":["GET"]}}],"collection":[{"href":"https:\/\/www.accountable.eu\/nl-be\/wp-json\/wp\/v2\/posts"}],"about":[{"href":"https:\/\/www.accountable.eu\/nl-be\/wp-json\/wp\/v2\/types\/post"}],"author":[{"embeddable":true,"href":"https:\/\/www.accountable.eu\/nl-be\/wp-json\/wp\/v2\/users\/24"}],"replies":[{"embeddable":true,"href":"https:\/\/www.accountable.eu\/nl-be\/wp-json\/wp\/v2\/comments?post=18879"}],"version-history":[{"count":0,"href":"https:\/\/www.accountable.eu\/nl-be\/wp-json\/wp\/v2\/posts\/18879\/revisions"}],"wp:attachment":[{"href":"https:\/\/www.accountable.eu\/nl-be\/wp-json\/wp\/v2\/media?parent=18879"}],"wp:term":[{"taxonomy":"category","embeddable":true,"href":"https:\/\/www.accountable.eu\/nl-be\/wp-json\/wp\/v2\/categories?post=18879"},{"taxonomy":"post_tag","embeddable":true,"href":"https:\/\/www.accountable.eu\/nl-be\/wp-json\/wp\/v2\/tags?post=18879"}],"curies":[{"name":"wp","href":"https:\/\/api.w.org\/{rel}","templated":true}]}}